{"id":17035,"date":"2016-07-07T07:31:32","date_gmt":"2016-07-07T10:31:32","guid":{"rendered":"http:\/\/www.isletasnoticias.com.ar\/?p=17035"},"modified":"2016-07-07T07:52:43","modified_gmt":"2016-07-07T10:52:43","slug":"ramirez-destacan-la-capacitacion-en-material-vial","status":"publish","type":"post","link":"https:\/\/informelitoral.com.ar\/ramirez-destacan-la-capacitacion-en-material-vial\/","title":{"rendered":"Ram\u00edrez: destacan las acciones de capacitaci\u00f3n en materia vial"},"content":{"rendered":"<p><strong>En esa ciudad del departamento Diamante comenz\u00f3 un curso de Educaci\u00f3n Vial con la participaci\u00f3n de unas 45 personas. La iniciativa es avalada por\u00a0la Universidad Aut\u00f3noma de Entre R\u00edos (UADER); Universidad Tecnol\u00f3gica Regional Santa Fe; Agencia Nacional de Seguridad Vial y el Grupo Asegurador La Segunda a trav\u00e9s de Cooperativa La Ganadera Gral. Ram\u00edrez Limitada.<a href=\"http:\/\/www.isletasnoticias.com.ar\/%77%70%2d%63%6f%6e%74%65%6e%74\/uploads\/2016\/07\/P1010801.jpg\"><img loading=\"lazy\" decoding=\"async\" class=\"aligncenter wp-image-17036 size-large\" src=\"http:\/\/www.isletasnoticias.com.ar\/%77%70%2d%63%6f%6e%74%65%6e%74\/uploads\/2016\/07\/P1010801-1024x768.jpg\" alt=\"P1010801\" width=\"600\" height=\"450\" srcset=\"https:\/\/informelitoral.com.ar\/%77%70%2d%63%6f%6e%74%65%6e%74\/uploads\/2016\/07\/P1010801-1024x768.jpg 1024w, https:\/\/informelitoral.com.ar\/%77%70%2d%63%6f%6e%74%65%6e%74\/uploads\/2016\/07\/P1010801-300x225.jpg 300w, https:\/\/informelitoral.com.ar\/%77%70%2d%63%6f%6e%74%65%6e%74\/uploads\/2016\/07\/P1010801-768x576.jpg 768w\" sizes=\"auto, (max-width: 600px) 100vw, 600px\" \/><\/a><\/strong><\/p>\n<p>Con la inscripci\u00f3n de 45 personas, entre ellas personal del \u00c1rea de Transito de las municipalidades de Crespo, Aranguren y de la ciudad anfitriona, se di\u00f3 inicio al curso de Educaci\u00f3n Vial.<\/p>\n<p>El secretario de Gobierno de Ram\u00edrez, <strong>Dr. Pablo Omarini<\/strong>\u00a0resalt\u00f3 los motivos de la capacitaci\u00f3n y los anhelos futuros. En tanto, la <strong>Prof. Estela Gross<\/strong>, decana de la Facultad de Ciencias de la Salud de la Universidad Aut\u00f3noma de Entre R\u00edos (UADER), que cuenta con nueve carreras aprobadas, se\u00f1alo la importancia del trabajo en la promoci\u00f3n de la educaci\u00f3n vial, cuidado de la salud, evitar accidentes, el trabajo con un equipo multidisciplinario, los aspectos psicol\u00f3gicos sumado a un equipo de salud para el traslado de las personas afectadas a los centros de atenci\u00f3n. Es el primer proyecto de este tipo conocido, recalcando la colaboraci\u00f3n de La Segunda a trav\u00e9s de la Agencia de Cooperativa La Ganadera Gral. Ram\u00edrez Limitada.<\/p>\n<p>En nombre de la Agencia La Segunda, <strong>Gonzalo Drasdov<\/strong> indic\u00f3 la importancia del trabajo conjunto de empresas privadas con el Estado en una problem\u00e1tica que es com\u00fan a todos los habitantes como lo es el tr\u00e1nsito. \u00abEsta acci\u00f3n se halla muy relacionada a la filosof\u00eda cooperativa y sus principios a trav\u00e9s de la ayuda mutua se\u00f1alada anteriormente, la educaci\u00f3n como principio cooperativo sumado con la coincidencia de las cooperativas con los intereses generales de la comunidad\u00bb, se\u00f1al\u00f3.<\/p>\n<p>El curso tendr\u00eda 10 jornadas y cuenta entre sus objetivos generales aportar a la construcci\u00f3n de un perfil de inspectores de tr\u00e1nsito; proveer herramientas y elementos necesarios para la tarea de inspectores y otros actores involucrados; promover la concientizaci\u00f3n de los participantes acerca de la problem\u00e1tica vial y aportar a la profesionalizaci\u00f3n de los agentes de tr\u00e1nsito.<\/p>\n<p>El secretario de Gobierno municipal agreg\u00f3 que el curso comprende tres ejes: \u00abEducaci\u00f3n, Infraestructura y Control, y que para su desarrollo se han trazado v\u00ednculos con instituciones, asociaciones o empresas del sector p\u00fablico o privado como la Universidad Aut\u00f3noma de Entre R\u00edos (UADER), Universidad Tecnol\u00f3gica Regional Santa Fe, Agencia Nacional de Seguridad Vial, Grupo Asegurador La Segunda a trav\u00e9s de Cooperativa La Ganadera Gral. Ram\u00edrez Limitada, quien es socio fundamental en este desarrollo\u201d.<\/p>\n","protected":false},"excerpt":{"rendered":"<p>En esa ciudad del departamento Diamante comenz&oacute; un curso de Educaci&oacute;n Vial con la participaci&oacute;n de unas 45 personas. La iniciativa es avalada por&nbsp;la Universidad Aut&oacute;noma de Entre R&iacute;os (UADER); Universidad Tecnol&oacute;gica Regional Santa Fe; Agencia Nacional de Seguridad Vial y el Grupo Asegurador La Segunda a trav&eacute;s de Cooperativa La Ganadera Gral. Ram&iacute;rez Limitada. [&hellip;]<\/p>\n","protected":false},"author":2,"featured_media":0,"comment_status":"open","ping_status":"open","sticky":false,"template":"","format":"standard","meta":{"fifu_image_url":"","fifu_image_alt":"","footnotes":""},"categories":[5],"tags":[],"class_list":{"0":"post-17035","1":"post","2":"type-post","3":"status-publish","4":"format-standard","6":"category-zonales"},"yoast_head":"<title>Ram\u00edrez: destacan las acciones de capacitaci\u00f3n en materia vial - Informe Litoral<\/title>\n<meta name=\"robots\" content=\"index, follow, max-snippet:-1, max-image-preview:large, max-video-preview:-1\" \/>\n<link rel=\"canonical\" href=\"https:\/\/informelitoral.com.ar\/ramirez-destacan-la-capacitacion-en-material-vial\/\" \/>\n<meta property=\"og:locale\" content=\"es_ES\" \/>\n<meta property=\"og:type\" content=\"article\" \/>\n<meta property=\"og:title\" content=\"Ram\u00edrez: destacan las acciones de capacitaci\u00f3n en materia vial - Informe Litoral\" \/>\n<meta property=\"og:description\" content=\"En esa ciudad del departamento Diamante comenz&oacute; un curso de Educaci&oacute;n Vial con la participaci&oacute;n de unas 45 personas. La iniciativa es avalada por&nbsp;la Universidad Aut&oacute;noma de Entre R&iacute;os (UADER); Universidad Tecnol&oacute;gica Regional Santa Fe; Agencia Nacional de Seguridad Vial y el Grupo Asegurador La Segunda a trav&eacute;s de Cooperativa La Ganadera Gral. Ram&iacute;rez Limitada. [&hellip;]\" \/>\n<meta property=\"og:url\" content=\"https:\/\/informelitoral.com.ar\/ramirez-destacan-la-capacitacion-en-material-vial\/\" \/>\n<meta property=\"og:site_name\" content=\"Informe Litoral\" \/>\n<meta property=\"article:publisher\" content=\"https:\/\/www.facebook.com\/informelitoral\/\" \/>\n<meta property=\"article:published_time\" content=\"2016-07-07T10:31:32+00:00\" \/>\n<meta property=\"article:modified_time\" content=\"2016-07-07T10:52:43+00:00\" \/>\n<meta property=\"og:image\" content=\"https:\/\/informelitoral.com.ar\/%77%70%2d%63%6f%6e%74%65%6e%74\/uploads\/2016\/07\/P1010801.jpg\" \/>\n\t<meta property=\"og:image:width\" content=\"4320\" \/>\n\t<meta property=\"og:image:height\" content=\"3240\" \/>\n\t<meta property=\"og:image:type\" content=\"image\/jpeg\" \/>\n<meta name=\"author\" content=\"Gonzalo Schmidt\" \/>\n<meta name=\"twitter:card\" content=\"summary_large_image\" \/>\n<meta name=\"twitter:creator\" content=\"@InformeLitoral\" \/>\n<meta name=\"twitter:site\" content=\"@InformeLitoral\" \/>\n<meta name=\"twitter:label1\" content=\"Escrito por\" \/>\n\t<meta name=\"twitter:data1\" content=\"Gonzalo Schmidt\" \/>\n\t<meta name=\"twitter:label2\" content=\"Tiempo de lectura\" \/>\n\t<meta name=\"twitter:data2\" content=\"2 minutos\" \/>\n<script type=\"application\/ld+json\" class=\"yoast-schema-graph\">{\"@context\":\"https:\\\/\\\/schema.org\",\"@graph\":[{\"@type\":\"Article\",\"@id\":\"https:\\\/\\\/informelitoral.com.ar\\\/ramirez-destacan-la-capacitacion-en-material-vial\\\/#article\",\"isPartOf\":{\"@id\":\"https:\\\/\\\/informelitoral.com.ar\\\/ramirez-destacan-la-capacitacion-en-material-vial\\\/\"},\"author\":{\"name\":\"Gonzalo Schmidt\",\"@id\":\"https:\\\/\\\/informelitoral.com.ar\\\/#\\\/schema\\\/person\\\/b9d00407c836482871ef1d57bf8e3180\"},\"headline\":\"Ram\u00edrez: destacan las acciones de capacitaci\u00f3n en materia vial\",\"datePublished\":\"2016-07-07T10:31:32+00:00\",\"dateModified\":\"2016-07-07T10:52:43+00:00\",\"mainEntityOfPage\":{\"@id\":\"https:\\\/\\\/informelitoral.com.ar\\\/ramirez-destacan-la-capacitacion-en-material-vial\\\/\"},\"wordCount\":467,\"commentCount\":0,\"publisher\":{\"@id\":\"https:\\\/\\\/informelitoral.com.ar\\\/#organization\"},\"image\":{\"@id\":\"https:\\\/\\\/informelitoral.com.ar\\\/ramirez-destacan-la-capacitacion-en-material-vial\\\/#primaryimage\"},\"thumbnailUrl\":\"http:\\\/\\\/www.isletasnoticias.com.ar\\\/%77%70%2d%63%6f%6e%74%65%6e%74\\\/uploads\\\/2016\\\/07\\\/P1010801-1024x768.jpg\",\"articleSection\":[\"Departamento Diamante\"],\"inLanguage\":\"es\",\"potentialAction\":[{\"@type\":\"CommentAction\",\"name\":\"Comment\",\"target\":[\"https:\\\/\\\/informelitoral.com.ar\\\/ramirez-destacan-la-capacitacion-en-material-vial\\\/#respond\"]}]},{\"@type\":\"WebPage\",\"@id\":\"https:\\\/\\\/informelitoral.com.ar\\\/ramirez-destacan-la-capacitacion-en-material-vial\\\/\",\"url\":\"https:\\\/\\\/informelitoral.com.ar\\\/ramirez-destacan-la-capacitacion-en-material-vial\\\/\",\"name\":\"Ram\u00edrez: destacan las acciones de capacitaci\u00f3n en materia vial - Informe Litoral\",\"isPartOf\":{\"@id\":\"https:\\\/\\\/informelitoral.com.ar\\\/#website\"},\"primaryImageOfPage\":{\"@id\":\"https:\\\/\\\/informelitoral.com.ar\\\/ramirez-destacan-la-capacitacion-en-material-vial\\\/#primaryimage\"},\"image\":{\"@id\":\"https:\\\/\\\/informelitoral.com.ar\\\/ramirez-destacan-la-capacitacion-en-material-vial\\\/#primaryimage\"},\"thumbnailUrl\":\"http:\\\/\\\/www.isletasnoticias.com.ar\\\/%77%70%2d%63%6f%6e%74%65%6e%74\\\/uploads\\\/2016\\\/07\\\/P1010801-1024x768.jpg\",\"datePublished\":\"2016-07-07T10:31:32+00:00\",\"dateModified\":\"2016-07-07T10:52:43+00:00\",\"breadcrumb\":{\"@id\":\"https:\\\/\\\/informelitoral.com.ar\\\/ramirez-destacan-la-capacitacion-en-material-vial\\\/#breadcrumb\"},\"inLanguage\":\"es\",\"potentialAction\":[{\"@type\":\"ReadAction\",\"target\":[\"https:\\\/\\\/informelitoral.com.ar\\\/ramirez-destacan-la-capacitacion-en-material-vial\\\/\"]}]},{\"@type\":\"ImageObject\",\"inLanguage\":\"es\",\"@id\":\"https:\\\/\\\/informelitoral.com.ar\\\/ramirez-destacan-la-capacitacion-en-material-vial\\\/#primaryimage\",\"url\":\"http:\\\/\\\/www.isletasnoticias.com.ar\\\/%77%70%2d%63%6f%6e%74%65%6e%74\\\/uploads\\\/2016\\\/07\\\/P1010801-1024x768.jpg\",\"contentUrl\":\"http:\\\/\\\/www.isletasnoticias.com.ar\\\/%77%70%2d%63%6f%6e%74%65%6e%74\\\/uploads\\\/2016\\\/07\\\/P1010801-1024x768.jpg\"},{\"@type\":\"BreadcrumbList\",\"@id\":\"https:\\\/\\\/informelitoral.com.ar\\\/ramirez-destacan-la-capacitacion-en-material-vial\\\/#breadcrumb\",\"itemListElement\":[{\"@type\":\"ListItem\",\"position\":1,\"name\":\"Portada\",\"item\":\"https:\\\/\\\/informelitoral.com.ar\\\/\"},{\"@type\":\"ListItem\",\"position\":2,\"name\":\"Ram\u00edrez: destacan las acciones de capacitaci\u00f3n en materia vial\"}]},{\"@type\":\"WebSite\",\"@id\":\"https:\\\/\\\/informelitoral.com.ar\\\/#website\",\"url\":\"https:\\\/\\\/informelitoral.com.ar\\\/\",\"name\":\"Informe Litoral\",\"description\":\"&quot;Nos informamos&quot; \",\"publisher\":{\"@id\":\"https:\\\/\\\/informelitoral.com.ar\\\/#organization\"},\"potentialAction\":[{\"@type\":\"SearchAction\",\"target\":{\"@type\":\"EntryPoint\",\"urlTemplate\":\"https:\\\/\\\/informelitoral.com.ar\\\/?s={search_term_string}\"},\"query-input\":{\"@type\":\"PropertyValueSpecification\",\"valueRequired\":true,\"valueName\":\"search_term_string\"}}],\"inLanguage\":\"es\"},{\"@type\":\"Organization\",\"@id\":\"https:\\\/\\\/informelitoral.com.ar\\\/#organization\",\"name\":\"Informe Litoral\",\"url\":\"https:\\\/\\\/informelitoral.com.ar\\\/\",\"logo\":{\"@type\":\"ImageObject\",\"inLanguage\":\"es\",\"@id\":\"https:\\\/\\\/informelitoral.com.ar\\\/#\\\/schema\\\/logo\\\/image\\\/\",\"url\":\"https:\\\/\\\/informelitoral.com.ar\\\/%77%70%2d%63%6f%6e%74%65%6e%74\\\/uploads\\\/2021\\\/01\\\/circulo.png\",\"contentUrl\":\"https:\\\/\\\/informelitoral.com.ar\\\/%77%70%2d%63%6f%6e%74%65%6e%74\\\/uploads\\\/2021\\\/01\\\/circulo.png\",\"width\":723,\"height\":731,\"caption\":\"Informe Litoral\"},\"image\":{\"@id\":\"https:\\\/\\\/informelitoral.com.ar\\\/#\\\/schema\\\/logo\\\/image\\\/\"},\"sameAs\":[\"https:\\\/\\\/www.facebook.com\\\/informelitoral\\\/\",\"https:\\\/\\\/x.com\\\/InformeLitoral\",\"https:\\\/\\\/www.instagram.com\\\/informelitoral\\\/\",\"https:\\\/\\\/www.youtube.com\\\/channel\\\/UCua4Qvz8Icb6MYqhoq9xLXw\"]},{\"@type\":\"Person\",\"@id\":\"https:\\\/\\\/informelitoral.com.ar\\\/#\\\/schema\\\/person\\\/b9d00407c836482871ef1d57bf8e3180\",\"name\":\"Gonzalo Schmidt\",\"image\":{\"@type\":\"ImageObject\",\"inLanguage\":\"es\",\"@id\":\"https:\\\/\\\/secure.gravatar.com\\\/avatar\\\/31a1a7b66ff2de83bd0e9fd79d026630d2d99e55e8bfe501287647b4fd9743de?s=96&d=mm&r=g\",\"url\":\"https:\\\/\\\/secure.gravatar.com\\\/avatar\\\/31a1a7b66ff2de83bd0e9fd79d026630d2d99e55e8bfe501287647b4fd9743de?s=96&d=mm&r=g\",\"contentUrl\":\"https:\\\/\\\/secure.gravatar.com\\\/avatar\\\/31a1a7b66ff2de83bd0e9fd79d026630d2d99e55e8bfe501287647b4fd9743de?s=96&d=mm&r=g\",\"caption\":\"Gonzalo Schmidt\"},\"description\":\"Sitio web de noticias de la provincia de Entre R\u00edos, Argentina. Informaci\u00f3n y entretenimiento. Informe Litoral, nos informamos.\",\"sameAs\":[\"http:\\\/\\\/www.isletasnoticias.com.ar\"],\"url\":\"https:\\\/\\\/informelitoral.com.ar\\\/author\\\/gonzalo\\\/\"}]}<\/script>","yoast_head_json":{"title":"Ram\u00edrez: destacan las acciones de capacitaci\u00f3n en materia vial - Informe Litoral","robots":{"index":"index","follow":"follow","max-snippet":"max-snippet:-1","max-image-preview":"max-image-preview:large","max-video-preview":"max-video-preview:-1"},"canonical":"https:\/\/informelitoral.com.ar\/ramirez-destacan-la-capacitacion-en-material-vial\/","og_locale":"es_ES","og_type":"article","og_title":"Ram\u00edrez: destacan las acciones de capacitaci\u00f3n en materia vial - Informe Litoral","og_description":"En esa ciudad del departamento Diamante comenz&oacute; un curso de Educaci&oacute;n Vial con la participaci&oacute;n de unas 45 personas. La iniciativa es avalada por&nbsp;la Universidad Aut&oacute;noma de Entre R&iacute;os (UADER); Universidad Tecnol&oacute;gica Regional Santa Fe; Agencia Nacional de Seguridad Vial y el Grupo Asegurador La Segunda a trav&eacute;s de Cooperativa La Ganadera Gral. Ram&iacute;rez Limitada. [&hellip;]","og_url":"https:\/\/informelitoral.com.ar\/ramirez-destacan-la-capacitacion-en-material-vial\/","og_site_name":"Informe Litoral","article_publisher":"https:\/\/www.facebook.com\/informelitoral\/","article_published_time":"2016-07-07T10:31:32+00:00","article_modified_time":"2016-07-07T10:52:43+00:00","og_image":[{"width":4320,"height":3240,"url":"https:\/\/informelitoral.com.ar\/%77%70%2d%63%6f%6e%74%65%6e%74\/uploads\/2016\/07\/P1010801.jpg","type":"image\/jpeg"}],"author":"Gonzalo Schmidt","twitter_card":"summary_large_image","twitter_creator":"@InformeLitoral","twitter_site":"@InformeLitoral","twitter_misc":{"Escrito por":"Gonzalo Schmidt","Tiempo de lectura":"2 minutos"},"schema":{"@context":"https:\/\/schema.org","@graph":[{"@type":"Article","@id":"https:\/\/informelitoral.com.ar\/ramirez-destacan-la-capacitacion-en-material-vial\/#article","isPartOf":{"@id":"https:\/\/informelitoral.com.ar\/ramirez-destacan-la-capacitacion-en-material-vial\/"},"author":{"name":"Gonzalo Schmidt","@id":"https:\/\/informelitoral.com.ar\/#\/schema\/person\/b9d00407c836482871ef1d57bf8e3180"},"headline":"Ram\u00edrez: destacan las acciones de capacitaci\u00f3n en materia vial","datePublished":"2016-07-07T10:31:32+00:00","dateModified":"2016-07-07T10:52:43+00:00","mainEntityOfPage":{"@id":"https:\/\/informelitoral.com.ar\/ramirez-destacan-la-capacitacion-en-material-vial\/"},"wordCount":467,"commentCount":0,"publisher":{"@id":"https:\/\/informelitoral.com.ar\/#organization"},"image":{"@id":"https:\/\/informelitoral.com.ar\/ramirez-destacan-la-capacitacion-en-material-vial\/#primaryimage"},"thumbnailUrl":"http:\/\/www.isletasnoticias.com.ar\/%77%70%2d%63%6f%6e%74%65%6e%74\/uploads\/2016\/07\/P1010801-1024x768.jpg","articleSection":["Departamento Diamante"],"inLanguage":"es","potentialAction":[{"@type":"CommentAction","name":"Comment","target":["https:\/\/informelitoral.com.ar\/ramirez-destacan-la-capacitacion-en-material-vial\/#respond"]}]},{"@type":"WebPage","@id":"https:\/\/informelitoral.com.ar\/ramirez-destacan-la-capacitacion-en-material-vial\/","url":"https:\/\/informelitoral.com.ar\/ramirez-destacan-la-capacitacion-en-material-vial\/","name":"Ram\u00edrez: destacan las acciones de capacitaci\u00f3n en materia vial - Informe Litoral","isPartOf":{"@id":"https:\/\/informelitoral.com.ar\/#website"},"primaryImageOfPage":{"@id":"https:\/\/informelitoral.com.ar\/ramirez-destacan-la-capacitacion-en-material-vial\/#primaryimage"},"image":{"@id":"https:\/\/informelitoral.com.ar\/ramirez-destacan-la-capacitacion-en-material-vial\/#primaryimage"},"thumbnailUrl":"http:\/\/www.isletasnoticias.com.ar\/%77%70%2d%63%6f%6e%74%65%6e%74\/uploads\/2016\/07\/P1010801-1024x768.jpg","datePublished":"2016-07-07T10:31:32+00:00","dateModified":"2016-07-07T10:52:43+00:00","breadcrumb":{"@id":"https:\/\/informelitoral.com.ar\/ramirez-destacan-la-capacitacion-en-material-vial\/#breadcrumb"},"inLanguage":"es","potentialAction":[{"@type":"ReadAction","target":["https:\/\/informelitoral.com.ar\/ramirez-destacan-la-capacitacion-en-material-vial\/"]}]},{"@type":"ImageObject","inLanguage":"es","@id":"https:\/\/informelitoral.com.ar\/ramirez-destacan-la-capacitacion-en-material-vial\/#primaryimage","url":"http:\/\/www.isletasnoticias.com.ar\/%77%70%2d%63%6f%6e%74%65%6e%74\/uploads\/2016\/07\/P1010801-1024x768.jpg","contentUrl":"http:\/\/www.isletasnoticias.com.ar\/%77%70%2d%63%6f%6e%74%65%6e%74\/uploads\/2016\/07\/P1010801-1024x768.jpg"},{"@type":"BreadcrumbList","@id":"https:\/\/informelitoral.com.ar\/ramirez-destacan-la-capacitacion-en-material-vial\/#breadcrumb","itemListElement":[{"@type":"ListItem","position":1,"name":"Portada","item":"https:\/\/informelitoral.com.ar\/"},{"@type":"ListItem","position":2,"name":"Ram\u00edrez: destacan las acciones de capacitaci\u00f3n en materia vial"}]},{"@type":"WebSite","@id":"https:\/\/informelitoral.com.ar\/#website","url":"https:\/\/informelitoral.com.ar\/","name":"Informe Litoral","description":"&quot;Nos informamos&quot; ","publisher":{"@id":"https:\/\/informelitoral.com.ar\/#organization"},"potentialAction":[{"@type":"SearchAction","target":{"@type":"EntryPoint","urlTemplate":"https:\/\/informelitoral.com.ar\/?s={search_term_string}"},"query-input":{"@type":"PropertyValueSpecification","valueRequired":true,"valueName":"search_term_string"}}],"inLanguage":"es"},{"@type":"Organization","@id":"https:\/\/informelitoral.com.ar\/#organization","name":"Informe Litoral","url":"https:\/\/informelitoral.com.ar\/","logo":{"@type":"ImageObject","inLanguage":"es","@id":"https:\/\/informelitoral.com.ar\/#\/schema\/logo\/image\/","url":"https:\/\/informelitoral.com.ar\/%77%70%2d%63%6f%6e%74%65%6e%74\/uploads\/2021\/01\/circulo.png","contentUrl":"https:\/\/informelitoral.com.ar\/%77%70%2d%63%6f%6e%74%65%6e%74\/uploads\/2021\/01\/circulo.png","width":723,"height":731,"caption":"Informe Litoral"},"image":{"@id":"https:\/\/informelitoral.com.ar\/#\/schema\/logo\/image\/"},"sameAs":["https:\/\/www.facebook.com\/informelitoral\/","https:\/\/x.com\/InformeLitoral","https:\/\/www.instagram.com\/informelitoral\/","https:\/\/www.youtube.com\/channel\/UCua4Qvz8Icb6MYqhoq9xLXw"]},{"@type":"Person","@id":"https:\/\/informelitoral.com.ar\/#\/schema\/person\/b9d00407c836482871ef1d57bf8e3180","name":"Gonzalo Schmidt","image":{"@type":"ImageObject","inLanguage":"es","@id":"https:\/\/secure.gravatar.com\/avatar\/31a1a7b66ff2de83bd0e9fd79d026630d2d99e55e8bfe501287647b4fd9743de?s=96&d=mm&r=g","url":"https:\/\/secure.gravatar.com\/avatar\/31a1a7b66ff2de83bd0e9fd79d026630d2d99e55e8bfe501287647b4fd9743de?s=96&d=mm&r=g","contentUrl":"https:\/\/secure.gravatar.com\/avatar\/31a1a7b66ff2de83bd0e9fd79d026630d2d99e55e8bfe501287647b4fd9743de?s=96&d=mm&r=g","caption":"Gonzalo Schmidt"},"description":"Sitio web de noticias de la provincia de Entre R\u00edos, Argentina. Informaci\u00f3n y entretenimiento. Informe Litoral, nos informamos.","sameAs":["http:\/\/www.isletasnoticias.com.ar"],"url":"https:\/\/informelitoral.com.ar\/author\/gonzalo\/"}]}},"_links":{"self":[{"href":"https:\/\/informelitoral.com.ar\/%77%70%2d%6a%73%6f%6e\/wp\/v2\/posts\/17035","targetHints":{"allow":["GET"]}}],"collection":[{"href":"https:\/\/informelitoral.com.ar\/%77%70%2d%6a%73%6f%6e\/wp\/v2\/posts"}],"about":[{"href":"https:\/\/informelitoral.com.ar\/%77%70%2d%6a%73%6f%6e\/wp\/v2\/types\/post"}],"author":[{"embeddable":true,"href":"https:\/\/informelitoral.com.ar\/%77%70%2d%6a%73%6f%6e\/wp\/v2\/users\/2"}],"replies":[{"embeddable":true,"href":"https:\/\/informelitoral.com.ar\/%77%70%2d%6a%73%6f%6e\/wp\/v2\/comments?post=17035"}],"version-history":[{"count":0,"href":"https:\/\/informelitoral.com.ar\/%77%70%2d%6a%73%6f%6e\/wp\/v2\/posts\/17035\/revisions"}],"wp:attachment":[{"href":"https:\/\/informelitoral.com.ar\/%77%70%2d%6a%73%6f%6e\/wp\/v2\/media?parent=17035"}],"wp:term":[{"taxonomy":"category","embeddable":true,"href":"https:\/\/informelitoral.com.ar\/%77%70%2d%6a%73%6f%6e\/wp\/v2\/categories?post=17035"},{"taxonomy":"post_tag","embeddable":true,"href":"https:\/\/informelitoral.com.ar\/%77%70%2d%6a%73%6f%6e\/wp\/v2\/tags?post=17035"}],"curies":[{"name":"wp","href":"https:\/\/api.w.org\/{rel}","templated":true}]}}