{"id":17032,"date":"2016-07-07T06:55:38","date_gmt":"2016-07-07T09:55:38","guid":{"rendered":"http:\/\/www.isletasnoticias.com.ar\/?p=17032"},"modified":"2016-07-07T06:55:38","modified_gmt":"2016-07-07T09:55:38","slug":"el-consumo-de-carne-vacuna-esta-en-su-nivel-mas-bajo-en-cinco-anos","status":"publish","type":"post","link":"https:\/\/informelitoral.com.ar\/el-consumo-de-carne-vacuna-esta-en-su-nivel-mas-bajo-en-cinco-anos\/","title":{"rendered":"El consumo de carne vacuna est\u00e1 en su nivel m\u00e1s bajo en cinco a\u00f1os"},"content":{"rendered":"<p><strong>Durante el primer semestre, el consumo de carne vacuna por habitante cay\u00f3 un 7,7% interanual a 55,3 kilogramos\/a\u00f1o promedio. Adem\u00e1s, la producci\u00f3n de carne bovina retrocedi\u00f3 un 11,3% interanual en junio.<a href=\"http:\/\/www.isletasnoticias.com.ar\/%77%70%2d%63%6f%6e%74%65%6e%74\/uploads\/2016\/07\/569f9e49f1468_1420__thumb.jpg\"><img loading=\"lazy\" decoding=\"async\" class=\"aligncenter wp-image-17033 size-full\" src=\"http:\/\/www.isletasnoticias.com.ar\/%77%70%2d%63%6f%6e%74%65%6e%74\/uploads\/2016\/07\/569f9e49f1468_1420__thumb.jpg\" alt=\"569f9e49f1468_1420_!_thumb\" width=\"800\" height=\"467\" srcset=\"https:\/\/informelitoral.com.ar\/%77%70%2d%63%6f%6e%74%65%6e%74\/uploads\/2016\/07\/569f9e49f1468_1420__thumb.jpg 800w, https:\/\/informelitoral.com.ar\/%77%70%2d%63%6f%6e%74%65%6e%74\/uploads\/2016\/07\/569f9e49f1468_1420__thumb-300x175.jpg 300w, https:\/\/informelitoral.com.ar\/%77%70%2d%63%6f%6e%74%65%6e%74\/uploads\/2016\/07\/569f9e49f1468_1420__thumb-768x448.jpg 768w\" sizes=\"auto, (max-width: 800px) 100vw, 800px\" \/><\/a><\/strong><\/p>\n<p>Durante el primer semestre, el consumo de carne vacuna por habitante cay\u00f3 un 7,7% interanual a 55,3 kilogramos\/a\u00f1o promedio, lo que representa el menor nivel en los \u00faltimos cinco a\u00f1os para ese per\u00edodo, de acuerdo a un informe de la C\u00e1mara de la Industria y Comercio de Carnes y Derivados de la Rep\u00fablica Argentina (CICCRA).<\/p>\n<p>En tanto, el promedio m\u00f3vil de los \u00faltimos doce meses, marc\u00f3 en junio de 2016 un nivel de 57,4 kg\/hab\/a\u00f1o, verificando una ca\u00edda de 3,6% interanual, report\u00f3 CICCRA.<\/p>\n<p>Adem\u00e1s, la producci\u00f3n de carne bovina retrocedi\u00f3 un 11,3% interanual en junio, a cerca de 214.000 toneladas, por una reducci\u00f3n en la cantidad de hembras faenadas, indicaron desde c\u00e1mara sectorial. En el sexto mes del a\u00f1o se faenaron cerca de 950.000 animales.<\/p>\n<p>\u00abEl principal factor explicativo del bajo nivel de faena (y de producci\u00f3n) est\u00e1 dado por el proceso de retenci\u00f3n de vientres (hembras) que ya lleva m\u00e1s de un a\u00f1o\u00bb, se\u00f1al\u00f3 CICCRA. La tasa de hembras faenadas sobre el total de animales sacrificados fue de un 41,7 por ciento en junio.<\/p>\n<p>Las hembras son la variable de ajuste que sostiene o incrementa el rodeo, por lo que su tasa de faena es vital para la conservaci\u00f3n de los rodeos y es vigilada de cerca por el sector c\u00e1rnico. Los productores consideran necesaria una tasa m\u00e1xima del 43 por ciento para sostener el nivel de existencias.<\/p>\n<p>Por \u00faltimo, CICCRA resalt\u00f3 que la suba del precio de la hacienda en pie (5,8% mensual) fue acompa\u00f1ada desde atr\u00e1s por el precio promedio de la carne vacuna en el mostrador, que aument\u00f3 2,5% mensual (para ubicarse en $ 111,3 por kilogramo).<\/p>\n<p>En tanto, con relaci\u00f3n a junio de 2015 el valor de la hacienda en pie se ajust\u00f3 55,4% y el de la carne en el mostrador hizo lo propio en 51,8%. Y si se toma el primer semestre del a\u00f1o y se contrasta con igual lapso del a\u00f1o anterior, surge que el valor de la hacienda en pie subi\u00f3 49,7% y el de la carne en el mostrador 47,5%, concluy\u00f3 el informe.<\/p>\n","protected":false},"excerpt":{"rendered":"<p>Durante el primer semestre, el consumo de carne vacuna por habitante cay&oacute; un 7,7% interanual a 55,3 kilogramos\/a&ntilde;o promedio. Adem&aacute;s, la producci&oacute;n de carne bovina retrocedi&oacute; un 11,3% interanual en junio. Durante el primer semestre, el consumo de carne vacuna por habitante cay&oacute; un 7,7% interanual a 55,3 kilogramos\/a&ntilde;o promedio, lo que representa el menor [&hellip;]<\/p>\n","protected":false},"author":2,"featured_media":0,"comment_status":"open","ping_status":"open","sticky":false,"template":"","format":"standard","meta":{"fifu_image_url":"","fifu_image_alt":"","footnotes":""},"categories":[7],"tags":[],"class_list":{"0":"post-17032","1":"post","2":"type-post","3":"status-publish","4":"format-standard","6":"category-nacionales"},"yoast_head":"<title>El consumo de carne vacuna est\u00e1 en su nivel m\u00e1s bajo en cinco a\u00f1os - Informe Litoral<\/title>\n<meta name=\"robots\" content=\"index, follow, max-snippet:-1, max-image-preview:large, max-video-preview:-1\" \/>\n<link rel=\"canonical\" href=\"https:\/\/informelitoral.com.ar\/el-consumo-de-carne-vacuna-esta-en-su-nivel-mas-bajo-en-cinco-anos\/\" \/>\n<meta property=\"og:locale\" content=\"es_ES\" \/>\n<meta property=\"og:type\" content=\"article\" \/>\n<meta property=\"og:title\" content=\"El consumo de carne vacuna est\u00e1 en su nivel m\u00e1s bajo en cinco a\u00f1os - Informe Litoral\" \/>\n<meta property=\"og:description\" content=\"Durante el primer semestre, el consumo de carne vacuna por habitante cay&oacute; un 7,7% interanual a 55,3 kilogramos\/a&ntilde;o promedio. Adem&aacute;s, la producci&oacute;n de carne bovina retrocedi&oacute; un 11,3% interanual en junio. Durante el primer semestre, el consumo de carne vacuna por habitante cay&oacute; un 7,7% interanual a 55,3 kilogramos\/a&ntilde;o promedio, lo que representa el menor [&hellip;]\" \/>\n<meta property=\"og:url\" content=\"https:\/\/informelitoral.com.ar\/el-consumo-de-carne-vacuna-esta-en-su-nivel-mas-bajo-en-cinco-anos\/\" \/>\n<meta property=\"og:site_name\" content=\"Informe Litoral\" \/>\n<meta property=\"article:publisher\" content=\"https:\/\/www.facebook.com\/informelitoral\/\" \/>\n<meta property=\"article:published_time\" content=\"2016-07-07T09:55:38+00:00\" \/>\n<meta property=\"og:image\" content=\"https:\/\/informelitoral.com.ar\/%77%70%2d%63%6f%6e%74%65%6e%74\/uploads\/2016\/07\/569f9e49f1468_1420__thumb.jpg\" \/>\n\t<meta property=\"og:image:width\" content=\"800\" \/>\n\t<meta property=\"og:image:height\" content=\"467\" \/>\n\t<meta property=\"og:image:type\" content=\"image\/jpeg\" \/>\n<meta name=\"author\" content=\"Gonzalo Schmidt\" \/>\n<meta name=\"twitter:card\" content=\"summary_large_image\" \/>\n<meta name=\"twitter:creator\" content=\"@InformeLitoral\" \/>\n<meta name=\"twitter:site\" content=\"@InformeLitoral\" \/>\n<meta name=\"twitter:label1\" content=\"Escrito por\" \/>\n\t<meta name=\"twitter:data1\" content=\"Gonzalo Schmidt\" \/>\n\t<meta name=\"twitter:label2\" content=\"Tiempo de lectura\" \/>\n\t<meta name=\"twitter:data2\" content=\"2 minutos\" \/>\n<script type=\"application\/ld+json\" class=\"yoast-schema-graph\">{\"@context\":\"https:\\\/\\\/schema.org\",\"@graph\":[{\"@type\":\"Article\",\"@id\":\"https:\\\/\\\/informelitoral.com.ar\\\/el-consumo-de-carne-vacuna-esta-en-su-nivel-mas-bajo-en-cinco-anos\\\/#article\",\"isPartOf\":{\"@id\":\"https:\\\/\\\/informelitoral.com.ar\\\/el-consumo-de-carne-vacuna-esta-en-su-nivel-mas-bajo-en-cinco-anos\\\/\"},\"author\":{\"name\":\"Gonzalo Schmidt\",\"@id\":\"https:\\\/\\\/informelitoral.com.ar\\\/#\\\/schema\\\/person\\\/b9d00407c836482871ef1d57bf8e3180\"},\"headline\":\"El consumo de carne vacuna est\u00e1 en su nivel m\u00e1s bajo en cinco a\u00f1os\",\"datePublished\":\"2016-07-07T09:55:38+00:00\",\"mainEntityOfPage\":{\"@id\":\"https:\\\/\\\/informelitoral.com.ar\\\/el-consumo-de-carne-vacuna-esta-en-su-nivel-mas-bajo-en-cinco-anos\\\/\"},\"wordCount\":401,\"commentCount\":0,\"publisher\":{\"@id\":\"https:\\\/\\\/informelitoral.com.ar\\\/#organization\"},\"image\":{\"@id\":\"https:\\\/\\\/informelitoral.com.ar\\\/el-consumo-de-carne-vacuna-esta-en-su-nivel-mas-bajo-en-cinco-anos\\\/#primaryimage\"},\"thumbnailUrl\":\"http:\\\/\\\/www.isletasnoticias.com.ar\\\/%77%70%2d%63%6f%6e%74%65%6e%74\\\/uploads\\\/2016\\\/07\\\/569f9e49f1468_1420__thumb.jpg\",\"articleSection\":[\"Nacionales\"],\"inLanguage\":\"es\",\"potentialAction\":[{\"@type\":\"CommentAction\",\"name\":\"Comment\",\"target\":[\"https:\\\/\\\/informelitoral.com.ar\\\/el-consumo-de-carne-vacuna-esta-en-su-nivel-mas-bajo-en-cinco-anos\\\/#respond\"]}]},{\"@type\":\"WebPage\",\"@id\":\"https:\\\/\\\/informelitoral.com.ar\\\/el-consumo-de-carne-vacuna-esta-en-su-nivel-mas-bajo-en-cinco-anos\\\/\",\"url\":\"https:\\\/\\\/informelitoral.com.ar\\\/el-consumo-de-carne-vacuna-esta-en-su-nivel-mas-bajo-en-cinco-anos\\\/\",\"name\":\"El consumo de carne vacuna est\u00e1 en su nivel m\u00e1s bajo en cinco a\u00f1os - Informe Litoral\",\"isPartOf\":{\"@id\":\"https:\\\/\\\/informelitoral.com.ar\\\/#website\"},\"primaryImageOfPage\":{\"@id\":\"https:\\\/\\\/informelitoral.com.ar\\\/el-consumo-de-carne-vacuna-esta-en-su-nivel-mas-bajo-en-cinco-anos\\\/#primaryimage\"},\"image\":{\"@id\":\"https:\\\/\\\/informelitoral.com.ar\\\/el-consumo-de-carne-vacuna-esta-en-su-nivel-mas-bajo-en-cinco-anos\\\/#primaryimage\"},\"thumbnailUrl\":\"http:\\\/\\\/www.isletasnoticias.com.ar\\\/%77%70%2d%63%6f%6e%74%65%6e%74\\\/uploads\\\/2016\\\/07\\\/569f9e49f1468_1420__thumb.jpg\",\"datePublished\":\"2016-07-07T09:55:38+00:00\",\"breadcrumb\":{\"@id\":\"https:\\\/\\\/informelitoral.com.ar\\\/el-consumo-de-carne-vacuna-esta-en-su-nivel-mas-bajo-en-cinco-anos\\\/#breadcrumb\"},\"inLanguage\":\"es\",\"potentialAction\":[{\"@type\":\"ReadAction\",\"target\":[\"https:\\\/\\\/informelitoral.com.ar\\\/el-consumo-de-carne-vacuna-esta-en-su-nivel-mas-bajo-en-cinco-anos\\\/\"]}]},{\"@type\":\"ImageObject\",\"inLanguage\":\"es\",\"@id\":\"https:\\\/\\\/informelitoral.com.ar\\\/el-consumo-de-carne-vacuna-esta-en-su-nivel-mas-bajo-en-cinco-anos\\\/#primaryimage\",\"url\":\"http:\\\/\\\/www.isletasnoticias.com.ar\\\/%77%70%2d%63%6f%6e%74%65%6e%74\\\/uploads\\\/2016\\\/07\\\/569f9e49f1468_1420__thumb.jpg\",\"contentUrl\":\"http:\\\/\\\/www.isletasnoticias.com.ar\\\/%77%70%2d%63%6f%6e%74%65%6e%74\\\/uploads\\\/2016\\\/07\\\/569f9e49f1468_1420__thumb.jpg\"},{\"@type\":\"BreadcrumbList\",\"@id\":\"https:\\\/\\\/informelitoral.com.ar\\\/el-consumo-de-carne-vacuna-esta-en-su-nivel-mas-bajo-en-cinco-anos\\\/#breadcrumb\",\"itemListElement\":[{\"@type\":\"ListItem\",\"position\":1,\"name\":\"Portada\",\"item\":\"https:\\\/\\\/informelitoral.com.ar\\\/\"},{\"@type\":\"ListItem\",\"position\":2,\"name\":\"El consumo de carne vacuna est\u00e1 en su nivel m\u00e1s bajo en cinco a\u00f1os\"}]},{\"@type\":\"WebSite\",\"@id\":\"https:\\\/\\\/informelitoral.com.ar\\\/#website\",\"url\":\"https:\\\/\\\/informelitoral.com.ar\\\/\",\"name\":\"Informe Litoral\",\"description\":\"&quot;Nos informamos&quot; \",\"publisher\":{\"@id\":\"https:\\\/\\\/informelitoral.com.ar\\\/#organization\"},\"potentialAction\":[{\"@type\":\"SearchAction\",\"target\":{\"@type\":\"EntryPoint\",\"urlTemplate\":\"https:\\\/\\\/informelitoral.com.ar\\\/?s={search_term_string}\"},\"query-input\":{\"@type\":\"PropertyValueSpecification\",\"valueRequired\":true,\"valueName\":\"search_term_string\"}}],\"inLanguage\":\"es\"},{\"@type\":\"Organization\",\"@id\":\"https:\\\/\\\/informelitoral.com.ar\\\/#organization\",\"name\":\"Informe Litoral\",\"url\":\"https:\\\/\\\/informelitoral.com.ar\\\/\",\"logo\":{\"@type\":\"ImageObject\",\"inLanguage\":\"es\",\"@id\":\"https:\\\/\\\/informelitoral.com.ar\\\/#\\\/schema\\\/logo\\\/image\\\/\",\"url\":\"https:\\\/\\\/informelitoral.com.ar\\\/%77%70%2d%63%6f%6e%74%65%6e%74\\\/uploads\\\/2021\\\/01\\\/circulo.png\",\"contentUrl\":\"https:\\\/\\\/informelitoral.com.ar\\\/%77%70%2d%63%6f%6e%74%65%6e%74\\\/uploads\\\/2021\\\/01\\\/circulo.png\",\"width\":723,\"height\":731,\"caption\":\"Informe Litoral\"},\"image\":{\"@id\":\"https:\\\/\\\/informelitoral.com.ar\\\/#\\\/schema\\\/logo\\\/image\\\/\"},\"sameAs\":[\"https:\\\/\\\/www.facebook.com\\\/informelitoral\\\/\",\"https:\\\/\\\/x.com\\\/InformeLitoral\",\"https:\\\/\\\/www.instagram.com\\\/informelitoral\\\/\",\"https:\\\/\\\/www.youtube.com\\\/channel\\\/UCua4Qvz8Icb6MYqhoq9xLXw\"]},{\"@type\":\"Person\",\"@id\":\"https:\\\/\\\/informelitoral.com.ar\\\/#\\\/schema\\\/person\\\/b9d00407c836482871ef1d57bf8e3180\",\"name\":\"Gonzalo Schmidt\",\"image\":{\"@type\":\"ImageObject\",\"inLanguage\":\"es\",\"@id\":\"https:\\\/\\\/secure.gravatar.com\\\/avatar\\\/31a1a7b66ff2de83bd0e9fd79d026630d2d99e55e8bfe501287647b4fd9743de?s=96&d=mm&r=g\",\"url\":\"https:\\\/\\\/secure.gravatar.com\\\/avatar\\\/31a1a7b66ff2de83bd0e9fd79d026630d2d99e55e8bfe501287647b4fd9743de?s=96&d=mm&r=g\",\"contentUrl\":\"https:\\\/\\\/secure.gravatar.com\\\/avatar\\\/31a1a7b66ff2de83bd0e9fd79d026630d2d99e55e8bfe501287647b4fd9743de?s=96&d=mm&r=g\",\"caption\":\"Gonzalo Schmidt\"},\"description\":\"Sitio web de noticias de la provincia de Entre R\u00edos, Argentina. Informaci\u00f3n y entretenimiento. Informe Litoral, nos informamos.\",\"sameAs\":[\"http:\\\/\\\/www.isletasnoticias.com.ar\"],\"url\":\"https:\\\/\\\/informelitoral.com.ar\\\/author\\\/gonzalo\\\/\"}]}<\/script>","yoast_head_json":{"title":"El consumo de carne vacuna est\u00e1 en su nivel m\u00e1s bajo en cinco a\u00f1os - Informe Litoral","robots":{"index":"index","follow":"follow","max-snippet":"max-snippet:-1","max-image-preview":"max-image-preview:large","max-video-preview":"max-video-preview:-1"},"canonical":"https:\/\/informelitoral.com.ar\/el-consumo-de-carne-vacuna-esta-en-su-nivel-mas-bajo-en-cinco-anos\/","og_locale":"es_ES","og_type":"article","og_title":"El consumo de carne vacuna est\u00e1 en su nivel m\u00e1s bajo en cinco a\u00f1os - Informe Litoral","og_description":"Durante el primer semestre, el consumo de carne vacuna por habitante cay&oacute; un 7,7% interanual a 55,3 kilogramos\/a&ntilde;o promedio. Adem&aacute;s, la producci&oacute;n de carne bovina retrocedi&oacute; un 11,3% interanual en junio. Durante el primer semestre, el consumo de carne vacuna por habitante cay&oacute; un 7,7% interanual a 55,3 kilogramos\/a&ntilde;o promedio, lo que representa el menor [&hellip;]","og_url":"https:\/\/informelitoral.com.ar\/el-consumo-de-carne-vacuna-esta-en-su-nivel-mas-bajo-en-cinco-anos\/","og_site_name":"Informe Litoral","article_publisher":"https:\/\/www.facebook.com\/informelitoral\/","article_published_time":"2016-07-07T09:55:38+00:00","og_image":[{"width":800,"height":467,"url":"https:\/\/informelitoral.com.ar\/%77%70%2d%63%6f%6e%74%65%6e%74\/uploads\/2016\/07\/569f9e49f1468_1420__thumb.jpg","type":"image\/jpeg"}],"author":"Gonzalo Schmidt","twitter_card":"summary_large_image","twitter_creator":"@InformeLitoral","twitter_site":"@InformeLitoral","twitter_misc":{"Escrito por":"Gonzalo Schmidt","Tiempo de lectura":"2 minutos"},"schema":{"@context":"https:\/\/schema.org","@graph":[{"@type":"Article","@id":"https:\/\/informelitoral.com.ar\/el-consumo-de-carne-vacuna-esta-en-su-nivel-mas-bajo-en-cinco-anos\/#article","isPartOf":{"@id":"https:\/\/informelitoral.com.ar\/el-consumo-de-carne-vacuna-esta-en-su-nivel-mas-bajo-en-cinco-anos\/"},"author":{"name":"Gonzalo Schmidt","@id":"https:\/\/informelitoral.com.ar\/#\/schema\/person\/b9d00407c836482871ef1d57bf8e3180"},"headline":"El consumo de carne vacuna est\u00e1 en su nivel m\u00e1s bajo en cinco a\u00f1os","datePublished":"2016-07-07T09:55:38+00:00","mainEntityOfPage":{"@id":"https:\/\/informelitoral.com.ar\/el-consumo-de-carne-vacuna-esta-en-su-nivel-mas-bajo-en-cinco-anos\/"},"wordCount":401,"commentCount":0,"publisher":{"@id":"https:\/\/informelitoral.com.ar\/#organization"},"image":{"@id":"https:\/\/informelitoral.com.ar\/el-consumo-de-carne-vacuna-esta-en-su-nivel-mas-bajo-en-cinco-anos\/#primaryimage"},"thumbnailUrl":"http:\/\/www.isletasnoticias.com.ar\/%77%70%2d%63%6f%6e%74%65%6e%74\/uploads\/2016\/07\/569f9e49f1468_1420__thumb.jpg","articleSection":["Nacionales"],"inLanguage":"es","potentialAction":[{"@type":"CommentAction","name":"Comment","target":["https:\/\/informelitoral.com.ar\/el-consumo-de-carne-vacuna-esta-en-su-nivel-mas-bajo-en-cinco-anos\/#respond"]}]},{"@type":"WebPage","@id":"https:\/\/informelitoral.com.ar\/el-consumo-de-carne-vacuna-esta-en-su-nivel-mas-bajo-en-cinco-anos\/","url":"https:\/\/informelitoral.com.ar\/el-consumo-de-carne-vacuna-esta-en-su-nivel-mas-bajo-en-cinco-anos\/","name":"El consumo de carne vacuna est\u00e1 en su nivel m\u00e1s bajo en cinco a\u00f1os - Informe Litoral","isPartOf":{"@id":"https:\/\/informelitoral.com.ar\/#website"},"primaryImageOfPage":{"@id":"https:\/\/informelitoral.com.ar\/el-consumo-de-carne-vacuna-esta-en-su-nivel-mas-bajo-en-cinco-anos\/#primaryimage"},"image":{"@id":"https:\/\/informelitoral.com.ar\/el-consumo-de-carne-vacuna-esta-en-su-nivel-mas-bajo-en-cinco-anos\/#primaryimage"},"thumbnailUrl":"http:\/\/www.isletasnoticias.com.ar\/%77%70%2d%63%6f%6e%74%65%6e%74\/uploads\/2016\/07\/569f9e49f1468_1420__thumb.jpg","datePublished":"2016-07-07T09:55:38+00:00","breadcrumb":{"@id":"https:\/\/informelitoral.com.ar\/el-consumo-de-carne-vacuna-esta-en-su-nivel-mas-bajo-en-cinco-anos\/#breadcrumb"},"inLanguage":"es","potentialAction":[{"@type":"ReadAction","target":["https:\/\/informelitoral.com.ar\/el-consumo-de-carne-vacuna-esta-en-su-nivel-mas-bajo-en-cinco-anos\/"]}]},{"@type":"ImageObject","inLanguage":"es","@id":"https:\/\/informelitoral.com.ar\/el-consumo-de-carne-vacuna-esta-en-su-nivel-mas-bajo-en-cinco-anos\/#primaryimage","url":"http:\/\/www.isletasnoticias.com.ar\/%77%70%2d%63%6f%6e%74%65%6e%74\/uploads\/2016\/07\/569f9e49f1468_1420__thumb.jpg","contentUrl":"http:\/\/www.isletasnoticias.com.ar\/%77%70%2d%63%6f%6e%74%65%6e%74\/uploads\/2016\/07\/569f9e49f1468_1420__thumb.jpg"},{"@type":"BreadcrumbList","@id":"https:\/\/informelitoral.com.ar\/el-consumo-de-carne-vacuna-esta-en-su-nivel-mas-bajo-en-cinco-anos\/#breadcrumb","itemListElement":[{"@type":"ListItem","position":1,"name":"Portada","item":"https:\/\/informelitoral.com.ar\/"},{"@type":"ListItem","position":2,"name":"El consumo de carne vacuna est\u00e1 en su nivel m\u00e1s bajo en cinco a\u00f1os"}]},{"@type":"WebSite","@id":"https:\/\/informelitoral.com.ar\/#website","url":"https:\/\/informelitoral.com.ar\/","name":"Informe Litoral","description":"&quot;Nos informamos&quot; ","publisher":{"@id":"https:\/\/informelitoral.com.ar\/#organization"},"potentialAction":[{"@type":"SearchAction","target":{"@type":"EntryPoint","urlTemplate":"https:\/\/informelitoral.com.ar\/?s={search_term_string}"},"query-input":{"@type":"PropertyValueSpecification","valueRequired":true,"valueName":"search_term_string"}}],"inLanguage":"es"},{"@type":"Organization","@id":"https:\/\/informelitoral.com.ar\/#organization","name":"Informe Litoral","url":"https:\/\/informelitoral.com.ar\/","logo":{"@type":"ImageObject","inLanguage":"es","@id":"https:\/\/informelitoral.com.ar\/#\/schema\/logo\/image\/","url":"https:\/\/informelitoral.com.ar\/%77%70%2d%63%6f%6e%74%65%6e%74\/uploads\/2021\/01\/circulo.png","contentUrl":"https:\/\/informelitoral.com.ar\/%77%70%2d%63%6f%6e%74%65%6e%74\/uploads\/2021\/01\/circulo.png","width":723,"height":731,"caption":"Informe Litoral"},"image":{"@id":"https:\/\/informelitoral.com.ar\/#\/schema\/logo\/image\/"},"sameAs":["https:\/\/www.facebook.com\/informelitoral\/","https:\/\/x.com\/InformeLitoral","https:\/\/www.instagram.com\/informelitoral\/","https:\/\/www.youtube.com\/channel\/UCua4Qvz8Icb6MYqhoq9xLXw"]},{"@type":"Person","@id":"https:\/\/informelitoral.com.ar\/#\/schema\/person\/b9d00407c836482871ef1d57bf8e3180","name":"Gonzalo Schmidt","image":{"@type":"ImageObject","inLanguage":"es","@id":"https:\/\/secure.gravatar.com\/avatar\/31a1a7b66ff2de83bd0e9fd79d026630d2d99e55e8bfe501287647b4fd9743de?s=96&d=mm&r=g","url":"https:\/\/secure.gravatar.com\/avatar\/31a1a7b66ff2de83bd0e9fd79d026630d2d99e55e8bfe501287647b4fd9743de?s=96&d=mm&r=g","contentUrl":"https:\/\/secure.gravatar.com\/avatar\/31a1a7b66ff2de83bd0e9fd79d026630d2d99e55e8bfe501287647b4fd9743de?s=96&d=mm&r=g","caption":"Gonzalo Schmidt"},"description":"Sitio web de noticias de la provincia de Entre R\u00edos, Argentina. Informaci\u00f3n y entretenimiento. Informe Litoral, nos informamos.","sameAs":["http:\/\/www.isletasnoticias.com.ar"],"url":"https:\/\/informelitoral.com.ar\/author\/gonzalo\/"}]}},"_links":{"self":[{"href":"https:\/\/informelitoral.com.ar\/%77%70%2d%6a%73%6f%6e\/wp\/v2\/posts\/17032","targetHints":{"allow":["GET"]}}],"collection":[{"href":"https:\/\/informelitoral.com.ar\/%77%70%2d%6a%73%6f%6e\/wp\/v2\/posts"}],"about":[{"href":"https:\/\/informelitoral.com.ar\/%77%70%2d%6a%73%6f%6e\/wp\/v2\/types\/post"}],"author":[{"embeddable":true,"href":"https:\/\/informelitoral.com.ar\/%77%70%2d%6a%73%6f%6e\/wp\/v2\/users\/2"}],"replies":[{"embeddable":true,"href":"https:\/\/informelitoral.com.ar\/%77%70%2d%6a%73%6f%6e\/wp\/v2\/comments?post=17032"}],"version-history":[{"count":0,"href":"https:\/\/informelitoral.com.ar\/%77%70%2d%6a%73%6f%6e\/wp\/v2\/posts\/17032\/revisions"}],"wp:attachment":[{"href":"https:\/\/informelitoral.com.ar\/%77%70%2d%6a%73%6f%6e\/wp\/v2\/media?parent=17032"}],"wp:term":[{"taxonomy":"category","embeddable":true,"href":"https:\/\/informelitoral.com.ar\/%77%70%2d%6a%73%6f%6e\/wp\/v2\/categories?post=17032"},{"taxonomy":"post_tag","embeddable":true,"href":"https:\/\/informelitoral.com.ar\/%77%70%2d%6a%73%6f%6e\/wp\/v2\/tags?post=17032"}],"curies":[{"name":"wp","href":"https:\/\/api.w.org\/{rel}","templated":true}]}}