{"id":17029,"date":"2016-07-07T06:51:14","date_gmt":"2016-07-07T09:51:14","guid":{"rendered":"http:\/\/www.isletasnoticias.com.ar\/?p=17029"},"modified":"2016-07-07T06:51:14","modified_gmt":"2016-07-07T09:51:14","slug":"la-conformacion-de-la-tarifa-electrica-fue-analizada-en-una-audiencia-publica-informativa","status":"publish","type":"post","link":"https:\/\/informelitoral.com.ar\/la-conformacion-de-la-tarifa-electrica-fue-analizada-en-una-audiencia-publica-informativa\/","title":{"rendered":"La conformaci\u00f3n de la tarifa el\u00e9ctrica fue analizada en una audiencia p\u00fablica informativa"},"content":{"rendered":"<p><strong>En una audiencia p\u00fablica informativa, desarrollada el mi\u00e9rcoles en la ciudad de Villaguay, autoridades del Ente Provincial Regulador de la Energ\u00eda (EPRE) y de la Secretar\u00eda de Energ\u00eda de Entre R\u00edos expusieron las modificaciones en la pol\u00edtica energ\u00e9tica llevadas a cabo por el gobierno nacional y su impacto en el cuadro tarifario de la provincia. El encuentro cont\u00f3 con la presencia de referentes de las distribuidoras de energ\u00eda (Enersa y las cooperativas el\u00e9ctricas), de municipios, gremios, entidades y p\u00fablico en general.<a href=\"http:\/\/www.isletasnoticias.com.ar\/%77%70%2d%63%6f%6e%74%65%6e%74\/uploads\/2016\/07\/b_1467842041.jpg\"><img loading=\"lazy\" decoding=\"async\" class=\"aligncenter wp-image-17030 size-full\" src=\"http:\/\/www.isletasnoticias.com.ar\/%77%70%2d%63%6f%6e%74%65%6e%74\/uploads\/2016\/07\/b_1467842041.jpg\" alt=\"b_1467842041\" width=\"492\" height=\"329\" srcset=\"https:\/\/informelitoral.com.ar\/%77%70%2d%63%6f%6e%74%65%6e%74\/uploads\/2016\/07\/b_1467842041.jpg 492w, https:\/\/informelitoral.com.ar\/%77%70%2d%63%6f%6e%74%65%6e%74\/uploads\/2016\/07\/b_1467842041-300x201.jpg 300w\" sizes=\"auto, (max-width: 492px) 100vw, 492px\" \/><\/a><\/strong><\/p>\n<p>En la audiencia brindaron explicaciones el interventor del Ente Provincial Regulador de la Energ\u00eda (EPRE), <strong>Marcos Rodr\u00edguez Allende<\/strong>, y el secretario de Energ\u00eda de la provincia,<strong> Ra\u00fal Arroyo<\/strong>, tras lo cual se sucedieron las intervenciones de quienes se anotaron para brindar su punto de vista sobre la cuesti\u00f3n, entre los que se contaban representantes de cooperativas, municipios, gremios y entidades intermedias.<\/p>\n<p>Estuvieron en el Cine Teatro Emilio Berisso, de Villaguay, representante de las 18 cooperativas de distribuci\u00f3n el\u00e9ctrica de la provincia, de la Empresa de Energ\u00eda de Entre R\u00edos Sociedad An\u00f3nima (Enersa), de las \u00e1reas de Defensa del Consumidor de la provincia y de los municipios, de los usuarios del servicio p\u00fablico de distribuci\u00f3n el\u00e9ctrica, gremios vinculados al sector el\u00e9ctrico, de la Asociaci\u00f3n de Cl\u00ednicas y Sanatorios de Entre R\u00edos (Acler) y otras entidades.<\/p>\n<p>En ese contexto, Arroyo explic\u00f3 que se trat\u00f3 de \u201cuna audiencia p\u00fablica informativa, para dar cuenta fundamentalmente de lo que es el precio mayorista\u201d, y advirti\u00f3 que las audiencias para determinar el cuadro tarifario se concretaron oportunamente.<\/p>\n<p>\u201cNosotros ya cumplimos con los aspectos provinciales en cuanto a las audiencias p\u00fablicas que se hicieron en su momento para los incrementos que la provincia dispuso, pero hay un incremento en el orden nacional que en realidad es un retiro de subsidio. Por eso nosotros siempre interpretamos que esto no ten\u00eda necesidad de audiencia p\u00fablica\u201d, expres\u00f3 el funcionario.<\/p>\n<p>En tanto, Rodr\u00edguez Allende sostuvo que la audiencia de car\u00e1cter informativo realizada este mi\u00e9rcoles en Villaguay tuvo como objetivo \u201cinformar sobre decisiones que son estrictamente nacionales que deciden modificar el precio de la energ\u00eda a las distribuidoras, como por ejemplo la resoluci\u00f3n N\u00ba 6 del Ministerio de Energ\u00eda de la Naci\u00f3n\u201d.<\/p>\n<p>El funcionario expres\u00f3 que el objetivo fue brindar explicaciones de la manera \u201cm\u00e1s sencilla para que la poblaci\u00f3n pueda entender de la mejor forma posible, c\u00f3mo una modificaci\u00f3n de los precios mayoristas puede llegar a incidir en un cuadro tarifario, b\u00e1sicamente dando cuenta de algunos componentes de la tarifa\u201d.<\/p>\n<p>Haciendo referencia las acciones judiciales que reclamaron por los incrementos tarifarios y que cuestionan que no se realiz\u00f3 la audiencia p\u00fablica que lo avalen, Rodr\u00edguez Allende coment\u00f3: \u201cHemos cumplido con todos los plazos y hemos hecho absolutamente todo lo que la Ley nos marca. La audiencia p\u00fablica que algunos fallos dicen que no se efectu\u00f3, se hizo, se realiz\u00f3. Nosotros consideramos que hay otros factores que inciden en la tarifa, y que hacen que no sea necesario el cumplimiento de la audiencia p\u00fablica\u201d.<\/p>\n<p>Por \u00faltimo Rodr\u00edguez Allende adelant\u00f3 que el 31 de agosto, a las 11, tambi\u00e9n en Villaguay, se llevar\u00e1 a cabo la respectiva audiencia p\u00fablica obligatoria. \u201cEs la audiencia que el marco regulatorio nos exige, y que estamos trabajando coordinadamente con la Secretar\u00eda de Energ\u00eda\u201d.<\/p>\n","protected":false},"excerpt":{"rendered":"<p>En una audiencia p&uacute;blica informativa, desarrollada el mi&eacute;rcoles en la ciudad de Villaguay, autoridades del Ente Provincial Regulador de la Energ&iacute;a (EPRE) y de la Secretar&iacute;a de Energ&iacute;a de Entre R&iacute;os expusieron las modificaciones en la pol&iacute;tica energ&eacute;tica llevadas a cabo por el gobierno nacional y su impacto en el cuadro tarifario de la provincia. [&hellip;]<\/p>\n","protected":false},"author":2,"featured_media":0,"comment_status":"open","ping_status":"open","sticky":false,"template":"","format":"standard","meta":{"fifu_image_url":"","fifu_image_alt":"","footnotes":""},"categories":[6],"tags":[],"class_list":{"0":"post-17029","1":"post","2":"type-post","3":"status-publish","4":"format-standard","6":"category-entre-rios"},"yoast_head":"<title>La conformaci\u00f3n de la tarifa el\u00e9ctrica fue analizada en una audiencia p\u00fablica informativa - Informe Litoral<\/title>\n<meta name=\"robots\" content=\"index, follow, max-snippet:-1, max-image-preview:large, max-video-preview:-1\" \/>\n<link rel=\"canonical\" href=\"https:\/\/informelitoral.com.ar\/la-conformacion-de-la-tarifa-electrica-fue-analizada-en-una-audiencia-publica-informativa\/\" \/>\n<meta property=\"og:locale\" content=\"es_ES\" \/>\n<meta property=\"og:type\" content=\"article\" \/>\n<meta property=\"og:title\" content=\"La conformaci\u00f3n de la tarifa el\u00e9ctrica fue analizada en una audiencia p\u00fablica informativa - Informe Litoral\" \/>\n<meta property=\"og:description\" content=\"En una audiencia p&uacute;blica informativa, desarrollada el mi&eacute;rcoles en la ciudad de Villaguay, autoridades del Ente Provincial Regulador de la Energ&iacute;a (EPRE) y de la Secretar&iacute;a de Energ&iacute;a de Entre R&iacute;os expusieron las modificaciones en la pol&iacute;tica energ&eacute;tica llevadas a cabo por el gobierno nacional y su impacto en el cuadro tarifario de la provincia. [&hellip;]\" \/>\n<meta property=\"og:url\" content=\"https:\/\/informelitoral.com.ar\/la-conformacion-de-la-tarifa-electrica-fue-analizada-en-una-audiencia-publica-informativa\/\" \/>\n<meta property=\"og:site_name\" content=\"Informe Litoral\" \/>\n<meta property=\"article:publisher\" content=\"https:\/\/www.facebook.com\/informelitoral\/\" \/>\n<meta property=\"article:published_time\" content=\"2016-07-07T09:51:14+00:00\" \/>\n<meta property=\"og:image\" content=\"https:\/\/informelitoral.com.ar\/%77%70%2d%63%6f%6e%74%65%6e%74\/uploads\/2016\/07\/b_1467842041.jpg\" \/>\n\t<meta property=\"og:image:width\" content=\"492\" \/>\n\t<meta property=\"og:image:height\" content=\"329\" \/>\n\t<meta property=\"og:image:type\" content=\"image\/jpeg\" \/>\n<meta name=\"author\" content=\"Gonzalo Schmidt\" \/>\n<meta name=\"twitter:card\" content=\"summary_large_image\" \/>\n<meta name=\"twitter:creator\" content=\"@InformeLitoral\" \/>\n<meta name=\"twitter:site\" content=\"@InformeLitoral\" \/>\n<meta name=\"twitter:label1\" content=\"Escrito por\" \/>\n\t<meta name=\"twitter:data1\" content=\"Gonzalo Schmidt\" \/>\n\t<meta name=\"twitter:label2\" content=\"Tiempo de lectura\" \/>\n\t<meta name=\"twitter:data2\" content=\"3 minutos\" \/>\n<script type=\"application\/ld+json\" class=\"yoast-schema-graph\">{\"@context\":\"https:\\\/\\\/schema.org\",\"@graph\":[{\"@type\":\"Article\",\"@id\":\"https:\\\/\\\/informelitoral.com.ar\\\/la-conformacion-de-la-tarifa-electrica-fue-analizada-en-una-audiencia-publica-informativa\\\/#article\",\"isPartOf\":{\"@id\":\"https:\\\/\\\/informelitoral.com.ar\\\/la-conformacion-de-la-tarifa-electrica-fue-analizada-en-una-audiencia-publica-informativa\\\/\"},\"author\":{\"name\":\"Gonzalo Schmidt\",\"@id\":\"https:\\\/\\\/informelitoral.com.ar\\\/#\\\/schema\\\/person\\\/b9d00407c836482871ef1d57bf8e3180\"},\"headline\":\"La conformaci\u00f3n de la tarifa el\u00e9ctrica fue analizada en una audiencia p\u00fablica informativa\",\"datePublished\":\"2016-07-07T09:51:14+00:00\",\"mainEntityOfPage\":{\"@id\":\"https:\\\/\\\/informelitoral.com.ar\\\/la-conformacion-de-la-tarifa-electrica-fue-analizada-en-una-audiencia-publica-informativa\\\/\"},\"wordCount\":602,\"commentCount\":0,\"publisher\":{\"@id\":\"https:\\\/\\\/informelitoral.com.ar\\\/#organization\"},\"image\":{\"@id\":\"https:\\\/\\\/informelitoral.com.ar\\\/la-conformacion-de-la-tarifa-electrica-fue-analizada-en-una-audiencia-publica-informativa\\\/#primaryimage\"},\"thumbnailUrl\":\"http:\\\/\\\/www.isletasnoticias.com.ar\\\/%77%70%2d%63%6f%6e%74%65%6e%74\\\/uploads\\\/2016\\\/07\\\/b_1467842041.jpg\",\"articleSection\":[\"Entre R\u00edos\"],\"inLanguage\":\"es\",\"potentialAction\":[{\"@type\":\"CommentAction\",\"name\":\"Comment\",\"target\":[\"https:\\\/\\\/informelitoral.com.ar\\\/la-conformacion-de-la-tarifa-electrica-fue-analizada-en-una-audiencia-publica-informativa\\\/#respond\"]}]},{\"@type\":\"WebPage\",\"@id\":\"https:\\\/\\\/informelitoral.com.ar\\\/la-conformacion-de-la-tarifa-electrica-fue-analizada-en-una-audiencia-publica-informativa\\\/\",\"url\":\"https:\\\/\\\/informelitoral.com.ar\\\/la-conformacion-de-la-tarifa-electrica-fue-analizada-en-una-audiencia-publica-informativa\\\/\",\"name\":\"La conformaci\u00f3n de la tarifa el\u00e9ctrica fue analizada en una audiencia p\u00fablica informativa - Informe Litoral\",\"isPartOf\":{\"@id\":\"https:\\\/\\\/informelitoral.com.ar\\\/#website\"},\"primaryImageOfPage\":{\"@id\":\"https:\\\/\\\/informelitoral.com.ar\\\/la-conformacion-de-la-tarifa-electrica-fue-analizada-en-una-audiencia-publica-informativa\\\/#primaryimage\"},\"image\":{\"@id\":\"https:\\\/\\\/informelitoral.com.ar\\\/la-conformacion-de-la-tarifa-electrica-fue-analizada-en-una-audiencia-publica-informativa\\\/#primaryimage\"},\"thumbnailUrl\":\"http:\\\/\\\/www.isletasnoticias.com.ar\\\/%77%70%2d%63%6f%6e%74%65%6e%74\\\/uploads\\\/2016\\\/07\\\/b_1467842041.jpg\",\"datePublished\":\"2016-07-07T09:51:14+00:00\",\"breadcrumb\":{\"@id\":\"https:\\\/\\\/informelitoral.com.ar\\\/la-conformacion-de-la-tarifa-electrica-fue-analizada-en-una-audiencia-publica-informativa\\\/#breadcrumb\"},\"inLanguage\":\"es\",\"potentialAction\":[{\"@type\":\"ReadAction\",\"target\":[\"https:\\\/\\\/informelitoral.com.ar\\\/la-conformacion-de-la-tarifa-electrica-fue-analizada-en-una-audiencia-publica-informativa\\\/\"]}]},{\"@type\":\"ImageObject\",\"inLanguage\":\"es\",\"@id\":\"https:\\\/\\\/informelitoral.com.ar\\\/la-conformacion-de-la-tarifa-electrica-fue-analizada-en-una-audiencia-publica-informativa\\\/#primaryimage\",\"url\":\"http:\\\/\\\/www.isletasnoticias.com.ar\\\/%77%70%2d%63%6f%6e%74%65%6e%74\\\/uploads\\\/2016\\\/07\\\/b_1467842041.jpg\",\"contentUrl\":\"http:\\\/\\\/www.isletasnoticias.com.ar\\\/%77%70%2d%63%6f%6e%74%65%6e%74\\\/uploads\\\/2016\\\/07\\\/b_1467842041.jpg\"},{\"@type\":\"BreadcrumbList\",\"@id\":\"https:\\\/\\\/informelitoral.com.ar\\\/la-conformacion-de-la-tarifa-electrica-fue-analizada-en-una-audiencia-publica-informativa\\\/#breadcrumb\",\"itemListElement\":[{\"@type\":\"ListItem\",\"position\":1,\"name\":\"Portada\",\"item\":\"https:\\\/\\\/informelitoral.com.ar\\\/\"},{\"@type\":\"ListItem\",\"position\":2,\"name\":\"La conformaci\u00f3n de la tarifa el\u00e9ctrica fue analizada en una audiencia p\u00fablica informativa\"}]},{\"@type\":\"WebSite\",\"@id\":\"https:\\\/\\\/informelitoral.com.ar\\\/#website\",\"url\":\"https:\\\/\\\/informelitoral.com.ar\\\/\",\"name\":\"Informe Litoral\",\"description\":\"&quot;Nos informamos&quot; \",\"publisher\":{\"@id\":\"https:\\\/\\\/informelitoral.com.ar\\\/#organization\"},\"potentialAction\":[{\"@type\":\"SearchAction\",\"target\":{\"@type\":\"EntryPoint\",\"urlTemplate\":\"https:\\\/\\\/informelitoral.com.ar\\\/?s={search_term_string}\"},\"query-input\":{\"@type\":\"PropertyValueSpecification\",\"valueRequired\":true,\"valueName\":\"search_term_string\"}}],\"inLanguage\":\"es\"},{\"@type\":\"Organization\",\"@id\":\"https:\\\/\\\/informelitoral.com.ar\\\/#organization\",\"name\":\"Informe Litoral\",\"url\":\"https:\\\/\\\/informelitoral.com.ar\\\/\",\"logo\":{\"@type\":\"ImageObject\",\"inLanguage\":\"es\",\"@id\":\"https:\\\/\\\/informelitoral.com.ar\\\/#\\\/schema\\\/logo\\\/image\\\/\",\"url\":\"https:\\\/\\\/informelitoral.com.ar\\\/%77%70%2d%63%6f%6e%74%65%6e%74\\\/uploads\\\/2021\\\/01\\\/circulo.png\",\"contentUrl\":\"https:\\\/\\\/informelitoral.com.ar\\\/%77%70%2d%63%6f%6e%74%65%6e%74\\\/uploads\\\/2021\\\/01\\\/circulo.png\",\"width\":723,\"height\":731,\"caption\":\"Informe Litoral\"},\"image\":{\"@id\":\"https:\\\/\\\/informelitoral.com.ar\\\/#\\\/schema\\\/logo\\\/image\\\/\"},\"sameAs\":[\"https:\\\/\\\/www.facebook.com\\\/informelitoral\\\/\",\"https:\\\/\\\/x.com\\\/InformeLitoral\",\"https:\\\/\\\/www.instagram.com\\\/informelitoral\\\/\",\"https:\\\/\\\/www.youtube.com\\\/channel\\\/UCua4Qvz8Icb6MYqhoq9xLXw\"]},{\"@type\":\"Person\",\"@id\":\"https:\\\/\\\/informelitoral.com.ar\\\/#\\\/schema\\\/person\\\/b9d00407c836482871ef1d57bf8e3180\",\"name\":\"Gonzalo Schmidt\",\"image\":{\"@type\":\"ImageObject\",\"inLanguage\":\"es\",\"@id\":\"https:\\\/\\\/secure.gravatar.com\\\/avatar\\\/31a1a7b66ff2de83bd0e9fd79d026630d2d99e55e8bfe501287647b4fd9743de?s=96&d=mm&r=g\",\"url\":\"https:\\\/\\\/secure.gravatar.com\\\/avatar\\\/31a1a7b66ff2de83bd0e9fd79d026630d2d99e55e8bfe501287647b4fd9743de?s=96&d=mm&r=g\",\"contentUrl\":\"https:\\\/\\\/secure.gravatar.com\\\/avatar\\\/31a1a7b66ff2de83bd0e9fd79d026630d2d99e55e8bfe501287647b4fd9743de?s=96&d=mm&r=g\",\"caption\":\"Gonzalo Schmidt\"},\"description\":\"Sitio web de noticias de la provincia de Entre R\u00edos, Argentina. Informaci\u00f3n y entretenimiento. Informe Litoral, nos informamos.\",\"sameAs\":[\"http:\\\/\\\/www.isletasnoticias.com.ar\"],\"url\":\"https:\\\/\\\/informelitoral.com.ar\\\/author\\\/gonzalo\\\/\"}]}<\/script>","yoast_head_json":{"title":"La conformaci\u00f3n de la tarifa el\u00e9ctrica fue analizada en una audiencia p\u00fablica informativa - Informe Litoral","robots":{"index":"index","follow":"follow","max-snippet":"max-snippet:-1","max-image-preview":"max-image-preview:large","max-video-preview":"max-video-preview:-1"},"canonical":"https:\/\/informelitoral.com.ar\/la-conformacion-de-la-tarifa-electrica-fue-analizada-en-una-audiencia-publica-informativa\/","og_locale":"es_ES","og_type":"article","og_title":"La conformaci\u00f3n de la tarifa el\u00e9ctrica fue analizada en una audiencia p\u00fablica informativa - Informe Litoral","og_description":"En una audiencia p&uacute;blica informativa, desarrollada el mi&eacute;rcoles en la ciudad de Villaguay, autoridades del Ente Provincial Regulador de la Energ&iacute;a (EPRE) y de la Secretar&iacute;a de Energ&iacute;a de Entre R&iacute;os expusieron las modificaciones en la pol&iacute;tica energ&eacute;tica llevadas a cabo por el gobierno nacional y su impacto en el cuadro tarifario de la provincia. [&hellip;]","og_url":"https:\/\/informelitoral.com.ar\/la-conformacion-de-la-tarifa-electrica-fue-analizada-en-una-audiencia-publica-informativa\/","og_site_name":"Informe Litoral","article_publisher":"https:\/\/www.facebook.com\/informelitoral\/","article_published_time":"2016-07-07T09:51:14+00:00","og_image":[{"width":492,"height":329,"url":"https:\/\/informelitoral.com.ar\/%77%70%2d%63%6f%6e%74%65%6e%74\/uploads\/2016\/07\/b_1467842041.jpg","type":"image\/jpeg"}],"author":"Gonzalo Schmidt","twitter_card":"summary_large_image","twitter_creator":"@InformeLitoral","twitter_site":"@InformeLitoral","twitter_misc":{"Escrito por":"Gonzalo Schmidt","Tiempo de lectura":"3 minutos"},"schema":{"@context":"https:\/\/schema.org","@graph":[{"@type":"Article","@id":"https:\/\/informelitoral.com.ar\/la-conformacion-de-la-tarifa-electrica-fue-analizada-en-una-audiencia-publica-informativa\/#article","isPartOf":{"@id":"https:\/\/informelitoral.com.ar\/la-conformacion-de-la-tarifa-electrica-fue-analizada-en-una-audiencia-publica-informativa\/"},"author":{"name":"Gonzalo Schmidt","@id":"https:\/\/informelitoral.com.ar\/#\/schema\/person\/b9d00407c836482871ef1d57bf8e3180"},"headline":"La conformaci\u00f3n de la tarifa el\u00e9ctrica fue analizada en una audiencia p\u00fablica informativa","datePublished":"2016-07-07T09:51:14+00:00","mainEntityOfPage":{"@id":"https:\/\/informelitoral.com.ar\/la-conformacion-de-la-tarifa-electrica-fue-analizada-en-una-audiencia-publica-informativa\/"},"wordCount":602,"commentCount":0,"publisher":{"@id":"https:\/\/informelitoral.com.ar\/#organization"},"image":{"@id":"https:\/\/informelitoral.com.ar\/la-conformacion-de-la-tarifa-electrica-fue-analizada-en-una-audiencia-publica-informativa\/#primaryimage"},"thumbnailUrl":"http:\/\/www.isletasnoticias.com.ar\/%77%70%2d%63%6f%6e%74%65%6e%74\/uploads\/2016\/07\/b_1467842041.jpg","articleSection":["Entre R\u00edos"],"inLanguage":"es","potentialAction":[{"@type":"CommentAction","name":"Comment","target":["https:\/\/informelitoral.com.ar\/la-conformacion-de-la-tarifa-electrica-fue-analizada-en-una-audiencia-publica-informativa\/#respond"]}]},{"@type":"WebPage","@id":"https:\/\/informelitoral.com.ar\/la-conformacion-de-la-tarifa-electrica-fue-analizada-en-una-audiencia-publica-informativa\/","url":"https:\/\/informelitoral.com.ar\/la-conformacion-de-la-tarifa-electrica-fue-analizada-en-una-audiencia-publica-informativa\/","name":"La conformaci\u00f3n de la tarifa el\u00e9ctrica fue analizada en una audiencia p\u00fablica informativa - Informe Litoral","isPartOf":{"@id":"https:\/\/informelitoral.com.ar\/#website"},"primaryImageOfPage":{"@id":"https:\/\/informelitoral.com.ar\/la-conformacion-de-la-tarifa-electrica-fue-analizada-en-una-audiencia-publica-informativa\/#primaryimage"},"image":{"@id":"https:\/\/informelitoral.com.ar\/la-conformacion-de-la-tarifa-electrica-fue-analizada-en-una-audiencia-publica-informativa\/#primaryimage"},"thumbnailUrl":"http:\/\/www.isletasnoticias.com.ar\/%77%70%2d%63%6f%6e%74%65%6e%74\/uploads\/2016\/07\/b_1467842041.jpg","datePublished":"2016-07-07T09:51:14+00:00","breadcrumb":{"@id":"https:\/\/informelitoral.com.ar\/la-conformacion-de-la-tarifa-electrica-fue-analizada-en-una-audiencia-publica-informativa\/#breadcrumb"},"inLanguage":"es","potentialAction":[{"@type":"ReadAction","target":["https:\/\/informelitoral.com.ar\/la-conformacion-de-la-tarifa-electrica-fue-analizada-en-una-audiencia-publica-informativa\/"]}]},{"@type":"ImageObject","inLanguage":"es","@id":"https:\/\/informelitoral.com.ar\/la-conformacion-de-la-tarifa-electrica-fue-analizada-en-una-audiencia-publica-informativa\/#primaryimage","url":"http:\/\/www.isletasnoticias.com.ar\/%77%70%2d%63%6f%6e%74%65%6e%74\/uploads\/2016\/07\/b_1467842041.jpg","contentUrl":"http:\/\/www.isletasnoticias.com.ar\/%77%70%2d%63%6f%6e%74%65%6e%74\/uploads\/2016\/07\/b_1467842041.jpg"},{"@type":"BreadcrumbList","@id":"https:\/\/informelitoral.com.ar\/la-conformacion-de-la-tarifa-electrica-fue-analizada-en-una-audiencia-publica-informativa\/#breadcrumb","itemListElement":[{"@type":"ListItem","position":1,"name":"Portada","item":"https:\/\/informelitoral.com.ar\/"},{"@type":"ListItem","position":2,"name":"La conformaci\u00f3n de la tarifa el\u00e9ctrica fue analizada en una audiencia p\u00fablica informativa"}]},{"@type":"WebSite","@id":"https:\/\/informelitoral.com.ar\/#website","url":"https:\/\/informelitoral.com.ar\/","name":"Informe Litoral","description":"&quot;Nos informamos&quot; ","publisher":{"@id":"https:\/\/informelitoral.com.ar\/#organization"},"potentialAction":[{"@type":"SearchAction","target":{"@type":"EntryPoint","urlTemplate":"https:\/\/informelitoral.com.ar\/?s={search_term_string}"},"query-input":{"@type":"PropertyValueSpecification","valueRequired":true,"valueName":"search_term_string"}}],"inLanguage":"es"},{"@type":"Organization","@id":"https:\/\/informelitoral.com.ar\/#organization","name":"Informe Litoral","url":"https:\/\/informelitoral.com.ar\/","logo":{"@type":"ImageObject","inLanguage":"es","@id":"https:\/\/informelitoral.com.ar\/#\/schema\/logo\/image\/","url":"https:\/\/informelitoral.com.ar\/%77%70%2d%63%6f%6e%74%65%6e%74\/uploads\/2021\/01\/circulo.png","contentUrl":"https:\/\/informelitoral.com.ar\/%77%70%2d%63%6f%6e%74%65%6e%74\/uploads\/2021\/01\/circulo.png","width":723,"height":731,"caption":"Informe Litoral"},"image":{"@id":"https:\/\/informelitoral.com.ar\/#\/schema\/logo\/image\/"},"sameAs":["https:\/\/www.facebook.com\/informelitoral\/","https:\/\/x.com\/InformeLitoral","https:\/\/www.instagram.com\/informelitoral\/","https:\/\/www.youtube.com\/channel\/UCua4Qvz8Icb6MYqhoq9xLXw"]},{"@type":"Person","@id":"https:\/\/informelitoral.com.ar\/#\/schema\/person\/b9d00407c836482871ef1d57bf8e3180","name":"Gonzalo Schmidt","image":{"@type":"ImageObject","inLanguage":"es","@id":"https:\/\/secure.gravatar.com\/avatar\/31a1a7b66ff2de83bd0e9fd79d026630d2d99e55e8bfe501287647b4fd9743de?s=96&d=mm&r=g","url":"https:\/\/secure.gravatar.com\/avatar\/31a1a7b66ff2de83bd0e9fd79d026630d2d99e55e8bfe501287647b4fd9743de?s=96&d=mm&r=g","contentUrl":"https:\/\/secure.gravatar.com\/avatar\/31a1a7b66ff2de83bd0e9fd79d026630d2d99e55e8bfe501287647b4fd9743de?s=96&d=mm&r=g","caption":"Gonzalo Schmidt"},"description":"Sitio web de noticias de la provincia de Entre R\u00edos, Argentina. Informaci\u00f3n y entretenimiento. Informe Litoral, nos informamos.","sameAs":["http:\/\/www.isletasnoticias.com.ar"],"url":"https:\/\/informelitoral.com.ar\/author\/gonzalo\/"}]}},"_links":{"self":[{"href":"https:\/\/informelitoral.com.ar\/%77%70%2d%6a%73%6f%6e\/wp\/v2\/posts\/17029","targetHints":{"allow":["GET"]}}],"collection":[{"href":"https:\/\/informelitoral.com.ar\/%77%70%2d%6a%73%6f%6e\/wp\/v2\/posts"}],"about":[{"href":"https:\/\/informelitoral.com.ar\/%77%70%2d%6a%73%6f%6e\/wp\/v2\/types\/post"}],"author":[{"embeddable":true,"href":"https:\/\/informelitoral.com.ar\/%77%70%2d%6a%73%6f%6e\/wp\/v2\/users\/2"}],"replies":[{"embeddable":true,"href":"https:\/\/informelitoral.com.ar\/%77%70%2d%6a%73%6f%6e\/wp\/v2\/comments?post=17029"}],"version-history":[{"count":0,"href":"https:\/\/informelitoral.com.ar\/%77%70%2d%6a%73%6f%6e\/wp\/v2\/posts\/17029\/revisions"}],"wp:attachment":[{"href":"https:\/\/informelitoral.com.ar\/%77%70%2d%6a%73%6f%6e\/wp\/v2\/media?parent=17029"}],"wp:term":[{"taxonomy":"category","embeddable":true,"href":"https:\/\/informelitoral.com.ar\/%77%70%2d%6a%73%6f%6e\/wp\/v2\/categories?post=17029"},{"taxonomy":"post_tag","embeddable":true,"href":"https:\/\/informelitoral.com.ar\/%77%70%2d%6a%73%6f%6e\/wp\/v2\/tags?post=17029"}],"curies":[{"name":"wp","href":"https:\/\/api.w.org\/{rel}","templated":true}]}}