{"id":17015,"date":"2016-07-06T08:11:49","date_gmt":"2016-07-06T11:11:49","guid":{"rendered":"http:\/\/www.isletasnoticias.com.ar\/?p=17015"},"modified":"2016-07-06T08:17:02","modified_gmt":"2016-07-06T11:17:02","slug":"ramirez-entrega-de-indumentaria-y-capacitacion","status":"publish","type":"post","link":"https:\/\/informelitoral.com.ar\/ramirez-entrega-de-indumentaria-y-capacitacion\/","title":{"rendered":"Ram\u00edrez: entrega de indumentaria y capacitaci\u00f3n"},"content":{"rendered":"<p><strong>Desde el municipio realizaron una nueva entrega de indumentaria. Hasta el momento recibieron ropa de trabajo el personal del servicio de recolecci\u00f3n, seguridad vial, agua y cloacas. Pr\u00f3ximamente se completar\u00e1 la totalidad de las \u00e1reas municipales. Por otro lado, se desarroll\u00f3 una jornada de capacitaci\u00f3n destinada a los responsables de las oficinas de Empleo.\u00a0<a href=\"http:\/\/www.isletasnoticias.com.ar\/%77%70%2d%63%6f%6e%74%65%6e%74\/uploads\/2016\/07\/indumentaria-1.jpg\"><img loading=\"lazy\" decoding=\"async\" class=\"aligncenter wp-image-17017 size-full\" src=\"http:\/\/www.isletasnoticias.com.ar\/%77%70%2d%63%6f%6e%74%65%6e%74\/uploads\/2016\/07\/indumentaria-1.jpg\" alt=\"indumentaria 1\" width=\"960\" height=\"637\" srcset=\"https:\/\/informelitoral.com.ar\/%77%70%2d%63%6f%6e%74%65%6e%74\/uploads\/2016\/07\/indumentaria-1.jpg 960w, https:\/\/informelitoral.com.ar\/%77%70%2d%63%6f%6e%74%65%6e%74\/uploads\/2016\/07\/indumentaria-1-300x199.jpg 300w, https:\/\/informelitoral.com.ar\/%77%70%2d%63%6f%6e%74%65%6e%74\/uploads\/2016\/07\/indumentaria-1-768x510.jpg 768w\" sizes=\"auto, (max-width: 960px) 100vw, 960px\" \/><\/a><\/strong><\/p>\n<p>En General Ram\u00edrez, dando cumplimiento a lo acordado durante la mesa de dialogo establecida entre el municipio y el Sindicato de Trabajadores Municipales, d\u00edas pasados se concret\u00f3 una nueva entrega de indumentaria que alcanz\u00f3 al personal que se desempe\u00f1a en Obras Sanitarias (agua y cloacas).<\/p>\n<p>Durante la entrega, que consisti\u00f3 en borcegu\u00edes, camisa y pantal\u00f3n de grafa, estuvieron presentes el presidente municipal <strong>Gustavo Vergara;<\/strong>\u00a0el secretario de Obras y Servicios P\u00fablicos,<span class=\"x_text_exposed_show\">\u00a0<strong>Dar\u00edo Chaparro<\/strong> y el secretario General del Sindicato,\u00a0<strong>Marcos Romero<\/strong>. \u00abEn los pr\u00f3ximos d\u00edas la entrega ser\u00e1 complementada con mascaras especiales para el sector de cloacas\u00bb, indicaron desde el Ejecutivo en un texto enviado a <strong><em>IN.<\/em><\/strong><\/span><\/p>\n<div class=\"x_text_exposed_show\">\n<p>Hasta ahora, los sectores que recibieron su ropa de trabajo son: servicio de recolecci\u00f3n, seguridad vial, agua y cloacas. Est\u00e1 previsto que la siguiente entrega incluya al resto del personal administrativo y de servicios.<\/p>\n<\/div>\n<div id=\"x_Signature\">\n<p><strong>Capacitaci\u00f3n en la Oficina de Empleo<\/strong><\/p>\n<p>D\u00edas pasados el municipio de General Ram\u00edrez fue sede de una capacitaci\u00f3n organizada por la Gerencia de Empleo y Capacitaci\u00f3n Laboral del Ministerio de Trabajo de la Naci\u00f3n. La misma estuvo dirigida a responsables de Oficinas de Empleo Locales, contando con la participaci\u00f3n de representantes de los municipios de Diamante y Nogoy\u00e1.<a href=\"http:\/\/www.isletasnoticias.com.ar\/%77%70%2d%63%6f%6e%74%65%6e%74\/uploads\/2016\/07\/capacitacion-1.jpg\"><img loading=\"lazy\" decoding=\"async\" class=\"size-medium wp-image-17016 alignright\" src=\"http:\/\/www.isletasnoticias.com.ar\/%77%70%2d%63%6f%6e%74%65%6e%74\/uploads\/2016\/07\/capacitacion-1-300x169.jpg\" alt=\"capacitacion 1\" width=\"300\" height=\"169\" srcset=\"https:\/\/informelitoral.com.ar\/%77%70%2d%63%6f%6e%74%65%6e%74\/uploads\/2016\/07\/capacitacion-1-300x169.jpg 300w, https:\/\/informelitoral.com.ar\/%77%70%2d%63%6f%6e%74%65%6e%74\/uploads\/2016\/07\/capacitacion-1-768x432.jpg 768w, https:\/\/informelitoral.com.ar\/%77%70%2d%63%6f%6e%74%65%6e%74\/uploads\/2016\/07\/capacitacion-1.jpg 960w\" sizes=\"auto, (max-width: 300px) 100vw, 300px\" \/><\/a><\/p>\n<p>En la misma se comentaron los alcances y procedimientos para gestionar los distintos programas lanzados po<span class=\"x_text_exposed_show\">r el Ministerio, orientados a promover el empleo registrado, mejorar la empleabilidad de los trabajadores y facilitar su ingreso al mundo del trabajo.<\/span><\/p>\n<div class=\"x_text_exposed_show\">\n<p>Al respecto, la secretaria de Relaciones con la Comunidad,\u00a0<strong>Flavia Pamberger<\/strong> coment\u00f3 que \u201cestamos reestructurando la Oficina de Empleo. Hoy el Ministerio de Trabajo de la Naci\u00f3n est\u00e1 desarrollando las nuevas herramientas para la inclusi\u00f3n laboral, con programas orientados a la formaci\u00f3n profesional, asistencia a microemprendedores, talleres para la b\u00fasqueda de empleo \u00f3 de vinculaci\u00f3n con puestos de trabajo. Pronto tendremos novedades de todos ellos, nuestra idea es hacer m\u00e1s eficiente el trabajo que se ven\u00eda realizando para conectar trabajadores con empresas, y realizarlo con un acompa\u00f1amiento permanente.\u201d<\/p>\n<\/div>\n<\/div>\n","protected":false},"excerpt":{"rendered":"<p>Desde el municipio realizaron una nueva entrega de indumentaria. Hasta el momento recibieron ropa de trabajo el personal del servicio de recolecci&oacute;n, seguridad vial, agua y cloacas. Pr&oacute;ximamente se completar&aacute; la totalidad de las &aacute;reas municipales. Por otro lado, se desarroll&oacute; una jornada de capacitaci&oacute;n destinada a los responsables de las oficinas de Empleo.&nbsp; En [&hellip;]<\/p>\n","protected":false},"author":2,"featured_media":0,"comment_status":"open","ping_status":"open","sticky":false,"template":"","format":"standard","meta":{"fifu_image_url":"","fifu_image_alt":"","footnotes":""},"categories":[5],"tags":[],"class_list":{"0":"post-17015","1":"post","2":"type-post","3":"status-publish","4":"format-standard","6":"category-zonales"},"yoast_head":"<title>Ram\u00edrez: entrega de indumentaria y capacitaci\u00f3n - Informe Litoral<\/title>\n<meta name=\"robots\" content=\"index, follow, max-snippet:-1, max-image-preview:large, max-video-preview:-1\" \/>\n<link rel=\"canonical\" href=\"https:\/\/informelitoral.com.ar\/ramirez-entrega-de-indumentaria-y-capacitacion\/\" \/>\n<meta property=\"og:locale\" content=\"es_ES\" \/>\n<meta property=\"og:type\" content=\"article\" \/>\n<meta property=\"og:title\" content=\"Ram\u00edrez: entrega de indumentaria y capacitaci\u00f3n - Informe Litoral\" \/>\n<meta property=\"og:description\" content=\"Desde el municipio realizaron una nueva entrega de indumentaria. Hasta el momento recibieron ropa de trabajo el personal del servicio de recolecci&oacute;n, seguridad vial, agua y cloacas. Pr&oacute;ximamente se completar&aacute; la totalidad de las &aacute;reas municipales. Por otro lado, se desarroll&oacute; una jornada de capacitaci&oacute;n destinada a los responsables de las oficinas de Empleo.&nbsp; En [&hellip;]\" \/>\n<meta property=\"og:url\" content=\"https:\/\/informelitoral.com.ar\/ramirez-entrega-de-indumentaria-y-capacitacion\/\" \/>\n<meta property=\"og:site_name\" content=\"Informe Litoral\" \/>\n<meta property=\"article:publisher\" content=\"https:\/\/www.facebook.com\/informelitoral\/\" \/>\n<meta property=\"article:published_time\" content=\"2016-07-06T11:11:49+00:00\" \/>\n<meta property=\"article:modified_time\" content=\"2016-07-06T11:17:02+00:00\" \/>\n<meta property=\"og:image\" content=\"https:\/\/informelitoral.com.ar\/%77%70%2d%63%6f%6e%74%65%6e%74\/uploads\/2016\/07\/indumentaria-1.jpg\" \/>\n\t<meta property=\"og:image:width\" content=\"960\" \/>\n\t<meta property=\"og:image:height\" content=\"637\" \/>\n\t<meta property=\"og:image:type\" content=\"image\/jpeg\" \/>\n<meta name=\"author\" content=\"Gonzalo Schmidt\" \/>\n<meta name=\"twitter:card\" content=\"summary_large_image\" \/>\n<meta name=\"twitter:creator\" content=\"@InformeLitoral\" \/>\n<meta name=\"twitter:site\" content=\"@InformeLitoral\" \/>\n<meta name=\"twitter:label1\" content=\"Escrito por\" \/>\n\t<meta name=\"twitter:data1\" content=\"Gonzalo Schmidt\" \/>\n\t<meta name=\"twitter:label2\" content=\"Tiempo de lectura\" \/>\n\t<meta name=\"twitter:data2\" content=\"2 minutos\" \/>\n<script type=\"application\/ld+json\" class=\"yoast-schema-graph\">{\"@context\":\"https:\\\/\\\/schema.org\",\"@graph\":[{\"@type\":\"Article\",\"@id\":\"https:\\\/\\\/informelitoral.com.ar\\\/ramirez-entrega-de-indumentaria-y-capacitacion\\\/#article\",\"isPartOf\":{\"@id\":\"https:\\\/\\\/informelitoral.com.ar\\\/ramirez-entrega-de-indumentaria-y-capacitacion\\\/\"},\"author\":{\"name\":\"Gonzalo Schmidt\",\"@id\":\"https:\\\/\\\/informelitoral.com.ar\\\/#\\\/schema\\\/person\\\/b9d00407c836482871ef1d57bf8e3180\"},\"headline\":\"Ram\u00edrez: entrega de indumentaria y capacitaci\u00f3n\",\"datePublished\":\"2016-07-06T11:11:49+00:00\",\"dateModified\":\"2016-07-06T11:17:02+00:00\",\"mainEntityOfPage\":{\"@id\":\"https:\\\/\\\/informelitoral.com.ar\\\/ramirez-entrega-de-indumentaria-y-capacitacion\\\/\"},\"wordCount\":414,\"commentCount\":0,\"publisher\":{\"@id\":\"https:\\\/\\\/informelitoral.com.ar\\\/#organization\"},\"image\":{\"@id\":\"https:\\\/\\\/informelitoral.com.ar\\\/ramirez-entrega-de-indumentaria-y-capacitacion\\\/#primaryimage\"},\"thumbnailUrl\":\"http:\\\/\\\/www.isletasnoticias.com.ar\\\/%77%70%2d%63%6f%6e%74%65%6e%74\\\/uploads\\\/2016\\\/07\\\/indumentaria-1.jpg\",\"articleSection\":[\"Departamento Diamante\"],\"inLanguage\":\"es\",\"potentialAction\":[{\"@type\":\"CommentAction\",\"name\":\"Comment\",\"target\":[\"https:\\\/\\\/informelitoral.com.ar\\\/ramirez-entrega-de-indumentaria-y-capacitacion\\\/#respond\"]}]},{\"@type\":\"WebPage\",\"@id\":\"https:\\\/\\\/informelitoral.com.ar\\\/ramirez-entrega-de-indumentaria-y-capacitacion\\\/\",\"url\":\"https:\\\/\\\/informelitoral.com.ar\\\/ramirez-entrega-de-indumentaria-y-capacitacion\\\/\",\"name\":\"Ram\u00edrez: entrega de indumentaria y capacitaci\u00f3n - Informe Litoral\",\"isPartOf\":{\"@id\":\"https:\\\/\\\/informelitoral.com.ar\\\/#website\"},\"primaryImageOfPage\":{\"@id\":\"https:\\\/\\\/informelitoral.com.ar\\\/ramirez-entrega-de-indumentaria-y-capacitacion\\\/#primaryimage\"},\"image\":{\"@id\":\"https:\\\/\\\/informelitoral.com.ar\\\/ramirez-entrega-de-indumentaria-y-capacitacion\\\/#primaryimage\"},\"thumbnailUrl\":\"http:\\\/\\\/www.isletasnoticias.com.ar\\\/%77%70%2d%63%6f%6e%74%65%6e%74\\\/uploads\\\/2016\\\/07\\\/indumentaria-1.jpg\",\"datePublished\":\"2016-07-06T11:11:49+00:00\",\"dateModified\":\"2016-07-06T11:17:02+00:00\",\"breadcrumb\":{\"@id\":\"https:\\\/\\\/informelitoral.com.ar\\\/ramirez-entrega-de-indumentaria-y-capacitacion\\\/#breadcrumb\"},\"inLanguage\":\"es\",\"potentialAction\":[{\"@type\":\"ReadAction\",\"target\":[\"https:\\\/\\\/informelitoral.com.ar\\\/ramirez-entrega-de-indumentaria-y-capacitacion\\\/\"]}]},{\"@type\":\"ImageObject\",\"inLanguage\":\"es\",\"@id\":\"https:\\\/\\\/informelitoral.com.ar\\\/ramirez-entrega-de-indumentaria-y-capacitacion\\\/#primaryimage\",\"url\":\"http:\\\/\\\/www.isletasnoticias.com.ar\\\/%77%70%2d%63%6f%6e%74%65%6e%74\\\/uploads\\\/2016\\\/07\\\/indumentaria-1.jpg\",\"contentUrl\":\"http:\\\/\\\/www.isletasnoticias.com.ar\\\/%77%70%2d%63%6f%6e%74%65%6e%74\\\/uploads\\\/2016\\\/07\\\/indumentaria-1.jpg\"},{\"@type\":\"BreadcrumbList\",\"@id\":\"https:\\\/\\\/informelitoral.com.ar\\\/ramirez-entrega-de-indumentaria-y-capacitacion\\\/#breadcrumb\",\"itemListElement\":[{\"@type\":\"ListItem\",\"position\":1,\"name\":\"Portada\",\"item\":\"https:\\\/\\\/informelitoral.com.ar\\\/\"},{\"@type\":\"ListItem\",\"position\":2,\"name\":\"Ram\u00edrez: entrega de indumentaria y capacitaci\u00f3n\"}]},{\"@type\":\"WebSite\",\"@id\":\"https:\\\/\\\/informelitoral.com.ar\\\/#website\",\"url\":\"https:\\\/\\\/informelitoral.com.ar\\\/\",\"name\":\"Informe Litoral\",\"description\":\"&quot;Nos informamos&quot; \",\"publisher\":{\"@id\":\"https:\\\/\\\/informelitoral.com.ar\\\/#organization\"},\"potentialAction\":[{\"@type\":\"SearchAction\",\"target\":{\"@type\":\"EntryPoint\",\"urlTemplate\":\"https:\\\/\\\/informelitoral.com.ar\\\/?s={search_term_string}\"},\"query-input\":{\"@type\":\"PropertyValueSpecification\",\"valueRequired\":true,\"valueName\":\"search_term_string\"}}],\"inLanguage\":\"es\"},{\"@type\":\"Organization\",\"@id\":\"https:\\\/\\\/informelitoral.com.ar\\\/#organization\",\"name\":\"Informe Litoral\",\"url\":\"https:\\\/\\\/informelitoral.com.ar\\\/\",\"logo\":{\"@type\":\"ImageObject\",\"inLanguage\":\"es\",\"@id\":\"https:\\\/\\\/informelitoral.com.ar\\\/#\\\/schema\\\/logo\\\/image\\\/\",\"url\":\"https:\\\/\\\/informelitoral.com.ar\\\/%77%70%2d%63%6f%6e%74%65%6e%74\\\/uploads\\\/2021\\\/01\\\/circulo.png\",\"contentUrl\":\"https:\\\/\\\/informelitoral.com.ar\\\/%77%70%2d%63%6f%6e%74%65%6e%74\\\/uploads\\\/2021\\\/01\\\/circulo.png\",\"width\":723,\"height\":731,\"caption\":\"Informe Litoral\"},\"image\":{\"@id\":\"https:\\\/\\\/informelitoral.com.ar\\\/#\\\/schema\\\/logo\\\/image\\\/\"},\"sameAs\":[\"https:\\\/\\\/www.facebook.com\\\/informelitoral\\\/\",\"https:\\\/\\\/x.com\\\/InformeLitoral\",\"https:\\\/\\\/www.instagram.com\\\/informelitoral\\\/\",\"https:\\\/\\\/www.youtube.com\\\/channel\\\/UCua4Qvz8Icb6MYqhoq9xLXw\"]},{\"@type\":\"Person\",\"@id\":\"https:\\\/\\\/informelitoral.com.ar\\\/#\\\/schema\\\/person\\\/b9d00407c836482871ef1d57bf8e3180\",\"name\":\"Gonzalo Schmidt\",\"image\":{\"@type\":\"ImageObject\",\"inLanguage\":\"es\",\"@id\":\"https:\\\/\\\/secure.gravatar.com\\\/avatar\\\/31a1a7b66ff2de83bd0e9fd79d026630d2d99e55e8bfe501287647b4fd9743de?s=96&d=mm&r=g\",\"url\":\"https:\\\/\\\/secure.gravatar.com\\\/avatar\\\/31a1a7b66ff2de83bd0e9fd79d026630d2d99e55e8bfe501287647b4fd9743de?s=96&d=mm&r=g\",\"contentUrl\":\"https:\\\/\\\/secure.gravatar.com\\\/avatar\\\/31a1a7b66ff2de83bd0e9fd79d026630d2d99e55e8bfe501287647b4fd9743de?s=96&d=mm&r=g\",\"caption\":\"Gonzalo Schmidt\"},\"description\":\"Sitio web de noticias de la provincia de Entre R\u00edos, Argentina. Informaci\u00f3n y entretenimiento. Informe Litoral, nos informamos.\",\"sameAs\":[\"http:\\\/\\\/www.isletasnoticias.com.ar\"],\"url\":\"https:\\\/\\\/informelitoral.com.ar\\\/author\\\/gonzalo\\\/\"}]}<\/script>","yoast_head_json":{"title":"Ram\u00edrez: entrega de indumentaria y capacitaci\u00f3n - Informe Litoral","robots":{"index":"index","follow":"follow","max-snippet":"max-snippet:-1","max-image-preview":"max-image-preview:large","max-video-preview":"max-video-preview:-1"},"canonical":"https:\/\/informelitoral.com.ar\/ramirez-entrega-de-indumentaria-y-capacitacion\/","og_locale":"es_ES","og_type":"article","og_title":"Ram\u00edrez: entrega de indumentaria y capacitaci\u00f3n - Informe Litoral","og_description":"Desde el municipio realizaron una nueva entrega de indumentaria. Hasta el momento recibieron ropa de trabajo el personal del servicio de recolecci&oacute;n, seguridad vial, agua y cloacas. Pr&oacute;ximamente se completar&aacute; la totalidad de las &aacute;reas municipales. Por otro lado, se desarroll&oacute; una jornada de capacitaci&oacute;n destinada a los responsables de las oficinas de Empleo.&nbsp; En [&hellip;]","og_url":"https:\/\/informelitoral.com.ar\/ramirez-entrega-de-indumentaria-y-capacitacion\/","og_site_name":"Informe Litoral","article_publisher":"https:\/\/www.facebook.com\/informelitoral\/","article_published_time":"2016-07-06T11:11:49+00:00","article_modified_time":"2016-07-06T11:17:02+00:00","og_image":[{"width":960,"height":637,"url":"https:\/\/informelitoral.com.ar\/%77%70%2d%63%6f%6e%74%65%6e%74\/uploads\/2016\/07\/indumentaria-1.jpg","type":"image\/jpeg"}],"author":"Gonzalo Schmidt","twitter_card":"summary_large_image","twitter_creator":"@InformeLitoral","twitter_site":"@InformeLitoral","twitter_misc":{"Escrito por":"Gonzalo Schmidt","Tiempo de lectura":"2 minutos"},"schema":{"@context":"https:\/\/schema.org","@graph":[{"@type":"Article","@id":"https:\/\/informelitoral.com.ar\/ramirez-entrega-de-indumentaria-y-capacitacion\/#article","isPartOf":{"@id":"https:\/\/informelitoral.com.ar\/ramirez-entrega-de-indumentaria-y-capacitacion\/"},"author":{"name":"Gonzalo Schmidt","@id":"https:\/\/informelitoral.com.ar\/#\/schema\/person\/b9d00407c836482871ef1d57bf8e3180"},"headline":"Ram\u00edrez: entrega de indumentaria y capacitaci\u00f3n","datePublished":"2016-07-06T11:11:49+00:00","dateModified":"2016-07-06T11:17:02+00:00","mainEntityOfPage":{"@id":"https:\/\/informelitoral.com.ar\/ramirez-entrega-de-indumentaria-y-capacitacion\/"},"wordCount":414,"commentCount":0,"publisher":{"@id":"https:\/\/informelitoral.com.ar\/#organization"},"image":{"@id":"https:\/\/informelitoral.com.ar\/ramirez-entrega-de-indumentaria-y-capacitacion\/#primaryimage"},"thumbnailUrl":"http:\/\/www.isletasnoticias.com.ar\/%77%70%2d%63%6f%6e%74%65%6e%74\/uploads\/2016\/07\/indumentaria-1.jpg","articleSection":["Departamento Diamante"],"inLanguage":"es","potentialAction":[{"@type":"CommentAction","name":"Comment","target":["https:\/\/informelitoral.com.ar\/ramirez-entrega-de-indumentaria-y-capacitacion\/#respond"]}]},{"@type":"WebPage","@id":"https:\/\/informelitoral.com.ar\/ramirez-entrega-de-indumentaria-y-capacitacion\/","url":"https:\/\/informelitoral.com.ar\/ramirez-entrega-de-indumentaria-y-capacitacion\/","name":"Ram\u00edrez: entrega de indumentaria y capacitaci\u00f3n - Informe Litoral","isPartOf":{"@id":"https:\/\/informelitoral.com.ar\/#website"},"primaryImageOfPage":{"@id":"https:\/\/informelitoral.com.ar\/ramirez-entrega-de-indumentaria-y-capacitacion\/#primaryimage"},"image":{"@id":"https:\/\/informelitoral.com.ar\/ramirez-entrega-de-indumentaria-y-capacitacion\/#primaryimage"},"thumbnailUrl":"http:\/\/www.isletasnoticias.com.ar\/%77%70%2d%63%6f%6e%74%65%6e%74\/uploads\/2016\/07\/indumentaria-1.jpg","datePublished":"2016-07-06T11:11:49+00:00","dateModified":"2016-07-06T11:17:02+00:00","breadcrumb":{"@id":"https:\/\/informelitoral.com.ar\/ramirez-entrega-de-indumentaria-y-capacitacion\/#breadcrumb"},"inLanguage":"es","potentialAction":[{"@type":"ReadAction","target":["https:\/\/informelitoral.com.ar\/ramirez-entrega-de-indumentaria-y-capacitacion\/"]}]},{"@type":"ImageObject","inLanguage":"es","@id":"https:\/\/informelitoral.com.ar\/ramirez-entrega-de-indumentaria-y-capacitacion\/#primaryimage","url":"http:\/\/www.isletasnoticias.com.ar\/%77%70%2d%63%6f%6e%74%65%6e%74\/uploads\/2016\/07\/indumentaria-1.jpg","contentUrl":"http:\/\/www.isletasnoticias.com.ar\/%77%70%2d%63%6f%6e%74%65%6e%74\/uploads\/2016\/07\/indumentaria-1.jpg"},{"@type":"BreadcrumbList","@id":"https:\/\/informelitoral.com.ar\/ramirez-entrega-de-indumentaria-y-capacitacion\/#breadcrumb","itemListElement":[{"@type":"ListItem","position":1,"name":"Portada","item":"https:\/\/informelitoral.com.ar\/"},{"@type":"ListItem","position":2,"name":"Ram\u00edrez: entrega de indumentaria y capacitaci\u00f3n"}]},{"@type":"WebSite","@id":"https:\/\/informelitoral.com.ar\/#website","url":"https:\/\/informelitoral.com.ar\/","name":"Informe Litoral","description":"&quot;Nos informamos&quot; ","publisher":{"@id":"https:\/\/informelitoral.com.ar\/#organization"},"potentialAction":[{"@type":"SearchAction","target":{"@type":"EntryPoint","urlTemplate":"https:\/\/informelitoral.com.ar\/?s={search_term_string}"},"query-input":{"@type":"PropertyValueSpecification","valueRequired":true,"valueName":"search_term_string"}}],"inLanguage":"es"},{"@type":"Organization","@id":"https:\/\/informelitoral.com.ar\/#organization","name":"Informe Litoral","url":"https:\/\/informelitoral.com.ar\/","logo":{"@type":"ImageObject","inLanguage":"es","@id":"https:\/\/informelitoral.com.ar\/#\/schema\/logo\/image\/","url":"https:\/\/informelitoral.com.ar\/%77%70%2d%63%6f%6e%74%65%6e%74\/uploads\/2021\/01\/circulo.png","contentUrl":"https:\/\/informelitoral.com.ar\/%77%70%2d%63%6f%6e%74%65%6e%74\/uploads\/2021\/01\/circulo.png","width":723,"height":731,"caption":"Informe Litoral"},"image":{"@id":"https:\/\/informelitoral.com.ar\/#\/schema\/logo\/image\/"},"sameAs":["https:\/\/www.facebook.com\/informelitoral\/","https:\/\/x.com\/InformeLitoral","https:\/\/www.instagram.com\/informelitoral\/","https:\/\/www.youtube.com\/channel\/UCua4Qvz8Icb6MYqhoq9xLXw"]},{"@type":"Person","@id":"https:\/\/informelitoral.com.ar\/#\/schema\/person\/b9d00407c836482871ef1d57bf8e3180","name":"Gonzalo Schmidt","image":{"@type":"ImageObject","inLanguage":"es","@id":"https:\/\/secure.gravatar.com\/avatar\/31a1a7b66ff2de83bd0e9fd79d026630d2d99e55e8bfe501287647b4fd9743de?s=96&d=mm&r=g","url":"https:\/\/secure.gravatar.com\/avatar\/31a1a7b66ff2de83bd0e9fd79d026630d2d99e55e8bfe501287647b4fd9743de?s=96&d=mm&r=g","contentUrl":"https:\/\/secure.gravatar.com\/avatar\/31a1a7b66ff2de83bd0e9fd79d026630d2d99e55e8bfe501287647b4fd9743de?s=96&d=mm&r=g","caption":"Gonzalo Schmidt"},"description":"Sitio web de noticias de la provincia de Entre R\u00edos, Argentina. Informaci\u00f3n y entretenimiento. Informe Litoral, nos informamos.","sameAs":["http:\/\/www.isletasnoticias.com.ar"],"url":"https:\/\/informelitoral.com.ar\/author\/gonzalo\/"}]}},"_links":{"self":[{"href":"https:\/\/informelitoral.com.ar\/%77%70%2d%6a%73%6f%6e\/wp\/v2\/posts\/17015","targetHints":{"allow":["GET"]}}],"collection":[{"href":"https:\/\/informelitoral.com.ar\/%77%70%2d%6a%73%6f%6e\/wp\/v2\/posts"}],"about":[{"href":"https:\/\/informelitoral.com.ar\/%77%70%2d%6a%73%6f%6e\/wp\/v2\/types\/post"}],"author":[{"embeddable":true,"href":"https:\/\/informelitoral.com.ar\/%77%70%2d%6a%73%6f%6e\/wp\/v2\/users\/2"}],"replies":[{"embeddable":true,"href":"https:\/\/informelitoral.com.ar\/%77%70%2d%6a%73%6f%6e\/wp\/v2\/comments?post=17015"}],"version-history":[{"count":0,"href":"https:\/\/informelitoral.com.ar\/%77%70%2d%6a%73%6f%6e\/wp\/v2\/posts\/17015\/revisions"}],"wp:attachment":[{"href":"https:\/\/informelitoral.com.ar\/%77%70%2d%6a%73%6f%6e\/wp\/v2\/media?parent=17015"}],"wp:term":[{"taxonomy":"category","embeddable":true,"href":"https:\/\/informelitoral.com.ar\/%77%70%2d%6a%73%6f%6e\/wp\/v2\/categories?post=17015"},{"taxonomy":"post_tag","embeddable":true,"href":"https:\/\/informelitoral.com.ar\/%77%70%2d%6a%73%6f%6e\/wp\/v2\/tags?post=17015"}],"curies":[{"name":"wp","href":"https:\/\/api.w.org\/{rel}","templated":true}]}}