{"id":17012,"date":"2016-07-06T07:56:45","date_gmt":"2016-07-06T10:56:45","guid":{"rendered":"http:\/\/www.isletasnoticias.com.ar\/?p=17012"},"modified":"2016-07-06T07:56:45","modified_gmt":"2016-07-06T10:56:45","slug":"agmer-ratifico-que-corre-serio-riesgo-el-reinicio-del-ciclo-lectivo","status":"publish","type":"post","link":"https:\/\/informelitoral.com.ar\/agmer-ratifico-que-corre-serio-riesgo-el-reinicio-del-ciclo-lectivo\/","title":{"rendered":"Agmer ratific\u00f3 que \u00abcorre serio riesgo\u00bb el reinicio del ciclo lectivo"},"content":{"rendered":"<p><strong>El Consejo de Secretarios Generales de Agmer intim\u00f3 al gobierno para que presente \u00aben un plazo perentorio\u00bb una nueva oferta salarial, de lo contrario \u00abcorre serio riesgo\u00bb el inicio de la segunda mitad del ciclo lectivo 2016.<a href=\"http:\/\/www.isletasnoticias.com.ar\/%77%70%2d%63%6f%6e%74%65%6e%74\/uploads\/2016\/07\/o_1467790114.jpg\"><img loading=\"lazy\" decoding=\"async\" class=\"aligncenter wp-image-17013 size-full\" src=\"http:\/\/www.isletasnoticias.com.ar\/%77%70%2d%63%6f%6e%74%65%6e%74\/uploads\/2016\/07\/o_1467790114.jpg\" alt=\"o_1467790114\" width=\"800\" height=\"450\" srcset=\"https:\/\/informelitoral.com.ar\/%77%70%2d%63%6f%6e%74%65%6e%74\/uploads\/2016\/07\/o_1467790114.jpg 800w, https:\/\/informelitoral.com.ar\/%77%70%2d%63%6f%6e%74%65%6e%74\/uploads\/2016\/07\/o_1467790114-300x169.jpg 300w, https:\/\/informelitoral.com.ar\/%77%70%2d%63%6f%6e%74%65%6e%74\/uploads\/2016\/07\/o_1467790114-768x432.jpg 768w\" sizes=\"auto, (max-width: 800px) 100vw, 800px\" \/><\/a><\/strong><\/p>\n<p>El Consejo de Secretarios Generales de Agmer se reuni\u00f3 en Col\u00f3n y emiti\u00f3 una declaraci\u00f3n donde expresa que \u00abla cuesti\u00f3n salarial sigue irresuelta y es responsabilidad del gobierno entrerriano dar una respuesta a la demanda docente\u00bb, reprodujo <em>Elonce.com<\/em><\/p>\n<p>\u00abSi bien a principios de a\u00f1o se acept\u00f3 una propuesta salarial, se declar\u00f3 como insuficiente a la misma y se dej\u00f3 sentado que se exigir\u00eda una nueva negociaci\u00f3n salarial para el segundo semestre\u00bb, recordaron tras se\u00f1alar que \u00abel impacto de la inflaci\u00f3n sobre los bolsillos de los trabajadores fue muy duro en lo que va del a\u00f1o, no se cumplieron las previsiones del gobierno nacional de una inflaci\u00f3n del 25 por ciento y el mismo ministro de econom\u00eda de la Naci\u00f3n reconoce que la inflaci\u00f3n se ubica por encima del 40 por ciento\u00bb.<\/p>\n<p>\u00abEstos aumentos se han dado m\u00e1s fuertemente en alimentos y productos que utiliza la clase trabajadora y nada hace prever que la inflaci\u00f3n se detenga en los pr\u00f3ximos meses puesto que ya se escuchan voces desde sectores del poder que plantean una posible nueva devaluaci\u00f3n\u00bb, alertaron desde Agmer.<\/p>\n<p>Por tal motivo, los secretarios generales definieron \u00abintimar al Gobierno provincial que en un plazo perentorio presente una nueva oferta salarial concreta que satisfaga las demandas docentes y advertimos que de no ser as\u00ed corre serio riesgo el inicio de la segunda mitad del Ciclo Lectivo 2016 y la normalidad del mismo\u00bb.<\/p>\n<p>\u00abA efectos de analizar la situaci\u00f3n, acompa\u00f1amos la decisi\u00f3n de la Comisi\u00f3n Directiva Central de realizar un Congreso el d\u00eda 22 de julio, \u00faltimo d\u00eda de receso escolar\u00bb, anunciaron.<\/p>\n<p>\u00abRepudiamos una vez m\u00e1s el impuesto sobre los salarios, hemos reiterado a lo largo de los \u00faltimos a\u00f1os que no se debe considerar &#8216;ganancia&#8217; al salario de activos y jubilados. Vemos con preocupaci\u00f3n que cada vez son m\u00e1s los compa\u00f1eros trabajadores alcanzados por este impuesto\u00bb, destacaron los secretarios generales.<\/p>\n<p>Sin dejar de reiterar \u00abla defensa de la ley jubilatoria provincial y del Sistema Solidario Nacional\u00bb, afirmaron que \u00abno permitir\u00e1n que se vulneren nuestros derechos ni los de los compa\u00f1eros jubilados. Vemos con preocupaci\u00f3n las declaraciones de funcionarios provinciales y nacionales que al hablar de los sistemas previsionales provinciales hacen hincapi\u00e9 en el supuesto d\u00e9ficit de las cajas y no hablan de distribuci\u00f3n de la riqueza. No aceptaremos ning\u00fan tipo de &#8216;armonizaci\u00f3n&#8217; de las leyes jubilatorias\u00bb.<\/p>\n<p>\u00abDemandamos al Gobierno de la Provincia el aumento y pago inmediato de la deuda de las partidas para limpieza, arreglos de las instituciones, art\u00edculos de librer\u00eda y papeler\u00eda puesto que las mismas son absolutamente insuficientes en toda la provincia. En el mismo sentido exigimos que sea el estado el que se haga cargo de los servicios p\u00fablicos en las instituciones escolares. El atraso y la insuficiencia de las partidas de limpieza preocupa a\u00fan m\u00e1s ante los brotes de enfermedades estacionales como por ejemplo la gripe A y otras respiratorias\u00bb, subrayaron.<\/p>\n<p>Este reclamo, contradice lo anunciado por el titular del CGE Jos\u00e9 Luis Panozzo en junio pasado a esta Agencia cuando inform\u00f3 que por el avance de la gripe A, se estaban \u00abregularizando\u00bb las partidas de limpieza adeudada a las escuelas.<\/p>\n<p>\u00abEn cuanto a los comedores escolares, se\u00f1alamos la preocupaci\u00f3n tanto por el aumento de los chicos que asisten a los mismos como por lo insuficiente del monto de las partidas destinadas a tal fin. Nadie puede pensar que con 10 pesos por alumno se puede proporcionar una alimentaci\u00f3n saludable y equilibrada, m\u00e1s teniendo en cuenta que con esa cifra debe proporcionarse desayuno, almuerzo, merienda, limpiar el comedor, los utensilios y pagar el gas\u00bb, agregaron los secretarios generales.<\/p>\n<p>En tanto, denuncian que \u00ablas comisiones m\u00e9dicas \u00fanicas han pasado a funcionar como instrumento al servicio del ajuste, lejos de ser \u00f3rganos de contralor que contribuyan a la prevenci\u00f3n de enfermedades. Relevamos a diario quejas de compa\u00f1eros que denuncian situaciones de maltrato, adem\u00e1s del retaceo de las licencias otorgadas por el facultativo\u00bb.<\/p>\n<p>Finalmente, los dirigentes departamentales de Agmer informaron que acompa\u00f1an \u00abla demanda de Ctera de aumento del porcentaje de PBI destinado a educaci\u00f3n. Consideramos clave llegar al 10 por ciento del presupuesto\u00bb como tambi\u00e9n expresaron \u00absu repudio\u00bb a \u00abla criminal represi\u00f3n por parte del estado mexicano a la lucha de nuestros compa\u00f1eros docentes de aquel pa\u00eds. Expresamos nuestra solidaridad con todos los trabajadores en lucha de Argentina y de los pa\u00edses latinoamericanos hermanos\u00bb.<\/p>\n","protected":false},"excerpt":{"rendered":"<p>El Consejo de Secretarios Generales de Agmer intim&oacute; al gobierno para que presente &laquo;en un plazo perentorio&raquo; una nueva oferta salarial, de lo contrario &laquo;corre serio riesgo&raquo; el inicio de la segunda mitad del ciclo lectivo 2016. El Consejo de Secretarios Generales de Agmer se reuni&oacute; en Col&oacute;n y emiti&oacute; una declaraci&oacute;n donde expresa que [&hellip;]<\/p>\n","protected":false},"author":2,"featured_media":0,"comment_status":"open","ping_status":"open","sticky":false,"template":"","format":"standard","meta":{"fifu_image_url":"","fifu_image_alt":"","footnotes":""},"categories":[6],"tags":[],"class_list":{"0":"post-17012","1":"post","2":"type-post","3":"status-publish","4":"format-standard","6":"category-entre-rios"},"yoast_head":"<title>Agmer ratific\u00f3 que &quot;corre serio riesgo&quot; el reinicio del ciclo lectivo - Informe Litoral<\/title>\n<meta name=\"robots\" content=\"index, follow, max-snippet:-1, max-image-preview:large, max-video-preview:-1\" \/>\n<link rel=\"canonical\" href=\"https:\/\/informelitoral.com.ar\/agmer-ratifico-que-corre-serio-riesgo-el-reinicio-del-ciclo-lectivo\/\" \/>\n<meta property=\"og:locale\" content=\"es_ES\" \/>\n<meta property=\"og:type\" content=\"article\" \/>\n<meta property=\"og:title\" content=\"Agmer ratific\u00f3 que &quot;corre serio riesgo&quot; el reinicio del ciclo lectivo - Informe Litoral\" \/>\n<meta property=\"og:description\" content=\"El Consejo de Secretarios Generales de Agmer intim&oacute; al gobierno para que presente &laquo;en un plazo perentorio&raquo; una nueva oferta salarial, de lo contrario &laquo;corre serio riesgo&raquo; el inicio de la segunda mitad del ciclo lectivo 2016. El Consejo de Secretarios Generales de Agmer se reuni&oacute; en Col&oacute;n y emiti&oacute; una declaraci&oacute;n donde expresa que [&hellip;]\" \/>\n<meta property=\"og:url\" content=\"https:\/\/informelitoral.com.ar\/agmer-ratifico-que-corre-serio-riesgo-el-reinicio-del-ciclo-lectivo\/\" \/>\n<meta property=\"og:site_name\" content=\"Informe Litoral\" \/>\n<meta property=\"article:publisher\" content=\"https:\/\/www.facebook.com\/informelitoral\/\" \/>\n<meta property=\"article:published_time\" content=\"2016-07-06T10:56:45+00:00\" \/>\n<meta property=\"og:image\" content=\"https:\/\/informelitoral.com.ar\/%77%70%2d%63%6f%6e%74%65%6e%74\/uploads\/2016\/07\/o_1467790114.jpg\" \/>\n\t<meta property=\"og:image:width\" content=\"800\" \/>\n\t<meta property=\"og:image:height\" content=\"450\" \/>\n\t<meta property=\"og:image:type\" content=\"image\/jpeg\" \/>\n<meta name=\"author\" content=\"Gonzalo Schmidt\" \/>\n<meta name=\"twitter:card\" content=\"summary_large_image\" \/>\n<meta name=\"twitter:creator\" content=\"@InformeLitoral\" \/>\n<meta name=\"twitter:site\" content=\"@InformeLitoral\" \/>\n<meta name=\"twitter:label1\" content=\"Escrito por\" \/>\n\t<meta name=\"twitter:data1\" content=\"Gonzalo Schmidt\" \/>\n\t<meta name=\"twitter:label2\" content=\"Tiempo de lectura\" \/>\n\t<meta name=\"twitter:data2\" content=\"4 minutos\" \/>\n<script type=\"application\/ld+json\" class=\"yoast-schema-graph\">{\"@context\":\"https:\\\/\\\/schema.org\",\"@graph\":[{\"@type\":\"Article\",\"@id\":\"https:\\\/\\\/informelitoral.com.ar\\\/agmer-ratifico-que-corre-serio-riesgo-el-reinicio-del-ciclo-lectivo\\\/#article\",\"isPartOf\":{\"@id\":\"https:\\\/\\\/informelitoral.com.ar\\\/agmer-ratifico-que-corre-serio-riesgo-el-reinicio-del-ciclo-lectivo\\\/\"},\"author\":{\"name\":\"Gonzalo Schmidt\",\"@id\":\"https:\\\/\\\/informelitoral.com.ar\\\/#\\\/schema\\\/person\\\/b9d00407c836482871ef1d57bf8e3180\"},\"headline\":\"Agmer ratific\u00f3 que \u00abcorre serio riesgo\u00bb el reinicio del ciclo lectivo\",\"datePublished\":\"2016-07-06T10:56:45+00:00\",\"mainEntityOfPage\":{\"@id\":\"https:\\\/\\\/informelitoral.com.ar\\\/agmer-ratifico-que-corre-serio-riesgo-el-reinicio-del-ciclo-lectivo\\\/\"},\"wordCount\":814,\"commentCount\":0,\"publisher\":{\"@id\":\"https:\\\/\\\/informelitoral.com.ar\\\/#organization\"},\"image\":{\"@id\":\"https:\\\/\\\/informelitoral.com.ar\\\/agmer-ratifico-que-corre-serio-riesgo-el-reinicio-del-ciclo-lectivo\\\/#primaryimage\"},\"thumbnailUrl\":\"http:\\\/\\\/www.isletasnoticias.com.ar\\\/%77%70%2d%63%6f%6e%74%65%6e%74\\\/uploads\\\/2016\\\/07\\\/o_1467790114.jpg\",\"articleSection\":[\"Entre R\u00edos\"],\"inLanguage\":\"es\",\"potentialAction\":[{\"@type\":\"CommentAction\",\"name\":\"Comment\",\"target\":[\"https:\\\/\\\/informelitoral.com.ar\\\/agmer-ratifico-que-corre-serio-riesgo-el-reinicio-del-ciclo-lectivo\\\/#respond\"]}]},{\"@type\":\"WebPage\",\"@id\":\"https:\\\/\\\/informelitoral.com.ar\\\/agmer-ratifico-que-corre-serio-riesgo-el-reinicio-del-ciclo-lectivo\\\/\",\"url\":\"https:\\\/\\\/informelitoral.com.ar\\\/agmer-ratifico-que-corre-serio-riesgo-el-reinicio-del-ciclo-lectivo\\\/\",\"name\":\"Agmer ratific\u00f3 que \\\"corre serio riesgo\\\" el reinicio del ciclo lectivo - Informe Litoral\",\"isPartOf\":{\"@id\":\"https:\\\/\\\/informelitoral.com.ar\\\/#website\"},\"primaryImageOfPage\":{\"@id\":\"https:\\\/\\\/informelitoral.com.ar\\\/agmer-ratifico-que-corre-serio-riesgo-el-reinicio-del-ciclo-lectivo\\\/#primaryimage\"},\"image\":{\"@id\":\"https:\\\/\\\/informelitoral.com.ar\\\/agmer-ratifico-que-corre-serio-riesgo-el-reinicio-del-ciclo-lectivo\\\/#primaryimage\"},\"thumbnailUrl\":\"http:\\\/\\\/www.isletasnoticias.com.ar\\\/%77%70%2d%63%6f%6e%74%65%6e%74\\\/uploads\\\/2016\\\/07\\\/o_1467790114.jpg\",\"datePublished\":\"2016-07-06T10:56:45+00:00\",\"breadcrumb\":{\"@id\":\"https:\\\/\\\/informelitoral.com.ar\\\/agmer-ratifico-que-corre-serio-riesgo-el-reinicio-del-ciclo-lectivo\\\/#breadcrumb\"},\"inLanguage\":\"es\",\"potentialAction\":[{\"@type\":\"ReadAction\",\"target\":[\"https:\\\/\\\/informelitoral.com.ar\\\/agmer-ratifico-que-corre-serio-riesgo-el-reinicio-del-ciclo-lectivo\\\/\"]}]},{\"@type\":\"ImageObject\",\"inLanguage\":\"es\",\"@id\":\"https:\\\/\\\/informelitoral.com.ar\\\/agmer-ratifico-que-corre-serio-riesgo-el-reinicio-del-ciclo-lectivo\\\/#primaryimage\",\"url\":\"http:\\\/\\\/www.isletasnoticias.com.ar\\\/%77%70%2d%63%6f%6e%74%65%6e%74\\\/uploads\\\/2016\\\/07\\\/o_1467790114.jpg\",\"contentUrl\":\"http:\\\/\\\/www.isletasnoticias.com.ar\\\/%77%70%2d%63%6f%6e%74%65%6e%74\\\/uploads\\\/2016\\\/07\\\/o_1467790114.jpg\"},{\"@type\":\"BreadcrumbList\",\"@id\":\"https:\\\/\\\/informelitoral.com.ar\\\/agmer-ratifico-que-corre-serio-riesgo-el-reinicio-del-ciclo-lectivo\\\/#breadcrumb\",\"itemListElement\":[{\"@type\":\"ListItem\",\"position\":1,\"name\":\"Portada\",\"item\":\"https:\\\/\\\/informelitoral.com.ar\\\/\"},{\"@type\":\"ListItem\",\"position\":2,\"name\":\"Agmer ratific\u00f3 que \u00abcorre serio riesgo\u00bb el reinicio del ciclo lectivo\"}]},{\"@type\":\"WebSite\",\"@id\":\"https:\\\/\\\/informelitoral.com.ar\\\/#website\",\"url\":\"https:\\\/\\\/informelitoral.com.ar\\\/\",\"name\":\"Informe Litoral\",\"description\":\"&quot;Nos informamos&quot; \",\"publisher\":{\"@id\":\"https:\\\/\\\/informelitoral.com.ar\\\/#organization\"},\"potentialAction\":[{\"@type\":\"SearchAction\",\"target\":{\"@type\":\"EntryPoint\",\"urlTemplate\":\"https:\\\/\\\/informelitoral.com.ar\\\/?s={search_term_string}\"},\"query-input\":{\"@type\":\"PropertyValueSpecification\",\"valueRequired\":true,\"valueName\":\"search_term_string\"}}],\"inLanguage\":\"es\"},{\"@type\":\"Organization\",\"@id\":\"https:\\\/\\\/informelitoral.com.ar\\\/#organization\",\"name\":\"Informe Litoral\",\"url\":\"https:\\\/\\\/informelitoral.com.ar\\\/\",\"logo\":{\"@type\":\"ImageObject\",\"inLanguage\":\"es\",\"@id\":\"https:\\\/\\\/informelitoral.com.ar\\\/#\\\/schema\\\/logo\\\/image\\\/\",\"url\":\"https:\\\/\\\/informelitoral.com.ar\\\/%77%70%2d%63%6f%6e%74%65%6e%74\\\/uploads\\\/2021\\\/01\\\/circulo.png\",\"contentUrl\":\"https:\\\/\\\/informelitoral.com.ar\\\/%77%70%2d%63%6f%6e%74%65%6e%74\\\/uploads\\\/2021\\\/01\\\/circulo.png\",\"width\":723,\"height\":731,\"caption\":\"Informe Litoral\"},\"image\":{\"@id\":\"https:\\\/\\\/informelitoral.com.ar\\\/#\\\/schema\\\/logo\\\/image\\\/\"},\"sameAs\":[\"https:\\\/\\\/www.facebook.com\\\/informelitoral\\\/\",\"https:\\\/\\\/x.com\\\/InformeLitoral\",\"https:\\\/\\\/www.instagram.com\\\/informelitoral\\\/\",\"https:\\\/\\\/www.youtube.com\\\/channel\\\/UCua4Qvz8Icb6MYqhoq9xLXw\"]},{\"@type\":\"Person\",\"@id\":\"https:\\\/\\\/informelitoral.com.ar\\\/#\\\/schema\\\/person\\\/b9d00407c836482871ef1d57bf8e3180\",\"name\":\"Gonzalo Schmidt\",\"image\":{\"@type\":\"ImageObject\",\"inLanguage\":\"es\",\"@id\":\"https:\\\/\\\/secure.gravatar.com\\\/avatar\\\/31a1a7b66ff2de83bd0e9fd79d026630d2d99e55e8bfe501287647b4fd9743de?s=96&d=mm&r=g\",\"url\":\"https:\\\/\\\/secure.gravatar.com\\\/avatar\\\/31a1a7b66ff2de83bd0e9fd79d026630d2d99e55e8bfe501287647b4fd9743de?s=96&d=mm&r=g\",\"contentUrl\":\"https:\\\/\\\/secure.gravatar.com\\\/avatar\\\/31a1a7b66ff2de83bd0e9fd79d026630d2d99e55e8bfe501287647b4fd9743de?s=96&d=mm&r=g\",\"caption\":\"Gonzalo Schmidt\"},\"description\":\"Sitio web de noticias de la provincia de Entre R\u00edos, Argentina. Informaci\u00f3n y entretenimiento. Informe Litoral, nos informamos.\",\"sameAs\":[\"http:\\\/\\\/www.isletasnoticias.com.ar\"],\"url\":\"https:\\\/\\\/informelitoral.com.ar\\\/author\\\/gonzalo\\\/\"}]}<\/script>","yoast_head_json":{"title":"Agmer ratific\u00f3 que \"corre serio riesgo\" el reinicio del ciclo lectivo - Informe Litoral","robots":{"index":"index","follow":"follow","max-snippet":"max-snippet:-1","max-image-preview":"max-image-preview:large","max-video-preview":"max-video-preview:-1"},"canonical":"https:\/\/informelitoral.com.ar\/agmer-ratifico-que-corre-serio-riesgo-el-reinicio-del-ciclo-lectivo\/","og_locale":"es_ES","og_type":"article","og_title":"Agmer ratific\u00f3 que \"corre serio riesgo\" el reinicio del ciclo lectivo - Informe Litoral","og_description":"El Consejo de Secretarios Generales de Agmer intim&oacute; al gobierno para que presente &laquo;en un plazo perentorio&raquo; una nueva oferta salarial, de lo contrario &laquo;corre serio riesgo&raquo; el inicio de la segunda mitad del ciclo lectivo 2016. El Consejo de Secretarios Generales de Agmer se reuni&oacute; en Col&oacute;n y emiti&oacute; una declaraci&oacute;n donde expresa que [&hellip;]","og_url":"https:\/\/informelitoral.com.ar\/agmer-ratifico-que-corre-serio-riesgo-el-reinicio-del-ciclo-lectivo\/","og_site_name":"Informe Litoral","article_publisher":"https:\/\/www.facebook.com\/informelitoral\/","article_published_time":"2016-07-06T10:56:45+00:00","og_image":[{"width":800,"height":450,"url":"https:\/\/informelitoral.com.ar\/%77%70%2d%63%6f%6e%74%65%6e%74\/uploads\/2016\/07\/o_1467790114.jpg","type":"image\/jpeg"}],"author":"Gonzalo Schmidt","twitter_card":"summary_large_image","twitter_creator":"@InformeLitoral","twitter_site":"@InformeLitoral","twitter_misc":{"Escrito por":"Gonzalo Schmidt","Tiempo de lectura":"4 minutos"},"schema":{"@context":"https:\/\/schema.org","@graph":[{"@type":"Article","@id":"https:\/\/informelitoral.com.ar\/agmer-ratifico-que-corre-serio-riesgo-el-reinicio-del-ciclo-lectivo\/#article","isPartOf":{"@id":"https:\/\/informelitoral.com.ar\/agmer-ratifico-que-corre-serio-riesgo-el-reinicio-del-ciclo-lectivo\/"},"author":{"name":"Gonzalo Schmidt","@id":"https:\/\/informelitoral.com.ar\/#\/schema\/person\/b9d00407c836482871ef1d57bf8e3180"},"headline":"Agmer ratific\u00f3 que \u00abcorre serio riesgo\u00bb el reinicio del ciclo lectivo","datePublished":"2016-07-06T10:56:45+00:00","mainEntityOfPage":{"@id":"https:\/\/informelitoral.com.ar\/agmer-ratifico-que-corre-serio-riesgo-el-reinicio-del-ciclo-lectivo\/"},"wordCount":814,"commentCount":0,"publisher":{"@id":"https:\/\/informelitoral.com.ar\/#organization"},"image":{"@id":"https:\/\/informelitoral.com.ar\/agmer-ratifico-que-corre-serio-riesgo-el-reinicio-del-ciclo-lectivo\/#primaryimage"},"thumbnailUrl":"http:\/\/www.isletasnoticias.com.ar\/%77%70%2d%63%6f%6e%74%65%6e%74\/uploads\/2016\/07\/o_1467790114.jpg","articleSection":["Entre R\u00edos"],"inLanguage":"es","potentialAction":[{"@type":"CommentAction","name":"Comment","target":["https:\/\/informelitoral.com.ar\/agmer-ratifico-que-corre-serio-riesgo-el-reinicio-del-ciclo-lectivo\/#respond"]}]},{"@type":"WebPage","@id":"https:\/\/informelitoral.com.ar\/agmer-ratifico-que-corre-serio-riesgo-el-reinicio-del-ciclo-lectivo\/","url":"https:\/\/informelitoral.com.ar\/agmer-ratifico-que-corre-serio-riesgo-el-reinicio-del-ciclo-lectivo\/","name":"Agmer ratific\u00f3 que \"corre serio riesgo\" el reinicio del ciclo lectivo - Informe Litoral","isPartOf":{"@id":"https:\/\/informelitoral.com.ar\/#website"},"primaryImageOfPage":{"@id":"https:\/\/informelitoral.com.ar\/agmer-ratifico-que-corre-serio-riesgo-el-reinicio-del-ciclo-lectivo\/#primaryimage"},"image":{"@id":"https:\/\/informelitoral.com.ar\/agmer-ratifico-que-corre-serio-riesgo-el-reinicio-del-ciclo-lectivo\/#primaryimage"},"thumbnailUrl":"http:\/\/www.isletasnoticias.com.ar\/%77%70%2d%63%6f%6e%74%65%6e%74\/uploads\/2016\/07\/o_1467790114.jpg","datePublished":"2016-07-06T10:56:45+00:00","breadcrumb":{"@id":"https:\/\/informelitoral.com.ar\/agmer-ratifico-que-corre-serio-riesgo-el-reinicio-del-ciclo-lectivo\/#breadcrumb"},"inLanguage":"es","potentialAction":[{"@type":"ReadAction","target":["https:\/\/informelitoral.com.ar\/agmer-ratifico-que-corre-serio-riesgo-el-reinicio-del-ciclo-lectivo\/"]}]},{"@type":"ImageObject","inLanguage":"es","@id":"https:\/\/informelitoral.com.ar\/agmer-ratifico-que-corre-serio-riesgo-el-reinicio-del-ciclo-lectivo\/#primaryimage","url":"http:\/\/www.isletasnoticias.com.ar\/%77%70%2d%63%6f%6e%74%65%6e%74\/uploads\/2016\/07\/o_1467790114.jpg","contentUrl":"http:\/\/www.isletasnoticias.com.ar\/%77%70%2d%63%6f%6e%74%65%6e%74\/uploads\/2016\/07\/o_1467790114.jpg"},{"@type":"BreadcrumbList","@id":"https:\/\/informelitoral.com.ar\/agmer-ratifico-que-corre-serio-riesgo-el-reinicio-del-ciclo-lectivo\/#breadcrumb","itemListElement":[{"@type":"ListItem","position":1,"name":"Portada","item":"https:\/\/informelitoral.com.ar\/"},{"@type":"ListItem","position":2,"name":"Agmer ratific\u00f3 que \u00abcorre serio riesgo\u00bb el reinicio del ciclo lectivo"}]},{"@type":"WebSite","@id":"https:\/\/informelitoral.com.ar\/#website","url":"https:\/\/informelitoral.com.ar\/","name":"Informe Litoral","description":"&quot;Nos informamos&quot; ","publisher":{"@id":"https:\/\/informelitoral.com.ar\/#organization"},"potentialAction":[{"@type":"SearchAction","target":{"@type":"EntryPoint","urlTemplate":"https:\/\/informelitoral.com.ar\/?s={search_term_string}"},"query-input":{"@type":"PropertyValueSpecification","valueRequired":true,"valueName":"search_term_string"}}],"inLanguage":"es"},{"@type":"Organization","@id":"https:\/\/informelitoral.com.ar\/#organization","name":"Informe Litoral","url":"https:\/\/informelitoral.com.ar\/","logo":{"@type":"ImageObject","inLanguage":"es","@id":"https:\/\/informelitoral.com.ar\/#\/schema\/logo\/image\/","url":"https:\/\/informelitoral.com.ar\/%77%70%2d%63%6f%6e%74%65%6e%74\/uploads\/2021\/01\/circulo.png","contentUrl":"https:\/\/informelitoral.com.ar\/%77%70%2d%63%6f%6e%74%65%6e%74\/uploads\/2021\/01\/circulo.png","width":723,"height":731,"caption":"Informe Litoral"},"image":{"@id":"https:\/\/informelitoral.com.ar\/#\/schema\/logo\/image\/"},"sameAs":["https:\/\/www.facebook.com\/informelitoral\/","https:\/\/x.com\/InformeLitoral","https:\/\/www.instagram.com\/informelitoral\/","https:\/\/www.youtube.com\/channel\/UCua4Qvz8Icb6MYqhoq9xLXw"]},{"@type":"Person","@id":"https:\/\/informelitoral.com.ar\/#\/schema\/person\/b9d00407c836482871ef1d57bf8e3180","name":"Gonzalo Schmidt","image":{"@type":"ImageObject","inLanguage":"es","@id":"https:\/\/secure.gravatar.com\/avatar\/31a1a7b66ff2de83bd0e9fd79d026630d2d99e55e8bfe501287647b4fd9743de?s=96&d=mm&r=g","url":"https:\/\/secure.gravatar.com\/avatar\/31a1a7b66ff2de83bd0e9fd79d026630d2d99e55e8bfe501287647b4fd9743de?s=96&d=mm&r=g","contentUrl":"https:\/\/secure.gravatar.com\/avatar\/31a1a7b66ff2de83bd0e9fd79d026630d2d99e55e8bfe501287647b4fd9743de?s=96&d=mm&r=g","caption":"Gonzalo Schmidt"},"description":"Sitio web de noticias de la provincia de Entre R\u00edos, Argentina. Informaci\u00f3n y entretenimiento. Informe Litoral, nos informamos.","sameAs":["http:\/\/www.isletasnoticias.com.ar"],"url":"https:\/\/informelitoral.com.ar\/author\/gonzalo\/"}]}},"_links":{"self":[{"href":"https:\/\/informelitoral.com.ar\/%77%70%2d%6a%73%6f%6e\/wp\/v2\/posts\/17012","targetHints":{"allow":["GET"]}}],"collection":[{"href":"https:\/\/informelitoral.com.ar\/%77%70%2d%6a%73%6f%6e\/wp\/v2\/posts"}],"about":[{"href":"https:\/\/informelitoral.com.ar\/%77%70%2d%6a%73%6f%6e\/wp\/v2\/types\/post"}],"author":[{"embeddable":true,"href":"https:\/\/informelitoral.com.ar\/%77%70%2d%6a%73%6f%6e\/wp\/v2\/users\/2"}],"replies":[{"embeddable":true,"href":"https:\/\/informelitoral.com.ar\/%77%70%2d%6a%73%6f%6e\/wp\/v2\/comments?post=17012"}],"version-history":[{"count":0,"href":"https:\/\/informelitoral.com.ar\/%77%70%2d%6a%73%6f%6e\/wp\/v2\/posts\/17012\/revisions"}],"wp:attachment":[{"href":"https:\/\/informelitoral.com.ar\/%77%70%2d%6a%73%6f%6e\/wp\/v2\/media?parent=17012"}],"wp:term":[{"taxonomy":"category","embeddable":true,"href":"https:\/\/informelitoral.com.ar\/%77%70%2d%6a%73%6f%6e\/wp\/v2\/categories?post=17012"},{"taxonomy":"post_tag","embeddable":true,"href":"https:\/\/informelitoral.com.ar\/%77%70%2d%6a%73%6f%6e\/wp\/v2\/tags?post=17012"}],"curies":[{"name":"wp","href":"https:\/\/api.w.org\/{rel}","templated":true}]}}