{"id":17006,"date":"2016-07-06T07:49:16","date_gmt":"2016-07-06T10:49:16","guid":{"rendered":"http:\/\/www.isletasnoticias.com.ar\/?p=17006"},"modified":"2016-07-06T07:49:16","modified_gmt":"2016-07-06T10:49:16","slug":"parana-artesanias-teatro-y-musica-en-vivo-para-conmemorar-el-bicentenario-de-la-independencia","status":"publish","type":"post","link":"https:\/\/informelitoral.com.ar\/parana-artesanias-teatro-y-musica-en-vivo-para-conmemorar-el-bicentenario-de-la-independencia\/","title":{"rendered":"Paran\u00e1: artesan\u00edas, teatro y m\u00fasica en vivo para conmemorar el Bicentenario de la Independencia"},"content":{"rendered":"<p><strong>Con la presentaci\u00f3n de destacados m\u00fasicos entrerrianos, residentes en la provincia y en el exterior, la exposici\u00f3n de reconocidos artesanos de toda Entre R\u00edos e intervenciones teatrales, se celebrar\u00e1 este s\u00e1bado el Bicentenario de la Independencia en Paran\u00e1. Ser\u00e1 desde las 14 en el Centro Cultural y de Convenciones La Vieja Usina. No se suspende por lluvia.<a href=\"http:\/\/www.isletasnoticias.com.ar\/%77%70%2d%63%6f%6e%74%65%6e%74\/uploads\/2016\/07\/b_1279813492.jpg\"><img loading=\"lazy\" decoding=\"async\" class=\"aligncenter wp-image-17007 size-full\" src=\"http:\/\/www.isletasnoticias.com.ar\/%77%70%2d%63%6f%6e%74%65%6e%74\/uploads\/2016\/07\/b_1279813492.jpg\" alt=\"b_1279813492\" width=\"492\" height=\"369\" srcset=\"https:\/\/informelitoral.com.ar\/%77%70%2d%63%6f%6e%74%65%6e%74\/uploads\/2016\/07\/b_1279813492.jpg 492w, https:\/\/informelitoral.com.ar\/%77%70%2d%63%6f%6e%74%65%6e%74\/uploads\/2016\/07\/b_1279813492-300x225.jpg 300w\" sizes=\"auto, (max-width: 492px) 100vw, 492px\" \/><\/a><\/strong><\/p>\n<p>\u201cUna de las ideas fundamentales que ha compartido el gobernador Gustavo Bordet es que las distintas actividades organizadas para festejar el Bicentenario de la Independencia no sean una mera celebraci\u00f3n del gobierno, sino una aut\u00e9ntica fiesta del pueblo\u201d, expres\u00f3 el asesor Cultural Itinerante de la provincia y organizador de los festejos, <strong>Roberto Romani.<\/strong><\/p>\n<p>El s\u00e1bado 9 de Julio desde las 14, el Centro Cultural y de Convenciones La Vieja Usina ser\u00e1 escenario de una jornada cultural con artesanos, m\u00fasicos y artistas de toda la provincia. \u201cCon esta convocatoria reivindicamos expresiones del canto popular de la regi\u00f3n que exteriorizan, de esta manera, su pertenencia al rico patrimonio cultural de la Argentina\u201d, sintetiz\u00f3 Romani.<\/p>\n<p>Puntualmente expondr\u00e1n reconocidos artesanos de toda la provincia, como Antonio Garita, de Villaguay; Roque Mart\u00ednez, de La Paz; Alejandra Franco, de Concordia; Alejandra Asencio, de Paran\u00e1; Daniel Bravo, de San Jos\u00e9.<\/p>\n<p>En simult\u00e1neo y sobre el escenario se presentar\u00e1n Carlos \u201cel negro\u201d Aguirre, Dami\u00e1n Lemes, de Gualeguaych\u00fa; Marcelino Wendeler, de Concepci\u00f3n del Uruguay; Gustavo Reynoso, de Aranguren; Marita Londra, de Urdinarrain y residente en San Luis; Polo Mart\u00ed, de Col\u00f3n y residente en Mendoza; \u00c1ngela Herrera, de Paran\u00e1 y residente en Buenos Aires; Avisale a Coso, de Concordia; Susana Raecliff de Paran\u00e1, y el d\u00fao Giaquinto-Pereyra con Octavio Osuna de Victoria.<\/p>\n<p>La jornada tambi\u00e9n contar\u00e1 con la participaci\u00f3n especial de los actores Mario Mu\u00f1oz, de Maci\u00e1 y Hugo Labarba, de Victoria, que realizar\u00e1n intervenciones, van a interactuar con el p\u00fablico, y llevar\u00e1n a cabo lectura de textos.<\/p>\n<p>\u201cDe esta manera la comisi\u00f3n bicentenario invita a toda la comunidad a disfrutar de esta verdadera muestra federal de la provincia de Entre R\u00edos en adhesi\u00f3n a los 200 a\u00f1os de la Independencia\u201d, destac\u00f3 Romani.<\/p>\n<p><b>Huellas entrerrianas<\/b><\/p>\n<p>El funcionario aclar\u00f3 que las actividades se enmarcan en la programaci\u00f3n dise\u00f1ada por la Comisi\u00f3n Bicentenario que integra adem\u00e1s del gobierno provincial, la municipalidad de Paran\u00e1, organizaciones intermedias, asociaciones civiles, deportivas y las fuerzas de seguridad, con motivo de festejar los 200 a\u00f1os de la declaraci\u00f3n de la independencia.<\/p>\n<p>\u201cEn ese marco tambi\u00e9n se est\u00e1n desarrollando muestras art\u00edsticas en las cabeceras de los 17 departamentos de la provincia, y charlas con reconocidos hacedores de nuestra cultura popular en m\u00e1s de 45 localidades entrerrianas\u201d, subray\u00f3 el funcionario.<\/p>\n<p>Las actividades son parte de la programaci\u00f3n Huellas Entrerrianas en la Independencia de la Patria que el gobierno de Entre R\u00edos viene desarrollando a trav\u00e9s del programa Identidad Entrerriana, con el apoyo del Consejo Federal de Inversiones (CFI).<\/p>\n","protected":false},"excerpt":{"rendered":"<p>Con la presentaci&oacute;n de destacados m&uacute;sicos entrerrianos, residentes en la provincia y en el exterior, la exposici&oacute;n de reconocidos artesanos de toda Entre R&iacute;os e intervenciones teatrales, se celebrar&aacute; este s&aacute;bado el Bicentenario de la Independencia en Paran&aacute;. Ser&aacute; desde las 14 en el Centro Cultural y de Convenciones La Vieja Usina. No se suspende [&hellip;]<\/p>\n","protected":false},"author":2,"featured_media":0,"comment_status":"open","ping_status":"open","sticky":false,"template":"","format":"standard","meta":{"fifu_image_url":"","fifu_image_alt":"","footnotes":""},"categories":[6,16],"tags":[],"class_list":{"0":"post-17006","1":"post","2":"type-post","3":"status-publish","4":"format-standard","6":"category-entre-rios","7":"category-politi"},"yoast_head":"<title>Paran\u00e1: artesan\u00edas, teatro y m\u00fasica en vivo para conmemorar el Bicentenario de la Independencia - Informe Litoral<\/title>\n<meta name=\"robots\" content=\"index, follow, max-snippet:-1, max-image-preview:large, max-video-preview:-1\" \/>\n<link rel=\"canonical\" href=\"https:\/\/informelitoral.com.ar\/parana-artesanias-teatro-y-musica-en-vivo-para-conmemorar-el-bicentenario-de-la-independencia\/\" \/>\n<meta property=\"og:locale\" content=\"es_ES\" \/>\n<meta property=\"og:type\" content=\"article\" \/>\n<meta property=\"og:title\" content=\"Paran\u00e1: artesan\u00edas, teatro y m\u00fasica en vivo para conmemorar el Bicentenario de la Independencia - Informe Litoral\" \/>\n<meta property=\"og:description\" content=\"Con la presentaci&oacute;n de destacados m&uacute;sicos entrerrianos, residentes en la provincia y en el exterior, la exposici&oacute;n de reconocidos artesanos de toda Entre R&iacute;os e intervenciones teatrales, se celebrar&aacute; este s&aacute;bado el Bicentenario de la Independencia en Paran&aacute;. Ser&aacute; desde las 14 en el Centro Cultural y de Convenciones La Vieja Usina. No se suspende [&hellip;]\" \/>\n<meta property=\"og:url\" content=\"https:\/\/informelitoral.com.ar\/parana-artesanias-teatro-y-musica-en-vivo-para-conmemorar-el-bicentenario-de-la-independencia\/\" \/>\n<meta property=\"og:site_name\" content=\"Informe Litoral\" \/>\n<meta property=\"article:publisher\" content=\"https:\/\/www.facebook.com\/informelitoral\/\" \/>\n<meta property=\"article:published_time\" content=\"2016-07-06T10:49:16+00:00\" \/>\n<meta property=\"og:image\" content=\"https:\/\/informelitoral.com.ar\/%77%70%2d%63%6f%6e%74%65%6e%74\/uploads\/2016\/07\/b_1279813492.jpg\" \/>\n\t<meta property=\"og:image:width\" content=\"492\" \/>\n\t<meta property=\"og:image:height\" content=\"369\" \/>\n\t<meta property=\"og:image:type\" content=\"image\/jpeg\" \/>\n<meta name=\"author\" content=\"Gonzalo Schmidt\" \/>\n<meta name=\"twitter:card\" content=\"summary_large_image\" \/>\n<meta name=\"twitter:creator\" content=\"@InformeLitoral\" \/>\n<meta name=\"twitter:site\" content=\"@InformeLitoral\" \/>\n<meta name=\"twitter:label1\" content=\"Escrito por\" \/>\n\t<meta name=\"twitter:data1\" content=\"Gonzalo Schmidt\" \/>\n\t<meta name=\"twitter:label2\" content=\"Tiempo de lectura\" \/>\n\t<meta name=\"twitter:data2\" content=\"3 minutos\" \/>\n<script type=\"application\/ld+json\" class=\"yoast-schema-graph\">{\"@context\":\"https:\\\/\\\/schema.org\",\"@graph\":[{\"@type\":\"Article\",\"@id\":\"https:\\\/\\\/informelitoral.com.ar\\\/parana-artesanias-teatro-y-musica-en-vivo-para-conmemorar-el-bicentenario-de-la-independencia\\\/#article\",\"isPartOf\":{\"@id\":\"https:\\\/\\\/informelitoral.com.ar\\\/parana-artesanias-teatro-y-musica-en-vivo-para-conmemorar-el-bicentenario-de-la-independencia\\\/\"},\"author\":{\"name\":\"Gonzalo Schmidt\",\"@id\":\"https:\\\/\\\/informelitoral.com.ar\\\/#\\\/schema\\\/person\\\/b9d00407c836482871ef1d57bf8e3180\"},\"headline\":\"Paran\u00e1: artesan\u00edas, teatro y m\u00fasica en vivo para conmemorar el Bicentenario de la Independencia\",\"datePublished\":\"2016-07-06T10:49:16+00:00\",\"mainEntityOfPage\":{\"@id\":\"https:\\\/\\\/informelitoral.com.ar\\\/parana-artesanias-teatro-y-musica-en-vivo-para-conmemorar-el-bicentenario-de-la-independencia\\\/\"},\"wordCount\":517,\"commentCount\":0,\"publisher\":{\"@id\":\"https:\\\/\\\/informelitoral.com.ar\\\/#organization\"},\"image\":{\"@id\":\"https:\\\/\\\/informelitoral.com.ar\\\/parana-artesanias-teatro-y-musica-en-vivo-para-conmemorar-el-bicentenario-de-la-independencia\\\/#primaryimage\"},\"thumbnailUrl\":\"http:\\\/\\\/www.isletasnoticias.com.ar\\\/%77%70%2d%63%6f%6e%74%65%6e%74\\\/uploads\\\/2016\\\/07\\\/b_1279813492.jpg\",\"articleSection\":[\"Entre R\u00edos\",\"Politica\"],\"inLanguage\":\"es\",\"potentialAction\":[{\"@type\":\"CommentAction\",\"name\":\"Comment\",\"target\":[\"https:\\\/\\\/informelitoral.com.ar\\\/parana-artesanias-teatro-y-musica-en-vivo-para-conmemorar-el-bicentenario-de-la-independencia\\\/#respond\"]}]},{\"@type\":\"WebPage\",\"@id\":\"https:\\\/\\\/informelitoral.com.ar\\\/parana-artesanias-teatro-y-musica-en-vivo-para-conmemorar-el-bicentenario-de-la-independencia\\\/\",\"url\":\"https:\\\/\\\/informelitoral.com.ar\\\/parana-artesanias-teatro-y-musica-en-vivo-para-conmemorar-el-bicentenario-de-la-independencia\\\/\",\"name\":\"Paran\u00e1: artesan\u00edas, teatro y m\u00fasica en vivo para conmemorar el Bicentenario de la Independencia - Informe Litoral\",\"isPartOf\":{\"@id\":\"https:\\\/\\\/informelitoral.com.ar\\\/#website\"},\"primaryImageOfPage\":{\"@id\":\"https:\\\/\\\/informelitoral.com.ar\\\/parana-artesanias-teatro-y-musica-en-vivo-para-conmemorar-el-bicentenario-de-la-independencia\\\/#primaryimage\"},\"image\":{\"@id\":\"https:\\\/\\\/informelitoral.com.ar\\\/parana-artesanias-teatro-y-musica-en-vivo-para-conmemorar-el-bicentenario-de-la-independencia\\\/#primaryimage\"},\"thumbnailUrl\":\"http:\\\/\\\/www.isletasnoticias.com.ar\\\/%77%70%2d%63%6f%6e%74%65%6e%74\\\/uploads\\\/2016\\\/07\\\/b_1279813492.jpg\",\"datePublished\":\"2016-07-06T10:49:16+00:00\",\"breadcrumb\":{\"@id\":\"https:\\\/\\\/informelitoral.com.ar\\\/parana-artesanias-teatro-y-musica-en-vivo-para-conmemorar-el-bicentenario-de-la-independencia\\\/#breadcrumb\"},\"inLanguage\":\"es\",\"potentialAction\":[{\"@type\":\"ReadAction\",\"target\":[\"https:\\\/\\\/informelitoral.com.ar\\\/parana-artesanias-teatro-y-musica-en-vivo-para-conmemorar-el-bicentenario-de-la-independencia\\\/\"]}]},{\"@type\":\"ImageObject\",\"inLanguage\":\"es\",\"@id\":\"https:\\\/\\\/informelitoral.com.ar\\\/parana-artesanias-teatro-y-musica-en-vivo-para-conmemorar-el-bicentenario-de-la-independencia\\\/#primaryimage\",\"url\":\"http:\\\/\\\/www.isletasnoticias.com.ar\\\/%77%70%2d%63%6f%6e%74%65%6e%74\\\/uploads\\\/2016\\\/07\\\/b_1279813492.jpg\",\"contentUrl\":\"http:\\\/\\\/www.isletasnoticias.com.ar\\\/%77%70%2d%63%6f%6e%74%65%6e%74\\\/uploads\\\/2016\\\/07\\\/b_1279813492.jpg\"},{\"@type\":\"BreadcrumbList\",\"@id\":\"https:\\\/\\\/informelitoral.com.ar\\\/parana-artesanias-teatro-y-musica-en-vivo-para-conmemorar-el-bicentenario-de-la-independencia\\\/#breadcrumb\",\"itemListElement\":[{\"@type\":\"ListItem\",\"position\":1,\"name\":\"Portada\",\"item\":\"https:\\\/\\\/informelitoral.com.ar\\\/\"},{\"@type\":\"ListItem\",\"position\":2,\"name\":\"Paran\u00e1: artesan\u00edas, teatro y m\u00fasica en vivo para conmemorar el Bicentenario de la Independencia\"}]},{\"@type\":\"WebSite\",\"@id\":\"https:\\\/\\\/informelitoral.com.ar\\\/#website\",\"url\":\"https:\\\/\\\/informelitoral.com.ar\\\/\",\"name\":\"Informe Litoral\",\"description\":\"&quot;Nos informamos&quot; \",\"publisher\":{\"@id\":\"https:\\\/\\\/informelitoral.com.ar\\\/#organization\"},\"potentialAction\":[{\"@type\":\"SearchAction\",\"target\":{\"@type\":\"EntryPoint\",\"urlTemplate\":\"https:\\\/\\\/informelitoral.com.ar\\\/?s={search_term_string}\"},\"query-input\":{\"@type\":\"PropertyValueSpecification\",\"valueRequired\":true,\"valueName\":\"search_term_string\"}}],\"inLanguage\":\"es\"},{\"@type\":\"Organization\",\"@id\":\"https:\\\/\\\/informelitoral.com.ar\\\/#organization\",\"name\":\"Informe Litoral\",\"url\":\"https:\\\/\\\/informelitoral.com.ar\\\/\",\"logo\":{\"@type\":\"ImageObject\",\"inLanguage\":\"es\",\"@id\":\"https:\\\/\\\/informelitoral.com.ar\\\/#\\\/schema\\\/logo\\\/image\\\/\",\"url\":\"https:\\\/\\\/informelitoral.com.ar\\\/%77%70%2d%63%6f%6e%74%65%6e%74\\\/uploads\\\/2021\\\/01\\\/circulo.png\",\"contentUrl\":\"https:\\\/\\\/informelitoral.com.ar\\\/%77%70%2d%63%6f%6e%74%65%6e%74\\\/uploads\\\/2021\\\/01\\\/circulo.png\",\"width\":723,\"height\":731,\"caption\":\"Informe Litoral\"},\"image\":{\"@id\":\"https:\\\/\\\/informelitoral.com.ar\\\/#\\\/schema\\\/logo\\\/image\\\/\"},\"sameAs\":[\"https:\\\/\\\/www.facebook.com\\\/informelitoral\\\/\",\"https:\\\/\\\/x.com\\\/InformeLitoral\",\"https:\\\/\\\/www.instagram.com\\\/informelitoral\\\/\",\"https:\\\/\\\/www.youtube.com\\\/channel\\\/UCua4Qvz8Icb6MYqhoq9xLXw\"]},{\"@type\":\"Person\",\"@id\":\"https:\\\/\\\/informelitoral.com.ar\\\/#\\\/schema\\\/person\\\/b9d00407c836482871ef1d57bf8e3180\",\"name\":\"Gonzalo Schmidt\",\"image\":{\"@type\":\"ImageObject\",\"inLanguage\":\"es\",\"@id\":\"https:\\\/\\\/secure.gravatar.com\\\/avatar\\\/31a1a7b66ff2de83bd0e9fd79d026630d2d99e55e8bfe501287647b4fd9743de?s=96&d=mm&r=g\",\"url\":\"https:\\\/\\\/secure.gravatar.com\\\/avatar\\\/31a1a7b66ff2de83bd0e9fd79d026630d2d99e55e8bfe501287647b4fd9743de?s=96&d=mm&r=g\",\"contentUrl\":\"https:\\\/\\\/secure.gravatar.com\\\/avatar\\\/31a1a7b66ff2de83bd0e9fd79d026630d2d99e55e8bfe501287647b4fd9743de?s=96&d=mm&r=g\",\"caption\":\"Gonzalo Schmidt\"},\"description\":\"Sitio web de noticias de la provincia de Entre R\u00edos, Argentina. Informaci\u00f3n y entretenimiento. Informe Litoral, nos informamos.\",\"sameAs\":[\"http:\\\/\\\/www.isletasnoticias.com.ar\"],\"url\":\"https:\\\/\\\/informelitoral.com.ar\\\/author\\\/gonzalo\\\/\"}]}<\/script>","yoast_head_json":{"title":"Paran\u00e1: artesan\u00edas, teatro y m\u00fasica en vivo para conmemorar el Bicentenario de la Independencia - Informe Litoral","robots":{"index":"index","follow":"follow","max-snippet":"max-snippet:-1","max-image-preview":"max-image-preview:large","max-video-preview":"max-video-preview:-1"},"canonical":"https:\/\/informelitoral.com.ar\/parana-artesanias-teatro-y-musica-en-vivo-para-conmemorar-el-bicentenario-de-la-independencia\/","og_locale":"es_ES","og_type":"article","og_title":"Paran\u00e1: artesan\u00edas, teatro y m\u00fasica en vivo para conmemorar el Bicentenario de la Independencia - Informe Litoral","og_description":"Con la presentaci&oacute;n de destacados m&uacute;sicos entrerrianos, residentes en la provincia y en el exterior, la exposici&oacute;n de reconocidos artesanos de toda Entre R&iacute;os e intervenciones teatrales, se celebrar&aacute; este s&aacute;bado el Bicentenario de la Independencia en Paran&aacute;. Ser&aacute; desde las 14 en el Centro Cultural y de Convenciones La Vieja Usina. No se suspende [&hellip;]","og_url":"https:\/\/informelitoral.com.ar\/parana-artesanias-teatro-y-musica-en-vivo-para-conmemorar-el-bicentenario-de-la-independencia\/","og_site_name":"Informe Litoral","article_publisher":"https:\/\/www.facebook.com\/informelitoral\/","article_published_time":"2016-07-06T10:49:16+00:00","og_image":[{"width":492,"height":369,"url":"https:\/\/informelitoral.com.ar\/%77%70%2d%63%6f%6e%74%65%6e%74\/uploads\/2016\/07\/b_1279813492.jpg","type":"image\/jpeg"}],"author":"Gonzalo Schmidt","twitter_card":"summary_large_image","twitter_creator":"@InformeLitoral","twitter_site":"@InformeLitoral","twitter_misc":{"Escrito por":"Gonzalo Schmidt","Tiempo de lectura":"3 minutos"},"schema":{"@context":"https:\/\/schema.org","@graph":[{"@type":"Article","@id":"https:\/\/informelitoral.com.ar\/parana-artesanias-teatro-y-musica-en-vivo-para-conmemorar-el-bicentenario-de-la-independencia\/#article","isPartOf":{"@id":"https:\/\/informelitoral.com.ar\/parana-artesanias-teatro-y-musica-en-vivo-para-conmemorar-el-bicentenario-de-la-independencia\/"},"author":{"name":"Gonzalo Schmidt","@id":"https:\/\/informelitoral.com.ar\/#\/schema\/person\/b9d00407c836482871ef1d57bf8e3180"},"headline":"Paran\u00e1: artesan\u00edas, teatro y m\u00fasica en vivo para conmemorar el Bicentenario de la Independencia","datePublished":"2016-07-06T10:49:16+00:00","mainEntityOfPage":{"@id":"https:\/\/informelitoral.com.ar\/parana-artesanias-teatro-y-musica-en-vivo-para-conmemorar-el-bicentenario-de-la-independencia\/"},"wordCount":517,"commentCount":0,"publisher":{"@id":"https:\/\/informelitoral.com.ar\/#organization"},"image":{"@id":"https:\/\/informelitoral.com.ar\/parana-artesanias-teatro-y-musica-en-vivo-para-conmemorar-el-bicentenario-de-la-independencia\/#primaryimage"},"thumbnailUrl":"http:\/\/www.isletasnoticias.com.ar\/%77%70%2d%63%6f%6e%74%65%6e%74\/uploads\/2016\/07\/b_1279813492.jpg","articleSection":["Entre R\u00edos","Politica"],"inLanguage":"es","potentialAction":[{"@type":"CommentAction","name":"Comment","target":["https:\/\/informelitoral.com.ar\/parana-artesanias-teatro-y-musica-en-vivo-para-conmemorar-el-bicentenario-de-la-independencia\/#respond"]}]},{"@type":"WebPage","@id":"https:\/\/informelitoral.com.ar\/parana-artesanias-teatro-y-musica-en-vivo-para-conmemorar-el-bicentenario-de-la-independencia\/","url":"https:\/\/informelitoral.com.ar\/parana-artesanias-teatro-y-musica-en-vivo-para-conmemorar-el-bicentenario-de-la-independencia\/","name":"Paran\u00e1: artesan\u00edas, teatro y m\u00fasica en vivo para conmemorar el Bicentenario de la Independencia - Informe Litoral","isPartOf":{"@id":"https:\/\/informelitoral.com.ar\/#website"},"primaryImageOfPage":{"@id":"https:\/\/informelitoral.com.ar\/parana-artesanias-teatro-y-musica-en-vivo-para-conmemorar-el-bicentenario-de-la-independencia\/#primaryimage"},"image":{"@id":"https:\/\/informelitoral.com.ar\/parana-artesanias-teatro-y-musica-en-vivo-para-conmemorar-el-bicentenario-de-la-independencia\/#primaryimage"},"thumbnailUrl":"http:\/\/www.isletasnoticias.com.ar\/%77%70%2d%63%6f%6e%74%65%6e%74\/uploads\/2016\/07\/b_1279813492.jpg","datePublished":"2016-07-06T10:49:16+00:00","breadcrumb":{"@id":"https:\/\/informelitoral.com.ar\/parana-artesanias-teatro-y-musica-en-vivo-para-conmemorar-el-bicentenario-de-la-independencia\/#breadcrumb"},"inLanguage":"es","potentialAction":[{"@type":"ReadAction","target":["https:\/\/informelitoral.com.ar\/parana-artesanias-teatro-y-musica-en-vivo-para-conmemorar-el-bicentenario-de-la-independencia\/"]}]},{"@type":"ImageObject","inLanguage":"es","@id":"https:\/\/informelitoral.com.ar\/parana-artesanias-teatro-y-musica-en-vivo-para-conmemorar-el-bicentenario-de-la-independencia\/#primaryimage","url":"http:\/\/www.isletasnoticias.com.ar\/%77%70%2d%63%6f%6e%74%65%6e%74\/uploads\/2016\/07\/b_1279813492.jpg","contentUrl":"http:\/\/www.isletasnoticias.com.ar\/%77%70%2d%63%6f%6e%74%65%6e%74\/uploads\/2016\/07\/b_1279813492.jpg"},{"@type":"BreadcrumbList","@id":"https:\/\/informelitoral.com.ar\/parana-artesanias-teatro-y-musica-en-vivo-para-conmemorar-el-bicentenario-de-la-independencia\/#breadcrumb","itemListElement":[{"@type":"ListItem","position":1,"name":"Portada","item":"https:\/\/informelitoral.com.ar\/"},{"@type":"ListItem","position":2,"name":"Paran\u00e1: artesan\u00edas, teatro y m\u00fasica en vivo para conmemorar el Bicentenario de la Independencia"}]},{"@type":"WebSite","@id":"https:\/\/informelitoral.com.ar\/#website","url":"https:\/\/informelitoral.com.ar\/","name":"Informe Litoral","description":"&quot;Nos informamos&quot; ","publisher":{"@id":"https:\/\/informelitoral.com.ar\/#organization"},"potentialAction":[{"@type":"SearchAction","target":{"@type":"EntryPoint","urlTemplate":"https:\/\/informelitoral.com.ar\/?s={search_term_string}"},"query-input":{"@type":"PropertyValueSpecification","valueRequired":true,"valueName":"search_term_string"}}],"inLanguage":"es"},{"@type":"Organization","@id":"https:\/\/informelitoral.com.ar\/#organization","name":"Informe Litoral","url":"https:\/\/informelitoral.com.ar\/","logo":{"@type":"ImageObject","inLanguage":"es","@id":"https:\/\/informelitoral.com.ar\/#\/schema\/logo\/image\/","url":"https:\/\/informelitoral.com.ar\/%77%70%2d%63%6f%6e%74%65%6e%74\/uploads\/2021\/01\/circulo.png","contentUrl":"https:\/\/informelitoral.com.ar\/%77%70%2d%63%6f%6e%74%65%6e%74\/uploads\/2021\/01\/circulo.png","width":723,"height":731,"caption":"Informe Litoral"},"image":{"@id":"https:\/\/informelitoral.com.ar\/#\/schema\/logo\/image\/"},"sameAs":["https:\/\/www.facebook.com\/informelitoral\/","https:\/\/x.com\/InformeLitoral","https:\/\/www.instagram.com\/informelitoral\/","https:\/\/www.youtube.com\/channel\/UCua4Qvz8Icb6MYqhoq9xLXw"]},{"@type":"Person","@id":"https:\/\/informelitoral.com.ar\/#\/schema\/person\/b9d00407c836482871ef1d57bf8e3180","name":"Gonzalo Schmidt","image":{"@type":"ImageObject","inLanguage":"es","@id":"https:\/\/secure.gravatar.com\/avatar\/31a1a7b66ff2de83bd0e9fd79d026630d2d99e55e8bfe501287647b4fd9743de?s=96&d=mm&r=g","url":"https:\/\/secure.gravatar.com\/avatar\/31a1a7b66ff2de83bd0e9fd79d026630d2d99e55e8bfe501287647b4fd9743de?s=96&d=mm&r=g","contentUrl":"https:\/\/secure.gravatar.com\/avatar\/31a1a7b66ff2de83bd0e9fd79d026630d2d99e55e8bfe501287647b4fd9743de?s=96&d=mm&r=g","caption":"Gonzalo Schmidt"},"description":"Sitio web de noticias de la provincia de Entre R\u00edos, Argentina. Informaci\u00f3n y entretenimiento. Informe Litoral, nos informamos.","sameAs":["http:\/\/www.isletasnoticias.com.ar"],"url":"https:\/\/informelitoral.com.ar\/author\/gonzalo\/"}]}},"_links":{"self":[{"href":"https:\/\/informelitoral.com.ar\/%77%70%2d%6a%73%6f%6e\/wp\/v2\/posts\/17006","targetHints":{"allow":["GET"]}}],"collection":[{"href":"https:\/\/informelitoral.com.ar\/%77%70%2d%6a%73%6f%6e\/wp\/v2\/posts"}],"about":[{"href":"https:\/\/informelitoral.com.ar\/%77%70%2d%6a%73%6f%6e\/wp\/v2\/types\/post"}],"author":[{"embeddable":true,"href":"https:\/\/informelitoral.com.ar\/%77%70%2d%6a%73%6f%6e\/wp\/v2\/users\/2"}],"replies":[{"embeddable":true,"href":"https:\/\/informelitoral.com.ar\/%77%70%2d%6a%73%6f%6e\/wp\/v2\/comments?post=17006"}],"version-history":[{"count":0,"href":"https:\/\/informelitoral.com.ar\/%77%70%2d%6a%73%6f%6e\/wp\/v2\/posts\/17006\/revisions"}],"wp:attachment":[{"href":"https:\/\/informelitoral.com.ar\/%77%70%2d%6a%73%6f%6e\/wp\/v2\/media?parent=17006"}],"wp:term":[{"taxonomy":"category","embeddable":true,"href":"https:\/\/informelitoral.com.ar\/%77%70%2d%6a%73%6f%6e\/wp\/v2\/categories?post=17006"},{"taxonomy":"post_tag","embeddable":true,"href":"https:\/\/informelitoral.com.ar\/%77%70%2d%6a%73%6f%6e\/wp\/v2\/tags?post=17006"}],"curies":[{"name":"wp","href":"https:\/\/api.w.org\/{rel}","templated":true}]}}