{"id":17000,"date":"2016-07-06T07:35:59","date_gmt":"2016-07-06T10:35:59","guid":{"rendered":"http:\/\/www.isletasnoticias.com.ar\/?p=17000"},"modified":"2016-07-06T07:43:45","modified_gmt":"2016-07-06T10:43:45","slug":"advierten-que-la-nina-pone-en-alerta-amarilla-a-toda-la-campana-gruesa-201617","status":"publish","type":"post","link":"https:\/\/informelitoral.com.ar\/advierten-que-la-nina-pone-en-alerta-amarilla-a-toda-la-campana-gruesa-201617\/","title":{"rendered":"Advierten que \u201cLa Ni\u00f1a\u201d pone en alerta amarilla a toda la campa\u00f1a gruesa 2016\/17"},"content":{"rendered":"<p><strong>\u00abSi bien La Ni\u00f1a podr\u00eda ser de tipo d\u00e9bil o moderada, la mayor \u00abse\u00f1al clim\u00e1tica\u00bb que afecta a la producci\u00f3n agr\u00edcola de Argentina (y sur de Brasil) ya est\u00e1 marcando la tendencia de las lluvias en el per\u00edodo estival\u00bb, indic\u00f3 el GEA de la BCR. Podr\u00eda haber un periodo de sequ\u00eda hacia fin de a\u00f1o.<a href=\"http:\/\/www.isletasnoticias.com.ar\/%77%70%2d%63%6f%6e%74%65%6e%74\/uploads\/2016\/07\/vacas-campo-lluvias-631.jpg\"><img loading=\"lazy\" decoding=\"async\" class=\"aligncenter wp-image-17001 size-full\" src=\"http:\/\/www.isletasnoticias.com.ar\/%77%70%2d%63%6f%6e%74%65%6e%74\/uploads\/2016\/07\/vacas-campo-lluvias-631.jpg\" alt=\"vacas-campo-lluvias-631\" width=\"631\" height=\"280\" srcset=\"https:\/\/informelitoral.com.ar\/%77%70%2d%63%6f%6e%74%65%6e%74\/uploads\/2016\/07\/vacas-campo-lluvias-631.jpg 631w, https:\/\/informelitoral.com.ar\/%77%70%2d%63%6f%6e%74%65%6e%74\/uploads\/2016\/07\/vacas-campo-lluvias-631-300x133.jpg 300w\" sizes=\"auto, (max-width: 631px) 100vw, 631px\" \/><\/a><\/strong><\/p>\n<p>La Bolsa de Comercio de Rosario realiz\u00f3 un completo y datallado informe sobre las consecuencias que podr\u00eda generar un fen\u00f3meno clim\u00e1tico \u00abLa Ni\u00f1a\u00bb de marcada intensidad, en la actual campa\u00f1a de invierno, y su posterior efecto sobre la campa\u00f1a de grano grueso<\/p>\n<p>A continuaci\u00f3n le comportamos el informe de la Gu\u00eda Estrat\u00e9gica para el Agro, elaborada por la Bolsa de Comercio de Rosario:<\/p>\n<p>El objetivo de este informe es poner la se\u00f1al de alerta en el\u00a0 tapete, desmistificar una serie de emisiones y art\u00edculos que presentan a los fen\u00f3menos del Pac\u00edfico muy medi\u00e1ticamente, oscureciendo su real importancia, y tambi\u00e9n expresar que hay herramientas disponibles para poder dise\u00f1ar las siembras en la cosecha gruesa.<\/p>\n<p><strong>Una Ni\u00f1a, de la cual no se conoce su intensidad a\u00fan<\/strong><\/p>\n<p>Si bien La Ni\u00f1a podr\u00eda ser de tipo d\u00e9bil o moderada, la mayor \u00abse\u00f1al clim\u00e1tica\u00bb que afecta a la producci\u00f3n agr\u00edcola de Argentina (y sur de Brasil) ya est\u00e1 marcando la tendencia de las lluvias en el per\u00edodo estival. Los modelos num\u00e9ricos que pronostican las fases del ENSO (El Ni\u00f1o, oscilaci\u00f3n del sur) est\u00e1n se\u00f1alando la instalaci\u00f3n de \u201cLa Ni\u00f1a\u201d. El IRI (IRI, USA), muestra la probabilidad de aparici\u00f3n de las 3 fases del fen\u00f3meno y es claro ver \u201cLa Ni\u00f1a\u201d tiene una alta probabilidad de ocurrencia. De hecho, para el trimestre octubre-noviembre-diciembre del corriente a\u00f1o el valor es del 74 %. Tom\u00e9 dicho trimestre pues es el primero de los que afectar\u00e1n a la cosecha gruesa nacional y \u00abentraremos\u00bb bajo el efecto de una NI\u00d1A, cuyo efecto f\u00edsico es inhibir los flujos de humedad que el pa\u00eds recibe desde Brasil durante el per\u00edodo octubre-marzo (semestre c\u00e1lido). Por ello, la intenci\u00f3n del t\u00edtulo de afirmar: \u201ccosecha gruesa bajo alerta amarilla\u201d.<\/p>\n<p>La f\u00edsica del ENSO es muy complicada y los modelos de predicci\u00f3n de su comportamiento tienen un \u00abskill\u00bb bajo si bien en la \u00faltima d\u00e9cada se ha avanzado mucho en sus resultados, y tenemos que tener presente que LA NI\u00d1A es la fase ENSO menos deseable para el sistema de producci\u00f3n agr\u00edcola en Argentina. El pron\u00f3stico de lluvias en parte del sudeste sudamericano para el trimestre octubre-noviembre-diciembre, donde se observan probabilidades altas de transitar un evento seco en las zonas m\u00e1s importantes de Argentina y sur de Brasil.<\/p>\n<p>Hay muchas cuestiones que en definitiva van a definir los reales patrones de lluvia durante el semestre c\u00e1lido y \u00e9stas obedecen a los efectos regionales que aparezcan por bloqueos (secos y h\u00famedos), comportamiento del Atl\u00e1ntico, frecuencia e intensidad de sistemas atmosf\u00e9ricos, alteraciones de flujos de humedad, entre otros. Estos no son pronosticables a largo plazo y conforman lo que denominamos volatilidad. Pero en la escala grande, en caso de que La Ni\u00f1a sea moderada \u00abjugar\u00e1\u00bb en contra, y es una se\u00f1al a tener en cuenta.<\/p>\n","protected":false},"excerpt":{"rendered":"<p>&laquo;Si bien La Ni&ntilde;a podr&iacute;a ser de tipo d&eacute;bil o moderada, la mayor &laquo;se&ntilde;al clim&aacute;tica&raquo; que afecta a la producci&oacute;n agr&iacute;cola de Argentina (y sur de Brasil) ya est&aacute; marcando la tendencia de las lluvias en el per&iacute;odo estival&raquo;, indic&oacute; el GEA de la BCR. Podr&iacute;a haber un periodo de sequ&iacute;a hacia fin de a&ntilde;o. [&hellip;]<\/p>\n","protected":false},"author":2,"featured_media":0,"comment_status":"open","ping_status":"open","sticky":false,"template":"","format":"standard","meta":{"fifu_image_url":"","fifu_image_alt":"","footnotes":""},"categories":[10],"tags":[],"class_list":{"0":"post-17000","1":"post","2":"type-post","3":"status-publish","4":"format-standard","6":"category-campo"},"yoast_head":"<title>Advierten que \u201cLa Ni\u00f1a\u201d pone en alerta amarilla a toda la campa\u00f1a gruesa 2016\/17 - Informe Litoral<\/title>\n<meta name=\"robots\" content=\"index, follow, max-snippet:-1, max-image-preview:large, max-video-preview:-1\" \/>\n<link rel=\"canonical\" href=\"https:\/\/informelitoral.com.ar\/advierten-que-la-nina-pone-en-alerta-amarilla-a-toda-la-campana-gruesa-201617\/\" \/>\n<meta property=\"og:locale\" content=\"es_ES\" \/>\n<meta property=\"og:type\" content=\"article\" \/>\n<meta property=\"og:title\" content=\"Advierten que \u201cLa Ni\u00f1a\u201d pone en alerta amarilla a toda la campa\u00f1a gruesa 2016\/17 - Informe Litoral\" \/>\n<meta property=\"og:description\" content=\"&laquo;Si bien La Ni&ntilde;a podr&iacute;a ser de tipo d&eacute;bil o moderada, la mayor &laquo;se&ntilde;al clim&aacute;tica&raquo; que afecta a la producci&oacute;n agr&iacute;cola de Argentina (y sur de Brasil) ya est&aacute; marcando la tendencia de las lluvias en el per&iacute;odo estival&raquo;, indic&oacute; el GEA de la BCR. Podr&iacute;a haber un periodo de sequ&iacute;a hacia fin de a&ntilde;o. [&hellip;]\" \/>\n<meta property=\"og:url\" content=\"https:\/\/informelitoral.com.ar\/advierten-que-la-nina-pone-en-alerta-amarilla-a-toda-la-campana-gruesa-201617\/\" \/>\n<meta property=\"og:site_name\" content=\"Informe Litoral\" \/>\n<meta property=\"article:publisher\" content=\"https:\/\/www.facebook.com\/informelitoral\/\" \/>\n<meta property=\"article:published_time\" content=\"2016-07-06T10:35:59+00:00\" \/>\n<meta property=\"article:modified_time\" content=\"2016-07-06T10:43:45+00:00\" \/>\n<meta property=\"og:image\" content=\"https:\/\/informelitoral.com.ar\/%77%70%2d%63%6f%6e%74%65%6e%74\/uploads\/2016\/07\/vacas-campo-lluvias-631.jpg\" \/>\n\t<meta property=\"og:image:width\" content=\"631\" \/>\n\t<meta property=\"og:image:height\" content=\"280\" \/>\n\t<meta property=\"og:image:type\" content=\"image\/jpeg\" \/>\n<meta name=\"author\" content=\"Gonzalo Schmidt\" \/>\n<meta name=\"twitter:card\" content=\"summary_large_image\" \/>\n<meta name=\"twitter:creator\" content=\"@InformeLitoral\" \/>\n<meta name=\"twitter:site\" content=\"@InformeLitoral\" \/>\n<meta name=\"twitter:label1\" content=\"Escrito por\" \/>\n\t<meta name=\"twitter:data1\" content=\"Gonzalo Schmidt\" \/>\n\t<meta name=\"twitter:label2\" content=\"Tiempo de lectura\" \/>\n\t<meta name=\"twitter:data2\" content=\"3 minutos\" \/>\n<script type=\"application\/ld+json\" class=\"yoast-schema-graph\">{\"@context\":\"https:\\\/\\\/schema.org\",\"@graph\":[{\"@type\":\"Article\",\"@id\":\"https:\\\/\\\/informelitoral.com.ar\\\/advierten-que-la-nina-pone-en-alerta-amarilla-a-toda-la-campana-gruesa-201617\\\/#article\",\"isPartOf\":{\"@id\":\"https:\\\/\\\/informelitoral.com.ar\\\/advierten-que-la-nina-pone-en-alerta-amarilla-a-toda-la-campana-gruesa-201617\\\/\"},\"author\":{\"name\":\"Gonzalo Schmidt\",\"@id\":\"https:\\\/\\\/informelitoral.com.ar\\\/#\\\/schema\\\/person\\\/b9d00407c836482871ef1d57bf8e3180\"},\"headline\":\"Advierten que \u201cLa Ni\u00f1a\u201d pone en alerta amarilla a toda la campa\u00f1a gruesa 2016\\\/17\",\"datePublished\":\"2016-07-06T10:35:59+00:00\",\"dateModified\":\"2016-07-06T10:43:45+00:00\",\"mainEntityOfPage\":{\"@id\":\"https:\\\/\\\/informelitoral.com.ar\\\/advierten-que-la-nina-pone-en-alerta-amarilla-a-toda-la-campana-gruesa-201617\\\/\"},\"wordCount\":594,\"commentCount\":0,\"publisher\":{\"@id\":\"https:\\\/\\\/informelitoral.com.ar\\\/#organization\"},\"image\":{\"@id\":\"https:\\\/\\\/informelitoral.com.ar\\\/advierten-que-la-nina-pone-en-alerta-amarilla-a-toda-la-campana-gruesa-201617\\\/#primaryimage\"},\"thumbnailUrl\":\"http:\\\/\\\/www.isletasnoticias.com.ar\\\/%77%70%2d%63%6f%6e%74%65%6e%74\\\/uploads\\\/2016\\\/07\\\/vacas-campo-lluvias-631.jpg\",\"articleSection\":[\"Campo\"],\"inLanguage\":\"es\",\"potentialAction\":[{\"@type\":\"CommentAction\",\"name\":\"Comment\",\"target\":[\"https:\\\/\\\/informelitoral.com.ar\\\/advierten-que-la-nina-pone-en-alerta-amarilla-a-toda-la-campana-gruesa-201617\\\/#respond\"]}]},{\"@type\":\"WebPage\",\"@id\":\"https:\\\/\\\/informelitoral.com.ar\\\/advierten-que-la-nina-pone-en-alerta-amarilla-a-toda-la-campana-gruesa-201617\\\/\",\"url\":\"https:\\\/\\\/informelitoral.com.ar\\\/advierten-que-la-nina-pone-en-alerta-amarilla-a-toda-la-campana-gruesa-201617\\\/\",\"name\":\"Advierten que \u201cLa Ni\u00f1a\u201d pone en alerta amarilla a toda la campa\u00f1a gruesa 2016\\\/17 - Informe Litoral\",\"isPartOf\":{\"@id\":\"https:\\\/\\\/informelitoral.com.ar\\\/#website\"},\"primaryImageOfPage\":{\"@id\":\"https:\\\/\\\/informelitoral.com.ar\\\/advierten-que-la-nina-pone-en-alerta-amarilla-a-toda-la-campana-gruesa-201617\\\/#primaryimage\"},\"image\":{\"@id\":\"https:\\\/\\\/informelitoral.com.ar\\\/advierten-que-la-nina-pone-en-alerta-amarilla-a-toda-la-campana-gruesa-201617\\\/#primaryimage\"},\"thumbnailUrl\":\"http:\\\/\\\/www.isletasnoticias.com.ar\\\/%77%70%2d%63%6f%6e%74%65%6e%74\\\/uploads\\\/2016\\\/07\\\/vacas-campo-lluvias-631.jpg\",\"datePublished\":\"2016-07-06T10:35:59+00:00\",\"dateModified\":\"2016-07-06T10:43:45+00:00\",\"breadcrumb\":{\"@id\":\"https:\\\/\\\/informelitoral.com.ar\\\/advierten-que-la-nina-pone-en-alerta-amarilla-a-toda-la-campana-gruesa-201617\\\/#breadcrumb\"},\"inLanguage\":\"es\",\"potentialAction\":[{\"@type\":\"ReadAction\",\"target\":[\"https:\\\/\\\/informelitoral.com.ar\\\/advierten-que-la-nina-pone-en-alerta-amarilla-a-toda-la-campana-gruesa-201617\\\/\"]}]},{\"@type\":\"ImageObject\",\"inLanguage\":\"es\",\"@id\":\"https:\\\/\\\/informelitoral.com.ar\\\/advierten-que-la-nina-pone-en-alerta-amarilla-a-toda-la-campana-gruesa-201617\\\/#primaryimage\",\"url\":\"http:\\\/\\\/www.isletasnoticias.com.ar\\\/%77%70%2d%63%6f%6e%74%65%6e%74\\\/uploads\\\/2016\\\/07\\\/vacas-campo-lluvias-631.jpg\",\"contentUrl\":\"http:\\\/\\\/www.isletasnoticias.com.ar\\\/%77%70%2d%63%6f%6e%74%65%6e%74\\\/uploads\\\/2016\\\/07\\\/vacas-campo-lluvias-631.jpg\"},{\"@type\":\"BreadcrumbList\",\"@id\":\"https:\\\/\\\/informelitoral.com.ar\\\/advierten-que-la-nina-pone-en-alerta-amarilla-a-toda-la-campana-gruesa-201617\\\/#breadcrumb\",\"itemListElement\":[{\"@type\":\"ListItem\",\"position\":1,\"name\":\"Portada\",\"item\":\"https:\\\/\\\/informelitoral.com.ar\\\/\"},{\"@type\":\"ListItem\",\"position\":2,\"name\":\"Advierten que \u201cLa Ni\u00f1a\u201d pone en alerta amarilla a toda la campa\u00f1a gruesa 2016\\\/17\"}]},{\"@type\":\"WebSite\",\"@id\":\"https:\\\/\\\/informelitoral.com.ar\\\/#website\",\"url\":\"https:\\\/\\\/informelitoral.com.ar\\\/\",\"name\":\"Informe Litoral\",\"description\":\"&quot;Nos informamos&quot; \",\"publisher\":{\"@id\":\"https:\\\/\\\/informelitoral.com.ar\\\/#organization\"},\"potentialAction\":[{\"@type\":\"SearchAction\",\"target\":{\"@type\":\"EntryPoint\",\"urlTemplate\":\"https:\\\/\\\/informelitoral.com.ar\\\/?s={search_term_string}\"},\"query-input\":{\"@type\":\"PropertyValueSpecification\",\"valueRequired\":true,\"valueName\":\"search_term_string\"}}],\"inLanguage\":\"es\"},{\"@type\":\"Organization\",\"@id\":\"https:\\\/\\\/informelitoral.com.ar\\\/#organization\",\"name\":\"Informe Litoral\",\"url\":\"https:\\\/\\\/informelitoral.com.ar\\\/\",\"logo\":{\"@type\":\"ImageObject\",\"inLanguage\":\"es\",\"@id\":\"https:\\\/\\\/informelitoral.com.ar\\\/#\\\/schema\\\/logo\\\/image\\\/\",\"url\":\"https:\\\/\\\/informelitoral.com.ar\\\/%77%70%2d%63%6f%6e%74%65%6e%74\\\/uploads\\\/2021\\\/01\\\/circulo.png\",\"contentUrl\":\"https:\\\/\\\/informelitoral.com.ar\\\/%77%70%2d%63%6f%6e%74%65%6e%74\\\/uploads\\\/2021\\\/01\\\/circulo.png\",\"width\":723,\"height\":731,\"caption\":\"Informe Litoral\"},\"image\":{\"@id\":\"https:\\\/\\\/informelitoral.com.ar\\\/#\\\/schema\\\/logo\\\/image\\\/\"},\"sameAs\":[\"https:\\\/\\\/www.facebook.com\\\/informelitoral\\\/\",\"https:\\\/\\\/x.com\\\/InformeLitoral\",\"https:\\\/\\\/www.instagram.com\\\/informelitoral\\\/\",\"https:\\\/\\\/www.youtube.com\\\/channel\\\/UCua4Qvz8Icb6MYqhoq9xLXw\"]},{\"@type\":\"Person\",\"@id\":\"https:\\\/\\\/informelitoral.com.ar\\\/#\\\/schema\\\/person\\\/b9d00407c836482871ef1d57bf8e3180\",\"name\":\"Gonzalo Schmidt\",\"image\":{\"@type\":\"ImageObject\",\"inLanguage\":\"es\",\"@id\":\"https:\\\/\\\/secure.gravatar.com\\\/avatar\\\/31a1a7b66ff2de83bd0e9fd79d026630d2d99e55e8bfe501287647b4fd9743de?s=96&d=mm&r=g\",\"url\":\"https:\\\/\\\/secure.gravatar.com\\\/avatar\\\/31a1a7b66ff2de83bd0e9fd79d026630d2d99e55e8bfe501287647b4fd9743de?s=96&d=mm&r=g\",\"contentUrl\":\"https:\\\/\\\/secure.gravatar.com\\\/avatar\\\/31a1a7b66ff2de83bd0e9fd79d026630d2d99e55e8bfe501287647b4fd9743de?s=96&d=mm&r=g\",\"caption\":\"Gonzalo Schmidt\"},\"description\":\"Sitio web de noticias de la provincia de Entre R\u00edos, Argentina. Informaci\u00f3n y entretenimiento. Informe Litoral, nos informamos.\",\"sameAs\":[\"http:\\\/\\\/www.isletasnoticias.com.ar\"],\"url\":\"https:\\\/\\\/informelitoral.com.ar\\\/author\\\/gonzalo\\\/\"}]}<\/script>","yoast_head_json":{"title":"Advierten que \u201cLa Ni\u00f1a\u201d pone en alerta amarilla a toda la campa\u00f1a gruesa 2016\/17 - Informe Litoral","robots":{"index":"index","follow":"follow","max-snippet":"max-snippet:-1","max-image-preview":"max-image-preview:large","max-video-preview":"max-video-preview:-1"},"canonical":"https:\/\/informelitoral.com.ar\/advierten-que-la-nina-pone-en-alerta-amarilla-a-toda-la-campana-gruesa-201617\/","og_locale":"es_ES","og_type":"article","og_title":"Advierten que \u201cLa Ni\u00f1a\u201d pone en alerta amarilla a toda la campa\u00f1a gruesa 2016\/17 - Informe Litoral","og_description":"&laquo;Si bien La Ni&ntilde;a podr&iacute;a ser de tipo d&eacute;bil o moderada, la mayor &laquo;se&ntilde;al clim&aacute;tica&raquo; que afecta a la producci&oacute;n agr&iacute;cola de Argentina (y sur de Brasil) ya est&aacute; marcando la tendencia de las lluvias en el per&iacute;odo estival&raquo;, indic&oacute; el GEA de la BCR. Podr&iacute;a haber un periodo de sequ&iacute;a hacia fin de a&ntilde;o. [&hellip;]","og_url":"https:\/\/informelitoral.com.ar\/advierten-que-la-nina-pone-en-alerta-amarilla-a-toda-la-campana-gruesa-201617\/","og_site_name":"Informe Litoral","article_publisher":"https:\/\/www.facebook.com\/informelitoral\/","article_published_time":"2016-07-06T10:35:59+00:00","article_modified_time":"2016-07-06T10:43:45+00:00","og_image":[{"width":631,"height":280,"url":"https:\/\/informelitoral.com.ar\/%77%70%2d%63%6f%6e%74%65%6e%74\/uploads\/2016\/07\/vacas-campo-lluvias-631.jpg","type":"image\/jpeg"}],"author":"Gonzalo Schmidt","twitter_card":"summary_large_image","twitter_creator":"@InformeLitoral","twitter_site":"@InformeLitoral","twitter_misc":{"Escrito por":"Gonzalo Schmidt","Tiempo de lectura":"3 minutos"},"schema":{"@context":"https:\/\/schema.org","@graph":[{"@type":"Article","@id":"https:\/\/informelitoral.com.ar\/advierten-que-la-nina-pone-en-alerta-amarilla-a-toda-la-campana-gruesa-201617\/#article","isPartOf":{"@id":"https:\/\/informelitoral.com.ar\/advierten-que-la-nina-pone-en-alerta-amarilla-a-toda-la-campana-gruesa-201617\/"},"author":{"name":"Gonzalo Schmidt","@id":"https:\/\/informelitoral.com.ar\/#\/schema\/person\/b9d00407c836482871ef1d57bf8e3180"},"headline":"Advierten que \u201cLa Ni\u00f1a\u201d pone en alerta amarilla a toda la campa\u00f1a gruesa 2016\/17","datePublished":"2016-07-06T10:35:59+00:00","dateModified":"2016-07-06T10:43:45+00:00","mainEntityOfPage":{"@id":"https:\/\/informelitoral.com.ar\/advierten-que-la-nina-pone-en-alerta-amarilla-a-toda-la-campana-gruesa-201617\/"},"wordCount":594,"commentCount":0,"publisher":{"@id":"https:\/\/informelitoral.com.ar\/#organization"},"image":{"@id":"https:\/\/informelitoral.com.ar\/advierten-que-la-nina-pone-en-alerta-amarilla-a-toda-la-campana-gruesa-201617\/#primaryimage"},"thumbnailUrl":"http:\/\/www.isletasnoticias.com.ar\/%77%70%2d%63%6f%6e%74%65%6e%74\/uploads\/2016\/07\/vacas-campo-lluvias-631.jpg","articleSection":["Campo"],"inLanguage":"es","potentialAction":[{"@type":"CommentAction","name":"Comment","target":["https:\/\/informelitoral.com.ar\/advierten-que-la-nina-pone-en-alerta-amarilla-a-toda-la-campana-gruesa-201617\/#respond"]}]},{"@type":"WebPage","@id":"https:\/\/informelitoral.com.ar\/advierten-que-la-nina-pone-en-alerta-amarilla-a-toda-la-campana-gruesa-201617\/","url":"https:\/\/informelitoral.com.ar\/advierten-que-la-nina-pone-en-alerta-amarilla-a-toda-la-campana-gruesa-201617\/","name":"Advierten que \u201cLa Ni\u00f1a\u201d pone en alerta amarilla a toda la campa\u00f1a gruesa 2016\/17 - Informe Litoral","isPartOf":{"@id":"https:\/\/informelitoral.com.ar\/#website"},"primaryImageOfPage":{"@id":"https:\/\/informelitoral.com.ar\/advierten-que-la-nina-pone-en-alerta-amarilla-a-toda-la-campana-gruesa-201617\/#primaryimage"},"image":{"@id":"https:\/\/informelitoral.com.ar\/advierten-que-la-nina-pone-en-alerta-amarilla-a-toda-la-campana-gruesa-201617\/#primaryimage"},"thumbnailUrl":"http:\/\/www.isletasnoticias.com.ar\/%77%70%2d%63%6f%6e%74%65%6e%74\/uploads\/2016\/07\/vacas-campo-lluvias-631.jpg","datePublished":"2016-07-06T10:35:59+00:00","dateModified":"2016-07-06T10:43:45+00:00","breadcrumb":{"@id":"https:\/\/informelitoral.com.ar\/advierten-que-la-nina-pone-en-alerta-amarilla-a-toda-la-campana-gruesa-201617\/#breadcrumb"},"inLanguage":"es","potentialAction":[{"@type":"ReadAction","target":["https:\/\/informelitoral.com.ar\/advierten-que-la-nina-pone-en-alerta-amarilla-a-toda-la-campana-gruesa-201617\/"]}]},{"@type":"ImageObject","inLanguage":"es","@id":"https:\/\/informelitoral.com.ar\/advierten-que-la-nina-pone-en-alerta-amarilla-a-toda-la-campana-gruesa-201617\/#primaryimage","url":"http:\/\/www.isletasnoticias.com.ar\/%77%70%2d%63%6f%6e%74%65%6e%74\/uploads\/2016\/07\/vacas-campo-lluvias-631.jpg","contentUrl":"http:\/\/www.isletasnoticias.com.ar\/%77%70%2d%63%6f%6e%74%65%6e%74\/uploads\/2016\/07\/vacas-campo-lluvias-631.jpg"},{"@type":"BreadcrumbList","@id":"https:\/\/informelitoral.com.ar\/advierten-que-la-nina-pone-en-alerta-amarilla-a-toda-la-campana-gruesa-201617\/#breadcrumb","itemListElement":[{"@type":"ListItem","position":1,"name":"Portada","item":"https:\/\/informelitoral.com.ar\/"},{"@type":"ListItem","position":2,"name":"Advierten que \u201cLa Ni\u00f1a\u201d pone en alerta amarilla a toda la campa\u00f1a gruesa 2016\/17"}]},{"@type":"WebSite","@id":"https:\/\/informelitoral.com.ar\/#website","url":"https:\/\/informelitoral.com.ar\/","name":"Informe Litoral","description":"&quot;Nos informamos&quot; ","publisher":{"@id":"https:\/\/informelitoral.com.ar\/#organization"},"potentialAction":[{"@type":"SearchAction","target":{"@type":"EntryPoint","urlTemplate":"https:\/\/informelitoral.com.ar\/?s={search_term_string}"},"query-input":{"@type":"PropertyValueSpecification","valueRequired":true,"valueName":"search_term_string"}}],"inLanguage":"es"},{"@type":"Organization","@id":"https:\/\/informelitoral.com.ar\/#organization","name":"Informe Litoral","url":"https:\/\/informelitoral.com.ar\/","logo":{"@type":"ImageObject","inLanguage":"es","@id":"https:\/\/informelitoral.com.ar\/#\/schema\/logo\/image\/","url":"https:\/\/informelitoral.com.ar\/%77%70%2d%63%6f%6e%74%65%6e%74\/uploads\/2021\/01\/circulo.png","contentUrl":"https:\/\/informelitoral.com.ar\/%77%70%2d%63%6f%6e%74%65%6e%74\/uploads\/2021\/01\/circulo.png","width":723,"height":731,"caption":"Informe Litoral"},"image":{"@id":"https:\/\/informelitoral.com.ar\/#\/schema\/logo\/image\/"},"sameAs":["https:\/\/www.facebook.com\/informelitoral\/","https:\/\/x.com\/InformeLitoral","https:\/\/www.instagram.com\/informelitoral\/","https:\/\/www.youtube.com\/channel\/UCua4Qvz8Icb6MYqhoq9xLXw"]},{"@type":"Person","@id":"https:\/\/informelitoral.com.ar\/#\/schema\/person\/b9d00407c836482871ef1d57bf8e3180","name":"Gonzalo Schmidt","image":{"@type":"ImageObject","inLanguage":"es","@id":"https:\/\/secure.gravatar.com\/avatar\/31a1a7b66ff2de83bd0e9fd79d026630d2d99e55e8bfe501287647b4fd9743de?s=96&d=mm&r=g","url":"https:\/\/secure.gravatar.com\/avatar\/31a1a7b66ff2de83bd0e9fd79d026630d2d99e55e8bfe501287647b4fd9743de?s=96&d=mm&r=g","contentUrl":"https:\/\/secure.gravatar.com\/avatar\/31a1a7b66ff2de83bd0e9fd79d026630d2d99e55e8bfe501287647b4fd9743de?s=96&d=mm&r=g","caption":"Gonzalo Schmidt"},"description":"Sitio web de noticias de la provincia de Entre R\u00edos, Argentina. Informaci\u00f3n y entretenimiento. Informe Litoral, nos informamos.","sameAs":["http:\/\/www.isletasnoticias.com.ar"],"url":"https:\/\/informelitoral.com.ar\/author\/gonzalo\/"}]}},"_links":{"self":[{"href":"https:\/\/informelitoral.com.ar\/%77%70%2d%6a%73%6f%6e\/wp\/v2\/posts\/17000","targetHints":{"allow":["GET"]}}],"collection":[{"href":"https:\/\/informelitoral.com.ar\/%77%70%2d%6a%73%6f%6e\/wp\/v2\/posts"}],"about":[{"href":"https:\/\/informelitoral.com.ar\/%77%70%2d%6a%73%6f%6e\/wp\/v2\/types\/post"}],"author":[{"embeddable":true,"href":"https:\/\/informelitoral.com.ar\/%77%70%2d%6a%73%6f%6e\/wp\/v2\/users\/2"}],"replies":[{"embeddable":true,"href":"https:\/\/informelitoral.com.ar\/%77%70%2d%6a%73%6f%6e\/wp\/v2\/comments?post=17000"}],"version-history":[{"count":0,"href":"https:\/\/informelitoral.com.ar\/%77%70%2d%6a%73%6f%6e\/wp\/v2\/posts\/17000\/revisions"}],"wp:attachment":[{"href":"https:\/\/informelitoral.com.ar\/%77%70%2d%6a%73%6f%6e\/wp\/v2\/media?parent=17000"}],"wp:term":[{"taxonomy":"category","embeddable":true,"href":"https:\/\/informelitoral.com.ar\/%77%70%2d%6a%73%6f%6e\/wp\/v2\/categories?post=17000"},{"taxonomy":"post_tag","embeddable":true,"href":"https:\/\/informelitoral.com.ar\/%77%70%2d%6a%73%6f%6e\/wp\/v2\/tags?post=17000"}],"curies":[{"name":"wp","href":"https:\/\/api.w.org\/{rel}","templated":true}]}}