{"id":168764,"date":"2023-10-10T12:05:33","date_gmt":"2023-10-10T15:05:33","guid":{"rendered":"https:\/\/www.informelitoral.com.ar\/?p=168764"},"modified":"2023-10-10T21:30:48","modified_gmt":"2023-10-11T00:30:48","slug":"con-fondos-provinciales-construiran-nueve-viviendas-en-diamante","status":"publish","type":"post","link":"https:\/\/informelitoral.com.ar\/con-fondos-provinciales-construiran-nueve-viviendas-en-diamante\/","title":{"rendered":"Con fondos provinciales construir\u00e1n nueve viviendas en Diamante"},"content":{"rendered":"<p>El gobierno entrerriano, a trav\u00e9s del IAPV, licitar\u00e1 la construcci\u00f3n de 242 nuevas viviendas para Concepci\u00f3n del Uruguay, <strong>Diamante<\/strong>, Colonia El\u00eda y San Justo. Tienen financiamiento de los programas Casa Propia-Construir Futuro y Primero Tu Casa.<\/p>\n<p>Con el programa Primero Tu Casa se ejecutar\u00e1n en Diamante nueve viviendas destinadas a empleados municipales.<\/p>\n<p><strong>Se trata de nueve viviendas de dos dormitorios, una de ellas equipadas para situaciones especiales de discapacidad. Tienen un plazo de ejecuci\u00f3n de 210 meses.<\/strong><\/p>\n<p>Adem\u00e1s, construir\u00e1n 200 viviendas en Concepci\u00f3n del Uruguay, a trav\u00e9s del programa nacional. Con financiamiento provincial, ejecutar\u00e1n 10 soluciones habitacionales en Colonia El\u00eda y otras 23 casas en San Justo.<\/p>\n<p>Las obras, tienen un presupuesto oficial de m\u00e1s de 4.659 millones de pesos y las aperturas de las ofertas econ\u00f3micas se realizar\u00e1n el 8 de noviembre, en la sede del organismo provincial.<\/p>\n<p>Casa Propia Construir Futuro<\/p>\n<p>Concepci\u00f3n del Uruguay 200 viviendas<\/p>\n<p>Se ejecutar\u00e1n 200 viviendas de 2 dormitorios, 20 de ellas equipadas para situaciones especiales de discapacidad. Tienen un plazo de obra de 18 meses.<\/p>\n<p>Colonia El\u00eda 10 viviendas<\/p>\n<p>Se edificar\u00e1n 10 viviendas de 2 dormitorios, una de ellas equipadas para situaciones especiales de discapacidad. Tienen un plazo de obra de 10 meses.<\/p>\n<p>San Justo 23 viviendas<\/p>\n<p>Se levantar\u00e1n 23 viviendas de 2 dormitorios, una de ellas equipadas para situaciones especiales de discapacidad. Plazo de construcci\u00f3n 12 meses.<\/p>\n","protected":false},"excerpt":{"rendered":"<p>Con el programa Primero Tu Casa se ejecutar\u00e1n nueve viviendas destinadas a empleados municipales.<\/p>\n","protected":false},"author":8,"featured_media":168771,"comment_status":"open","ping_status":"open","sticky":false,"template":"","format":"standard","meta":{"fifu_image_url":"","fifu_image_alt":"","footnotes":""},"categories":[5],"tags":[34,1517,283],"class_list":{"0":"post-168764","1":"post","2":"type-post","3":"status-publish","4":"format-standard","5":"has-post-thumbnail","7":"category-zonales","8":"tag-diamante","9":"tag-iapv","10":"tag-obras"},"yoast_head":"<title>Con fondos provinciales construir\u00e1n nueve viviendas en Diamante - Informe Litoral<\/title>\n<meta name=\"robots\" content=\"index, follow, max-snippet:-1, max-image-preview:large, max-video-preview:-1\" \/>\n<link rel=\"canonical\" href=\"https:\/\/informelitoral.com.ar\/con-fondos-provinciales-construiran-nueve-viviendas-en-diamante\/\" \/>\n<meta property=\"og:locale\" content=\"es_ES\" \/>\n<meta property=\"og:type\" content=\"article\" \/>\n<meta property=\"og:title\" content=\"Con fondos provinciales construir\u00e1n nueve viviendas en Diamante - Informe Litoral\" \/>\n<meta property=\"og:description\" content=\"Con el programa Primero Tu Casa se ejecutar\u00e1n nueve viviendas destinadas a empleados municipales.\" \/>\n<meta property=\"og:url\" content=\"https:\/\/informelitoral.com.ar\/con-fondos-provinciales-construiran-nueve-viviendas-en-diamante\/\" \/>\n<meta property=\"og:site_name\" content=\"Informe Litoral\" \/>\n<meta property=\"article:publisher\" content=\"https:\/\/www.facebook.com\/informelitoral\/\" \/>\n<meta property=\"article:published_time\" content=\"2023-10-10T15:05:33+00:00\" \/>\n<meta property=\"article:modified_time\" content=\"2023-10-11T00:30:48+00:00\" \/>\n<meta property=\"og:image\" content=\"https:\/\/informelitoral.com.ar\/%77%70%2d%63%6f%6e%74%65%6e%74\/uploads\/2023\/10\/viviendas-iapv-1024x576.jpg.webp\" \/>\n\t<meta property=\"og:image:width\" content=\"1024\" \/>\n\t<meta property=\"og:image:height\" content=\"576\" \/>\n\t<meta property=\"og:image:type\" content=\"image\/webp\" \/>\n<meta name=\"author\" content=\"Sebastian\" \/>\n<meta name=\"twitter:card\" content=\"summary_large_image\" \/>\n<meta name=\"twitter:creator\" content=\"@InformeLitoral\" \/>\n<meta name=\"twitter:site\" content=\"@InformeLitoral\" \/>\n<meta name=\"twitter:label1\" content=\"Escrito por\" \/>\n\t<meta name=\"twitter:data1\" content=\"Sebastian\" \/>\n\t<meta name=\"twitter:label2\" content=\"Tiempo de lectura\" \/>\n\t<meta name=\"twitter:data2\" content=\"1 minuto\" \/>\n<script type=\"application\/ld+json\" class=\"yoast-schema-graph\">{\"@context\":\"https:\\\/\\\/schema.org\",\"@graph\":[{\"@type\":\"Article\",\"@id\":\"https:\\\/\\\/informelitoral.com.ar\\\/con-fondos-provinciales-construiran-nueve-viviendas-en-diamante\\\/#article\",\"isPartOf\":{\"@id\":\"https:\\\/\\\/informelitoral.com.ar\\\/con-fondos-provinciales-construiran-nueve-viviendas-en-diamante\\\/\"},\"author\":{\"name\":\"Sebastian\",\"@id\":\"https:\\\/\\\/informelitoral.com.ar\\\/#\\\/schema\\\/person\\\/f05f9f461677119578717524b127d6d5\"},\"headline\":\"Con fondos provinciales construir\u00e1n nueve viviendas en Diamante\",\"datePublished\":\"2023-10-10T15:05:33+00:00\",\"dateModified\":\"2023-10-11T00:30:48+00:00\",\"mainEntityOfPage\":{\"@id\":\"https:\\\/\\\/informelitoral.com.ar\\\/con-fondos-provinciales-construiran-nueve-viviendas-en-diamante\\\/\"},\"wordCount\":235,\"commentCount\":0,\"publisher\":{\"@id\":\"https:\\\/\\\/informelitoral.com.ar\\\/#organization\"},\"image\":{\"@id\":\"https:\\\/\\\/informelitoral.com.ar\\\/con-fondos-provinciales-construiran-nueve-viviendas-en-diamante\\\/#primaryimage\"},\"thumbnailUrl\":\"https:\\\/\\\/informelitoral.com.ar\\\/%77%70%2d%63%6f%6e%74%65%6e%74\\\/uploads\\\/2023\\\/10\\\/viviendas-iapv-1024x576.jpg.webp\",\"keywords\":[\"Diamante\",\"IAPV\",\"Obras\"],\"articleSection\":[\"Departamento Diamante\"],\"inLanguage\":\"es\",\"potentialAction\":[{\"@type\":\"CommentAction\",\"name\":\"Comment\",\"target\":[\"https:\\\/\\\/informelitoral.com.ar\\\/con-fondos-provinciales-construiran-nueve-viviendas-en-diamante\\\/#respond\"]}]},{\"@type\":\"WebPage\",\"@id\":\"https:\\\/\\\/informelitoral.com.ar\\\/con-fondos-provinciales-construiran-nueve-viviendas-en-diamante\\\/\",\"url\":\"https:\\\/\\\/informelitoral.com.ar\\\/con-fondos-provinciales-construiran-nueve-viviendas-en-diamante\\\/\",\"name\":\"Con fondos provinciales construir\u00e1n nueve viviendas en Diamante - Informe Litoral\",\"isPartOf\":{\"@id\":\"https:\\\/\\\/informelitoral.com.ar\\\/#website\"},\"primaryImageOfPage\":{\"@id\":\"https:\\\/\\\/informelitoral.com.ar\\\/con-fondos-provinciales-construiran-nueve-viviendas-en-diamante\\\/#primaryimage\"},\"image\":{\"@id\":\"https:\\\/\\\/informelitoral.com.ar\\\/con-fondos-provinciales-construiran-nueve-viviendas-en-diamante\\\/#primaryimage\"},\"thumbnailUrl\":\"https:\\\/\\\/informelitoral.com.ar\\\/%77%70%2d%63%6f%6e%74%65%6e%74\\\/uploads\\\/2023\\\/10\\\/viviendas-iapv-1024x576.jpg.webp\",\"datePublished\":\"2023-10-10T15:05:33+00:00\",\"dateModified\":\"2023-10-11T00:30:48+00:00\",\"breadcrumb\":{\"@id\":\"https:\\\/\\\/informelitoral.com.ar\\\/con-fondos-provinciales-construiran-nueve-viviendas-en-diamante\\\/#breadcrumb\"},\"inLanguage\":\"es\",\"potentialAction\":[{\"@type\":\"ReadAction\",\"target\":[\"https:\\\/\\\/informelitoral.com.ar\\\/con-fondos-provinciales-construiran-nueve-viviendas-en-diamante\\\/\"]}]},{\"@type\":\"ImageObject\",\"inLanguage\":\"es\",\"@id\":\"https:\\\/\\\/informelitoral.com.ar\\\/con-fondos-provinciales-construiran-nueve-viviendas-en-diamante\\\/#primaryimage\",\"url\":\"https:\\\/\\\/informelitoral.com.ar\\\/%77%70%2d%63%6f%6e%74%65%6e%74\\\/uploads\\\/2023\\\/10\\\/viviendas-iapv-1024x576.jpg.webp\",\"contentUrl\":\"https:\\\/\\\/informelitoral.com.ar\\\/%77%70%2d%63%6f%6e%74%65%6e%74\\\/uploads\\\/2023\\\/10\\\/viviendas-iapv-1024x576.jpg.webp\",\"width\":1024,\"height\":576},{\"@type\":\"BreadcrumbList\",\"@id\":\"https:\\\/\\\/informelitoral.com.ar\\\/con-fondos-provinciales-construiran-nueve-viviendas-en-diamante\\\/#breadcrumb\",\"itemListElement\":[{\"@type\":\"ListItem\",\"position\":1,\"name\":\"Portada\",\"item\":\"https:\\\/\\\/informelitoral.com.ar\\\/\"},{\"@type\":\"ListItem\",\"position\":2,\"name\":\"Con fondos provinciales construir\u00e1n nueve viviendas en Diamante\"}]},{\"@type\":\"WebSite\",\"@id\":\"https:\\\/\\\/informelitoral.com.ar\\\/#website\",\"url\":\"https:\\\/\\\/informelitoral.com.ar\\\/\",\"name\":\"Informe Litoral\",\"description\":\"&quot;Nos informamos&quot; \",\"publisher\":{\"@id\":\"https:\\\/\\\/informelitoral.com.ar\\\/#organization\"},\"potentialAction\":[{\"@type\":\"SearchAction\",\"target\":{\"@type\":\"EntryPoint\",\"urlTemplate\":\"https:\\\/\\\/informelitoral.com.ar\\\/?s={search_term_string}\"},\"query-input\":{\"@type\":\"PropertyValueSpecification\",\"valueRequired\":true,\"valueName\":\"search_term_string\"}}],\"inLanguage\":\"es\"},{\"@type\":\"Organization\",\"@id\":\"https:\\\/\\\/informelitoral.com.ar\\\/#organization\",\"name\":\"Informe Litoral\",\"url\":\"https:\\\/\\\/informelitoral.com.ar\\\/\",\"logo\":{\"@type\":\"ImageObject\",\"inLanguage\":\"es\",\"@id\":\"https:\\\/\\\/informelitoral.com.ar\\\/#\\\/schema\\\/logo\\\/image\\\/\",\"url\":\"https:\\\/\\\/informelitoral.com.ar\\\/%77%70%2d%63%6f%6e%74%65%6e%74\\\/uploads\\\/2021\\\/01\\\/circulo.png\",\"contentUrl\":\"https:\\\/\\\/informelitoral.com.ar\\\/%77%70%2d%63%6f%6e%74%65%6e%74\\\/uploads\\\/2021\\\/01\\\/circulo.png\",\"width\":723,\"height\":731,\"caption\":\"Informe Litoral\"},\"image\":{\"@id\":\"https:\\\/\\\/informelitoral.com.ar\\\/#\\\/schema\\\/logo\\\/image\\\/\"},\"sameAs\":[\"https:\\\/\\\/www.facebook.com\\\/informelitoral\\\/\",\"https:\\\/\\\/x.com\\\/InformeLitoral\",\"https:\\\/\\\/www.instagram.com\\\/informelitoral\\\/\",\"https:\\\/\\\/www.youtube.com\\\/channel\\\/UCua4Qvz8Icb6MYqhoq9xLXw\"]},{\"@type\":\"Person\",\"@id\":\"https:\\\/\\\/informelitoral.com.ar\\\/#\\\/schema\\\/person\\\/f05f9f461677119578717524b127d6d5\",\"name\":\"Sebastian\",\"image\":{\"@type\":\"ImageObject\",\"inLanguage\":\"es\",\"@id\":\"https:\\\/\\\/secure.gravatar.com\\\/avatar\\\/b71bf7481d447dfb9583c7f2798e7cc64de6efb9067b74633ed8c31059a3bd82?s=96&d=mm&r=g\",\"url\":\"https:\\\/\\\/secure.gravatar.com\\\/avatar\\\/b71bf7481d447dfb9583c7f2798e7cc64de6efb9067b74633ed8c31059a3bd82?s=96&d=mm&r=g\",\"contentUrl\":\"https:\\\/\\\/secure.gravatar.com\\\/avatar\\\/b71bf7481d447dfb9583c7f2798e7cc64de6efb9067b74633ed8c31059a3bd82?s=96&d=mm&r=g\",\"caption\":\"Sebastian\"},\"url\":\"https:\\\/\\\/informelitoral.com.ar\\\/author\\\/sebastian\\\/\"}]}<\/script>","yoast_head_json":{"title":"Con fondos provinciales construir\u00e1n nueve viviendas en Diamante - Informe Litoral","robots":{"index":"index","follow":"follow","max-snippet":"max-snippet:-1","max-image-preview":"max-image-preview:large","max-video-preview":"max-video-preview:-1"},"canonical":"https:\/\/informelitoral.com.ar\/con-fondos-provinciales-construiran-nueve-viviendas-en-diamante\/","og_locale":"es_ES","og_type":"article","og_title":"Con fondos provinciales construir\u00e1n nueve viviendas en Diamante - Informe Litoral","og_description":"Con el programa Primero Tu Casa se ejecutar\u00e1n nueve viviendas destinadas a empleados municipales.","og_url":"https:\/\/informelitoral.com.ar\/con-fondos-provinciales-construiran-nueve-viviendas-en-diamante\/","og_site_name":"Informe Litoral","article_publisher":"https:\/\/www.facebook.com\/informelitoral\/","article_published_time":"2023-10-10T15:05:33+00:00","article_modified_time":"2023-10-11T00:30:48+00:00","og_image":[{"width":1024,"height":576,"url":"https:\/\/informelitoral.com.ar\/%77%70%2d%63%6f%6e%74%65%6e%74\/uploads\/2023\/10\/viviendas-iapv-1024x576.jpg.webp","type":"image\/webp"}],"author":"Sebastian","twitter_card":"summary_large_image","twitter_creator":"@InformeLitoral","twitter_site":"@InformeLitoral","twitter_misc":{"Escrito por":"Sebastian","Tiempo de lectura":"1 minuto"},"schema":{"@context":"https:\/\/schema.org","@graph":[{"@type":"Article","@id":"https:\/\/informelitoral.com.ar\/con-fondos-provinciales-construiran-nueve-viviendas-en-diamante\/#article","isPartOf":{"@id":"https:\/\/informelitoral.com.ar\/con-fondos-provinciales-construiran-nueve-viviendas-en-diamante\/"},"author":{"name":"Sebastian","@id":"https:\/\/informelitoral.com.ar\/#\/schema\/person\/f05f9f461677119578717524b127d6d5"},"headline":"Con fondos provinciales construir\u00e1n nueve viviendas en Diamante","datePublished":"2023-10-10T15:05:33+00:00","dateModified":"2023-10-11T00:30:48+00:00","mainEntityOfPage":{"@id":"https:\/\/informelitoral.com.ar\/con-fondos-provinciales-construiran-nueve-viviendas-en-diamante\/"},"wordCount":235,"commentCount":0,"publisher":{"@id":"https:\/\/informelitoral.com.ar\/#organization"},"image":{"@id":"https:\/\/informelitoral.com.ar\/con-fondos-provinciales-construiran-nueve-viviendas-en-diamante\/#primaryimage"},"thumbnailUrl":"https:\/\/informelitoral.com.ar\/%77%70%2d%63%6f%6e%74%65%6e%74\/uploads\/2023\/10\/viviendas-iapv-1024x576.jpg.webp","keywords":["Diamante","IAPV","Obras"],"articleSection":["Departamento Diamante"],"inLanguage":"es","potentialAction":[{"@type":"CommentAction","name":"Comment","target":["https:\/\/informelitoral.com.ar\/con-fondos-provinciales-construiran-nueve-viviendas-en-diamante\/#respond"]}]},{"@type":"WebPage","@id":"https:\/\/informelitoral.com.ar\/con-fondos-provinciales-construiran-nueve-viviendas-en-diamante\/","url":"https:\/\/informelitoral.com.ar\/con-fondos-provinciales-construiran-nueve-viviendas-en-diamante\/","name":"Con fondos provinciales construir\u00e1n nueve viviendas en Diamante - Informe Litoral","isPartOf":{"@id":"https:\/\/informelitoral.com.ar\/#website"},"primaryImageOfPage":{"@id":"https:\/\/informelitoral.com.ar\/con-fondos-provinciales-construiran-nueve-viviendas-en-diamante\/#primaryimage"},"image":{"@id":"https:\/\/informelitoral.com.ar\/con-fondos-provinciales-construiran-nueve-viviendas-en-diamante\/#primaryimage"},"thumbnailUrl":"https:\/\/informelitoral.com.ar\/%77%70%2d%63%6f%6e%74%65%6e%74\/uploads\/2023\/10\/viviendas-iapv-1024x576.jpg.webp","datePublished":"2023-10-10T15:05:33+00:00","dateModified":"2023-10-11T00:30:48+00:00","breadcrumb":{"@id":"https:\/\/informelitoral.com.ar\/con-fondos-provinciales-construiran-nueve-viviendas-en-diamante\/#breadcrumb"},"inLanguage":"es","potentialAction":[{"@type":"ReadAction","target":["https:\/\/informelitoral.com.ar\/con-fondos-provinciales-construiran-nueve-viviendas-en-diamante\/"]}]},{"@type":"ImageObject","inLanguage":"es","@id":"https:\/\/informelitoral.com.ar\/con-fondos-provinciales-construiran-nueve-viviendas-en-diamante\/#primaryimage","url":"https:\/\/informelitoral.com.ar\/%77%70%2d%63%6f%6e%74%65%6e%74\/uploads\/2023\/10\/viviendas-iapv-1024x576.jpg.webp","contentUrl":"https:\/\/informelitoral.com.ar\/%77%70%2d%63%6f%6e%74%65%6e%74\/uploads\/2023\/10\/viviendas-iapv-1024x576.jpg.webp","width":1024,"height":576},{"@type":"BreadcrumbList","@id":"https:\/\/informelitoral.com.ar\/con-fondos-provinciales-construiran-nueve-viviendas-en-diamante\/#breadcrumb","itemListElement":[{"@type":"ListItem","position":1,"name":"Portada","item":"https:\/\/informelitoral.com.ar\/"},{"@type":"ListItem","position":2,"name":"Con fondos provinciales construir\u00e1n nueve viviendas en Diamante"}]},{"@type":"WebSite","@id":"https:\/\/informelitoral.com.ar\/#website","url":"https:\/\/informelitoral.com.ar\/","name":"Informe Litoral","description":"&quot;Nos informamos&quot; ","publisher":{"@id":"https:\/\/informelitoral.com.ar\/#organization"},"potentialAction":[{"@type":"SearchAction","target":{"@type":"EntryPoint","urlTemplate":"https:\/\/informelitoral.com.ar\/?s={search_term_string}"},"query-input":{"@type":"PropertyValueSpecification","valueRequired":true,"valueName":"search_term_string"}}],"inLanguage":"es"},{"@type":"Organization","@id":"https:\/\/informelitoral.com.ar\/#organization","name":"Informe Litoral","url":"https:\/\/informelitoral.com.ar\/","logo":{"@type":"ImageObject","inLanguage":"es","@id":"https:\/\/informelitoral.com.ar\/#\/schema\/logo\/image\/","url":"https:\/\/informelitoral.com.ar\/%77%70%2d%63%6f%6e%74%65%6e%74\/uploads\/2021\/01\/circulo.png","contentUrl":"https:\/\/informelitoral.com.ar\/%77%70%2d%63%6f%6e%74%65%6e%74\/uploads\/2021\/01\/circulo.png","width":723,"height":731,"caption":"Informe Litoral"},"image":{"@id":"https:\/\/informelitoral.com.ar\/#\/schema\/logo\/image\/"},"sameAs":["https:\/\/www.facebook.com\/informelitoral\/","https:\/\/x.com\/InformeLitoral","https:\/\/www.instagram.com\/informelitoral\/","https:\/\/www.youtube.com\/channel\/UCua4Qvz8Icb6MYqhoq9xLXw"]},{"@type":"Person","@id":"https:\/\/informelitoral.com.ar\/#\/schema\/person\/f05f9f461677119578717524b127d6d5","name":"Sebastian","image":{"@type":"ImageObject","inLanguage":"es","@id":"https:\/\/secure.gravatar.com\/avatar\/b71bf7481d447dfb9583c7f2798e7cc64de6efb9067b74633ed8c31059a3bd82?s=96&d=mm&r=g","url":"https:\/\/secure.gravatar.com\/avatar\/b71bf7481d447dfb9583c7f2798e7cc64de6efb9067b74633ed8c31059a3bd82?s=96&d=mm&r=g","contentUrl":"https:\/\/secure.gravatar.com\/avatar\/b71bf7481d447dfb9583c7f2798e7cc64de6efb9067b74633ed8c31059a3bd82?s=96&d=mm&r=g","caption":"Sebastian"},"url":"https:\/\/informelitoral.com.ar\/author\/sebastian\/"}]}},"_links":{"self":[{"href":"https:\/\/informelitoral.com.ar\/%77%70%2d%6a%73%6f%6e\/wp\/v2\/posts\/168764","targetHints":{"allow":["GET"]}}],"collection":[{"href":"https:\/\/informelitoral.com.ar\/%77%70%2d%6a%73%6f%6e\/wp\/v2\/posts"}],"about":[{"href":"https:\/\/informelitoral.com.ar\/%77%70%2d%6a%73%6f%6e\/wp\/v2\/types\/post"}],"author":[{"embeddable":true,"href":"https:\/\/informelitoral.com.ar\/%77%70%2d%6a%73%6f%6e\/wp\/v2\/users\/8"}],"replies":[{"embeddable":true,"href":"https:\/\/informelitoral.com.ar\/%77%70%2d%6a%73%6f%6e\/wp\/v2\/comments?post=168764"}],"version-history":[{"count":0,"href":"https:\/\/informelitoral.com.ar\/%77%70%2d%6a%73%6f%6e\/wp\/v2\/posts\/168764\/revisions"}],"wp:featuredmedia":[{"embeddable":true,"href":"https:\/\/informelitoral.com.ar\/%77%70%2d%6a%73%6f%6e\/wp\/v2\/media\/168771"}],"wp:attachment":[{"href":"https:\/\/informelitoral.com.ar\/%77%70%2d%6a%73%6f%6e\/wp\/v2\/media?parent=168764"}],"wp:term":[{"taxonomy":"category","embeddable":true,"href":"https:\/\/informelitoral.com.ar\/%77%70%2d%6a%73%6f%6e\/wp\/v2\/categories?post=168764"},{"taxonomy":"post_tag","embeddable":true,"href":"https:\/\/informelitoral.com.ar\/%77%70%2d%6a%73%6f%6e\/wp\/v2\/tags?post=168764"}],"curies":[{"name":"wp","href":"https:\/\/api.w.org\/{rel}","templated":true}]}}