{"id":168750,"date":"2023-10-10T11:39:06","date_gmt":"2023-10-10T14:39:06","guid":{"rendered":"https:\/\/www.informelitoral.com.ar\/?p=168750"},"modified":"2023-10-10T21:34:31","modified_gmt":"2023-10-11T00:34:31","slug":"incendios-forestales-en-cordoba-evacuados-casas-quemadas-y-cuantiosos-danos","status":"publish","type":"post","link":"https:\/\/informelitoral.com.ar\/incendios-forestales-en-cordoba-evacuados-casas-quemadas-y-cuantiosos-danos\/","title":{"rendered":"Incendios forestales en C\u00f3rdoba: evacuados, casas quemadas y cuantiosos da\u00f1os"},"content":{"rendered":"<p>M\u00e1s de 30 vecinos de la localidad cordobesa de Villa Carlos Paz debieron ser evacuados hoy debido al humo intenso que se registra en sus viviendas, producto de incendios forestales en una zona de sierras, mientras que, en Icho Cruz y Tala Huasi, se incendiaron al menos dos viviendas y una persona fue detenida por encender un fuego<\/p>\n<p>La situaci\u00f3n asoma como muy complicada, seg\u00fan lo detallado por Claudio Vignetta, secretario de Gesti\u00f3n de Riesgo Clim\u00e1tico, Cat\u00e1strofes y Protecci\u00f3n Civil, quien dijo que el foco de Tanti, que afecta al barrio Las 400 Viviendas, de Villa Carlos Paz, \u00abse trata de un incendio muy activo en donde est\u00e1n trabajando bomberos voluntarios de toda la regi\u00f3n\u201d.<\/p>\n<p>\u201cAqu\u00ed, el fuego cruz\u00f3 la ruta y va en direcci\u00f3n al barrio denominado las 400 Viviendas\u201d, resalt\u00f3 el funcionario.<\/p>\n<p>Ese incendio se inici\u00f3 en Tanti producto de la negligencia de un hombre de 27 a\u00f1os, que qued\u00f3 detenido, quien asumi\u00f3 que inici\u00f3 una fogata para calentar una pava y preparar un caf\u00e9, y que el fuego se le descontrol\u00f3 y gener\u00f3 el mayor de los incendios de la provincia.<\/p>\n<p>Asimismo, ese incendio iniciado entre Tanti y Cabalango se desplaz\u00f3 hacia otro punto del Valle de Punilla, entre Tala Huasi e Icho Cruz, donde se desarrolla el foco m\u00e1s importante de los que est\u00e1n activos, y, en el lugar, bomberos y brigadistas se aprestaban a trabajar durante toda la noche para evitar que el fuego avance sobre zonas pobladas.<\/p>\n<p>En esas localidades a donde lleg\u00f3 el fuego a \u00faltima hora, al menos dos casas fueron alcanzadas por las llamas y sufrieron la destrucci\u00f3n total.<\/p>\n<p>Durante la tarde del lunes llegaron a trabajar hasta siete aviones hidrantes en simult\u00e1neo para combatir las llamas en el lugar, abasteci\u00e9ndose de agua en el Lago San Roque.<\/p>\n<figure class=\"embed\">\n<p><figure style=\"width: 640px\" class=\"wp-caption alignnone\"><img loading=\"lazy\" decoding=\"async\" src=\"https:\/\/elonce-media.elonce.com\/fotos-nuevo\/2023\/10\/10\/o_1696922282_1.jpg\" alt=\"\" width=\"640\" height=\"450\" \/><figcaption class=\"wp-caption-text\">Los 30 vecinos evacuados y autoevacuados permanecen en el Sal\u00f3n de Usos M\u00faltiples de la comuna de Tala Huasi y retornar\u00e1n a sus hogares cuando las autoridades consideren asegurado el per\u00edmetro en donde se localizan sus viviendas. (T\u00e9lam)<\/figcaption><\/figure><\/figure>\n<p>Dotaciones de todos los cuarteles del sector est\u00e1n afectados a las tareas de contenci\u00f3n de los fuegos, en una jornada en la que las temperaturas alcanzaron los 35 grados y las r\u00e1fagas de viento norte ascendieron hasta los 70 kil\u00f3metros por hora en ciertos momentos.<\/p>\n<p>Adem\u00e1s, en las primeras horas de la noche los vecinos del lugar y de la vecina localidad de Cuesta Blanca trabajan intentando humedecer con agua extra\u00edda de piletas de las viviendas, para prevenir ante un eventual giro del viento.<\/p>\n<p>Asimismo, bomberos y aviones hidrantes lograron contener el incendio que afect\u00f3 a un sector de Barranca Yaco, en jurisdicci\u00f3n de Sinsacate, pero a\u00fan persisten activos los focos de San Clemente, Potrero de Garay, ambas localidades del departamento Santa Mar\u00eda, y en Trinchera, jurisdicci\u00f3n de Balnearia.<\/p>\n<p>En la lucha contra las llamas en Barranca Yaco el fuego alcanz\u00f3 a un autobomba que utilizaban los bomberos y sufri\u00f3 destrucci\u00f3n total en pocos minutos.<\/p>\n<p>De acuerdo a lo indicado por las fuentes de la Provincia, ese fuego se inici\u00f3 por las chispas que salieron mientras operarios trabajaban sobre las v\u00edas del tren. En ese caso, los cuatro trabajadores fueron demorados para prestar declaraci\u00f3n.<\/p>\n<p>Para las pr\u00f3ximas horas se mantienen las condiciones meteorol\u00f3gicas con un contexto c\u00e1lido, viento intenso y baja humedad relativa lo que configurar\u00eda un riesgo extremo de incendios y la posibilidad de disminuciones importantes de visibilidad por polvo levantado por el viento.<\/p>\n<p>Hoy la temperatura en toda la provincia ascender\u00eda a registros que podr\u00edan superar los 35\u00ba, y el viento continuar\u00e1 con fuertes r\u00e1fagas.<\/p>\n<p>El Gobierno provincial advirti\u00f3 que se realizan aportes econ\u00f3micos para las localidades y vecinos afectados.<\/p>\n<p>\u201cSon d\u00edas de extremo incendios, es un esfuerzo entre todos, los incendios los inicia el hombre\u201d, lament\u00f3 Vignetta y reforz\u00f3 que \u201cma\u00f1ana vamos a tener un d\u00eda muy complicado\u201d.<\/p>\n","protected":false},"excerpt":{"rendered":"<p>Se inici\u00f3 en Tanti producto de la negligencia de un hombre de 27 a\u00f1os, que qued\u00f3 detenido, quien asumi\u00f3 que inici\u00f3 una fogata para calentar una pava y preparar un caf\u00e9, y que el fuego se le descontrol\u00f3. Fue detenido.<\/p>\n","protected":false},"author":8,"featured_media":168755,"comment_status":"open","ping_status":"open","sticky":false,"template":"","format":"standard","meta":{"fifu_image_url":"","fifu_image_alt":"","footnotes":""},"categories":[7],"tags":[324,1695],"class_list":{"0":"post-168750","1":"post","2":"type-post","3":"status-publish","4":"format-standard","5":"has-post-thumbnail","7":"category-nacionales","8":"tag-cordoba","9":"tag-incendios"},"yoast_head":"<title>Incendios forestales en C\u00f3rdoba: evacuados, casas quemadas y cuantiosos da\u00f1os - Informe Litoral<\/title>\n<meta name=\"robots\" content=\"index, follow, max-snippet:-1, max-image-preview:large, max-video-preview:-1\" \/>\n<link rel=\"canonical\" href=\"https:\/\/informelitoral.com.ar\/incendios-forestales-en-cordoba-evacuados-casas-quemadas-y-cuantiosos-danos\/\" \/>\n<meta property=\"og:locale\" content=\"es_ES\" \/>\n<meta property=\"og:type\" content=\"article\" \/>\n<meta property=\"og:title\" content=\"Incendios forestales en C\u00f3rdoba: evacuados, casas quemadas y cuantiosos da\u00f1os - Informe Litoral\" \/>\n<meta property=\"og:description\" content=\"Se inici\u00f3 en Tanti producto de la negligencia de un hombre de 27 a\u00f1os, que qued\u00f3 detenido, quien asumi\u00f3 que inici\u00f3 una fogata para calentar una pava y preparar un caf\u00e9, y que el fuego se le descontrol\u00f3. Fue detenido.\" \/>\n<meta property=\"og:url\" content=\"https:\/\/informelitoral.com.ar\/incendios-forestales-en-cordoba-evacuados-casas-quemadas-y-cuantiosos-danos\/\" \/>\n<meta property=\"og:site_name\" content=\"Informe Litoral\" \/>\n<meta property=\"article:publisher\" content=\"https:\/\/www.facebook.com\/informelitoral\/\" \/>\n<meta property=\"article:published_time\" content=\"2023-10-10T14:39:06+00:00\" \/>\n<meta property=\"article:modified_time\" content=\"2023-10-11T00:34:31+00:00\" \/>\n<meta property=\"og:image\" content=\"https:\/\/informelitoral.com.ar\/%77%70%2d%63%6f%6e%74%65%6e%74\/uploads\/2023\/10\/o_1696922282.jpg\" \/>\n\t<meta property=\"og:image:width\" content=\"800\" \/>\n\t<meta property=\"og:image:height\" content=\"450\" \/>\n\t<meta property=\"og:image:type\" content=\"image\/jpeg\" \/>\n<meta name=\"author\" content=\"Sebastian\" \/>\n<meta name=\"twitter:card\" content=\"summary_large_image\" \/>\n<meta name=\"twitter:creator\" content=\"@InformeLitoral\" \/>\n<meta name=\"twitter:site\" content=\"@InformeLitoral\" \/>\n<meta name=\"twitter:label1\" content=\"Escrito por\" \/>\n\t<meta name=\"twitter:data1\" content=\"Sebastian\" \/>\n\t<meta name=\"twitter:label2\" content=\"Tiempo de lectura\" \/>\n\t<meta name=\"twitter:data2\" content=\"3 minutos\" \/>\n<script type=\"application\/ld+json\" class=\"yoast-schema-graph\">{\"@context\":\"https:\\\/\\\/schema.org\",\"@graph\":[{\"@type\":\"Article\",\"@id\":\"https:\\\/\\\/informelitoral.com.ar\\\/incendios-forestales-en-cordoba-evacuados-casas-quemadas-y-cuantiosos-danos\\\/#article\",\"isPartOf\":{\"@id\":\"https:\\\/\\\/informelitoral.com.ar\\\/incendios-forestales-en-cordoba-evacuados-casas-quemadas-y-cuantiosos-danos\\\/\"},\"author\":{\"name\":\"Sebastian\",\"@id\":\"https:\\\/\\\/informelitoral.com.ar\\\/#\\\/schema\\\/person\\\/f05f9f461677119578717524b127d6d5\"},\"headline\":\"Incendios forestales en C\u00f3rdoba: evacuados, casas quemadas y cuantiosos da\u00f1os\",\"datePublished\":\"2023-10-10T14:39:06+00:00\",\"dateModified\":\"2023-10-11T00:34:31+00:00\",\"mainEntityOfPage\":{\"@id\":\"https:\\\/\\\/informelitoral.com.ar\\\/incendios-forestales-en-cordoba-evacuados-casas-quemadas-y-cuantiosos-danos\\\/\"},\"wordCount\":691,\"commentCount\":0,\"publisher\":{\"@id\":\"https:\\\/\\\/informelitoral.com.ar\\\/#organization\"},\"image\":{\"@id\":\"https:\\\/\\\/informelitoral.com.ar\\\/incendios-forestales-en-cordoba-evacuados-casas-quemadas-y-cuantiosos-danos\\\/#primaryimage\"},\"thumbnailUrl\":\"https:\\\/\\\/informelitoral.com.ar\\\/%77%70%2d%63%6f%6e%74%65%6e%74\\\/uploads\\\/2023\\\/10\\\/o_1696922282.jpg\",\"keywords\":[\"C\u00f3rdoba\",\"Incendios\"],\"articleSection\":[\"Nacionales\"],\"inLanguage\":\"es\",\"potentialAction\":[{\"@type\":\"CommentAction\",\"name\":\"Comment\",\"target\":[\"https:\\\/\\\/informelitoral.com.ar\\\/incendios-forestales-en-cordoba-evacuados-casas-quemadas-y-cuantiosos-danos\\\/#respond\"]}]},{\"@type\":\"WebPage\",\"@id\":\"https:\\\/\\\/informelitoral.com.ar\\\/incendios-forestales-en-cordoba-evacuados-casas-quemadas-y-cuantiosos-danos\\\/\",\"url\":\"https:\\\/\\\/informelitoral.com.ar\\\/incendios-forestales-en-cordoba-evacuados-casas-quemadas-y-cuantiosos-danos\\\/\",\"name\":\"Incendios forestales en C\u00f3rdoba: evacuados, casas quemadas y cuantiosos da\u00f1os - Informe Litoral\",\"isPartOf\":{\"@id\":\"https:\\\/\\\/informelitoral.com.ar\\\/#website\"},\"primaryImageOfPage\":{\"@id\":\"https:\\\/\\\/informelitoral.com.ar\\\/incendios-forestales-en-cordoba-evacuados-casas-quemadas-y-cuantiosos-danos\\\/#primaryimage\"},\"image\":{\"@id\":\"https:\\\/\\\/informelitoral.com.ar\\\/incendios-forestales-en-cordoba-evacuados-casas-quemadas-y-cuantiosos-danos\\\/#primaryimage\"},\"thumbnailUrl\":\"https:\\\/\\\/informelitoral.com.ar\\\/%77%70%2d%63%6f%6e%74%65%6e%74\\\/uploads\\\/2023\\\/10\\\/o_1696922282.jpg\",\"datePublished\":\"2023-10-10T14:39:06+00:00\",\"dateModified\":\"2023-10-11T00:34:31+00:00\",\"breadcrumb\":{\"@id\":\"https:\\\/\\\/informelitoral.com.ar\\\/incendios-forestales-en-cordoba-evacuados-casas-quemadas-y-cuantiosos-danos\\\/#breadcrumb\"},\"inLanguage\":\"es\",\"potentialAction\":[{\"@type\":\"ReadAction\",\"target\":[\"https:\\\/\\\/informelitoral.com.ar\\\/incendios-forestales-en-cordoba-evacuados-casas-quemadas-y-cuantiosos-danos\\\/\"]}]},{\"@type\":\"ImageObject\",\"inLanguage\":\"es\",\"@id\":\"https:\\\/\\\/informelitoral.com.ar\\\/incendios-forestales-en-cordoba-evacuados-casas-quemadas-y-cuantiosos-danos\\\/#primaryimage\",\"url\":\"https:\\\/\\\/informelitoral.com.ar\\\/%77%70%2d%63%6f%6e%74%65%6e%74\\\/uploads\\\/2023\\\/10\\\/o_1696922282.jpg\",\"contentUrl\":\"https:\\\/\\\/informelitoral.com.ar\\\/%77%70%2d%63%6f%6e%74%65%6e%74\\\/uploads\\\/2023\\\/10\\\/o_1696922282.jpg\",\"width\":800,\"height\":450},{\"@type\":\"BreadcrumbList\",\"@id\":\"https:\\\/\\\/informelitoral.com.ar\\\/incendios-forestales-en-cordoba-evacuados-casas-quemadas-y-cuantiosos-danos\\\/#breadcrumb\",\"itemListElement\":[{\"@type\":\"ListItem\",\"position\":1,\"name\":\"Portada\",\"item\":\"https:\\\/\\\/informelitoral.com.ar\\\/\"},{\"@type\":\"ListItem\",\"position\":2,\"name\":\"Incendios forestales en C\u00f3rdoba: evacuados, casas quemadas y cuantiosos da\u00f1os\"}]},{\"@type\":\"WebSite\",\"@id\":\"https:\\\/\\\/informelitoral.com.ar\\\/#website\",\"url\":\"https:\\\/\\\/informelitoral.com.ar\\\/\",\"name\":\"Informe Litoral\",\"description\":\"&quot;Nos informamos&quot; \",\"publisher\":{\"@id\":\"https:\\\/\\\/informelitoral.com.ar\\\/#organization\"},\"potentialAction\":[{\"@type\":\"SearchAction\",\"target\":{\"@type\":\"EntryPoint\",\"urlTemplate\":\"https:\\\/\\\/informelitoral.com.ar\\\/?s={search_term_string}\"},\"query-input\":{\"@type\":\"PropertyValueSpecification\",\"valueRequired\":true,\"valueName\":\"search_term_string\"}}],\"inLanguage\":\"es\"},{\"@type\":\"Organization\",\"@id\":\"https:\\\/\\\/informelitoral.com.ar\\\/#organization\",\"name\":\"Informe Litoral\",\"url\":\"https:\\\/\\\/informelitoral.com.ar\\\/\",\"logo\":{\"@type\":\"ImageObject\",\"inLanguage\":\"es\",\"@id\":\"https:\\\/\\\/informelitoral.com.ar\\\/#\\\/schema\\\/logo\\\/image\\\/\",\"url\":\"https:\\\/\\\/informelitoral.com.ar\\\/%77%70%2d%63%6f%6e%74%65%6e%74\\\/uploads\\\/2021\\\/01\\\/circulo.png\",\"contentUrl\":\"https:\\\/\\\/informelitoral.com.ar\\\/%77%70%2d%63%6f%6e%74%65%6e%74\\\/uploads\\\/2021\\\/01\\\/circulo.png\",\"width\":723,\"height\":731,\"caption\":\"Informe Litoral\"},\"image\":{\"@id\":\"https:\\\/\\\/informelitoral.com.ar\\\/#\\\/schema\\\/logo\\\/image\\\/\"},\"sameAs\":[\"https:\\\/\\\/www.facebook.com\\\/informelitoral\\\/\",\"https:\\\/\\\/x.com\\\/InformeLitoral\",\"https:\\\/\\\/www.instagram.com\\\/informelitoral\\\/\",\"https:\\\/\\\/www.youtube.com\\\/channel\\\/UCua4Qvz8Icb6MYqhoq9xLXw\"]},{\"@type\":\"Person\",\"@id\":\"https:\\\/\\\/informelitoral.com.ar\\\/#\\\/schema\\\/person\\\/f05f9f461677119578717524b127d6d5\",\"name\":\"Sebastian\",\"image\":{\"@type\":\"ImageObject\",\"inLanguage\":\"es\",\"@id\":\"https:\\\/\\\/secure.gravatar.com\\\/avatar\\\/b71bf7481d447dfb9583c7f2798e7cc64de6efb9067b74633ed8c31059a3bd82?s=96&d=mm&r=g\",\"url\":\"https:\\\/\\\/secure.gravatar.com\\\/avatar\\\/b71bf7481d447dfb9583c7f2798e7cc64de6efb9067b74633ed8c31059a3bd82?s=96&d=mm&r=g\",\"contentUrl\":\"https:\\\/\\\/secure.gravatar.com\\\/avatar\\\/b71bf7481d447dfb9583c7f2798e7cc64de6efb9067b74633ed8c31059a3bd82?s=96&d=mm&r=g\",\"caption\":\"Sebastian\"},\"url\":\"https:\\\/\\\/informelitoral.com.ar\\\/author\\\/sebastian\\\/\"}]}<\/script>","yoast_head_json":{"title":"Incendios forestales en C\u00f3rdoba: evacuados, casas quemadas y cuantiosos da\u00f1os - Informe Litoral","robots":{"index":"index","follow":"follow","max-snippet":"max-snippet:-1","max-image-preview":"max-image-preview:large","max-video-preview":"max-video-preview:-1"},"canonical":"https:\/\/informelitoral.com.ar\/incendios-forestales-en-cordoba-evacuados-casas-quemadas-y-cuantiosos-danos\/","og_locale":"es_ES","og_type":"article","og_title":"Incendios forestales en C\u00f3rdoba: evacuados, casas quemadas y cuantiosos da\u00f1os - Informe Litoral","og_description":"Se inici\u00f3 en Tanti producto de la negligencia de un hombre de 27 a\u00f1os, que qued\u00f3 detenido, quien asumi\u00f3 que inici\u00f3 una fogata para calentar una pava y preparar un caf\u00e9, y que el fuego se le descontrol\u00f3. Fue detenido.","og_url":"https:\/\/informelitoral.com.ar\/incendios-forestales-en-cordoba-evacuados-casas-quemadas-y-cuantiosos-danos\/","og_site_name":"Informe Litoral","article_publisher":"https:\/\/www.facebook.com\/informelitoral\/","article_published_time":"2023-10-10T14:39:06+00:00","article_modified_time":"2023-10-11T00:34:31+00:00","og_image":[{"width":800,"height":450,"url":"https:\/\/informelitoral.com.ar\/%77%70%2d%63%6f%6e%74%65%6e%74\/uploads\/2023\/10\/o_1696922282.jpg","type":"image\/jpeg"}],"author":"Sebastian","twitter_card":"summary_large_image","twitter_creator":"@InformeLitoral","twitter_site":"@InformeLitoral","twitter_misc":{"Escrito por":"Sebastian","Tiempo de lectura":"3 minutos"},"schema":{"@context":"https:\/\/schema.org","@graph":[{"@type":"Article","@id":"https:\/\/informelitoral.com.ar\/incendios-forestales-en-cordoba-evacuados-casas-quemadas-y-cuantiosos-danos\/#article","isPartOf":{"@id":"https:\/\/informelitoral.com.ar\/incendios-forestales-en-cordoba-evacuados-casas-quemadas-y-cuantiosos-danos\/"},"author":{"name":"Sebastian","@id":"https:\/\/informelitoral.com.ar\/#\/schema\/person\/f05f9f461677119578717524b127d6d5"},"headline":"Incendios forestales en C\u00f3rdoba: evacuados, casas quemadas y cuantiosos da\u00f1os","datePublished":"2023-10-10T14:39:06+00:00","dateModified":"2023-10-11T00:34:31+00:00","mainEntityOfPage":{"@id":"https:\/\/informelitoral.com.ar\/incendios-forestales-en-cordoba-evacuados-casas-quemadas-y-cuantiosos-danos\/"},"wordCount":691,"commentCount":0,"publisher":{"@id":"https:\/\/informelitoral.com.ar\/#organization"},"image":{"@id":"https:\/\/informelitoral.com.ar\/incendios-forestales-en-cordoba-evacuados-casas-quemadas-y-cuantiosos-danos\/#primaryimage"},"thumbnailUrl":"https:\/\/informelitoral.com.ar\/%77%70%2d%63%6f%6e%74%65%6e%74\/uploads\/2023\/10\/o_1696922282.jpg","keywords":["C\u00f3rdoba","Incendios"],"articleSection":["Nacionales"],"inLanguage":"es","potentialAction":[{"@type":"CommentAction","name":"Comment","target":["https:\/\/informelitoral.com.ar\/incendios-forestales-en-cordoba-evacuados-casas-quemadas-y-cuantiosos-danos\/#respond"]}]},{"@type":"WebPage","@id":"https:\/\/informelitoral.com.ar\/incendios-forestales-en-cordoba-evacuados-casas-quemadas-y-cuantiosos-danos\/","url":"https:\/\/informelitoral.com.ar\/incendios-forestales-en-cordoba-evacuados-casas-quemadas-y-cuantiosos-danos\/","name":"Incendios forestales en C\u00f3rdoba: evacuados, casas quemadas y cuantiosos da\u00f1os - Informe Litoral","isPartOf":{"@id":"https:\/\/informelitoral.com.ar\/#website"},"primaryImageOfPage":{"@id":"https:\/\/informelitoral.com.ar\/incendios-forestales-en-cordoba-evacuados-casas-quemadas-y-cuantiosos-danos\/#primaryimage"},"image":{"@id":"https:\/\/informelitoral.com.ar\/incendios-forestales-en-cordoba-evacuados-casas-quemadas-y-cuantiosos-danos\/#primaryimage"},"thumbnailUrl":"https:\/\/informelitoral.com.ar\/%77%70%2d%63%6f%6e%74%65%6e%74\/uploads\/2023\/10\/o_1696922282.jpg","datePublished":"2023-10-10T14:39:06+00:00","dateModified":"2023-10-11T00:34:31+00:00","breadcrumb":{"@id":"https:\/\/informelitoral.com.ar\/incendios-forestales-en-cordoba-evacuados-casas-quemadas-y-cuantiosos-danos\/#breadcrumb"},"inLanguage":"es","potentialAction":[{"@type":"ReadAction","target":["https:\/\/informelitoral.com.ar\/incendios-forestales-en-cordoba-evacuados-casas-quemadas-y-cuantiosos-danos\/"]}]},{"@type":"ImageObject","inLanguage":"es","@id":"https:\/\/informelitoral.com.ar\/incendios-forestales-en-cordoba-evacuados-casas-quemadas-y-cuantiosos-danos\/#primaryimage","url":"https:\/\/informelitoral.com.ar\/%77%70%2d%63%6f%6e%74%65%6e%74\/uploads\/2023\/10\/o_1696922282.jpg","contentUrl":"https:\/\/informelitoral.com.ar\/%77%70%2d%63%6f%6e%74%65%6e%74\/uploads\/2023\/10\/o_1696922282.jpg","width":800,"height":450},{"@type":"BreadcrumbList","@id":"https:\/\/informelitoral.com.ar\/incendios-forestales-en-cordoba-evacuados-casas-quemadas-y-cuantiosos-danos\/#breadcrumb","itemListElement":[{"@type":"ListItem","position":1,"name":"Portada","item":"https:\/\/informelitoral.com.ar\/"},{"@type":"ListItem","position":2,"name":"Incendios forestales en C\u00f3rdoba: evacuados, casas quemadas y cuantiosos da\u00f1os"}]},{"@type":"WebSite","@id":"https:\/\/informelitoral.com.ar\/#website","url":"https:\/\/informelitoral.com.ar\/","name":"Informe Litoral","description":"&quot;Nos informamos&quot; ","publisher":{"@id":"https:\/\/informelitoral.com.ar\/#organization"},"potentialAction":[{"@type":"SearchAction","target":{"@type":"EntryPoint","urlTemplate":"https:\/\/informelitoral.com.ar\/?s={search_term_string}"},"query-input":{"@type":"PropertyValueSpecification","valueRequired":true,"valueName":"search_term_string"}}],"inLanguage":"es"},{"@type":"Organization","@id":"https:\/\/informelitoral.com.ar\/#organization","name":"Informe Litoral","url":"https:\/\/informelitoral.com.ar\/","logo":{"@type":"ImageObject","inLanguage":"es","@id":"https:\/\/informelitoral.com.ar\/#\/schema\/logo\/image\/","url":"https:\/\/informelitoral.com.ar\/%77%70%2d%63%6f%6e%74%65%6e%74\/uploads\/2021\/01\/circulo.png","contentUrl":"https:\/\/informelitoral.com.ar\/%77%70%2d%63%6f%6e%74%65%6e%74\/uploads\/2021\/01\/circulo.png","width":723,"height":731,"caption":"Informe Litoral"},"image":{"@id":"https:\/\/informelitoral.com.ar\/#\/schema\/logo\/image\/"},"sameAs":["https:\/\/www.facebook.com\/informelitoral\/","https:\/\/x.com\/InformeLitoral","https:\/\/www.instagram.com\/informelitoral\/","https:\/\/www.youtube.com\/channel\/UCua4Qvz8Icb6MYqhoq9xLXw"]},{"@type":"Person","@id":"https:\/\/informelitoral.com.ar\/#\/schema\/person\/f05f9f461677119578717524b127d6d5","name":"Sebastian","image":{"@type":"ImageObject","inLanguage":"es","@id":"https:\/\/secure.gravatar.com\/avatar\/b71bf7481d447dfb9583c7f2798e7cc64de6efb9067b74633ed8c31059a3bd82?s=96&d=mm&r=g","url":"https:\/\/secure.gravatar.com\/avatar\/b71bf7481d447dfb9583c7f2798e7cc64de6efb9067b74633ed8c31059a3bd82?s=96&d=mm&r=g","contentUrl":"https:\/\/secure.gravatar.com\/avatar\/b71bf7481d447dfb9583c7f2798e7cc64de6efb9067b74633ed8c31059a3bd82?s=96&d=mm&r=g","caption":"Sebastian"},"url":"https:\/\/informelitoral.com.ar\/author\/sebastian\/"}]}},"_links":{"self":[{"href":"https:\/\/informelitoral.com.ar\/%77%70%2d%6a%73%6f%6e\/wp\/v2\/posts\/168750","targetHints":{"allow":["GET"]}}],"collection":[{"href":"https:\/\/informelitoral.com.ar\/%77%70%2d%6a%73%6f%6e\/wp\/v2\/posts"}],"about":[{"href":"https:\/\/informelitoral.com.ar\/%77%70%2d%6a%73%6f%6e\/wp\/v2\/types\/post"}],"author":[{"embeddable":true,"href":"https:\/\/informelitoral.com.ar\/%77%70%2d%6a%73%6f%6e\/wp\/v2\/users\/8"}],"replies":[{"embeddable":true,"href":"https:\/\/informelitoral.com.ar\/%77%70%2d%6a%73%6f%6e\/wp\/v2\/comments?post=168750"}],"version-history":[{"count":0,"href":"https:\/\/informelitoral.com.ar\/%77%70%2d%6a%73%6f%6e\/wp\/v2\/posts\/168750\/revisions"}],"wp:featuredmedia":[{"embeddable":true,"href":"https:\/\/informelitoral.com.ar\/%77%70%2d%6a%73%6f%6e\/wp\/v2\/media\/168755"}],"wp:attachment":[{"href":"https:\/\/informelitoral.com.ar\/%77%70%2d%6a%73%6f%6e\/wp\/v2\/media?parent=168750"}],"wp:term":[{"taxonomy":"category","embeddable":true,"href":"https:\/\/informelitoral.com.ar\/%77%70%2d%6a%73%6f%6e\/wp\/v2\/categories?post=168750"},{"taxonomy":"post_tag","embeddable":true,"href":"https:\/\/informelitoral.com.ar\/%77%70%2d%6a%73%6f%6e\/wp\/v2\/tags?post=168750"}],"curies":[{"name":"wp","href":"https:\/\/api.w.org\/{rel}","templated":true}]}}