{"id":168307,"date":"2023-10-06T06:41:00","date_gmt":"2023-10-06T09:41:00","guid":{"rendered":"https:\/\/www.informelitoral.com.ar\/?p=168307"},"modified":"2023-10-06T06:41:00","modified_gmt":"2023-10-06T09:41:00","slug":"la-semana-se-despide-con-temperaturas-primaverales-y-se-viene-mas-calor","status":"publish","type":"post","link":"https:\/\/informelitoral.com.ar\/la-semana-se-despide-con-temperaturas-primaverales-y-se-viene-mas-calor\/","title":{"rendered":"La semana se despide con temperaturas primaverales"},"content":{"rendered":"<p>El pron\u00f3stico del Servicio Meteorol\u00f3gico Nacional -SMN- anuncia una jornada con sol y nubes, con temperaturas algo m\u00e1s elevadas que en d\u00edas anteriores en la regi\u00f3n.<\/p>\n<p>Este viernes amaneci\u00f3 con cielo despejado y no tan fresco, cerca de las 6 de la ma\u00f1ana, la temperatura era de 12 grados con una humedad del 71% y brisas del norte. El SMN prev\u00e9 una jornada templada, con vientos moderados a intensos y cielo algo nublado.<\/p>\n<p>En las pr\u00f3ximas horas de esta ma\u00f1ana el term\u00f3metro ascender\u00e1 a 20 grados, y aparecer\u00e1n algunas nubes en el cielo estar\u00e1 soleado, con vientos moderados del noreste. Luego, hacia la tarde continuar\u00e1 la nubosidad, con vientos rotando al sudeste y una m\u00e1xima estimada en 28 grados. Para la noche la temperatura descender\u00e1 hasta los 17 grados y se esperan vientos m\u00e1s fuertes del sudeste, con r\u00e1fagas de hasta 50 km\/h.<\/p>\n<h4><strong>Extendido:\u00a0<\/strong><\/h4>\n<p>El organismo nacional<strong>\u00a0<\/strong>anticipa buen tiempo para este fin de semana en el que continuar\u00e1 ascendiendo la temperatura. Para este s\u00e1bado, se prev\u00e9 una jornada con cielo parcialmente nublado y ventoso pero con registros t\u00e9rmicos agradables para aquellos que disfrutar\u00e1n de actividades al aire libre. El term\u00f3metro marcar\u00e1 una m\u00ednima de 12 grados, y la m\u00e1xima alcanzar\u00e1 los 27 grados. Se pronostican r\u00e1fagas de viento durante la madrugada y la tarde de este s\u00e1bado. En tanto, el domingo se espera una jornada soleada y m\u00e1s templada a\u00fan, la m\u00e1xima prevista rondar\u00e1 los 29 grados, mientras que la m\u00ednima ser\u00e1 de 13.<\/p>\n<p>El sol sale a las 6:34 y se pone a las 19:07<\/p>\n","protected":false},"excerpt":{"rendered":"<p>Con nubosidad variable, prev\u00e9n que la m\u00e1xima se acercar\u00e1 a los 30 grados este viernes. El fin de semana las condiciones de tiempo ser\u00e1n similares por lo que estar\u00e1 ideal para disfrutar al aire libre.<\/p>\n","protected":false},"author":2,"featured_media":61418,"comment_status":"open","ping_status":"open","sticky":false,"template":"","format":"standard","meta":{"fifu_image_url":"","fifu_image_alt":"","footnotes":""},"categories":[6],"tags":[38,2759,113],"class_list":{"0":"post-168307","1":"post","2":"type-post","3":"status-publish","4":"format-standard","5":"has-post-thumbnail","7":"category-entre-rios","8":"tag-el-tiempo","9":"tag-pronostico-del-tiempo","10":"tag-smn"},"yoast_head":"<title>La semana se despide con temperaturas primaverales - Informe Litoral<\/title>\n<meta name=\"robots\" content=\"index, follow, max-snippet:-1, max-image-preview:large, max-video-preview:-1\" \/>\n<link rel=\"canonical\" href=\"https:\/\/informelitoral.com.ar\/la-semana-se-despide-con-temperaturas-primaverales-y-se-viene-mas-calor\/\" \/>\n<meta property=\"og:locale\" content=\"es_ES\" \/>\n<meta property=\"og:type\" content=\"article\" \/>\n<meta property=\"og:title\" content=\"La semana se despide con temperaturas primaverales - Informe Litoral\" \/>\n<meta property=\"og:description\" content=\"Con nubosidad variable, prev\u00e9n que la m\u00e1xima se acercar\u00e1 a los 30 grados este viernes. El fin de semana las condiciones de tiempo ser\u00e1n similares por lo que estar\u00e1 ideal para disfrutar al aire libre.\" \/>\n<meta property=\"og:url\" content=\"https:\/\/informelitoral.com.ar\/la-semana-se-despide-con-temperaturas-primaverales-y-se-viene-mas-calor\/\" \/>\n<meta property=\"og:site_name\" content=\"Informe Litoral\" \/>\n<meta property=\"article:publisher\" content=\"https:\/\/www.facebook.com\/informelitoral\/\" \/>\n<meta property=\"article:published_time\" content=\"2023-10-06T09:41:00+00:00\" \/>\n<meta property=\"og:image\" content=\"https:\/\/informelitoral.com.ar\/%77%70%2d%63%6f%6e%74%65%6e%74\/uploads\/2021\/06\/atardecer-diamante.jpg\" \/>\n\t<meta property=\"og:image:width\" content=\"640\" \/>\n\t<meta property=\"og:image:height\" content=\"480\" \/>\n\t<meta property=\"og:image:type\" content=\"image\/jpeg\" \/>\n<meta name=\"author\" content=\"Gonzalo Schmidt\" \/>\n<meta name=\"twitter:card\" content=\"summary_large_image\" \/>\n<meta name=\"twitter:creator\" content=\"@InformeLitoral\" \/>\n<meta name=\"twitter:site\" content=\"@InformeLitoral\" \/>\n<meta name=\"twitter:label1\" content=\"Escrito por\" \/>\n\t<meta name=\"twitter:data1\" content=\"Gonzalo Schmidt\" \/>\n\t<meta name=\"twitter:label2\" content=\"Tiempo de lectura\" \/>\n\t<meta name=\"twitter:data2\" content=\"1 minuto\" \/>\n<script type=\"application\/ld+json\" class=\"yoast-schema-graph\">{\"@context\":\"https:\\\/\\\/schema.org\",\"@graph\":[{\"@type\":\"Article\",\"@id\":\"https:\\\/\\\/informelitoral.com.ar\\\/la-semana-se-despide-con-temperaturas-primaverales-y-se-viene-mas-calor\\\/#article\",\"isPartOf\":{\"@id\":\"https:\\\/\\\/informelitoral.com.ar\\\/la-semana-se-despide-con-temperaturas-primaverales-y-se-viene-mas-calor\\\/\"},\"author\":{\"name\":\"Gonzalo Schmidt\",\"@id\":\"https:\\\/\\\/informelitoral.com.ar\\\/#\\\/schema\\\/person\\\/b9d00407c836482871ef1d57bf8e3180\"},\"headline\":\"La semana se despide con temperaturas primaverales\",\"datePublished\":\"2023-10-06T09:41:00+00:00\",\"mainEntityOfPage\":{\"@id\":\"https:\\\/\\\/informelitoral.com.ar\\\/la-semana-se-despide-con-temperaturas-primaverales-y-se-viene-mas-calor\\\/\"},\"wordCount\":277,\"commentCount\":0,\"publisher\":{\"@id\":\"https:\\\/\\\/informelitoral.com.ar\\\/#organization\"},\"image\":{\"@id\":\"https:\\\/\\\/informelitoral.com.ar\\\/la-semana-se-despide-con-temperaturas-primaverales-y-se-viene-mas-calor\\\/#primaryimage\"},\"thumbnailUrl\":\"https:\\\/\\\/informelitoral.com.ar\\\/%77%70%2d%63%6f%6e%74%65%6e%74\\\/uploads\\\/2021\\\/06\\\/atardecer-diamante.jpg\",\"keywords\":[\"El tiempo\",\"Pron\u00f3stico del tiempo\",\"SMN\"],\"articleSection\":[\"Entre R\u00edos\"],\"inLanguage\":\"es\",\"potentialAction\":[{\"@type\":\"CommentAction\",\"name\":\"Comment\",\"target\":[\"https:\\\/\\\/informelitoral.com.ar\\\/la-semana-se-despide-con-temperaturas-primaverales-y-se-viene-mas-calor\\\/#respond\"]}]},{\"@type\":\"WebPage\",\"@id\":\"https:\\\/\\\/informelitoral.com.ar\\\/la-semana-se-despide-con-temperaturas-primaverales-y-se-viene-mas-calor\\\/\",\"url\":\"https:\\\/\\\/informelitoral.com.ar\\\/la-semana-se-despide-con-temperaturas-primaverales-y-se-viene-mas-calor\\\/\",\"name\":\"La semana se despide con temperaturas primaverales - Informe Litoral\",\"isPartOf\":{\"@id\":\"https:\\\/\\\/informelitoral.com.ar\\\/#website\"},\"primaryImageOfPage\":{\"@id\":\"https:\\\/\\\/informelitoral.com.ar\\\/la-semana-se-despide-con-temperaturas-primaverales-y-se-viene-mas-calor\\\/#primaryimage\"},\"image\":{\"@id\":\"https:\\\/\\\/informelitoral.com.ar\\\/la-semana-se-despide-con-temperaturas-primaverales-y-se-viene-mas-calor\\\/#primaryimage\"},\"thumbnailUrl\":\"https:\\\/\\\/informelitoral.com.ar\\\/%77%70%2d%63%6f%6e%74%65%6e%74\\\/uploads\\\/2021\\\/06\\\/atardecer-diamante.jpg\",\"datePublished\":\"2023-10-06T09:41:00+00:00\",\"breadcrumb\":{\"@id\":\"https:\\\/\\\/informelitoral.com.ar\\\/la-semana-se-despide-con-temperaturas-primaverales-y-se-viene-mas-calor\\\/#breadcrumb\"},\"inLanguage\":\"es\",\"potentialAction\":[{\"@type\":\"ReadAction\",\"target\":[\"https:\\\/\\\/informelitoral.com.ar\\\/la-semana-se-despide-con-temperaturas-primaverales-y-se-viene-mas-calor\\\/\"]}]},{\"@type\":\"ImageObject\",\"inLanguage\":\"es\",\"@id\":\"https:\\\/\\\/informelitoral.com.ar\\\/la-semana-se-despide-con-temperaturas-primaverales-y-se-viene-mas-calor\\\/#primaryimage\",\"url\":\"https:\\\/\\\/informelitoral.com.ar\\\/%77%70%2d%63%6f%6e%74%65%6e%74\\\/uploads\\\/2021\\\/06\\\/atardecer-diamante.jpg\",\"contentUrl\":\"https:\\\/\\\/informelitoral.com.ar\\\/%77%70%2d%63%6f%6e%74%65%6e%74\\\/uploads\\\/2021\\\/06\\\/atardecer-diamante.jpg\",\"width\":640,\"height\":480},{\"@type\":\"BreadcrumbList\",\"@id\":\"https:\\\/\\\/informelitoral.com.ar\\\/la-semana-se-despide-con-temperaturas-primaverales-y-se-viene-mas-calor\\\/#breadcrumb\",\"itemListElement\":[{\"@type\":\"ListItem\",\"position\":1,\"name\":\"Portada\",\"item\":\"https:\\\/\\\/informelitoral.com.ar\\\/\"},{\"@type\":\"ListItem\",\"position\":2,\"name\":\"La semana se despide con temperaturas primaverales\"}]},{\"@type\":\"WebSite\",\"@id\":\"https:\\\/\\\/informelitoral.com.ar\\\/#website\",\"url\":\"https:\\\/\\\/informelitoral.com.ar\\\/\",\"name\":\"Informe Litoral\",\"description\":\"&quot;Nos informamos&quot; \",\"publisher\":{\"@id\":\"https:\\\/\\\/informelitoral.com.ar\\\/#organization\"},\"potentialAction\":[{\"@type\":\"SearchAction\",\"target\":{\"@type\":\"EntryPoint\",\"urlTemplate\":\"https:\\\/\\\/informelitoral.com.ar\\\/?s={search_term_string}\"},\"query-input\":{\"@type\":\"PropertyValueSpecification\",\"valueRequired\":true,\"valueName\":\"search_term_string\"}}],\"inLanguage\":\"es\"},{\"@type\":\"Organization\",\"@id\":\"https:\\\/\\\/informelitoral.com.ar\\\/#organization\",\"name\":\"Informe Litoral\",\"url\":\"https:\\\/\\\/informelitoral.com.ar\\\/\",\"logo\":{\"@type\":\"ImageObject\",\"inLanguage\":\"es\",\"@id\":\"https:\\\/\\\/informelitoral.com.ar\\\/#\\\/schema\\\/logo\\\/image\\\/\",\"url\":\"https:\\\/\\\/informelitoral.com.ar\\\/%77%70%2d%63%6f%6e%74%65%6e%74\\\/uploads\\\/2021\\\/01\\\/circulo.png\",\"contentUrl\":\"https:\\\/\\\/informelitoral.com.ar\\\/%77%70%2d%63%6f%6e%74%65%6e%74\\\/uploads\\\/2021\\\/01\\\/circulo.png\",\"width\":723,\"height\":731,\"caption\":\"Informe Litoral\"},\"image\":{\"@id\":\"https:\\\/\\\/informelitoral.com.ar\\\/#\\\/schema\\\/logo\\\/image\\\/\"},\"sameAs\":[\"https:\\\/\\\/www.facebook.com\\\/informelitoral\\\/\",\"https:\\\/\\\/x.com\\\/InformeLitoral\",\"https:\\\/\\\/www.instagram.com\\\/informelitoral\\\/\",\"https:\\\/\\\/www.youtube.com\\\/channel\\\/UCua4Qvz8Icb6MYqhoq9xLXw\"]},{\"@type\":\"Person\",\"@id\":\"https:\\\/\\\/informelitoral.com.ar\\\/#\\\/schema\\\/person\\\/b9d00407c836482871ef1d57bf8e3180\",\"name\":\"Gonzalo Schmidt\",\"image\":{\"@type\":\"ImageObject\",\"inLanguage\":\"es\",\"@id\":\"https:\\\/\\\/secure.gravatar.com\\\/avatar\\\/31a1a7b66ff2de83bd0e9fd79d026630d2d99e55e8bfe501287647b4fd9743de?s=96&d=mm&r=g\",\"url\":\"https:\\\/\\\/secure.gravatar.com\\\/avatar\\\/31a1a7b66ff2de83bd0e9fd79d026630d2d99e55e8bfe501287647b4fd9743de?s=96&d=mm&r=g\",\"contentUrl\":\"https:\\\/\\\/secure.gravatar.com\\\/avatar\\\/31a1a7b66ff2de83bd0e9fd79d026630d2d99e55e8bfe501287647b4fd9743de?s=96&d=mm&r=g\",\"caption\":\"Gonzalo Schmidt\"},\"description\":\"Sitio web de noticias de la provincia de Entre R\u00edos, Argentina. Informaci\u00f3n y entretenimiento. Informe Litoral, nos informamos.\",\"sameAs\":[\"http:\\\/\\\/www.isletasnoticias.com.ar\"],\"url\":\"https:\\\/\\\/informelitoral.com.ar\\\/author\\\/gonzalo\\\/\"}]}<\/script>","yoast_head_json":{"title":"La semana se despide con temperaturas primaverales - Informe Litoral","robots":{"index":"index","follow":"follow","max-snippet":"max-snippet:-1","max-image-preview":"max-image-preview:large","max-video-preview":"max-video-preview:-1"},"canonical":"https:\/\/informelitoral.com.ar\/la-semana-se-despide-con-temperaturas-primaverales-y-se-viene-mas-calor\/","og_locale":"es_ES","og_type":"article","og_title":"La semana se despide con temperaturas primaverales - Informe Litoral","og_description":"Con nubosidad variable, prev\u00e9n que la m\u00e1xima se acercar\u00e1 a los 30 grados este viernes. El fin de semana las condiciones de tiempo ser\u00e1n similares por lo que estar\u00e1 ideal para disfrutar al aire libre.","og_url":"https:\/\/informelitoral.com.ar\/la-semana-se-despide-con-temperaturas-primaverales-y-se-viene-mas-calor\/","og_site_name":"Informe Litoral","article_publisher":"https:\/\/www.facebook.com\/informelitoral\/","article_published_time":"2023-10-06T09:41:00+00:00","og_image":[{"width":640,"height":480,"url":"https:\/\/informelitoral.com.ar\/%77%70%2d%63%6f%6e%74%65%6e%74\/uploads\/2021\/06\/atardecer-diamante.jpg","type":"image\/jpeg"}],"author":"Gonzalo Schmidt","twitter_card":"summary_large_image","twitter_creator":"@InformeLitoral","twitter_site":"@InformeLitoral","twitter_misc":{"Escrito por":"Gonzalo Schmidt","Tiempo de lectura":"1 minuto"},"schema":{"@context":"https:\/\/schema.org","@graph":[{"@type":"Article","@id":"https:\/\/informelitoral.com.ar\/la-semana-se-despide-con-temperaturas-primaverales-y-se-viene-mas-calor\/#article","isPartOf":{"@id":"https:\/\/informelitoral.com.ar\/la-semana-se-despide-con-temperaturas-primaverales-y-se-viene-mas-calor\/"},"author":{"name":"Gonzalo Schmidt","@id":"https:\/\/informelitoral.com.ar\/#\/schema\/person\/b9d00407c836482871ef1d57bf8e3180"},"headline":"La semana se despide con temperaturas primaverales","datePublished":"2023-10-06T09:41:00+00:00","mainEntityOfPage":{"@id":"https:\/\/informelitoral.com.ar\/la-semana-se-despide-con-temperaturas-primaverales-y-se-viene-mas-calor\/"},"wordCount":277,"commentCount":0,"publisher":{"@id":"https:\/\/informelitoral.com.ar\/#organization"},"image":{"@id":"https:\/\/informelitoral.com.ar\/la-semana-se-despide-con-temperaturas-primaverales-y-se-viene-mas-calor\/#primaryimage"},"thumbnailUrl":"https:\/\/informelitoral.com.ar\/%77%70%2d%63%6f%6e%74%65%6e%74\/uploads\/2021\/06\/atardecer-diamante.jpg","keywords":["El tiempo","Pron\u00f3stico del tiempo","SMN"],"articleSection":["Entre R\u00edos"],"inLanguage":"es","potentialAction":[{"@type":"CommentAction","name":"Comment","target":["https:\/\/informelitoral.com.ar\/la-semana-se-despide-con-temperaturas-primaverales-y-se-viene-mas-calor\/#respond"]}]},{"@type":"WebPage","@id":"https:\/\/informelitoral.com.ar\/la-semana-se-despide-con-temperaturas-primaverales-y-se-viene-mas-calor\/","url":"https:\/\/informelitoral.com.ar\/la-semana-se-despide-con-temperaturas-primaverales-y-se-viene-mas-calor\/","name":"La semana se despide con temperaturas primaverales - Informe Litoral","isPartOf":{"@id":"https:\/\/informelitoral.com.ar\/#website"},"primaryImageOfPage":{"@id":"https:\/\/informelitoral.com.ar\/la-semana-se-despide-con-temperaturas-primaverales-y-se-viene-mas-calor\/#primaryimage"},"image":{"@id":"https:\/\/informelitoral.com.ar\/la-semana-se-despide-con-temperaturas-primaverales-y-se-viene-mas-calor\/#primaryimage"},"thumbnailUrl":"https:\/\/informelitoral.com.ar\/%77%70%2d%63%6f%6e%74%65%6e%74\/uploads\/2021\/06\/atardecer-diamante.jpg","datePublished":"2023-10-06T09:41:00+00:00","breadcrumb":{"@id":"https:\/\/informelitoral.com.ar\/la-semana-se-despide-con-temperaturas-primaverales-y-se-viene-mas-calor\/#breadcrumb"},"inLanguage":"es","potentialAction":[{"@type":"ReadAction","target":["https:\/\/informelitoral.com.ar\/la-semana-se-despide-con-temperaturas-primaverales-y-se-viene-mas-calor\/"]}]},{"@type":"ImageObject","inLanguage":"es","@id":"https:\/\/informelitoral.com.ar\/la-semana-se-despide-con-temperaturas-primaverales-y-se-viene-mas-calor\/#primaryimage","url":"https:\/\/informelitoral.com.ar\/%77%70%2d%63%6f%6e%74%65%6e%74\/uploads\/2021\/06\/atardecer-diamante.jpg","contentUrl":"https:\/\/informelitoral.com.ar\/%77%70%2d%63%6f%6e%74%65%6e%74\/uploads\/2021\/06\/atardecer-diamante.jpg","width":640,"height":480},{"@type":"BreadcrumbList","@id":"https:\/\/informelitoral.com.ar\/la-semana-se-despide-con-temperaturas-primaverales-y-se-viene-mas-calor\/#breadcrumb","itemListElement":[{"@type":"ListItem","position":1,"name":"Portada","item":"https:\/\/informelitoral.com.ar\/"},{"@type":"ListItem","position":2,"name":"La semana se despide con temperaturas primaverales"}]},{"@type":"WebSite","@id":"https:\/\/informelitoral.com.ar\/#website","url":"https:\/\/informelitoral.com.ar\/","name":"Informe Litoral","description":"&quot;Nos informamos&quot; ","publisher":{"@id":"https:\/\/informelitoral.com.ar\/#organization"},"potentialAction":[{"@type":"SearchAction","target":{"@type":"EntryPoint","urlTemplate":"https:\/\/informelitoral.com.ar\/?s={search_term_string}"},"query-input":{"@type":"PropertyValueSpecification","valueRequired":true,"valueName":"search_term_string"}}],"inLanguage":"es"},{"@type":"Organization","@id":"https:\/\/informelitoral.com.ar\/#organization","name":"Informe Litoral","url":"https:\/\/informelitoral.com.ar\/","logo":{"@type":"ImageObject","inLanguage":"es","@id":"https:\/\/informelitoral.com.ar\/#\/schema\/logo\/image\/","url":"https:\/\/informelitoral.com.ar\/%77%70%2d%63%6f%6e%74%65%6e%74\/uploads\/2021\/01\/circulo.png","contentUrl":"https:\/\/informelitoral.com.ar\/%77%70%2d%63%6f%6e%74%65%6e%74\/uploads\/2021\/01\/circulo.png","width":723,"height":731,"caption":"Informe Litoral"},"image":{"@id":"https:\/\/informelitoral.com.ar\/#\/schema\/logo\/image\/"},"sameAs":["https:\/\/www.facebook.com\/informelitoral\/","https:\/\/x.com\/InformeLitoral","https:\/\/www.instagram.com\/informelitoral\/","https:\/\/www.youtube.com\/channel\/UCua4Qvz8Icb6MYqhoq9xLXw"]},{"@type":"Person","@id":"https:\/\/informelitoral.com.ar\/#\/schema\/person\/b9d00407c836482871ef1d57bf8e3180","name":"Gonzalo Schmidt","image":{"@type":"ImageObject","inLanguage":"es","@id":"https:\/\/secure.gravatar.com\/avatar\/31a1a7b66ff2de83bd0e9fd79d026630d2d99e55e8bfe501287647b4fd9743de?s=96&d=mm&r=g","url":"https:\/\/secure.gravatar.com\/avatar\/31a1a7b66ff2de83bd0e9fd79d026630d2d99e55e8bfe501287647b4fd9743de?s=96&d=mm&r=g","contentUrl":"https:\/\/secure.gravatar.com\/avatar\/31a1a7b66ff2de83bd0e9fd79d026630d2d99e55e8bfe501287647b4fd9743de?s=96&d=mm&r=g","caption":"Gonzalo Schmidt"},"description":"Sitio web de noticias de la provincia de Entre R\u00edos, Argentina. Informaci\u00f3n y entretenimiento. Informe Litoral, nos informamos.","sameAs":["http:\/\/www.isletasnoticias.com.ar"],"url":"https:\/\/informelitoral.com.ar\/author\/gonzalo\/"}]}},"_links":{"self":[{"href":"https:\/\/informelitoral.com.ar\/%77%70%2d%6a%73%6f%6e\/wp\/v2\/posts\/168307","targetHints":{"allow":["GET"]}}],"collection":[{"href":"https:\/\/informelitoral.com.ar\/%77%70%2d%6a%73%6f%6e\/wp\/v2\/posts"}],"about":[{"href":"https:\/\/informelitoral.com.ar\/%77%70%2d%6a%73%6f%6e\/wp\/v2\/types\/post"}],"author":[{"embeddable":true,"href":"https:\/\/informelitoral.com.ar\/%77%70%2d%6a%73%6f%6e\/wp\/v2\/users\/2"}],"replies":[{"embeddable":true,"href":"https:\/\/informelitoral.com.ar\/%77%70%2d%6a%73%6f%6e\/wp\/v2\/comments?post=168307"}],"version-history":[{"count":0,"href":"https:\/\/informelitoral.com.ar\/%77%70%2d%6a%73%6f%6e\/wp\/v2\/posts\/168307\/revisions"}],"wp:featuredmedia":[{"embeddable":true,"href":"https:\/\/informelitoral.com.ar\/%77%70%2d%6a%73%6f%6e\/wp\/v2\/media\/61418"}],"wp:attachment":[{"href":"https:\/\/informelitoral.com.ar\/%77%70%2d%6a%73%6f%6e\/wp\/v2\/media?parent=168307"}],"wp:term":[{"taxonomy":"category","embeddable":true,"href":"https:\/\/informelitoral.com.ar\/%77%70%2d%6a%73%6f%6e\/wp\/v2\/categories?post=168307"},{"taxonomy":"post_tag","embeddable":true,"href":"https:\/\/informelitoral.com.ar\/%77%70%2d%6a%73%6f%6e\/wp\/v2\/tags?post=168307"}],"curies":[{"name":"wp","href":"https:\/\/api.w.org\/{rel}","templated":true}]}}