{"id":16825,"date":"2016-06-27T08:52:48","date_gmt":"2016-06-27T11:52:48","guid":{"rendered":"http:\/\/www.isletasnoticias.com.ar\/?p=16825"},"modified":"2016-06-27T08:58:10","modified_gmt":"2016-06-27T11:58:10","slug":"ramirez-apuntan-a-fortalecer-la-identidad-cultural","status":"publish","type":"post","link":"https:\/\/informelitoral.com.ar\/ramirez-apuntan-a-fortalecer-la-identidad-cultural\/","title":{"rendered":"Ram\u00edrez: apuntan a fortalecer la identidad cultural"},"content":{"rendered":"<p><strong>Desde el municipio y el senador por el departamento Diamante trabajar\u00e1n junto a la Escuela N\u00b0 57 para difundir una edici\u00f3n especial de una tradicional pe\u00f1a, que este a\u00f1o se realizar\u00e1 el 8 de julio. Tambi\u00e9n adelantaron que para octubre preparan actividades en honor al maestro Linares Cardozo.\u00a0<a href=\"http:\/\/www.isletasnoticias.com.ar\/%77%70%2d%63%6f%6e%74%65%6e%74\/uploads\/2016\/06\/Escuela57-1.jpg\"><img loading=\"lazy\" decoding=\"async\" class=\"aligncenter wp-image-16826 size-full\" src=\"http:\/\/www.isletasnoticias.com.ar\/%77%70%2d%63%6f%6e%74%65%6e%74\/uploads\/2016\/06\/Escuela57-1.jpg\" alt=\"Escuela57 1\" width=\"960\" height=\"638\" srcset=\"https:\/\/informelitoral.com.ar\/%77%70%2d%63%6f%6e%74%65%6e%74\/uploads\/2016\/06\/Escuela57-1.jpg 960w, https:\/\/informelitoral.com.ar\/%77%70%2d%63%6f%6e%74%65%6e%74\/uploads\/2016\/06\/Escuela57-1-300x199.jpg 300w, https:\/\/informelitoral.com.ar\/%77%70%2d%63%6f%6e%74%65%6e%74\/uploads\/2016\/06\/Escuela57-1-768x510.jpg 768w\" sizes=\"auto, (max-width: 960px) 100vw, 960px\" \/><\/a><\/strong><\/p>\n<p>El presidente municipal de General Ram\u00edrez,\u00a0<em><strong>Gustavo Vergara<\/strong><\/em> visit\u00f3 d\u00edas pasados la Escuela N\u00b0 57, Linares Cardozo, acompa\u00f1ado por el senador provincial <strong>Omar Schild<\/strong> y el subsecretario de Pol\u00edticas Culturales <strong>Walter Lauphan<\/strong>.<a href=\"http:\/\/www.isletasnoticias.com.ar\/%77%70%2d%63%6f%6e%74%65%6e%74\/uploads\/2016\/06\/Escuela57-2.jpg\"><img loading=\"lazy\" decoding=\"async\" class=\"size-medium wp-image-16827 alignright\" src=\"http:\/\/www.isletasnoticias.com.ar\/%77%70%2d%63%6f%6e%74%65%6e%74\/uploads\/2016\/06\/Escuela57-2-300x199.jpg\" alt=\"Escuela57 2\" width=\"300\" height=\"199\" srcset=\"https:\/\/informelitoral.com.ar\/%77%70%2d%63%6f%6e%74%65%6e%74\/uploads\/2016\/06\/Escuela57-2-300x199.jpg 300w, https:\/\/informelitoral.com.ar\/%77%70%2d%63%6f%6e%74%65%6e%74\/uploads\/2016\/06\/Escuela57-2-768x510.jpg 768w, https:\/\/informelitoral.com.ar\/%77%70%2d%63%6f%6e%74%65%6e%74\/uploads\/2016\/06\/Escuela57-2.jpg 960w\" sizes=\"auto, (max-width: 300px) 100vw, 300px\" \/><\/a><\/p>\n<p>Durante el encuentro, la directora de la instituci\u00f3n <strong>Raquel Steimbrecher<\/strong> y el profesor <strong>Sebasti\u00e1n Herbel<\/strong> comentaron distintos proyectos y necesidades de esta instituci\u00f3n que es referencia en el barrio San Carlos y la ciudad, indicaron desde el municipio en un texto enviado a <strong><em>IN.<\/em><\/strong><\/p>\n<div class=\"x_text_exposed_show\">\n<p>El eje central de la charla fue la realizaci\u00f3n de una edici\u00f3n especial de la Pe\u00f1a Escolar que se llevar\u00e1 a cabo el d\u00eda 8 de julio por la noche, en el marco de los festejos por el 200\u00ba aniversario de la Independencia Nacional.<\/p>\n<p>Tambi\u00e9n se dialog\u00f3 sobre la realizaci\u00f3n de las actividades culturales que se planifican para el mes de octubre en honor al maestro Linares Cardozo. \u00abPara este a\u00f1o la escuela extender\u00e1 las actividades a todo el mes, apuntando a valorizar la identidad entrerriana y el estilo musical que nos identifica, la chamarrita\u00bb, expresa el comunicado.<\/p>\n<p>Tanto desde el Ejecutivo Municipal como el senador Schild impulsar\u00e1n la declaraci\u00f3n de inter\u00e9s a nivel municipal y en la C\u00e1mara Alta Provincial.<\/p>\n<p>Luego de la visita, el presidente municipal <strong>Gustavo Vergara<\/strong> sostuvo que\u00a0\u201cla Escuela 57 es reconocida por el amor y el compromiso en las actividades que emprenden, sobre todo en la tarea de rescatar la cultura entrerriana. Como todos sabemos, la cultura nos permite identificarnos, saber qui\u00e9nes somos, de d\u00f3nde venimos y a donde vamos\u2026 y esto no es poco, sin identidad cultural no hay desarrollo que se sustente en el tiempo\u00bb.<\/p>\n<\/div>\n","protected":false},"excerpt":{"rendered":"<p>Desde el municipio y el senador por el departamento Diamante trabajar&aacute;n junto a la Escuela N&deg; 57 para difundir una edici&oacute;n especial de una tradicional pe&ntilde;a, que este a&ntilde;o se realizar&aacute; el 8 de julio. Tambi&eacute;n adelantaron que para octubre preparan actividades en honor al maestro Linares Cardozo.&nbsp; El presidente municipal de General Ram&iacute;rez,&nbsp;Gustavo Vergara [&hellip;]<\/p>\n","protected":false},"author":2,"featured_media":0,"comment_status":"open","ping_status":"open","sticky":false,"template":"","format":"standard","meta":{"fifu_image_url":"","fifu_image_alt":"","footnotes":""},"categories":[5],"tags":[],"class_list":{"0":"post-16825","1":"post","2":"type-post","3":"status-publish","4":"format-standard","6":"category-zonales"},"yoast_head":"<title>Ram\u00edrez: apuntan a fortalecer la identidad cultural - Informe Litoral<\/title>\n<meta name=\"robots\" content=\"index, follow, max-snippet:-1, max-image-preview:large, max-video-preview:-1\" \/>\n<link rel=\"canonical\" href=\"https:\/\/informelitoral.com.ar\/ramirez-apuntan-a-fortalecer-la-identidad-cultural\/\" \/>\n<meta property=\"og:locale\" content=\"es_ES\" \/>\n<meta property=\"og:type\" content=\"article\" \/>\n<meta property=\"og:title\" content=\"Ram\u00edrez: apuntan a fortalecer la identidad cultural - Informe Litoral\" \/>\n<meta property=\"og:description\" content=\"Desde el municipio y el senador por el departamento Diamante trabajar&aacute;n junto a la Escuela N&deg; 57 para difundir una edici&oacute;n especial de una tradicional pe&ntilde;a, que este a&ntilde;o se realizar&aacute; el 8 de julio. Tambi&eacute;n adelantaron que para octubre preparan actividades en honor al maestro Linares Cardozo.&nbsp; El presidente municipal de General Ram&iacute;rez,&nbsp;Gustavo Vergara [&hellip;]\" \/>\n<meta property=\"og:url\" content=\"https:\/\/informelitoral.com.ar\/ramirez-apuntan-a-fortalecer-la-identidad-cultural\/\" \/>\n<meta property=\"og:site_name\" content=\"Informe Litoral\" \/>\n<meta property=\"article:publisher\" content=\"https:\/\/www.facebook.com\/informelitoral\/\" \/>\n<meta property=\"article:published_time\" content=\"2016-06-27T11:52:48+00:00\" \/>\n<meta property=\"article:modified_time\" content=\"2016-06-27T11:58:10+00:00\" \/>\n<meta property=\"og:image\" content=\"https:\/\/informelitoral.com.ar\/%77%70%2d%63%6f%6e%74%65%6e%74\/uploads\/2016\/06\/Escuela57-1.jpg\" \/>\n\t<meta property=\"og:image:width\" content=\"960\" \/>\n\t<meta property=\"og:image:height\" content=\"638\" \/>\n\t<meta property=\"og:image:type\" content=\"image\/jpeg\" \/>\n<meta name=\"author\" content=\"Gonzalo Schmidt\" \/>\n<meta name=\"twitter:card\" content=\"summary_large_image\" \/>\n<meta name=\"twitter:creator\" content=\"@InformeLitoral\" \/>\n<meta name=\"twitter:site\" content=\"@InformeLitoral\" \/>\n<meta name=\"twitter:label1\" content=\"Escrito por\" \/>\n\t<meta name=\"twitter:data1\" content=\"Gonzalo Schmidt\" \/>\n\t<meta name=\"twitter:label2\" content=\"Tiempo de lectura\" \/>\n\t<meta name=\"twitter:data2\" content=\"2 minutos\" \/>\n<script type=\"application\/ld+json\" class=\"yoast-schema-graph\">{\"@context\":\"https:\\\/\\\/schema.org\",\"@graph\":[{\"@type\":\"Article\",\"@id\":\"https:\\\/\\\/informelitoral.com.ar\\\/ramirez-apuntan-a-fortalecer-la-identidad-cultural\\\/#article\",\"isPartOf\":{\"@id\":\"https:\\\/\\\/informelitoral.com.ar\\\/ramirez-apuntan-a-fortalecer-la-identidad-cultural\\\/\"},\"author\":{\"name\":\"Gonzalo Schmidt\",\"@id\":\"https:\\\/\\\/informelitoral.com.ar\\\/#\\\/schema\\\/person\\\/b9d00407c836482871ef1d57bf8e3180\"},\"headline\":\"Ram\u00edrez: apuntan a fortalecer la identidad cultural\",\"datePublished\":\"2016-06-27T11:52:48+00:00\",\"dateModified\":\"2016-06-27T11:58:10+00:00\",\"mainEntityOfPage\":{\"@id\":\"https:\\\/\\\/informelitoral.com.ar\\\/ramirez-apuntan-a-fortalecer-la-identidad-cultural\\\/\"},\"wordCount\":344,\"commentCount\":0,\"publisher\":{\"@id\":\"https:\\\/\\\/informelitoral.com.ar\\\/#organization\"},\"image\":{\"@id\":\"https:\\\/\\\/informelitoral.com.ar\\\/ramirez-apuntan-a-fortalecer-la-identidad-cultural\\\/#primaryimage\"},\"thumbnailUrl\":\"http:\\\/\\\/www.isletasnoticias.com.ar\\\/%77%70%2d%63%6f%6e%74%65%6e%74\\\/uploads\\\/2016\\\/06\\\/Escuela57-1.jpg\",\"articleSection\":[\"Departamento Diamante\"],\"inLanguage\":\"es\",\"potentialAction\":[{\"@type\":\"CommentAction\",\"name\":\"Comment\",\"target\":[\"https:\\\/\\\/informelitoral.com.ar\\\/ramirez-apuntan-a-fortalecer-la-identidad-cultural\\\/#respond\"]}]},{\"@type\":\"WebPage\",\"@id\":\"https:\\\/\\\/informelitoral.com.ar\\\/ramirez-apuntan-a-fortalecer-la-identidad-cultural\\\/\",\"url\":\"https:\\\/\\\/informelitoral.com.ar\\\/ramirez-apuntan-a-fortalecer-la-identidad-cultural\\\/\",\"name\":\"Ram\u00edrez: apuntan a fortalecer la identidad cultural - Informe Litoral\",\"isPartOf\":{\"@id\":\"https:\\\/\\\/informelitoral.com.ar\\\/#website\"},\"primaryImageOfPage\":{\"@id\":\"https:\\\/\\\/informelitoral.com.ar\\\/ramirez-apuntan-a-fortalecer-la-identidad-cultural\\\/#primaryimage\"},\"image\":{\"@id\":\"https:\\\/\\\/informelitoral.com.ar\\\/ramirez-apuntan-a-fortalecer-la-identidad-cultural\\\/#primaryimage\"},\"thumbnailUrl\":\"http:\\\/\\\/www.isletasnoticias.com.ar\\\/%77%70%2d%63%6f%6e%74%65%6e%74\\\/uploads\\\/2016\\\/06\\\/Escuela57-1.jpg\",\"datePublished\":\"2016-06-27T11:52:48+00:00\",\"dateModified\":\"2016-06-27T11:58:10+00:00\",\"breadcrumb\":{\"@id\":\"https:\\\/\\\/informelitoral.com.ar\\\/ramirez-apuntan-a-fortalecer-la-identidad-cultural\\\/#breadcrumb\"},\"inLanguage\":\"es\",\"potentialAction\":[{\"@type\":\"ReadAction\",\"target\":[\"https:\\\/\\\/informelitoral.com.ar\\\/ramirez-apuntan-a-fortalecer-la-identidad-cultural\\\/\"]}]},{\"@type\":\"ImageObject\",\"inLanguage\":\"es\",\"@id\":\"https:\\\/\\\/informelitoral.com.ar\\\/ramirez-apuntan-a-fortalecer-la-identidad-cultural\\\/#primaryimage\",\"url\":\"http:\\\/\\\/www.isletasnoticias.com.ar\\\/%77%70%2d%63%6f%6e%74%65%6e%74\\\/uploads\\\/2016\\\/06\\\/Escuela57-1.jpg\",\"contentUrl\":\"http:\\\/\\\/www.isletasnoticias.com.ar\\\/%77%70%2d%63%6f%6e%74%65%6e%74\\\/uploads\\\/2016\\\/06\\\/Escuela57-1.jpg\"},{\"@type\":\"BreadcrumbList\",\"@id\":\"https:\\\/\\\/informelitoral.com.ar\\\/ramirez-apuntan-a-fortalecer-la-identidad-cultural\\\/#breadcrumb\",\"itemListElement\":[{\"@type\":\"ListItem\",\"position\":1,\"name\":\"Portada\",\"item\":\"https:\\\/\\\/informelitoral.com.ar\\\/\"},{\"@type\":\"ListItem\",\"position\":2,\"name\":\"Ram\u00edrez: apuntan a fortalecer la identidad cultural\"}]},{\"@type\":\"WebSite\",\"@id\":\"https:\\\/\\\/informelitoral.com.ar\\\/#website\",\"url\":\"https:\\\/\\\/informelitoral.com.ar\\\/\",\"name\":\"Informe Litoral\",\"description\":\"&quot;Nos informamos&quot; \",\"publisher\":{\"@id\":\"https:\\\/\\\/informelitoral.com.ar\\\/#organization\"},\"potentialAction\":[{\"@type\":\"SearchAction\",\"target\":{\"@type\":\"EntryPoint\",\"urlTemplate\":\"https:\\\/\\\/informelitoral.com.ar\\\/?s={search_term_string}\"},\"query-input\":{\"@type\":\"PropertyValueSpecification\",\"valueRequired\":true,\"valueName\":\"search_term_string\"}}],\"inLanguage\":\"es\"},{\"@type\":\"Organization\",\"@id\":\"https:\\\/\\\/informelitoral.com.ar\\\/#organization\",\"name\":\"Informe Litoral\",\"url\":\"https:\\\/\\\/informelitoral.com.ar\\\/\",\"logo\":{\"@type\":\"ImageObject\",\"inLanguage\":\"es\",\"@id\":\"https:\\\/\\\/informelitoral.com.ar\\\/#\\\/schema\\\/logo\\\/image\\\/\",\"url\":\"https:\\\/\\\/informelitoral.com.ar\\\/%77%70%2d%63%6f%6e%74%65%6e%74\\\/uploads\\\/2021\\\/01\\\/circulo.png\",\"contentUrl\":\"https:\\\/\\\/informelitoral.com.ar\\\/%77%70%2d%63%6f%6e%74%65%6e%74\\\/uploads\\\/2021\\\/01\\\/circulo.png\",\"width\":723,\"height\":731,\"caption\":\"Informe Litoral\"},\"image\":{\"@id\":\"https:\\\/\\\/informelitoral.com.ar\\\/#\\\/schema\\\/logo\\\/image\\\/\"},\"sameAs\":[\"https:\\\/\\\/www.facebook.com\\\/informelitoral\\\/\",\"https:\\\/\\\/x.com\\\/InformeLitoral\",\"https:\\\/\\\/www.instagram.com\\\/informelitoral\\\/\",\"https:\\\/\\\/www.youtube.com\\\/channel\\\/UCua4Qvz8Icb6MYqhoq9xLXw\"]},{\"@type\":\"Person\",\"@id\":\"https:\\\/\\\/informelitoral.com.ar\\\/#\\\/schema\\\/person\\\/b9d00407c836482871ef1d57bf8e3180\",\"name\":\"Gonzalo Schmidt\",\"image\":{\"@type\":\"ImageObject\",\"inLanguage\":\"es\",\"@id\":\"https:\\\/\\\/secure.gravatar.com\\\/avatar\\\/31a1a7b66ff2de83bd0e9fd79d026630d2d99e55e8bfe501287647b4fd9743de?s=96&d=mm&r=g\",\"url\":\"https:\\\/\\\/secure.gravatar.com\\\/avatar\\\/31a1a7b66ff2de83bd0e9fd79d026630d2d99e55e8bfe501287647b4fd9743de?s=96&d=mm&r=g\",\"contentUrl\":\"https:\\\/\\\/secure.gravatar.com\\\/avatar\\\/31a1a7b66ff2de83bd0e9fd79d026630d2d99e55e8bfe501287647b4fd9743de?s=96&d=mm&r=g\",\"caption\":\"Gonzalo Schmidt\"},\"description\":\"Sitio web de noticias de la provincia de Entre R\u00edos, Argentina. Informaci\u00f3n y entretenimiento. Informe Litoral, nos informamos.\",\"sameAs\":[\"http:\\\/\\\/www.isletasnoticias.com.ar\"],\"url\":\"https:\\\/\\\/informelitoral.com.ar\\\/author\\\/gonzalo\\\/\"}]}<\/script>","yoast_head_json":{"title":"Ram\u00edrez: apuntan a fortalecer la identidad cultural - Informe Litoral","robots":{"index":"index","follow":"follow","max-snippet":"max-snippet:-1","max-image-preview":"max-image-preview:large","max-video-preview":"max-video-preview:-1"},"canonical":"https:\/\/informelitoral.com.ar\/ramirez-apuntan-a-fortalecer-la-identidad-cultural\/","og_locale":"es_ES","og_type":"article","og_title":"Ram\u00edrez: apuntan a fortalecer la identidad cultural - Informe Litoral","og_description":"Desde el municipio y el senador por el departamento Diamante trabajar&aacute;n junto a la Escuela N&deg; 57 para difundir una edici&oacute;n especial de una tradicional pe&ntilde;a, que este a&ntilde;o se realizar&aacute; el 8 de julio. Tambi&eacute;n adelantaron que para octubre preparan actividades en honor al maestro Linares Cardozo.&nbsp; El presidente municipal de General Ram&iacute;rez,&nbsp;Gustavo Vergara [&hellip;]","og_url":"https:\/\/informelitoral.com.ar\/ramirez-apuntan-a-fortalecer-la-identidad-cultural\/","og_site_name":"Informe Litoral","article_publisher":"https:\/\/www.facebook.com\/informelitoral\/","article_published_time":"2016-06-27T11:52:48+00:00","article_modified_time":"2016-06-27T11:58:10+00:00","og_image":[{"width":960,"height":638,"url":"https:\/\/informelitoral.com.ar\/%77%70%2d%63%6f%6e%74%65%6e%74\/uploads\/2016\/06\/Escuela57-1.jpg","type":"image\/jpeg"}],"author":"Gonzalo Schmidt","twitter_card":"summary_large_image","twitter_creator":"@InformeLitoral","twitter_site":"@InformeLitoral","twitter_misc":{"Escrito por":"Gonzalo Schmidt","Tiempo de lectura":"2 minutos"},"schema":{"@context":"https:\/\/schema.org","@graph":[{"@type":"Article","@id":"https:\/\/informelitoral.com.ar\/ramirez-apuntan-a-fortalecer-la-identidad-cultural\/#article","isPartOf":{"@id":"https:\/\/informelitoral.com.ar\/ramirez-apuntan-a-fortalecer-la-identidad-cultural\/"},"author":{"name":"Gonzalo Schmidt","@id":"https:\/\/informelitoral.com.ar\/#\/schema\/person\/b9d00407c836482871ef1d57bf8e3180"},"headline":"Ram\u00edrez: apuntan a fortalecer la identidad cultural","datePublished":"2016-06-27T11:52:48+00:00","dateModified":"2016-06-27T11:58:10+00:00","mainEntityOfPage":{"@id":"https:\/\/informelitoral.com.ar\/ramirez-apuntan-a-fortalecer-la-identidad-cultural\/"},"wordCount":344,"commentCount":0,"publisher":{"@id":"https:\/\/informelitoral.com.ar\/#organization"},"image":{"@id":"https:\/\/informelitoral.com.ar\/ramirez-apuntan-a-fortalecer-la-identidad-cultural\/#primaryimage"},"thumbnailUrl":"http:\/\/www.isletasnoticias.com.ar\/%77%70%2d%63%6f%6e%74%65%6e%74\/uploads\/2016\/06\/Escuela57-1.jpg","articleSection":["Departamento Diamante"],"inLanguage":"es","potentialAction":[{"@type":"CommentAction","name":"Comment","target":["https:\/\/informelitoral.com.ar\/ramirez-apuntan-a-fortalecer-la-identidad-cultural\/#respond"]}]},{"@type":"WebPage","@id":"https:\/\/informelitoral.com.ar\/ramirez-apuntan-a-fortalecer-la-identidad-cultural\/","url":"https:\/\/informelitoral.com.ar\/ramirez-apuntan-a-fortalecer-la-identidad-cultural\/","name":"Ram\u00edrez: apuntan a fortalecer la identidad cultural - Informe Litoral","isPartOf":{"@id":"https:\/\/informelitoral.com.ar\/#website"},"primaryImageOfPage":{"@id":"https:\/\/informelitoral.com.ar\/ramirez-apuntan-a-fortalecer-la-identidad-cultural\/#primaryimage"},"image":{"@id":"https:\/\/informelitoral.com.ar\/ramirez-apuntan-a-fortalecer-la-identidad-cultural\/#primaryimage"},"thumbnailUrl":"http:\/\/www.isletasnoticias.com.ar\/%77%70%2d%63%6f%6e%74%65%6e%74\/uploads\/2016\/06\/Escuela57-1.jpg","datePublished":"2016-06-27T11:52:48+00:00","dateModified":"2016-06-27T11:58:10+00:00","breadcrumb":{"@id":"https:\/\/informelitoral.com.ar\/ramirez-apuntan-a-fortalecer-la-identidad-cultural\/#breadcrumb"},"inLanguage":"es","potentialAction":[{"@type":"ReadAction","target":["https:\/\/informelitoral.com.ar\/ramirez-apuntan-a-fortalecer-la-identidad-cultural\/"]}]},{"@type":"ImageObject","inLanguage":"es","@id":"https:\/\/informelitoral.com.ar\/ramirez-apuntan-a-fortalecer-la-identidad-cultural\/#primaryimage","url":"http:\/\/www.isletasnoticias.com.ar\/%77%70%2d%63%6f%6e%74%65%6e%74\/uploads\/2016\/06\/Escuela57-1.jpg","contentUrl":"http:\/\/www.isletasnoticias.com.ar\/%77%70%2d%63%6f%6e%74%65%6e%74\/uploads\/2016\/06\/Escuela57-1.jpg"},{"@type":"BreadcrumbList","@id":"https:\/\/informelitoral.com.ar\/ramirez-apuntan-a-fortalecer-la-identidad-cultural\/#breadcrumb","itemListElement":[{"@type":"ListItem","position":1,"name":"Portada","item":"https:\/\/informelitoral.com.ar\/"},{"@type":"ListItem","position":2,"name":"Ram\u00edrez: apuntan a fortalecer la identidad cultural"}]},{"@type":"WebSite","@id":"https:\/\/informelitoral.com.ar\/#website","url":"https:\/\/informelitoral.com.ar\/","name":"Informe Litoral","description":"&quot;Nos informamos&quot; ","publisher":{"@id":"https:\/\/informelitoral.com.ar\/#organization"},"potentialAction":[{"@type":"SearchAction","target":{"@type":"EntryPoint","urlTemplate":"https:\/\/informelitoral.com.ar\/?s={search_term_string}"},"query-input":{"@type":"PropertyValueSpecification","valueRequired":true,"valueName":"search_term_string"}}],"inLanguage":"es"},{"@type":"Organization","@id":"https:\/\/informelitoral.com.ar\/#organization","name":"Informe Litoral","url":"https:\/\/informelitoral.com.ar\/","logo":{"@type":"ImageObject","inLanguage":"es","@id":"https:\/\/informelitoral.com.ar\/#\/schema\/logo\/image\/","url":"https:\/\/informelitoral.com.ar\/%77%70%2d%63%6f%6e%74%65%6e%74\/uploads\/2021\/01\/circulo.png","contentUrl":"https:\/\/informelitoral.com.ar\/%77%70%2d%63%6f%6e%74%65%6e%74\/uploads\/2021\/01\/circulo.png","width":723,"height":731,"caption":"Informe Litoral"},"image":{"@id":"https:\/\/informelitoral.com.ar\/#\/schema\/logo\/image\/"},"sameAs":["https:\/\/www.facebook.com\/informelitoral\/","https:\/\/x.com\/InformeLitoral","https:\/\/www.instagram.com\/informelitoral\/","https:\/\/www.youtube.com\/channel\/UCua4Qvz8Icb6MYqhoq9xLXw"]},{"@type":"Person","@id":"https:\/\/informelitoral.com.ar\/#\/schema\/person\/b9d00407c836482871ef1d57bf8e3180","name":"Gonzalo Schmidt","image":{"@type":"ImageObject","inLanguage":"es","@id":"https:\/\/secure.gravatar.com\/avatar\/31a1a7b66ff2de83bd0e9fd79d026630d2d99e55e8bfe501287647b4fd9743de?s=96&d=mm&r=g","url":"https:\/\/secure.gravatar.com\/avatar\/31a1a7b66ff2de83bd0e9fd79d026630d2d99e55e8bfe501287647b4fd9743de?s=96&d=mm&r=g","contentUrl":"https:\/\/secure.gravatar.com\/avatar\/31a1a7b66ff2de83bd0e9fd79d026630d2d99e55e8bfe501287647b4fd9743de?s=96&d=mm&r=g","caption":"Gonzalo Schmidt"},"description":"Sitio web de noticias de la provincia de Entre R\u00edos, Argentina. Informaci\u00f3n y entretenimiento. Informe Litoral, nos informamos.","sameAs":["http:\/\/www.isletasnoticias.com.ar"],"url":"https:\/\/informelitoral.com.ar\/author\/gonzalo\/"}]}},"_links":{"self":[{"href":"https:\/\/informelitoral.com.ar\/%77%70%2d%6a%73%6f%6e\/wp\/v2\/posts\/16825","targetHints":{"allow":["GET"]}}],"collection":[{"href":"https:\/\/informelitoral.com.ar\/%77%70%2d%6a%73%6f%6e\/wp\/v2\/posts"}],"about":[{"href":"https:\/\/informelitoral.com.ar\/%77%70%2d%6a%73%6f%6e\/wp\/v2\/types\/post"}],"author":[{"embeddable":true,"href":"https:\/\/informelitoral.com.ar\/%77%70%2d%6a%73%6f%6e\/wp\/v2\/users\/2"}],"replies":[{"embeddable":true,"href":"https:\/\/informelitoral.com.ar\/%77%70%2d%6a%73%6f%6e\/wp\/v2\/comments?post=16825"}],"version-history":[{"count":0,"href":"https:\/\/informelitoral.com.ar\/%77%70%2d%6a%73%6f%6e\/wp\/v2\/posts\/16825\/revisions"}],"wp:attachment":[{"href":"https:\/\/informelitoral.com.ar\/%77%70%2d%6a%73%6f%6e\/wp\/v2\/media?parent=16825"}],"wp:term":[{"taxonomy":"category","embeddable":true,"href":"https:\/\/informelitoral.com.ar\/%77%70%2d%6a%73%6f%6e\/wp\/v2\/categories?post=16825"},{"taxonomy":"post_tag","embeddable":true,"href":"https:\/\/informelitoral.com.ar\/%77%70%2d%6a%73%6f%6e\/wp\/v2\/tags?post=16825"}],"curies":[{"name":"wp","href":"https:\/\/api.w.org\/{rel}","templated":true}]}}