{"id":16822,"date":"2016-06-27T08:34:47","date_gmt":"2016-06-27T11:34:47","guid":{"rendered":"http:\/\/www.isletasnoticias.com.ar\/?p=16822"},"modified":"2016-06-27T08:34:47","modified_gmt":"2016-06-27T11:34:47","slug":"importaciones-aseguran-que-las-marcas-internacionales-copan-las-gondolas","status":"publish","type":"post","link":"https:\/\/informelitoral.com.ar\/importaciones-aseguran-que-las-marcas-internacionales-copan-las-gondolas\/","title":{"rendered":"Importaciones: aseguran que las marcas internacionales copan las g\u00f3ndolas"},"content":{"rendered":"<p><strong>En los \u00faltimos meses, en distintos supermercados se puede ver una variedad de productos fabricados en otros pa\u00edses, algo que estaba limitado con el kirchnerismo. No obstante, CAME advierte que la liberaci\u00f3n de las importaciones perjudica a las peque\u00f1as y medianas empresas. \u00abEsto ya lo vivimos\u00bb, alert\u00f3 el diputado <em>Jos\u00e9 Ignacio De Mendiguren.<a href=\"http:\/\/www.isletasnoticias.com.ar\/%77%70%2d%63%6f%6e%74%65%6e%74\/uploads\/2016\/06\/0010669534.jpg\"><img loading=\"lazy\" decoding=\"async\" class=\"aligncenter wp-image-16823 size-full\" src=\"http:\/\/www.isletasnoticias.com.ar\/%77%70%2d%63%6f%6e%74%65%6e%74\/uploads\/2016\/06\/0010669534.jpg\" alt=\"0010669534\" width=\"678\" height=\"434\" srcset=\"https:\/\/informelitoral.com.ar\/%77%70%2d%63%6f%6e%74%65%6e%74\/uploads\/2016\/06\/0010669534.jpg 678w, https:\/\/informelitoral.com.ar\/%77%70%2d%63%6f%6e%74%65%6e%74\/uploads\/2016\/06\/0010669534-300x192.jpg 300w\" sizes=\"auto, (max-width: 678px) 100vw, 678px\" \/><\/a><\/em><\/strong><\/p>\n<p>Las importaciones, especialmente de productos provenientes de mercados asi\u00e1ticos, llenan las g\u00f3ndolas de los supermercados, pero reanudaron las dificultades de las peque\u00f1as y medianas empresas locales, de acuerdo con un relevamiento realizado por la Confederaci\u00f3n Argentina de la Mediana Empresa (CAME).<\/p>\n<p>Seg\u00fan CAME, tras consultar a m\u00e1s de 300 industrias peque\u00f1as y medianas del pa\u00eds, el 79% asegura que la apertura de las importaciones representa una amenaza para su empresa, mientras que el 49,5% dice que en el \u00faltimo trimestre se han visto claramente perjudicados, perdiendo ventas en manos de los productos importados.<\/p>\n<p>Varios referentes kirchneristas se refirieron al aumento, entre ellos el ex presidente de la Uni\u00f3n Industrial Argentina y actual diputado nacional, <strong>Jos\u00e9 Ignacio de Mendiguren<\/strong> a trav\u00e9s de una publicaci\u00f3n en Facebook:<\/p>\n<p><em>Esto pasa ahora: la mitad de la g\u00f3ndola de fideos, importados de Italia. Paquetes de yerba de Brasil. En mayo aumentaron 44% las importaciones de bienes de consumo (en cantidades, seg\u00fan Indec). Desarrollarse es llegar a producir bienes de capital y nosotros estamos importando cada vez m\u00e1s comida. No hace falta que nos cuenten el final de esta pel\u00edcula: ya la vimos. Corrijo: ya la vivimos.<\/em><\/p>\n<p>En mayo, seg\u00fan el Indec, las exportaciones sumaron u$s 5.345 millones, con un crecimiento interanual del 2,7%, mientras que las importaciones sumaron u$s 4.904 millones, con una ca\u00edda de 1,8% respecto a igual mes de 2015.<\/p>\n<p>El Indec registr\u00f3 una suba importante en la importaci\u00f3n de Bienes de Consumo, del 28,8%. En este caso, los precios bajaron 10,8% interanual y las cantidades importadas treparon 44,6% el mes pasado. <em>(MinutoUno)<\/em><\/p>\n","protected":false},"excerpt":{"rendered":"<p>En los &uacute;ltimos meses, en distintos supermercados se puede ver una variedad de productos fabricados en otros pa&iacute;ses, algo que estaba limitado con el kirchnerismo. No obstante, CAME advierte que la liberaci&oacute;n de las importaciones perjudica a las peque&ntilde;as y medianas empresas. &laquo;Esto ya lo vivimos&raquo;, alert&oacute; el diputado Jos&eacute; Ignacio De Mendiguren. Las importaciones, [&hellip;]<\/p>\n","protected":false},"author":2,"featured_media":0,"comment_status":"open","ping_status":"open","sticky":false,"template":"","format":"standard","meta":{"fifu_image_url":"","fifu_image_alt":"","footnotes":""},"categories":[7,16],"tags":[],"class_list":{"0":"post-16822","1":"post","2":"type-post","3":"status-publish","4":"format-standard","6":"category-nacionales","7":"category-politi"},"yoast_head":"<title>Importaciones: aseguran que las marcas internacionales copan las g\u00f3ndolas - Informe Litoral<\/title>\n<meta name=\"robots\" content=\"index, follow, max-snippet:-1, max-image-preview:large, max-video-preview:-1\" \/>\n<link rel=\"canonical\" href=\"https:\/\/informelitoral.com.ar\/importaciones-aseguran-que-las-marcas-internacionales-copan-las-gondolas\/\" \/>\n<meta property=\"og:locale\" content=\"es_ES\" \/>\n<meta property=\"og:type\" content=\"article\" \/>\n<meta property=\"og:title\" content=\"Importaciones: aseguran que las marcas internacionales copan las g\u00f3ndolas - Informe Litoral\" \/>\n<meta property=\"og:description\" content=\"En los &uacute;ltimos meses, en distintos supermercados se puede ver una variedad de productos fabricados en otros pa&iacute;ses, algo que estaba limitado con el kirchnerismo. No obstante, CAME advierte que la liberaci&oacute;n de las importaciones perjudica a las peque&ntilde;as y medianas empresas. &laquo;Esto ya lo vivimos&raquo;, alert&oacute; el diputado Jos&eacute; Ignacio De Mendiguren. Las importaciones, [&hellip;]\" \/>\n<meta property=\"og:url\" content=\"https:\/\/informelitoral.com.ar\/importaciones-aseguran-que-las-marcas-internacionales-copan-las-gondolas\/\" \/>\n<meta property=\"og:site_name\" content=\"Informe Litoral\" \/>\n<meta property=\"article:publisher\" content=\"https:\/\/www.facebook.com\/informelitoral\/\" \/>\n<meta property=\"article:published_time\" content=\"2016-06-27T11:34:47+00:00\" \/>\n<meta property=\"og:image\" content=\"https:\/\/informelitoral.com.ar\/%77%70%2d%63%6f%6e%74%65%6e%74\/uploads\/2016\/06\/0010669534.jpg\" \/>\n\t<meta property=\"og:image:width\" content=\"678\" \/>\n\t<meta property=\"og:image:height\" content=\"434\" \/>\n\t<meta property=\"og:image:type\" content=\"image\/jpeg\" \/>\n<meta name=\"author\" content=\"Gonzalo Schmidt\" \/>\n<meta name=\"twitter:card\" content=\"summary_large_image\" \/>\n<meta name=\"twitter:creator\" content=\"@InformeLitoral\" \/>\n<meta name=\"twitter:site\" content=\"@InformeLitoral\" \/>\n<meta name=\"twitter:label1\" content=\"Escrito por\" \/>\n\t<meta name=\"twitter:data1\" content=\"Gonzalo Schmidt\" \/>\n\t<meta name=\"twitter:label2\" content=\"Tiempo de lectura\" \/>\n\t<meta name=\"twitter:data2\" content=\"2 minutos\" \/>\n<script type=\"application\/ld+json\" class=\"yoast-schema-graph\">{\"@context\":\"https:\\\/\\\/schema.org\",\"@graph\":[{\"@type\":\"Article\",\"@id\":\"https:\\\/\\\/informelitoral.com.ar\\\/importaciones-aseguran-que-las-marcas-internacionales-copan-las-gondolas\\\/#article\",\"isPartOf\":{\"@id\":\"https:\\\/\\\/informelitoral.com.ar\\\/importaciones-aseguran-que-las-marcas-internacionales-copan-las-gondolas\\\/\"},\"author\":{\"name\":\"Gonzalo Schmidt\",\"@id\":\"https:\\\/\\\/informelitoral.com.ar\\\/#\\\/schema\\\/person\\\/b9d00407c836482871ef1d57bf8e3180\"},\"headline\":\"Importaciones: aseguran que las marcas internacionales copan las g\u00f3ndolas\",\"datePublished\":\"2016-06-27T11:34:47+00:00\",\"mainEntityOfPage\":{\"@id\":\"https:\\\/\\\/informelitoral.com.ar\\\/importaciones-aseguran-que-las-marcas-internacionales-copan-las-gondolas\\\/\"},\"wordCount\":334,\"commentCount\":0,\"publisher\":{\"@id\":\"https:\\\/\\\/informelitoral.com.ar\\\/#organization\"},\"image\":{\"@id\":\"https:\\\/\\\/informelitoral.com.ar\\\/importaciones-aseguran-que-las-marcas-internacionales-copan-las-gondolas\\\/#primaryimage\"},\"thumbnailUrl\":\"http:\\\/\\\/www.isletasnoticias.com.ar\\\/%77%70%2d%63%6f%6e%74%65%6e%74\\\/uploads\\\/2016\\\/06\\\/0010669534.jpg\",\"articleSection\":[\"Nacionales\",\"Politica\"],\"inLanguage\":\"es\",\"potentialAction\":[{\"@type\":\"CommentAction\",\"name\":\"Comment\",\"target\":[\"https:\\\/\\\/informelitoral.com.ar\\\/importaciones-aseguran-que-las-marcas-internacionales-copan-las-gondolas\\\/#respond\"]}]},{\"@type\":\"WebPage\",\"@id\":\"https:\\\/\\\/informelitoral.com.ar\\\/importaciones-aseguran-que-las-marcas-internacionales-copan-las-gondolas\\\/\",\"url\":\"https:\\\/\\\/informelitoral.com.ar\\\/importaciones-aseguran-que-las-marcas-internacionales-copan-las-gondolas\\\/\",\"name\":\"Importaciones: aseguran que las marcas internacionales copan las g\u00f3ndolas - Informe Litoral\",\"isPartOf\":{\"@id\":\"https:\\\/\\\/informelitoral.com.ar\\\/#website\"},\"primaryImageOfPage\":{\"@id\":\"https:\\\/\\\/informelitoral.com.ar\\\/importaciones-aseguran-que-las-marcas-internacionales-copan-las-gondolas\\\/#primaryimage\"},\"image\":{\"@id\":\"https:\\\/\\\/informelitoral.com.ar\\\/importaciones-aseguran-que-las-marcas-internacionales-copan-las-gondolas\\\/#primaryimage\"},\"thumbnailUrl\":\"http:\\\/\\\/www.isletasnoticias.com.ar\\\/%77%70%2d%63%6f%6e%74%65%6e%74\\\/uploads\\\/2016\\\/06\\\/0010669534.jpg\",\"datePublished\":\"2016-06-27T11:34:47+00:00\",\"breadcrumb\":{\"@id\":\"https:\\\/\\\/informelitoral.com.ar\\\/importaciones-aseguran-que-las-marcas-internacionales-copan-las-gondolas\\\/#breadcrumb\"},\"inLanguage\":\"es\",\"potentialAction\":[{\"@type\":\"ReadAction\",\"target\":[\"https:\\\/\\\/informelitoral.com.ar\\\/importaciones-aseguran-que-las-marcas-internacionales-copan-las-gondolas\\\/\"]}]},{\"@type\":\"ImageObject\",\"inLanguage\":\"es\",\"@id\":\"https:\\\/\\\/informelitoral.com.ar\\\/importaciones-aseguran-que-las-marcas-internacionales-copan-las-gondolas\\\/#primaryimage\",\"url\":\"http:\\\/\\\/www.isletasnoticias.com.ar\\\/%77%70%2d%63%6f%6e%74%65%6e%74\\\/uploads\\\/2016\\\/06\\\/0010669534.jpg\",\"contentUrl\":\"http:\\\/\\\/www.isletasnoticias.com.ar\\\/%77%70%2d%63%6f%6e%74%65%6e%74\\\/uploads\\\/2016\\\/06\\\/0010669534.jpg\"},{\"@type\":\"BreadcrumbList\",\"@id\":\"https:\\\/\\\/informelitoral.com.ar\\\/importaciones-aseguran-que-las-marcas-internacionales-copan-las-gondolas\\\/#breadcrumb\",\"itemListElement\":[{\"@type\":\"ListItem\",\"position\":1,\"name\":\"Portada\",\"item\":\"https:\\\/\\\/informelitoral.com.ar\\\/\"},{\"@type\":\"ListItem\",\"position\":2,\"name\":\"Importaciones: aseguran que las marcas internacionales copan las g\u00f3ndolas\"}]},{\"@type\":\"WebSite\",\"@id\":\"https:\\\/\\\/informelitoral.com.ar\\\/#website\",\"url\":\"https:\\\/\\\/informelitoral.com.ar\\\/\",\"name\":\"Informe Litoral\",\"description\":\"&quot;Nos informamos&quot; \",\"publisher\":{\"@id\":\"https:\\\/\\\/informelitoral.com.ar\\\/#organization\"},\"potentialAction\":[{\"@type\":\"SearchAction\",\"target\":{\"@type\":\"EntryPoint\",\"urlTemplate\":\"https:\\\/\\\/informelitoral.com.ar\\\/?s={search_term_string}\"},\"query-input\":{\"@type\":\"PropertyValueSpecification\",\"valueRequired\":true,\"valueName\":\"search_term_string\"}}],\"inLanguage\":\"es\"},{\"@type\":\"Organization\",\"@id\":\"https:\\\/\\\/informelitoral.com.ar\\\/#organization\",\"name\":\"Informe Litoral\",\"url\":\"https:\\\/\\\/informelitoral.com.ar\\\/\",\"logo\":{\"@type\":\"ImageObject\",\"inLanguage\":\"es\",\"@id\":\"https:\\\/\\\/informelitoral.com.ar\\\/#\\\/schema\\\/logo\\\/image\\\/\",\"url\":\"https:\\\/\\\/informelitoral.com.ar\\\/%77%70%2d%63%6f%6e%74%65%6e%74\\\/uploads\\\/2021\\\/01\\\/circulo.png\",\"contentUrl\":\"https:\\\/\\\/informelitoral.com.ar\\\/%77%70%2d%63%6f%6e%74%65%6e%74\\\/uploads\\\/2021\\\/01\\\/circulo.png\",\"width\":723,\"height\":731,\"caption\":\"Informe Litoral\"},\"image\":{\"@id\":\"https:\\\/\\\/informelitoral.com.ar\\\/#\\\/schema\\\/logo\\\/image\\\/\"},\"sameAs\":[\"https:\\\/\\\/www.facebook.com\\\/informelitoral\\\/\",\"https:\\\/\\\/x.com\\\/InformeLitoral\",\"https:\\\/\\\/www.instagram.com\\\/informelitoral\\\/\",\"https:\\\/\\\/www.youtube.com\\\/channel\\\/UCua4Qvz8Icb6MYqhoq9xLXw\"]},{\"@type\":\"Person\",\"@id\":\"https:\\\/\\\/informelitoral.com.ar\\\/#\\\/schema\\\/person\\\/b9d00407c836482871ef1d57bf8e3180\",\"name\":\"Gonzalo Schmidt\",\"image\":{\"@type\":\"ImageObject\",\"inLanguage\":\"es\",\"@id\":\"https:\\\/\\\/secure.gravatar.com\\\/avatar\\\/31a1a7b66ff2de83bd0e9fd79d026630d2d99e55e8bfe501287647b4fd9743de?s=96&d=mm&r=g\",\"url\":\"https:\\\/\\\/secure.gravatar.com\\\/avatar\\\/31a1a7b66ff2de83bd0e9fd79d026630d2d99e55e8bfe501287647b4fd9743de?s=96&d=mm&r=g\",\"contentUrl\":\"https:\\\/\\\/secure.gravatar.com\\\/avatar\\\/31a1a7b66ff2de83bd0e9fd79d026630d2d99e55e8bfe501287647b4fd9743de?s=96&d=mm&r=g\",\"caption\":\"Gonzalo Schmidt\"},\"description\":\"Sitio web de noticias de la provincia de Entre R\u00edos, Argentina. Informaci\u00f3n y entretenimiento. Informe Litoral, nos informamos.\",\"sameAs\":[\"http:\\\/\\\/www.isletasnoticias.com.ar\"],\"url\":\"https:\\\/\\\/informelitoral.com.ar\\\/author\\\/gonzalo\\\/\"}]}<\/script>","yoast_head_json":{"title":"Importaciones: aseguran que las marcas internacionales copan las g\u00f3ndolas - Informe Litoral","robots":{"index":"index","follow":"follow","max-snippet":"max-snippet:-1","max-image-preview":"max-image-preview:large","max-video-preview":"max-video-preview:-1"},"canonical":"https:\/\/informelitoral.com.ar\/importaciones-aseguran-que-las-marcas-internacionales-copan-las-gondolas\/","og_locale":"es_ES","og_type":"article","og_title":"Importaciones: aseguran que las marcas internacionales copan las g\u00f3ndolas - Informe Litoral","og_description":"En los &uacute;ltimos meses, en distintos supermercados se puede ver una variedad de productos fabricados en otros pa&iacute;ses, algo que estaba limitado con el kirchnerismo. No obstante, CAME advierte que la liberaci&oacute;n de las importaciones perjudica a las peque&ntilde;as y medianas empresas. &laquo;Esto ya lo vivimos&raquo;, alert&oacute; el diputado Jos&eacute; Ignacio De Mendiguren. Las importaciones, [&hellip;]","og_url":"https:\/\/informelitoral.com.ar\/importaciones-aseguran-que-las-marcas-internacionales-copan-las-gondolas\/","og_site_name":"Informe Litoral","article_publisher":"https:\/\/www.facebook.com\/informelitoral\/","article_published_time":"2016-06-27T11:34:47+00:00","og_image":[{"width":678,"height":434,"url":"https:\/\/informelitoral.com.ar\/%77%70%2d%63%6f%6e%74%65%6e%74\/uploads\/2016\/06\/0010669534.jpg","type":"image\/jpeg"}],"author":"Gonzalo Schmidt","twitter_card":"summary_large_image","twitter_creator":"@InformeLitoral","twitter_site":"@InformeLitoral","twitter_misc":{"Escrito por":"Gonzalo Schmidt","Tiempo de lectura":"2 minutos"},"schema":{"@context":"https:\/\/schema.org","@graph":[{"@type":"Article","@id":"https:\/\/informelitoral.com.ar\/importaciones-aseguran-que-las-marcas-internacionales-copan-las-gondolas\/#article","isPartOf":{"@id":"https:\/\/informelitoral.com.ar\/importaciones-aseguran-que-las-marcas-internacionales-copan-las-gondolas\/"},"author":{"name":"Gonzalo Schmidt","@id":"https:\/\/informelitoral.com.ar\/#\/schema\/person\/b9d00407c836482871ef1d57bf8e3180"},"headline":"Importaciones: aseguran que las marcas internacionales copan las g\u00f3ndolas","datePublished":"2016-06-27T11:34:47+00:00","mainEntityOfPage":{"@id":"https:\/\/informelitoral.com.ar\/importaciones-aseguran-que-las-marcas-internacionales-copan-las-gondolas\/"},"wordCount":334,"commentCount":0,"publisher":{"@id":"https:\/\/informelitoral.com.ar\/#organization"},"image":{"@id":"https:\/\/informelitoral.com.ar\/importaciones-aseguran-que-las-marcas-internacionales-copan-las-gondolas\/#primaryimage"},"thumbnailUrl":"http:\/\/www.isletasnoticias.com.ar\/%77%70%2d%63%6f%6e%74%65%6e%74\/uploads\/2016\/06\/0010669534.jpg","articleSection":["Nacionales","Politica"],"inLanguage":"es","potentialAction":[{"@type":"CommentAction","name":"Comment","target":["https:\/\/informelitoral.com.ar\/importaciones-aseguran-que-las-marcas-internacionales-copan-las-gondolas\/#respond"]}]},{"@type":"WebPage","@id":"https:\/\/informelitoral.com.ar\/importaciones-aseguran-que-las-marcas-internacionales-copan-las-gondolas\/","url":"https:\/\/informelitoral.com.ar\/importaciones-aseguran-que-las-marcas-internacionales-copan-las-gondolas\/","name":"Importaciones: aseguran que las marcas internacionales copan las g\u00f3ndolas - Informe Litoral","isPartOf":{"@id":"https:\/\/informelitoral.com.ar\/#website"},"primaryImageOfPage":{"@id":"https:\/\/informelitoral.com.ar\/importaciones-aseguran-que-las-marcas-internacionales-copan-las-gondolas\/#primaryimage"},"image":{"@id":"https:\/\/informelitoral.com.ar\/importaciones-aseguran-que-las-marcas-internacionales-copan-las-gondolas\/#primaryimage"},"thumbnailUrl":"http:\/\/www.isletasnoticias.com.ar\/%77%70%2d%63%6f%6e%74%65%6e%74\/uploads\/2016\/06\/0010669534.jpg","datePublished":"2016-06-27T11:34:47+00:00","breadcrumb":{"@id":"https:\/\/informelitoral.com.ar\/importaciones-aseguran-que-las-marcas-internacionales-copan-las-gondolas\/#breadcrumb"},"inLanguage":"es","potentialAction":[{"@type":"ReadAction","target":["https:\/\/informelitoral.com.ar\/importaciones-aseguran-que-las-marcas-internacionales-copan-las-gondolas\/"]}]},{"@type":"ImageObject","inLanguage":"es","@id":"https:\/\/informelitoral.com.ar\/importaciones-aseguran-que-las-marcas-internacionales-copan-las-gondolas\/#primaryimage","url":"http:\/\/www.isletasnoticias.com.ar\/%77%70%2d%63%6f%6e%74%65%6e%74\/uploads\/2016\/06\/0010669534.jpg","contentUrl":"http:\/\/www.isletasnoticias.com.ar\/%77%70%2d%63%6f%6e%74%65%6e%74\/uploads\/2016\/06\/0010669534.jpg"},{"@type":"BreadcrumbList","@id":"https:\/\/informelitoral.com.ar\/importaciones-aseguran-que-las-marcas-internacionales-copan-las-gondolas\/#breadcrumb","itemListElement":[{"@type":"ListItem","position":1,"name":"Portada","item":"https:\/\/informelitoral.com.ar\/"},{"@type":"ListItem","position":2,"name":"Importaciones: aseguran que las marcas internacionales copan las g\u00f3ndolas"}]},{"@type":"WebSite","@id":"https:\/\/informelitoral.com.ar\/#website","url":"https:\/\/informelitoral.com.ar\/","name":"Informe Litoral","description":"&quot;Nos informamos&quot; ","publisher":{"@id":"https:\/\/informelitoral.com.ar\/#organization"},"potentialAction":[{"@type":"SearchAction","target":{"@type":"EntryPoint","urlTemplate":"https:\/\/informelitoral.com.ar\/?s={search_term_string}"},"query-input":{"@type":"PropertyValueSpecification","valueRequired":true,"valueName":"search_term_string"}}],"inLanguage":"es"},{"@type":"Organization","@id":"https:\/\/informelitoral.com.ar\/#organization","name":"Informe Litoral","url":"https:\/\/informelitoral.com.ar\/","logo":{"@type":"ImageObject","inLanguage":"es","@id":"https:\/\/informelitoral.com.ar\/#\/schema\/logo\/image\/","url":"https:\/\/informelitoral.com.ar\/%77%70%2d%63%6f%6e%74%65%6e%74\/uploads\/2021\/01\/circulo.png","contentUrl":"https:\/\/informelitoral.com.ar\/%77%70%2d%63%6f%6e%74%65%6e%74\/uploads\/2021\/01\/circulo.png","width":723,"height":731,"caption":"Informe Litoral"},"image":{"@id":"https:\/\/informelitoral.com.ar\/#\/schema\/logo\/image\/"},"sameAs":["https:\/\/www.facebook.com\/informelitoral\/","https:\/\/x.com\/InformeLitoral","https:\/\/www.instagram.com\/informelitoral\/","https:\/\/www.youtube.com\/channel\/UCua4Qvz8Icb6MYqhoq9xLXw"]},{"@type":"Person","@id":"https:\/\/informelitoral.com.ar\/#\/schema\/person\/b9d00407c836482871ef1d57bf8e3180","name":"Gonzalo Schmidt","image":{"@type":"ImageObject","inLanguage":"es","@id":"https:\/\/secure.gravatar.com\/avatar\/31a1a7b66ff2de83bd0e9fd79d026630d2d99e55e8bfe501287647b4fd9743de?s=96&d=mm&r=g","url":"https:\/\/secure.gravatar.com\/avatar\/31a1a7b66ff2de83bd0e9fd79d026630d2d99e55e8bfe501287647b4fd9743de?s=96&d=mm&r=g","contentUrl":"https:\/\/secure.gravatar.com\/avatar\/31a1a7b66ff2de83bd0e9fd79d026630d2d99e55e8bfe501287647b4fd9743de?s=96&d=mm&r=g","caption":"Gonzalo Schmidt"},"description":"Sitio web de noticias de la provincia de Entre R\u00edos, Argentina. Informaci\u00f3n y entretenimiento. Informe Litoral, nos informamos.","sameAs":["http:\/\/www.isletasnoticias.com.ar"],"url":"https:\/\/informelitoral.com.ar\/author\/gonzalo\/"}]}},"_links":{"self":[{"href":"https:\/\/informelitoral.com.ar\/%77%70%2d%6a%73%6f%6e\/wp\/v2\/posts\/16822","targetHints":{"allow":["GET"]}}],"collection":[{"href":"https:\/\/informelitoral.com.ar\/%77%70%2d%6a%73%6f%6e\/wp\/v2\/posts"}],"about":[{"href":"https:\/\/informelitoral.com.ar\/%77%70%2d%6a%73%6f%6e\/wp\/v2\/types\/post"}],"author":[{"embeddable":true,"href":"https:\/\/informelitoral.com.ar\/%77%70%2d%6a%73%6f%6e\/wp\/v2\/users\/2"}],"replies":[{"embeddable":true,"href":"https:\/\/informelitoral.com.ar\/%77%70%2d%6a%73%6f%6e\/wp\/v2\/comments?post=16822"}],"version-history":[{"count":0,"href":"https:\/\/informelitoral.com.ar\/%77%70%2d%6a%73%6f%6e\/wp\/v2\/posts\/16822\/revisions"}],"wp:attachment":[{"href":"https:\/\/informelitoral.com.ar\/%77%70%2d%6a%73%6f%6e\/wp\/v2\/media?parent=16822"}],"wp:term":[{"taxonomy":"category","embeddable":true,"href":"https:\/\/informelitoral.com.ar\/%77%70%2d%6a%73%6f%6e\/wp\/v2\/categories?post=16822"},{"taxonomy":"post_tag","embeddable":true,"href":"https:\/\/informelitoral.com.ar\/%77%70%2d%6a%73%6f%6e\/wp\/v2\/tags?post=16822"}],"curies":[{"name":"wp","href":"https:\/\/api.w.org\/{rel}","templated":true}]}}