{"id":16815,"date":"2016-06-27T08:17:13","date_gmt":"2016-06-27T11:17:13","guid":{"rendered":"http:\/\/www.isletasnoticias.com.ar\/?p=16815"},"modified":"2016-06-27T08:19:06","modified_gmt":"2016-06-27T11:19:06","slug":"lionel-messi-se-termino-para-mi-la-seleccion","status":"publish","type":"post","link":"https:\/\/informelitoral.com.ar\/lionel-messi-se-termino-para-mi-la-seleccion\/","title":{"rendered":"Lionel Messi: \u00abSe termin\u00f3 para m\u00ed la Selecci\u00f3n\u00bb"},"content":{"rendered":"<p><strong>Apenas sali\u00f3 del vestuario luego de una nueva derrota en una final, La Pulga asegur\u00f3 que dejar\u00e1 de vestir la camiseta celeste y blanca \u00abpor el bien com\u00fan\u00bb. Escuch\u00e1 las palabras del mejor futbolista del mundo.<a href=\"http:\/\/www.isletasnoticias.com.ar\/%77%70%2d%63%6f%6e%74%65%6e%74\/uploads\/2016\/06\/0010670902.jpg\"><img loading=\"lazy\" decoding=\"async\" class=\"aligncenter wp-image-16816 size-full\" src=\"http:\/\/www.isletasnoticias.com.ar\/%77%70%2d%63%6f%6e%74%65%6e%74\/uploads\/2016\/06\/0010670902.jpg\" alt=\"0010670902\" width=\"678\" height=\"452\" srcset=\"https:\/\/informelitoral.com.ar\/%77%70%2d%63%6f%6e%74%65%6e%74\/uploads\/2016\/06\/0010670902.jpg 678w, https:\/\/informelitoral.com.ar\/%77%70%2d%63%6f%6e%74%65%6e%74\/uploads\/2016\/06\/0010670902-300x200.jpg 300w\" sizes=\"auto, (max-width: 678px) 100vw, 678px\" \/><\/a><\/strong><\/p>\n<p>El astro<strong> Lionel Messi<\/strong> dispar\u00f3 esta noche que para \u00e9l \u00abse termin\u00f3\u00bb el seleccionado argentino. \u00abEs un momento duro para analizar. Lo primero que se me viene, y lo pensaba en el vestuario, es que ya est\u00e1, se termino para m\u00ed la Selecci\u00f3n, son cuatro finales que perd\u00ed. Lo busqu\u00e9, es lo que m\u00e1s deseaba, pero ya est\u00e1. Es lo que siento ahora, es lo que pienso. Encima me toca errar el penal a m\u00ed cuando ellos hab\u00edan errado el primero\u00bb, gatill\u00f3 Messi, en declaraciones para TyC Sports public\u00f3 <em>MinutoUno.<\/em> [youtube]https:\/\/www.youtube.com\/watch?v=e15BWwtZkkM[\/youtube]<\/p>\n<p>Messi <b>habl\u00f3 as\u00ed tras la ca\u00edda ante Chile en la final de la Copa Am\u00e9rica Centenario<\/b>, la que perdieron 4-2 en el desempate desde el punto del penal en Nueva Jersey.<\/p>\n","protected":false},"excerpt":{"rendered":"<p>Apenas sali&oacute; del vestuario luego de una nueva derrota en una final, La Pulga asegur&oacute; que dejar&aacute; de vestir la camiseta celeste y blanca &laquo;por el bien com&uacute;n&raquo;. Escuch&aacute; las palabras del mejor futbolista del mundo. El astro Lionel Messi dispar&oacute; esta noche que para &eacute;l &laquo;se termin&oacute;&raquo; el seleccionado argentino. &laquo;Es un momento duro [&hellip;]<\/p>\n","protected":false},"author":2,"featured_media":0,"comment_status":"open","ping_status":"open","sticky":false,"template":"","format":"standard","meta":{"fifu_image_url":"","fifu_image_alt":"","footnotes":""},"categories":[13],"tags":[],"class_list":{"0":"post-16815","1":"post","2":"type-post","3":"status-publish","4":"format-standard","6":"category-deportes"},"yoast_head":"<title>Lionel Messi: &quot;Se termin\u00f3 para m\u00ed la Selecci\u00f3n&quot; - Informe Litoral<\/title>\n<meta name=\"robots\" content=\"index, follow, max-snippet:-1, max-image-preview:large, max-video-preview:-1\" \/>\n<link rel=\"canonical\" href=\"https:\/\/informelitoral.com.ar\/lionel-messi-se-termino-para-mi-la-seleccion\/\" \/>\n<meta property=\"og:locale\" content=\"es_ES\" \/>\n<meta property=\"og:type\" content=\"article\" \/>\n<meta property=\"og:title\" content=\"Lionel Messi: &quot;Se termin\u00f3 para m\u00ed la Selecci\u00f3n&quot; - Informe Litoral\" \/>\n<meta property=\"og:description\" content=\"Apenas sali&oacute; del vestuario luego de una nueva derrota en una final, La Pulga asegur&oacute; que dejar&aacute; de vestir la camiseta celeste y blanca &laquo;por el bien com&uacute;n&raquo;. Escuch&aacute; las palabras del mejor futbolista del mundo. El astro Lionel Messi dispar&oacute; esta noche que para &eacute;l &laquo;se termin&oacute;&raquo; el seleccionado argentino. &laquo;Es un momento duro [&hellip;]\" \/>\n<meta property=\"og:url\" content=\"https:\/\/informelitoral.com.ar\/lionel-messi-se-termino-para-mi-la-seleccion\/\" \/>\n<meta property=\"og:site_name\" content=\"Informe Litoral\" \/>\n<meta property=\"article:publisher\" content=\"https:\/\/www.facebook.com\/informelitoral\/\" \/>\n<meta property=\"article:published_time\" content=\"2016-06-27T11:17:13+00:00\" \/>\n<meta property=\"article:modified_time\" content=\"2016-06-27T11:19:06+00:00\" \/>\n<meta property=\"og:image\" content=\"https:\/\/informelitoral.com.ar\/%77%70%2d%63%6f%6e%74%65%6e%74\/uploads\/2016\/06\/0010670902.jpg\" \/>\n\t<meta property=\"og:image:width\" content=\"678\" \/>\n\t<meta property=\"og:image:height\" content=\"452\" \/>\n\t<meta property=\"og:image:type\" content=\"image\/jpeg\" \/>\n<meta name=\"author\" content=\"Gonzalo Schmidt\" \/>\n<meta name=\"twitter:card\" content=\"summary_large_image\" \/>\n<meta name=\"twitter:creator\" content=\"@InformeLitoral\" \/>\n<meta name=\"twitter:site\" content=\"@InformeLitoral\" \/>\n<meta name=\"twitter:label1\" content=\"Escrito por\" \/>\n\t<meta name=\"twitter:data1\" content=\"Gonzalo Schmidt\" \/>\n\t<meta name=\"twitter:label2\" content=\"Tiempo de lectura\" \/>\n\t<meta name=\"twitter:data2\" content=\"1 minuto\" \/>\n<script type=\"application\/ld+json\" class=\"yoast-schema-graph\">{\"@context\":\"https:\\\/\\\/schema.org\",\"@graph\":[{\"@type\":\"Article\",\"@id\":\"https:\\\/\\\/informelitoral.com.ar\\\/lionel-messi-se-termino-para-mi-la-seleccion\\\/#article\",\"isPartOf\":{\"@id\":\"https:\\\/\\\/informelitoral.com.ar\\\/lionel-messi-se-termino-para-mi-la-seleccion\\\/\"},\"author\":{\"name\":\"Gonzalo Schmidt\",\"@id\":\"https:\\\/\\\/informelitoral.com.ar\\\/#\\\/schema\\\/person\\\/b9d00407c836482871ef1d57bf8e3180\"},\"headline\":\"Lionel Messi: \u00abSe termin\u00f3 para m\u00ed la Selecci\u00f3n\u00bb\",\"datePublished\":\"2016-06-27T11:17:13+00:00\",\"dateModified\":\"2016-06-27T11:19:06+00:00\",\"mainEntityOfPage\":{\"@id\":\"https:\\\/\\\/informelitoral.com.ar\\\/lionel-messi-se-termino-para-mi-la-seleccion\\\/\"},\"wordCount\":182,\"commentCount\":0,\"publisher\":{\"@id\":\"https:\\\/\\\/informelitoral.com.ar\\\/#organization\"},\"image\":{\"@id\":\"https:\\\/\\\/informelitoral.com.ar\\\/lionel-messi-se-termino-para-mi-la-seleccion\\\/#primaryimage\"},\"thumbnailUrl\":\"http:\\\/\\\/www.isletasnoticias.com.ar\\\/%77%70%2d%63%6f%6e%74%65%6e%74\\\/uploads\\\/2016\\\/06\\\/0010670902.jpg\",\"articleSection\":[\"Deportes\"],\"inLanguage\":\"es\",\"potentialAction\":[{\"@type\":\"CommentAction\",\"name\":\"Comment\",\"target\":[\"https:\\\/\\\/informelitoral.com.ar\\\/lionel-messi-se-termino-para-mi-la-seleccion\\\/#respond\"]}]},{\"@type\":\"WebPage\",\"@id\":\"https:\\\/\\\/informelitoral.com.ar\\\/lionel-messi-se-termino-para-mi-la-seleccion\\\/\",\"url\":\"https:\\\/\\\/informelitoral.com.ar\\\/lionel-messi-se-termino-para-mi-la-seleccion\\\/\",\"name\":\"Lionel Messi: \\\"Se termin\u00f3 para m\u00ed la Selecci\u00f3n\\\" - Informe Litoral\",\"isPartOf\":{\"@id\":\"https:\\\/\\\/informelitoral.com.ar\\\/#website\"},\"primaryImageOfPage\":{\"@id\":\"https:\\\/\\\/informelitoral.com.ar\\\/lionel-messi-se-termino-para-mi-la-seleccion\\\/#primaryimage\"},\"image\":{\"@id\":\"https:\\\/\\\/informelitoral.com.ar\\\/lionel-messi-se-termino-para-mi-la-seleccion\\\/#primaryimage\"},\"thumbnailUrl\":\"http:\\\/\\\/www.isletasnoticias.com.ar\\\/%77%70%2d%63%6f%6e%74%65%6e%74\\\/uploads\\\/2016\\\/06\\\/0010670902.jpg\",\"datePublished\":\"2016-06-27T11:17:13+00:00\",\"dateModified\":\"2016-06-27T11:19:06+00:00\",\"breadcrumb\":{\"@id\":\"https:\\\/\\\/informelitoral.com.ar\\\/lionel-messi-se-termino-para-mi-la-seleccion\\\/#breadcrumb\"},\"inLanguage\":\"es\",\"potentialAction\":[{\"@type\":\"ReadAction\",\"target\":[\"https:\\\/\\\/informelitoral.com.ar\\\/lionel-messi-se-termino-para-mi-la-seleccion\\\/\"]}]},{\"@type\":\"ImageObject\",\"inLanguage\":\"es\",\"@id\":\"https:\\\/\\\/informelitoral.com.ar\\\/lionel-messi-se-termino-para-mi-la-seleccion\\\/#primaryimage\",\"url\":\"http:\\\/\\\/www.isletasnoticias.com.ar\\\/%77%70%2d%63%6f%6e%74%65%6e%74\\\/uploads\\\/2016\\\/06\\\/0010670902.jpg\",\"contentUrl\":\"http:\\\/\\\/www.isletasnoticias.com.ar\\\/%77%70%2d%63%6f%6e%74%65%6e%74\\\/uploads\\\/2016\\\/06\\\/0010670902.jpg\"},{\"@type\":\"BreadcrumbList\",\"@id\":\"https:\\\/\\\/informelitoral.com.ar\\\/lionel-messi-se-termino-para-mi-la-seleccion\\\/#breadcrumb\",\"itemListElement\":[{\"@type\":\"ListItem\",\"position\":1,\"name\":\"Portada\",\"item\":\"https:\\\/\\\/informelitoral.com.ar\\\/\"},{\"@type\":\"ListItem\",\"position\":2,\"name\":\"Lionel Messi: \u00abSe termin\u00f3 para m\u00ed la Selecci\u00f3n\u00bb\"}]},{\"@type\":\"WebSite\",\"@id\":\"https:\\\/\\\/informelitoral.com.ar\\\/#website\",\"url\":\"https:\\\/\\\/informelitoral.com.ar\\\/\",\"name\":\"Informe Litoral\",\"description\":\"&quot;Nos informamos&quot; \",\"publisher\":{\"@id\":\"https:\\\/\\\/informelitoral.com.ar\\\/#organization\"},\"potentialAction\":[{\"@type\":\"SearchAction\",\"target\":{\"@type\":\"EntryPoint\",\"urlTemplate\":\"https:\\\/\\\/informelitoral.com.ar\\\/?s={search_term_string}\"},\"query-input\":{\"@type\":\"PropertyValueSpecification\",\"valueRequired\":true,\"valueName\":\"search_term_string\"}}],\"inLanguage\":\"es\"},{\"@type\":\"Organization\",\"@id\":\"https:\\\/\\\/informelitoral.com.ar\\\/#organization\",\"name\":\"Informe Litoral\",\"url\":\"https:\\\/\\\/informelitoral.com.ar\\\/\",\"logo\":{\"@type\":\"ImageObject\",\"inLanguage\":\"es\",\"@id\":\"https:\\\/\\\/informelitoral.com.ar\\\/#\\\/schema\\\/logo\\\/image\\\/\",\"url\":\"https:\\\/\\\/informelitoral.com.ar\\\/%77%70%2d%63%6f%6e%74%65%6e%74\\\/uploads\\\/2021\\\/01\\\/circulo.png\",\"contentUrl\":\"https:\\\/\\\/informelitoral.com.ar\\\/%77%70%2d%63%6f%6e%74%65%6e%74\\\/uploads\\\/2021\\\/01\\\/circulo.png\",\"width\":723,\"height\":731,\"caption\":\"Informe Litoral\"},\"image\":{\"@id\":\"https:\\\/\\\/informelitoral.com.ar\\\/#\\\/schema\\\/logo\\\/image\\\/\"},\"sameAs\":[\"https:\\\/\\\/www.facebook.com\\\/informelitoral\\\/\",\"https:\\\/\\\/x.com\\\/InformeLitoral\",\"https:\\\/\\\/www.instagram.com\\\/informelitoral\\\/\",\"https:\\\/\\\/www.youtube.com\\\/channel\\\/UCua4Qvz8Icb6MYqhoq9xLXw\"]},{\"@type\":\"Person\",\"@id\":\"https:\\\/\\\/informelitoral.com.ar\\\/#\\\/schema\\\/person\\\/b9d00407c836482871ef1d57bf8e3180\",\"name\":\"Gonzalo Schmidt\",\"image\":{\"@type\":\"ImageObject\",\"inLanguage\":\"es\",\"@id\":\"https:\\\/\\\/secure.gravatar.com\\\/avatar\\\/31a1a7b66ff2de83bd0e9fd79d026630d2d99e55e8bfe501287647b4fd9743de?s=96&d=mm&r=g\",\"url\":\"https:\\\/\\\/secure.gravatar.com\\\/avatar\\\/31a1a7b66ff2de83bd0e9fd79d026630d2d99e55e8bfe501287647b4fd9743de?s=96&d=mm&r=g\",\"contentUrl\":\"https:\\\/\\\/secure.gravatar.com\\\/avatar\\\/31a1a7b66ff2de83bd0e9fd79d026630d2d99e55e8bfe501287647b4fd9743de?s=96&d=mm&r=g\",\"caption\":\"Gonzalo Schmidt\"},\"description\":\"Sitio web de noticias de la provincia de Entre R\u00edos, Argentina. Informaci\u00f3n y entretenimiento. Informe Litoral, nos informamos.\",\"sameAs\":[\"http:\\\/\\\/www.isletasnoticias.com.ar\"],\"url\":\"https:\\\/\\\/informelitoral.com.ar\\\/author\\\/gonzalo\\\/\"}]}<\/script>","yoast_head_json":{"title":"Lionel Messi: \"Se termin\u00f3 para m\u00ed la Selecci\u00f3n\" - Informe Litoral","robots":{"index":"index","follow":"follow","max-snippet":"max-snippet:-1","max-image-preview":"max-image-preview:large","max-video-preview":"max-video-preview:-1"},"canonical":"https:\/\/informelitoral.com.ar\/lionel-messi-se-termino-para-mi-la-seleccion\/","og_locale":"es_ES","og_type":"article","og_title":"Lionel Messi: \"Se termin\u00f3 para m\u00ed la Selecci\u00f3n\" - Informe Litoral","og_description":"Apenas sali&oacute; del vestuario luego de una nueva derrota en una final, La Pulga asegur&oacute; que dejar&aacute; de vestir la camiseta celeste y blanca &laquo;por el bien com&uacute;n&raquo;. Escuch&aacute; las palabras del mejor futbolista del mundo. El astro Lionel Messi dispar&oacute; esta noche que para &eacute;l &laquo;se termin&oacute;&raquo; el seleccionado argentino. &laquo;Es un momento duro [&hellip;]","og_url":"https:\/\/informelitoral.com.ar\/lionel-messi-se-termino-para-mi-la-seleccion\/","og_site_name":"Informe Litoral","article_publisher":"https:\/\/www.facebook.com\/informelitoral\/","article_published_time":"2016-06-27T11:17:13+00:00","article_modified_time":"2016-06-27T11:19:06+00:00","og_image":[{"width":678,"height":452,"url":"https:\/\/informelitoral.com.ar\/%77%70%2d%63%6f%6e%74%65%6e%74\/uploads\/2016\/06\/0010670902.jpg","type":"image\/jpeg"}],"author":"Gonzalo Schmidt","twitter_card":"summary_large_image","twitter_creator":"@InformeLitoral","twitter_site":"@InformeLitoral","twitter_misc":{"Escrito por":"Gonzalo Schmidt","Tiempo de lectura":"1 minuto"},"schema":{"@context":"https:\/\/schema.org","@graph":[{"@type":"Article","@id":"https:\/\/informelitoral.com.ar\/lionel-messi-se-termino-para-mi-la-seleccion\/#article","isPartOf":{"@id":"https:\/\/informelitoral.com.ar\/lionel-messi-se-termino-para-mi-la-seleccion\/"},"author":{"name":"Gonzalo Schmidt","@id":"https:\/\/informelitoral.com.ar\/#\/schema\/person\/b9d00407c836482871ef1d57bf8e3180"},"headline":"Lionel Messi: \u00abSe termin\u00f3 para m\u00ed la Selecci\u00f3n\u00bb","datePublished":"2016-06-27T11:17:13+00:00","dateModified":"2016-06-27T11:19:06+00:00","mainEntityOfPage":{"@id":"https:\/\/informelitoral.com.ar\/lionel-messi-se-termino-para-mi-la-seleccion\/"},"wordCount":182,"commentCount":0,"publisher":{"@id":"https:\/\/informelitoral.com.ar\/#organization"},"image":{"@id":"https:\/\/informelitoral.com.ar\/lionel-messi-se-termino-para-mi-la-seleccion\/#primaryimage"},"thumbnailUrl":"http:\/\/www.isletasnoticias.com.ar\/%77%70%2d%63%6f%6e%74%65%6e%74\/uploads\/2016\/06\/0010670902.jpg","articleSection":["Deportes"],"inLanguage":"es","potentialAction":[{"@type":"CommentAction","name":"Comment","target":["https:\/\/informelitoral.com.ar\/lionel-messi-se-termino-para-mi-la-seleccion\/#respond"]}]},{"@type":"WebPage","@id":"https:\/\/informelitoral.com.ar\/lionel-messi-se-termino-para-mi-la-seleccion\/","url":"https:\/\/informelitoral.com.ar\/lionel-messi-se-termino-para-mi-la-seleccion\/","name":"Lionel Messi: \"Se termin\u00f3 para m\u00ed la Selecci\u00f3n\" - Informe Litoral","isPartOf":{"@id":"https:\/\/informelitoral.com.ar\/#website"},"primaryImageOfPage":{"@id":"https:\/\/informelitoral.com.ar\/lionel-messi-se-termino-para-mi-la-seleccion\/#primaryimage"},"image":{"@id":"https:\/\/informelitoral.com.ar\/lionel-messi-se-termino-para-mi-la-seleccion\/#primaryimage"},"thumbnailUrl":"http:\/\/www.isletasnoticias.com.ar\/%77%70%2d%63%6f%6e%74%65%6e%74\/uploads\/2016\/06\/0010670902.jpg","datePublished":"2016-06-27T11:17:13+00:00","dateModified":"2016-06-27T11:19:06+00:00","breadcrumb":{"@id":"https:\/\/informelitoral.com.ar\/lionel-messi-se-termino-para-mi-la-seleccion\/#breadcrumb"},"inLanguage":"es","potentialAction":[{"@type":"ReadAction","target":["https:\/\/informelitoral.com.ar\/lionel-messi-se-termino-para-mi-la-seleccion\/"]}]},{"@type":"ImageObject","inLanguage":"es","@id":"https:\/\/informelitoral.com.ar\/lionel-messi-se-termino-para-mi-la-seleccion\/#primaryimage","url":"http:\/\/www.isletasnoticias.com.ar\/%77%70%2d%63%6f%6e%74%65%6e%74\/uploads\/2016\/06\/0010670902.jpg","contentUrl":"http:\/\/www.isletasnoticias.com.ar\/%77%70%2d%63%6f%6e%74%65%6e%74\/uploads\/2016\/06\/0010670902.jpg"},{"@type":"BreadcrumbList","@id":"https:\/\/informelitoral.com.ar\/lionel-messi-se-termino-para-mi-la-seleccion\/#breadcrumb","itemListElement":[{"@type":"ListItem","position":1,"name":"Portada","item":"https:\/\/informelitoral.com.ar\/"},{"@type":"ListItem","position":2,"name":"Lionel Messi: \u00abSe termin\u00f3 para m\u00ed la Selecci\u00f3n\u00bb"}]},{"@type":"WebSite","@id":"https:\/\/informelitoral.com.ar\/#website","url":"https:\/\/informelitoral.com.ar\/","name":"Informe Litoral","description":"&quot;Nos informamos&quot; ","publisher":{"@id":"https:\/\/informelitoral.com.ar\/#organization"},"potentialAction":[{"@type":"SearchAction","target":{"@type":"EntryPoint","urlTemplate":"https:\/\/informelitoral.com.ar\/?s={search_term_string}"},"query-input":{"@type":"PropertyValueSpecification","valueRequired":true,"valueName":"search_term_string"}}],"inLanguage":"es"},{"@type":"Organization","@id":"https:\/\/informelitoral.com.ar\/#organization","name":"Informe Litoral","url":"https:\/\/informelitoral.com.ar\/","logo":{"@type":"ImageObject","inLanguage":"es","@id":"https:\/\/informelitoral.com.ar\/#\/schema\/logo\/image\/","url":"https:\/\/informelitoral.com.ar\/%77%70%2d%63%6f%6e%74%65%6e%74\/uploads\/2021\/01\/circulo.png","contentUrl":"https:\/\/informelitoral.com.ar\/%77%70%2d%63%6f%6e%74%65%6e%74\/uploads\/2021\/01\/circulo.png","width":723,"height":731,"caption":"Informe Litoral"},"image":{"@id":"https:\/\/informelitoral.com.ar\/#\/schema\/logo\/image\/"},"sameAs":["https:\/\/www.facebook.com\/informelitoral\/","https:\/\/x.com\/InformeLitoral","https:\/\/www.instagram.com\/informelitoral\/","https:\/\/www.youtube.com\/channel\/UCua4Qvz8Icb6MYqhoq9xLXw"]},{"@type":"Person","@id":"https:\/\/informelitoral.com.ar\/#\/schema\/person\/b9d00407c836482871ef1d57bf8e3180","name":"Gonzalo Schmidt","image":{"@type":"ImageObject","inLanguage":"es","@id":"https:\/\/secure.gravatar.com\/avatar\/31a1a7b66ff2de83bd0e9fd79d026630d2d99e55e8bfe501287647b4fd9743de?s=96&d=mm&r=g","url":"https:\/\/secure.gravatar.com\/avatar\/31a1a7b66ff2de83bd0e9fd79d026630d2d99e55e8bfe501287647b4fd9743de?s=96&d=mm&r=g","contentUrl":"https:\/\/secure.gravatar.com\/avatar\/31a1a7b66ff2de83bd0e9fd79d026630d2d99e55e8bfe501287647b4fd9743de?s=96&d=mm&r=g","caption":"Gonzalo Schmidt"},"description":"Sitio web de noticias de la provincia de Entre R\u00edos, Argentina. Informaci\u00f3n y entretenimiento. Informe Litoral, nos informamos.","sameAs":["http:\/\/www.isletasnoticias.com.ar"],"url":"https:\/\/informelitoral.com.ar\/author\/gonzalo\/"}]}},"_links":{"self":[{"href":"https:\/\/informelitoral.com.ar\/%77%70%2d%6a%73%6f%6e\/wp\/v2\/posts\/16815","targetHints":{"allow":["GET"]}}],"collection":[{"href":"https:\/\/informelitoral.com.ar\/%77%70%2d%6a%73%6f%6e\/wp\/v2\/posts"}],"about":[{"href":"https:\/\/informelitoral.com.ar\/%77%70%2d%6a%73%6f%6e\/wp\/v2\/types\/post"}],"author":[{"embeddable":true,"href":"https:\/\/informelitoral.com.ar\/%77%70%2d%6a%73%6f%6e\/wp\/v2\/users\/2"}],"replies":[{"embeddable":true,"href":"https:\/\/informelitoral.com.ar\/%77%70%2d%6a%73%6f%6e\/wp\/v2\/comments?post=16815"}],"version-history":[{"count":0,"href":"https:\/\/informelitoral.com.ar\/%77%70%2d%6a%73%6f%6e\/wp\/v2\/posts\/16815\/revisions"}],"wp:attachment":[{"href":"https:\/\/informelitoral.com.ar\/%77%70%2d%6a%73%6f%6e\/wp\/v2\/media?parent=16815"}],"wp:term":[{"taxonomy":"category","embeddable":true,"href":"https:\/\/informelitoral.com.ar\/%77%70%2d%6a%73%6f%6e\/wp\/v2\/categories?post=16815"},{"taxonomy":"post_tag","embeddable":true,"href":"https:\/\/informelitoral.com.ar\/%77%70%2d%6a%73%6f%6e\/wp\/v2\/tags?post=16815"}],"curies":[{"name":"wp","href":"https:\/\/api.w.org\/{rel}","templated":true}]}}