{"id":167790,"date":"2023-10-02T09:36:34","date_gmt":"2023-10-02T12:36:34","guid":{"rendered":"https:\/\/www.informelitoral.com.ar\/?p=167790"},"modified":"2023-10-02T15:44:09","modified_gmt":"2023-10-02T18:44:09","slug":"la-liga-profesional-dio-a-conocer-los-audios-var-entre-merlos-y-paletta-para-convalidar-el-gol-de-rondon-y-anular-el-de-cavani","status":"publish","type":"post","link":"https:\/\/informelitoral.com.ar\/la-liga-profesional-dio-a-conocer-los-audios-var-entre-merlos-y-paletta-para-convalidar-el-gol-de-rondon-y-anular-el-de-cavani\/","title":{"rendered":"La Liga Profesional dio a conocer los audios VAR entre Merlos y Paletta para convalidar el gol de Rond\u00f3n y anular el de Cavani"},"content":{"rendered":"<div class=\"cuerpo fullpost__cuerpo\">\n<p>Pasaron horas de la finalizaci\u00f3n de la 215ta edici\u00f3n del Supercl\u00e1sico del f\u00fatbol argentino entre Boca y River y la Liga Profesional de F\u00fatbol dio a conocer el audio de la conversaci\u00f3n entre Andr\u00e9s Merlos, \u00e1rbitro de campo y su colega Hector Paletta en la que convalidan el gol del \u2018Millonario\u2019 convertido por el venezolano Salom\u00f3n Rond\u00f3n. El video publicado en redes sociales dura 1,56 minutos.<\/p>\n<p>En la jugada que termin\u00f3 en gol, el cuerpo t\u00e9cnico de Boca reclam\u00f3 con vehemencia una supuesta falta de Paulo D\u00edaz sobre Marcelo Weingandt y en segundo lugar un offisde del delantero. La segunda cuesti\u00f3n fue rapidamente disipada, mientras que para la primera explicaron:<\/p>\n<p>\u201cPara el cuerpo arbitral de campo no existi\u00f3 infracci\u00f3n de Paulo D\u00edaz a Weigandt mientras que los integrantes de la sala VOR se inicia una nueva APP cuando Juan Ram\u00edrez controla en el \u00e1rea\u201d.<\/p>\n<p>Un rato m\u00e1s tarde, la entidad dio a conocer la conversaci\u00f3n que se dio cuando promediaba la segunda etapa que invalid\u00f3 el empate parcial de Edinson Cavani por offside.<\/p>\n<p>Luego de la derrota, Jorge Almir\u00f3n apunt\u00f3 directamente contra Andr\u00e9s Merlos, el \u00e1rbitro del partido: \u00abSali\u00f3 en todos lados. El \u00e1rbitro es hincha de River, eso no puede pasar\u00bb para retrucar: \u00abUno se queda con cierta duda, por el entorno, por el \u00e1rbitro, como te van empujando en faltas normales. Se habl\u00f3 que era complicado. Para \u00e9l habr\u00e1 sido muy dif\u00edcil tambi\u00e9n\u00bb<\/p>\n<p class=\"embed-responsive embed-responsive-16by9\" contenteditable=\"false\"><iframe loading=\"lazy\" class=\"embed-responsive-item\" src=\"https:\/\/www.youtube.com\/embed\/ewe08k9S5_s\" width=\"500\" height=\"300\" allowfullscreen=\"allowfullscreen\" data-mce-fragment=\"1\"><\/iframe><\/p>\n<\/div>\n","protected":false},"excerpt":{"rendered":"<p>La entidad public\u00f3, como la hace habitulamente desde hace semanas, el di\u00e1logo que mantuvo Andr\u00e9s Merlos, \u00e1rbitro de campo, con su colega H\u00e9ctor Paletta a cargo del video arbitraje. En el mismo se repasa el gol del venezolano que pon\u00eda el 1-0 a favor para el \u00abMillonario\u00bb y el 1-1 transitorio que hab\u00eda marcado el uruguayo pero que fue anulado por offside.<\/p>\n","protected":false},"author":8,"featured_media":167792,"comment_status":"open","ping_status":"open","sticky":false,"template":"","format":"standard","meta":{"fifu_image_url":"","fifu_image_alt":"","footnotes":""},"categories":[13],"tags":[384,58,3528],"class_list":{"0":"post-167790","1":"post","2":"type-post","3":"status-publish","4":"format-standard","5":"has-post-thumbnail","7":"category-deportes","8":"tag-boca-juniors","9":"tag-deportes","10":"tag-river-plate"},"yoast_head":"<title>La Liga Profesional dio a conocer los audios VAR entre Merlos y Paletta para convalidar el gol de Rond\u00f3n y anular el de Cavani - Informe Litoral<\/title>\n<meta name=\"robots\" content=\"index, follow, max-snippet:-1, max-image-preview:large, max-video-preview:-1\" \/>\n<link rel=\"canonical\" href=\"https:\/\/informelitoral.com.ar\/la-liga-profesional-dio-a-conocer-los-audios-var-entre-merlos-y-paletta-para-convalidar-el-gol-de-rondon-y-anular-el-de-cavani\/\" \/>\n<meta property=\"og:locale\" content=\"es_ES\" \/>\n<meta property=\"og:type\" content=\"article\" \/>\n<meta property=\"og:title\" content=\"La Liga Profesional dio a conocer los audios VAR entre Merlos y Paletta para convalidar el gol de Rond\u00f3n y anular el de Cavani - Informe Litoral\" \/>\n<meta property=\"og:description\" content=\"La entidad public\u00f3, como la hace habitulamente desde hace semanas, el di\u00e1logo que mantuvo Andr\u00e9s Merlos, \u00e1rbitro de campo, con su colega H\u00e9ctor Paletta a cargo del video arbitraje. En el mismo se repasa el gol del venezolano que pon\u00eda el 1-0 a favor para el &quot;Millonario&quot; y el 1-1 transitorio que hab\u00eda marcado el uruguayo pero que fue anulado por offside.\" \/>\n<meta property=\"og:url\" content=\"https:\/\/informelitoral.com.ar\/la-liga-profesional-dio-a-conocer-los-audios-var-entre-merlos-y-paletta-para-convalidar-el-gol-de-rondon-y-anular-el-de-cavani\/\" \/>\n<meta property=\"og:site_name\" content=\"Informe Litoral\" \/>\n<meta property=\"article:publisher\" content=\"https:\/\/www.facebook.com\/informelitoral\/\" \/>\n<meta property=\"article:published_time\" content=\"2023-10-02T12:36:34+00:00\" \/>\n<meta property=\"article:modified_time\" content=\"2023-10-02T18:44:09+00:00\" \/>\n<meta property=\"og:image\" content=\"https:\/\/informelitoral.com.ar\/%77%70%2d%63%6f%6e%74%65%6e%74\/uploads\/2023\/10\/Images-31.jpg\" \/>\n\t<meta property=\"og:image:width\" content=\"598\" \/>\n\t<meta property=\"og:image:height\" content=\"338\" \/>\n\t<meta property=\"og:image:type\" content=\"image\/jpeg\" \/>\n<meta name=\"author\" content=\"Sebastian\" \/>\n<meta name=\"twitter:card\" content=\"summary_large_image\" \/>\n<meta name=\"twitter:creator\" content=\"@InformeLitoral\" \/>\n<meta name=\"twitter:site\" content=\"@InformeLitoral\" \/>\n<meta name=\"twitter:label1\" content=\"Escrito por\" \/>\n\t<meta name=\"twitter:data1\" content=\"Sebastian\" \/>\n\t<meta name=\"twitter:label2\" content=\"Tiempo de lectura\" \/>\n\t<meta name=\"twitter:data2\" content=\"1 minuto\" \/>\n<script type=\"application\/ld+json\" class=\"yoast-schema-graph\">{\"@context\":\"https:\\\/\\\/schema.org\",\"@graph\":[{\"@type\":\"Article\",\"@id\":\"https:\\\/\\\/informelitoral.com.ar\\\/la-liga-profesional-dio-a-conocer-los-audios-var-entre-merlos-y-paletta-para-convalidar-el-gol-de-rondon-y-anular-el-de-cavani\\\/#article\",\"isPartOf\":{\"@id\":\"https:\\\/\\\/informelitoral.com.ar\\\/la-liga-profesional-dio-a-conocer-los-audios-var-entre-merlos-y-paletta-para-convalidar-el-gol-de-rondon-y-anular-el-de-cavani\\\/\"},\"author\":{\"name\":\"Sebastian\",\"@id\":\"https:\\\/\\\/informelitoral.com.ar\\\/#\\\/schema\\\/person\\\/f05f9f461677119578717524b127d6d5\"},\"headline\":\"La Liga Profesional dio a conocer los audios VAR entre Merlos y Paletta para convalidar el gol de Rond\u00f3n y anular el de Cavani\",\"datePublished\":\"2023-10-02T12:36:34+00:00\",\"dateModified\":\"2023-10-02T18:44:09+00:00\",\"mainEntityOfPage\":{\"@id\":\"https:\\\/\\\/informelitoral.com.ar\\\/la-liga-profesional-dio-a-conocer-los-audios-var-entre-merlos-y-paletta-para-convalidar-el-gol-de-rondon-y-anular-el-de-cavani\\\/\"},\"wordCount\":280,\"commentCount\":0,\"publisher\":{\"@id\":\"https:\\\/\\\/informelitoral.com.ar\\\/#organization\"},\"image\":{\"@id\":\"https:\\\/\\\/informelitoral.com.ar\\\/la-liga-profesional-dio-a-conocer-los-audios-var-entre-merlos-y-paletta-para-convalidar-el-gol-de-rondon-y-anular-el-de-cavani\\\/#primaryimage\"},\"thumbnailUrl\":\"https:\\\/\\\/informelitoral.com.ar\\\/%77%70%2d%63%6f%6e%74%65%6e%74\\\/uploads\\\/2023\\\/10\\\/Images-31.jpg\",\"keywords\":[\"Boca Juniors\",\"Deportes\",\"River Plate\"],\"articleSection\":[\"Deportes\"],\"inLanguage\":\"es\",\"potentialAction\":[{\"@type\":\"CommentAction\",\"name\":\"Comment\",\"target\":[\"https:\\\/\\\/informelitoral.com.ar\\\/la-liga-profesional-dio-a-conocer-los-audios-var-entre-merlos-y-paletta-para-convalidar-el-gol-de-rondon-y-anular-el-de-cavani\\\/#respond\"]}]},{\"@type\":\"WebPage\",\"@id\":\"https:\\\/\\\/informelitoral.com.ar\\\/la-liga-profesional-dio-a-conocer-los-audios-var-entre-merlos-y-paletta-para-convalidar-el-gol-de-rondon-y-anular-el-de-cavani\\\/\",\"url\":\"https:\\\/\\\/informelitoral.com.ar\\\/la-liga-profesional-dio-a-conocer-los-audios-var-entre-merlos-y-paletta-para-convalidar-el-gol-de-rondon-y-anular-el-de-cavani\\\/\",\"name\":\"La Liga Profesional dio a conocer los audios VAR entre Merlos y Paletta para convalidar el gol de Rond\u00f3n y anular el de Cavani - Informe Litoral\",\"isPartOf\":{\"@id\":\"https:\\\/\\\/informelitoral.com.ar\\\/#website\"},\"primaryImageOfPage\":{\"@id\":\"https:\\\/\\\/informelitoral.com.ar\\\/la-liga-profesional-dio-a-conocer-los-audios-var-entre-merlos-y-paletta-para-convalidar-el-gol-de-rondon-y-anular-el-de-cavani\\\/#primaryimage\"},\"image\":{\"@id\":\"https:\\\/\\\/informelitoral.com.ar\\\/la-liga-profesional-dio-a-conocer-los-audios-var-entre-merlos-y-paletta-para-convalidar-el-gol-de-rondon-y-anular-el-de-cavani\\\/#primaryimage\"},\"thumbnailUrl\":\"https:\\\/\\\/informelitoral.com.ar\\\/%77%70%2d%63%6f%6e%74%65%6e%74\\\/uploads\\\/2023\\\/10\\\/Images-31.jpg\",\"datePublished\":\"2023-10-02T12:36:34+00:00\",\"dateModified\":\"2023-10-02T18:44:09+00:00\",\"breadcrumb\":{\"@id\":\"https:\\\/\\\/informelitoral.com.ar\\\/la-liga-profesional-dio-a-conocer-los-audios-var-entre-merlos-y-paletta-para-convalidar-el-gol-de-rondon-y-anular-el-de-cavani\\\/#breadcrumb\"},\"inLanguage\":\"es\",\"potentialAction\":[{\"@type\":\"ReadAction\",\"target\":[\"https:\\\/\\\/informelitoral.com.ar\\\/la-liga-profesional-dio-a-conocer-los-audios-var-entre-merlos-y-paletta-para-convalidar-el-gol-de-rondon-y-anular-el-de-cavani\\\/\"]}]},{\"@type\":\"ImageObject\",\"inLanguage\":\"es\",\"@id\":\"https:\\\/\\\/informelitoral.com.ar\\\/la-liga-profesional-dio-a-conocer-los-audios-var-entre-merlos-y-paletta-para-convalidar-el-gol-de-rondon-y-anular-el-de-cavani\\\/#primaryimage\",\"url\":\"https:\\\/\\\/informelitoral.com.ar\\\/%77%70%2d%63%6f%6e%74%65%6e%74\\\/uploads\\\/2023\\\/10\\\/Images-31.jpg\",\"contentUrl\":\"https:\\\/\\\/informelitoral.com.ar\\\/%77%70%2d%63%6f%6e%74%65%6e%74\\\/uploads\\\/2023\\\/10\\\/Images-31.jpg\",\"width\":598,\"height\":338},{\"@type\":\"BreadcrumbList\",\"@id\":\"https:\\\/\\\/informelitoral.com.ar\\\/la-liga-profesional-dio-a-conocer-los-audios-var-entre-merlos-y-paletta-para-convalidar-el-gol-de-rondon-y-anular-el-de-cavani\\\/#breadcrumb\",\"itemListElement\":[{\"@type\":\"ListItem\",\"position\":1,\"name\":\"Portada\",\"item\":\"https:\\\/\\\/informelitoral.com.ar\\\/\"},{\"@type\":\"ListItem\",\"position\":2,\"name\":\"La Liga Profesional dio a conocer los audios VAR entre Merlos y Paletta para convalidar el gol de Rond\u00f3n y anular el de Cavani\"}]},{\"@type\":\"WebSite\",\"@id\":\"https:\\\/\\\/informelitoral.com.ar\\\/#website\",\"url\":\"https:\\\/\\\/informelitoral.com.ar\\\/\",\"name\":\"Informe Litoral\",\"description\":\"&quot;Nos informamos&quot; \",\"publisher\":{\"@id\":\"https:\\\/\\\/informelitoral.com.ar\\\/#organization\"},\"potentialAction\":[{\"@type\":\"SearchAction\",\"target\":{\"@type\":\"EntryPoint\",\"urlTemplate\":\"https:\\\/\\\/informelitoral.com.ar\\\/?s={search_term_string}\"},\"query-input\":{\"@type\":\"PropertyValueSpecification\",\"valueRequired\":true,\"valueName\":\"search_term_string\"}}],\"inLanguage\":\"es\"},{\"@type\":\"Organization\",\"@id\":\"https:\\\/\\\/informelitoral.com.ar\\\/#organization\",\"name\":\"Informe Litoral\",\"url\":\"https:\\\/\\\/informelitoral.com.ar\\\/\",\"logo\":{\"@type\":\"ImageObject\",\"inLanguage\":\"es\",\"@id\":\"https:\\\/\\\/informelitoral.com.ar\\\/#\\\/schema\\\/logo\\\/image\\\/\",\"url\":\"https:\\\/\\\/informelitoral.com.ar\\\/%77%70%2d%63%6f%6e%74%65%6e%74\\\/uploads\\\/2021\\\/01\\\/circulo.png\",\"contentUrl\":\"https:\\\/\\\/informelitoral.com.ar\\\/%77%70%2d%63%6f%6e%74%65%6e%74\\\/uploads\\\/2021\\\/01\\\/circulo.png\",\"width\":723,\"height\":731,\"caption\":\"Informe Litoral\"},\"image\":{\"@id\":\"https:\\\/\\\/informelitoral.com.ar\\\/#\\\/schema\\\/logo\\\/image\\\/\"},\"sameAs\":[\"https:\\\/\\\/www.facebook.com\\\/informelitoral\\\/\",\"https:\\\/\\\/x.com\\\/InformeLitoral\",\"https:\\\/\\\/www.instagram.com\\\/informelitoral\\\/\",\"https:\\\/\\\/www.youtube.com\\\/channel\\\/UCua4Qvz8Icb6MYqhoq9xLXw\"]},{\"@type\":\"Person\",\"@id\":\"https:\\\/\\\/informelitoral.com.ar\\\/#\\\/schema\\\/person\\\/f05f9f461677119578717524b127d6d5\",\"name\":\"Sebastian\",\"image\":{\"@type\":\"ImageObject\",\"inLanguage\":\"es\",\"@id\":\"https:\\\/\\\/secure.gravatar.com\\\/avatar\\\/b71bf7481d447dfb9583c7f2798e7cc64de6efb9067b74633ed8c31059a3bd82?s=96&d=mm&r=g\",\"url\":\"https:\\\/\\\/secure.gravatar.com\\\/avatar\\\/b71bf7481d447dfb9583c7f2798e7cc64de6efb9067b74633ed8c31059a3bd82?s=96&d=mm&r=g\",\"contentUrl\":\"https:\\\/\\\/secure.gravatar.com\\\/avatar\\\/b71bf7481d447dfb9583c7f2798e7cc64de6efb9067b74633ed8c31059a3bd82?s=96&d=mm&r=g\",\"caption\":\"Sebastian\"},\"url\":\"https:\\\/\\\/informelitoral.com.ar\\\/author\\\/sebastian\\\/\"}]}<\/script>","yoast_head_json":{"title":"La Liga Profesional dio a conocer los audios VAR entre Merlos y Paletta para convalidar el gol de Rond\u00f3n y anular el de Cavani - Informe Litoral","robots":{"index":"index","follow":"follow","max-snippet":"max-snippet:-1","max-image-preview":"max-image-preview:large","max-video-preview":"max-video-preview:-1"},"canonical":"https:\/\/informelitoral.com.ar\/la-liga-profesional-dio-a-conocer-los-audios-var-entre-merlos-y-paletta-para-convalidar-el-gol-de-rondon-y-anular-el-de-cavani\/","og_locale":"es_ES","og_type":"article","og_title":"La Liga Profesional dio a conocer los audios VAR entre Merlos y Paletta para convalidar el gol de Rond\u00f3n y anular el de Cavani - Informe Litoral","og_description":"La entidad public\u00f3, como la hace habitulamente desde hace semanas, el di\u00e1logo que mantuvo Andr\u00e9s Merlos, \u00e1rbitro de campo, con su colega H\u00e9ctor Paletta a cargo del video arbitraje. En el mismo se repasa el gol del venezolano que pon\u00eda el 1-0 a favor para el \"Millonario\" y el 1-1 transitorio que hab\u00eda marcado el uruguayo pero que fue anulado por offside.","og_url":"https:\/\/informelitoral.com.ar\/la-liga-profesional-dio-a-conocer-los-audios-var-entre-merlos-y-paletta-para-convalidar-el-gol-de-rondon-y-anular-el-de-cavani\/","og_site_name":"Informe Litoral","article_publisher":"https:\/\/www.facebook.com\/informelitoral\/","article_published_time":"2023-10-02T12:36:34+00:00","article_modified_time":"2023-10-02T18:44:09+00:00","og_image":[{"width":598,"height":338,"url":"https:\/\/informelitoral.com.ar\/%77%70%2d%63%6f%6e%74%65%6e%74\/uploads\/2023\/10\/Images-31.jpg","type":"image\/jpeg"}],"author":"Sebastian","twitter_card":"summary_large_image","twitter_creator":"@InformeLitoral","twitter_site":"@InformeLitoral","twitter_misc":{"Escrito por":"Sebastian","Tiempo de lectura":"1 minuto"},"schema":{"@context":"https:\/\/schema.org","@graph":[{"@type":"Article","@id":"https:\/\/informelitoral.com.ar\/la-liga-profesional-dio-a-conocer-los-audios-var-entre-merlos-y-paletta-para-convalidar-el-gol-de-rondon-y-anular-el-de-cavani\/#article","isPartOf":{"@id":"https:\/\/informelitoral.com.ar\/la-liga-profesional-dio-a-conocer-los-audios-var-entre-merlos-y-paletta-para-convalidar-el-gol-de-rondon-y-anular-el-de-cavani\/"},"author":{"name":"Sebastian","@id":"https:\/\/informelitoral.com.ar\/#\/schema\/person\/f05f9f461677119578717524b127d6d5"},"headline":"La Liga Profesional dio a conocer los audios VAR entre Merlos y Paletta para convalidar el gol de Rond\u00f3n y anular el de Cavani","datePublished":"2023-10-02T12:36:34+00:00","dateModified":"2023-10-02T18:44:09+00:00","mainEntityOfPage":{"@id":"https:\/\/informelitoral.com.ar\/la-liga-profesional-dio-a-conocer-los-audios-var-entre-merlos-y-paletta-para-convalidar-el-gol-de-rondon-y-anular-el-de-cavani\/"},"wordCount":280,"commentCount":0,"publisher":{"@id":"https:\/\/informelitoral.com.ar\/#organization"},"image":{"@id":"https:\/\/informelitoral.com.ar\/la-liga-profesional-dio-a-conocer-los-audios-var-entre-merlos-y-paletta-para-convalidar-el-gol-de-rondon-y-anular-el-de-cavani\/#primaryimage"},"thumbnailUrl":"https:\/\/informelitoral.com.ar\/%77%70%2d%63%6f%6e%74%65%6e%74\/uploads\/2023\/10\/Images-31.jpg","keywords":["Boca Juniors","Deportes","River Plate"],"articleSection":["Deportes"],"inLanguage":"es","potentialAction":[{"@type":"CommentAction","name":"Comment","target":["https:\/\/informelitoral.com.ar\/la-liga-profesional-dio-a-conocer-los-audios-var-entre-merlos-y-paletta-para-convalidar-el-gol-de-rondon-y-anular-el-de-cavani\/#respond"]}]},{"@type":"WebPage","@id":"https:\/\/informelitoral.com.ar\/la-liga-profesional-dio-a-conocer-los-audios-var-entre-merlos-y-paletta-para-convalidar-el-gol-de-rondon-y-anular-el-de-cavani\/","url":"https:\/\/informelitoral.com.ar\/la-liga-profesional-dio-a-conocer-los-audios-var-entre-merlos-y-paletta-para-convalidar-el-gol-de-rondon-y-anular-el-de-cavani\/","name":"La Liga Profesional dio a conocer los audios VAR entre Merlos y Paletta para convalidar el gol de Rond\u00f3n y anular el de Cavani - Informe Litoral","isPartOf":{"@id":"https:\/\/informelitoral.com.ar\/#website"},"primaryImageOfPage":{"@id":"https:\/\/informelitoral.com.ar\/la-liga-profesional-dio-a-conocer-los-audios-var-entre-merlos-y-paletta-para-convalidar-el-gol-de-rondon-y-anular-el-de-cavani\/#primaryimage"},"image":{"@id":"https:\/\/informelitoral.com.ar\/la-liga-profesional-dio-a-conocer-los-audios-var-entre-merlos-y-paletta-para-convalidar-el-gol-de-rondon-y-anular-el-de-cavani\/#primaryimage"},"thumbnailUrl":"https:\/\/informelitoral.com.ar\/%77%70%2d%63%6f%6e%74%65%6e%74\/uploads\/2023\/10\/Images-31.jpg","datePublished":"2023-10-02T12:36:34+00:00","dateModified":"2023-10-02T18:44:09+00:00","breadcrumb":{"@id":"https:\/\/informelitoral.com.ar\/la-liga-profesional-dio-a-conocer-los-audios-var-entre-merlos-y-paletta-para-convalidar-el-gol-de-rondon-y-anular-el-de-cavani\/#breadcrumb"},"inLanguage":"es","potentialAction":[{"@type":"ReadAction","target":["https:\/\/informelitoral.com.ar\/la-liga-profesional-dio-a-conocer-los-audios-var-entre-merlos-y-paletta-para-convalidar-el-gol-de-rondon-y-anular-el-de-cavani\/"]}]},{"@type":"ImageObject","inLanguage":"es","@id":"https:\/\/informelitoral.com.ar\/la-liga-profesional-dio-a-conocer-los-audios-var-entre-merlos-y-paletta-para-convalidar-el-gol-de-rondon-y-anular-el-de-cavani\/#primaryimage","url":"https:\/\/informelitoral.com.ar\/%77%70%2d%63%6f%6e%74%65%6e%74\/uploads\/2023\/10\/Images-31.jpg","contentUrl":"https:\/\/informelitoral.com.ar\/%77%70%2d%63%6f%6e%74%65%6e%74\/uploads\/2023\/10\/Images-31.jpg","width":598,"height":338},{"@type":"BreadcrumbList","@id":"https:\/\/informelitoral.com.ar\/la-liga-profesional-dio-a-conocer-los-audios-var-entre-merlos-y-paletta-para-convalidar-el-gol-de-rondon-y-anular-el-de-cavani\/#breadcrumb","itemListElement":[{"@type":"ListItem","position":1,"name":"Portada","item":"https:\/\/informelitoral.com.ar\/"},{"@type":"ListItem","position":2,"name":"La Liga Profesional dio a conocer los audios VAR entre Merlos y Paletta para convalidar el gol de Rond\u00f3n y anular el de Cavani"}]},{"@type":"WebSite","@id":"https:\/\/informelitoral.com.ar\/#website","url":"https:\/\/informelitoral.com.ar\/","name":"Informe Litoral","description":"&quot;Nos informamos&quot; ","publisher":{"@id":"https:\/\/informelitoral.com.ar\/#organization"},"potentialAction":[{"@type":"SearchAction","target":{"@type":"EntryPoint","urlTemplate":"https:\/\/informelitoral.com.ar\/?s={search_term_string}"},"query-input":{"@type":"PropertyValueSpecification","valueRequired":true,"valueName":"search_term_string"}}],"inLanguage":"es"},{"@type":"Organization","@id":"https:\/\/informelitoral.com.ar\/#organization","name":"Informe Litoral","url":"https:\/\/informelitoral.com.ar\/","logo":{"@type":"ImageObject","inLanguage":"es","@id":"https:\/\/informelitoral.com.ar\/#\/schema\/logo\/image\/","url":"https:\/\/informelitoral.com.ar\/%77%70%2d%63%6f%6e%74%65%6e%74\/uploads\/2021\/01\/circulo.png","contentUrl":"https:\/\/informelitoral.com.ar\/%77%70%2d%63%6f%6e%74%65%6e%74\/uploads\/2021\/01\/circulo.png","width":723,"height":731,"caption":"Informe Litoral"},"image":{"@id":"https:\/\/informelitoral.com.ar\/#\/schema\/logo\/image\/"},"sameAs":["https:\/\/www.facebook.com\/informelitoral\/","https:\/\/x.com\/InformeLitoral","https:\/\/www.instagram.com\/informelitoral\/","https:\/\/www.youtube.com\/channel\/UCua4Qvz8Icb6MYqhoq9xLXw"]},{"@type":"Person","@id":"https:\/\/informelitoral.com.ar\/#\/schema\/person\/f05f9f461677119578717524b127d6d5","name":"Sebastian","image":{"@type":"ImageObject","inLanguage":"es","@id":"https:\/\/secure.gravatar.com\/avatar\/b71bf7481d447dfb9583c7f2798e7cc64de6efb9067b74633ed8c31059a3bd82?s=96&d=mm&r=g","url":"https:\/\/secure.gravatar.com\/avatar\/b71bf7481d447dfb9583c7f2798e7cc64de6efb9067b74633ed8c31059a3bd82?s=96&d=mm&r=g","contentUrl":"https:\/\/secure.gravatar.com\/avatar\/b71bf7481d447dfb9583c7f2798e7cc64de6efb9067b74633ed8c31059a3bd82?s=96&d=mm&r=g","caption":"Sebastian"},"url":"https:\/\/informelitoral.com.ar\/author\/sebastian\/"}]}},"_links":{"self":[{"href":"https:\/\/informelitoral.com.ar\/%77%70%2d%6a%73%6f%6e\/wp\/v2\/posts\/167790","targetHints":{"allow":["GET"]}}],"collection":[{"href":"https:\/\/informelitoral.com.ar\/%77%70%2d%6a%73%6f%6e\/wp\/v2\/posts"}],"about":[{"href":"https:\/\/informelitoral.com.ar\/%77%70%2d%6a%73%6f%6e\/wp\/v2\/types\/post"}],"author":[{"embeddable":true,"href":"https:\/\/informelitoral.com.ar\/%77%70%2d%6a%73%6f%6e\/wp\/v2\/users\/8"}],"replies":[{"embeddable":true,"href":"https:\/\/informelitoral.com.ar\/%77%70%2d%6a%73%6f%6e\/wp\/v2\/comments?post=167790"}],"version-history":[{"count":0,"href":"https:\/\/informelitoral.com.ar\/%77%70%2d%6a%73%6f%6e\/wp\/v2\/posts\/167790\/revisions"}],"wp:featuredmedia":[{"embeddable":true,"href":"https:\/\/informelitoral.com.ar\/%77%70%2d%6a%73%6f%6e\/wp\/v2\/media\/167792"}],"wp:attachment":[{"href":"https:\/\/informelitoral.com.ar\/%77%70%2d%6a%73%6f%6e\/wp\/v2\/media?parent=167790"}],"wp:term":[{"taxonomy":"category","embeddable":true,"href":"https:\/\/informelitoral.com.ar\/%77%70%2d%6a%73%6f%6e\/wp\/v2\/categories?post=167790"},{"taxonomy":"post_tag","embeddable":true,"href":"https:\/\/informelitoral.com.ar\/%77%70%2d%6a%73%6f%6e\/wp\/v2\/tags?post=167790"}],"curies":[{"name":"wp","href":"https:\/\/api.w.org\/{rel}","templated":true}]}}