{"id":167661,"date":"2023-10-01T19:09:53","date_gmt":"2023-10-01T22:09:53","guid":{"rendered":"https:\/\/www.informelitoral.com.ar\/?p=167661"},"modified":"2023-10-01T19:09:53","modified_gmt":"2023-10-01T22:09:53","slug":"comienza-la-etapa-departamental-del-senado-juvenil-entrerriano","status":"publish","type":"post","link":"https:\/\/informelitoral.com.ar\/comienza-la-etapa-departamental-del-senado-juvenil-entrerriano\/","title":{"rendered":"Comienza la etapa departamental del Senado Juvenil Entrerriano"},"content":{"rendered":"<p>Con el inicio de la etapa departamental de la 31ra edici\u00f3n del Senado Juvenil Entrerriano, este lunes 2 de octubre las y los estudiantes de nivel medio de toda la provincia defender\u00e1n sus proyectos en el recinto de la Honorable C\u00e1mara de Senadores de la provincia.<\/p>\n<p>Este mi\u00e9rcoles se dar\u00e1 inicio a la etapa departamental del 31\u00b0 Senado Juvenil Entrerriano donde las y los estudiantes defender\u00e1n sus proyectos en el recinto de la C\u00e1mara alta. Las presentaciones ser\u00e1n transmitidas por el canal de Youtube de la Honorable C\u00e1mara de Senadores.<\/p>\n<p>En esta instancia en la cual participan todos los trabajos realizados por estudiantes del mismo departamento, cada equipo tiene la posibilidad de exponer durante diez minutos, su propuesta legislativa en el recinto. Todos los anteproyectos presentados ser\u00e1n evaluados por un jurado especializado, que podr\u00e1 hacer preguntas que considere pertinentes antes de otorgar un puntaje a cada proyecto.<\/p>\n<p>El trabajo que obtenga el mayor puntaje de la suma de la evaluaci\u00f3n escrita y oral pasar\u00e1 a la instancia provincial.<\/p>\n<h4><strong>A continuaci\u00f3n se detallan las fechas con sus respectivos departamentos:<\/strong><\/h4>\n<p>Lunes 2\/10 \u2013 Victoria, Diamante e Islas<br \/>\nMartes 3\/10 \u2013 Concordia<br \/>\nMi\u00e9rcoles 4\/10 \u2013 Gualeguay<br \/>\nJueves 5\/10 \u2013 Gualeguaych\u00fa y Nogoy\u00e1<br \/>\nViernes 6\/10 \u2013 Federal y Federaci\u00f3n<br \/>\nLunes 9\/10 \u2013 La Paz y Feliciano<br \/>\nMartes 10\/10 \u2013 Paran\u00e1 Campa\u00f1a<br \/>\nMi\u00e9rcoles 11\/10 \u2013 Paran\u00e1 Ciudad<br \/>\nJueves 12\/10 \u2013 Col\u00f3n y San Salvador<br \/>\nMartes 17\/10 \u2013 Uruguay<br \/>\nMi\u00e9rcoles 18\/10 \u2013 Villaguay<br \/>\nJueves 19\/10 \u2013 Tala<\/p>\n<h4><strong>El programa<\/strong><\/h4>\n<p>El Senado Juvenil Entrerriano es un programa educativo no formal que brinda a las y los estudiantes de la provincia, la posibilidad de actuar en el rol de senadores, aprendiendo y poniendo en pr\u00e1ctica el ejercicio democr\u00e1tico de nuestro sistema de gobierno.<br \/>\nLas actividades buscan fomentar el debate y fortalecer el compromiso y la participaci\u00f3n de las nuevas generaciones en el recinto de la C\u00e1mara alta. La pasada edici\u00f3n, 230 fueron los proyectos que las y los estudiantes impulsaron con el fin de ofrecer soluciones a sus comunidades, que al mismo tiempo, les brind\u00f3 la posibilidad de conocer las reglas de la democracia<\/p>\n","protected":false},"excerpt":{"rendered":"<p>Son 160 las iniciativas presentadas, entre las que se destacan G\u00e9nero, Ambiente, Salud y Educaci\u00f3n, ESI, Inclusi\u00f3n y Seguridad Vial.<\/p>\n","protected":false},"author":2,"featured_media":167662,"comment_status":"open","ping_status":"open","sticky":false,"template":"","format":"standard","meta":{"fifu_image_url":"","fifu_image_alt":"","footnotes":""},"categories":[16],"tags":[81,551,1550,1654],"class_list":{"0":"post-167661","1":"post","2":"type-post","3":"status-publish","4":"format-standard","5":"has-post-thumbnail","7":"category-politi","8":"tag-entre-rios","9":"tag-jovenes","10":"tag-senado-juvenil","11":"tag-vicegobernacion"},"yoast_head":"<title>Comienza la etapa departamental del Senado Juvenil Entrerriano - Informe Litoral<\/title>\n<meta name=\"robots\" content=\"index, follow, max-snippet:-1, max-image-preview:large, max-video-preview:-1\" \/>\n<link rel=\"canonical\" href=\"https:\/\/informelitoral.com.ar\/comienza-la-etapa-departamental-del-senado-juvenil-entrerriano\/\" \/>\n<meta property=\"og:locale\" content=\"es_ES\" \/>\n<meta property=\"og:type\" content=\"article\" \/>\n<meta property=\"og:title\" content=\"Comienza la etapa departamental del Senado Juvenil Entrerriano - Informe Litoral\" \/>\n<meta property=\"og:description\" content=\"Son 160 las iniciativas presentadas, entre las que se destacan G\u00e9nero, Ambiente, Salud y Educaci\u00f3n, ESI, Inclusi\u00f3n y Seguridad Vial.\" \/>\n<meta property=\"og:url\" content=\"https:\/\/informelitoral.com.ar\/comienza-la-etapa-departamental-del-senado-juvenil-entrerriano\/\" \/>\n<meta property=\"og:site_name\" content=\"Informe Litoral\" \/>\n<meta property=\"article:publisher\" content=\"https:\/\/www.facebook.com\/informelitoral\/\" \/>\n<meta property=\"article:published_time\" content=\"2023-10-01T22:09:53+00:00\" \/>\n<meta property=\"og:image\" content=\"https:\/\/informelitoral.com.ar\/%77%70%2d%63%6f%6e%74%65%6e%74\/uploads\/2023\/10\/1696172123jpg.jpg\" \/>\n\t<meta property=\"og:image:width\" content=\"1960\" \/>\n\t<meta property=\"og:image:height\" content=\"1306\" \/>\n\t<meta property=\"og:image:type\" content=\"image\/jpeg\" \/>\n<meta name=\"author\" content=\"Gonzalo Schmidt\" \/>\n<meta name=\"twitter:card\" content=\"summary_large_image\" \/>\n<meta name=\"twitter:creator\" content=\"@InformeLitoral\" \/>\n<meta name=\"twitter:site\" content=\"@InformeLitoral\" \/>\n<meta name=\"twitter:label1\" content=\"Escrito por\" \/>\n\t<meta name=\"twitter:data1\" content=\"Gonzalo Schmidt\" \/>\n\t<meta name=\"twitter:label2\" content=\"Tiempo de lectura\" \/>\n\t<meta name=\"twitter:data2\" content=\"2 minutos\" \/>\n<script type=\"application\/ld+json\" class=\"yoast-schema-graph\">{\"@context\":\"https:\\\/\\\/schema.org\",\"@graph\":[{\"@type\":\"Article\",\"@id\":\"https:\\\/\\\/informelitoral.com.ar\\\/comienza-la-etapa-departamental-del-senado-juvenil-entrerriano\\\/#article\",\"isPartOf\":{\"@id\":\"https:\\\/\\\/informelitoral.com.ar\\\/comienza-la-etapa-departamental-del-senado-juvenil-entrerriano\\\/\"},\"author\":{\"name\":\"Gonzalo Schmidt\",\"@id\":\"https:\\\/\\\/informelitoral.com.ar\\\/#\\\/schema\\\/person\\\/b9d00407c836482871ef1d57bf8e3180\"},\"headline\":\"Comienza la etapa departamental del Senado Juvenil Entrerriano\",\"datePublished\":\"2023-10-01T22:09:53+00:00\",\"mainEntityOfPage\":{\"@id\":\"https:\\\/\\\/informelitoral.com.ar\\\/comienza-la-etapa-departamental-del-senado-juvenil-entrerriano\\\/\"},\"wordCount\":349,\"commentCount\":0,\"publisher\":{\"@id\":\"https:\\\/\\\/informelitoral.com.ar\\\/#organization\"},\"image\":{\"@id\":\"https:\\\/\\\/informelitoral.com.ar\\\/comienza-la-etapa-departamental-del-senado-juvenil-entrerriano\\\/#primaryimage\"},\"thumbnailUrl\":\"https:\\\/\\\/informelitoral.com.ar\\\/%77%70%2d%63%6f%6e%74%65%6e%74\\\/uploads\\\/2023\\\/10\\\/1696172123jpg.jpg\",\"keywords\":[\"Entre R\u00edos\",\"J\u00f3venes\",\"Senado Juvenil\",\"Vicegobernacion\"],\"articleSection\":[\"Politica\"],\"inLanguage\":\"es\",\"potentialAction\":[{\"@type\":\"CommentAction\",\"name\":\"Comment\",\"target\":[\"https:\\\/\\\/informelitoral.com.ar\\\/comienza-la-etapa-departamental-del-senado-juvenil-entrerriano\\\/#respond\"]}]},{\"@type\":\"WebPage\",\"@id\":\"https:\\\/\\\/informelitoral.com.ar\\\/comienza-la-etapa-departamental-del-senado-juvenil-entrerriano\\\/\",\"url\":\"https:\\\/\\\/informelitoral.com.ar\\\/comienza-la-etapa-departamental-del-senado-juvenil-entrerriano\\\/\",\"name\":\"Comienza la etapa departamental del Senado Juvenil Entrerriano - Informe Litoral\",\"isPartOf\":{\"@id\":\"https:\\\/\\\/informelitoral.com.ar\\\/#website\"},\"primaryImageOfPage\":{\"@id\":\"https:\\\/\\\/informelitoral.com.ar\\\/comienza-la-etapa-departamental-del-senado-juvenil-entrerriano\\\/#primaryimage\"},\"image\":{\"@id\":\"https:\\\/\\\/informelitoral.com.ar\\\/comienza-la-etapa-departamental-del-senado-juvenil-entrerriano\\\/#primaryimage\"},\"thumbnailUrl\":\"https:\\\/\\\/informelitoral.com.ar\\\/%77%70%2d%63%6f%6e%74%65%6e%74\\\/uploads\\\/2023\\\/10\\\/1696172123jpg.jpg\",\"datePublished\":\"2023-10-01T22:09:53+00:00\",\"breadcrumb\":{\"@id\":\"https:\\\/\\\/informelitoral.com.ar\\\/comienza-la-etapa-departamental-del-senado-juvenil-entrerriano\\\/#breadcrumb\"},\"inLanguage\":\"es\",\"potentialAction\":[{\"@type\":\"ReadAction\",\"target\":[\"https:\\\/\\\/informelitoral.com.ar\\\/comienza-la-etapa-departamental-del-senado-juvenil-entrerriano\\\/\"]}]},{\"@type\":\"ImageObject\",\"inLanguage\":\"es\",\"@id\":\"https:\\\/\\\/informelitoral.com.ar\\\/comienza-la-etapa-departamental-del-senado-juvenil-entrerriano\\\/#primaryimage\",\"url\":\"https:\\\/\\\/informelitoral.com.ar\\\/%77%70%2d%63%6f%6e%74%65%6e%74\\\/uploads\\\/2023\\\/10\\\/1696172123jpg.jpg\",\"contentUrl\":\"https:\\\/\\\/informelitoral.com.ar\\\/%77%70%2d%63%6f%6e%74%65%6e%74\\\/uploads\\\/2023\\\/10\\\/1696172123jpg.jpg\",\"width\":1960,\"height\":1306},{\"@type\":\"BreadcrumbList\",\"@id\":\"https:\\\/\\\/informelitoral.com.ar\\\/comienza-la-etapa-departamental-del-senado-juvenil-entrerriano\\\/#breadcrumb\",\"itemListElement\":[{\"@type\":\"ListItem\",\"position\":1,\"name\":\"Portada\",\"item\":\"https:\\\/\\\/informelitoral.com.ar\\\/\"},{\"@type\":\"ListItem\",\"position\":2,\"name\":\"Comienza la etapa departamental del Senado Juvenil Entrerriano\"}]},{\"@type\":\"WebSite\",\"@id\":\"https:\\\/\\\/informelitoral.com.ar\\\/#website\",\"url\":\"https:\\\/\\\/informelitoral.com.ar\\\/\",\"name\":\"Informe Litoral\",\"description\":\"&quot;Nos informamos&quot; \",\"publisher\":{\"@id\":\"https:\\\/\\\/informelitoral.com.ar\\\/#organization\"},\"potentialAction\":[{\"@type\":\"SearchAction\",\"target\":{\"@type\":\"EntryPoint\",\"urlTemplate\":\"https:\\\/\\\/informelitoral.com.ar\\\/?s={search_term_string}\"},\"query-input\":{\"@type\":\"PropertyValueSpecification\",\"valueRequired\":true,\"valueName\":\"search_term_string\"}}],\"inLanguage\":\"es\"},{\"@type\":\"Organization\",\"@id\":\"https:\\\/\\\/informelitoral.com.ar\\\/#organization\",\"name\":\"Informe Litoral\",\"url\":\"https:\\\/\\\/informelitoral.com.ar\\\/\",\"logo\":{\"@type\":\"ImageObject\",\"inLanguage\":\"es\",\"@id\":\"https:\\\/\\\/informelitoral.com.ar\\\/#\\\/schema\\\/logo\\\/image\\\/\",\"url\":\"https:\\\/\\\/informelitoral.com.ar\\\/%77%70%2d%63%6f%6e%74%65%6e%74\\\/uploads\\\/2021\\\/01\\\/circulo.png\",\"contentUrl\":\"https:\\\/\\\/informelitoral.com.ar\\\/%77%70%2d%63%6f%6e%74%65%6e%74\\\/uploads\\\/2021\\\/01\\\/circulo.png\",\"width\":723,\"height\":731,\"caption\":\"Informe Litoral\"},\"image\":{\"@id\":\"https:\\\/\\\/informelitoral.com.ar\\\/#\\\/schema\\\/logo\\\/image\\\/\"},\"sameAs\":[\"https:\\\/\\\/www.facebook.com\\\/informelitoral\\\/\",\"https:\\\/\\\/x.com\\\/InformeLitoral\",\"https:\\\/\\\/www.instagram.com\\\/informelitoral\\\/\",\"https:\\\/\\\/www.youtube.com\\\/channel\\\/UCua4Qvz8Icb6MYqhoq9xLXw\"]},{\"@type\":\"Person\",\"@id\":\"https:\\\/\\\/informelitoral.com.ar\\\/#\\\/schema\\\/person\\\/b9d00407c836482871ef1d57bf8e3180\",\"name\":\"Gonzalo Schmidt\",\"image\":{\"@type\":\"ImageObject\",\"inLanguage\":\"es\",\"@id\":\"https:\\\/\\\/secure.gravatar.com\\\/avatar\\\/31a1a7b66ff2de83bd0e9fd79d026630d2d99e55e8bfe501287647b4fd9743de?s=96&d=mm&r=g\",\"url\":\"https:\\\/\\\/secure.gravatar.com\\\/avatar\\\/31a1a7b66ff2de83bd0e9fd79d026630d2d99e55e8bfe501287647b4fd9743de?s=96&d=mm&r=g\",\"contentUrl\":\"https:\\\/\\\/secure.gravatar.com\\\/avatar\\\/31a1a7b66ff2de83bd0e9fd79d026630d2d99e55e8bfe501287647b4fd9743de?s=96&d=mm&r=g\",\"caption\":\"Gonzalo Schmidt\"},\"description\":\"Sitio web de noticias de la provincia de Entre R\u00edos, Argentina. Informaci\u00f3n y entretenimiento. Informe Litoral, nos informamos.\",\"sameAs\":[\"http:\\\/\\\/www.isletasnoticias.com.ar\"],\"url\":\"https:\\\/\\\/informelitoral.com.ar\\\/author\\\/gonzalo\\\/\"}]}<\/script>","yoast_head_json":{"title":"Comienza la etapa departamental del Senado Juvenil Entrerriano - Informe Litoral","robots":{"index":"index","follow":"follow","max-snippet":"max-snippet:-1","max-image-preview":"max-image-preview:large","max-video-preview":"max-video-preview:-1"},"canonical":"https:\/\/informelitoral.com.ar\/comienza-la-etapa-departamental-del-senado-juvenil-entrerriano\/","og_locale":"es_ES","og_type":"article","og_title":"Comienza la etapa departamental del Senado Juvenil Entrerriano - Informe Litoral","og_description":"Son 160 las iniciativas presentadas, entre las que se destacan G\u00e9nero, Ambiente, Salud y Educaci\u00f3n, ESI, Inclusi\u00f3n y Seguridad Vial.","og_url":"https:\/\/informelitoral.com.ar\/comienza-la-etapa-departamental-del-senado-juvenil-entrerriano\/","og_site_name":"Informe Litoral","article_publisher":"https:\/\/www.facebook.com\/informelitoral\/","article_published_time":"2023-10-01T22:09:53+00:00","og_image":[{"width":1960,"height":1306,"url":"https:\/\/informelitoral.com.ar\/%77%70%2d%63%6f%6e%74%65%6e%74\/uploads\/2023\/10\/1696172123jpg.jpg","type":"image\/jpeg"}],"author":"Gonzalo Schmidt","twitter_card":"summary_large_image","twitter_creator":"@InformeLitoral","twitter_site":"@InformeLitoral","twitter_misc":{"Escrito por":"Gonzalo Schmidt","Tiempo de lectura":"2 minutos"},"schema":{"@context":"https:\/\/schema.org","@graph":[{"@type":"Article","@id":"https:\/\/informelitoral.com.ar\/comienza-la-etapa-departamental-del-senado-juvenil-entrerriano\/#article","isPartOf":{"@id":"https:\/\/informelitoral.com.ar\/comienza-la-etapa-departamental-del-senado-juvenil-entrerriano\/"},"author":{"name":"Gonzalo Schmidt","@id":"https:\/\/informelitoral.com.ar\/#\/schema\/person\/b9d00407c836482871ef1d57bf8e3180"},"headline":"Comienza la etapa departamental del Senado Juvenil Entrerriano","datePublished":"2023-10-01T22:09:53+00:00","mainEntityOfPage":{"@id":"https:\/\/informelitoral.com.ar\/comienza-la-etapa-departamental-del-senado-juvenil-entrerriano\/"},"wordCount":349,"commentCount":0,"publisher":{"@id":"https:\/\/informelitoral.com.ar\/#organization"},"image":{"@id":"https:\/\/informelitoral.com.ar\/comienza-la-etapa-departamental-del-senado-juvenil-entrerriano\/#primaryimage"},"thumbnailUrl":"https:\/\/informelitoral.com.ar\/%77%70%2d%63%6f%6e%74%65%6e%74\/uploads\/2023\/10\/1696172123jpg.jpg","keywords":["Entre R\u00edos","J\u00f3venes","Senado Juvenil","Vicegobernacion"],"articleSection":["Politica"],"inLanguage":"es","potentialAction":[{"@type":"CommentAction","name":"Comment","target":["https:\/\/informelitoral.com.ar\/comienza-la-etapa-departamental-del-senado-juvenil-entrerriano\/#respond"]}]},{"@type":"WebPage","@id":"https:\/\/informelitoral.com.ar\/comienza-la-etapa-departamental-del-senado-juvenil-entrerriano\/","url":"https:\/\/informelitoral.com.ar\/comienza-la-etapa-departamental-del-senado-juvenil-entrerriano\/","name":"Comienza la etapa departamental del Senado Juvenil Entrerriano - Informe Litoral","isPartOf":{"@id":"https:\/\/informelitoral.com.ar\/#website"},"primaryImageOfPage":{"@id":"https:\/\/informelitoral.com.ar\/comienza-la-etapa-departamental-del-senado-juvenil-entrerriano\/#primaryimage"},"image":{"@id":"https:\/\/informelitoral.com.ar\/comienza-la-etapa-departamental-del-senado-juvenil-entrerriano\/#primaryimage"},"thumbnailUrl":"https:\/\/informelitoral.com.ar\/%77%70%2d%63%6f%6e%74%65%6e%74\/uploads\/2023\/10\/1696172123jpg.jpg","datePublished":"2023-10-01T22:09:53+00:00","breadcrumb":{"@id":"https:\/\/informelitoral.com.ar\/comienza-la-etapa-departamental-del-senado-juvenil-entrerriano\/#breadcrumb"},"inLanguage":"es","potentialAction":[{"@type":"ReadAction","target":["https:\/\/informelitoral.com.ar\/comienza-la-etapa-departamental-del-senado-juvenil-entrerriano\/"]}]},{"@type":"ImageObject","inLanguage":"es","@id":"https:\/\/informelitoral.com.ar\/comienza-la-etapa-departamental-del-senado-juvenil-entrerriano\/#primaryimage","url":"https:\/\/informelitoral.com.ar\/%77%70%2d%63%6f%6e%74%65%6e%74\/uploads\/2023\/10\/1696172123jpg.jpg","contentUrl":"https:\/\/informelitoral.com.ar\/%77%70%2d%63%6f%6e%74%65%6e%74\/uploads\/2023\/10\/1696172123jpg.jpg","width":1960,"height":1306},{"@type":"BreadcrumbList","@id":"https:\/\/informelitoral.com.ar\/comienza-la-etapa-departamental-del-senado-juvenil-entrerriano\/#breadcrumb","itemListElement":[{"@type":"ListItem","position":1,"name":"Portada","item":"https:\/\/informelitoral.com.ar\/"},{"@type":"ListItem","position":2,"name":"Comienza la etapa departamental del Senado Juvenil Entrerriano"}]},{"@type":"WebSite","@id":"https:\/\/informelitoral.com.ar\/#website","url":"https:\/\/informelitoral.com.ar\/","name":"Informe Litoral","description":"&quot;Nos informamos&quot; ","publisher":{"@id":"https:\/\/informelitoral.com.ar\/#organization"},"potentialAction":[{"@type":"SearchAction","target":{"@type":"EntryPoint","urlTemplate":"https:\/\/informelitoral.com.ar\/?s={search_term_string}"},"query-input":{"@type":"PropertyValueSpecification","valueRequired":true,"valueName":"search_term_string"}}],"inLanguage":"es"},{"@type":"Organization","@id":"https:\/\/informelitoral.com.ar\/#organization","name":"Informe Litoral","url":"https:\/\/informelitoral.com.ar\/","logo":{"@type":"ImageObject","inLanguage":"es","@id":"https:\/\/informelitoral.com.ar\/#\/schema\/logo\/image\/","url":"https:\/\/informelitoral.com.ar\/%77%70%2d%63%6f%6e%74%65%6e%74\/uploads\/2021\/01\/circulo.png","contentUrl":"https:\/\/informelitoral.com.ar\/%77%70%2d%63%6f%6e%74%65%6e%74\/uploads\/2021\/01\/circulo.png","width":723,"height":731,"caption":"Informe Litoral"},"image":{"@id":"https:\/\/informelitoral.com.ar\/#\/schema\/logo\/image\/"},"sameAs":["https:\/\/www.facebook.com\/informelitoral\/","https:\/\/x.com\/InformeLitoral","https:\/\/www.instagram.com\/informelitoral\/","https:\/\/www.youtube.com\/channel\/UCua4Qvz8Icb6MYqhoq9xLXw"]},{"@type":"Person","@id":"https:\/\/informelitoral.com.ar\/#\/schema\/person\/b9d00407c836482871ef1d57bf8e3180","name":"Gonzalo Schmidt","image":{"@type":"ImageObject","inLanguage":"es","@id":"https:\/\/secure.gravatar.com\/avatar\/31a1a7b66ff2de83bd0e9fd79d026630d2d99e55e8bfe501287647b4fd9743de?s=96&d=mm&r=g","url":"https:\/\/secure.gravatar.com\/avatar\/31a1a7b66ff2de83bd0e9fd79d026630d2d99e55e8bfe501287647b4fd9743de?s=96&d=mm&r=g","contentUrl":"https:\/\/secure.gravatar.com\/avatar\/31a1a7b66ff2de83bd0e9fd79d026630d2d99e55e8bfe501287647b4fd9743de?s=96&d=mm&r=g","caption":"Gonzalo Schmidt"},"description":"Sitio web de noticias de la provincia de Entre R\u00edos, Argentina. Informaci\u00f3n y entretenimiento. Informe Litoral, nos informamos.","sameAs":["http:\/\/www.isletasnoticias.com.ar"],"url":"https:\/\/informelitoral.com.ar\/author\/gonzalo\/"}]}},"_links":{"self":[{"href":"https:\/\/informelitoral.com.ar\/%77%70%2d%6a%73%6f%6e\/wp\/v2\/posts\/167661","targetHints":{"allow":["GET"]}}],"collection":[{"href":"https:\/\/informelitoral.com.ar\/%77%70%2d%6a%73%6f%6e\/wp\/v2\/posts"}],"about":[{"href":"https:\/\/informelitoral.com.ar\/%77%70%2d%6a%73%6f%6e\/wp\/v2\/types\/post"}],"author":[{"embeddable":true,"href":"https:\/\/informelitoral.com.ar\/%77%70%2d%6a%73%6f%6e\/wp\/v2\/users\/2"}],"replies":[{"embeddable":true,"href":"https:\/\/informelitoral.com.ar\/%77%70%2d%6a%73%6f%6e\/wp\/v2\/comments?post=167661"}],"version-history":[{"count":0,"href":"https:\/\/informelitoral.com.ar\/%77%70%2d%6a%73%6f%6e\/wp\/v2\/posts\/167661\/revisions"}],"wp:featuredmedia":[{"embeddable":true,"href":"https:\/\/informelitoral.com.ar\/%77%70%2d%6a%73%6f%6e\/wp\/v2\/media\/167662"}],"wp:attachment":[{"href":"https:\/\/informelitoral.com.ar\/%77%70%2d%6a%73%6f%6e\/wp\/v2\/media?parent=167661"}],"wp:term":[{"taxonomy":"category","embeddable":true,"href":"https:\/\/informelitoral.com.ar\/%77%70%2d%6a%73%6f%6e\/wp\/v2\/categories?post=167661"},{"taxonomy":"post_tag","embeddable":true,"href":"https:\/\/informelitoral.com.ar\/%77%70%2d%6a%73%6f%6e\/wp\/v2\/tags?post=167661"}],"curies":[{"name":"wp","href":"https:\/\/api.w.org\/{rel}","templated":true}]}}