{"id":167633,"date":"2023-09-29T10:03:07","date_gmt":"2023-09-29T13:03:07","guid":{"rendered":"https:\/\/www.informelitoral.com.ar\/?p=167633"},"modified":"2023-09-29T22:00:46","modified_gmt":"2023-09-30T01:00:46","slug":"registran-suba-de-hasta-2-en-los-combustibles","status":"publish","type":"post","link":"https:\/\/informelitoral.com.ar\/registran-suba-de-hasta-2-en-los-combustibles\/","title":{"rendered":"Registran suba de hasta 2% en los combustibles"},"content":{"rendered":"<p>Se registra una nueva suba del precio de los combustibles en la Argentina. En este caso, el promedio ronda el 2% y la primera petrolera en aplicarlo fue Shell, empresa que modific\u00f3 los valores en algunos puntos del pa\u00eds. Cabe recordar que el Gobierno hab\u00eda anunciado un acuerdo por congelamiento de precios hasta el 31 de octubre.<\/p>\n<p>La medida se hab\u00eda anunciado luego de la devaluaci\u00f3n del 22% del tipo de cambio dispuesta por el BCRA tras las PASO, momento en el que el Gobierno activ\u00f3 reuniones con empresarios para intentar morigerar su impacto en los precios. \u00abHemos avanzado en un acuerdo que implica que el aumento del 12,5% ser\u00e1 el ultimo hasta el 31 de octubre\u00bb, hab\u00eda indicado Sergio Massa, ministro de Econom\u00eda.<\/p>\n<p>Por otro lado, las estaciones de servicio est\u00e1n denunciando inconvenientes con el suministro de naftas y combustibles, lo que ocasiona faltantes en los surtidores. En este marco, desde la C\u00e1mara de Estaciones de Combustibles y Anexos de Entre R\u00edos (Cecaer), se desligaron del problema y se\u00f1alaron que es consecuencia de una actitud adoptada por las petroleras luego del congelamiento de precios dispuesto por el gobierno nacional.<\/p>\n<p><strong>Falta de combustibles: el comunicado de la C\u00e1mara de Estaciones<\/strong><br \/>\n\u00abEn relaci\u00f3n a las reiteradas consultas y a la creciente preocupaci\u00f3n por los faltantes de combustibles en nuestras Estaciones de Servicios, cuesti\u00f3n \u00e9sta que va en aumento y sin conocerse posibilidad de soluci\u00f3n, nos vemos en la necesidad de hacer saber por este medio que esta situaci\u00f3n es absolutamente ajena a las y los Operadoras\/es de nuestras bocas de expendio.<\/p>\n<p>Pacientemente hemos gestionado, conjuntamente con la Confederaci\u00f3n que nos agrupa, en b\u00fasqueda de obtener soluci\u00f3n a este problema que ya est\u00e1 afectando todos, impactando en la vida diaria, el comercio, la producci\u00f3n, el turismo, la seguridad, la salud y el transporte en general. A partir de la \u00faltima devaluaci\u00f3n, el incremento de los precios de los combustibles y el inmediato congelamiento de los mismos implic\u00f3, como reacci\u00f3n inmediata de las petroleras, el establecimiento de cupos, recortando el volumen normal de entregas, provocando que muchos de nuestros negocios se vean necesitados de clausurar surtidores por el faltante, a veces por horas y otras por d\u00edas.<\/p>\n<p>Por otra parte, para las estaciones que no cuentan con bandera de petrolera pero que se proveen por su canal mayorista, el precio de costo les fue incrementado a\u00fan por encima del que ellas mismas sugieren para el p\u00fablico y no sin dificultades para la entrega. A falta de una comunicaci\u00f3n oficial por parte de las autoridades y de las propias refiner\u00edas, queremos llegar hasta ustedes para ponerlos al tanto de lo que es de nuestro conocimiento y sin tener una certeza de cu\u00e1nto puede llegar a durar esta situaci\u00f3n que, de momento, solo parece agravarse.<\/p>\n<p>Con la esperanza de una pronta soluci\u00f3n, continuaremos con todas las gestiones, a nuestro alcance, para que podamos conseguir el abastecimiento necesario y suficiente para satisfacer a nuestros consumidores\u00bb.<\/p>\n","protected":false},"excerpt":{"rendered":"<p>La petrolera Shell aument\u00f3 el precio de sus combustibles en aproximadamente 2% en diferentes puntos del pa\u00eds, pese al congelamiento que rige hasta octubre.<\/p>\n","protected":false},"author":8,"featured_media":85084,"comment_status":"open","ping_status":"open","sticky":false,"template":"","format":"standard","meta":{"fifu_image_url":"","fifu_image_alt":"","footnotes":""},"categories":[1594,7],"tags":[172,156],"class_list":{"0":"post-167633","1":"post","2":"type-post","3":"status-publish","4":"format-standard","5":"has-post-thumbnail","7":"category-economia","8":"category-nacionales","9":"tag-aumento","10":"tag-combustibles"},"yoast_head":"<title>Registran suba de hasta 2% en los combustibles - Informe Litoral<\/title>\n<meta name=\"robots\" content=\"index, follow, max-snippet:-1, max-image-preview:large, max-video-preview:-1\" \/>\n<link rel=\"canonical\" href=\"https:\/\/informelitoral.com.ar\/registran-suba-de-hasta-2-en-los-combustibles\/\" \/>\n<meta property=\"og:locale\" content=\"es_ES\" \/>\n<meta property=\"og:type\" content=\"article\" \/>\n<meta property=\"og:title\" content=\"Registran suba de hasta 2% en los combustibles - Informe Litoral\" \/>\n<meta property=\"og:description\" content=\"La petrolera Shell aument\u00f3 el precio de sus combustibles en aproximadamente 2% en diferentes puntos del pa\u00eds, pese al congelamiento que rige hasta octubre.\" \/>\n<meta property=\"og:url\" content=\"https:\/\/informelitoral.com.ar\/registran-suba-de-hasta-2-en-los-combustibles\/\" \/>\n<meta property=\"og:site_name\" content=\"Informe Litoral\" \/>\n<meta property=\"article:publisher\" content=\"https:\/\/www.facebook.com\/informelitoral\/\" \/>\n<meta property=\"article:published_time\" content=\"2023-09-29T13:03:07+00:00\" \/>\n<meta property=\"article:modified_time\" content=\"2023-09-30T01:00:46+00:00\" \/>\n<meta property=\"og:image\" content=\"https:\/\/informelitoral.com.ar\/%77%70%2d%63%6f%6e%74%65%6e%74\/uploads\/2022\/08\/combustibles-c45ecbe8-focus-0-0-895-573.jpg\" \/>\n\t<meta property=\"og:image:width\" content=\"895\" \/>\n\t<meta property=\"og:image:height\" content=\"573\" \/>\n\t<meta property=\"og:image:type\" content=\"image\/jpeg\" \/>\n<meta name=\"author\" content=\"Sebastian\" \/>\n<meta name=\"twitter:card\" content=\"summary_large_image\" \/>\n<meta name=\"twitter:creator\" content=\"@InformeLitoral\" \/>\n<meta name=\"twitter:site\" content=\"@InformeLitoral\" \/>\n<meta name=\"twitter:label1\" content=\"Escrito por\" \/>\n\t<meta name=\"twitter:data1\" content=\"Sebastian\" \/>\n\t<meta name=\"twitter:label2\" content=\"Tiempo de lectura\" \/>\n\t<meta name=\"twitter:data2\" content=\"3 minutos\" \/>\n<script type=\"application\/ld+json\" class=\"yoast-schema-graph\">{\"@context\":\"https:\\\/\\\/schema.org\",\"@graph\":[{\"@type\":\"Article\",\"@id\":\"https:\\\/\\\/informelitoral.com.ar\\\/registran-suba-de-hasta-2-en-los-combustibles\\\/#article\",\"isPartOf\":{\"@id\":\"https:\\\/\\\/informelitoral.com.ar\\\/registran-suba-de-hasta-2-en-los-combustibles\\\/\"},\"author\":{\"name\":\"Sebastian\",\"@id\":\"https:\\\/\\\/informelitoral.com.ar\\\/#\\\/schema\\\/person\\\/f05f9f461677119578717524b127d6d5\"},\"headline\":\"Registran suba de hasta 2% en los combustibles\",\"datePublished\":\"2023-09-29T13:03:07+00:00\",\"dateModified\":\"2023-09-30T01:00:46+00:00\",\"mainEntityOfPage\":{\"@id\":\"https:\\\/\\\/informelitoral.com.ar\\\/registran-suba-de-hasta-2-en-los-combustibles\\\/\"},\"wordCount\":522,\"commentCount\":0,\"publisher\":{\"@id\":\"https:\\\/\\\/informelitoral.com.ar\\\/#organization\"},\"image\":{\"@id\":\"https:\\\/\\\/informelitoral.com.ar\\\/registran-suba-de-hasta-2-en-los-combustibles\\\/#primaryimage\"},\"thumbnailUrl\":\"https:\\\/\\\/informelitoral.com.ar\\\/%77%70%2d%63%6f%6e%74%65%6e%74\\\/uploads\\\/2022\\\/08\\\/combustibles-c45ecbe8-focus-0-0-895-573.jpg\",\"keywords\":[\"Aumento\",\"Combustibles\"],\"articleSection\":[\"Econom\u00eda\",\"Nacionales\"],\"inLanguage\":\"es\",\"potentialAction\":[{\"@type\":\"CommentAction\",\"name\":\"Comment\",\"target\":[\"https:\\\/\\\/informelitoral.com.ar\\\/registran-suba-de-hasta-2-en-los-combustibles\\\/#respond\"]}]},{\"@type\":\"WebPage\",\"@id\":\"https:\\\/\\\/informelitoral.com.ar\\\/registran-suba-de-hasta-2-en-los-combustibles\\\/\",\"url\":\"https:\\\/\\\/informelitoral.com.ar\\\/registran-suba-de-hasta-2-en-los-combustibles\\\/\",\"name\":\"Registran suba de hasta 2% en los combustibles - Informe Litoral\",\"isPartOf\":{\"@id\":\"https:\\\/\\\/informelitoral.com.ar\\\/#website\"},\"primaryImageOfPage\":{\"@id\":\"https:\\\/\\\/informelitoral.com.ar\\\/registran-suba-de-hasta-2-en-los-combustibles\\\/#primaryimage\"},\"image\":{\"@id\":\"https:\\\/\\\/informelitoral.com.ar\\\/registran-suba-de-hasta-2-en-los-combustibles\\\/#primaryimage\"},\"thumbnailUrl\":\"https:\\\/\\\/informelitoral.com.ar\\\/%77%70%2d%63%6f%6e%74%65%6e%74\\\/uploads\\\/2022\\\/08\\\/combustibles-c45ecbe8-focus-0-0-895-573.jpg\",\"datePublished\":\"2023-09-29T13:03:07+00:00\",\"dateModified\":\"2023-09-30T01:00:46+00:00\",\"breadcrumb\":{\"@id\":\"https:\\\/\\\/informelitoral.com.ar\\\/registran-suba-de-hasta-2-en-los-combustibles\\\/#breadcrumb\"},\"inLanguage\":\"es\",\"potentialAction\":[{\"@type\":\"ReadAction\",\"target\":[\"https:\\\/\\\/informelitoral.com.ar\\\/registran-suba-de-hasta-2-en-los-combustibles\\\/\"]}]},{\"@type\":\"ImageObject\",\"inLanguage\":\"es\",\"@id\":\"https:\\\/\\\/informelitoral.com.ar\\\/registran-suba-de-hasta-2-en-los-combustibles\\\/#primaryimage\",\"url\":\"https:\\\/\\\/informelitoral.com.ar\\\/%77%70%2d%63%6f%6e%74%65%6e%74\\\/uploads\\\/2022\\\/08\\\/combustibles-c45ecbe8-focus-0-0-895-573.jpg\",\"contentUrl\":\"https:\\\/\\\/informelitoral.com.ar\\\/%77%70%2d%63%6f%6e%74%65%6e%74\\\/uploads\\\/2022\\\/08\\\/combustibles-c45ecbe8-focus-0-0-895-573.jpg\",\"width\":895,\"height\":573},{\"@type\":\"BreadcrumbList\",\"@id\":\"https:\\\/\\\/informelitoral.com.ar\\\/registran-suba-de-hasta-2-en-los-combustibles\\\/#breadcrumb\",\"itemListElement\":[{\"@type\":\"ListItem\",\"position\":1,\"name\":\"Portada\",\"item\":\"https:\\\/\\\/informelitoral.com.ar\\\/\"},{\"@type\":\"ListItem\",\"position\":2,\"name\":\"Registran suba de hasta 2% en los combustibles\"}]},{\"@type\":\"WebSite\",\"@id\":\"https:\\\/\\\/informelitoral.com.ar\\\/#website\",\"url\":\"https:\\\/\\\/informelitoral.com.ar\\\/\",\"name\":\"Informe Litoral\",\"description\":\"&quot;Nos informamos&quot; \",\"publisher\":{\"@id\":\"https:\\\/\\\/informelitoral.com.ar\\\/#organization\"},\"potentialAction\":[{\"@type\":\"SearchAction\",\"target\":{\"@type\":\"EntryPoint\",\"urlTemplate\":\"https:\\\/\\\/informelitoral.com.ar\\\/?s={search_term_string}\"},\"query-input\":{\"@type\":\"PropertyValueSpecification\",\"valueRequired\":true,\"valueName\":\"search_term_string\"}}],\"inLanguage\":\"es\"},{\"@type\":\"Organization\",\"@id\":\"https:\\\/\\\/informelitoral.com.ar\\\/#organization\",\"name\":\"Informe Litoral\",\"url\":\"https:\\\/\\\/informelitoral.com.ar\\\/\",\"logo\":{\"@type\":\"ImageObject\",\"inLanguage\":\"es\",\"@id\":\"https:\\\/\\\/informelitoral.com.ar\\\/#\\\/schema\\\/logo\\\/image\\\/\",\"url\":\"https:\\\/\\\/informelitoral.com.ar\\\/%77%70%2d%63%6f%6e%74%65%6e%74\\\/uploads\\\/2021\\\/01\\\/circulo.png\",\"contentUrl\":\"https:\\\/\\\/informelitoral.com.ar\\\/%77%70%2d%63%6f%6e%74%65%6e%74\\\/uploads\\\/2021\\\/01\\\/circulo.png\",\"width\":723,\"height\":731,\"caption\":\"Informe Litoral\"},\"image\":{\"@id\":\"https:\\\/\\\/informelitoral.com.ar\\\/#\\\/schema\\\/logo\\\/image\\\/\"},\"sameAs\":[\"https:\\\/\\\/www.facebook.com\\\/informelitoral\\\/\",\"https:\\\/\\\/x.com\\\/InformeLitoral\",\"https:\\\/\\\/www.instagram.com\\\/informelitoral\\\/\",\"https:\\\/\\\/www.youtube.com\\\/channel\\\/UCua4Qvz8Icb6MYqhoq9xLXw\"]},{\"@type\":\"Person\",\"@id\":\"https:\\\/\\\/informelitoral.com.ar\\\/#\\\/schema\\\/person\\\/f05f9f461677119578717524b127d6d5\",\"name\":\"Sebastian\",\"image\":{\"@type\":\"ImageObject\",\"inLanguage\":\"es\",\"@id\":\"https:\\\/\\\/secure.gravatar.com\\\/avatar\\\/b71bf7481d447dfb9583c7f2798e7cc64de6efb9067b74633ed8c31059a3bd82?s=96&d=mm&r=g\",\"url\":\"https:\\\/\\\/secure.gravatar.com\\\/avatar\\\/b71bf7481d447dfb9583c7f2798e7cc64de6efb9067b74633ed8c31059a3bd82?s=96&d=mm&r=g\",\"contentUrl\":\"https:\\\/\\\/secure.gravatar.com\\\/avatar\\\/b71bf7481d447dfb9583c7f2798e7cc64de6efb9067b74633ed8c31059a3bd82?s=96&d=mm&r=g\",\"caption\":\"Sebastian\"},\"url\":\"https:\\\/\\\/informelitoral.com.ar\\\/author\\\/sebastian\\\/\"}]}<\/script>","yoast_head_json":{"title":"Registran suba de hasta 2% en los combustibles - Informe Litoral","robots":{"index":"index","follow":"follow","max-snippet":"max-snippet:-1","max-image-preview":"max-image-preview:large","max-video-preview":"max-video-preview:-1"},"canonical":"https:\/\/informelitoral.com.ar\/registran-suba-de-hasta-2-en-los-combustibles\/","og_locale":"es_ES","og_type":"article","og_title":"Registran suba de hasta 2% en los combustibles - Informe Litoral","og_description":"La petrolera Shell aument\u00f3 el precio de sus combustibles en aproximadamente 2% en diferentes puntos del pa\u00eds, pese al congelamiento que rige hasta octubre.","og_url":"https:\/\/informelitoral.com.ar\/registran-suba-de-hasta-2-en-los-combustibles\/","og_site_name":"Informe Litoral","article_publisher":"https:\/\/www.facebook.com\/informelitoral\/","article_published_time":"2023-09-29T13:03:07+00:00","article_modified_time":"2023-09-30T01:00:46+00:00","og_image":[{"width":895,"height":573,"url":"https:\/\/informelitoral.com.ar\/%77%70%2d%63%6f%6e%74%65%6e%74\/uploads\/2022\/08\/combustibles-c45ecbe8-focus-0-0-895-573.jpg","type":"image\/jpeg"}],"author":"Sebastian","twitter_card":"summary_large_image","twitter_creator":"@InformeLitoral","twitter_site":"@InformeLitoral","twitter_misc":{"Escrito por":"Sebastian","Tiempo de lectura":"3 minutos"},"schema":{"@context":"https:\/\/schema.org","@graph":[{"@type":"Article","@id":"https:\/\/informelitoral.com.ar\/registran-suba-de-hasta-2-en-los-combustibles\/#article","isPartOf":{"@id":"https:\/\/informelitoral.com.ar\/registran-suba-de-hasta-2-en-los-combustibles\/"},"author":{"name":"Sebastian","@id":"https:\/\/informelitoral.com.ar\/#\/schema\/person\/f05f9f461677119578717524b127d6d5"},"headline":"Registran suba de hasta 2% en los combustibles","datePublished":"2023-09-29T13:03:07+00:00","dateModified":"2023-09-30T01:00:46+00:00","mainEntityOfPage":{"@id":"https:\/\/informelitoral.com.ar\/registran-suba-de-hasta-2-en-los-combustibles\/"},"wordCount":522,"commentCount":0,"publisher":{"@id":"https:\/\/informelitoral.com.ar\/#organization"},"image":{"@id":"https:\/\/informelitoral.com.ar\/registran-suba-de-hasta-2-en-los-combustibles\/#primaryimage"},"thumbnailUrl":"https:\/\/informelitoral.com.ar\/%77%70%2d%63%6f%6e%74%65%6e%74\/uploads\/2022\/08\/combustibles-c45ecbe8-focus-0-0-895-573.jpg","keywords":["Aumento","Combustibles"],"articleSection":["Econom\u00eda","Nacionales"],"inLanguage":"es","potentialAction":[{"@type":"CommentAction","name":"Comment","target":["https:\/\/informelitoral.com.ar\/registran-suba-de-hasta-2-en-los-combustibles\/#respond"]}]},{"@type":"WebPage","@id":"https:\/\/informelitoral.com.ar\/registran-suba-de-hasta-2-en-los-combustibles\/","url":"https:\/\/informelitoral.com.ar\/registran-suba-de-hasta-2-en-los-combustibles\/","name":"Registran suba de hasta 2% en los combustibles - Informe Litoral","isPartOf":{"@id":"https:\/\/informelitoral.com.ar\/#website"},"primaryImageOfPage":{"@id":"https:\/\/informelitoral.com.ar\/registran-suba-de-hasta-2-en-los-combustibles\/#primaryimage"},"image":{"@id":"https:\/\/informelitoral.com.ar\/registran-suba-de-hasta-2-en-los-combustibles\/#primaryimage"},"thumbnailUrl":"https:\/\/informelitoral.com.ar\/%77%70%2d%63%6f%6e%74%65%6e%74\/uploads\/2022\/08\/combustibles-c45ecbe8-focus-0-0-895-573.jpg","datePublished":"2023-09-29T13:03:07+00:00","dateModified":"2023-09-30T01:00:46+00:00","breadcrumb":{"@id":"https:\/\/informelitoral.com.ar\/registran-suba-de-hasta-2-en-los-combustibles\/#breadcrumb"},"inLanguage":"es","potentialAction":[{"@type":"ReadAction","target":["https:\/\/informelitoral.com.ar\/registran-suba-de-hasta-2-en-los-combustibles\/"]}]},{"@type":"ImageObject","inLanguage":"es","@id":"https:\/\/informelitoral.com.ar\/registran-suba-de-hasta-2-en-los-combustibles\/#primaryimage","url":"https:\/\/informelitoral.com.ar\/%77%70%2d%63%6f%6e%74%65%6e%74\/uploads\/2022\/08\/combustibles-c45ecbe8-focus-0-0-895-573.jpg","contentUrl":"https:\/\/informelitoral.com.ar\/%77%70%2d%63%6f%6e%74%65%6e%74\/uploads\/2022\/08\/combustibles-c45ecbe8-focus-0-0-895-573.jpg","width":895,"height":573},{"@type":"BreadcrumbList","@id":"https:\/\/informelitoral.com.ar\/registran-suba-de-hasta-2-en-los-combustibles\/#breadcrumb","itemListElement":[{"@type":"ListItem","position":1,"name":"Portada","item":"https:\/\/informelitoral.com.ar\/"},{"@type":"ListItem","position":2,"name":"Registran suba de hasta 2% en los combustibles"}]},{"@type":"WebSite","@id":"https:\/\/informelitoral.com.ar\/#website","url":"https:\/\/informelitoral.com.ar\/","name":"Informe Litoral","description":"&quot;Nos informamos&quot; ","publisher":{"@id":"https:\/\/informelitoral.com.ar\/#organization"},"potentialAction":[{"@type":"SearchAction","target":{"@type":"EntryPoint","urlTemplate":"https:\/\/informelitoral.com.ar\/?s={search_term_string}"},"query-input":{"@type":"PropertyValueSpecification","valueRequired":true,"valueName":"search_term_string"}}],"inLanguage":"es"},{"@type":"Organization","@id":"https:\/\/informelitoral.com.ar\/#organization","name":"Informe Litoral","url":"https:\/\/informelitoral.com.ar\/","logo":{"@type":"ImageObject","inLanguage":"es","@id":"https:\/\/informelitoral.com.ar\/#\/schema\/logo\/image\/","url":"https:\/\/informelitoral.com.ar\/%77%70%2d%63%6f%6e%74%65%6e%74\/uploads\/2021\/01\/circulo.png","contentUrl":"https:\/\/informelitoral.com.ar\/%77%70%2d%63%6f%6e%74%65%6e%74\/uploads\/2021\/01\/circulo.png","width":723,"height":731,"caption":"Informe Litoral"},"image":{"@id":"https:\/\/informelitoral.com.ar\/#\/schema\/logo\/image\/"},"sameAs":["https:\/\/www.facebook.com\/informelitoral\/","https:\/\/x.com\/InformeLitoral","https:\/\/www.instagram.com\/informelitoral\/","https:\/\/www.youtube.com\/channel\/UCua4Qvz8Icb6MYqhoq9xLXw"]},{"@type":"Person","@id":"https:\/\/informelitoral.com.ar\/#\/schema\/person\/f05f9f461677119578717524b127d6d5","name":"Sebastian","image":{"@type":"ImageObject","inLanguage":"es","@id":"https:\/\/secure.gravatar.com\/avatar\/b71bf7481d447dfb9583c7f2798e7cc64de6efb9067b74633ed8c31059a3bd82?s=96&d=mm&r=g","url":"https:\/\/secure.gravatar.com\/avatar\/b71bf7481d447dfb9583c7f2798e7cc64de6efb9067b74633ed8c31059a3bd82?s=96&d=mm&r=g","contentUrl":"https:\/\/secure.gravatar.com\/avatar\/b71bf7481d447dfb9583c7f2798e7cc64de6efb9067b74633ed8c31059a3bd82?s=96&d=mm&r=g","caption":"Sebastian"},"url":"https:\/\/informelitoral.com.ar\/author\/sebastian\/"}]}},"_links":{"self":[{"href":"https:\/\/informelitoral.com.ar\/%77%70%2d%6a%73%6f%6e\/wp\/v2\/posts\/167633","targetHints":{"allow":["GET"]}}],"collection":[{"href":"https:\/\/informelitoral.com.ar\/%77%70%2d%6a%73%6f%6e\/wp\/v2\/posts"}],"about":[{"href":"https:\/\/informelitoral.com.ar\/%77%70%2d%6a%73%6f%6e\/wp\/v2\/types\/post"}],"author":[{"embeddable":true,"href":"https:\/\/informelitoral.com.ar\/%77%70%2d%6a%73%6f%6e\/wp\/v2\/users\/8"}],"replies":[{"embeddable":true,"href":"https:\/\/informelitoral.com.ar\/%77%70%2d%6a%73%6f%6e\/wp\/v2\/comments?post=167633"}],"version-history":[{"count":0,"href":"https:\/\/informelitoral.com.ar\/%77%70%2d%6a%73%6f%6e\/wp\/v2\/posts\/167633\/revisions"}],"wp:featuredmedia":[{"embeddable":true,"href":"https:\/\/informelitoral.com.ar\/%77%70%2d%6a%73%6f%6e\/wp\/v2\/media\/85084"}],"wp:attachment":[{"href":"https:\/\/informelitoral.com.ar\/%77%70%2d%6a%73%6f%6e\/wp\/v2\/media?parent=167633"}],"wp:term":[{"taxonomy":"category","embeddable":true,"href":"https:\/\/informelitoral.com.ar\/%77%70%2d%6a%73%6f%6e\/wp\/v2\/categories?post=167633"},{"taxonomy":"post_tag","embeddable":true,"href":"https:\/\/informelitoral.com.ar\/%77%70%2d%6a%73%6f%6e\/wp\/v2\/tags?post=167633"}],"curies":[{"name":"wp","href":"https:\/\/api.w.org\/{rel}","templated":true}]}}