{"id":167615,"date":"2023-09-29T09:45:45","date_gmt":"2023-09-29T12:45:45","guid":{"rendered":"https:\/\/www.informelitoral.com.ar\/?p=167615"},"modified":"2023-09-29T22:31:33","modified_gmt":"2023-09-30T01:31:33","slug":"dos-personas-murieron-en-un-choque-multiple-en-el-puente-zarate-brazo-largo","status":"publish","type":"post","link":"https:\/\/informelitoral.com.ar\/dos-personas-murieron-en-un-choque-multiple-en-el-puente-zarate-brazo-largo\/","title":{"rendered":"Dos personas murieron en un choque m\u00faltiple en el puente Z\u00e1rate-Brazo Largo"},"content":{"rendered":"<div class=\"cuerpo fullpost__cuerpo\">\n<p>En el \u00faltimo d\u00eda de la semana, el\u00a0<b>puente Z\u00e1rate-Brazo Largo\u00a0<\/b>fue escenario de un violento\u00a0<b>choque m\u00faltiple<\/b> que dej\u00f3 como saldo la muerte de dos personas y varios heridos. El hecho ocurri\u00f3 a las 7:26 de la ma\u00f1ana de este viernes a la altura del kil\u00f3metro 92 de la Ruta Nacional 12, en cercan\u00edas a la Isla Talavera.<\/p>\n<p>Seg\u00fan informaron fuentes viales, el siniestro fue protagonizado por un micro de larga distancia, perteneciente a la firma Condor Estrella, un veh\u00edculo particular, y un cami\u00f3n con doble acoplado que transportaba paquetes de yerba.<\/p>\n<p>De acuerdo a los primeros datos, el accidente se habr\u00eda ocasionado debido a la reducida visibilidad en la ruta, la cual se vio afectada por la presencia de humo originado por un incendio en pastizales, public\u00f3 <em>Infobae.<\/em><\/p>\n<p class=\"paragraph\" data-mrf-recirculation=\"Links inline\">Al momento, el tr\u00e1nsito permanece cerrado en ambos sentidos de circulaci\u00f3n, lo que produce complicaciones y largas filas de veh\u00edculos.<\/p>\n<div class=\"visual__image\">\n<figure style=\"width: 1920px\" class=\"wp-caption alignnone\"><img loading=\"lazy\" decoding=\"async\" class=\" ls-is-cached lazyloaded \" src=\"https:\/\/www.infobae.com\/new-resizer\/9UkEiiX5_TaeET4qFXUWV7UF2RM=\/arc-anglerfish-arc2-prod-infobae\/public\/U36PGDYHGNA5LDPKCQUZMDRQF4.jpg\" alt=\"El cami\u00f3n volc\u00f3 parte de su carga. \" width=\"1920\" height=\"1080\" data-src=\"https:\/\/www.infobae.com\/new-resizer\/9UkEiiX5_TaeET4qFXUWV7UF2RM=\/arc-anglerfish-arc2-prod-infobae\/public\/U36PGDYHGNA5LDPKCQUZMDRQF4.jpg\" data-srcset=\"https:\/\/www.infobae.com\/new-resizer\/18UhpOvfsra4rudwx8VyWz4gMXc=\/420x236\/filters:format(webp):quality(85)\/cloudfront-us-east-1.images.arcpublishing.com\/infobae\/U36PGDYHGNA5LDPKCQUZMDRQF4.jpg 420w,https:\/\/www.infobae.com\/new-resizer\/VZwoeLUzD5Vhcc9bmwifM5wmFw8=\/768x432\/filters:format(webp):quality(85)\/cloudfront-us-east-1.images.arcpublishing.com\/infobae\/U36PGDYHGNA5LDPKCQUZMDRQF4.jpg 768w,https:\/\/www.infobae.com\/new-resizer\/npAOGcg-Zvh4ryWNxzAmowgxeyw=\/992x558\/filters:format(webp):quality(85)\/cloudfront-us-east-1.images.arcpublishing.com\/infobae\/U36PGDYHGNA5LDPKCQUZMDRQF4.jpg 992w,https:\/\/www.infobae.com\/new-resizer\/ULn2ix2aM1pegsqihJynABI_7dM=\/1200x675\/filters:format(webp):quality(85)\/cloudfront-us-east-1.images.arcpublishing.com\/infobae\/U36PGDYHGNA5LDPKCQUZMDRQF4.jpg 1200w,https:\/\/www.infobae.com\/new-resizer\/GNojcDE8PeDu_dz3s_MMWBdeKNo=\/1440x810\/filters:format(webp):quality(85)\/cloudfront-us-east-1.images.arcpublishing.com\/infobae\/U36PGDYHGNA5LDPKCQUZMDRQF4.jpg 1440w\" \/><figcaption class=\"wp-caption-text\">El cami\u00f3n volc\u00f3 parte de su carga.<\/figcaption><\/figure>\n<\/div>\n<p class=\"paragraph\" data-mrf-recirculation=\"Links inline\">Despu\u00e9s de la colisi\u00f3n en cadena, tanto el frente como la parte trasera del veh\u00edculo quedaron completamente destrozados. Por otro lado, el cami\u00f3n volc\u00f3 una parte de la carga de pallets de madera que transportaba.<\/p>\n<\/div>\n","protected":false},"excerpt":{"rendered":"<p>Ocurri\u00f3 a la altura del kil\u00f3metro 92 de la Ruta Nacional 12. Fue protagonizado por un micro de larga distancia, dos camiones y un veh\u00edculo particular<\/p>\n","protected":false},"author":8,"featured_media":167619,"comment_status":"open","ping_status":"open","sticky":false,"template":"","format":"standard","meta":{"fifu_image_url":"","fifu_image_alt":"","footnotes":""},"categories":[14],"tags":[304],"class_list":{"0":"post-167615","1":"post","2":"type-post","3":"status-publish","4":"format-standard","5":"has-post-thumbnail","7":"category-policiales","8":"tag-accidente-vial"},"yoast_head":"<title>Dos personas murieron en un choque m\u00faltiple en el puente Z\u00e1rate-Brazo Largo - Informe Litoral<\/title>\n<meta name=\"robots\" content=\"index, follow, max-snippet:-1, max-image-preview:large, max-video-preview:-1\" \/>\n<link rel=\"canonical\" href=\"https:\/\/informelitoral.com.ar\/dos-personas-murieron-en-un-choque-multiple-en-el-puente-zarate-brazo-largo\/\" \/>\n<meta property=\"og:locale\" content=\"es_ES\" \/>\n<meta property=\"og:type\" content=\"article\" \/>\n<meta property=\"og:title\" content=\"Dos personas murieron en un choque m\u00faltiple en el puente Z\u00e1rate-Brazo Largo - Informe Litoral\" \/>\n<meta property=\"og:description\" content=\"Ocurri\u00f3 a la altura del kil\u00f3metro 92 de la Ruta Nacional 12. Fue protagonizado por un micro de larga distancia, dos camiones y un veh\u00edculo particular\" \/>\n<meta property=\"og:url\" content=\"https:\/\/informelitoral.com.ar\/dos-personas-murieron-en-un-choque-multiple-en-el-puente-zarate-brazo-largo\/\" \/>\n<meta property=\"og:site_name\" content=\"Informe Litoral\" \/>\n<meta property=\"article:publisher\" content=\"https:\/\/www.facebook.com\/informelitoral\/\" \/>\n<meta property=\"article:published_time\" content=\"2023-09-29T12:45:45+00:00\" \/>\n<meta property=\"article:modified_time\" content=\"2023-09-30T01:31:33+00:00\" \/>\n<meta property=\"og:image\" content=\"https:\/\/informelitoral.com.ar\/%77%70%2d%63%6f%6e%74%65%6e%74\/uploads\/2023\/09\/o_1695983718_1.jpg\" \/>\n\t<meta property=\"og:image:width\" content=\"800\" \/>\n\t<meta property=\"og:image:height\" content=\"450\" \/>\n\t<meta property=\"og:image:type\" content=\"image\/jpeg\" \/>\n<meta name=\"author\" content=\"Sebastian\" \/>\n<meta name=\"twitter:card\" content=\"summary_large_image\" \/>\n<meta name=\"twitter:creator\" content=\"@InformeLitoral\" \/>\n<meta name=\"twitter:site\" content=\"@InformeLitoral\" \/>\n<meta name=\"twitter:label1\" content=\"Escrito por\" \/>\n\t<meta name=\"twitter:data1\" content=\"Sebastian\" \/>\n\t<meta name=\"twitter:label2\" content=\"Tiempo de lectura\" \/>\n\t<meta name=\"twitter:data2\" content=\"1 minuto\" \/>\n<script type=\"application\/ld+json\" class=\"yoast-schema-graph\">{\"@context\":\"https:\\\/\\\/schema.org\",\"@graph\":[{\"@type\":\"Article\",\"@id\":\"https:\\\/\\\/informelitoral.com.ar\\\/dos-personas-murieron-en-un-choque-multiple-en-el-puente-zarate-brazo-largo\\\/#article\",\"isPartOf\":{\"@id\":\"https:\\\/\\\/informelitoral.com.ar\\\/dos-personas-murieron-en-un-choque-multiple-en-el-puente-zarate-brazo-largo\\\/\"},\"author\":{\"name\":\"Sebastian\",\"@id\":\"https:\\\/\\\/informelitoral.com.ar\\\/#\\\/schema\\\/person\\\/f05f9f461677119578717524b127d6d5\"},\"headline\":\"Dos personas murieron en un choque m\u00faltiple en el puente Z\u00e1rate-Brazo Largo\",\"datePublished\":\"2023-09-29T12:45:45+00:00\",\"dateModified\":\"2023-09-30T01:31:33+00:00\",\"mainEntityOfPage\":{\"@id\":\"https:\\\/\\\/informelitoral.com.ar\\\/dos-personas-murieron-en-un-choque-multiple-en-el-puente-zarate-brazo-largo\\\/\"},\"wordCount\":227,\"commentCount\":0,\"publisher\":{\"@id\":\"https:\\\/\\\/informelitoral.com.ar\\\/#organization\"},\"image\":{\"@id\":\"https:\\\/\\\/informelitoral.com.ar\\\/dos-personas-murieron-en-un-choque-multiple-en-el-puente-zarate-brazo-largo\\\/#primaryimage\"},\"thumbnailUrl\":\"https:\\\/\\\/informelitoral.com.ar\\\/%77%70%2d%63%6f%6e%74%65%6e%74\\\/uploads\\\/2023\\\/09\\\/o_1695983718_1.jpg\",\"keywords\":[\"Accidente vial\"],\"articleSection\":[\"Policiales\"],\"inLanguage\":\"es\",\"potentialAction\":[{\"@type\":\"CommentAction\",\"name\":\"Comment\",\"target\":[\"https:\\\/\\\/informelitoral.com.ar\\\/dos-personas-murieron-en-un-choque-multiple-en-el-puente-zarate-brazo-largo\\\/#respond\"]}]},{\"@type\":\"WebPage\",\"@id\":\"https:\\\/\\\/informelitoral.com.ar\\\/dos-personas-murieron-en-un-choque-multiple-en-el-puente-zarate-brazo-largo\\\/\",\"url\":\"https:\\\/\\\/informelitoral.com.ar\\\/dos-personas-murieron-en-un-choque-multiple-en-el-puente-zarate-brazo-largo\\\/\",\"name\":\"Dos personas murieron en un choque m\u00faltiple en el puente Z\u00e1rate-Brazo Largo - Informe Litoral\",\"isPartOf\":{\"@id\":\"https:\\\/\\\/informelitoral.com.ar\\\/#website\"},\"primaryImageOfPage\":{\"@id\":\"https:\\\/\\\/informelitoral.com.ar\\\/dos-personas-murieron-en-un-choque-multiple-en-el-puente-zarate-brazo-largo\\\/#primaryimage\"},\"image\":{\"@id\":\"https:\\\/\\\/informelitoral.com.ar\\\/dos-personas-murieron-en-un-choque-multiple-en-el-puente-zarate-brazo-largo\\\/#primaryimage\"},\"thumbnailUrl\":\"https:\\\/\\\/informelitoral.com.ar\\\/%77%70%2d%63%6f%6e%74%65%6e%74\\\/uploads\\\/2023\\\/09\\\/o_1695983718_1.jpg\",\"datePublished\":\"2023-09-29T12:45:45+00:00\",\"dateModified\":\"2023-09-30T01:31:33+00:00\",\"breadcrumb\":{\"@id\":\"https:\\\/\\\/informelitoral.com.ar\\\/dos-personas-murieron-en-un-choque-multiple-en-el-puente-zarate-brazo-largo\\\/#breadcrumb\"},\"inLanguage\":\"es\",\"potentialAction\":[{\"@type\":\"ReadAction\",\"target\":[\"https:\\\/\\\/informelitoral.com.ar\\\/dos-personas-murieron-en-un-choque-multiple-en-el-puente-zarate-brazo-largo\\\/\"]}]},{\"@type\":\"ImageObject\",\"inLanguage\":\"es\",\"@id\":\"https:\\\/\\\/informelitoral.com.ar\\\/dos-personas-murieron-en-un-choque-multiple-en-el-puente-zarate-brazo-largo\\\/#primaryimage\",\"url\":\"https:\\\/\\\/informelitoral.com.ar\\\/%77%70%2d%63%6f%6e%74%65%6e%74\\\/uploads\\\/2023\\\/09\\\/o_1695983718_1.jpg\",\"contentUrl\":\"https:\\\/\\\/informelitoral.com.ar\\\/%77%70%2d%63%6f%6e%74%65%6e%74\\\/uploads\\\/2023\\\/09\\\/o_1695983718_1.jpg\",\"width\":800,\"height\":450},{\"@type\":\"BreadcrumbList\",\"@id\":\"https:\\\/\\\/informelitoral.com.ar\\\/dos-personas-murieron-en-un-choque-multiple-en-el-puente-zarate-brazo-largo\\\/#breadcrumb\",\"itemListElement\":[{\"@type\":\"ListItem\",\"position\":1,\"name\":\"Portada\",\"item\":\"https:\\\/\\\/informelitoral.com.ar\\\/\"},{\"@type\":\"ListItem\",\"position\":2,\"name\":\"Dos personas murieron en un choque m\u00faltiple en el puente Z\u00e1rate-Brazo Largo\"}]},{\"@type\":\"WebSite\",\"@id\":\"https:\\\/\\\/informelitoral.com.ar\\\/#website\",\"url\":\"https:\\\/\\\/informelitoral.com.ar\\\/\",\"name\":\"Informe Litoral\",\"description\":\"&quot;Nos informamos&quot; \",\"publisher\":{\"@id\":\"https:\\\/\\\/informelitoral.com.ar\\\/#organization\"},\"potentialAction\":[{\"@type\":\"SearchAction\",\"target\":{\"@type\":\"EntryPoint\",\"urlTemplate\":\"https:\\\/\\\/informelitoral.com.ar\\\/?s={search_term_string}\"},\"query-input\":{\"@type\":\"PropertyValueSpecification\",\"valueRequired\":true,\"valueName\":\"search_term_string\"}}],\"inLanguage\":\"es\"},{\"@type\":\"Organization\",\"@id\":\"https:\\\/\\\/informelitoral.com.ar\\\/#organization\",\"name\":\"Informe Litoral\",\"url\":\"https:\\\/\\\/informelitoral.com.ar\\\/\",\"logo\":{\"@type\":\"ImageObject\",\"inLanguage\":\"es\",\"@id\":\"https:\\\/\\\/informelitoral.com.ar\\\/#\\\/schema\\\/logo\\\/image\\\/\",\"url\":\"https:\\\/\\\/informelitoral.com.ar\\\/%77%70%2d%63%6f%6e%74%65%6e%74\\\/uploads\\\/2021\\\/01\\\/circulo.png\",\"contentUrl\":\"https:\\\/\\\/informelitoral.com.ar\\\/%77%70%2d%63%6f%6e%74%65%6e%74\\\/uploads\\\/2021\\\/01\\\/circulo.png\",\"width\":723,\"height\":731,\"caption\":\"Informe Litoral\"},\"image\":{\"@id\":\"https:\\\/\\\/informelitoral.com.ar\\\/#\\\/schema\\\/logo\\\/image\\\/\"},\"sameAs\":[\"https:\\\/\\\/www.facebook.com\\\/informelitoral\\\/\",\"https:\\\/\\\/x.com\\\/InformeLitoral\",\"https:\\\/\\\/www.instagram.com\\\/informelitoral\\\/\",\"https:\\\/\\\/www.youtube.com\\\/channel\\\/UCua4Qvz8Icb6MYqhoq9xLXw\"]},{\"@type\":\"Person\",\"@id\":\"https:\\\/\\\/informelitoral.com.ar\\\/#\\\/schema\\\/person\\\/f05f9f461677119578717524b127d6d5\",\"name\":\"Sebastian\",\"image\":{\"@type\":\"ImageObject\",\"inLanguage\":\"es\",\"@id\":\"https:\\\/\\\/secure.gravatar.com\\\/avatar\\\/b71bf7481d447dfb9583c7f2798e7cc64de6efb9067b74633ed8c31059a3bd82?s=96&d=mm&r=g\",\"url\":\"https:\\\/\\\/secure.gravatar.com\\\/avatar\\\/b71bf7481d447dfb9583c7f2798e7cc64de6efb9067b74633ed8c31059a3bd82?s=96&d=mm&r=g\",\"contentUrl\":\"https:\\\/\\\/secure.gravatar.com\\\/avatar\\\/b71bf7481d447dfb9583c7f2798e7cc64de6efb9067b74633ed8c31059a3bd82?s=96&d=mm&r=g\",\"caption\":\"Sebastian\"},\"url\":\"https:\\\/\\\/informelitoral.com.ar\\\/author\\\/sebastian\\\/\"}]}<\/script>","yoast_head_json":{"title":"Dos personas murieron en un choque m\u00faltiple en el puente Z\u00e1rate-Brazo Largo - Informe Litoral","robots":{"index":"index","follow":"follow","max-snippet":"max-snippet:-1","max-image-preview":"max-image-preview:large","max-video-preview":"max-video-preview:-1"},"canonical":"https:\/\/informelitoral.com.ar\/dos-personas-murieron-en-un-choque-multiple-en-el-puente-zarate-brazo-largo\/","og_locale":"es_ES","og_type":"article","og_title":"Dos personas murieron en un choque m\u00faltiple en el puente Z\u00e1rate-Brazo Largo - Informe Litoral","og_description":"Ocurri\u00f3 a la altura del kil\u00f3metro 92 de la Ruta Nacional 12. Fue protagonizado por un micro de larga distancia, dos camiones y un veh\u00edculo particular","og_url":"https:\/\/informelitoral.com.ar\/dos-personas-murieron-en-un-choque-multiple-en-el-puente-zarate-brazo-largo\/","og_site_name":"Informe Litoral","article_publisher":"https:\/\/www.facebook.com\/informelitoral\/","article_published_time":"2023-09-29T12:45:45+00:00","article_modified_time":"2023-09-30T01:31:33+00:00","og_image":[{"width":800,"height":450,"url":"https:\/\/informelitoral.com.ar\/%77%70%2d%63%6f%6e%74%65%6e%74\/uploads\/2023\/09\/o_1695983718_1.jpg","type":"image\/jpeg"}],"author":"Sebastian","twitter_card":"summary_large_image","twitter_creator":"@InformeLitoral","twitter_site":"@InformeLitoral","twitter_misc":{"Escrito por":"Sebastian","Tiempo de lectura":"1 minuto"},"schema":{"@context":"https:\/\/schema.org","@graph":[{"@type":"Article","@id":"https:\/\/informelitoral.com.ar\/dos-personas-murieron-en-un-choque-multiple-en-el-puente-zarate-brazo-largo\/#article","isPartOf":{"@id":"https:\/\/informelitoral.com.ar\/dos-personas-murieron-en-un-choque-multiple-en-el-puente-zarate-brazo-largo\/"},"author":{"name":"Sebastian","@id":"https:\/\/informelitoral.com.ar\/#\/schema\/person\/f05f9f461677119578717524b127d6d5"},"headline":"Dos personas murieron en un choque m\u00faltiple en el puente Z\u00e1rate-Brazo Largo","datePublished":"2023-09-29T12:45:45+00:00","dateModified":"2023-09-30T01:31:33+00:00","mainEntityOfPage":{"@id":"https:\/\/informelitoral.com.ar\/dos-personas-murieron-en-un-choque-multiple-en-el-puente-zarate-brazo-largo\/"},"wordCount":227,"commentCount":0,"publisher":{"@id":"https:\/\/informelitoral.com.ar\/#organization"},"image":{"@id":"https:\/\/informelitoral.com.ar\/dos-personas-murieron-en-un-choque-multiple-en-el-puente-zarate-brazo-largo\/#primaryimage"},"thumbnailUrl":"https:\/\/informelitoral.com.ar\/%77%70%2d%63%6f%6e%74%65%6e%74\/uploads\/2023\/09\/o_1695983718_1.jpg","keywords":["Accidente vial"],"articleSection":["Policiales"],"inLanguage":"es","potentialAction":[{"@type":"CommentAction","name":"Comment","target":["https:\/\/informelitoral.com.ar\/dos-personas-murieron-en-un-choque-multiple-en-el-puente-zarate-brazo-largo\/#respond"]}]},{"@type":"WebPage","@id":"https:\/\/informelitoral.com.ar\/dos-personas-murieron-en-un-choque-multiple-en-el-puente-zarate-brazo-largo\/","url":"https:\/\/informelitoral.com.ar\/dos-personas-murieron-en-un-choque-multiple-en-el-puente-zarate-brazo-largo\/","name":"Dos personas murieron en un choque m\u00faltiple en el puente Z\u00e1rate-Brazo Largo - Informe Litoral","isPartOf":{"@id":"https:\/\/informelitoral.com.ar\/#website"},"primaryImageOfPage":{"@id":"https:\/\/informelitoral.com.ar\/dos-personas-murieron-en-un-choque-multiple-en-el-puente-zarate-brazo-largo\/#primaryimage"},"image":{"@id":"https:\/\/informelitoral.com.ar\/dos-personas-murieron-en-un-choque-multiple-en-el-puente-zarate-brazo-largo\/#primaryimage"},"thumbnailUrl":"https:\/\/informelitoral.com.ar\/%77%70%2d%63%6f%6e%74%65%6e%74\/uploads\/2023\/09\/o_1695983718_1.jpg","datePublished":"2023-09-29T12:45:45+00:00","dateModified":"2023-09-30T01:31:33+00:00","breadcrumb":{"@id":"https:\/\/informelitoral.com.ar\/dos-personas-murieron-en-un-choque-multiple-en-el-puente-zarate-brazo-largo\/#breadcrumb"},"inLanguage":"es","potentialAction":[{"@type":"ReadAction","target":["https:\/\/informelitoral.com.ar\/dos-personas-murieron-en-un-choque-multiple-en-el-puente-zarate-brazo-largo\/"]}]},{"@type":"ImageObject","inLanguage":"es","@id":"https:\/\/informelitoral.com.ar\/dos-personas-murieron-en-un-choque-multiple-en-el-puente-zarate-brazo-largo\/#primaryimage","url":"https:\/\/informelitoral.com.ar\/%77%70%2d%63%6f%6e%74%65%6e%74\/uploads\/2023\/09\/o_1695983718_1.jpg","contentUrl":"https:\/\/informelitoral.com.ar\/%77%70%2d%63%6f%6e%74%65%6e%74\/uploads\/2023\/09\/o_1695983718_1.jpg","width":800,"height":450},{"@type":"BreadcrumbList","@id":"https:\/\/informelitoral.com.ar\/dos-personas-murieron-en-un-choque-multiple-en-el-puente-zarate-brazo-largo\/#breadcrumb","itemListElement":[{"@type":"ListItem","position":1,"name":"Portada","item":"https:\/\/informelitoral.com.ar\/"},{"@type":"ListItem","position":2,"name":"Dos personas murieron en un choque m\u00faltiple en el puente Z\u00e1rate-Brazo Largo"}]},{"@type":"WebSite","@id":"https:\/\/informelitoral.com.ar\/#website","url":"https:\/\/informelitoral.com.ar\/","name":"Informe Litoral","description":"&quot;Nos informamos&quot; ","publisher":{"@id":"https:\/\/informelitoral.com.ar\/#organization"},"potentialAction":[{"@type":"SearchAction","target":{"@type":"EntryPoint","urlTemplate":"https:\/\/informelitoral.com.ar\/?s={search_term_string}"},"query-input":{"@type":"PropertyValueSpecification","valueRequired":true,"valueName":"search_term_string"}}],"inLanguage":"es"},{"@type":"Organization","@id":"https:\/\/informelitoral.com.ar\/#organization","name":"Informe Litoral","url":"https:\/\/informelitoral.com.ar\/","logo":{"@type":"ImageObject","inLanguage":"es","@id":"https:\/\/informelitoral.com.ar\/#\/schema\/logo\/image\/","url":"https:\/\/informelitoral.com.ar\/%77%70%2d%63%6f%6e%74%65%6e%74\/uploads\/2021\/01\/circulo.png","contentUrl":"https:\/\/informelitoral.com.ar\/%77%70%2d%63%6f%6e%74%65%6e%74\/uploads\/2021\/01\/circulo.png","width":723,"height":731,"caption":"Informe Litoral"},"image":{"@id":"https:\/\/informelitoral.com.ar\/#\/schema\/logo\/image\/"},"sameAs":["https:\/\/www.facebook.com\/informelitoral\/","https:\/\/x.com\/InformeLitoral","https:\/\/www.instagram.com\/informelitoral\/","https:\/\/www.youtube.com\/channel\/UCua4Qvz8Icb6MYqhoq9xLXw"]},{"@type":"Person","@id":"https:\/\/informelitoral.com.ar\/#\/schema\/person\/f05f9f461677119578717524b127d6d5","name":"Sebastian","image":{"@type":"ImageObject","inLanguage":"es","@id":"https:\/\/secure.gravatar.com\/avatar\/b71bf7481d447dfb9583c7f2798e7cc64de6efb9067b74633ed8c31059a3bd82?s=96&d=mm&r=g","url":"https:\/\/secure.gravatar.com\/avatar\/b71bf7481d447dfb9583c7f2798e7cc64de6efb9067b74633ed8c31059a3bd82?s=96&d=mm&r=g","contentUrl":"https:\/\/secure.gravatar.com\/avatar\/b71bf7481d447dfb9583c7f2798e7cc64de6efb9067b74633ed8c31059a3bd82?s=96&d=mm&r=g","caption":"Sebastian"},"url":"https:\/\/informelitoral.com.ar\/author\/sebastian\/"}]}},"_links":{"self":[{"href":"https:\/\/informelitoral.com.ar\/%77%70%2d%6a%73%6f%6e\/wp\/v2\/posts\/167615","targetHints":{"allow":["GET"]}}],"collection":[{"href":"https:\/\/informelitoral.com.ar\/%77%70%2d%6a%73%6f%6e\/wp\/v2\/posts"}],"about":[{"href":"https:\/\/informelitoral.com.ar\/%77%70%2d%6a%73%6f%6e\/wp\/v2\/types\/post"}],"author":[{"embeddable":true,"href":"https:\/\/informelitoral.com.ar\/%77%70%2d%6a%73%6f%6e\/wp\/v2\/users\/8"}],"replies":[{"embeddable":true,"href":"https:\/\/informelitoral.com.ar\/%77%70%2d%6a%73%6f%6e\/wp\/v2\/comments?post=167615"}],"version-history":[{"count":0,"href":"https:\/\/informelitoral.com.ar\/%77%70%2d%6a%73%6f%6e\/wp\/v2\/posts\/167615\/revisions"}],"wp:featuredmedia":[{"embeddable":true,"href":"https:\/\/informelitoral.com.ar\/%77%70%2d%6a%73%6f%6e\/wp\/v2\/media\/167619"}],"wp:attachment":[{"href":"https:\/\/informelitoral.com.ar\/%77%70%2d%6a%73%6f%6e\/wp\/v2\/media?parent=167615"}],"wp:term":[{"taxonomy":"category","embeddable":true,"href":"https:\/\/informelitoral.com.ar\/%77%70%2d%6a%73%6f%6e\/wp\/v2\/categories?post=167615"},{"taxonomy":"post_tag","embeddable":true,"href":"https:\/\/informelitoral.com.ar\/%77%70%2d%6a%73%6f%6e\/wp\/v2\/tags?post=167615"}],"curies":[{"name":"wp","href":"https:\/\/api.w.org\/{rel}","templated":true}]}}