{"id":167470,"date":"2023-09-28T09:05:36","date_gmt":"2023-09-28T12:05:36","guid":{"rendered":"https:\/\/www.informelitoral.com.ar\/?p=167470"},"modified":"2023-09-29T07:41:20","modified_gmt":"2023-09-29T10:41:20","slug":"a-entre-rios-le-faltan-casi-un-millon-de-toneladas-de-maiz-para-abastecer-el-consumo-interno","status":"publish","type":"post","link":"https:\/\/informelitoral.com.ar\/a-entre-rios-le-faltan-casi-un-millon-de-toneladas-de-maiz-para-abastecer-el-consumo-interno\/","title":{"rendered":"A Entre R\u00edos le faltan casi un mill\u00f3n de toneladas de ma\u00edz para abastecer el consumo interno"},"content":{"rendered":"<p>En particular, el enfoque se ha centrado en la demanda de nutrici\u00f3n animal (forrajes) a partir de la producci\u00f3n en Entre R\u00edos de los siguientes rubros: carne aviar, huevos, carne bovina, leche y carne porcina.<\/p>\n<figure class=\"embed\">\n<div class=\"cl-cl-14 margin-0\"><img decoding=\"async\" class=\"lazy-lotta ls-is-cached lazyloaded\" src=\"https:\/\/www.campoenaccion.com\/galeria\/fotos\/2023\/09\/26\/o_1695731638.png\" alt=\"\" width=\"100%\" data-src=\"https:\/\/www.campoenaccion.com\/galeria\/fotos\/2023\/09\/26\/o_1695731638.png\" \/><\/div>\n<\/figure>\n<p>&nbsp;<\/p>\n<p>Los resultados de este an\u00e1lisis indican que el consumo de ma\u00edz estimado en la provincia de Entre R\u00edos para el a\u00f1o 2022 supera los 2,7 millones de toneladas. El principal sector demandante es la producci\u00f3n av\u00edcola con 1,9 millones de toneladas, debido a la cantidad de aves faenadas informada oficialmente, que alcanza los 360 millones de cabezas anuales.<\/p>\n<figure class=\"embed\">\n<div class=\"cl-cl-14 margin-0\"><img decoding=\"async\" class=\"lazy-lotta ls-is-cached lazyloaded\" src=\"https:\/\/www.campoenaccion.com\/galeria\/fotos\/2023\/09\/26\/o_1695731795.jpg\" alt=\"\" width=\"100%\" data-src=\"https:\/\/www.campoenaccion.com\/galeria\/fotos\/2023\/09\/26\/o_1695731795.jpg\" \/><\/div>\n<\/figure>\n<p>Adem\u00e1s, se realiz\u00f3 una estimaci\u00f3n del consumo a nivel departamental, considerando la distribuci\u00f3n de las unidades productivas para el sector aviar y l\u00e1cteo, as\u00ed como los lugares de origen de los env\u00edos a faena para la carne bovina y porcina.<\/p>\n<figure class=\"embed\">\n<div class=\"cl-cl-14 margin-0\"><img decoding=\"async\" class=\"lazy-lotta ls-is-cached lazyloaded\" src=\"https:\/\/www.campoenaccion.com\/galeria\/fotos\/2023\/09\/26\/o_1695731813.jpg\" alt=\"\" width=\"100%\" data-src=\"https:\/\/www.campoenaccion.com\/galeria\/fotos\/2023\/09\/26\/o_1695731813.jpg\" \/><\/div>\n<\/figure>\n<p>Un aspecto relevante para entender el papel del ma\u00edz en la provincia es considerar su origen, ya que la producci\u00f3n local promedia por campa\u00f1a los 1,8 millones de toneladas, insuficiente para abastecer la demanda. Para ello, se utilizan datos de origen y destino de las operaciones en Sio-Granos.<\/p>\n<p>Despu\u00e9s de Entre R\u00edos, las provincias de donde proviene la mercader\u00eda son principalmente de las regiones del centro-norte del pa\u00eds, como C\u00f3rdoba, Santiago del Estero y Chaco.<\/p>\n<figure class=\"embed\">\n<div class=\"cl-cl-14 margin-0\"><img decoding=\"async\" class=\"lazy-lotta ls-is-cached lazyloaded\" src=\"https:\/\/www.campoenaccion.com\/galeria\/fotos\/2023\/09\/26\/o_1695731829.jpg\" alt=\"\" width=\"100%\" data-src=\"https:\/\/www.campoenaccion.com\/galeria\/fotos\/2023\/09\/26\/o_1695731829.jpg\" \/><\/div>\n<\/figure>\n<p>Esta estimaci\u00f3n de la demanda de ma\u00edz en Entre R\u00edos proporciona una visi\u00f3n esencial sobre el equilibrio entre la producci\u00f3n y el consumo de este importante cultivo en la regi\u00f3n.<\/p>\n<p>Para este an\u00e1lisis, se consideraron los datos de Senasa sobre el origen y destino de la faena de bovinos y porcinos en la provincia de Entre R\u00edos. Se incluyeron tanto los animales faenados dentro de la provincia como los enviados a otras provincias, para as\u00ed estimar la demanda de ma\u00edz para nutrici\u00f3n animal. Seg\u00fan estos datos, el 40% de los env\u00edos a faena de bovinos y porcinos en Entre R\u00edos se realizan dentro de la misma provincia.<\/p>\n","protected":false},"excerpt":{"rendered":"<p>La Bolsa de Cereales de Entre R\u00edos y la Facultad de Ciencias Econ\u00f3micas de Universidad Nacional de Entre R\u00edos, llevaron adelante el estudio de estimaci\u00f3n de la demanda de ma\u00edz en la provincia de Entre R\u00edos.<\/p>\n","protected":false},"author":8,"featured_media":82898,"comment_status":"open","ping_status":"open","sticky":false,"template":"","format":"standard","meta":{"fifu_image_url":"","fifu_image_alt":"","footnotes":""},"categories":[10],"tags":[3486,81,273],"class_list":{"0":"post-167470","1":"post","2":"type-post","3":"status-publish","4":"format-standard","5":"has-post-thumbnail","7":"category-campo","8":"tag-bolsa-de-cereales-de-entre-rios","9":"tag-entre-rios","10":"tag-maiz"},"yoast_head":"<title>A Entre R\u00edos le faltan casi un mill\u00f3n de toneladas de ma\u00edz para abastecer el consumo interno - Informe Litoral<\/title>\n<meta name=\"robots\" content=\"index, follow, max-snippet:-1, max-image-preview:large, max-video-preview:-1\" \/>\n<link rel=\"canonical\" href=\"https:\/\/informelitoral.com.ar\/a-entre-rios-le-faltan-casi-un-millon-de-toneladas-de-maiz-para-abastecer-el-consumo-interno\/\" \/>\n<meta property=\"og:locale\" content=\"es_ES\" \/>\n<meta property=\"og:type\" content=\"article\" \/>\n<meta property=\"og:title\" content=\"A Entre R\u00edos le faltan casi un mill\u00f3n de toneladas de ma\u00edz para abastecer el consumo interno - Informe Litoral\" \/>\n<meta property=\"og:description\" content=\"La Bolsa de Cereales de Entre R\u00edos y la Facultad de Ciencias Econ\u00f3micas de Universidad Nacional de Entre R\u00edos, llevaron adelante el estudio de estimaci\u00f3n de la demanda de ma\u00edz en la provincia de Entre R\u00edos.\" \/>\n<meta property=\"og:url\" content=\"https:\/\/informelitoral.com.ar\/a-entre-rios-le-faltan-casi-un-millon-de-toneladas-de-maiz-para-abastecer-el-consumo-interno\/\" \/>\n<meta property=\"og:site_name\" content=\"Informe Litoral\" \/>\n<meta property=\"article:publisher\" content=\"https:\/\/www.facebook.com\/informelitoral\/\" \/>\n<meta property=\"article:published_time\" content=\"2023-09-28T12:05:36+00:00\" \/>\n<meta property=\"article:modified_time\" content=\"2023-09-29T10:41:20+00:00\" \/>\n<meta property=\"og:image\" content=\"https:\/\/informelitoral.com.ar\/%77%70%2d%63%6f%6e%74%65%6e%74\/uploads\/2022\/08\/Maiz-1024x675-1.jpg\" \/>\n\t<meta property=\"og:image:width\" content=\"1024\" \/>\n\t<meta property=\"og:image:height\" content=\"675\" \/>\n\t<meta property=\"og:image:type\" content=\"image\/jpeg\" \/>\n<meta name=\"author\" content=\"Sebastian\" \/>\n<meta name=\"twitter:card\" content=\"summary_large_image\" \/>\n<meta name=\"twitter:creator\" content=\"@InformeLitoral\" \/>\n<meta name=\"twitter:site\" content=\"@InformeLitoral\" \/>\n<meta name=\"twitter:label1\" content=\"Escrito por\" \/>\n\t<meta name=\"twitter:data1\" content=\"Sebastian\" \/>\n\t<meta name=\"twitter:label2\" content=\"Tiempo de lectura\" \/>\n\t<meta name=\"twitter:data2\" content=\"2 minutos\" \/>\n<script type=\"application\/ld+json\" class=\"yoast-schema-graph\">{\"@context\":\"https:\\\/\\\/schema.org\",\"@graph\":[{\"@type\":\"Article\",\"@id\":\"https:\\\/\\\/informelitoral.com.ar\\\/a-entre-rios-le-faltan-casi-un-millon-de-toneladas-de-maiz-para-abastecer-el-consumo-interno\\\/#article\",\"isPartOf\":{\"@id\":\"https:\\\/\\\/informelitoral.com.ar\\\/a-entre-rios-le-faltan-casi-un-millon-de-toneladas-de-maiz-para-abastecer-el-consumo-interno\\\/\"},\"author\":{\"name\":\"Sebastian\",\"@id\":\"https:\\\/\\\/informelitoral.com.ar\\\/#\\\/schema\\\/person\\\/f05f9f461677119578717524b127d6d5\"},\"headline\":\"A Entre R\u00edos le faltan casi un mill\u00f3n de toneladas de ma\u00edz para abastecer el consumo interno\",\"datePublished\":\"2023-09-28T12:05:36+00:00\",\"dateModified\":\"2023-09-29T10:41:20+00:00\",\"mainEntityOfPage\":{\"@id\":\"https:\\\/\\\/informelitoral.com.ar\\\/a-entre-rios-le-faltan-casi-un-millon-de-toneladas-de-maiz-para-abastecer-el-consumo-interno\\\/\"},\"wordCount\":365,\"commentCount\":0,\"publisher\":{\"@id\":\"https:\\\/\\\/informelitoral.com.ar\\\/#organization\"},\"image\":{\"@id\":\"https:\\\/\\\/informelitoral.com.ar\\\/a-entre-rios-le-faltan-casi-un-millon-de-toneladas-de-maiz-para-abastecer-el-consumo-interno\\\/#primaryimage\"},\"thumbnailUrl\":\"https:\\\/\\\/informelitoral.com.ar\\\/%77%70%2d%63%6f%6e%74%65%6e%74\\\/uploads\\\/2022\\\/08\\\/Maiz-1024x675-1.jpg\",\"keywords\":[\"Bolsa de Cereales de Entre R\u00edos\",\"Entre R\u00edos\",\"Ma\u00edz\"],\"articleSection\":[\"Campo\"],\"inLanguage\":\"es\",\"potentialAction\":[{\"@type\":\"CommentAction\",\"name\":\"Comment\",\"target\":[\"https:\\\/\\\/informelitoral.com.ar\\\/a-entre-rios-le-faltan-casi-un-millon-de-toneladas-de-maiz-para-abastecer-el-consumo-interno\\\/#respond\"]}]},{\"@type\":\"WebPage\",\"@id\":\"https:\\\/\\\/informelitoral.com.ar\\\/a-entre-rios-le-faltan-casi-un-millon-de-toneladas-de-maiz-para-abastecer-el-consumo-interno\\\/\",\"url\":\"https:\\\/\\\/informelitoral.com.ar\\\/a-entre-rios-le-faltan-casi-un-millon-de-toneladas-de-maiz-para-abastecer-el-consumo-interno\\\/\",\"name\":\"A Entre R\u00edos le faltan casi un mill\u00f3n de toneladas de ma\u00edz para abastecer el consumo interno - Informe Litoral\",\"isPartOf\":{\"@id\":\"https:\\\/\\\/informelitoral.com.ar\\\/#website\"},\"primaryImageOfPage\":{\"@id\":\"https:\\\/\\\/informelitoral.com.ar\\\/a-entre-rios-le-faltan-casi-un-millon-de-toneladas-de-maiz-para-abastecer-el-consumo-interno\\\/#primaryimage\"},\"image\":{\"@id\":\"https:\\\/\\\/informelitoral.com.ar\\\/a-entre-rios-le-faltan-casi-un-millon-de-toneladas-de-maiz-para-abastecer-el-consumo-interno\\\/#primaryimage\"},\"thumbnailUrl\":\"https:\\\/\\\/informelitoral.com.ar\\\/%77%70%2d%63%6f%6e%74%65%6e%74\\\/uploads\\\/2022\\\/08\\\/Maiz-1024x675-1.jpg\",\"datePublished\":\"2023-09-28T12:05:36+00:00\",\"dateModified\":\"2023-09-29T10:41:20+00:00\",\"breadcrumb\":{\"@id\":\"https:\\\/\\\/informelitoral.com.ar\\\/a-entre-rios-le-faltan-casi-un-millon-de-toneladas-de-maiz-para-abastecer-el-consumo-interno\\\/#breadcrumb\"},\"inLanguage\":\"es\",\"potentialAction\":[{\"@type\":\"ReadAction\",\"target\":[\"https:\\\/\\\/informelitoral.com.ar\\\/a-entre-rios-le-faltan-casi-un-millon-de-toneladas-de-maiz-para-abastecer-el-consumo-interno\\\/\"]}]},{\"@type\":\"ImageObject\",\"inLanguage\":\"es\",\"@id\":\"https:\\\/\\\/informelitoral.com.ar\\\/a-entre-rios-le-faltan-casi-un-millon-de-toneladas-de-maiz-para-abastecer-el-consumo-interno\\\/#primaryimage\",\"url\":\"https:\\\/\\\/informelitoral.com.ar\\\/%77%70%2d%63%6f%6e%74%65%6e%74\\\/uploads\\\/2022\\\/08\\\/Maiz-1024x675-1.jpg\",\"contentUrl\":\"https:\\\/\\\/informelitoral.com.ar\\\/%77%70%2d%63%6f%6e%74%65%6e%74\\\/uploads\\\/2022\\\/08\\\/Maiz-1024x675-1.jpg\",\"width\":1024,\"height\":675},{\"@type\":\"BreadcrumbList\",\"@id\":\"https:\\\/\\\/informelitoral.com.ar\\\/a-entre-rios-le-faltan-casi-un-millon-de-toneladas-de-maiz-para-abastecer-el-consumo-interno\\\/#breadcrumb\",\"itemListElement\":[{\"@type\":\"ListItem\",\"position\":1,\"name\":\"Portada\",\"item\":\"https:\\\/\\\/informelitoral.com.ar\\\/\"},{\"@type\":\"ListItem\",\"position\":2,\"name\":\"A Entre R\u00edos le faltan casi un mill\u00f3n de toneladas de ma\u00edz para abastecer el consumo interno\"}]},{\"@type\":\"WebSite\",\"@id\":\"https:\\\/\\\/informelitoral.com.ar\\\/#website\",\"url\":\"https:\\\/\\\/informelitoral.com.ar\\\/\",\"name\":\"Informe Litoral\",\"description\":\"&quot;Nos informamos&quot; \",\"publisher\":{\"@id\":\"https:\\\/\\\/informelitoral.com.ar\\\/#organization\"},\"potentialAction\":[{\"@type\":\"SearchAction\",\"target\":{\"@type\":\"EntryPoint\",\"urlTemplate\":\"https:\\\/\\\/informelitoral.com.ar\\\/?s={search_term_string}\"},\"query-input\":{\"@type\":\"PropertyValueSpecification\",\"valueRequired\":true,\"valueName\":\"search_term_string\"}}],\"inLanguage\":\"es\"},{\"@type\":\"Organization\",\"@id\":\"https:\\\/\\\/informelitoral.com.ar\\\/#organization\",\"name\":\"Informe Litoral\",\"url\":\"https:\\\/\\\/informelitoral.com.ar\\\/\",\"logo\":{\"@type\":\"ImageObject\",\"inLanguage\":\"es\",\"@id\":\"https:\\\/\\\/informelitoral.com.ar\\\/#\\\/schema\\\/logo\\\/image\\\/\",\"url\":\"https:\\\/\\\/informelitoral.com.ar\\\/%77%70%2d%63%6f%6e%74%65%6e%74\\\/uploads\\\/2021\\\/01\\\/circulo.png\",\"contentUrl\":\"https:\\\/\\\/informelitoral.com.ar\\\/%77%70%2d%63%6f%6e%74%65%6e%74\\\/uploads\\\/2021\\\/01\\\/circulo.png\",\"width\":723,\"height\":731,\"caption\":\"Informe Litoral\"},\"image\":{\"@id\":\"https:\\\/\\\/informelitoral.com.ar\\\/#\\\/schema\\\/logo\\\/image\\\/\"},\"sameAs\":[\"https:\\\/\\\/www.facebook.com\\\/informelitoral\\\/\",\"https:\\\/\\\/x.com\\\/InformeLitoral\",\"https:\\\/\\\/www.instagram.com\\\/informelitoral\\\/\",\"https:\\\/\\\/www.youtube.com\\\/channel\\\/UCua4Qvz8Icb6MYqhoq9xLXw\"]},{\"@type\":\"Person\",\"@id\":\"https:\\\/\\\/informelitoral.com.ar\\\/#\\\/schema\\\/person\\\/f05f9f461677119578717524b127d6d5\",\"name\":\"Sebastian\",\"image\":{\"@type\":\"ImageObject\",\"inLanguage\":\"es\",\"@id\":\"https:\\\/\\\/secure.gravatar.com\\\/avatar\\\/b71bf7481d447dfb9583c7f2798e7cc64de6efb9067b74633ed8c31059a3bd82?s=96&d=mm&r=g\",\"url\":\"https:\\\/\\\/secure.gravatar.com\\\/avatar\\\/b71bf7481d447dfb9583c7f2798e7cc64de6efb9067b74633ed8c31059a3bd82?s=96&d=mm&r=g\",\"contentUrl\":\"https:\\\/\\\/secure.gravatar.com\\\/avatar\\\/b71bf7481d447dfb9583c7f2798e7cc64de6efb9067b74633ed8c31059a3bd82?s=96&d=mm&r=g\",\"caption\":\"Sebastian\"},\"url\":\"https:\\\/\\\/informelitoral.com.ar\\\/author\\\/sebastian\\\/\"}]}<\/script>","yoast_head_json":{"title":"A Entre R\u00edos le faltan casi un mill\u00f3n de toneladas de ma\u00edz para abastecer el consumo interno - Informe Litoral","robots":{"index":"index","follow":"follow","max-snippet":"max-snippet:-1","max-image-preview":"max-image-preview:large","max-video-preview":"max-video-preview:-1"},"canonical":"https:\/\/informelitoral.com.ar\/a-entre-rios-le-faltan-casi-un-millon-de-toneladas-de-maiz-para-abastecer-el-consumo-interno\/","og_locale":"es_ES","og_type":"article","og_title":"A Entre R\u00edos le faltan casi un mill\u00f3n de toneladas de ma\u00edz para abastecer el consumo interno - Informe Litoral","og_description":"La Bolsa de Cereales de Entre R\u00edos y la Facultad de Ciencias Econ\u00f3micas de Universidad Nacional de Entre R\u00edos, llevaron adelante el estudio de estimaci\u00f3n de la demanda de ma\u00edz en la provincia de Entre R\u00edos.","og_url":"https:\/\/informelitoral.com.ar\/a-entre-rios-le-faltan-casi-un-millon-de-toneladas-de-maiz-para-abastecer-el-consumo-interno\/","og_site_name":"Informe Litoral","article_publisher":"https:\/\/www.facebook.com\/informelitoral\/","article_published_time":"2023-09-28T12:05:36+00:00","article_modified_time":"2023-09-29T10:41:20+00:00","og_image":[{"width":1024,"height":675,"url":"https:\/\/informelitoral.com.ar\/%77%70%2d%63%6f%6e%74%65%6e%74\/uploads\/2022\/08\/Maiz-1024x675-1.jpg","type":"image\/jpeg"}],"author":"Sebastian","twitter_card":"summary_large_image","twitter_creator":"@InformeLitoral","twitter_site":"@InformeLitoral","twitter_misc":{"Escrito por":"Sebastian","Tiempo de lectura":"2 minutos"},"schema":{"@context":"https:\/\/schema.org","@graph":[{"@type":"Article","@id":"https:\/\/informelitoral.com.ar\/a-entre-rios-le-faltan-casi-un-millon-de-toneladas-de-maiz-para-abastecer-el-consumo-interno\/#article","isPartOf":{"@id":"https:\/\/informelitoral.com.ar\/a-entre-rios-le-faltan-casi-un-millon-de-toneladas-de-maiz-para-abastecer-el-consumo-interno\/"},"author":{"name":"Sebastian","@id":"https:\/\/informelitoral.com.ar\/#\/schema\/person\/f05f9f461677119578717524b127d6d5"},"headline":"A Entre R\u00edos le faltan casi un mill\u00f3n de toneladas de ma\u00edz para abastecer el consumo interno","datePublished":"2023-09-28T12:05:36+00:00","dateModified":"2023-09-29T10:41:20+00:00","mainEntityOfPage":{"@id":"https:\/\/informelitoral.com.ar\/a-entre-rios-le-faltan-casi-un-millon-de-toneladas-de-maiz-para-abastecer-el-consumo-interno\/"},"wordCount":365,"commentCount":0,"publisher":{"@id":"https:\/\/informelitoral.com.ar\/#organization"},"image":{"@id":"https:\/\/informelitoral.com.ar\/a-entre-rios-le-faltan-casi-un-millon-de-toneladas-de-maiz-para-abastecer-el-consumo-interno\/#primaryimage"},"thumbnailUrl":"https:\/\/informelitoral.com.ar\/%77%70%2d%63%6f%6e%74%65%6e%74\/uploads\/2022\/08\/Maiz-1024x675-1.jpg","keywords":["Bolsa de Cereales de Entre R\u00edos","Entre R\u00edos","Ma\u00edz"],"articleSection":["Campo"],"inLanguage":"es","potentialAction":[{"@type":"CommentAction","name":"Comment","target":["https:\/\/informelitoral.com.ar\/a-entre-rios-le-faltan-casi-un-millon-de-toneladas-de-maiz-para-abastecer-el-consumo-interno\/#respond"]}]},{"@type":"WebPage","@id":"https:\/\/informelitoral.com.ar\/a-entre-rios-le-faltan-casi-un-millon-de-toneladas-de-maiz-para-abastecer-el-consumo-interno\/","url":"https:\/\/informelitoral.com.ar\/a-entre-rios-le-faltan-casi-un-millon-de-toneladas-de-maiz-para-abastecer-el-consumo-interno\/","name":"A Entre R\u00edos le faltan casi un mill\u00f3n de toneladas de ma\u00edz para abastecer el consumo interno - Informe Litoral","isPartOf":{"@id":"https:\/\/informelitoral.com.ar\/#website"},"primaryImageOfPage":{"@id":"https:\/\/informelitoral.com.ar\/a-entre-rios-le-faltan-casi-un-millon-de-toneladas-de-maiz-para-abastecer-el-consumo-interno\/#primaryimage"},"image":{"@id":"https:\/\/informelitoral.com.ar\/a-entre-rios-le-faltan-casi-un-millon-de-toneladas-de-maiz-para-abastecer-el-consumo-interno\/#primaryimage"},"thumbnailUrl":"https:\/\/informelitoral.com.ar\/%77%70%2d%63%6f%6e%74%65%6e%74\/uploads\/2022\/08\/Maiz-1024x675-1.jpg","datePublished":"2023-09-28T12:05:36+00:00","dateModified":"2023-09-29T10:41:20+00:00","breadcrumb":{"@id":"https:\/\/informelitoral.com.ar\/a-entre-rios-le-faltan-casi-un-millon-de-toneladas-de-maiz-para-abastecer-el-consumo-interno\/#breadcrumb"},"inLanguage":"es","potentialAction":[{"@type":"ReadAction","target":["https:\/\/informelitoral.com.ar\/a-entre-rios-le-faltan-casi-un-millon-de-toneladas-de-maiz-para-abastecer-el-consumo-interno\/"]}]},{"@type":"ImageObject","inLanguage":"es","@id":"https:\/\/informelitoral.com.ar\/a-entre-rios-le-faltan-casi-un-millon-de-toneladas-de-maiz-para-abastecer-el-consumo-interno\/#primaryimage","url":"https:\/\/informelitoral.com.ar\/%77%70%2d%63%6f%6e%74%65%6e%74\/uploads\/2022\/08\/Maiz-1024x675-1.jpg","contentUrl":"https:\/\/informelitoral.com.ar\/%77%70%2d%63%6f%6e%74%65%6e%74\/uploads\/2022\/08\/Maiz-1024x675-1.jpg","width":1024,"height":675},{"@type":"BreadcrumbList","@id":"https:\/\/informelitoral.com.ar\/a-entre-rios-le-faltan-casi-un-millon-de-toneladas-de-maiz-para-abastecer-el-consumo-interno\/#breadcrumb","itemListElement":[{"@type":"ListItem","position":1,"name":"Portada","item":"https:\/\/informelitoral.com.ar\/"},{"@type":"ListItem","position":2,"name":"A Entre R\u00edos le faltan casi un mill\u00f3n de toneladas de ma\u00edz para abastecer el consumo interno"}]},{"@type":"WebSite","@id":"https:\/\/informelitoral.com.ar\/#website","url":"https:\/\/informelitoral.com.ar\/","name":"Informe Litoral","description":"&quot;Nos informamos&quot; ","publisher":{"@id":"https:\/\/informelitoral.com.ar\/#organization"},"potentialAction":[{"@type":"SearchAction","target":{"@type":"EntryPoint","urlTemplate":"https:\/\/informelitoral.com.ar\/?s={search_term_string}"},"query-input":{"@type":"PropertyValueSpecification","valueRequired":true,"valueName":"search_term_string"}}],"inLanguage":"es"},{"@type":"Organization","@id":"https:\/\/informelitoral.com.ar\/#organization","name":"Informe Litoral","url":"https:\/\/informelitoral.com.ar\/","logo":{"@type":"ImageObject","inLanguage":"es","@id":"https:\/\/informelitoral.com.ar\/#\/schema\/logo\/image\/","url":"https:\/\/informelitoral.com.ar\/%77%70%2d%63%6f%6e%74%65%6e%74\/uploads\/2021\/01\/circulo.png","contentUrl":"https:\/\/informelitoral.com.ar\/%77%70%2d%63%6f%6e%74%65%6e%74\/uploads\/2021\/01\/circulo.png","width":723,"height":731,"caption":"Informe Litoral"},"image":{"@id":"https:\/\/informelitoral.com.ar\/#\/schema\/logo\/image\/"},"sameAs":["https:\/\/www.facebook.com\/informelitoral\/","https:\/\/x.com\/InformeLitoral","https:\/\/www.instagram.com\/informelitoral\/","https:\/\/www.youtube.com\/channel\/UCua4Qvz8Icb6MYqhoq9xLXw"]},{"@type":"Person","@id":"https:\/\/informelitoral.com.ar\/#\/schema\/person\/f05f9f461677119578717524b127d6d5","name":"Sebastian","image":{"@type":"ImageObject","inLanguage":"es","@id":"https:\/\/secure.gravatar.com\/avatar\/b71bf7481d447dfb9583c7f2798e7cc64de6efb9067b74633ed8c31059a3bd82?s=96&d=mm&r=g","url":"https:\/\/secure.gravatar.com\/avatar\/b71bf7481d447dfb9583c7f2798e7cc64de6efb9067b74633ed8c31059a3bd82?s=96&d=mm&r=g","contentUrl":"https:\/\/secure.gravatar.com\/avatar\/b71bf7481d447dfb9583c7f2798e7cc64de6efb9067b74633ed8c31059a3bd82?s=96&d=mm&r=g","caption":"Sebastian"},"url":"https:\/\/informelitoral.com.ar\/author\/sebastian\/"}]}},"_links":{"self":[{"href":"https:\/\/informelitoral.com.ar\/%77%70%2d%6a%73%6f%6e\/wp\/v2\/posts\/167470","targetHints":{"allow":["GET"]}}],"collection":[{"href":"https:\/\/informelitoral.com.ar\/%77%70%2d%6a%73%6f%6e\/wp\/v2\/posts"}],"about":[{"href":"https:\/\/informelitoral.com.ar\/%77%70%2d%6a%73%6f%6e\/wp\/v2\/types\/post"}],"author":[{"embeddable":true,"href":"https:\/\/informelitoral.com.ar\/%77%70%2d%6a%73%6f%6e\/wp\/v2\/users\/8"}],"replies":[{"embeddable":true,"href":"https:\/\/informelitoral.com.ar\/%77%70%2d%6a%73%6f%6e\/wp\/v2\/comments?post=167470"}],"version-history":[{"count":0,"href":"https:\/\/informelitoral.com.ar\/%77%70%2d%6a%73%6f%6e\/wp\/v2\/posts\/167470\/revisions"}],"wp:featuredmedia":[{"embeddable":true,"href":"https:\/\/informelitoral.com.ar\/%77%70%2d%6a%73%6f%6e\/wp\/v2\/media\/82898"}],"wp:attachment":[{"href":"https:\/\/informelitoral.com.ar\/%77%70%2d%6a%73%6f%6e\/wp\/v2\/media?parent=167470"}],"wp:term":[{"taxonomy":"category","embeddable":true,"href":"https:\/\/informelitoral.com.ar\/%77%70%2d%6a%73%6f%6e\/wp\/v2\/categories?post=167470"},{"taxonomy":"post_tag","embeddable":true,"href":"https:\/\/informelitoral.com.ar\/%77%70%2d%6a%73%6f%6e\/wp\/v2\/tags?post=167470"}],"curies":[{"name":"wp","href":"https:\/\/api.w.org\/{rel}","templated":true}]}}