{"id":167460,"date":"2023-09-28T08:46:06","date_gmt":"2023-09-28T11:46:06","guid":{"rendered":"https:\/\/www.informelitoral.com.ar\/?p=167460"},"modified":"2023-09-29T07:43:51","modified_gmt":"2023-09-29T10:43:51","slug":"boca-espera-al-palmeiras-con-el-sueno-intacto-de-quedar-mas-cerca-de-la-septima-copa-libertadores","status":"publish","type":"post","link":"https:\/\/informelitoral.com.ar\/boca-espera-al-palmeiras-con-el-sueno-intacto-de-quedar-mas-cerca-de-la-septima-copa-libertadores\/","title":{"rendered":"Boca espera al Palmeiras con el sue\u00f1o intacto de quedar m\u00e1s cerca de la s\u00e9ptima Copa Libertadores"},"content":{"rendered":"<p><strong>Boca recibe a Palmeiras de Brasil<\/strong>, en condici\u00f3n de local, este mi\u00e9rcoles en el marco de la\u00a0<strong>primera semifinal de la Copa CONMEBOL Libertadores de Am\u00e9rica.<\/strong><\/p>\n<p>El encuentro se disputar\u00e1 desde las<strong>\u00a021.30 en el estadio La Bombonera<\/strong>, tendr\u00e1 el\u00a0<strong>arbitraje del colombiano Wilmar Rold\u00e1n<\/strong>, el\u00a0<strong>chileno Juan Lara estar\u00e1 a cargo del VAR<\/strong>\u00a0y contar\u00e1 con la transmisi\u00f3n en directo de la<strong>\u00a0se\u00f1al deportiva Fox Sports y, tambi\u00e9n, Telefe.<\/strong><\/p>\n<p>El \u201cXeneize\u201d viene de empatar, en condici\u00f3n de local,\u00a0<strong>1-1 con Lan\u00fas<\/strong>\u00a0en un partido que el equipo de Jorge Almir\u00f3n,\u00a0<strong>al igual que en la victoria ante Central C\u00f3rdoba de Santiago del Estero, volvi\u00f3 a mostrar una superioridad con respecto a su rival pero no pudo vencer la resistencia del arquero Alan Aguerre<\/strong>\u00a0que salv\u00f3 la valla \u201cgranate\u201d en varias ocasiones.<\/p>\n<p>A pesar de haber sido el encuentro previo a Palmeiras, el ex director t\u00e9cnico de Independiente decidi\u00f3 poner ante los de Sebasti\u00e1n Salmer\u00f3n\u00a0<strong>lo mejor que ten\u00eda y no se guard\u00f3 nada pensando en el duelo ante el \u201cVerdao\u201d.<\/strong><\/p>\n<p>Con respecto a la igualdad ante los del Sur del Gran Buenos Aires, Jorge Almir\u00f3n modificar\u00eda el esquema y\u00a0<strong>pasar\u00eda de un 4-3-3 a un 4-4-2 con tres cambios<\/strong>\u00a0en los nombres:<strong>\u00a0el peruano Luis Advincula ingresar\u00eda por Marcelo Weigandt en el lateral derecho<\/strong>,\u00a0<strong>Cristi\u00e1n Medina reemplazar\u00eda a Exequiel Zeballos formando la l\u00ednea de cuatro en el medio<\/strong>\u00a0y\u00a0<strong>el uruguayo Miguel Merentiel entrar\u00eda por Lucas Janson<\/strong>\u00a0en la delantera para acompa\u00f1ar a su compatriota, Edinson Cavani.<\/p>\n<p>Por su parte,\u00a0<strong>Palmeiras viene de caer 1-0 con el Gremio de Porto Alegre, por la fecha 24 del Brasileirao<\/strong>, dejando atr\u00e1s una racha de ocho partidos invictos con cinco triunfos y cero goles en contra. Para este partido, el entrenador portugu\u00e9s Abel Ferreira realizar\u00eda una sola modificaci\u00f3n:\u00a0<strong>el ingreso de Rony por Endrick<\/strong>, la joya de 17 a\u00f1os codiciada por los grandes del f\u00fatbol europeo.<\/p>\n<h3>Las siguientes son las probables formaciones y otros detalles del encuentro<\/h3>\n<p><strong>Copa CONMEBOL Libertadores de Am\u00e9rica &#8211; Semifinal &#8211; Partido de Ida<\/strong><br \/>\n<strong>Boca Juniors &#8211; Palmeiras de Brasil<\/strong><br \/>\n<strong>Estadio:<\/strong>\u00a0La Bombonera, Capital Federal.<br \/>\n<strong>\u00c1rbitro:<\/strong>\u00a0Wilmar Rold\u00e1n ( Colombia ).<br \/>\n<strong>VAR:<\/strong>\u00a0Juan Lara ( Chile ).<br \/>\n<strong>Hora:<\/strong>\u00a021.30\u00a0 \u00a0 \u00a0\u00a0<strong>TV:<\/strong>\u00a0FOX Sports\/Telefe.<\/p>\n<p><strong>Boca:<\/strong>\u00a0Sergio Romero; Luis Advincula, Nicol\u00e1s Figal, Marcos Rojo, Frank Fabra; Cristi\u00e1n Medina, Ezequiel Fern\u00e1ndez, Guillermo Fern\u00e1ndez, Valent\u00edn Barco; Edinson Cavani y Miguel Merentiel. DT: Jorge Almir\u00f3n.<\/p>\n<p><strong>Palmeiras de Brasil:<\/strong>\u00a0Weverton; Marcos Rocha, Gustavo G\u00f3mez, Murilo Cerqueira y Joaqu\u00edn Piquerez; Z\u00e9 Rafael, Gabriel Menino, Mayke, Raphael Veiga, Artur; Rony. DT: Abel Ferreira<\/p>\n","protected":false},"excerpt":{"rendered":"<p>El partido de ida de semifinales se jugar\u00e1 esta noche desde las 21.30 en La Bombonera. Televisi\u00f3n, formaciones y todos los detalles.<\/p>\n","protected":false},"author":8,"featured_media":161468,"comment_status":"open","ping_status":"open","sticky":false,"template":"","format":"standard","meta":{"fifu_image_url":"","fifu_image_alt":"","footnotes":""},"categories":[13],"tags":[384,400],"class_list":{"0":"post-167460","1":"post","2":"type-post","3":"status-publish","4":"format-standard","5":"has-post-thumbnail","7":"category-deportes","8":"tag-boca-juniors","9":"tag-copa-libertadores"},"yoast_head":"<title>Boca espera al Palmeiras con el sue\u00f1o intacto de quedar m\u00e1s cerca de la s\u00e9ptima Copa Libertadores - Informe Litoral<\/title>\n<meta name=\"robots\" content=\"index, follow, max-snippet:-1, max-image-preview:large, max-video-preview:-1\" \/>\n<link rel=\"canonical\" href=\"https:\/\/informelitoral.com.ar\/boca-espera-al-palmeiras-con-el-sueno-intacto-de-quedar-mas-cerca-de-la-septima-copa-libertadores\/\" \/>\n<meta property=\"og:locale\" content=\"es_ES\" \/>\n<meta property=\"og:type\" content=\"article\" \/>\n<meta property=\"og:title\" content=\"Boca espera al Palmeiras con el sue\u00f1o intacto de quedar m\u00e1s cerca de la s\u00e9ptima Copa Libertadores - Informe Litoral\" \/>\n<meta property=\"og:description\" content=\"El partido de ida de semifinales se jugar\u00e1 esta noche desde las 21.30 en La Bombonera. Televisi\u00f3n, formaciones y todos los detalles.\" \/>\n<meta property=\"og:url\" content=\"https:\/\/informelitoral.com.ar\/boca-espera-al-palmeiras-con-el-sueno-intacto-de-quedar-mas-cerca-de-la-septima-copa-libertadores\/\" \/>\n<meta property=\"og:site_name\" content=\"Informe Litoral\" \/>\n<meta property=\"article:publisher\" content=\"https:\/\/www.facebook.com\/informelitoral\/\" \/>\n<meta property=\"article:published_time\" content=\"2023-09-28T11:46:06+00:00\" \/>\n<meta property=\"article:modified_time\" content=\"2023-09-29T10:43:51+00:00\" \/>\n<meta property=\"og:image\" content=\"https:\/\/informelitoral.com.ar\/%77%70%2d%63%6f%6e%74%65%6e%74\/uploads\/2023\/08\/boca-copa-libertadores-sergio-romero-edinson-cavani.webp\" \/>\n\t<meta property=\"og:image:width\" content=\"790\" \/>\n\t<meta property=\"og:image:height\" content=\"573\" \/>\n\t<meta property=\"og:image:type\" content=\"image\/webp\" \/>\n<meta name=\"author\" content=\"Sebastian\" \/>\n<meta name=\"twitter:card\" content=\"summary_large_image\" \/>\n<meta name=\"twitter:creator\" content=\"@InformeLitoral\" \/>\n<meta name=\"twitter:site\" content=\"@InformeLitoral\" \/>\n<meta name=\"twitter:label1\" content=\"Escrito por\" \/>\n\t<meta name=\"twitter:data1\" content=\"Sebastian\" \/>\n\t<meta name=\"twitter:label2\" content=\"Tiempo de lectura\" \/>\n\t<meta name=\"twitter:data2\" content=\"2 minutos\" \/>\n<script type=\"application\/ld+json\" class=\"yoast-schema-graph\">{\"@context\":\"https:\\\/\\\/schema.org\",\"@graph\":[{\"@type\":\"Article\",\"@id\":\"https:\\\/\\\/informelitoral.com.ar\\\/boca-espera-al-palmeiras-con-el-sueno-intacto-de-quedar-mas-cerca-de-la-septima-copa-libertadores\\\/#article\",\"isPartOf\":{\"@id\":\"https:\\\/\\\/informelitoral.com.ar\\\/boca-espera-al-palmeiras-con-el-sueno-intacto-de-quedar-mas-cerca-de-la-septima-copa-libertadores\\\/\"},\"author\":{\"name\":\"Sebastian\",\"@id\":\"https:\\\/\\\/informelitoral.com.ar\\\/#\\\/schema\\\/person\\\/f05f9f461677119578717524b127d6d5\"},\"headline\":\"Boca espera al Palmeiras con el sue\u00f1o intacto de quedar m\u00e1s cerca de la s\u00e9ptima Copa Libertadores\",\"datePublished\":\"2023-09-28T11:46:06+00:00\",\"dateModified\":\"2023-09-29T10:43:51+00:00\",\"mainEntityOfPage\":{\"@id\":\"https:\\\/\\\/informelitoral.com.ar\\\/boca-espera-al-palmeiras-con-el-sueno-intacto-de-quedar-mas-cerca-de-la-septima-copa-libertadores\\\/\"},\"wordCount\":471,\"commentCount\":0,\"publisher\":{\"@id\":\"https:\\\/\\\/informelitoral.com.ar\\\/#organization\"},\"image\":{\"@id\":\"https:\\\/\\\/informelitoral.com.ar\\\/boca-espera-al-palmeiras-con-el-sueno-intacto-de-quedar-mas-cerca-de-la-septima-copa-libertadores\\\/#primaryimage\"},\"thumbnailUrl\":\"https:\\\/\\\/informelitoral.com.ar\\\/%77%70%2d%63%6f%6e%74%65%6e%74\\\/uploads\\\/2023\\\/08\\\/boca-copa-libertadores-sergio-romero-edinson-cavani.webp\",\"keywords\":[\"Boca Juniors\",\"Copa Libertadores\"],\"articleSection\":[\"Deportes\"],\"inLanguage\":\"es\",\"potentialAction\":[{\"@type\":\"CommentAction\",\"name\":\"Comment\",\"target\":[\"https:\\\/\\\/informelitoral.com.ar\\\/boca-espera-al-palmeiras-con-el-sueno-intacto-de-quedar-mas-cerca-de-la-septima-copa-libertadores\\\/#respond\"]}]},{\"@type\":\"WebPage\",\"@id\":\"https:\\\/\\\/informelitoral.com.ar\\\/boca-espera-al-palmeiras-con-el-sueno-intacto-de-quedar-mas-cerca-de-la-septima-copa-libertadores\\\/\",\"url\":\"https:\\\/\\\/informelitoral.com.ar\\\/boca-espera-al-palmeiras-con-el-sueno-intacto-de-quedar-mas-cerca-de-la-septima-copa-libertadores\\\/\",\"name\":\"Boca espera al Palmeiras con el sue\u00f1o intacto de quedar m\u00e1s cerca de la s\u00e9ptima Copa Libertadores - Informe Litoral\",\"isPartOf\":{\"@id\":\"https:\\\/\\\/informelitoral.com.ar\\\/#website\"},\"primaryImageOfPage\":{\"@id\":\"https:\\\/\\\/informelitoral.com.ar\\\/boca-espera-al-palmeiras-con-el-sueno-intacto-de-quedar-mas-cerca-de-la-septima-copa-libertadores\\\/#primaryimage\"},\"image\":{\"@id\":\"https:\\\/\\\/informelitoral.com.ar\\\/boca-espera-al-palmeiras-con-el-sueno-intacto-de-quedar-mas-cerca-de-la-septima-copa-libertadores\\\/#primaryimage\"},\"thumbnailUrl\":\"https:\\\/\\\/informelitoral.com.ar\\\/%77%70%2d%63%6f%6e%74%65%6e%74\\\/uploads\\\/2023\\\/08\\\/boca-copa-libertadores-sergio-romero-edinson-cavani.webp\",\"datePublished\":\"2023-09-28T11:46:06+00:00\",\"dateModified\":\"2023-09-29T10:43:51+00:00\",\"breadcrumb\":{\"@id\":\"https:\\\/\\\/informelitoral.com.ar\\\/boca-espera-al-palmeiras-con-el-sueno-intacto-de-quedar-mas-cerca-de-la-septima-copa-libertadores\\\/#breadcrumb\"},\"inLanguage\":\"es\",\"potentialAction\":[{\"@type\":\"ReadAction\",\"target\":[\"https:\\\/\\\/informelitoral.com.ar\\\/boca-espera-al-palmeiras-con-el-sueno-intacto-de-quedar-mas-cerca-de-la-septima-copa-libertadores\\\/\"]}]},{\"@type\":\"ImageObject\",\"inLanguage\":\"es\",\"@id\":\"https:\\\/\\\/informelitoral.com.ar\\\/boca-espera-al-palmeiras-con-el-sueno-intacto-de-quedar-mas-cerca-de-la-septima-copa-libertadores\\\/#primaryimage\",\"url\":\"https:\\\/\\\/informelitoral.com.ar\\\/%77%70%2d%63%6f%6e%74%65%6e%74\\\/uploads\\\/2023\\\/08\\\/boca-copa-libertadores-sergio-romero-edinson-cavani.webp\",\"contentUrl\":\"https:\\\/\\\/informelitoral.com.ar\\\/%77%70%2d%63%6f%6e%74%65%6e%74\\\/uploads\\\/2023\\\/08\\\/boca-copa-libertadores-sergio-romero-edinson-cavani.webp\",\"width\":790,\"height\":573},{\"@type\":\"BreadcrumbList\",\"@id\":\"https:\\\/\\\/informelitoral.com.ar\\\/boca-espera-al-palmeiras-con-el-sueno-intacto-de-quedar-mas-cerca-de-la-septima-copa-libertadores\\\/#breadcrumb\",\"itemListElement\":[{\"@type\":\"ListItem\",\"position\":1,\"name\":\"Portada\",\"item\":\"https:\\\/\\\/informelitoral.com.ar\\\/\"},{\"@type\":\"ListItem\",\"position\":2,\"name\":\"Boca espera al Palmeiras con el sue\u00f1o intacto de quedar m\u00e1s cerca de la s\u00e9ptima Copa Libertadores\"}]},{\"@type\":\"WebSite\",\"@id\":\"https:\\\/\\\/informelitoral.com.ar\\\/#website\",\"url\":\"https:\\\/\\\/informelitoral.com.ar\\\/\",\"name\":\"Informe Litoral\",\"description\":\"&quot;Nos informamos&quot; \",\"publisher\":{\"@id\":\"https:\\\/\\\/informelitoral.com.ar\\\/#organization\"},\"potentialAction\":[{\"@type\":\"SearchAction\",\"target\":{\"@type\":\"EntryPoint\",\"urlTemplate\":\"https:\\\/\\\/informelitoral.com.ar\\\/?s={search_term_string}\"},\"query-input\":{\"@type\":\"PropertyValueSpecification\",\"valueRequired\":true,\"valueName\":\"search_term_string\"}}],\"inLanguage\":\"es\"},{\"@type\":\"Organization\",\"@id\":\"https:\\\/\\\/informelitoral.com.ar\\\/#organization\",\"name\":\"Informe Litoral\",\"url\":\"https:\\\/\\\/informelitoral.com.ar\\\/\",\"logo\":{\"@type\":\"ImageObject\",\"inLanguage\":\"es\",\"@id\":\"https:\\\/\\\/informelitoral.com.ar\\\/#\\\/schema\\\/logo\\\/image\\\/\",\"url\":\"https:\\\/\\\/informelitoral.com.ar\\\/%77%70%2d%63%6f%6e%74%65%6e%74\\\/uploads\\\/2021\\\/01\\\/circulo.png\",\"contentUrl\":\"https:\\\/\\\/informelitoral.com.ar\\\/%77%70%2d%63%6f%6e%74%65%6e%74\\\/uploads\\\/2021\\\/01\\\/circulo.png\",\"width\":723,\"height\":731,\"caption\":\"Informe Litoral\"},\"image\":{\"@id\":\"https:\\\/\\\/informelitoral.com.ar\\\/#\\\/schema\\\/logo\\\/image\\\/\"},\"sameAs\":[\"https:\\\/\\\/www.facebook.com\\\/informelitoral\\\/\",\"https:\\\/\\\/x.com\\\/InformeLitoral\",\"https:\\\/\\\/www.instagram.com\\\/informelitoral\\\/\",\"https:\\\/\\\/www.youtube.com\\\/channel\\\/UCua4Qvz8Icb6MYqhoq9xLXw\"]},{\"@type\":\"Person\",\"@id\":\"https:\\\/\\\/informelitoral.com.ar\\\/#\\\/schema\\\/person\\\/f05f9f461677119578717524b127d6d5\",\"name\":\"Sebastian\",\"image\":{\"@type\":\"ImageObject\",\"inLanguage\":\"es\",\"@id\":\"https:\\\/\\\/secure.gravatar.com\\\/avatar\\\/b71bf7481d447dfb9583c7f2798e7cc64de6efb9067b74633ed8c31059a3bd82?s=96&d=mm&r=g\",\"url\":\"https:\\\/\\\/secure.gravatar.com\\\/avatar\\\/b71bf7481d447dfb9583c7f2798e7cc64de6efb9067b74633ed8c31059a3bd82?s=96&d=mm&r=g\",\"contentUrl\":\"https:\\\/\\\/secure.gravatar.com\\\/avatar\\\/b71bf7481d447dfb9583c7f2798e7cc64de6efb9067b74633ed8c31059a3bd82?s=96&d=mm&r=g\",\"caption\":\"Sebastian\"},\"url\":\"https:\\\/\\\/informelitoral.com.ar\\\/author\\\/sebastian\\\/\"}]}<\/script>","yoast_head_json":{"title":"Boca espera al Palmeiras con el sue\u00f1o intacto de quedar m\u00e1s cerca de la s\u00e9ptima Copa Libertadores - Informe Litoral","robots":{"index":"index","follow":"follow","max-snippet":"max-snippet:-1","max-image-preview":"max-image-preview:large","max-video-preview":"max-video-preview:-1"},"canonical":"https:\/\/informelitoral.com.ar\/boca-espera-al-palmeiras-con-el-sueno-intacto-de-quedar-mas-cerca-de-la-septima-copa-libertadores\/","og_locale":"es_ES","og_type":"article","og_title":"Boca espera al Palmeiras con el sue\u00f1o intacto de quedar m\u00e1s cerca de la s\u00e9ptima Copa Libertadores - Informe Litoral","og_description":"El partido de ida de semifinales se jugar\u00e1 esta noche desde las 21.30 en La Bombonera. Televisi\u00f3n, formaciones y todos los detalles.","og_url":"https:\/\/informelitoral.com.ar\/boca-espera-al-palmeiras-con-el-sueno-intacto-de-quedar-mas-cerca-de-la-septima-copa-libertadores\/","og_site_name":"Informe Litoral","article_publisher":"https:\/\/www.facebook.com\/informelitoral\/","article_published_time":"2023-09-28T11:46:06+00:00","article_modified_time":"2023-09-29T10:43:51+00:00","og_image":[{"width":790,"height":573,"url":"https:\/\/informelitoral.com.ar\/%77%70%2d%63%6f%6e%74%65%6e%74\/uploads\/2023\/08\/boca-copa-libertadores-sergio-romero-edinson-cavani.webp","type":"image\/webp"}],"author":"Sebastian","twitter_card":"summary_large_image","twitter_creator":"@InformeLitoral","twitter_site":"@InformeLitoral","twitter_misc":{"Escrito por":"Sebastian","Tiempo de lectura":"2 minutos"},"schema":{"@context":"https:\/\/schema.org","@graph":[{"@type":"Article","@id":"https:\/\/informelitoral.com.ar\/boca-espera-al-palmeiras-con-el-sueno-intacto-de-quedar-mas-cerca-de-la-septima-copa-libertadores\/#article","isPartOf":{"@id":"https:\/\/informelitoral.com.ar\/boca-espera-al-palmeiras-con-el-sueno-intacto-de-quedar-mas-cerca-de-la-septima-copa-libertadores\/"},"author":{"name":"Sebastian","@id":"https:\/\/informelitoral.com.ar\/#\/schema\/person\/f05f9f461677119578717524b127d6d5"},"headline":"Boca espera al Palmeiras con el sue\u00f1o intacto de quedar m\u00e1s cerca de la s\u00e9ptima Copa Libertadores","datePublished":"2023-09-28T11:46:06+00:00","dateModified":"2023-09-29T10:43:51+00:00","mainEntityOfPage":{"@id":"https:\/\/informelitoral.com.ar\/boca-espera-al-palmeiras-con-el-sueno-intacto-de-quedar-mas-cerca-de-la-septima-copa-libertadores\/"},"wordCount":471,"commentCount":0,"publisher":{"@id":"https:\/\/informelitoral.com.ar\/#organization"},"image":{"@id":"https:\/\/informelitoral.com.ar\/boca-espera-al-palmeiras-con-el-sueno-intacto-de-quedar-mas-cerca-de-la-septima-copa-libertadores\/#primaryimage"},"thumbnailUrl":"https:\/\/informelitoral.com.ar\/%77%70%2d%63%6f%6e%74%65%6e%74\/uploads\/2023\/08\/boca-copa-libertadores-sergio-romero-edinson-cavani.webp","keywords":["Boca Juniors","Copa Libertadores"],"articleSection":["Deportes"],"inLanguage":"es","potentialAction":[{"@type":"CommentAction","name":"Comment","target":["https:\/\/informelitoral.com.ar\/boca-espera-al-palmeiras-con-el-sueno-intacto-de-quedar-mas-cerca-de-la-septima-copa-libertadores\/#respond"]}]},{"@type":"WebPage","@id":"https:\/\/informelitoral.com.ar\/boca-espera-al-palmeiras-con-el-sueno-intacto-de-quedar-mas-cerca-de-la-septima-copa-libertadores\/","url":"https:\/\/informelitoral.com.ar\/boca-espera-al-palmeiras-con-el-sueno-intacto-de-quedar-mas-cerca-de-la-septima-copa-libertadores\/","name":"Boca espera al Palmeiras con el sue\u00f1o intacto de quedar m\u00e1s cerca de la s\u00e9ptima Copa Libertadores - Informe Litoral","isPartOf":{"@id":"https:\/\/informelitoral.com.ar\/#website"},"primaryImageOfPage":{"@id":"https:\/\/informelitoral.com.ar\/boca-espera-al-palmeiras-con-el-sueno-intacto-de-quedar-mas-cerca-de-la-septima-copa-libertadores\/#primaryimage"},"image":{"@id":"https:\/\/informelitoral.com.ar\/boca-espera-al-palmeiras-con-el-sueno-intacto-de-quedar-mas-cerca-de-la-septima-copa-libertadores\/#primaryimage"},"thumbnailUrl":"https:\/\/informelitoral.com.ar\/%77%70%2d%63%6f%6e%74%65%6e%74\/uploads\/2023\/08\/boca-copa-libertadores-sergio-romero-edinson-cavani.webp","datePublished":"2023-09-28T11:46:06+00:00","dateModified":"2023-09-29T10:43:51+00:00","breadcrumb":{"@id":"https:\/\/informelitoral.com.ar\/boca-espera-al-palmeiras-con-el-sueno-intacto-de-quedar-mas-cerca-de-la-septima-copa-libertadores\/#breadcrumb"},"inLanguage":"es","potentialAction":[{"@type":"ReadAction","target":["https:\/\/informelitoral.com.ar\/boca-espera-al-palmeiras-con-el-sueno-intacto-de-quedar-mas-cerca-de-la-septima-copa-libertadores\/"]}]},{"@type":"ImageObject","inLanguage":"es","@id":"https:\/\/informelitoral.com.ar\/boca-espera-al-palmeiras-con-el-sueno-intacto-de-quedar-mas-cerca-de-la-septima-copa-libertadores\/#primaryimage","url":"https:\/\/informelitoral.com.ar\/%77%70%2d%63%6f%6e%74%65%6e%74\/uploads\/2023\/08\/boca-copa-libertadores-sergio-romero-edinson-cavani.webp","contentUrl":"https:\/\/informelitoral.com.ar\/%77%70%2d%63%6f%6e%74%65%6e%74\/uploads\/2023\/08\/boca-copa-libertadores-sergio-romero-edinson-cavani.webp","width":790,"height":573},{"@type":"BreadcrumbList","@id":"https:\/\/informelitoral.com.ar\/boca-espera-al-palmeiras-con-el-sueno-intacto-de-quedar-mas-cerca-de-la-septima-copa-libertadores\/#breadcrumb","itemListElement":[{"@type":"ListItem","position":1,"name":"Portada","item":"https:\/\/informelitoral.com.ar\/"},{"@type":"ListItem","position":2,"name":"Boca espera al Palmeiras con el sue\u00f1o intacto de quedar m\u00e1s cerca de la s\u00e9ptima Copa Libertadores"}]},{"@type":"WebSite","@id":"https:\/\/informelitoral.com.ar\/#website","url":"https:\/\/informelitoral.com.ar\/","name":"Informe Litoral","description":"&quot;Nos informamos&quot; ","publisher":{"@id":"https:\/\/informelitoral.com.ar\/#organization"},"potentialAction":[{"@type":"SearchAction","target":{"@type":"EntryPoint","urlTemplate":"https:\/\/informelitoral.com.ar\/?s={search_term_string}"},"query-input":{"@type":"PropertyValueSpecification","valueRequired":true,"valueName":"search_term_string"}}],"inLanguage":"es"},{"@type":"Organization","@id":"https:\/\/informelitoral.com.ar\/#organization","name":"Informe Litoral","url":"https:\/\/informelitoral.com.ar\/","logo":{"@type":"ImageObject","inLanguage":"es","@id":"https:\/\/informelitoral.com.ar\/#\/schema\/logo\/image\/","url":"https:\/\/informelitoral.com.ar\/%77%70%2d%63%6f%6e%74%65%6e%74\/uploads\/2021\/01\/circulo.png","contentUrl":"https:\/\/informelitoral.com.ar\/%77%70%2d%63%6f%6e%74%65%6e%74\/uploads\/2021\/01\/circulo.png","width":723,"height":731,"caption":"Informe Litoral"},"image":{"@id":"https:\/\/informelitoral.com.ar\/#\/schema\/logo\/image\/"},"sameAs":["https:\/\/www.facebook.com\/informelitoral\/","https:\/\/x.com\/InformeLitoral","https:\/\/www.instagram.com\/informelitoral\/","https:\/\/www.youtube.com\/channel\/UCua4Qvz8Icb6MYqhoq9xLXw"]},{"@type":"Person","@id":"https:\/\/informelitoral.com.ar\/#\/schema\/person\/f05f9f461677119578717524b127d6d5","name":"Sebastian","image":{"@type":"ImageObject","inLanguage":"es","@id":"https:\/\/secure.gravatar.com\/avatar\/b71bf7481d447dfb9583c7f2798e7cc64de6efb9067b74633ed8c31059a3bd82?s=96&d=mm&r=g","url":"https:\/\/secure.gravatar.com\/avatar\/b71bf7481d447dfb9583c7f2798e7cc64de6efb9067b74633ed8c31059a3bd82?s=96&d=mm&r=g","contentUrl":"https:\/\/secure.gravatar.com\/avatar\/b71bf7481d447dfb9583c7f2798e7cc64de6efb9067b74633ed8c31059a3bd82?s=96&d=mm&r=g","caption":"Sebastian"},"url":"https:\/\/informelitoral.com.ar\/author\/sebastian\/"}]}},"_links":{"self":[{"href":"https:\/\/informelitoral.com.ar\/%77%70%2d%6a%73%6f%6e\/wp\/v2\/posts\/167460","targetHints":{"allow":["GET"]}}],"collection":[{"href":"https:\/\/informelitoral.com.ar\/%77%70%2d%6a%73%6f%6e\/wp\/v2\/posts"}],"about":[{"href":"https:\/\/informelitoral.com.ar\/%77%70%2d%6a%73%6f%6e\/wp\/v2\/types\/post"}],"author":[{"embeddable":true,"href":"https:\/\/informelitoral.com.ar\/%77%70%2d%6a%73%6f%6e\/wp\/v2\/users\/8"}],"replies":[{"embeddable":true,"href":"https:\/\/informelitoral.com.ar\/%77%70%2d%6a%73%6f%6e\/wp\/v2\/comments?post=167460"}],"version-history":[{"count":0,"href":"https:\/\/informelitoral.com.ar\/%77%70%2d%6a%73%6f%6e\/wp\/v2\/posts\/167460\/revisions"}],"wp:featuredmedia":[{"embeddable":true,"href":"https:\/\/informelitoral.com.ar\/%77%70%2d%6a%73%6f%6e\/wp\/v2\/media\/161468"}],"wp:attachment":[{"href":"https:\/\/informelitoral.com.ar\/%77%70%2d%6a%73%6f%6e\/wp\/v2\/media?parent=167460"}],"wp:term":[{"taxonomy":"category","embeddable":true,"href":"https:\/\/informelitoral.com.ar\/%77%70%2d%6a%73%6f%6e\/wp\/v2\/categories?post=167460"},{"taxonomy":"post_tag","embeddable":true,"href":"https:\/\/informelitoral.com.ar\/%77%70%2d%6a%73%6f%6e\/wp\/v2\/tags?post=167460"}],"curies":[{"name":"wp","href":"https:\/\/api.w.org\/{rel}","templated":true}]}}