{"id":167405,"date":"2023-09-28T07:04:11","date_gmt":"2023-09-28T10:04:11","guid":{"rendered":"https:\/\/www.informelitoral.com.ar\/?p=167405"},"modified":"2023-09-28T07:04:11","modified_gmt":"2023-09-28T10:04:11","slug":"indec-cuatro-de-cada-diez-argentinos-son-pobres","status":"publish","type":"post","link":"https:\/\/informelitoral.com.ar\/indec-cuatro-de-cada-diez-argentinos-son-pobres\/","title":{"rendered":"Indec: cuatro de cada diez argentinos son pobres"},"content":{"rendered":"<p>El comienzo de la veda electoral para anuncios de gobierno que puedan incidir en los resultados de las elecciones generales coincidi\u00f3 con la publicaci\u00f3n de un dato que incomoda al oficialismo:\u00a0<b>pobreza e indigencia<\/b>. Son 18,6 millones de argentinos y argentinas que no alcanzaron a adquirir la canasta de productos b\u00e1sicos que determina la linea de pobreza durante el primer semestre del a\u00f1o. La\u00a0<b>cifra perfor\u00f3 el techo de 40 por ciento que solo hab\u00eda sido superado en 2020<\/b>, durante la pandemia. Por la aceleraci\u00f3n de la inflaci\u00f3n de los alimentos, la indigencia creci\u00f3 m\u00e1s en t\u00e9rminos relativos, y alcanz\u00f3 al 9,3 por ciento de las y los argentinos. Las estad\u00edsticas no incorporan el salto de 15 por ciento en el precio de los alimentos que se produjo tras la devaluaci\u00f3n del tipo de cambio oficial post PASO.<\/p>\n<p>\u00abEs cierto que generamos empleo, pero tambi\u00e9n es cierto que el salario no alcanza. Es cierto que construimos Estado, pero tambi\u00e9n es cierto que\u00a0<b>no nos alcanz\u00f3 para derrotar la pobreza<\/b>\u00ab, admiti\u00f3 el ministro-candidato Sergio Massa minutos despu\u00e9s de que se conociera el dato de pobreza durante un acto que comparti\u00f3 con Axel Kicillof en la localidad de Ensenada, Provincia de Buenos Aires. El ministro de Econom\u00eda sab\u00eda que\u00a0<b>la publicaci\u00f3n de la cifra de Indec lo iba agarrar en el escenario<\/b>, y resolvi\u00f3 que la primera reacci\u00f3n oficial del \u00edndice sea en tono autocr\u00edtico. Casi en simult\u00e1neo, Javier Milei y Patricia Bullrich lo enfrentaron en redes sociales.<\/p>\n<h2><b>En n\u00fameros<\/b><\/h2>\n<p>En el primer semestre del a\u00f1o la\u00a0<b>pobreza alcanz\u00f3 al 40,1 por ciento de los y las argentinas<\/b>, lo que implica un salto de casi un punto frente a la medici\u00f3n de fines de 2022 (39,2 por ciento) y de 3,6 puntos en relaci\u00f3n con el mismo per\u00edodo del a\u00f1o pasado. La indigencia alcanz\u00f3 al 9,3 por ciento y creci\u00f3 m\u00e1s de un punto con respecto al 8,1 por ciento de diciembre del a\u00f1o pasado. Son 18,6 millones de personas que no cuentan con los ingresos suficientes para adquirir una canasta b\u00e1sica total, y 4,3 millones a los que no les alcanza para comer.<\/p>\n<p>El \u00edndice<b>\u00a0no tom\u00f3 por sorpresa a analistas, que pronosticaban una suba en los niveles de pobreza producto de la mayor inflaci\u00f3n<\/b>, y particularmente de los m\u00e1s pobres entre los pobres, por la suba del rubro de los alimentos por encima del nivel general de precios mes a mes. \u00abLos pobres no indigentes presentan un leve descenso y los pobres indigentes muestran un incremento mayor en t\u00e9rminos relativos, lo que da como resultado, en conjunto, un aumento de la pobreza\u00bb, especific\u00f3 el Indec.<\/p>\n<p>Al igual que cada semestre, el panorama se vuelve m\u00e1s preocupante al\u00a0<b>desagregar el indicador por edades<\/b>. La pobreza impacta m\u00e1s en los ni\u00f1os: m\u00e1s de la mitad, el\u00a0<b>56,2 por ciento, de los ni\u00f1os y ni\u00f1as menores de 14 a\u00f1os son pobres<\/b>. En la poblaci\u00f3n de 65 a\u00f1os y m\u00e1s, en cambio, el 13,2 por ciento se ubic\u00f3 bajo la linea de pobreza.<\/p>\n<p>A nivel\u00a0<b>regional\u00a0<\/b>se observ\u00f3 un aumento de la pobreza en tres regiones y una reducci\u00f3n en otras tres. La indigencia, en cambio, aument\u00f3 en todas las regiones. Las mayores incidencias de la pobreza en personas se observaron en el noreste (42 por ciento) y Gran Buenos Aires, que abarca a la Ciudad de Buenos Aires y a los partidos del Conurbano bonaerense, (41,4 por ciento). Las menores, por su parte, se registraron en las regiones patagonia (33,2 por ciento) y pampeana (36,8 por ciento). La indigencia alcanz\u00f3 al 10,4 por ciento de la poblaci\u00f3n en el GBA y creci\u00f3 casi dos puntos respecto a la medici\u00f3n anterior.<\/p>\n<h2><b>Inlfaci\u00f3n y empleo precario<\/b><\/h2>\n<p>La din\u00e1mica hist\u00f3rica local muestra que\u00a0<b>la pobreza e indigencia crecen al ritmo de las devaluaciones, la inflaci\u00f3n alta, el desempleo, la ca\u00edda del PIB<\/b>, y los per\u00edodos de ausencia de implementaci\u00f3n de pol\u00edticas p\u00fablicas para garantizar los derechos sociales b\u00e1sicos. Los n\u00fameros lo confirman: si bien los datos del Indec comenzaron a publicarse en 1988,\u00a0<b>Agust\u00edn Salvia<\/b>, el director del Observatorio de la Deuda Social de la Universidad Cat\u00f3lica Argentina (UCA), asegura que los principales saltos de pobreza se dieron durante el plan de ajuste Rodrigazo (subi\u00f3 de 5 a 15 por ciento); luego de la hiperinflaci\u00f3n de 1989 (12 a 40 por ciento); tambi\u00e9n durante el colapso de las pol\u00edticas menemistas con la crisis de 2001(27 a 65 por ciento). En el \u00faltimo semestre del 2020, la crisis econ\u00f3mica que desat\u00f3 la pandemia la pobreza salt\u00f3 de 35,5 a 42,0 por ciento, y la indigencia de 8,0 a 10,5 por ciento.<\/p>\n<p>Ante la consulta sobre la causa de la pobreza en la actual crisis argentina, el investigador del\u00a0<b>Cedlas Leonardo Tornarelli<\/b>\u00a0repara que, a pesar de la situaci\u00f3n de desequilibrio fiscal, comercial e inflaci\u00f3n, \u00abla crisis actual todav\u00eda no es de esa envergadura\u00bb, y atribuye como raz\u00f3n principal de la pobreza y la indigencia en Argentina a la inflaci\u00f3n. \u00abLa caracter\u00edstica particular del proceso que se est\u00e1 dando este \u00faltimo a\u00f1o y medio, es que no s\u00f3lo hay una\u00a0<b>inflaci\u00f3n alta y creciente<\/b>, sino que en el caso de la pobreza y la indigencia, las canastas de pobreza e indigencia aumentan a una velocidad a\u00fan mayor que la general. Entonces los trabajadores registrados pueden empatar el aumento de la inflaci\u00f3n v\u00eda paritarias, pero igual pierden contra las canastas\u00bb.<\/p>\n<p>\u00abLas causas de la pobreza son m\u00e1s bien estructurales y no coyunturales\u00bb, complementa el investigador del Conicet\u00a0<b>Gonzalo Asussa<\/b>, \u00abesta es una crisis que no tiene la particularidad de haber disparado el desempleo, pero s\u00ed hay una situaci\u00f3n estructural de\u00a0<b>d\u00e9ficit en la generaci\u00f3n de empleo formal<\/b>\u00a0en el sector privado hace varios a\u00f1os. Y tanto en Argentina como en toda la regi\u00f3n la informalidad ha sido una correa de transmisi\u00f3n constante y estructural de transmisi\u00f3n de la pobreza y reproducci\u00f3n de la desigualdad\u00bb.<\/p>\n<h2><b>Lo que viene<\/b><\/h2>\n<p>La foto que public\u00f3 el Indec retrata el primer semestre del a\u00f1o cuando, aunque con inflaci\u00f3n acelerada, todav\u00eda no hab\u00eda calado la incertidumbre electoral, ni la devaluaci\u00f3n del tipo de cambio oficial post PASO. Los analistas coinciden en que el dato empeor\u00f3 y puede llegar a superar los puntos m\u00e1ximos de la serie, que fueron durante la pandemia.<\/p>\n<p>\u00abMi impresi\u00f3n es que ese dato, que vamos a poder estimar en diciembre con precisi\u00f3n, va a dar un salto importante. La inflaci\u00f3n de julio y agosto, con las canastas alimentarias creciendo por encima de la inflaci\u00f3n general, indican que<b>\u00a0la pobreza va a subir fuerte, al menos dos o tres puntos m\u00e1s<\/b>. La pobreza podr\u00eda llegar a estar por encima del pico que toc\u00f3 durante la pandemia\u00bb, asegura en di\u00e1logo con\u00a0<b>P\u00e1ginaI12\u00a0<\/b>Tornarolli.<\/p>\n<p>\u00abEl proceso de aumento de la pobreza va a continuar a pesar incluso de que las medidas que ha tomado el gobierno para compensar un aumento desmedido de precios producto de la devaluaci\u00f3n\u00bb, complementa Salvia, \u00abpero no resuelven el problema de la pobreza\u00bb.<\/p>\n<p>\u00abNo se trata tanto de si son 40, 45 o 47\u00bb, retruca Asussa, \u00absino m\u00e1s bien de una din\u00e1mica que se viene sosteniendo hace varios a\u00f1os de apropiaci\u00f3n cada vez m\u00e1s concentrada y p\u00e9rdida de herramientas p\u00fablicas para intervenir en esta concentraci\u00f3n. No se puede resolver el problema de la pobreza sin tocar los ingresos concentrados, porque la pobreza no se produce de manera aislada, la pobreza y la riqueza se producen al mismo tiempo y el mercado tiene una din\u00e1mica que tiende a la concentraci\u00f3n y a no atender necesidades que no est\u00e1n avaladas por ingresos econ\u00f3micos.<\/p>\n","protected":false},"excerpt":{"rendered":"<p>El \u00edndice de pobreza alcanz\u00f3 al 40,1 por ciento de la poblaci\u00f3n econ\u00f3micamente activa y la indigencia al 9,3 por ciento en la primera mitad del a\u00f1o. Las cifras no toman en cuenta el impacto de la devaluaci\u00f3n post PASO.<\/p>\n","protected":false},"author":2,"featured_media":29833,"comment_status":"open","ping_status":"open","sticky":false,"template":"","format":"standard","meta":{"fifu_image_url":"","fifu_image_alt":"","footnotes":""},"categories":[1594,7],"tags":[78,2460,95,1124],"class_list":{"0":"post-167405","1":"post","2":"type-post","3":"status-publish","4":"format-standard","5":"has-post-thumbnail","7":"category-economia","8":"category-nacionales","9":"tag-indec","10":"tag-indigencia","11":"tag-inflacion","12":"tag-pobreza"},"yoast_head":"<title>Indec: cuatro de cada diez argentinos son pobres - Informe Litoral<\/title>\n<meta name=\"robots\" content=\"index, follow, max-snippet:-1, max-image-preview:large, max-video-preview:-1\" \/>\n<link rel=\"canonical\" href=\"https:\/\/informelitoral.com.ar\/indec-cuatro-de-cada-diez-argentinos-son-pobres\/\" \/>\n<meta property=\"og:locale\" content=\"es_ES\" \/>\n<meta property=\"og:type\" content=\"article\" \/>\n<meta property=\"og:title\" content=\"Indec: cuatro de cada diez argentinos son pobres - Informe Litoral\" \/>\n<meta property=\"og:description\" content=\"El \u00edndice de pobreza alcanz\u00f3 al 40,1 por ciento de la poblaci\u00f3n econ\u00f3micamente activa y la indigencia al 9,3 por ciento en la primera mitad del a\u00f1o. Las cifras no toman en cuenta el impacto de la devaluaci\u00f3n post PASO.\" \/>\n<meta property=\"og:url\" content=\"https:\/\/informelitoral.com.ar\/indec-cuatro-de-cada-diez-argentinos-son-pobres\/\" \/>\n<meta property=\"og:site_name\" content=\"Informe Litoral\" \/>\n<meta property=\"article:publisher\" content=\"https:\/\/www.facebook.com\/informelitoral\/\" \/>\n<meta property=\"article:published_time\" content=\"2023-09-28T10:04:11+00:00\" \/>\n<meta property=\"og:image\" content=\"https:\/\/informelitoral.com.ar\/%77%70%2d%63%6f%6e%74%65%6e%74\/uploads\/2018\/09\/POBREZA.jpg\" \/>\n\t<meta property=\"og:image:width\" content=\"604\" \/>\n\t<meta property=\"og:image:height\" content=\"396\" \/>\n\t<meta property=\"og:image:type\" content=\"image\/jpeg\" \/>\n<meta name=\"author\" content=\"Gonzalo Schmidt\" \/>\n<meta name=\"twitter:card\" content=\"summary_large_image\" \/>\n<meta name=\"twitter:creator\" content=\"@InformeLitoral\" \/>\n<meta name=\"twitter:site\" content=\"@InformeLitoral\" \/>\n<meta name=\"twitter:label1\" content=\"Escrito por\" \/>\n\t<meta name=\"twitter:data1\" content=\"Gonzalo Schmidt\" \/>\n\t<meta name=\"twitter:label2\" content=\"Tiempo de lectura\" \/>\n\t<meta name=\"twitter:data2\" content=\"7 minutos\" \/>\n<script type=\"application\/ld+json\" class=\"yoast-schema-graph\">{\"@context\":\"https:\\\/\\\/schema.org\",\"@graph\":[{\"@type\":\"Article\",\"@id\":\"https:\\\/\\\/informelitoral.com.ar\\\/indec-cuatro-de-cada-diez-argentinos-son-pobres\\\/#article\",\"isPartOf\":{\"@id\":\"https:\\\/\\\/informelitoral.com.ar\\\/indec-cuatro-de-cada-diez-argentinos-son-pobres\\\/\"},\"author\":{\"name\":\"Gonzalo Schmidt\",\"@id\":\"https:\\\/\\\/informelitoral.com.ar\\\/#\\\/schema\\\/person\\\/b9d00407c836482871ef1d57bf8e3180\"},\"headline\":\"Indec: cuatro de cada diez argentinos son pobres\",\"datePublished\":\"2023-09-28T10:04:11+00:00\",\"mainEntityOfPage\":{\"@id\":\"https:\\\/\\\/informelitoral.com.ar\\\/indec-cuatro-de-cada-diez-argentinos-son-pobres\\\/\"},\"wordCount\":1330,\"commentCount\":0,\"publisher\":{\"@id\":\"https:\\\/\\\/informelitoral.com.ar\\\/#organization\"},\"image\":{\"@id\":\"https:\\\/\\\/informelitoral.com.ar\\\/indec-cuatro-de-cada-diez-argentinos-son-pobres\\\/#primaryimage\"},\"thumbnailUrl\":\"https:\\\/\\\/informelitoral.com.ar\\\/%77%70%2d%63%6f%6e%74%65%6e%74\\\/uploads\\\/2018\\\/09\\\/POBREZA.jpg\",\"keywords\":[\"Indec\",\"Indigencia\",\"Inflaci\u00f3n\",\"Pobreza\"],\"articleSection\":[\"Econom\u00eda\",\"Nacionales\"],\"inLanguage\":\"es\",\"potentialAction\":[{\"@type\":\"CommentAction\",\"name\":\"Comment\",\"target\":[\"https:\\\/\\\/informelitoral.com.ar\\\/indec-cuatro-de-cada-diez-argentinos-son-pobres\\\/#respond\"]}]},{\"@type\":\"WebPage\",\"@id\":\"https:\\\/\\\/informelitoral.com.ar\\\/indec-cuatro-de-cada-diez-argentinos-son-pobres\\\/\",\"url\":\"https:\\\/\\\/informelitoral.com.ar\\\/indec-cuatro-de-cada-diez-argentinos-son-pobres\\\/\",\"name\":\"Indec: cuatro de cada diez argentinos son pobres - Informe Litoral\",\"isPartOf\":{\"@id\":\"https:\\\/\\\/informelitoral.com.ar\\\/#website\"},\"primaryImageOfPage\":{\"@id\":\"https:\\\/\\\/informelitoral.com.ar\\\/indec-cuatro-de-cada-diez-argentinos-son-pobres\\\/#primaryimage\"},\"image\":{\"@id\":\"https:\\\/\\\/informelitoral.com.ar\\\/indec-cuatro-de-cada-diez-argentinos-son-pobres\\\/#primaryimage\"},\"thumbnailUrl\":\"https:\\\/\\\/informelitoral.com.ar\\\/%77%70%2d%63%6f%6e%74%65%6e%74\\\/uploads\\\/2018\\\/09\\\/POBREZA.jpg\",\"datePublished\":\"2023-09-28T10:04:11+00:00\",\"breadcrumb\":{\"@id\":\"https:\\\/\\\/informelitoral.com.ar\\\/indec-cuatro-de-cada-diez-argentinos-son-pobres\\\/#breadcrumb\"},\"inLanguage\":\"es\",\"potentialAction\":[{\"@type\":\"ReadAction\",\"target\":[\"https:\\\/\\\/informelitoral.com.ar\\\/indec-cuatro-de-cada-diez-argentinos-son-pobres\\\/\"]}]},{\"@type\":\"ImageObject\",\"inLanguage\":\"es\",\"@id\":\"https:\\\/\\\/informelitoral.com.ar\\\/indec-cuatro-de-cada-diez-argentinos-son-pobres\\\/#primaryimage\",\"url\":\"https:\\\/\\\/informelitoral.com.ar\\\/%77%70%2d%63%6f%6e%74%65%6e%74\\\/uploads\\\/2018\\\/09\\\/POBREZA.jpg\",\"contentUrl\":\"https:\\\/\\\/informelitoral.com.ar\\\/%77%70%2d%63%6f%6e%74%65%6e%74\\\/uploads\\\/2018\\\/09\\\/POBREZA.jpg\",\"width\":604,\"height\":396},{\"@type\":\"BreadcrumbList\",\"@id\":\"https:\\\/\\\/informelitoral.com.ar\\\/indec-cuatro-de-cada-diez-argentinos-son-pobres\\\/#breadcrumb\",\"itemListElement\":[{\"@type\":\"ListItem\",\"position\":1,\"name\":\"Portada\",\"item\":\"https:\\\/\\\/informelitoral.com.ar\\\/\"},{\"@type\":\"ListItem\",\"position\":2,\"name\":\"Indec: cuatro de cada diez argentinos son pobres\"}]},{\"@type\":\"WebSite\",\"@id\":\"https:\\\/\\\/informelitoral.com.ar\\\/#website\",\"url\":\"https:\\\/\\\/informelitoral.com.ar\\\/\",\"name\":\"Informe Litoral\",\"description\":\"&quot;Nos informamos&quot; \",\"publisher\":{\"@id\":\"https:\\\/\\\/informelitoral.com.ar\\\/#organization\"},\"potentialAction\":[{\"@type\":\"SearchAction\",\"target\":{\"@type\":\"EntryPoint\",\"urlTemplate\":\"https:\\\/\\\/informelitoral.com.ar\\\/?s={search_term_string}\"},\"query-input\":{\"@type\":\"PropertyValueSpecification\",\"valueRequired\":true,\"valueName\":\"search_term_string\"}}],\"inLanguage\":\"es\"},{\"@type\":\"Organization\",\"@id\":\"https:\\\/\\\/informelitoral.com.ar\\\/#organization\",\"name\":\"Informe Litoral\",\"url\":\"https:\\\/\\\/informelitoral.com.ar\\\/\",\"logo\":{\"@type\":\"ImageObject\",\"inLanguage\":\"es\",\"@id\":\"https:\\\/\\\/informelitoral.com.ar\\\/#\\\/schema\\\/logo\\\/image\\\/\",\"url\":\"https:\\\/\\\/informelitoral.com.ar\\\/%77%70%2d%63%6f%6e%74%65%6e%74\\\/uploads\\\/2021\\\/01\\\/circulo.png\",\"contentUrl\":\"https:\\\/\\\/informelitoral.com.ar\\\/%77%70%2d%63%6f%6e%74%65%6e%74\\\/uploads\\\/2021\\\/01\\\/circulo.png\",\"width\":723,\"height\":731,\"caption\":\"Informe Litoral\"},\"image\":{\"@id\":\"https:\\\/\\\/informelitoral.com.ar\\\/#\\\/schema\\\/logo\\\/image\\\/\"},\"sameAs\":[\"https:\\\/\\\/www.facebook.com\\\/informelitoral\\\/\",\"https:\\\/\\\/x.com\\\/InformeLitoral\",\"https:\\\/\\\/www.instagram.com\\\/informelitoral\\\/\",\"https:\\\/\\\/www.youtube.com\\\/channel\\\/UCua4Qvz8Icb6MYqhoq9xLXw\"]},{\"@type\":\"Person\",\"@id\":\"https:\\\/\\\/informelitoral.com.ar\\\/#\\\/schema\\\/person\\\/b9d00407c836482871ef1d57bf8e3180\",\"name\":\"Gonzalo Schmidt\",\"image\":{\"@type\":\"ImageObject\",\"inLanguage\":\"es\",\"@id\":\"https:\\\/\\\/secure.gravatar.com\\\/avatar\\\/31a1a7b66ff2de83bd0e9fd79d026630d2d99e55e8bfe501287647b4fd9743de?s=96&d=mm&r=g\",\"url\":\"https:\\\/\\\/secure.gravatar.com\\\/avatar\\\/31a1a7b66ff2de83bd0e9fd79d026630d2d99e55e8bfe501287647b4fd9743de?s=96&d=mm&r=g\",\"contentUrl\":\"https:\\\/\\\/secure.gravatar.com\\\/avatar\\\/31a1a7b66ff2de83bd0e9fd79d026630d2d99e55e8bfe501287647b4fd9743de?s=96&d=mm&r=g\",\"caption\":\"Gonzalo Schmidt\"},\"description\":\"Sitio web de noticias de la provincia de Entre R\u00edos, Argentina. Informaci\u00f3n y entretenimiento. Informe Litoral, nos informamos.\",\"sameAs\":[\"http:\\\/\\\/www.isletasnoticias.com.ar\"],\"url\":\"https:\\\/\\\/informelitoral.com.ar\\\/author\\\/gonzalo\\\/\"}]}<\/script>","yoast_head_json":{"title":"Indec: cuatro de cada diez argentinos son pobres - Informe Litoral","robots":{"index":"index","follow":"follow","max-snippet":"max-snippet:-1","max-image-preview":"max-image-preview:large","max-video-preview":"max-video-preview:-1"},"canonical":"https:\/\/informelitoral.com.ar\/indec-cuatro-de-cada-diez-argentinos-son-pobres\/","og_locale":"es_ES","og_type":"article","og_title":"Indec: cuatro de cada diez argentinos son pobres - Informe Litoral","og_description":"El \u00edndice de pobreza alcanz\u00f3 al 40,1 por ciento de la poblaci\u00f3n econ\u00f3micamente activa y la indigencia al 9,3 por ciento en la primera mitad del a\u00f1o. Las cifras no toman en cuenta el impacto de la devaluaci\u00f3n post PASO.","og_url":"https:\/\/informelitoral.com.ar\/indec-cuatro-de-cada-diez-argentinos-son-pobres\/","og_site_name":"Informe Litoral","article_publisher":"https:\/\/www.facebook.com\/informelitoral\/","article_published_time":"2023-09-28T10:04:11+00:00","og_image":[{"width":604,"height":396,"url":"https:\/\/informelitoral.com.ar\/%77%70%2d%63%6f%6e%74%65%6e%74\/uploads\/2018\/09\/POBREZA.jpg","type":"image\/jpeg"}],"author":"Gonzalo Schmidt","twitter_card":"summary_large_image","twitter_creator":"@InformeLitoral","twitter_site":"@InformeLitoral","twitter_misc":{"Escrito por":"Gonzalo Schmidt","Tiempo de lectura":"7 minutos"},"schema":{"@context":"https:\/\/schema.org","@graph":[{"@type":"Article","@id":"https:\/\/informelitoral.com.ar\/indec-cuatro-de-cada-diez-argentinos-son-pobres\/#article","isPartOf":{"@id":"https:\/\/informelitoral.com.ar\/indec-cuatro-de-cada-diez-argentinos-son-pobres\/"},"author":{"name":"Gonzalo Schmidt","@id":"https:\/\/informelitoral.com.ar\/#\/schema\/person\/b9d00407c836482871ef1d57bf8e3180"},"headline":"Indec: cuatro de cada diez argentinos son pobres","datePublished":"2023-09-28T10:04:11+00:00","mainEntityOfPage":{"@id":"https:\/\/informelitoral.com.ar\/indec-cuatro-de-cada-diez-argentinos-son-pobres\/"},"wordCount":1330,"commentCount":0,"publisher":{"@id":"https:\/\/informelitoral.com.ar\/#organization"},"image":{"@id":"https:\/\/informelitoral.com.ar\/indec-cuatro-de-cada-diez-argentinos-son-pobres\/#primaryimage"},"thumbnailUrl":"https:\/\/informelitoral.com.ar\/%77%70%2d%63%6f%6e%74%65%6e%74\/uploads\/2018\/09\/POBREZA.jpg","keywords":["Indec","Indigencia","Inflaci\u00f3n","Pobreza"],"articleSection":["Econom\u00eda","Nacionales"],"inLanguage":"es","potentialAction":[{"@type":"CommentAction","name":"Comment","target":["https:\/\/informelitoral.com.ar\/indec-cuatro-de-cada-diez-argentinos-son-pobres\/#respond"]}]},{"@type":"WebPage","@id":"https:\/\/informelitoral.com.ar\/indec-cuatro-de-cada-diez-argentinos-son-pobres\/","url":"https:\/\/informelitoral.com.ar\/indec-cuatro-de-cada-diez-argentinos-son-pobres\/","name":"Indec: cuatro de cada diez argentinos son pobres - Informe Litoral","isPartOf":{"@id":"https:\/\/informelitoral.com.ar\/#website"},"primaryImageOfPage":{"@id":"https:\/\/informelitoral.com.ar\/indec-cuatro-de-cada-diez-argentinos-son-pobres\/#primaryimage"},"image":{"@id":"https:\/\/informelitoral.com.ar\/indec-cuatro-de-cada-diez-argentinos-son-pobres\/#primaryimage"},"thumbnailUrl":"https:\/\/informelitoral.com.ar\/%77%70%2d%63%6f%6e%74%65%6e%74\/uploads\/2018\/09\/POBREZA.jpg","datePublished":"2023-09-28T10:04:11+00:00","breadcrumb":{"@id":"https:\/\/informelitoral.com.ar\/indec-cuatro-de-cada-diez-argentinos-son-pobres\/#breadcrumb"},"inLanguage":"es","potentialAction":[{"@type":"ReadAction","target":["https:\/\/informelitoral.com.ar\/indec-cuatro-de-cada-diez-argentinos-son-pobres\/"]}]},{"@type":"ImageObject","inLanguage":"es","@id":"https:\/\/informelitoral.com.ar\/indec-cuatro-de-cada-diez-argentinos-son-pobres\/#primaryimage","url":"https:\/\/informelitoral.com.ar\/%77%70%2d%63%6f%6e%74%65%6e%74\/uploads\/2018\/09\/POBREZA.jpg","contentUrl":"https:\/\/informelitoral.com.ar\/%77%70%2d%63%6f%6e%74%65%6e%74\/uploads\/2018\/09\/POBREZA.jpg","width":604,"height":396},{"@type":"BreadcrumbList","@id":"https:\/\/informelitoral.com.ar\/indec-cuatro-de-cada-diez-argentinos-son-pobres\/#breadcrumb","itemListElement":[{"@type":"ListItem","position":1,"name":"Portada","item":"https:\/\/informelitoral.com.ar\/"},{"@type":"ListItem","position":2,"name":"Indec: cuatro de cada diez argentinos son pobres"}]},{"@type":"WebSite","@id":"https:\/\/informelitoral.com.ar\/#website","url":"https:\/\/informelitoral.com.ar\/","name":"Informe Litoral","description":"&quot;Nos informamos&quot; ","publisher":{"@id":"https:\/\/informelitoral.com.ar\/#organization"},"potentialAction":[{"@type":"SearchAction","target":{"@type":"EntryPoint","urlTemplate":"https:\/\/informelitoral.com.ar\/?s={search_term_string}"},"query-input":{"@type":"PropertyValueSpecification","valueRequired":true,"valueName":"search_term_string"}}],"inLanguage":"es"},{"@type":"Organization","@id":"https:\/\/informelitoral.com.ar\/#organization","name":"Informe Litoral","url":"https:\/\/informelitoral.com.ar\/","logo":{"@type":"ImageObject","inLanguage":"es","@id":"https:\/\/informelitoral.com.ar\/#\/schema\/logo\/image\/","url":"https:\/\/informelitoral.com.ar\/%77%70%2d%63%6f%6e%74%65%6e%74\/uploads\/2021\/01\/circulo.png","contentUrl":"https:\/\/informelitoral.com.ar\/%77%70%2d%63%6f%6e%74%65%6e%74\/uploads\/2021\/01\/circulo.png","width":723,"height":731,"caption":"Informe Litoral"},"image":{"@id":"https:\/\/informelitoral.com.ar\/#\/schema\/logo\/image\/"},"sameAs":["https:\/\/www.facebook.com\/informelitoral\/","https:\/\/x.com\/InformeLitoral","https:\/\/www.instagram.com\/informelitoral\/","https:\/\/www.youtube.com\/channel\/UCua4Qvz8Icb6MYqhoq9xLXw"]},{"@type":"Person","@id":"https:\/\/informelitoral.com.ar\/#\/schema\/person\/b9d00407c836482871ef1d57bf8e3180","name":"Gonzalo Schmidt","image":{"@type":"ImageObject","inLanguage":"es","@id":"https:\/\/secure.gravatar.com\/avatar\/31a1a7b66ff2de83bd0e9fd79d026630d2d99e55e8bfe501287647b4fd9743de?s=96&d=mm&r=g","url":"https:\/\/secure.gravatar.com\/avatar\/31a1a7b66ff2de83bd0e9fd79d026630d2d99e55e8bfe501287647b4fd9743de?s=96&d=mm&r=g","contentUrl":"https:\/\/secure.gravatar.com\/avatar\/31a1a7b66ff2de83bd0e9fd79d026630d2d99e55e8bfe501287647b4fd9743de?s=96&d=mm&r=g","caption":"Gonzalo Schmidt"},"description":"Sitio web de noticias de la provincia de Entre R\u00edos, Argentina. Informaci\u00f3n y entretenimiento. Informe Litoral, nos informamos.","sameAs":["http:\/\/www.isletasnoticias.com.ar"],"url":"https:\/\/informelitoral.com.ar\/author\/gonzalo\/"}]}},"_links":{"self":[{"href":"https:\/\/informelitoral.com.ar\/%77%70%2d%6a%73%6f%6e\/wp\/v2\/posts\/167405","targetHints":{"allow":["GET"]}}],"collection":[{"href":"https:\/\/informelitoral.com.ar\/%77%70%2d%6a%73%6f%6e\/wp\/v2\/posts"}],"about":[{"href":"https:\/\/informelitoral.com.ar\/%77%70%2d%6a%73%6f%6e\/wp\/v2\/types\/post"}],"author":[{"embeddable":true,"href":"https:\/\/informelitoral.com.ar\/%77%70%2d%6a%73%6f%6e\/wp\/v2\/users\/2"}],"replies":[{"embeddable":true,"href":"https:\/\/informelitoral.com.ar\/%77%70%2d%6a%73%6f%6e\/wp\/v2\/comments?post=167405"}],"version-history":[{"count":0,"href":"https:\/\/informelitoral.com.ar\/%77%70%2d%6a%73%6f%6e\/wp\/v2\/posts\/167405\/revisions"}],"wp:featuredmedia":[{"embeddable":true,"href":"https:\/\/informelitoral.com.ar\/%77%70%2d%6a%73%6f%6e\/wp\/v2\/media\/29833"}],"wp:attachment":[{"href":"https:\/\/informelitoral.com.ar\/%77%70%2d%6a%73%6f%6e\/wp\/v2\/media?parent=167405"}],"wp:term":[{"taxonomy":"category","embeddable":true,"href":"https:\/\/informelitoral.com.ar\/%77%70%2d%6a%73%6f%6e\/wp\/v2\/categories?post=167405"},{"taxonomy":"post_tag","embeddable":true,"href":"https:\/\/informelitoral.com.ar\/%77%70%2d%6a%73%6f%6e\/wp\/v2\/tags?post=167405"}],"curies":[{"name":"wp","href":"https:\/\/api.w.org\/{rel}","templated":true}]}}