{"id":1672,"date":"2013-05-12T23:47:48","date_gmt":"2013-05-13T02:47:48","guid":{"rendered":"http:\/\/www.isletasnoticias.com.ar\/?p=1672"},"modified":"2013-05-12T23:48:12","modified_gmt":"2013-05-13T02:48:12","slug":"pediran-que-el-congreso-de-la-nacion-se-interese-por-la-seguridad-del-tunel-subfluvial","status":"publish","type":"post","link":"https:\/\/informelitoral.com.ar\/pediran-que-el-congreso-de-la-nacion-se-interese-por-la-seguridad-del-tunel-subfluvial\/","title":{"rendered":"Pedir\u00e1n que el Congreso de la Naci\u00f3n se interese por la seguridad del T\u00fanel Subfluvial"},"content":{"rendered":"<p><strong>El diputado santafesino <em>Antonio Riestra<\/em> present\u00f3 un proyecto donde se hace eco de las denuncias que advierten sobre las obras del barrio privado Amarras del Sol, que \u201cestar\u00edan da\u00f1ando y poniendo en riesgo la seguridad del viaducto\u201d que une ambas provincias.<\/strong><\/p>\n<div>\n<div><a href=\"http:\/\/www.isletasnoticias.com.ar\/%77%70%2d%63%6f%6e%74%65%6e%74\/uploads\/2013\/05\/barrio.jpg\"><img loading=\"lazy\" decoding=\"async\" class=\"size-medium wp-image-1673 alignright\" title=\"De continuar el proyecto, la estructura del t\u00fanel correr\u00eda serios riesgos \" alt=\"barrio\" src=\"http:\/\/www.isletasnoticias.com.ar\/%77%70%2d%63%6f%6e%74%65%6e%74\/uploads\/2013\/05\/barrio-300x225.jpg\" width=\"300\" height=\"225\" srcset=\"https:\/\/informelitoral.com.ar\/%77%70%2d%63%6f%6e%74%65%6e%74\/uploads\/2013\/05\/barrio-300x225.jpg 300w, https:\/\/informelitoral.com.ar\/%77%70%2d%63%6f%6e%74%65%6e%74\/uploads\/2013\/05\/barrio.jpg 480w\" sizes=\"auto, (max-width: 300px) 100vw, 300px\" \/><\/a><\/div>\n<p>El diputado nacional santafesino<strong> Antonio Riestra<\/strong> buscar\u00e1 que el Congreso de la\u00a0Naci\u00f3n se interese por la situaci\u00f3n de seguridad del T\u00fanel Subfluvial Ra\u00fal Uranga -Carlos Sylvestre\u00a0Begnis. El legislador expresa \u201csu preocupaci\u00f3n por las construcciones y ocupaci\u00f3n existentes en la zona de seguridad f\u00edsica y administrativa del T\u00fanel Subfluvial Ra\u00fal Uranga -Carlos Sylvestre Begnis, lado Paran\u00e1\u201d.<\/p>\n<p>En la \u00faltima sesi\u00f3n de la C\u00e1mara de Diputados de la Naci\u00f3n, Riestra present\u00f3 un proyecto de declaraci\u00f3n, donde se hace eco de las denuncias que advierten sobre las obras\u00a0del barrio privado Amarras del Sol, que \u201cestar\u00edan da\u00f1ando y poniendo en riesgo la seguridad del viaducto\u201d, que une las provincias de Santa Fe y Entre R\u00edos.<\/p>\n<p>El legislador del Partido PARES se\u00f1ala, que la construcci\u00f3n de un barrio privado sobre la cabecera entrerriana del t\u00fanel subfluvial, se estar\u00eda realizando en violaci\u00f3n de una resoluci\u00f3n del Consejo Superior Interministerial del Ente Interprovincial que administra el t\u00fanel bajo el r\u00edo Paran\u00e1, y de otras normas provinciales.<\/p>\n<p>Al respecto, Riestra record\u00f3 que hace pocos d\u00edas, \u201cla C\u00e1mara de Apelaciones de Paran\u00e1 confirm\u00f3 una medida cautelar presentada por dos ciudadanas y paraliz\u00f3 las obras que se estaban ejecutando en el barrio privado Amarras del Sol, hasta que se resuelva si la cesi\u00f3n de tierras dispuesta por el ex gobernador Jorge Busti para este emprendimiento, es constitucional o no\u201d.<\/p>\n<\/div>\n<p>\u201cA nosotros tambi\u00e9n nos preocupa el rol que jug\u00f3 en este proyecto la Direcci\u00f3n Nacional de Construcciones Portuarias y V\u00edas Navegables, ya que seg\u00fan dijo el empresario due\u00f1o del barrio, la ejecuci\u00f3n de una caleta para embarcaciones y la colocaci\u00f3n de tablestacas sobre la costa, se hizo con autorizaci\u00f3n de este organismo nacional\u201d.<\/p>\n<p>Es necesario recordar, que en el lado entrerriano, se est\u00e1 avanzando desde hace a\u00f1os en la construcci\u00f3n de un barrio privado sobre las zonas de restricci\u00f3n absoluta que determina la normativa del Ente Interprovincial administrador del t\u00fanel. La firma Paran\u00e1 Fiduciaria S.A. Drag\u00f3 parte de los bajos sobre la cabecera de la conexi\u00f3n subfluvial para conformar amarras de embarcaciones privadas en el barrio cerrado que comercializa y denomina \u201cAmarras del Sol\u201d.<\/p>\n<p>Amarras del Sol est\u00e1 emplazado sobre un refulado de arena que protege la cabecera del enlace subfluvial del lado Paran\u00e1, en terrenos de dominio p\u00fablico provincial de Entre R\u00edos que fueron afectados al t\u00fanel. Todo esto puede verse claramente en la misma p\u00e1gina Web del emprendimiento inmobiliario http:\/\/www.amarrasdelsol.com.ar.<\/p>\n<p>\u201cA partir de numerosas denuncias que conocimos y del trabajo de la diputada provincial de Entre R\u00edos, Mar\u00eda Emma Bargagna, decidimos que era necesario reclamar la atenci\u00f3n\u00a0del Congreso Nacional sobre este caso\u201d, explic\u00f3 Riestra.<\/p>\n<p>\u201cNos preocupa la situaci\u00f3n de riesgo que se ha creado sobre la estructura del t\u00fanel y aquellos que circulan y trabajan en \u00e9l. Tememos que dichos da\u00f1os puedan ocasionar accidentes de enorme envergadura y es urgente resolver estas situaciones que est\u00e1n poniendo en peligro la seguridad del viaducto y con ello la vida de los que lo transitan\u201d, concluy\u00f3 el diputado santafesino. (Fuente: UNO).<\/p>\n","protected":false},"excerpt":{"rendered":"<p>El diputado santafesino Antonio Riestra present&oacute; un proyecto donde se hace eco de las denuncias que advierten sobre las obras del barrio privado Amarras del Sol, que &ldquo;estar&iacute;an da&ntilde;ando y poniendo en riesgo la seguridad del viaducto&rdquo; que une ambas provincias. El diputado nacional santafesino Antonio Riestra buscar&aacute; que el Congreso de la&nbsp;Naci&oacute;n se interese [&hellip;]<\/p>\n","protected":false},"author":2,"featured_media":0,"comment_status":"open","ping_status":"open","sticky":false,"template":"","format":"standard","meta":{"fifu_image_url":"","fifu_image_alt":"","footnotes":""},"categories":[6],"tags":[],"class_list":{"0":"post-1672","1":"post","2":"type-post","3":"status-publish","4":"format-standard","6":"category-entre-rios"},"yoast_head":"<title>Pedir\u00e1n que el Congreso de la Naci\u00f3n se interese por la seguridad del T\u00fanel Subfluvial - Informe Litoral<\/title>\n<meta name=\"robots\" content=\"index, follow, max-snippet:-1, max-image-preview:large, max-video-preview:-1\" \/>\n<link rel=\"canonical\" href=\"https:\/\/informelitoral.com.ar\/pediran-que-el-congreso-de-la-nacion-se-interese-por-la-seguridad-del-tunel-subfluvial\/\" \/>\n<meta property=\"og:locale\" content=\"es_ES\" \/>\n<meta property=\"og:type\" content=\"article\" \/>\n<meta property=\"og:title\" content=\"Pedir\u00e1n que el Congreso de la Naci\u00f3n se interese por la seguridad del T\u00fanel Subfluvial - Informe Litoral\" \/>\n<meta property=\"og:description\" content=\"El diputado santafesino Antonio Riestra present&oacute; un proyecto donde se hace eco de las denuncias que advierten sobre las obras del barrio privado Amarras del Sol, que &ldquo;estar&iacute;an da&ntilde;ando y poniendo en riesgo la seguridad del viaducto&rdquo; que une ambas provincias. El diputado nacional santafesino Antonio Riestra buscar&aacute; que el Congreso de la&nbsp;Naci&oacute;n se interese [&hellip;]\" \/>\n<meta property=\"og:url\" content=\"https:\/\/informelitoral.com.ar\/pediran-que-el-congreso-de-la-nacion-se-interese-por-la-seguridad-del-tunel-subfluvial\/\" \/>\n<meta property=\"og:site_name\" content=\"Informe Litoral\" \/>\n<meta property=\"article:publisher\" content=\"https:\/\/www.facebook.com\/informelitoral\/\" \/>\n<meta property=\"article:published_time\" content=\"2013-05-13T02:47:48+00:00\" \/>\n<meta property=\"article:modified_time\" content=\"2013-05-13T02:48:12+00:00\" \/>\n<meta property=\"og:image\" content=\"https:\/\/informelitoral.com.ar\/%77%70%2d%63%6f%6e%74%65%6e%74\/uploads\/2013\/05\/barrio.jpg\" \/>\n\t<meta property=\"og:image:width\" content=\"480\" \/>\n\t<meta property=\"og:image:height\" content=\"360\" \/>\n\t<meta property=\"og:image:type\" content=\"image\/jpeg\" \/>\n<meta name=\"author\" content=\"Gonzalo Schmidt\" \/>\n<meta name=\"twitter:card\" content=\"summary_large_image\" \/>\n<meta name=\"twitter:creator\" content=\"@InformeLitoral\" \/>\n<meta name=\"twitter:site\" content=\"@InformeLitoral\" \/>\n<meta name=\"twitter:label1\" content=\"Escrito por\" \/>\n\t<meta name=\"twitter:data1\" content=\"Gonzalo Schmidt\" \/>\n\t<meta name=\"twitter:label2\" content=\"Tiempo de lectura\" \/>\n\t<meta name=\"twitter:data2\" content=\"3 minutos\" \/>\n<script type=\"application\/ld+json\" class=\"yoast-schema-graph\">{\"@context\":\"https:\\\/\\\/schema.org\",\"@graph\":[{\"@type\":\"Article\",\"@id\":\"https:\\\/\\\/informelitoral.com.ar\\\/pediran-que-el-congreso-de-la-nacion-se-interese-por-la-seguridad-del-tunel-subfluvial\\\/#article\",\"isPartOf\":{\"@id\":\"https:\\\/\\\/informelitoral.com.ar\\\/pediran-que-el-congreso-de-la-nacion-se-interese-por-la-seguridad-del-tunel-subfluvial\\\/\"},\"author\":{\"name\":\"Gonzalo Schmidt\",\"@id\":\"https:\\\/\\\/informelitoral.com.ar\\\/#\\\/schema\\\/person\\\/b9d00407c836482871ef1d57bf8e3180\"},\"headline\":\"Pedir\u00e1n que el Congreso de la Naci\u00f3n se interese por la seguridad del T\u00fanel Subfluvial\",\"datePublished\":\"2013-05-13T02:47:48+00:00\",\"dateModified\":\"2013-05-13T02:48:12+00:00\",\"mainEntityOfPage\":{\"@id\":\"https:\\\/\\\/informelitoral.com.ar\\\/pediran-que-el-congreso-de-la-nacion-se-interese-por-la-seguridad-del-tunel-subfluvial\\\/\"},\"wordCount\":610,\"commentCount\":0,\"publisher\":{\"@id\":\"https:\\\/\\\/informelitoral.com.ar\\\/#organization\"},\"image\":{\"@id\":\"https:\\\/\\\/informelitoral.com.ar\\\/pediran-que-el-congreso-de-la-nacion-se-interese-por-la-seguridad-del-tunel-subfluvial\\\/#primaryimage\"},\"thumbnailUrl\":\"http:\\\/\\\/www.isletasnoticias.com.ar\\\/%77%70%2d%63%6f%6e%74%65%6e%74\\\/uploads\\\/2013\\\/05\\\/barrio-300x225.jpg\",\"articleSection\":[\"Entre R\u00edos\"],\"inLanguage\":\"es\",\"potentialAction\":[{\"@type\":\"CommentAction\",\"name\":\"Comment\",\"target\":[\"https:\\\/\\\/informelitoral.com.ar\\\/pediran-que-el-congreso-de-la-nacion-se-interese-por-la-seguridad-del-tunel-subfluvial\\\/#respond\"]}]},{\"@type\":\"WebPage\",\"@id\":\"https:\\\/\\\/informelitoral.com.ar\\\/pediran-que-el-congreso-de-la-nacion-se-interese-por-la-seguridad-del-tunel-subfluvial\\\/\",\"url\":\"https:\\\/\\\/informelitoral.com.ar\\\/pediran-que-el-congreso-de-la-nacion-se-interese-por-la-seguridad-del-tunel-subfluvial\\\/\",\"name\":\"Pedir\u00e1n que el Congreso de la Naci\u00f3n se interese por la seguridad del T\u00fanel Subfluvial - Informe Litoral\",\"isPartOf\":{\"@id\":\"https:\\\/\\\/informelitoral.com.ar\\\/#website\"},\"primaryImageOfPage\":{\"@id\":\"https:\\\/\\\/informelitoral.com.ar\\\/pediran-que-el-congreso-de-la-nacion-se-interese-por-la-seguridad-del-tunel-subfluvial\\\/#primaryimage\"},\"image\":{\"@id\":\"https:\\\/\\\/informelitoral.com.ar\\\/pediran-que-el-congreso-de-la-nacion-se-interese-por-la-seguridad-del-tunel-subfluvial\\\/#primaryimage\"},\"thumbnailUrl\":\"http:\\\/\\\/www.isletasnoticias.com.ar\\\/%77%70%2d%63%6f%6e%74%65%6e%74\\\/uploads\\\/2013\\\/05\\\/barrio-300x225.jpg\",\"datePublished\":\"2013-05-13T02:47:48+00:00\",\"dateModified\":\"2013-05-13T02:48:12+00:00\",\"breadcrumb\":{\"@id\":\"https:\\\/\\\/informelitoral.com.ar\\\/pediran-que-el-congreso-de-la-nacion-se-interese-por-la-seguridad-del-tunel-subfluvial\\\/#breadcrumb\"},\"inLanguage\":\"es\",\"potentialAction\":[{\"@type\":\"ReadAction\",\"target\":[\"https:\\\/\\\/informelitoral.com.ar\\\/pediran-que-el-congreso-de-la-nacion-se-interese-por-la-seguridad-del-tunel-subfluvial\\\/\"]}]},{\"@type\":\"ImageObject\",\"inLanguage\":\"es\",\"@id\":\"https:\\\/\\\/informelitoral.com.ar\\\/pediran-que-el-congreso-de-la-nacion-se-interese-por-la-seguridad-del-tunel-subfluvial\\\/#primaryimage\",\"url\":\"http:\\\/\\\/www.isletasnoticias.com.ar\\\/%77%70%2d%63%6f%6e%74%65%6e%74\\\/uploads\\\/2013\\\/05\\\/barrio-300x225.jpg\",\"contentUrl\":\"http:\\\/\\\/www.isletasnoticias.com.ar\\\/%77%70%2d%63%6f%6e%74%65%6e%74\\\/uploads\\\/2013\\\/05\\\/barrio-300x225.jpg\"},{\"@type\":\"BreadcrumbList\",\"@id\":\"https:\\\/\\\/informelitoral.com.ar\\\/pediran-que-el-congreso-de-la-nacion-se-interese-por-la-seguridad-del-tunel-subfluvial\\\/#breadcrumb\",\"itemListElement\":[{\"@type\":\"ListItem\",\"position\":1,\"name\":\"Portada\",\"item\":\"https:\\\/\\\/informelitoral.com.ar\\\/\"},{\"@type\":\"ListItem\",\"position\":2,\"name\":\"Pedir\u00e1n que el Congreso de la Naci\u00f3n se interese por la seguridad del T\u00fanel Subfluvial\"}]},{\"@type\":\"WebSite\",\"@id\":\"https:\\\/\\\/informelitoral.com.ar\\\/#website\",\"url\":\"https:\\\/\\\/informelitoral.com.ar\\\/\",\"name\":\"Informe Litoral\",\"description\":\"&quot;Nos informamos&quot; \",\"publisher\":{\"@id\":\"https:\\\/\\\/informelitoral.com.ar\\\/#organization\"},\"potentialAction\":[{\"@type\":\"SearchAction\",\"target\":{\"@type\":\"EntryPoint\",\"urlTemplate\":\"https:\\\/\\\/informelitoral.com.ar\\\/?s={search_term_string}\"},\"query-input\":{\"@type\":\"PropertyValueSpecification\",\"valueRequired\":true,\"valueName\":\"search_term_string\"}}],\"inLanguage\":\"es\"},{\"@type\":\"Organization\",\"@id\":\"https:\\\/\\\/informelitoral.com.ar\\\/#organization\",\"name\":\"Informe Litoral\",\"url\":\"https:\\\/\\\/informelitoral.com.ar\\\/\",\"logo\":{\"@type\":\"ImageObject\",\"inLanguage\":\"es\",\"@id\":\"https:\\\/\\\/informelitoral.com.ar\\\/#\\\/schema\\\/logo\\\/image\\\/\",\"url\":\"https:\\\/\\\/informelitoral.com.ar\\\/%77%70%2d%63%6f%6e%74%65%6e%74\\\/uploads\\\/2021\\\/01\\\/circulo.png\",\"contentUrl\":\"https:\\\/\\\/informelitoral.com.ar\\\/%77%70%2d%63%6f%6e%74%65%6e%74\\\/uploads\\\/2021\\\/01\\\/circulo.png\",\"width\":723,\"height\":731,\"caption\":\"Informe Litoral\"},\"image\":{\"@id\":\"https:\\\/\\\/informelitoral.com.ar\\\/#\\\/schema\\\/logo\\\/image\\\/\"},\"sameAs\":[\"https:\\\/\\\/www.facebook.com\\\/informelitoral\\\/\",\"https:\\\/\\\/x.com\\\/InformeLitoral\",\"https:\\\/\\\/www.instagram.com\\\/informelitoral\\\/\",\"https:\\\/\\\/www.youtube.com\\\/channel\\\/UCua4Qvz8Icb6MYqhoq9xLXw\"]},{\"@type\":\"Person\",\"@id\":\"https:\\\/\\\/informelitoral.com.ar\\\/#\\\/schema\\\/person\\\/b9d00407c836482871ef1d57bf8e3180\",\"name\":\"Gonzalo Schmidt\",\"image\":{\"@type\":\"ImageObject\",\"inLanguage\":\"es\",\"@id\":\"https:\\\/\\\/secure.gravatar.com\\\/avatar\\\/31a1a7b66ff2de83bd0e9fd79d026630d2d99e55e8bfe501287647b4fd9743de?s=96&d=mm&r=g\",\"url\":\"https:\\\/\\\/secure.gravatar.com\\\/avatar\\\/31a1a7b66ff2de83bd0e9fd79d026630d2d99e55e8bfe501287647b4fd9743de?s=96&d=mm&r=g\",\"contentUrl\":\"https:\\\/\\\/secure.gravatar.com\\\/avatar\\\/31a1a7b66ff2de83bd0e9fd79d026630d2d99e55e8bfe501287647b4fd9743de?s=96&d=mm&r=g\",\"caption\":\"Gonzalo Schmidt\"},\"description\":\"Sitio web de noticias de la provincia de Entre R\u00edos, Argentina. Informaci\u00f3n y entretenimiento. Informe Litoral, nos informamos.\",\"sameAs\":[\"http:\\\/\\\/www.isletasnoticias.com.ar\"],\"url\":\"https:\\\/\\\/informelitoral.com.ar\\\/author\\\/gonzalo\\\/\"}]}<\/script>","yoast_head_json":{"title":"Pedir\u00e1n que el Congreso de la Naci\u00f3n se interese por la seguridad del T\u00fanel Subfluvial - Informe Litoral","robots":{"index":"index","follow":"follow","max-snippet":"max-snippet:-1","max-image-preview":"max-image-preview:large","max-video-preview":"max-video-preview:-1"},"canonical":"https:\/\/informelitoral.com.ar\/pediran-que-el-congreso-de-la-nacion-se-interese-por-la-seguridad-del-tunel-subfluvial\/","og_locale":"es_ES","og_type":"article","og_title":"Pedir\u00e1n que el Congreso de la Naci\u00f3n se interese por la seguridad del T\u00fanel Subfluvial - Informe Litoral","og_description":"El diputado santafesino Antonio Riestra present&oacute; un proyecto donde se hace eco de las denuncias que advierten sobre las obras del barrio privado Amarras del Sol, que &ldquo;estar&iacute;an da&ntilde;ando y poniendo en riesgo la seguridad del viaducto&rdquo; que une ambas provincias. El diputado nacional santafesino Antonio Riestra buscar&aacute; que el Congreso de la&nbsp;Naci&oacute;n se interese [&hellip;]","og_url":"https:\/\/informelitoral.com.ar\/pediran-que-el-congreso-de-la-nacion-se-interese-por-la-seguridad-del-tunel-subfluvial\/","og_site_name":"Informe Litoral","article_publisher":"https:\/\/www.facebook.com\/informelitoral\/","article_published_time":"2013-05-13T02:47:48+00:00","article_modified_time":"2013-05-13T02:48:12+00:00","og_image":[{"width":480,"height":360,"url":"https:\/\/informelitoral.com.ar\/%77%70%2d%63%6f%6e%74%65%6e%74\/uploads\/2013\/05\/barrio.jpg","type":"image\/jpeg"}],"author":"Gonzalo Schmidt","twitter_card":"summary_large_image","twitter_creator":"@InformeLitoral","twitter_site":"@InformeLitoral","twitter_misc":{"Escrito por":"Gonzalo Schmidt","Tiempo de lectura":"3 minutos"},"schema":{"@context":"https:\/\/schema.org","@graph":[{"@type":"Article","@id":"https:\/\/informelitoral.com.ar\/pediran-que-el-congreso-de-la-nacion-se-interese-por-la-seguridad-del-tunel-subfluvial\/#article","isPartOf":{"@id":"https:\/\/informelitoral.com.ar\/pediran-que-el-congreso-de-la-nacion-se-interese-por-la-seguridad-del-tunel-subfluvial\/"},"author":{"name":"Gonzalo Schmidt","@id":"https:\/\/informelitoral.com.ar\/#\/schema\/person\/b9d00407c836482871ef1d57bf8e3180"},"headline":"Pedir\u00e1n que el Congreso de la Naci\u00f3n se interese por la seguridad del T\u00fanel Subfluvial","datePublished":"2013-05-13T02:47:48+00:00","dateModified":"2013-05-13T02:48:12+00:00","mainEntityOfPage":{"@id":"https:\/\/informelitoral.com.ar\/pediran-que-el-congreso-de-la-nacion-se-interese-por-la-seguridad-del-tunel-subfluvial\/"},"wordCount":610,"commentCount":0,"publisher":{"@id":"https:\/\/informelitoral.com.ar\/#organization"},"image":{"@id":"https:\/\/informelitoral.com.ar\/pediran-que-el-congreso-de-la-nacion-se-interese-por-la-seguridad-del-tunel-subfluvial\/#primaryimage"},"thumbnailUrl":"http:\/\/www.isletasnoticias.com.ar\/%77%70%2d%63%6f%6e%74%65%6e%74\/uploads\/2013\/05\/barrio-300x225.jpg","articleSection":["Entre R\u00edos"],"inLanguage":"es","potentialAction":[{"@type":"CommentAction","name":"Comment","target":["https:\/\/informelitoral.com.ar\/pediran-que-el-congreso-de-la-nacion-se-interese-por-la-seguridad-del-tunel-subfluvial\/#respond"]}]},{"@type":"WebPage","@id":"https:\/\/informelitoral.com.ar\/pediran-que-el-congreso-de-la-nacion-se-interese-por-la-seguridad-del-tunel-subfluvial\/","url":"https:\/\/informelitoral.com.ar\/pediran-que-el-congreso-de-la-nacion-se-interese-por-la-seguridad-del-tunel-subfluvial\/","name":"Pedir\u00e1n que el Congreso de la Naci\u00f3n se interese por la seguridad del T\u00fanel Subfluvial - Informe Litoral","isPartOf":{"@id":"https:\/\/informelitoral.com.ar\/#website"},"primaryImageOfPage":{"@id":"https:\/\/informelitoral.com.ar\/pediran-que-el-congreso-de-la-nacion-se-interese-por-la-seguridad-del-tunel-subfluvial\/#primaryimage"},"image":{"@id":"https:\/\/informelitoral.com.ar\/pediran-que-el-congreso-de-la-nacion-se-interese-por-la-seguridad-del-tunel-subfluvial\/#primaryimage"},"thumbnailUrl":"http:\/\/www.isletasnoticias.com.ar\/%77%70%2d%63%6f%6e%74%65%6e%74\/uploads\/2013\/05\/barrio-300x225.jpg","datePublished":"2013-05-13T02:47:48+00:00","dateModified":"2013-05-13T02:48:12+00:00","breadcrumb":{"@id":"https:\/\/informelitoral.com.ar\/pediran-que-el-congreso-de-la-nacion-se-interese-por-la-seguridad-del-tunel-subfluvial\/#breadcrumb"},"inLanguage":"es","potentialAction":[{"@type":"ReadAction","target":["https:\/\/informelitoral.com.ar\/pediran-que-el-congreso-de-la-nacion-se-interese-por-la-seguridad-del-tunel-subfluvial\/"]}]},{"@type":"ImageObject","inLanguage":"es","@id":"https:\/\/informelitoral.com.ar\/pediran-que-el-congreso-de-la-nacion-se-interese-por-la-seguridad-del-tunel-subfluvial\/#primaryimage","url":"http:\/\/www.isletasnoticias.com.ar\/%77%70%2d%63%6f%6e%74%65%6e%74\/uploads\/2013\/05\/barrio-300x225.jpg","contentUrl":"http:\/\/www.isletasnoticias.com.ar\/%77%70%2d%63%6f%6e%74%65%6e%74\/uploads\/2013\/05\/barrio-300x225.jpg"},{"@type":"BreadcrumbList","@id":"https:\/\/informelitoral.com.ar\/pediran-que-el-congreso-de-la-nacion-se-interese-por-la-seguridad-del-tunel-subfluvial\/#breadcrumb","itemListElement":[{"@type":"ListItem","position":1,"name":"Portada","item":"https:\/\/informelitoral.com.ar\/"},{"@type":"ListItem","position":2,"name":"Pedir\u00e1n que el Congreso de la Naci\u00f3n se interese por la seguridad del T\u00fanel Subfluvial"}]},{"@type":"WebSite","@id":"https:\/\/informelitoral.com.ar\/#website","url":"https:\/\/informelitoral.com.ar\/","name":"Informe Litoral","description":"&quot;Nos informamos&quot; ","publisher":{"@id":"https:\/\/informelitoral.com.ar\/#organization"},"potentialAction":[{"@type":"SearchAction","target":{"@type":"EntryPoint","urlTemplate":"https:\/\/informelitoral.com.ar\/?s={search_term_string}"},"query-input":{"@type":"PropertyValueSpecification","valueRequired":true,"valueName":"search_term_string"}}],"inLanguage":"es"},{"@type":"Organization","@id":"https:\/\/informelitoral.com.ar\/#organization","name":"Informe Litoral","url":"https:\/\/informelitoral.com.ar\/","logo":{"@type":"ImageObject","inLanguage":"es","@id":"https:\/\/informelitoral.com.ar\/#\/schema\/logo\/image\/","url":"https:\/\/informelitoral.com.ar\/%77%70%2d%63%6f%6e%74%65%6e%74\/uploads\/2021\/01\/circulo.png","contentUrl":"https:\/\/informelitoral.com.ar\/%77%70%2d%63%6f%6e%74%65%6e%74\/uploads\/2021\/01\/circulo.png","width":723,"height":731,"caption":"Informe Litoral"},"image":{"@id":"https:\/\/informelitoral.com.ar\/#\/schema\/logo\/image\/"},"sameAs":["https:\/\/www.facebook.com\/informelitoral\/","https:\/\/x.com\/InformeLitoral","https:\/\/www.instagram.com\/informelitoral\/","https:\/\/www.youtube.com\/channel\/UCua4Qvz8Icb6MYqhoq9xLXw"]},{"@type":"Person","@id":"https:\/\/informelitoral.com.ar\/#\/schema\/person\/b9d00407c836482871ef1d57bf8e3180","name":"Gonzalo Schmidt","image":{"@type":"ImageObject","inLanguage":"es","@id":"https:\/\/secure.gravatar.com\/avatar\/31a1a7b66ff2de83bd0e9fd79d026630d2d99e55e8bfe501287647b4fd9743de?s=96&d=mm&r=g","url":"https:\/\/secure.gravatar.com\/avatar\/31a1a7b66ff2de83bd0e9fd79d026630d2d99e55e8bfe501287647b4fd9743de?s=96&d=mm&r=g","contentUrl":"https:\/\/secure.gravatar.com\/avatar\/31a1a7b66ff2de83bd0e9fd79d026630d2d99e55e8bfe501287647b4fd9743de?s=96&d=mm&r=g","caption":"Gonzalo Schmidt"},"description":"Sitio web de noticias de la provincia de Entre R\u00edos, Argentina. Informaci\u00f3n y entretenimiento. Informe Litoral, nos informamos.","sameAs":["http:\/\/www.isletasnoticias.com.ar"],"url":"https:\/\/informelitoral.com.ar\/author\/gonzalo\/"}]}},"_links":{"self":[{"href":"https:\/\/informelitoral.com.ar\/%77%70%2d%6a%73%6f%6e\/wp\/v2\/posts\/1672","targetHints":{"allow":["GET"]}}],"collection":[{"href":"https:\/\/informelitoral.com.ar\/%77%70%2d%6a%73%6f%6e\/wp\/v2\/posts"}],"about":[{"href":"https:\/\/informelitoral.com.ar\/%77%70%2d%6a%73%6f%6e\/wp\/v2\/types\/post"}],"author":[{"embeddable":true,"href":"https:\/\/informelitoral.com.ar\/%77%70%2d%6a%73%6f%6e\/wp\/v2\/users\/2"}],"replies":[{"embeddable":true,"href":"https:\/\/informelitoral.com.ar\/%77%70%2d%6a%73%6f%6e\/wp\/v2\/comments?post=1672"}],"version-history":[{"count":0,"href":"https:\/\/informelitoral.com.ar\/%77%70%2d%6a%73%6f%6e\/wp\/v2\/posts\/1672\/revisions"}],"wp:attachment":[{"href":"https:\/\/informelitoral.com.ar\/%77%70%2d%6a%73%6f%6e\/wp\/v2\/media?parent=1672"}],"wp:term":[{"taxonomy":"category","embeddable":true,"href":"https:\/\/informelitoral.com.ar\/%77%70%2d%6a%73%6f%6e\/wp\/v2\/categories?post=1672"},{"taxonomy":"post_tag","embeddable":true,"href":"https:\/\/informelitoral.com.ar\/%77%70%2d%6a%73%6f%6e\/wp\/v2\/tags?post=1672"}],"curies":[{"name":"wp","href":"https:\/\/api.w.org\/{rel}","templated":true}]}}