{"id":166842,"date":"2023-09-22T08:31:56","date_gmt":"2023-09-22T11:31:56","guid":{"rendered":"https:\/\/www.informelitoral.com.ar\/?p=166842"},"modified":"2023-09-22T08:35:47","modified_gmt":"2023-09-22T11:35:47","slug":"publicaron-padron-definitivo-para-elecciones-del-22-de-octubre-como-consultarlo","status":"publish","type":"post","link":"https:\/\/informelitoral.com.ar\/publicaron-padron-definitivo-para-elecciones-del-22-de-octubre-como-consultarlo\/","title":{"rendered":"Publicaron padr\u00f3n definitivo para elecciones del 22 de octubre: c\u00f3mo consultarlo"},"content":{"rendered":"<p>El padr\u00f3n definitivo para las elecciones presidenciales del 22 de octubre fue publicado hoy y ya puede ser consultado por los electores, seg\u00fan inform\u00f3 la C\u00e1mara Nacional Electoral (CNE).<\/p>\n<p>A 30 d\u00edas de la elecci\u00f3n general, el cronograma electoral dispone la impresi\u00f3n y publicaci\u00f3n del padr\u00f3n definitivo, donde figura el establecimiento donde se debe sufragar y el n\u00famero de mesa, con el objetivo de ofrecerlos a las autoridades en el momento del voto y agilizar el tr\u00e1mite durante los comicios.<\/p>\n<p>Los datos se pueden consultar en\u00a0<a href=\"http:\/\/www.padron.gob.ar\/\" target=\"_blank\" rel=\"noopener\">www.padron.gob.ar<\/a>\u00a0y es necesario ingresar el n\u00famero de documento, g\u00e9nero y el c\u00f3digo de validaci\u00f3n.<\/p>\n<p>Luego, el sistema arrojar\u00e1 el nombre y la direcci\u00f3n del establecimiento, el n\u00famero de mesa y el n\u00famero de orden.<\/p>\n<figure class=\"embed\"><\/figure>\n<p>Desde la CNE recordaron que si bien el lugar de votaci\u00f3n de las elecciones generales suele ser el mismo que el de las PASO, puede ocurrir que haya cambios, por lo que es conveniente hacer una nueva consulta antes de los comicios del domingo 22 de octubre.<\/p>\n<p>En tanto, los documentos v\u00e1lidos para votar son la libreta c\u00edvica, libreta de Enrolamiento, DNI libreta verde, DNI libreta celeste y DNI tarjeta.<\/p>\n<p>Adem\u00e1s, los documentos que contienen la leyenda \u00abNo v\u00e1lido para votar\u00bb son v\u00e1lidos para votar, al tiempo que advirtieron que no se podr\u00e1 votar con un certificado de DNI en tr\u00e1mite, ni tampoco si el DNI est\u00e1 en el celular.<\/p>\n<p>Seg\u00fan el cronograma electoral, hoy tambi\u00e9n vence el plazo para la presentaci\u00f3n de boletas ante las juntas electorales nacionales, y para la ratificaci\u00f3n y ubicaci\u00f3n de las autoridades de mesa.<\/p>\n<p>La pr\u00f3xima fecha del cronograma es el mi\u00e9rcoles 27 cuando se inicie la prohibici\u00f3n de la publicidad de los actos de gobierno susceptibles de promover la captaci\u00f3n del voto.<\/p>\n<p>Ese mismo d\u00eda tambi\u00e9n vence el plazo para que los jefes de las Fuerzas de Seguridad comuniquen a los jueces electorales la n\u00f3mina de agentes afectados al comicio.<\/p>\n","protected":false},"excerpt":{"rendered":"<p>Ya puede ser consultado online por los electores. Figura el establecimiento donde se debe sufragar y el n\u00famero de mesa. Si bien el lugar de votaci\u00f3n de las elecciones generales suele ser el mismo que el de las PASO, pueden ocurrir cambios.<\/p>\n","protected":false},"author":8,"featured_media":143215,"comment_status":"open","ping_status":"open","sticky":false,"template":"","format":"standard","meta":{"fifu_image_url":"","fifu_image_alt":"","footnotes":""},"categories":[16],"tags":[3401],"class_list":{"0":"post-166842","1":"post","2":"type-post","3":"status-publish","4":"format-standard","5":"has-post-thumbnail","7":"category-politi","8":"tag-elecciones-2023"},"yoast_head":"<title>Publicaron padr\u00f3n definitivo para elecciones del 22 de octubre: c\u00f3mo consultarlo - Informe Litoral<\/title>\n<meta name=\"robots\" content=\"index, follow, max-snippet:-1, max-image-preview:large, max-video-preview:-1\" \/>\n<link rel=\"canonical\" href=\"https:\/\/informelitoral.com.ar\/publicaron-padron-definitivo-para-elecciones-del-22-de-octubre-como-consultarlo\/\" \/>\n<meta property=\"og:locale\" content=\"es_ES\" \/>\n<meta property=\"og:type\" content=\"article\" \/>\n<meta property=\"og:title\" content=\"Publicaron padr\u00f3n definitivo para elecciones del 22 de octubre: c\u00f3mo consultarlo - Informe Litoral\" \/>\n<meta property=\"og:description\" content=\"Ya puede ser consultado online por los electores. Figura el establecimiento donde se debe sufragar y el n\u00famero de mesa. Si bien el lugar de votaci\u00f3n de las elecciones generales suele ser el mismo que el de las PASO, pueden ocurrir cambios.\" \/>\n<meta property=\"og:url\" content=\"https:\/\/informelitoral.com.ar\/publicaron-padron-definitivo-para-elecciones-del-22-de-octubre-como-consultarlo\/\" \/>\n<meta property=\"og:site_name\" content=\"Informe Litoral\" \/>\n<meta property=\"article:publisher\" content=\"https:\/\/www.facebook.com\/informelitoral\/\" \/>\n<meta property=\"article:published_time\" content=\"2023-09-22T11:31:56+00:00\" \/>\n<meta property=\"article:modified_time\" content=\"2023-09-22T11:35:47+00:00\" \/>\n<meta property=\"og:image\" content=\"https:\/\/informelitoral.com.ar\/%77%70%2d%63%6f%6e%74%65%6e%74\/uploads\/2023\/04\/720793-elecciones-2.jpg\" \/>\n\t<meta property=\"og:image:width\" content=\"960\" \/>\n\t<meta property=\"og:image:height\" content=\"640\" \/>\n\t<meta property=\"og:image:type\" content=\"image\/jpeg\" \/>\n<meta name=\"author\" content=\"Sebastian\" \/>\n<meta name=\"twitter:card\" content=\"summary_large_image\" \/>\n<meta name=\"twitter:creator\" content=\"@InformeLitoral\" \/>\n<meta name=\"twitter:site\" content=\"@InformeLitoral\" \/>\n<meta name=\"twitter:label1\" content=\"Escrito por\" \/>\n\t<meta name=\"twitter:data1\" content=\"Sebastian\" \/>\n\t<meta name=\"twitter:label2\" content=\"Tiempo de lectura\" \/>\n\t<meta name=\"twitter:data2\" content=\"2 minutos\" \/>\n<script type=\"application\/ld+json\" class=\"yoast-schema-graph\">{\"@context\":\"https:\\\/\\\/schema.org\",\"@graph\":[{\"@type\":\"Article\",\"@id\":\"https:\\\/\\\/informelitoral.com.ar\\\/publicaron-padron-definitivo-para-elecciones-del-22-de-octubre-como-consultarlo\\\/#article\",\"isPartOf\":{\"@id\":\"https:\\\/\\\/informelitoral.com.ar\\\/publicaron-padron-definitivo-para-elecciones-del-22-de-octubre-como-consultarlo\\\/\"},\"author\":{\"name\":\"Sebastian\",\"@id\":\"https:\\\/\\\/informelitoral.com.ar\\\/#\\\/schema\\\/person\\\/f05f9f461677119578717524b127d6d5\"},\"headline\":\"Publicaron padr\u00f3n definitivo para elecciones del 22 de octubre: c\u00f3mo consultarlo\",\"datePublished\":\"2023-09-22T11:31:56+00:00\",\"dateModified\":\"2023-09-22T11:35:47+00:00\",\"mainEntityOfPage\":{\"@id\":\"https:\\\/\\\/informelitoral.com.ar\\\/publicaron-padron-definitivo-para-elecciones-del-22-de-octubre-como-consultarlo\\\/\"},\"wordCount\":365,\"commentCount\":0,\"publisher\":{\"@id\":\"https:\\\/\\\/informelitoral.com.ar\\\/#organization\"},\"image\":{\"@id\":\"https:\\\/\\\/informelitoral.com.ar\\\/publicaron-padron-definitivo-para-elecciones-del-22-de-octubre-como-consultarlo\\\/#primaryimage\"},\"thumbnailUrl\":\"https:\\\/\\\/informelitoral.com.ar\\\/%77%70%2d%63%6f%6e%74%65%6e%74\\\/uploads\\\/2023\\\/04\\\/720793-elecciones-2.jpg\",\"keywords\":[\"Elecciones 2023\"],\"articleSection\":[\"Politica\"],\"inLanguage\":\"es\",\"potentialAction\":[{\"@type\":\"CommentAction\",\"name\":\"Comment\",\"target\":[\"https:\\\/\\\/informelitoral.com.ar\\\/publicaron-padron-definitivo-para-elecciones-del-22-de-octubre-como-consultarlo\\\/#respond\"]}]},{\"@type\":\"WebPage\",\"@id\":\"https:\\\/\\\/informelitoral.com.ar\\\/publicaron-padron-definitivo-para-elecciones-del-22-de-octubre-como-consultarlo\\\/\",\"url\":\"https:\\\/\\\/informelitoral.com.ar\\\/publicaron-padron-definitivo-para-elecciones-del-22-de-octubre-como-consultarlo\\\/\",\"name\":\"Publicaron padr\u00f3n definitivo para elecciones del 22 de octubre: c\u00f3mo consultarlo - Informe Litoral\",\"isPartOf\":{\"@id\":\"https:\\\/\\\/informelitoral.com.ar\\\/#website\"},\"primaryImageOfPage\":{\"@id\":\"https:\\\/\\\/informelitoral.com.ar\\\/publicaron-padron-definitivo-para-elecciones-del-22-de-octubre-como-consultarlo\\\/#primaryimage\"},\"image\":{\"@id\":\"https:\\\/\\\/informelitoral.com.ar\\\/publicaron-padron-definitivo-para-elecciones-del-22-de-octubre-como-consultarlo\\\/#primaryimage\"},\"thumbnailUrl\":\"https:\\\/\\\/informelitoral.com.ar\\\/%77%70%2d%63%6f%6e%74%65%6e%74\\\/uploads\\\/2023\\\/04\\\/720793-elecciones-2.jpg\",\"datePublished\":\"2023-09-22T11:31:56+00:00\",\"dateModified\":\"2023-09-22T11:35:47+00:00\",\"breadcrumb\":{\"@id\":\"https:\\\/\\\/informelitoral.com.ar\\\/publicaron-padron-definitivo-para-elecciones-del-22-de-octubre-como-consultarlo\\\/#breadcrumb\"},\"inLanguage\":\"es\",\"potentialAction\":[{\"@type\":\"ReadAction\",\"target\":[\"https:\\\/\\\/informelitoral.com.ar\\\/publicaron-padron-definitivo-para-elecciones-del-22-de-octubre-como-consultarlo\\\/\"]}]},{\"@type\":\"ImageObject\",\"inLanguage\":\"es\",\"@id\":\"https:\\\/\\\/informelitoral.com.ar\\\/publicaron-padron-definitivo-para-elecciones-del-22-de-octubre-como-consultarlo\\\/#primaryimage\",\"url\":\"https:\\\/\\\/informelitoral.com.ar\\\/%77%70%2d%63%6f%6e%74%65%6e%74\\\/uploads\\\/2023\\\/04\\\/720793-elecciones-2.jpg\",\"contentUrl\":\"https:\\\/\\\/informelitoral.com.ar\\\/%77%70%2d%63%6f%6e%74%65%6e%74\\\/uploads\\\/2023\\\/04\\\/720793-elecciones-2.jpg\",\"width\":960,\"height\":640},{\"@type\":\"BreadcrumbList\",\"@id\":\"https:\\\/\\\/informelitoral.com.ar\\\/publicaron-padron-definitivo-para-elecciones-del-22-de-octubre-como-consultarlo\\\/#breadcrumb\",\"itemListElement\":[{\"@type\":\"ListItem\",\"position\":1,\"name\":\"Portada\",\"item\":\"https:\\\/\\\/informelitoral.com.ar\\\/\"},{\"@type\":\"ListItem\",\"position\":2,\"name\":\"Publicaron padr\u00f3n definitivo para elecciones del 22 de octubre: c\u00f3mo consultarlo\"}]},{\"@type\":\"WebSite\",\"@id\":\"https:\\\/\\\/informelitoral.com.ar\\\/#website\",\"url\":\"https:\\\/\\\/informelitoral.com.ar\\\/\",\"name\":\"Informe Litoral\",\"description\":\"&quot;Nos informamos&quot; \",\"publisher\":{\"@id\":\"https:\\\/\\\/informelitoral.com.ar\\\/#organization\"},\"potentialAction\":[{\"@type\":\"SearchAction\",\"target\":{\"@type\":\"EntryPoint\",\"urlTemplate\":\"https:\\\/\\\/informelitoral.com.ar\\\/?s={search_term_string}\"},\"query-input\":{\"@type\":\"PropertyValueSpecification\",\"valueRequired\":true,\"valueName\":\"search_term_string\"}}],\"inLanguage\":\"es\"},{\"@type\":\"Organization\",\"@id\":\"https:\\\/\\\/informelitoral.com.ar\\\/#organization\",\"name\":\"Informe Litoral\",\"url\":\"https:\\\/\\\/informelitoral.com.ar\\\/\",\"logo\":{\"@type\":\"ImageObject\",\"inLanguage\":\"es\",\"@id\":\"https:\\\/\\\/informelitoral.com.ar\\\/#\\\/schema\\\/logo\\\/image\\\/\",\"url\":\"https:\\\/\\\/informelitoral.com.ar\\\/%77%70%2d%63%6f%6e%74%65%6e%74\\\/uploads\\\/2021\\\/01\\\/circulo.png\",\"contentUrl\":\"https:\\\/\\\/informelitoral.com.ar\\\/%77%70%2d%63%6f%6e%74%65%6e%74\\\/uploads\\\/2021\\\/01\\\/circulo.png\",\"width\":723,\"height\":731,\"caption\":\"Informe Litoral\"},\"image\":{\"@id\":\"https:\\\/\\\/informelitoral.com.ar\\\/#\\\/schema\\\/logo\\\/image\\\/\"},\"sameAs\":[\"https:\\\/\\\/www.facebook.com\\\/informelitoral\\\/\",\"https:\\\/\\\/x.com\\\/InformeLitoral\",\"https:\\\/\\\/www.instagram.com\\\/informelitoral\\\/\",\"https:\\\/\\\/www.youtube.com\\\/channel\\\/UCua4Qvz8Icb6MYqhoq9xLXw\"]},{\"@type\":\"Person\",\"@id\":\"https:\\\/\\\/informelitoral.com.ar\\\/#\\\/schema\\\/person\\\/f05f9f461677119578717524b127d6d5\",\"name\":\"Sebastian\",\"image\":{\"@type\":\"ImageObject\",\"inLanguage\":\"es\",\"@id\":\"https:\\\/\\\/secure.gravatar.com\\\/avatar\\\/b71bf7481d447dfb9583c7f2798e7cc64de6efb9067b74633ed8c31059a3bd82?s=96&d=mm&r=g\",\"url\":\"https:\\\/\\\/secure.gravatar.com\\\/avatar\\\/b71bf7481d447dfb9583c7f2798e7cc64de6efb9067b74633ed8c31059a3bd82?s=96&d=mm&r=g\",\"contentUrl\":\"https:\\\/\\\/secure.gravatar.com\\\/avatar\\\/b71bf7481d447dfb9583c7f2798e7cc64de6efb9067b74633ed8c31059a3bd82?s=96&d=mm&r=g\",\"caption\":\"Sebastian\"},\"url\":\"https:\\\/\\\/informelitoral.com.ar\\\/author\\\/sebastian\\\/\"}]}<\/script>","yoast_head_json":{"title":"Publicaron padr\u00f3n definitivo para elecciones del 22 de octubre: c\u00f3mo consultarlo - Informe Litoral","robots":{"index":"index","follow":"follow","max-snippet":"max-snippet:-1","max-image-preview":"max-image-preview:large","max-video-preview":"max-video-preview:-1"},"canonical":"https:\/\/informelitoral.com.ar\/publicaron-padron-definitivo-para-elecciones-del-22-de-octubre-como-consultarlo\/","og_locale":"es_ES","og_type":"article","og_title":"Publicaron padr\u00f3n definitivo para elecciones del 22 de octubre: c\u00f3mo consultarlo - Informe Litoral","og_description":"Ya puede ser consultado online por los electores. Figura el establecimiento donde se debe sufragar y el n\u00famero de mesa. Si bien el lugar de votaci\u00f3n de las elecciones generales suele ser el mismo que el de las PASO, pueden ocurrir cambios.","og_url":"https:\/\/informelitoral.com.ar\/publicaron-padron-definitivo-para-elecciones-del-22-de-octubre-como-consultarlo\/","og_site_name":"Informe Litoral","article_publisher":"https:\/\/www.facebook.com\/informelitoral\/","article_published_time":"2023-09-22T11:31:56+00:00","article_modified_time":"2023-09-22T11:35:47+00:00","og_image":[{"width":960,"height":640,"url":"https:\/\/informelitoral.com.ar\/%77%70%2d%63%6f%6e%74%65%6e%74\/uploads\/2023\/04\/720793-elecciones-2.jpg","type":"image\/jpeg"}],"author":"Sebastian","twitter_card":"summary_large_image","twitter_creator":"@InformeLitoral","twitter_site":"@InformeLitoral","twitter_misc":{"Escrito por":"Sebastian","Tiempo de lectura":"2 minutos"},"schema":{"@context":"https:\/\/schema.org","@graph":[{"@type":"Article","@id":"https:\/\/informelitoral.com.ar\/publicaron-padron-definitivo-para-elecciones-del-22-de-octubre-como-consultarlo\/#article","isPartOf":{"@id":"https:\/\/informelitoral.com.ar\/publicaron-padron-definitivo-para-elecciones-del-22-de-octubre-como-consultarlo\/"},"author":{"name":"Sebastian","@id":"https:\/\/informelitoral.com.ar\/#\/schema\/person\/f05f9f461677119578717524b127d6d5"},"headline":"Publicaron padr\u00f3n definitivo para elecciones del 22 de octubre: c\u00f3mo consultarlo","datePublished":"2023-09-22T11:31:56+00:00","dateModified":"2023-09-22T11:35:47+00:00","mainEntityOfPage":{"@id":"https:\/\/informelitoral.com.ar\/publicaron-padron-definitivo-para-elecciones-del-22-de-octubre-como-consultarlo\/"},"wordCount":365,"commentCount":0,"publisher":{"@id":"https:\/\/informelitoral.com.ar\/#organization"},"image":{"@id":"https:\/\/informelitoral.com.ar\/publicaron-padron-definitivo-para-elecciones-del-22-de-octubre-como-consultarlo\/#primaryimage"},"thumbnailUrl":"https:\/\/informelitoral.com.ar\/%77%70%2d%63%6f%6e%74%65%6e%74\/uploads\/2023\/04\/720793-elecciones-2.jpg","keywords":["Elecciones 2023"],"articleSection":["Politica"],"inLanguage":"es","potentialAction":[{"@type":"CommentAction","name":"Comment","target":["https:\/\/informelitoral.com.ar\/publicaron-padron-definitivo-para-elecciones-del-22-de-octubre-como-consultarlo\/#respond"]}]},{"@type":"WebPage","@id":"https:\/\/informelitoral.com.ar\/publicaron-padron-definitivo-para-elecciones-del-22-de-octubre-como-consultarlo\/","url":"https:\/\/informelitoral.com.ar\/publicaron-padron-definitivo-para-elecciones-del-22-de-octubre-como-consultarlo\/","name":"Publicaron padr\u00f3n definitivo para elecciones del 22 de octubre: c\u00f3mo consultarlo - Informe Litoral","isPartOf":{"@id":"https:\/\/informelitoral.com.ar\/#website"},"primaryImageOfPage":{"@id":"https:\/\/informelitoral.com.ar\/publicaron-padron-definitivo-para-elecciones-del-22-de-octubre-como-consultarlo\/#primaryimage"},"image":{"@id":"https:\/\/informelitoral.com.ar\/publicaron-padron-definitivo-para-elecciones-del-22-de-octubre-como-consultarlo\/#primaryimage"},"thumbnailUrl":"https:\/\/informelitoral.com.ar\/%77%70%2d%63%6f%6e%74%65%6e%74\/uploads\/2023\/04\/720793-elecciones-2.jpg","datePublished":"2023-09-22T11:31:56+00:00","dateModified":"2023-09-22T11:35:47+00:00","breadcrumb":{"@id":"https:\/\/informelitoral.com.ar\/publicaron-padron-definitivo-para-elecciones-del-22-de-octubre-como-consultarlo\/#breadcrumb"},"inLanguage":"es","potentialAction":[{"@type":"ReadAction","target":["https:\/\/informelitoral.com.ar\/publicaron-padron-definitivo-para-elecciones-del-22-de-octubre-como-consultarlo\/"]}]},{"@type":"ImageObject","inLanguage":"es","@id":"https:\/\/informelitoral.com.ar\/publicaron-padron-definitivo-para-elecciones-del-22-de-octubre-como-consultarlo\/#primaryimage","url":"https:\/\/informelitoral.com.ar\/%77%70%2d%63%6f%6e%74%65%6e%74\/uploads\/2023\/04\/720793-elecciones-2.jpg","contentUrl":"https:\/\/informelitoral.com.ar\/%77%70%2d%63%6f%6e%74%65%6e%74\/uploads\/2023\/04\/720793-elecciones-2.jpg","width":960,"height":640},{"@type":"BreadcrumbList","@id":"https:\/\/informelitoral.com.ar\/publicaron-padron-definitivo-para-elecciones-del-22-de-octubre-como-consultarlo\/#breadcrumb","itemListElement":[{"@type":"ListItem","position":1,"name":"Portada","item":"https:\/\/informelitoral.com.ar\/"},{"@type":"ListItem","position":2,"name":"Publicaron padr\u00f3n definitivo para elecciones del 22 de octubre: c\u00f3mo consultarlo"}]},{"@type":"WebSite","@id":"https:\/\/informelitoral.com.ar\/#website","url":"https:\/\/informelitoral.com.ar\/","name":"Informe Litoral","description":"&quot;Nos informamos&quot; ","publisher":{"@id":"https:\/\/informelitoral.com.ar\/#organization"},"potentialAction":[{"@type":"SearchAction","target":{"@type":"EntryPoint","urlTemplate":"https:\/\/informelitoral.com.ar\/?s={search_term_string}"},"query-input":{"@type":"PropertyValueSpecification","valueRequired":true,"valueName":"search_term_string"}}],"inLanguage":"es"},{"@type":"Organization","@id":"https:\/\/informelitoral.com.ar\/#organization","name":"Informe Litoral","url":"https:\/\/informelitoral.com.ar\/","logo":{"@type":"ImageObject","inLanguage":"es","@id":"https:\/\/informelitoral.com.ar\/#\/schema\/logo\/image\/","url":"https:\/\/informelitoral.com.ar\/%77%70%2d%63%6f%6e%74%65%6e%74\/uploads\/2021\/01\/circulo.png","contentUrl":"https:\/\/informelitoral.com.ar\/%77%70%2d%63%6f%6e%74%65%6e%74\/uploads\/2021\/01\/circulo.png","width":723,"height":731,"caption":"Informe Litoral"},"image":{"@id":"https:\/\/informelitoral.com.ar\/#\/schema\/logo\/image\/"},"sameAs":["https:\/\/www.facebook.com\/informelitoral\/","https:\/\/x.com\/InformeLitoral","https:\/\/www.instagram.com\/informelitoral\/","https:\/\/www.youtube.com\/channel\/UCua4Qvz8Icb6MYqhoq9xLXw"]},{"@type":"Person","@id":"https:\/\/informelitoral.com.ar\/#\/schema\/person\/f05f9f461677119578717524b127d6d5","name":"Sebastian","image":{"@type":"ImageObject","inLanguage":"es","@id":"https:\/\/secure.gravatar.com\/avatar\/b71bf7481d447dfb9583c7f2798e7cc64de6efb9067b74633ed8c31059a3bd82?s=96&d=mm&r=g","url":"https:\/\/secure.gravatar.com\/avatar\/b71bf7481d447dfb9583c7f2798e7cc64de6efb9067b74633ed8c31059a3bd82?s=96&d=mm&r=g","contentUrl":"https:\/\/secure.gravatar.com\/avatar\/b71bf7481d447dfb9583c7f2798e7cc64de6efb9067b74633ed8c31059a3bd82?s=96&d=mm&r=g","caption":"Sebastian"},"url":"https:\/\/informelitoral.com.ar\/author\/sebastian\/"}]}},"_links":{"self":[{"href":"https:\/\/informelitoral.com.ar\/%77%70%2d%6a%73%6f%6e\/wp\/v2\/posts\/166842","targetHints":{"allow":["GET"]}}],"collection":[{"href":"https:\/\/informelitoral.com.ar\/%77%70%2d%6a%73%6f%6e\/wp\/v2\/posts"}],"about":[{"href":"https:\/\/informelitoral.com.ar\/%77%70%2d%6a%73%6f%6e\/wp\/v2\/types\/post"}],"author":[{"embeddable":true,"href":"https:\/\/informelitoral.com.ar\/%77%70%2d%6a%73%6f%6e\/wp\/v2\/users\/8"}],"replies":[{"embeddable":true,"href":"https:\/\/informelitoral.com.ar\/%77%70%2d%6a%73%6f%6e\/wp\/v2\/comments?post=166842"}],"version-history":[{"count":0,"href":"https:\/\/informelitoral.com.ar\/%77%70%2d%6a%73%6f%6e\/wp\/v2\/posts\/166842\/revisions"}],"wp:featuredmedia":[{"embeddable":true,"href":"https:\/\/informelitoral.com.ar\/%77%70%2d%6a%73%6f%6e\/wp\/v2\/media\/143215"}],"wp:attachment":[{"href":"https:\/\/informelitoral.com.ar\/%77%70%2d%6a%73%6f%6e\/wp\/v2\/media?parent=166842"}],"wp:term":[{"taxonomy":"category","embeddable":true,"href":"https:\/\/informelitoral.com.ar\/%77%70%2d%6a%73%6f%6e\/wp\/v2\/categories?post=166842"},{"taxonomy":"post_tag","embeddable":true,"href":"https:\/\/informelitoral.com.ar\/%77%70%2d%6a%73%6f%6e\/wp\/v2\/tags?post=166842"}],"curies":[{"name":"wp","href":"https:\/\/api.w.org\/{rel}","templated":true}]}}