{"id":1665,"date":"2013-05-12T23:08:54","date_gmt":"2013-05-13T02:08:54","guid":{"rendered":"http:\/\/www.isletasnoticias.com.ar\/?p=1665"},"modified":"2013-05-12T23:08:54","modified_gmt":"2013-05-13T02:08:54","slug":"la-camara-de-diputados-rindio-homenaje-a-raul-rey","status":"publish","type":"post","link":"https:\/\/informelitoral.com.ar\/la-camara-de-diputados-rindio-homenaje-a-raul-rey\/","title":{"rendered":"La C\u00e1mara de Diputados rindi\u00f3 homenaje a Ra\u00fal Rey"},"content":{"rendered":"<p><strong>\u00a0 En la \u00faltima sesi\u00f3n de la C\u00e1mara de Diputados de Entre R\u00edos, el martes 07 de mayo, a trav\u00e9s de una iniciativa del diputado <em>Jorge Daniel Monge<\/em>, el cuerpo adhiri\u00f3 al duelo provocado por el fallecimiento del Director del semanario \u201cEl Supremo\u201d, <em>Ra\u00fal Alberto Rey,<\/em> reconoci\u00e9ndose y destac\u00e1ndose adem\u00e1s la honesta, trascendente y dilatada trayectoria period\u00edstica de \u201c Pirulo\u201d Rey.<\/strong><\/p>\n<p><strong><a href=\"http:\/\/www.isletasnoticias.com.ar\/%77%70%2d%63%6f%6e%74%65%6e%74\/uploads\/2013\/05\/50_Diputados-Monge.jpg\"><img loading=\"lazy\" decoding=\"async\" class=\"size-medium wp-image-1666 alignright\" title=\"El diputado Jorge Monje es el autor de la iniciativa\" alt=\"50_Diputados Monge\" src=\"http:\/\/www.isletasnoticias.com.ar\/%77%70%2d%63%6f%6e%74%65%6e%74\/uploads\/2013\/05\/50_Diputados-Monge-300x300.jpg\" width=\"300\" height=\"300\" srcset=\"https:\/\/informelitoral.com.ar\/%77%70%2d%63%6f%6e%74%65%6e%74\/uploads\/2013\/05\/50_Diputados-Monge-300x300.jpg 300w, https:\/\/informelitoral.com.ar\/%77%70%2d%63%6f%6e%74%65%6e%74\/uploads\/2013\/05\/50_Diputados-Monge-150x150.jpg 150w, https:\/\/informelitoral.com.ar\/%77%70%2d%63%6f%6e%74%65%6e%74\/uploads\/2013\/05\/50_Diputados-Monge-1024x1024.jpg 1024w, https:\/\/informelitoral.com.ar\/%77%70%2d%63%6f%6e%74%65%6e%74\/uploads\/2013\/05\/50_Diputados-Monge.jpg 1457w\" sizes=\"auto, (max-width: 300px) 100vw, 300px\" \/><\/a><\/strong><\/p>\n<p>\u201cCuando se escriba sobre la historia del periodismo de Diamante, seguramente\u00a0el apellido Rey no podr\u00e1 faltar a ese recuerdo, y en el rubro gr\u00e1fico, Pirulo -como se lo conoc\u00eda p\u00fablicamente- junto a su padre Celestino, ocupar\u00e1n un jerarquizado lugar. Este \u00faltimo, en los dif\u00edciles tiempos de 1980,\u00a0 fund\u00f3 el peri\u00f3dico \u201cEl Supremo\u201d, el que luego quedar\u00eda definitivamente a cargo de su hijo mayor,\u00a0 idea que pudo continuar con marcado \u00e9xito \u201cPirulo\u201d junto a su familia, es decir su esposa Nora M\u00f3rtola, fiel compa\u00f1era en el trabajo y en vida,\u00a0 y sus hijos\u201d, expres\u00f3 el diputado diamantino al fundamentar la iniciativa\u201d\u00a0 manifestando que la noticia del fallecimiento del director del peri\u00f3dico m\u00e1s antiguo de la ciudad de Diamante, caus\u00f3 \u201chondo pesar en la comunidad diamantina al tratarse de una buena persona, un hombre de bien que desde su faceta period\u00edstica, sigui\u00f3 atento y comprometido el quehacer local, abriendo de manera generosa sus p\u00e1ginas a todas las manifestaciones pol\u00edticas, culturales, sociales y deportivas de la comunidad diamantina y su zona de influencia. \u201cEn efecto &#8211; sostuvo Monge &#8211; \u00a0una de las caracter\u00edsticas m\u00e1s sobresalientes e indubitables del medio que dirigi\u00f3, fue su apertura \u00abhacia cualquiera que se quiera expresar\u00bb, siempre y cuando la informaci\u00f3n u opini\u00f3n llevara la firma del autor ya que a guisa de pol\u00edtica editorial, Pirulo jam\u00e1s acept\u00f3 un an\u00f3nimo. Como director del peri\u00f3dico El Supremo quienes abrazaron la tarea period\u00edstica\u00a0 pudieron usufructuar de su predisposici\u00f3n para concederles en todo momento un espacio donde desarrollarse,\u00a0 pero, por encima de todo, como ser humano siempre estuvo dispuesto a corresponder la amistad sincera.<\/p>\n","protected":false},"excerpt":{"rendered":"<p>&nbsp; En la &uacute;ltima sesi&oacute;n de la C&aacute;mara de Diputados de Entre R&iacute;os, el martes 07 de mayo, a trav&eacute;s de una iniciativa del diputado Jorge Daniel Monge, el cuerpo adhiri&oacute; al duelo provocado por el fallecimiento del Director del semanario &ldquo;El Supremo&rdquo;, Ra&uacute;l Alberto Rey, reconoci&eacute;ndose y destac&aacute;ndose adem&aacute;s la honesta, trascendente y dilatada [&hellip;]<\/p>\n","protected":false},"author":2,"featured_media":0,"comment_status":"open","ping_status":"open","sticky":false,"template":"","format":"standard","meta":{"fifu_image_url":"","fifu_image_alt":"","footnotes":""},"categories":[5,16],"tags":[],"class_list":{"0":"post-1665","1":"post","2":"type-post","3":"status-publish","4":"format-standard","6":"category-zonales","7":"category-politi"},"yoast_head":"<title>La C\u00e1mara de Diputados rindi\u00f3 homenaje a Ra\u00fal Rey  - Informe Litoral<\/title>\n<meta name=\"robots\" content=\"index, follow, max-snippet:-1, max-image-preview:large, max-video-preview:-1\" \/>\n<link rel=\"canonical\" href=\"https:\/\/informelitoral.com.ar\/la-camara-de-diputados-rindio-homenaje-a-raul-rey\/\" \/>\n<meta property=\"og:locale\" content=\"es_ES\" \/>\n<meta property=\"og:type\" content=\"article\" \/>\n<meta property=\"og:title\" content=\"La C\u00e1mara de Diputados rindi\u00f3 homenaje a Ra\u00fal Rey  - Informe Litoral\" \/>\n<meta property=\"og:description\" content=\"&nbsp; En la &uacute;ltima sesi&oacute;n de la C&aacute;mara de Diputados de Entre R&iacute;os, el martes 07 de mayo, a trav&eacute;s de una iniciativa del diputado Jorge Daniel Monge, el cuerpo adhiri&oacute; al duelo provocado por el fallecimiento del Director del semanario &ldquo;El Supremo&rdquo;, Ra&uacute;l Alberto Rey, reconoci&eacute;ndose y destac&aacute;ndose adem&aacute;s la honesta, trascendente y dilatada [&hellip;]\" \/>\n<meta property=\"og:url\" content=\"https:\/\/informelitoral.com.ar\/la-camara-de-diputados-rindio-homenaje-a-raul-rey\/\" \/>\n<meta property=\"og:site_name\" content=\"Informe Litoral\" \/>\n<meta property=\"article:publisher\" content=\"https:\/\/www.facebook.com\/informelitoral\/\" \/>\n<meta property=\"article:published_time\" content=\"2013-05-13T02:08:54+00:00\" \/>\n<meta property=\"og:image\" content=\"https:\/\/informelitoral.com.ar\/%77%70%2d%63%6f%6e%74%65%6e%74\/uploads\/2013\/05\/50_Diputados-Monge.jpg\" \/>\n\t<meta property=\"og:image:width\" content=\"1457\" \/>\n\t<meta property=\"og:image:height\" content=\"1457\" \/>\n\t<meta property=\"og:image:type\" content=\"image\/jpeg\" \/>\n<meta name=\"author\" content=\"Gonzalo Schmidt\" \/>\n<meta name=\"twitter:card\" content=\"summary_large_image\" \/>\n<meta name=\"twitter:creator\" content=\"@InformeLitoral\" \/>\n<meta name=\"twitter:site\" content=\"@InformeLitoral\" \/>\n<meta name=\"twitter:label1\" content=\"Escrito por\" \/>\n\t<meta name=\"twitter:data1\" content=\"Gonzalo Schmidt\" \/>\n\t<meta name=\"twitter:label2\" content=\"Tiempo de lectura\" \/>\n\t<meta name=\"twitter:data2\" content=\"2 minutos\" \/>\n<script type=\"application\/ld+json\" class=\"yoast-schema-graph\">{\"@context\":\"https:\\\/\\\/schema.org\",\"@graph\":[{\"@type\":\"Article\",\"@id\":\"https:\\\/\\\/informelitoral.com.ar\\\/la-camara-de-diputados-rindio-homenaje-a-raul-rey\\\/#article\",\"isPartOf\":{\"@id\":\"https:\\\/\\\/informelitoral.com.ar\\\/la-camara-de-diputados-rindio-homenaje-a-raul-rey\\\/\"},\"author\":{\"name\":\"Gonzalo Schmidt\",\"@id\":\"https:\\\/\\\/informelitoral.com.ar\\\/#\\\/schema\\\/person\\\/b9d00407c836482871ef1d57bf8e3180\"},\"headline\":\"La C\u00e1mara de Diputados rindi\u00f3 homenaje a Ra\u00fal Rey\",\"datePublished\":\"2013-05-13T02:08:54+00:00\",\"mainEntityOfPage\":{\"@id\":\"https:\\\/\\\/informelitoral.com.ar\\\/la-camara-de-diputados-rindio-homenaje-a-raul-rey\\\/\"},\"wordCount\":364,\"commentCount\":0,\"publisher\":{\"@id\":\"https:\\\/\\\/informelitoral.com.ar\\\/#organization\"},\"image\":{\"@id\":\"https:\\\/\\\/informelitoral.com.ar\\\/la-camara-de-diputados-rindio-homenaje-a-raul-rey\\\/#primaryimage\"},\"thumbnailUrl\":\"http:\\\/\\\/www.isletasnoticias.com.ar\\\/%77%70%2d%63%6f%6e%74%65%6e%74\\\/uploads\\\/2013\\\/05\\\/50_Diputados-Monge-300x300.jpg\",\"articleSection\":[\"Departamento Diamante\",\"Politica\"],\"inLanguage\":\"es\",\"potentialAction\":[{\"@type\":\"CommentAction\",\"name\":\"Comment\",\"target\":[\"https:\\\/\\\/informelitoral.com.ar\\\/la-camara-de-diputados-rindio-homenaje-a-raul-rey\\\/#respond\"]}]},{\"@type\":\"WebPage\",\"@id\":\"https:\\\/\\\/informelitoral.com.ar\\\/la-camara-de-diputados-rindio-homenaje-a-raul-rey\\\/\",\"url\":\"https:\\\/\\\/informelitoral.com.ar\\\/la-camara-de-diputados-rindio-homenaje-a-raul-rey\\\/\",\"name\":\"La C\u00e1mara de Diputados rindi\u00f3 homenaje a Ra\u00fal Rey - Informe Litoral\",\"isPartOf\":{\"@id\":\"https:\\\/\\\/informelitoral.com.ar\\\/#website\"},\"primaryImageOfPage\":{\"@id\":\"https:\\\/\\\/informelitoral.com.ar\\\/la-camara-de-diputados-rindio-homenaje-a-raul-rey\\\/#primaryimage\"},\"image\":{\"@id\":\"https:\\\/\\\/informelitoral.com.ar\\\/la-camara-de-diputados-rindio-homenaje-a-raul-rey\\\/#primaryimage\"},\"thumbnailUrl\":\"http:\\\/\\\/www.isletasnoticias.com.ar\\\/%77%70%2d%63%6f%6e%74%65%6e%74\\\/uploads\\\/2013\\\/05\\\/50_Diputados-Monge-300x300.jpg\",\"datePublished\":\"2013-05-13T02:08:54+00:00\",\"breadcrumb\":{\"@id\":\"https:\\\/\\\/informelitoral.com.ar\\\/la-camara-de-diputados-rindio-homenaje-a-raul-rey\\\/#breadcrumb\"},\"inLanguage\":\"es\",\"potentialAction\":[{\"@type\":\"ReadAction\",\"target\":[\"https:\\\/\\\/informelitoral.com.ar\\\/la-camara-de-diputados-rindio-homenaje-a-raul-rey\\\/\"]}]},{\"@type\":\"ImageObject\",\"inLanguage\":\"es\",\"@id\":\"https:\\\/\\\/informelitoral.com.ar\\\/la-camara-de-diputados-rindio-homenaje-a-raul-rey\\\/#primaryimage\",\"url\":\"http:\\\/\\\/www.isletasnoticias.com.ar\\\/%77%70%2d%63%6f%6e%74%65%6e%74\\\/uploads\\\/2013\\\/05\\\/50_Diputados-Monge-300x300.jpg\",\"contentUrl\":\"http:\\\/\\\/www.isletasnoticias.com.ar\\\/%77%70%2d%63%6f%6e%74%65%6e%74\\\/uploads\\\/2013\\\/05\\\/50_Diputados-Monge-300x300.jpg\"},{\"@type\":\"BreadcrumbList\",\"@id\":\"https:\\\/\\\/informelitoral.com.ar\\\/la-camara-de-diputados-rindio-homenaje-a-raul-rey\\\/#breadcrumb\",\"itemListElement\":[{\"@type\":\"ListItem\",\"position\":1,\"name\":\"Portada\",\"item\":\"https:\\\/\\\/informelitoral.com.ar\\\/\"},{\"@type\":\"ListItem\",\"position\":2,\"name\":\"La C\u00e1mara de Diputados rindi\u00f3 homenaje a Ra\u00fal Rey\"}]},{\"@type\":\"WebSite\",\"@id\":\"https:\\\/\\\/informelitoral.com.ar\\\/#website\",\"url\":\"https:\\\/\\\/informelitoral.com.ar\\\/\",\"name\":\"Informe Litoral\",\"description\":\"&quot;Nos informamos&quot; \",\"publisher\":{\"@id\":\"https:\\\/\\\/informelitoral.com.ar\\\/#organization\"},\"potentialAction\":[{\"@type\":\"SearchAction\",\"target\":{\"@type\":\"EntryPoint\",\"urlTemplate\":\"https:\\\/\\\/informelitoral.com.ar\\\/?s={search_term_string}\"},\"query-input\":{\"@type\":\"PropertyValueSpecification\",\"valueRequired\":true,\"valueName\":\"search_term_string\"}}],\"inLanguage\":\"es\"},{\"@type\":\"Organization\",\"@id\":\"https:\\\/\\\/informelitoral.com.ar\\\/#organization\",\"name\":\"Informe Litoral\",\"url\":\"https:\\\/\\\/informelitoral.com.ar\\\/\",\"logo\":{\"@type\":\"ImageObject\",\"inLanguage\":\"es\",\"@id\":\"https:\\\/\\\/informelitoral.com.ar\\\/#\\\/schema\\\/logo\\\/image\\\/\",\"url\":\"https:\\\/\\\/informelitoral.com.ar\\\/%77%70%2d%63%6f%6e%74%65%6e%74\\\/uploads\\\/2021\\\/01\\\/circulo.png\",\"contentUrl\":\"https:\\\/\\\/informelitoral.com.ar\\\/%77%70%2d%63%6f%6e%74%65%6e%74\\\/uploads\\\/2021\\\/01\\\/circulo.png\",\"width\":723,\"height\":731,\"caption\":\"Informe Litoral\"},\"image\":{\"@id\":\"https:\\\/\\\/informelitoral.com.ar\\\/#\\\/schema\\\/logo\\\/image\\\/\"},\"sameAs\":[\"https:\\\/\\\/www.facebook.com\\\/informelitoral\\\/\",\"https:\\\/\\\/x.com\\\/InformeLitoral\",\"https:\\\/\\\/www.instagram.com\\\/informelitoral\\\/\",\"https:\\\/\\\/www.youtube.com\\\/channel\\\/UCua4Qvz8Icb6MYqhoq9xLXw\"]},{\"@type\":\"Person\",\"@id\":\"https:\\\/\\\/informelitoral.com.ar\\\/#\\\/schema\\\/person\\\/b9d00407c836482871ef1d57bf8e3180\",\"name\":\"Gonzalo Schmidt\",\"image\":{\"@type\":\"ImageObject\",\"inLanguage\":\"es\",\"@id\":\"https:\\\/\\\/secure.gravatar.com\\\/avatar\\\/31a1a7b66ff2de83bd0e9fd79d026630d2d99e55e8bfe501287647b4fd9743de?s=96&d=mm&r=g\",\"url\":\"https:\\\/\\\/secure.gravatar.com\\\/avatar\\\/31a1a7b66ff2de83bd0e9fd79d026630d2d99e55e8bfe501287647b4fd9743de?s=96&d=mm&r=g\",\"contentUrl\":\"https:\\\/\\\/secure.gravatar.com\\\/avatar\\\/31a1a7b66ff2de83bd0e9fd79d026630d2d99e55e8bfe501287647b4fd9743de?s=96&d=mm&r=g\",\"caption\":\"Gonzalo Schmidt\"},\"description\":\"Sitio web de noticias de la provincia de Entre R\u00edos, Argentina. Informaci\u00f3n y entretenimiento. Informe Litoral, nos informamos.\",\"sameAs\":[\"http:\\\/\\\/www.isletasnoticias.com.ar\"],\"url\":\"https:\\\/\\\/informelitoral.com.ar\\\/author\\\/gonzalo\\\/\"}]}<\/script>","yoast_head_json":{"title":"La C\u00e1mara de Diputados rindi\u00f3 homenaje a Ra\u00fal Rey  - Informe Litoral","robots":{"index":"index","follow":"follow","max-snippet":"max-snippet:-1","max-image-preview":"max-image-preview:large","max-video-preview":"max-video-preview:-1"},"canonical":"https:\/\/informelitoral.com.ar\/la-camara-de-diputados-rindio-homenaje-a-raul-rey\/","og_locale":"es_ES","og_type":"article","og_title":"La C\u00e1mara de Diputados rindi\u00f3 homenaje a Ra\u00fal Rey  - Informe Litoral","og_description":"&nbsp; En la &uacute;ltima sesi&oacute;n de la C&aacute;mara de Diputados de Entre R&iacute;os, el martes 07 de mayo, a trav&eacute;s de una iniciativa del diputado Jorge Daniel Monge, el cuerpo adhiri&oacute; al duelo provocado por el fallecimiento del Director del semanario &ldquo;El Supremo&rdquo;, Ra&uacute;l Alberto Rey, reconoci&eacute;ndose y destac&aacute;ndose adem&aacute;s la honesta, trascendente y dilatada [&hellip;]","og_url":"https:\/\/informelitoral.com.ar\/la-camara-de-diputados-rindio-homenaje-a-raul-rey\/","og_site_name":"Informe Litoral","article_publisher":"https:\/\/www.facebook.com\/informelitoral\/","article_published_time":"2013-05-13T02:08:54+00:00","og_image":[{"width":1457,"height":1457,"url":"https:\/\/informelitoral.com.ar\/%77%70%2d%63%6f%6e%74%65%6e%74\/uploads\/2013\/05\/50_Diputados-Monge.jpg","type":"image\/jpeg"}],"author":"Gonzalo Schmidt","twitter_card":"summary_large_image","twitter_creator":"@InformeLitoral","twitter_site":"@InformeLitoral","twitter_misc":{"Escrito por":"Gonzalo Schmidt","Tiempo de lectura":"2 minutos"},"schema":{"@context":"https:\/\/schema.org","@graph":[{"@type":"Article","@id":"https:\/\/informelitoral.com.ar\/la-camara-de-diputados-rindio-homenaje-a-raul-rey\/#article","isPartOf":{"@id":"https:\/\/informelitoral.com.ar\/la-camara-de-diputados-rindio-homenaje-a-raul-rey\/"},"author":{"name":"Gonzalo Schmidt","@id":"https:\/\/informelitoral.com.ar\/#\/schema\/person\/b9d00407c836482871ef1d57bf8e3180"},"headline":"La C\u00e1mara de Diputados rindi\u00f3 homenaje a Ra\u00fal Rey","datePublished":"2013-05-13T02:08:54+00:00","mainEntityOfPage":{"@id":"https:\/\/informelitoral.com.ar\/la-camara-de-diputados-rindio-homenaje-a-raul-rey\/"},"wordCount":364,"commentCount":0,"publisher":{"@id":"https:\/\/informelitoral.com.ar\/#organization"},"image":{"@id":"https:\/\/informelitoral.com.ar\/la-camara-de-diputados-rindio-homenaje-a-raul-rey\/#primaryimage"},"thumbnailUrl":"http:\/\/www.isletasnoticias.com.ar\/%77%70%2d%63%6f%6e%74%65%6e%74\/uploads\/2013\/05\/50_Diputados-Monge-300x300.jpg","articleSection":["Departamento Diamante","Politica"],"inLanguage":"es","potentialAction":[{"@type":"CommentAction","name":"Comment","target":["https:\/\/informelitoral.com.ar\/la-camara-de-diputados-rindio-homenaje-a-raul-rey\/#respond"]}]},{"@type":"WebPage","@id":"https:\/\/informelitoral.com.ar\/la-camara-de-diputados-rindio-homenaje-a-raul-rey\/","url":"https:\/\/informelitoral.com.ar\/la-camara-de-diputados-rindio-homenaje-a-raul-rey\/","name":"La C\u00e1mara de Diputados rindi\u00f3 homenaje a Ra\u00fal Rey - Informe Litoral","isPartOf":{"@id":"https:\/\/informelitoral.com.ar\/#website"},"primaryImageOfPage":{"@id":"https:\/\/informelitoral.com.ar\/la-camara-de-diputados-rindio-homenaje-a-raul-rey\/#primaryimage"},"image":{"@id":"https:\/\/informelitoral.com.ar\/la-camara-de-diputados-rindio-homenaje-a-raul-rey\/#primaryimage"},"thumbnailUrl":"http:\/\/www.isletasnoticias.com.ar\/%77%70%2d%63%6f%6e%74%65%6e%74\/uploads\/2013\/05\/50_Diputados-Monge-300x300.jpg","datePublished":"2013-05-13T02:08:54+00:00","breadcrumb":{"@id":"https:\/\/informelitoral.com.ar\/la-camara-de-diputados-rindio-homenaje-a-raul-rey\/#breadcrumb"},"inLanguage":"es","potentialAction":[{"@type":"ReadAction","target":["https:\/\/informelitoral.com.ar\/la-camara-de-diputados-rindio-homenaje-a-raul-rey\/"]}]},{"@type":"ImageObject","inLanguage":"es","@id":"https:\/\/informelitoral.com.ar\/la-camara-de-diputados-rindio-homenaje-a-raul-rey\/#primaryimage","url":"http:\/\/www.isletasnoticias.com.ar\/%77%70%2d%63%6f%6e%74%65%6e%74\/uploads\/2013\/05\/50_Diputados-Monge-300x300.jpg","contentUrl":"http:\/\/www.isletasnoticias.com.ar\/%77%70%2d%63%6f%6e%74%65%6e%74\/uploads\/2013\/05\/50_Diputados-Monge-300x300.jpg"},{"@type":"BreadcrumbList","@id":"https:\/\/informelitoral.com.ar\/la-camara-de-diputados-rindio-homenaje-a-raul-rey\/#breadcrumb","itemListElement":[{"@type":"ListItem","position":1,"name":"Portada","item":"https:\/\/informelitoral.com.ar\/"},{"@type":"ListItem","position":2,"name":"La C\u00e1mara de Diputados rindi\u00f3 homenaje a Ra\u00fal Rey"}]},{"@type":"WebSite","@id":"https:\/\/informelitoral.com.ar\/#website","url":"https:\/\/informelitoral.com.ar\/","name":"Informe Litoral","description":"&quot;Nos informamos&quot; ","publisher":{"@id":"https:\/\/informelitoral.com.ar\/#organization"},"potentialAction":[{"@type":"SearchAction","target":{"@type":"EntryPoint","urlTemplate":"https:\/\/informelitoral.com.ar\/?s={search_term_string}"},"query-input":{"@type":"PropertyValueSpecification","valueRequired":true,"valueName":"search_term_string"}}],"inLanguage":"es"},{"@type":"Organization","@id":"https:\/\/informelitoral.com.ar\/#organization","name":"Informe Litoral","url":"https:\/\/informelitoral.com.ar\/","logo":{"@type":"ImageObject","inLanguage":"es","@id":"https:\/\/informelitoral.com.ar\/#\/schema\/logo\/image\/","url":"https:\/\/informelitoral.com.ar\/%77%70%2d%63%6f%6e%74%65%6e%74\/uploads\/2021\/01\/circulo.png","contentUrl":"https:\/\/informelitoral.com.ar\/%77%70%2d%63%6f%6e%74%65%6e%74\/uploads\/2021\/01\/circulo.png","width":723,"height":731,"caption":"Informe Litoral"},"image":{"@id":"https:\/\/informelitoral.com.ar\/#\/schema\/logo\/image\/"},"sameAs":["https:\/\/www.facebook.com\/informelitoral\/","https:\/\/x.com\/InformeLitoral","https:\/\/www.instagram.com\/informelitoral\/","https:\/\/www.youtube.com\/channel\/UCua4Qvz8Icb6MYqhoq9xLXw"]},{"@type":"Person","@id":"https:\/\/informelitoral.com.ar\/#\/schema\/person\/b9d00407c836482871ef1d57bf8e3180","name":"Gonzalo Schmidt","image":{"@type":"ImageObject","inLanguage":"es","@id":"https:\/\/secure.gravatar.com\/avatar\/31a1a7b66ff2de83bd0e9fd79d026630d2d99e55e8bfe501287647b4fd9743de?s=96&d=mm&r=g","url":"https:\/\/secure.gravatar.com\/avatar\/31a1a7b66ff2de83bd0e9fd79d026630d2d99e55e8bfe501287647b4fd9743de?s=96&d=mm&r=g","contentUrl":"https:\/\/secure.gravatar.com\/avatar\/31a1a7b66ff2de83bd0e9fd79d026630d2d99e55e8bfe501287647b4fd9743de?s=96&d=mm&r=g","caption":"Gonzalo Schmidt"},"description":"Sitio web de noticias de la provincia de Entre R\u00edos, Argentina. Informaci\u00f3n y entretenimiento. Informe Litoral, nos informamos.","sameAs":["http:\/\/www.isletasnoticias.com.ar"],"url":"https:\/\/informelitoral.com.ar\/author\/gonzalo\/"}]}},"_links":{"self":[{"href":"https:\/\/informelitoral.com.ar\/%77%70%2d%6a%73%6f%6e\/wp\/v2\/posts\/1665","targetHints":{"allow":["GET"]}}],"collection":[{"href":"https:\/\/informelitoral.com.ar\/%77%70%2d%6a%73%6f%6e\/wp\/v2\/posts"}],"about":[{"href":"https:\/\/informelitoral.com.ar\/%77%70%2d%6a%73%6f%6e\/wp\/v2\/types\/post"}],"author":[{"embeddable":true,"href":"https:\/\/informelitoral.com.ar\/%77%70%2d%6a%73%6f%6e\/wp\/v2\/users\/2"}],"replies":[{"embeddable":true,"href":"https:\/\/informelitoral.com.ar\/%77%70%2d%6a%73%6f%6e\/wp\/v2\/comments?post=1665"}],"version-history":[{"count":0,"href":"https:\/\/informelitoral.com.ar\/%77%70%2d%6a%73%6f%6e\/wp\/v2\/posts\/1665\/revisions"}],"wp:attachment":[{"href":"https:\/\/informelitoral.com.ar\/%77%70%2d%6a%73%6f%6e\/wp\/v2\/media?parent=1665"}],"wp:term":[{"taxonomy":"category","embeddable":true,"href":"https:\/\/informelitoral.com.ar\/%77%70%2d%6a%73%6f%6e\/wp\/v2\/categories?post=1665"},{"taxonomy":"post_tag","embeddable":true,"href":"https:\/\/informelitoral.com.ar\/%77%70%2d%6a%73%6f%6e\/wp\/v2\/tags?post=1665"}],"curies":[{"name":"wp","href":"https:\/\/api.w.org\/{rel}","templated":true}]}}