{"id":16621,"date":"2016-06-14T08:04:45","date_gmt":"2016-06-14T11:04:45","guid":{"rendered":"http:\/\/www.isletasnoticias.com.ar\/?p=16621"},"modified":"2016-06-14T08:07:06","modified_gmt":"2016-06-14T11:07:06","slug":"sancor-vendio-su-linea-de-frescos-a-vicentin-por-us-51-millones","status":"publish","type":"post","link":"https:\/\/informelitoral.com.ar\/sancor-vendio-su-linea-de-frescos-a-vicentin-por-us-51-millones\/","title":{"rendered":"SanCor vendi\u00f3 su l\u00ednea de frescos a Vicent\u00edn por US$ 51 millones"},"content":{"rendered":"<p><strong>Se trata de los yogures, postres y quesos crema que se elaboran en C\u00f3rdoba y provincia de Buenos Aires.\u00a0Ahora apuntalar\u00e1n la distribuci\u00f3n y es lo que explica el amplio centro de log\u00edstica robotizado que estrenaron en Sunchales.\u00a0<\/strong><strong>Algo similar le pas\u00f3 a La Seren\u00edsima que est\u00e1 terminando en manos de Arcor.<a href=\"http:\/\/www.isletasnoticias.com.ar\/%77%70%2d%63%6f%6e%74%65%6e%74\/uploads\/2016\/06\/1316_big.jpg\"><img loading=\"lazy\" decoding=\"async\" class=\"aligncenter wp-image-16622 size-full\" src=\"http:\/\/www.isletasnoticias.com.ar\/%77%70%2d%63%6f%6e%74%65%6e%74\/uploads\/2016\/06\/1316_big.jpg\" alt=\"1316_big\" width=\"608\" height=\"456\" srcset=\"https:\/\/informelitoral.com.ar\/%77%70%2d%63%6f%6e%74%65%6e%74\/uploads\/2016\/06\/1316_big.jpg 608w, https:\/\/informelitoral.com.ar\/%77%70%2d%63%6f%6e%74%65%6e%74\/uploads\/2016\/06\/1316_big-300x225.jpg 300w\" sizes=\"auto, (max-width: 608px) 100vw, 608px\" \/><\/a><\/strong><\/p>\n<p>Despu\u00e9s de idas y vueltas la c\u00fapula de la cooperativa SanCor se inclin\u00f3 por Vicent\u00edn, que se erigi\u00f3 en el comprador de su l\u00ednea de productos frescos. La operaci\u00f3n se pact\u00f3 en US$ 51 millones. Vicent\u00edn, de la familia que lleva el apellido, y experta en el procesamiento de oleaginosas, desembarca as\u00ed en una nueva \u00e1rea de negocios, seg\u00fan consigna un art\u00edculo de la periodista Silvia Naishtat en el diario <em>Clar\u00edn.<\/em><\/p>\n<p>Son yogures, postres y quesos crema, con los que SanCor busc\u00f3 competir con la francesa Danone. Esos productos se elaboran en las plantas de Montecristo, C\u00f3rdoba y la de Arenaza, al sur de la provincia de Buenos Aires que supo pertenecer a la suiza Nestl\u00e9. En C\u00f3rdoba, precisamente, inauguraron un dep\u00f3sito de \u00faltima tecnolog\u00eda y lanzaron dos innovaciones, el yogur con tapa a rosca y la l\u00ednea de flanes caseros, que por lo visto no lograron inmunizar a SanCor ante la crisis del sector. El \u00faltimo balance de la cooperativa arroj\u00f3 un rojo de $ 1.500 millones, reprodujo <em>Infocampo.<\/em><\/p>\n<p>Por cierto, desde que se profundiz\u00f3 el drama econ\u00f3mico en Venezuela, los problemas de SanCor se agudizaron. Pese, a que desde Caracas les pagaron una deuda por US$ 80 millones, que les permiti\u00f3 afrontar precios internacionales por el piso. Pero SanCor entendi\u00f3 que no pod\u00eda seguir adelante sino soltaba alguna divisi\u00f3n. Algo similar le pas\u00f3 a La Seren\u00edsima que est\u00e1 terminando en manos de Arcor.<\/p>\n<p>La cooperativa estuvo en tratativas con otros compradores como Coca Cola, AGD, de la familia Urqu\u00eda y con Newsan, de Rub\u00e9n Cher\u00f1ajovsky, que domina en electr\u00f3nica en Tierra del Fuego y se expandi\u00f3 a alimentos.<\/p>\n<p>La cooperativa exporta el 50%. Pero a Venezuela se sum\u00f3 Brasil, destino de la manteca salada y el queso monta\u00f1oso, dos especificidades elaboradas en Sunchales. Ahora apuntalar\u00e1n la distribuci\u00f3n y es lo que explica el amplio centro de log\u00edstica robotizado que estrenaron en Sunchales.<\/p>\n","protected":false},"excerpt":{"rendered":"<p>Se trata de los yogures, postres y quesos crema que se elaboran en C&oacute;rdoba y provincia de Buenos Aires.&nbsp;Ahora apuntalar&aacute;n la distribuci&oacute;n y es lo que explica el amplio centro de log&iacute;stica robotizado que estrenaron en Sunchales.&nbsp;Algo similar le pas&oacute; a La Seren&iacute;sima que est&aacute; terminando en manos de Arcor. Despu&eacute;s de idas y vueltas [&hellip;]<\/p>\n","protected":false},"author":2,"featured_media":0,"comment_status":"open","ping_status":"open","sticky":false,"template":"","format":"standard","meta":{"fifu_image_url":"","fifu_image_alt":"","footnotes":""},"categories":[10,7],"tags":[],"class_list":{"0":"post-16621","1":"post","2":"type-post","3":"status-publish","4":"format-standard","6":"category-campo","7":"category-nacionales"},"yoast_head":"<title>SanCor vendi\u00f3 su l\u00ednea de frescos a Vicent\u00edn por US$ 51 millones - Informe Litoral<\/title>\n<meta name=\"robots\" content=\"index, follow, max-snippet:-1, max-image-preview:large, max-video-preview:-1\" \/>\n<link rel=\"canonical\" href=\"https:\/\/informelitoral.com.ar\/sancor-vendio-su-linea-de-frescos-a-vicentin-por-us-51-millones\/\" \/>\n<meta property=\"og:locale\" content=\"es_ES\" \/>\n<meta property=\"og:type\" content=\"article\" \/>\n<meta property=\"og:title\" content=\"SanCor vendi\u00f3 su l\u00ednea de frescos a Vicent\u00edn por US$ 51 millones - Informe Litoral\" \/>\n<meta property=\"og:description\" content=\"Se trata de los yogures, postres y quesos crema que se elaboran en C&oacute;rdoba y provincia de Buenos Aires.&nbsp;Ahora apuntalar&aacute;n la distribuci&oacute;n y es lo que explica el amplio centro de log&iacute;stica robotizado que estrenaron en Sunchales.&nbsp;Algo similar le pas&oacute; a La Seren&iacute;sima que est&aacute; terminando en manos de Arcor. Despu&eacute;s de idas y vueltas [&hellip;]\" \/>\n<meta property=\"og:url\" content=\"https:\/\/informelitoral.com.ar\/sancor-vendio-su-linea-de-frescos-a-vicentin-por-us-51-millones\/\" \/>\n<meta property=\"og:site_name\" content=\"Informe Litoral\" \/>\n<meta property=\"article:publisher\" content=\"https:\/\/www.facebook.com\/informelitoral\/\" \/>\n<meta property=\"article:published_time\" content=\"2016-06-14T11:04:45+00:00\" \/>\n<meta property=\"article:modified_time\" content=\"2016-06-14T11:07:06+00:00\" \/>\n<meta property=\"og:image\" content=\"https:\/\/informelitoral.com.ar\/%77%70%2d%63%6f%6e%74%65%6e%74\/uploads\/2016\/06\/1316_big.jpg\" \/>\n\t<meta property=\"og:image:width\" content=\"608\" \/>\n\t<meta property=\"og:image:height\" content=\"456\" \/>\n\t<meta property=\"og:image:type\" content=\"image\/jpeg\" \/>\n<meta name=\"author\" content=\"Gonzalo Schmidt\" \/>\n<meta name=\"twitter:card\" content=\"summary_large_image\" \/>\n<meta name=\"twitter:creator\" content=\"@InformeLitoral\" \/>\n<meta name=\"twitter:site\" content=\"@InformeLitoral\" \/>\n<meta name=\"twitter:label1\" content=\"Escrito por\" \/>\n\t<meta name=\"twitter:data1\" content=\"Gonzalo Schmidt\" \/>\n\t<meta name=\"twitter:label2\" content=\"Tiempo de lectura\" \/>\n\t<meta name=\"twitter:data2\" content=\"2 minutos\" \/>\n<script type=\"application\/ld+json\" class=\"yoast-schema-graph\">{\"@context\":\"https:\\\/\\\/schema.org\",\"@graph\":[{\"@type\":\"Article\",\"@id\":\"https:\\\/\\\/informelitoral.com.ar\\\/sancor-vendio-su-linea-de-frescos-a-vicentin-por-us-51-millones\\\/#article\",\"isPartOf\":{\"@id\":\"https:\\\/\\\/informelitoral.com.ar\\\/sancor-vendio-su-linea-de-frescos-a-vicentin-por-us-51-millones\\\/\"},\"author\":{\"name\":\"Gonzalo Schmidt\",\"@id\":\"https:\\\/\\\/informelitoral.com.ar\\\/#\\\/schema\\\/person\\\/b9d00407c836482871ef1d57bf8e3180\"},\"headline\":\"SanCor vendi\u00f3 su l\u00ednea de frescos a Vicent\u00edn por US$ 51 millones\",\"datePublished\":\"2016-06-14T11:04:45+00:00\",\"dateModified\":\"2016-06-14T11:07:06+00:00\",\"mainEntityOfPage\":{\"@id\":\"https:\\\/\\\/informelitoral.com.ar\\\/sancor-vendio-su-linea-de-frescos-a-vicentin-por-us-51-millones\\\/\"},\"wordCount\":405,\"commentCount\":0,\"publisher\":{\"@id\":\"https:\\\/\\\/informelitoral.com.ar\\\/#organization\"},\"image\":{\"@id\":\"https:\\\/\\\/informelitoral.com.ar\\\/sancor-vendio-su-linea-de-frescos-a-vicentin-por-us-51-millones\\\/#primaryimage\"},\"thumbnailUrl\":\"http:\\\/\\\/www.isletasnoticias.com.ar\\\/%77%70%2d%63%6f%6e%74%65%6e%74\\\/uploads\\\/2016\\\/06\\\/1316_big.jpg\",\"articleSection\":[\"Campo\",\"Nacionales\"],\"inLanguage\":\"es\",\"potentialAction\":[{\"@type\":\"CommentAction\",\"name\":\"Comment\",\"target\":[\"https:\\\/\\\/informelitoral.com.ar\\\/sancor-vendio-su-linea-de-frescos-a-vicentin-por-us-51-millones\\\/#respond\"]}]},{\"@type\":\"WebPage\",\"@id\":\"https:\\\/\\\/informelitoral.com.ar\\\/sancor-vendio-su-linea-de-frescos-a-vicentin-por-us-51-millones\\\/\",\"url\":\"https:\\\/\\\/informelitoral.com.ar\\\/sancor-vendio-su-linea-de-frescos-a-vicentin-por-us-51-millones\\\/\",\"name\":\"SanCor vendi\u00f3 su l\u00ednea de frescos a Vicent\u00edn por US$ 51 millones - Informe Litoral\",\"isPartOf\":{\"@id\":\"https:\\\/\\\/informelitoral.com.ar\\\/#website\"},\"primaryImageOfPage\":{\"@id\":\"https:\\\/\\\/informelitoral.com.ar\\\/sancor-vendio-su-linea-de-frescos-a-vicentin-por-us-51-millones\\\/#primaryimage\"},\"image\":{\"@id\":\"https:\\\/\\\/informelitoral.com.ar\\\/sancor-vendio-su-linea-de-frescos-a-vicentin-por-us-51-millones\\\/#primaryimage\"},\"thumbnailUrl\":\"http:\\\/\\\/www.isletasnoticias.com.ar\\\/%77%70%2d%63%6f%6e%74%65%6e%74\\\/uploads\\\/2016\\\/06\\\/1316_big.jpg\",\"datePublished\":\"2016-06-14T11:04:45+00:00\",\"dateModified\":\"2016-06-14T11:07:06+00:00\",\"breadcrumb\":{\"@id\":\"https:\\\/\\\/informelitoral.com.ar\\\/sancor-vendio-su-linea-de-frescos-a-vicentin-por-us-51-millones\\\/#breadcrumb\"},\"inLanguage\":\"es\",\"potentialAction\":[{\"@type\":\"ReadAction\",\"target\":[\"https:\\\/\\\/informelitoral.com.ar\\\/sancor-vendio-su-linea-de-frescos-a-vicentin-por-us-51-millones\\\/\"]}]},{\"@type\":\"ImageObject\",\"inLanguage\":\"es\",\"@id\":\"https:\\\/\\\/informelitoral.com.ar\\\/sancor-vendio-su-linea-de-frescos-a-vicentin-por-us-51-millones\\\/#primaryimage\",\"url\":\"http:\\\/\\\/www.isletasnoticias.com.ar\\\/%77%70%2d%63%6f%6e%74%65%6e%74\\\/uploads\\\/2016\\\/06\\\/1316_big.jpg\",\"contentUrl\":\"http:\\\/\\\/www.isletasnoticias.com.ar\\\/%77%70%2d%63%6f%6e%74%65%6e%74\\\/uploads\\\/2016\\\/06\\\/1316_big.jpg\"},{\"@type\":\"BreadcrumbList\",\"@id\":\"https:\\\/\\\/informelitoral.com.ar\\\/sancor-vendio-su-linea-de-frescos-a-vicentin-por-us-51-millones\\\/#breadcrumb\",\"itemListElement\":[{\"@type\":\"ListItem\",\"position\":1,\"name\":\"Portada\",\"item\":\"https:\\\/\\\/informelitoral.com.ar\\\/\"},{\"@type\":\"ListItem\",\"position\":2,\"name\":\"SanCor vendi\u00f3 su l\u00ednea de frescos a Vicent\u00edn por US$ 51 millones\"}]},{\"@type\":\"WebSite\",\"@id\":\"https:\\\/\\\/informelitoral.com.ar\\\/#website\",\"url\":\"https:\\\/\\\/informelitoral.com.ar\\\/\",\"name\":\"Informe Litoral\",\"description\":\"&quot;Nos informamos&quot; \",\"publisher\":{\"@id\":\"https:\\\/\\\/informelitoral.com.ar\\\/#organization\"},\"potentialAction\":[{\"@type\":\"SearchAction\",\"target\":{\"@type\":\"EntryPoint\",\"urlTemplate\":\"https:\\\/\\\/informelitoral.com.ar\\\/?s={search_term_string}\"},\"query-input\":{\"@type\":\"PropertyValueSpecification\",\"valueRequired\":true,\"valueName\":\"search_term_string\"}}],\"inLanguage\":\"es\"},{\"@type\":\"Organization\",\"@id\":\"https:\\\/\\\/informelitoral.com.ar\\\/#organization\",\"name\":\"Informe Litoral\",\"url\":\"https:\\\/\\\/informelitoral.com.ar\\\/\",\"logo\":{\"@type\":\"ImageObject\",\"inLanguage\":\"es\",\"@id\":\"https:\\\/\\\/informelitoral.com.ar\\\/#\\\/schema\\\/logo\\\/image\\\/\",\"url\":\"https:\\\/\\\/informelitoral.com.ar\\\/%77%70%2d%63%6f%6e%74%65%6e%74\\\/uploads\\\/2021\\\/01\\\/circulo.png\",\"contentUrl\":\"https:\\\/\\\/informelitoral.com.ar\\\/%77%70%2d%63%6f%6e%74%65%6e%74\\\/uploads\\\/2021\\\/01\\\/circulo.png\",\"width\":723,\"height\":731,\"caption\":\"Informe Litoral\"},\"image\":{\"@id\":\"https:\\\/\\\/informelitoral.com.ar\\\/#\\\/schema\\\/logo\\\/image\\\/\"},\"sameAs\":[\"https:\\\/\\\/www.facebook.com\\\/informelitoral\\\/\",\"https:\\\/\\\/x.com\\\/InformeLitoral\",\"https:\\\/\\\/www.instagram.com\\\/informelitoral\\\/\",\"https:\\\/\\\/www.youtube.com\\\/channel\\\/UCua4Qvz8Icb6MYqhoq9xLXw\"]},{\"@type\":\"Person\",\"@id\":\"https:\\\/\\\/informelitoral.com.ar\\\/#\\\/schema\\\/person\\\/b9d00407c836482871ef1d57bf8e3180\",\"name\":\"Gonzalo Schmidt\",\"image\":{\"@type\":\"ImageObject\",\"inLanguage\":\"es\",\"@id\":\"https:\\\/\\\/secure.gravatar.com\\\/avatar\\\/31a1a7b66ff2de83bd0e9fd79d026630d2d99e55e8bfe501287647b4fd9743de?s=96&d=mm&r=g\",\"url\":\"https:\\\/\\\/secure.gravatar.com\\\/avatar\\\/31a1a7b66ff2de83bd0e9fd79d026630d2d99e55e8bfe501287647b4fd9743de?s=96&d=mm&r=g\",\"contentUrl\":\"https:\\\/\\\/secure.gravatar.com\\\/avatar\\\/31a1a7b66ff2de83bd0e9fd79d026630d2d99e55e8bfe501287647b4fd9743de?s=96&d=mm&r=g\",\"caption\":\"Gonzalo Schmidt\"},\"description\":\"Sitio web de noticias de la provincia de Entre R\u00edos, Argentina. Informaci\u00f3n y entretenimiento. Informe Litoral, nos informamos.\",\"sameAs\":[\"http:\\\/\\\/www.isletasnoticias.com.ar\"],\"url\":\"https:\\\/\\\/informelitoral.com.ar\\\/author\\\/gonzalo\\\/\"}]}<\/script>","yoast_head_json":{"title":"SanCor vendi\u00f3 su l\u00ednea de frescos a Vicent\u00edn por US$ 51 millones - Informe Litoral","robots":{"index":"index","follow":"follow","max-snippet":"max-snippet:-1","max-image-preview":"max-image-preview:large","max-video-preview":"max-video-preview:-1"},"canonical":"https:\/\/informelitoral.com.ar\/sancor-vendio-su-linea-de-frescos-a-vicentin-por-us-51-millones\/","og_locale":"es_ES","og_type":"article","og_title":"SanCor vendi\u00f3 su l\u00ednea de frescos a Vicent\u00edn por US$ 51 millones - Informe Litoral","og_description":"Se trata de los yogures, postres y quesos crema que se elaboran en C&oacute;rdoba y provincia de Buenos Aires.&nbsp;Ahora apuntalar&aacute;n la distribuci&oacute;n y es lo que explica el amplio centro de log&iacute;stica robotizado que estrenaron en Sunchales.&nbsp;Algo similar le pas&oacute; a La Seren&iacute;sima que est&aacute; terminando en manos de Arcor. Despu&eacute;s de idas y vueltas [&hellip;]","og_url":"https:\/\/informelitoral.com.ar\/sancor-vendio-su-linea-de-frescos-a-vicentin-por-us-51-millones\/","og_site_name":"Informe Litoral","article_publisher":"https:\/\/www.facebook.com\/informelitoral\/","article_published_time":"2016-06-14T11:04:45+00:00","article_modified_time":"2016-06-14T11:07:06+00:00","og_image":[{"width":608,"height":456,"url":"https:\/\/informelitoral.com.ar\/%77%70%2d%63%6f%6e%74%65%6e%74\/uploads\/2016\/06\/1316_big.jpg","type":"image\/jpeg"}],"author":"Gonzalo Schmidt","twitter_card":"summary_large_image","twitter_creator":"@InformeLitoral","twitter_site":"@InformeLitoral","twitter_misc":{"Escrito por":"Gonzalo Schmidt","Tiempo de lectura":"2 minutos"},"schema":{"@context":"https:\/\/schema.org","@graph":[{"@type":"Article","@id":"https:\/\/informelitoral.com.ar\/sancor-vendio-su-linea-de-frescos-a-vicentin-por-us-51-millones\/#article","isPartOf":{"@id":"https:\/\/informelitoral.com.ar\/sancor-vendio-su-linea-de-frescos-a-vicentin-por-us-51-millones\/"},"author":{"name":"Gonzalo Schmidt","@id":"https:\/\/informelitoral.com.ar\/#\/schema\/person\/b9d00407c836482871ef1d57bf8e3180"},"headline":"SanCor vendi\u00f3 su l\u00ednea de frescos a Vicent\u00edn por US$ 51 millones","datePublished":"2016-06-14T11:04:45+00:00","dateModified":"2016-06-14T11:07:06+00:00","mainEntityOfPage":{"@id":"https:\/\/informelitoral.com.ar\/sancor-vendio-su-linea-de-frescos-a-vicentin-por-us-51-millones\/"},"wordCount":405,"commentCount":0,"publisher":{"@id":"https:\/\/informelitoral.com.ar\/#organization"},"image":{"@id":"https:\/\/informelitoral.com.ar\/sancor-vendio-su-linea-de-frescos-a-vicentin-por-us-51-millones\/#primaryimage"},"thumbnailUrl":"http:\/\/www.isletasnoticias.com.ar\/%77%70%2d%63%6f%6e%74%65%6e%74\/uploads\/2016\/06\/1316_big.jpg","articleSection":["Campo","Nacionales"],"inLanguage":"es","potentialAction":[{"@type":"CommentAction","name":"Comment","target":["https:\/\/informelitoral.com.ar\/sancor-vendio-su-linea-de-frescos-a-vicentin-por-us-51-millones\/#respond"]}]},{"@type":"WebPage","@id":"https:\/\/informelitoral.com.ar\/sancor-vendio-su-linea-de-frescos-a-vicentin-por-us-51-millones\/","url":"https:\/\/informelitoral.com.ar\/sancor-vendio-su-linea-de-frescos-a-vicentin-por-us-51-millones\/","name":"SanCor vendi\u00f3 su l\u00ednea de frescos a Vicent\u00edn por US$ 51 millones - Informe Litoral","isPartOf":{"@id":"https:\/\/informelitoral.com.ar\/#website"},"primaryImageOfPage":{"@id":"https:\/\/informelitoral.com.ar\/sancor-vendio-su-linea-de-frescos-a-vicentin-por-us-51-millones\/#primaryimage"},"image":{"@id":"https:\/\/informelitoral.com.ar\/sancor-vendio-su-linea-de-frescos-a-vicentin-por-us-51-millones\/#primaryimage"},"thumbnailUrl":"http:\/\/www.isletasnoticias.com.ar\/%77%70%2d%63%6f%6e%74%65%6e%74\/uploads\/2016\/06\/1316_big.jpg","datePublished":"2016-06-14T11:04:45+00:00","dateModified":"2016-06-14T11:07:06+00:00","breadcrumb":{"@id":"https:\/\/informelitoral.com.ar\/sancor-vendio-su-linea-de-frescos-a-vicentin-por-us-51-millones\/#breadcrumb"},"inLanguage":"es","potentialAction":[{"@type":"ReadAction","target":["https:\/\/informelitoral.com.ar\/sancor-vendio-su-linea-de-frescos-a-vicentin-por-us-51-millones\/"]}]},{"@type":"ImageObject","inLanguage":"es","@id":"https:\/\/informelitoral.com.ar\/sancor-vendio-su-linea-de-frescos-a-vicentin-por-us-51-millones\/#primaryimage","url":"http:\/\/www.isletasnoticias.com.ar\/%77%70%2d%63%6f%6e%74%65%6e%74\/uploads\/2016\/06\/1316_big.jpg","contentUrl":"http:\/\/www.isletasnoticias.com.ar\/%77%70%2d%63%6f%6e%74%65%6e%74\/uploads\/2016\/06\/1316_big.jpg"},{"@type":"BreadcrumbList","@id":"https:\/\/informelitoral.com.ar\/sancor-vendio-su-linea-de-frescos-a-vicentin-por-us-51-millones\/#breadcrumb","itemListElement":[{"@type":"ListItem","position":1,"name":"Portada","item":"https:\/\/informelitoral.com.ar\/"},{"@type":"ListItem","position":2,"name":"SanCor vendi\u00f3 su l\u00ednea de frescos a Vicent\u00edn por US$ 51 millones"}]},{"@type":"WebSite","@id":"https:\/\/informelitoral.com.ar\/#website","url":"https:\/\/informelitoral.com.ar\/","name":"Informe Litoral","description":"&quot;Nos informamos&quot; ","publisher":{"@id":"https:\/\/informelitoral.com.ar\/#organization"},"potentialAction":[{"@type":"SearchAction","target":{"@type":"EntryPoint","urlTemplate":"https:\/\/informelitoral.com.ar\/?s={search_term_string}"},"query-input":{"@type":"PropertyValueSpecification","valueRequired":true,"valueName":"search_term_string"}}],"inLanguage":"es"},{"@type":"Organization","@id":"https:\/\/informelitoral.com.ar\/#organization","name":"Informe Litoral","url":"https:\/\/informelitoral.com.ar\/","logo":{"@type":"ImageObject","inLanguage":"es","@id":"https:\/\/informelitoral.com.ar\/#\/schema\/logo\/image\/","url":"https:\/\/informelitoral.com.ar\/%77%70%2d%63%6f%6e%74%65%6e%74\/uploads\/2021\/01\/circulo.png","contentUrl":"https:\/\/informelitoral.com.ar\/%77%70%2d%63%6f%6e%74%65%6e%74\/uploads\/2021\/01\/circulo.png","width":723,"height":731,"caption":"Informe Litoral"},"image":{"@id":"https:\/\/informelitoral.com.ar\/#\/schema\/logo\/image\/"},"sameAs":["https:\/\/www.facebook.com\/informelitoral\/","https:\/\/x.com\/InformeLitoral","https:\/\/www.instagram.com\/informelitoral\/","https:\/\/www.youtube.com\/channel\/UCua4Qvz8Icb6MYqhoq9xLXw"]},{"@type":"Person","@id":"https:\/\/informelitoral.com.ar\/#\/schema\/person\/b9d00407c836482871ef1d57bf8e3180","name":"Gonzalo Schmidt","image":{"@type":"ImageObject","inLanguage":"es","@id":"https:\/\/secure.gravatar.com\/avatar\/31a1a7b66ff2de83bd0e9fd79d026630d2d99e55e8bfe501287647b4fd9743de?s=96&d=mm&r=g","url":"https:\/\/secure.gravatar.com\/avatar\/31a1a7b66ff2de83bd0e9fd79d026630d2d99e55e8bfe501287647b4fd9743de?s=96&d=mm&r=g","contentUrl":"https:\/\/secure.gravatar.com\/avatar\/31a1a7b66ff2de83bd0e9fd79d026630d2d99e55e8bfe501287647b4fd9743de?s=96&d=mm&r=g","caption":"Gonzalo Schmidt"},"description":"Sitio web de noticias de la provincia de Entre R\u00edos, Argentina. Informaci\u00f3n y entretenimiento. Informe Litoral, nos informamos.","sameAs":["http:\/\/www.isletasnoticias.com.ar"],"url":"https:\/\/informelitoral.com.ar\/author\/gonzalo\/"}]}},"_links":{"self":[{"href":"https:\/\/informelitoral.com.ar\/%77%70%2d%6a%73%6f%6e\/wp\/v2\/posts\/16621","targetHints":{"allow":["GET"]}}],"collection":[{"href":"https:\/\/informelitoral.com.ar\/%77%70%2d%6a%73%6f%6e\/wp\/v2\/posts"}],"about":[{"href":"https:\/\/informelitoral.com.ar\/%77%70%2d%6a%73%6f%6e\/wp\/v2\/types\/post"}],"author":[{"embeddable":true,"href":"https:\/\/informelitoral.com.ar\/%77%70%2d%6a%73%6f%6e\/wp\/v2\/users\/2"}],"replies":[{"embeddable":true,"href":"https:\/\/informelitoral.com.ar\/%77%70%2d%6a%73%6f%6e\/wp\/v2\/comments?post=16621"}],"version-history":[{"count":0,"href":"https:\/\/informelitoral.com.ar\/%77%70%2d%6a%73%6f%6e\/wp\/v2\/posts\/16621\/revisions"}],"wp:attachment":[{"href":"https:\/\/informelitoral.com.ar\/%77%70%2d%6a%73%6f%6e\/wp\/v2\/media?parent=16621"}],"wp:term":[{"taxonomy":"category","embeddable":true,"href":"https:\/\/informelitoral.com.ar\/%77%70%2d%6a%73%6f%6e\/wp\/v2\/categories?post=16621"},{"taxonomy":"post_tag","embeddable":true,"href":"https:\/\/informelitoral.com.ar\/%77%70%2d%6a%73%6f%6e\/wp\/v2\/tags?post=16621"}],"curies":[{"name":"wp","href":"https:\/\/api.w.org\/{rel}","templated":true}]}}