{"id":16580,"date":"2016-06-10T08:39:26","date_gmt":"2016-06-10T11:39:26","guid":{"rendered":"http:\/\/www.isletasnoticias.com.ar\/?p=16580"},"modified":"2016-06-10T08:39:55","modified_gmt":"2016-06-10T11:39:55","slug":"preven-que-el-frio-sera-aun-mas-intenso-este-sabado","status":"publish","type":"post","link":"https:\/\/informelitoral.com.ar\/preven-que-el-frio-sera-aun-mas-intenso-este-sabado\/","title":{"rendered":"Prev\u00e9n que el fr\u00edo ser\u00e1 a\u00fan m\u00e1s intenso este s\u00e1bado"},"content":{"rendered":"<p><strong>La jornada m\u00e1s fr\u00eda de la semana se producir\u00eda este s\u00e1bado. Es que, seg\u00fan el Servicio Meteorol\u00f3gico Nacional, el term\u00f3metro llegar\u00eda a marcar en Paran\u00e1 un grado bajo cero. <i>Qu\u00e9 se pronostica para el domingo y la semana que viene<\/i>.<a href=\"http:\/\/www.isletasnoticias.com.ar\/%77%70%2d%63%6f%6e%74%65%6e%74\/uploads\/2016\/06\/perros.jpg\"><img loading=\"lazy\" decoding=\"async\" class=\"aligncenter wp-image-16581 size-full\" src=\"http:\/\/www.isletasnoticias.com.ar\/%77%70%2d%63%6f%6e%74%65%6e%74\/uploads\/2016\/06\/perros.jpg\" alt=\"perros\" width=\"546\" height=\"365\" srcset=\"https:\/\/informelitoral.com.ar\/%77%70%2d%63%6f%6e%74%65%6e%74\/uploads\/2016\/06\/perros.jpg 546w, https:\/\/informelitoral.com.ar\/%77%70%2d%63%6f%6e%74%65%6e%74\/uploads\/2016\/06\/perros-300x201.jpg 300w\" sizes=\"auto, (max-width: 546px) 100vw, 546px\" \/><\/a><\/strong><\/p>\n<p>La masa de aire fr\u00edo que cubre casi todo el pa\u00eds continuar\u00e1 intensific\u00e1ndose durante las pr\u00f3ximas horas en Entre R\u00edos, aunque a partir del domingo la temperatura ir\u00eda ascendiendo lentamente.<\/p>\n<p>Para lo que resta de este viernes, se prev\u00e9 cielo parcial a algo nublado. Neblinas. Vientos leves de direcciones variables, cambiando a leves o moderados del sector sur. La m\u00e1xima llegar\u00eda a 13 grados.<\/p>\n<p>La jornada m\u00e1s fr\u00eda de la semana se producir\u00eda este s\u00e1bado. Es que, seg\u00fan el Servicio Meteorol\u00f3gico Nacional, el term\u00f3metro llegar\u00eda a marcar en Paran\u00e1 <b>un grado bajo cero<\/b> en las primeras horas de la ma\u00f1ana. Luego, con el transcurrir de la jornada llegar\u00eda a 12 grados.<\/p>\n<p>En tanto, para el domingo se prev\u00e9 una m\u00ednima de un grado y una m\u00e1xima de 15. Algo similar ocurrir\u00eda el lunes.<\/p>\n<p>En tal sentido, seg\u00fan las previsiones a largo plazo, a partir del martes las marcas m\u00ednimas empezar\u00edan a ser bastante m\u00e1s altas que las actuales: Oscilar\u00edan entre 6 y 7 grados, en tanto que las m\u00e1ximas podr\u00edan trepar hasta los 17.<\/p>\n<p>Se anuncian jornadas mayormente soleadas al menos hasta el jueves. <em>(Elonce.com)<\/em><\/p>\n","protected":false},"excerpt":{"rendered":"<p>La jornada m&aacute;s fr&iacute;a de la semana se producir&iacute;a este s&aacute;bado. Es que, seg&uacute;n el Servicio Meteorol&oacute;gico Nacional, el term&oacute;metro llegar&iacute;a a marcar en Paran&aacute; un grado bajo cero. Qu&eacute; se pronostica para el domingo y la semana que viene. La masa de aire fr&iacute;o que cubre casi todo el pa&iacute;s continuar&aacute; intensific&aacute;ndose durante las [&hellip;]<\/p>\n","protected":false},"author":2,"featured_media":0,"comment_status":"open","ping_status":"open","sticky":false,"template":"","format":"standard","meta":{"fifu_image_url":"","fifu_image_alt":"","footnotes":""},"categories":[6,7,9],"tags":[],"class_list":{"0":"post-16580","1":"post","2":"type-post","3":"status-publish","4":"format-standard","6":"category-entre-rios","7":"category-nacionales","8":"category-sociedad"},"yoast_head":"<title>Prev\u00e9n que el fr\u00edo ser\u00e1 a\u00fan m\u00e1s intenso este s\u00e1bado - Informe Litoral<\/title>\n<meta name=\"robots\" content=\"index, follow, max-snippet:-1, max-image-preview:large, max-video-preview:-1\" \/>\n<link rel=\"canonical\" href=\"https:\/\/informelitoral.com.ar\/preven-que-el-frio-sera-aun-mas-intenso-este-sabado\/\" \/>\n<meta property=\"og:locale\" content=\"es_ES\" \/>\n<meta property=\"og:type\" content=\"article\" \/>\n<meta property=\"og:title\" content=\"Prev\u00e9n que el fr\u00edo ser\u00e1 a\u00fan m\u00e1s intenso este s\u00e1bado - Informe Litoral\" \/>\n<meta property=\"og:description\" content=\"La jornada m&aacute;s fr&iacute;a de la semana se producir&iacute;a este s&aacute;bado. Es que, seg&uacute;n el Servicio Meteorol&oacute;gico Nacional, el term&oacute;metro llegar&iacute;a a marcar en Paran&aacute; un grado bajo cero. Qu&eacute; se pronostica para el domingo y la semana que viene. La masa de aire fr&iacute;o que cubre casi todo el pa&iacute;s continuar&aacute; intensific&aacute;ndose durante las [&hellip;]\" \/>\n<meta property=\"og:url\" content=\"https:\/\/informelitoral.com.ar\/preven-que-el-frio-sera-aun-mas-intenso-este-sabado\/\" \/>\n<meta property=\"og:site_name\" content=\"Informe Litoral\" \/>\n<meta property=\"article:publisher\" content=\"https:\/\/www.facebook.com\/informelitoral\/\" \/>\n<meta property=\"article:published_time\" content=\"2016-06-10T11:39:26+00:00\" \/>\n<meta property=\"article:modified_time\" content=\"2016-06-10T11:39:55+00:00\" \/>\n<meta property=\"og:image\" content=\"https:\/\/informelitoral.com.ar\/%77%70%2d%63%6f%6e%74%65%6e%74\/uploads\/2016\/06\/perros.jpg\" \/>\n\t<meta property=\"og:image:width\" content=\"546\" \/>\n\t<meta property=\"og:image:height\" content=\"365\" \/>\n\t<meta property=\"og:image:type\" content=\"image\/jpeg\" \/>\n<meta name=\"author\" content=\"Gonzalo Schmidt\" \/>\n<meta name=\"twitter:card\" content=\"summary_large_image\" \/>\n<meta name=\"twitter:creator\" content=\"@InformeLitoral\" \/>\n<meta name=\"twitter:site\" content=\"@InformeLitoral\" \/>\n<meta name=\"twitter:label1\" content=\"Escrito por\" \/>\n\t<meta name=\"twitter:data1\" content=\"Gonzalo Schmidt\" \/>\n\t<meta name=\"twitter:label2\" content=\"Tiempo de lectura\" \/>\n\t<meta name=\"twitter:data2\" content=\"1 minuto\" \/>\n<script type=\"application\/ld+json\" class=\"yoast-schema-graph\">{\"@context\":\"https:\\\/\\\/schema.org\",\"@graph\":[{\"@type\":\"Article\",\"@id\":\"https:\\\/\\\/informelitoral.com.ar\\\/preven-que-el-frio-sera-aun-mas-intenso-este-sabado\\\/#article\",\"isPartOf\":{\"@id\":\"https:\\\/\\\/informelitoral.com.ar\\\/preven-que-el-frio-sera-aun-mas-intenso-este-sabado\\\/\"},\"author\":{\"name\":\"Gonzalo Schmidt\",\"@id\":\"https:\\\/\\\/informelitoral.com.ar\\\/#\\\/schema\\\/person\\\/b9d00407c836482871ef1d57bf8e3180\"},\"headline\":\"Prev\u00e9n que el fr\u00edo ser\u00e1 a\u00fan m\u00e1s intenso este s\u00e1bado\",\"datePublished\":\"2016-06-10T11:39:26+00:00\",\"dateModified\":\"2016-06-10T11:39:55+00:00\",\"mainEntityOfPage\":{\"@id\":\"https:\\\/\\\/informelitoral.com.ar\\\/preven-que-el-frio-sera-aun-mas-intenso-este-sabado\\\/\"},\"wordCount\":271,\"commentCount\":0,\"publisher\":{\"@id\":\"https:\\\/\\\/informelitoral.com.ar\\\/#organization\"},\"image\":{\"@id\":\"https:\\\/\\\/informelitoral.com.ar\\\/preven-que-el-frio-sera-aun-mas-intenso-este-sabado\\\/#primaryimage\"},\"thumbnailUrl\":\"http:\\\/\\\/www.isletasnoticias.com.ar\\\/%77%70%2d%63%6f%6e%74%65%6e%74\\\/uploads\\\/2016\\\/06\\\/perros.jpg\",\"articleSection\":[\"Entre R\u00edos\",\"Nacionales\",\"Sociedad\"],\"inLanguage\":\"es\",\"potentialAction\":[{\"@type\":\"CommentAction\",\"name\":\"Comment\",\"target\":[\"https:\\\/\\\/informelitoral.com.ar\\\/preven-que-el-frio-sera-aun-mas-intenso-este-sabado\\\/#respond\"]}]},{\"@type\":\"WebPage\",\"@id\":\"https:\\\/\\\/informelitoral.com.ar\\\/preven-que-el-frio-sera-aun-mas-intenso-este-sabado\\\/\",\"url\":\"https:\\\/\\\/informelitoral.com.ar\\\/preven-que-el-frio-sera-aun-mas-intenso-este-sabado\\\/\",\"name\":\"Prev\u00e9n que el fr\u00edo ser\u00e1 a\u00fan m\u00e1s intenso este s\u00e1bado - Informe Litoral\",\"isPartOf\":{\"@id\":\"https:\\\/\\\/informelitoral.com.ar\\\/#website\"},\"primaryImageOfPage\":{\"@id\":\"https:\\\/\\\/informelitoral.com.ar\\\/preven-que-el-frio-sera-aun-mas-intenso-este-sabado\\\/#primaryimage\"},\"image\":{\"@id\":\"https:\\\/\\\/informelitoral.com.ar\\\/preven-que-el-frio-sera-aun-mas-intenso-este-sabado\\\/#primaryimage\"},\"thumbnailUrl\":\"http:\\\/\\\/www.isletasnoticias.com.ar\\\/%77%70%2d%63%6f%6e%74%65%6e%74\\\/uploads\\\/2016\\\/06\\\/perros.jpg\",\"datePublished\":\"2016-06-10T11:39:26+00:00\",\"dateModified\":\"2016-06-10T11:39:55+00:00\",\"breadcrumb\":{\"@id\":\"https:\\\/\\\/informelitoral.com.ar\\\/preven-que-el-frio-sera-aun-mas-intenso-este-sabado\\\/#breadcrumb\"},\"inLanguage\":\"es\",\"potentialAction\":[{\"@type\":\"ReadAction\",\"target\":[\"https:\\\/\\\/informelitoral.com.ar\\\/preven-que-el-frio-sera-aun-mas-intenso-este-sabado\\\/\"]}]},{\"@type\":\"ImageObject\",\"inLanguage\":\"es\",\"@id\":\"https:\\\/\\\/informelitoral.com.ar\\\/preven-que-el-frio-sera-aun-mas-intenso-este-sabado\\\/#primaryimage\",\"url\":\"http:\\\/\\\/www.isletasnoticias.com.ar\\\/%77%70%2d%63%6f%6e%74%65%6e%74\\\/uploads\\\/2016\\\/06\\\/perros.jpg\",\"contentUrl\":\"http:\\\/\\\/www.isletasnoticias.com.ar\\\/%77%70%2d%63%6f%6e%74%65%6e%74\\\/uploads\\\/2016\\\/06\\\/perros.jpg\"},{\"@type\":\"BreadcrumbList\",\"@id\":\"https:\\\/\\\/informelitoral.com.ar\\\/preven-que-el-frio-sera-aun-mas-intenso-este-sabado\\\/#breadcrumb\",\"itemListElement\":[{\"@type\":\"ListItem\",\"position\":1,\"name\":\"Portada\",\"item\":\"https:\\\/\\\/informelitoral.com.ar\\\/\"},{\"@type\":\"ListItem\",\"position\":2,\"name\":\"Prev\u00e9n que el fr\u00edo ser\u00e1 a\u00fan m\u00e1s intenso este s\u00e1bado\"}]},{\"@type\":\"WebSite\",\"@id\":\"https:\\\/\\\/informelitoral.com.ar\\\/#website\",\"url\":\"https:\\\/\\\/informelitoral.com.ar\\\/\",\"name\":\"Informe Litoral\",\"description\":\"&quot;Nos informamos&quot; \",\"publisher\":{\"@id\":\"https:\\\/\\\/informelitoral.com.ar\\\/#organization\"},\"potentialAction\":[{\"@type\":\"SearchAction\",\"target\":{\"@type\":\"EntryPoint\",\"urlTemplate\":\"https:\\\/\\\/informelitoral.com.ar\\\/?s={search_term_string}\"},\"query-input\":{\"@type\":\"PropertyValueSpecification\",\"valueRequired\":true,\"valueName\":\"search_term_string\"}}],\"inLanguage\":\"es\"},{\"@type\":\"Organization\",\"@id\":\"https:\\\/\\\/informelitoral.com.ar\\\/#organization\",\"name\":\"Informe Litoral\",\"url\":\"https:\\\/\\\/informelitoral.com.ar\\\/\",\"logo\":{\"@type\":\"ImageObject\",\"inLanguage\":\"es\",\"@id\":\"https:\\\/\\\/informelitoral.com.ar\\\/#\\\/schema\\\/logo\\\/image\\\/\",\"url\":\"https:\\\/\\\/informelitoral.com.ar\\\/%77%70%2d%63%6f%6e%74%65%6e%74\\\/uploads\\\/2021\\\/01\\\/circulo.png\",\"contentUrl\":\"https:\\\/\\\/informelitoral.com.ar\\\/%77%70%2d%63%6f%6e%74%65%6e%74\\\/uploads\\\/2021\\\/01\\\/circulo.png\",\"width\":723,\"height\":731,\"caption\":\"Informe Litoral\"},\"image\":{\"@id\":\"https:\\\/\\\/informelitoral.com.ar\\\/#\\\/schema\\\/logo\\\/image\\\/\"},\"sameAs\":[\"https:\\\/\\\/www.facebook.com\\\/informelitoral\\\/\",\"https:\\\/\\\/x.com\\\/InformeLitoral\",\"https:\\\/\\\/www.instagram.com\\\/informelitoral\\\/\",\"https:\\\/\\\/www.youtube.com\\\/channel\\\/UCua4Qvz8Icb6MYqhoq9xLXw\"]},{\"@type\":\"Person\",\"@id\":\"https:\\\/\\\/informelitoral.com.ar\\\/#\\\/schema\\\/person\\\/b9d00407c836482871ef1d57bf8e3180\",\"name\":\"Gonzalo Schmidt\",\"image\":{\"@type\":\"ImageObject\",\"inLanguage\":\"es\",\"@id\":\"https:\\\/\\\/secure.gravatar.com\\\/avatar\\\/31a1a7b66ff2de83bd0e9fd79d026630d2d99e55e8bfe501287647b4fd9743de?s=96&d=mm&r=g\",\"url\":\"https:\\\/\\\/secure.gravatar.com\\\/avatar\\\/31a1a7b66ff2de83bd0e9fd79d026630d2d99e55e8bfe501287647b4fd9743de?s=96&d=mm&r=g\",\"contentUrl\":\"https:\\\/\\\/secure.gravatar.com\\\/avatar\\\/31a1a7b66ff2de83bd0e9fd79d026630d2d99e55e8bfe501287647b4fd9743de?s=96&d=mm&r=g\",\"caption\":\"Gonzalo Schmidt\"},\"description\":\"Sitio web de noticias de la provincia de Entre R\u00edos, Argentina. Informaci\u00f3n y entretenimiento. Informe Litoral, nos informamos.\",\"sameAs\":[\"http:\\\/\\\/www.isletasnoticias.com.ar\"],\"url\":\"https:\\\/\\\/informelitoral.com.ar\\\/author\\\/gonzalo\\\/\"}]}<\/script>","yoast_head_json":{"title":"Prev\u00e9n que el fr\u00edo ser\u00e1 a\u00fan m\u00e1s intenso este s\u00e1bado - Informe Litoral","robots":{"index":"index","follow":"follow","max-snippet":"max-snippet:-1","max-image-preview":"max-image-preview:large","max-video-preview":"max-video-preview:-1"},"canonical":"https:\/\/informelitoral.com.ar\/preven-que-el-frio-sera-aun-mas-intenso-este-sabado\/","og_locale":"es_ES","og_type":"article","og_title":"Prev\u00e9n que el fr\u00edo ser\u00e1 a\u00fan m\u00e1s intenso este s\u00e1bado - Informe Litoral","og_description":"La jornada m&aacute;s fr&iacute;a de la semana se producir&iacute;a este s&aacute;bado. Es que, seg&uacute;n el Servicio Meteorol&oacute;gico Nacional, el term&oacute;metro llegar&iacute;a a marcar en Paran&aacute; un grado bajo cero. Qu&eacute; se pronostica para el domingo y la semana que viene. La masa de aire fr&iacute;o que cubre casi todo el pa&iacute;s continuar&aacute; intensific&aacute;ndose durante las [&hellip;]","og_url":"https:\/\/informelitoral.com.ar\/preven-que-el-frio-sera-aun-mas-intenso-este-sabado\/","og_site_name":"Informe Litoral","article_publisher":"https:\/\/www.facebook.com\/informelitoral\/","article_published_time":"2016-06-10T11:39:26+00:00","article_modified_time":"2016-06-10T11:39:55+00:00","og_image":[{"width":546,"height":365,"url":"https:\/\/informelitoral.com.ar\/%77%70%2d%63%6f%6e%74%65%6e%74\/uploads\/2016\/06\/perros.jpg","type":"image\/jpeg"}],"author":"Gonzalo Schmidt","twitter_card":"summary_large_image","twitter_creator":"@InformeLitoral","twitter_site":"@InformeLitoral","twitter_misc":{"Escrito por":"Gonzalo Schmidt","Tiempo de lectura":"1 minuto"},"schema":{"@context":"https:\/\/schema.org","@graph":[{"@type":"Article","@id":"https:\/\/informelitoral.com.ar\/preven-que-el-frio-sera-aun-mas-intenso-este-sabado\/#article","isPartOf":{"@id":"https:\/\/informelitoral.com.ar\/preven-que-el-frio-sera-aun-mas-intenso-este-sabado\/"},"author":{"name":"Gonzalo Schmidt","@id":"https:\/\/informelitoral.com.ar\/#\/schema\/person\/b9d00407c836482871ef1d57bf8e3180"},"headline":"Prev\u00e9n que el fr\u00edo ser\u00e1 a\u00fan m\u00e1s intenso este s\u00e1bado","datePublished":"2016-06-10T11:39:26+00:00","dateModified":"2016-06-10T11:39:55+00:00","mainEntityOfPage":{"@id":"https:\/\/informelitoral.com.ar\/preven-que-el-frio-sera-aun-mas-intenso-este-sabado\/"},"wordCount":271,"commentCount":0,"publisher":{"@id":"https:\/\/informelitoral.com.ar\/#organization"},"image":{"@id":"https:\/\/informelitoral.com.ar\/preven-que-el-frio-sera-aun-mas-intenso-este-sabado\/#primaryimage"},"thumbnailUrl":"http:\/\/www.isletasnoticias.com.ar\/%77%70%2d%63%6f%6e%74%65%6e%74\/uploads\/2016\/06\/perros.jpg","articleSection":["Entre R\u00edos","Nacionales","Sociedad"],"inLanguage":"es","potentialAction":[{"@type":"CommentAction","name":"Comment","target":["https:\/\/informelitoral.com.ar\/preven-que-el-frio-sera-aun-mas-intenso-este-sabado\/#respond"]}]},{"@type":"WebPage","@id":"https:\/\/informelitoral.com.ar\/preven-que-el-frio-sera-aun-mas-intenso-este-sabado\/","url":"https:\/\/informelitoral.com.ar\/preven-que-el-frio-sera-aun-mas-intenso-este-sabado\/","name":"Prev\u00e9n que el fr\u00edo ser\u00e1 a\u00fan m\u00e1s intenso este s\u00e1bado - Informe Litoral","isPartOf":{"@id":"https:\/\/informelitoral.com.ar\/#website"},"primaryImageOfPage":{"@id":"https:\/\/informelitoral.com.ar\/preven-que-el-frio-sera-aun-mas-intenso-este-sabado\/#primaryimage"},"image":{"@id":"https:\/\/informelitoral.com.ar\/preven-que-el-frio-sera-aun-mas-intenso-este-sabado\/#primaryimage"},"thumbnailUrl":"http:\/\/www.isletasnoticias.com.ar\/%77%70%2d%63%6f%6e%74%65%6e%74\/uploads\/2016\/06\/perros.jpg","datePublished":"2016-06-10T11:39:26+00:00","dateModified":"2016-06-10T11:39:55+00:00","breadcrumb":{"@id":"https:\/\/informelitoral.com.ar\/preven-que-el-frio-sera-aun-mas-intenso-este-sabado\/#breadcrumb"},"inLanguage":"es","potentialAction":[{"@type":"ReadAction","target":["https:\/\/informelitoral.com.ar\/preven-que-el-frio-sera-aun-mas-intenso-este-sabado\/"]}]},{"@type":"ImageObject","inLanguage":"es","@id":"https:\/\/informelitoral.com.ar\/preven-que-el-frio-sera-aun-mas-intenso-este-sabado\/#primaryimage","url":"http:\/\/www.isletasnoticias.com.ar\/%77%70%2d%63%6f%6e%74%65%6e%74\/uploads\/2016\/06\/perros.jpg","contentUrl":"http:\/\/www.isletasnoticias.com.ar\/%77%70%2d%63%6f%6e%74%65%6e%74\/uploads\/2016\/06\/perros.jpg"},{"@type":"BreadcrumbList","@id":"https:\/\/informelitoral.com.ar\/preven-que-el-frio-sera-aun-mas-intenso-este-sabado\/#breadcrumb","itemListElement":[{"@type":"ListItem","position":1,"name":"Portada","item":"https:\/\/informelitoral.com.ar\/"},{"@type":"ListItem","position":2,"name":"Prev\u00e9n que el fr\u00edo ser\u00e1 a\u00fan m\u00e1s intenso este s\u00e1bado"}]},{"@type":"WebSite","@id":"https:\/\/informelitoral.com.ar\/#website","url":"https:\/\/informelitoral.com.ar\/","name":"Informe Litoral","description":"&quot;Nos informamos&quot; ","publisher":{"@id":"https:\/\/informelitoral.com.ar\/#organization"},"potentialAction":[{"@type":"SearchAction","target":{"@type":"EntryPoint","urlTemplate":"https:\/\/informelitoral.com.ar\/?s={search_term_string}"},"query-input":{"@type":"PropertyValueSpecification","valueRequired":true,"valueName":"search_term_string"}}],"inLanguage":"es"},{"@type":"Organization","@id":"https:\/\/informelitoral.com.ar\/#organization","name":"Informe Litoral","url":"https:\/\/informelitoral.com.ar\/","logo":{"@type":"ImageObject","inLanguage":"es","@id":"https:\/\/informelitoral.com.ar\/#\/schema\/logo\/image\/","url":"https:\/\/informelitoral.com.ar\/%77%70%2d%63%6f%6e%74%65%6e%74\/uploads\/2021\/01\/circulo.png","contentUrl":"https:\/\/informelitoral.com.ar\/%77%70%2d%63%6f%6e%74%65%6e%74\/uploads\/2021\/01\/circulo.png","width":723,"height":731,"caption":"Informe Litoral"},"image":{"@id":"https:\/\/informelitoral.com.ar\/#\/schema\/logo\/image\/"},"sameAs":["https:\/\/www.facebook.com\/informelitoral\/","https:\/\/x.com\/InformeLitoral","https:\/\/www.instagram.com\/informelitoral\/","https:\/\/www.youtube.com\/channel\/UCua4Qvz8Icb6MYqhoq9xLXw"]},{"@type":"Person","@id":"https:\/\/informelitoral.com.ar\/#\/schema\/person\/b9d00407c836482871ef1d57bf8e3180","name":"Gonzalo Schmidt","image":{"@type":"ImageObject","inLanguage":"es","@id":"https:\/\/secure.gravatar.com\/avatar\/31a1a7b66ff2de83bd0e9fd79d026630d2d99e55e8bfe501287647b4fd9743de?s=96&d=mm&r=g","url":"https:\/\/secure.gravatar.com\/avatar\/31a1a7b66ff2de83bd0e9fd79d026630d2d99e55e8bfe501287647b4fd9743de?s=96&d=mm&r=g","contentUrl":"https:\/\/secure.gravatar.com\/avatar\/31a1a7b66ff2de83bd0e9fd79d026630d2d99e55e8bfe501287647b4fd9743de?s=96&d=mm&r=g","caption":"Gonzalo Schmidt"},"description":"Sitio web de noticias de la provincia de Entre R\u00edos, Argentina. Informaci\u00f3n y entretenimiento. Informe Litoral, nos informamos.","sameAs":["http:\/\/www.isletasnoticias.com.ar"],"url":"https:\/\/informelitoral.com.ar\/author\/gonzalo\/"}]}},"_links":{"self":[{"href":"https:\/\/informelitoral.com.ar\/%77%70%2d%6a%73%6f%6e\/wp\/v2\/posts\/16580","targetHints":{"allow":["GET"]}}],"collection":[{"href":"https:\/\/informelitoral.com.ar\/%77%70%2d%6a%73%6f%6e\/wp\/v2\/posts"}],"about":[{"href":"https:\/\/informelitoral.com.ar\/%77%70%2d%6a%73%6f%6e\/wp\/v2\/types\/post"}],"author":[{"embeddable":true,"href":"https:\/\/informelitoral.com.ar\/%77%70%2d%6a%73%6f%6e\/wp\/v2\/users\/2"}],"replies":[{"embeddable":true,"href":"https:\/\/informelitoral.com.ar\/%77%70%2d%6a%73%6f%6e\/wp\/v2\/comments?post=16580"}],"version-history":[{"count":0,"href":"https:\/\/informelitoral.com.ar\/%77%70%2d%6a%73%6f%6e\/wp\/v2\/posts\/16580\/revisions"}],"wp:attachment":[{"href":"https:\/\/informelitoral.com.ar\/%77%70%2d%6a%73%6f%6e\/wp\/v2\/media?parent=16580"}],"wp:term":[{"taxonomy":"category","embeddable":true,"href":"https:\/\/informelitoral.com.ar\/%77%70%2d%6a%73%6f%6e\/wp\/v2\/categories?post=16580"},{"taxonomy":"post_tag","embeddable":true,"href":"https:\/\/informelitoral.com.ar\/%77%70%2d%6a%73%6f%6e\/wp\/v2\/tags?post=16580"}],"curies":[{"name":"wp","href":"https:\/\/api.w.org\/{rel}","templated":true}]}}