{"id":16572,"date":"2016-06-10T08:00:43","date_gmt":"2016-06-10T11:00:43","guid":{"rendered":"http:\/\/www.isletasnoticias.com.ar\/?p=16572"},"modified":"2016-06-10T08:00:43","modified_gmt":"2016-06-10T11:00:43","slug":"promulgaron-el-feriado-del-17-de-junio-y-habra-fin-de-semana-extra-largo","status":"publish","type":"post","link":"https:\/\/informelitoral.com.ar\/promulgaron-el-feriado-del-17-de-junio-y-habra-fin-de-semana-extra-largo\/","title":{"rendered":"Promulgaron el feriado del 17 de junio y habr\u00e1 fin de semana extra largo"},"content":{"rendered":"<p><strong>El presidente<em> Mauricio Macri<\/em> promulg\u00f3 el feriado del 17 de junio para este a\u00f1o, ya fue publicada la ley en el Bolet\u00edn Oficial. Es en conmemoraci\u00f3n al paso a la inmortalidad del General Don Mart\u00edn Miguel de G\u00fcemes.<a href=\"http:\/\/www.isletasnoticias.com.ar\/%77%70%2d%63%6f%6e%74%65%6e%74\/uploads\/2016\/06\/0010604414.jpg\"><img loading=\"lazy\" decoding=\"async\" class=\"aligncenter wp-image-16573 size-full\" src=\"http:\/\/www.isletasnoticias.com.ar\/%77%70%2d%63%6f%6e%74%65%6e%74\/uploads\/2016\/06\/0010604414.jpg\" alt=\"0010604414\" width=\"746\" height=\"418\" srcset=\"https:\/\/informelitoral.com.ar\/%77%70%2d%63%6f%6e%74%65%6e%74\/uploads\/2016\/06\/0010604414.jpg 746w, https:\/\/informelitoral.com.ar\/%77%70%2d%63%6f%6e%74%65%6e%74\/uploads\/2016\/06\/0010604414-300x168.jpg 300w\" sizes=\"auto, (max-width: 746px) 100vw, 746px\" \/><\/a><\/strong><\/p>\n<p>El presidente <strong>Mauricio Macri<\/strong> promulg\u00f3 el feriado del 17 de junio para este a\u00f1o, ya fue publicada la ley en el Bolet\u00edn Oficial, a pesar de que la Confederaci\u00f3n Argentina de la Mediana Empresa (CAME) le envi\u00f3 una carta para solicitarle que eval\u00fae poner en vigencia esa fecha con posterioridad.<\/p>\n<p>Mediante la Ley 27258 <b>se incorpora \u00abcomo feriado nacional y d\u00eda no laborable en todo el territorio de la Naci\u00f3n el 17 de junio de cada a\u00f1o, en conmemoraci\u00f3n al paso a la inmortalidad del General Don Mart\u00edn Miguel de G\u00fcemes\u00bb.<\/b><\/p>\n<p>Al respecto, se se\u00f1ala que \u00abel Poder Ejecutivo de la Naci\u00f3n, a trav\u00e9s de los organismos pertinentes, desarrollar\u00e1 acciones de difusi\u00f3n tendientes a promover la reflexi\u00f3n sobre la personalidad del pr\u00f3cer nacional Don Mart\u00edn Miguel de G\u00fcemes y su gesta en defensa de la libertad e independencia de la patria, por medios adecuados y con la antelaci\u00f3n y periodicidad suficientes\u00bb.<\/p>\n<p>Se precisa que \u00abla presente ley entrar\u00e1 en vigencia a partir del d\u00eda siguiente al de su publicaci\u00f3n en el Bolet\u00edn Oficial\u00bb, es decir que el pr\u00f3ximo viernes estar\u00e1 vigente el feriado.<\/p>\n<article class=\"cont-cuerpo\">\n<section class=\"texto\">En ese sentido, la CAME buscaba frenar el ese fin de semana extra largo \u00abpara no perjudicar a los miles de comercios que hace semanas se preparan para atender las demandas del D\u00eda del Padre\u00bb.<\/p>\n<p>Comerciantes rechazan este nuevo feriado por entender que el sector atraviesa una \u00abfuerte ca\u00edda de ventas y el d\u00eda no laborable los perjudicar\u00e1\u00bb.<\/p>\n<p>\u00abNuestra petici\u00f3n tiene v\u00e1lidos justificativos. Si el viernes 17 finalmente es feriado, coincidir\u00e1 con el feriado del 20 de junio, y estimular\u00e1 el \u00e9xodo de muchas familias hacia lugares de veraneo, perjudicando a\u00fan m\u00e1s las deterioradas ventas del comercio minorista, que como todos los a\u00f1os, 19 de junio se prepara para recibir el D\u00eda del Padre\u00bb, evalu\u00f3 la entidad.<\/p>\n<p>En ese sentido, advirti\u00f3: \u00abque el viernes 17 sea feriado preocupa a los peque\u00f1os y medianos comercios, que esperan ansiosos esta fecha especial, que es una de las m\u00e1s importantes en materia de ventas despu\u00e9s de Navidad y el D\u00eda de la Madre\u00bb.<\/p>\n<p>Por su parte, el presidente de la C\u00e1mara de Comerciantes Mayoristas e Industriales (CADMIRA), Vicente Lourenzo, sostuvo: \u00abEl feriado justo fue colocado el viernes anterior al D\u00eda del Padre (domingo 19). Y eso provocar\u00e1 que, en general, la gente opte entre hacer miniturismo o un regalito al pap\u00e1\u00bb.<\/p>\n<p>\u00abTodo en un momento de ca\u00edda de ventas muy vertical, del 9,2% en mayo interanual\u00bb, consider\u00f3 Lourenzo.<\/p>\n<p>En declaraciones a radio El Mundo, el dirigente aclar\u00f3: \u00abApoyamos los fundamentos del feriado, pero hubi\u00e9ramos preferido el proyecto de (Federico) Pinedo, de que en cada una de las escuela se hable de G\u00fcemes y se valore su figura\u00bb, reprodujo <em>Elonce.com<\/em><\/p>\n<p>\u00abAgregar un feriado m\u00e1s es perjudicial para nosotros, en un momento en que todos tenemos que aumentar el nivel de bienes y servicios y trabajar mucho para ver si aumentando eso podemos bajar la bendita inflaci\u00f3n\u00bb, enfatiz\u00f3 Lourenzo.<\/p>\n<p>A su criterio, la Argentina \u00abtiene un calendario muy apropiado de fines de semanas largos y ya con eso era suficiente\u00bb.<\/section>\n<\/article>\n<div class=\"herramientas fin-nota\"><\/div>\n","protected":false},"excerpt":{"rendered":"<p>El presidente Mauricio Macri promulg&oacute; el feriado del 17 de junio para este a&ntilde;o, ya fue publicada la ley en el Bolet&iacute;n Oficial. Es en conmemoraci&oacute;n al paso a la inmortalidad del General Don Mart&iacute;n Miguel de G&uuml;emes. El presidente Mauricio Macri promulg&oacute; el feriado del 17 de junio para este a&ntilde;o, ya fue publicada [&hellip;]<\/p>\n","protected":false},"author":2,"featured_media":0,"comment_status":"open","ping_status":"open","sticky":false,"template":"","format":"standard","meta":{"fifu_image_url":"","fifu_image_alt":"","footnotes":""},"categories":[7,9],"tags":[],"class_list":{"0":"post-16572","1":"post","2":"type-post","3":"status-publish","4":"format-standard","6":"category-nacionales","7":"category-sociedad"},"yoast_head":"<title>Promulgaron el feriado del 17 de junio y habr\u00e1 fin de semana extra largo - Informe Litoral<\/title>\n<meta name=\"robots\" content=\"index, follow, max-snippet:-1, max-image-preview:large, max-video-preview:-1\" \/>\n<link rel=\"canonical\" href=\"https:\/\/informelitoral.com.ar\/promulgaron-el-feriado-del-17-de-junio-y-habra-fin-de-semana-extra-largo\/\" \/>\n<meta property=\"og:locale\" content=\"es_ES\" \/>\n<meta property=\"og:type\" content=\"article\" \/>\n<meta property=\"og:title\" content=\"Promulgaron el feriado del 17 de junio y habr\u00e1 fin de semana extra largo - Informe Litoral\" \/>\n<meta property=\"og:description\" content=\"El presidente Mauricio Macri promulg&oacute; el feriado del 17 de junio para este a&ntilde;o, ya fue publicada la ley en el Bolet&iacute;n Oficial. Es en conmemoraci&oacute;n al paso a la inmortalidad del General Don Mart&iacute;n Miguel de G&uuml;emes. El presidente Mauricio Macri promulg&oacute; el feriado del 17 de junio para este a&ntilde;o, ya fue publicada [&hellip;]\" \/>\n<meta property=\"og:url\" content=\"https:\/\/informelitoral.com.ar\/promulgaron-el-feriado-del-17-de-junio-y-habra-fin-de-semana-extra-largo\/\" \/>\n<meta property=\"og:site_name\" content=\"Informe Litoral\" \/>\n<meta property=\"article:publisher\" content=\"https:\/\/www.facebook.com\/informelitoral\/\" \/>\n<meta property=\"article:published_time\" content=\"2016-06-10T11:00:43+00:00\" \/>\n<meta property=\"og:image\" content=\"https:\/\/informelitoral.com.ar\/%77%70%2d%63%6f%6e%74%65%6e%74\/uploads\/2016\/06\/0010604414.jpg\" \/>\n\t<meta property=\"og:image:width\" content=\"746\" \/>\n\t<meta property=\"og:image:height\" content=\"418\" \/>\n\t<meta property=\"og:image:type\" content=\"image\/jpeg\" \/>\n<meta name=\"author\" content=\"Gonzalo Schmidt\" \/>\n<meta name=\"twitter:card\" content=\"summary_large_image\" \/>\n<meta name=\"twitter:creator\" content=\"@InformeLitoral\" \/>\n<meta name=\"twitter:site\" content=\"@InformeLitoral\" \/>\n<meta name=\"twitter:label1\" content=\"Escrito por\" \/>\n\t<meta name=\"twitter:data1\" content=\"Gonzalo Schmidt\" \/>\n\t<meta name=\"twitter:label2\" content=\"Tiempo de lectura\" \/>\n\t<meta name=\"twitter:data2\" content=\"3 minutos\" \/>\n<script type=\"application\/ld+json\" class=\"yoast-schema-graph\">{\"@context\":\"https:\\\/\\\/schema.org\",\"@graph\":[{\"@type\":\"Article\",\"@id\":\"https:\\\/\\\/informelitoral.com.ar\\\/promulgaron-el-feriado-del-17-de-junio-y-habra-fin-de-semana-extra-largo\\\/#article\",\"isPartOf\":{\"@id\":\"https:\\\/\\\/informelitoral.com.ar\\\/promulgaron-el-feriado-del-17-de-junio-y-habra-fin-de-semana-extra-largo\\\/\"},\"author\":{\"name\":\"Gonzalo Schmidt\",\"@id\":\"https:\\\/\\\/informelitoral.com.ar\\\/#\\\/schema\\\/person\\\/b9d00407c836482871ef1d57bf8e3180\"},\"headline\":\"Promulgaron el feriado del 17 de junio y habr\u00e1 fin de semana extra largo\",\"datePublished\":\"2016-06-10T11:00:43+00:00\",\"mainEntityOfPage\":{\"@id\":\"https:\\\/\\\/informelitoral.com.ar\\\/promulgaron-el-feriado-del-17-de-junio-y-habra-fin-de-semana-extra-largo\\\/\"},\"wordCount\":598,\"commentCount\":0,\"publisher\":{\"@id\":\"https:\\\/\\\/informelitoral.com.ar\\\/#organization\"},\"image\":{\"@id\":\"https:\\\/\\\/informelitoral.com.ar\\\/promulgaron-el-feriado-del-17-de-junio-y-habra-fin-de-semana-extra-largo\\\/#primaryimage\"},\"thumbnailUrl\":\"http:\\\/\\\/www.isletasnoticias.com.ar\\\/%77%70%2d%63%6f%6e%74%65%6e%74\\\/uploads\\\/2016\\\/06\\\/0010604414.jpg\",\"articleSection\":[\"Nacionales\",\"Sociedad\"],\"inLanguage\":\"es\",\"potentialAction\":[{\"@type\":\"CommentAction\",\"name\":\"Comment\",\"target\":[\"https:\\\/\\\/informelitoral.com.ar\\\/promulgaron-el-feriado-del-17-de-junio-y-habra-fin-de-semana-extra-largo\\\/#respond\"]}]},{\"@type\":\"WebPage\",\"@id\":\"https:\\\/\\\/informelitoral.com.ar\\\/promulgaron-el-feriado-del-17-de-junio-y-habra-fin-de-semana-extra-largo\\\/\",\"url\":\"https:\\\/\\\/informelitoral.com.ar\\\/promulgaron-el-feriado-del-17-de-junio-y-habra-fin-de-semana-extra-largo\\\/\",\"name\":\"Promulgaron el feriado del 17 de junio y habr\u00e1 fin de semana extra largo - Informe Litoral\",\"isPartOf\":{\"@id\":\"https:\\\/\\\/informelitoral.com.ar\\\/#website\"},\"primaryImageOfPage\":{\"@id\":\"https:\\\/\\\/informelitoral.com.ar\\\/promulgaron-el-feriado-del-17-de-junio-y-habra-fin-de-semana-extra-largo\\\/#primaryimage\"},\"image\":{\"@id\":\"https:\\\/\\\/informelitoral.com.ar\\\/promulgaron-el-feriado-del-17-de-junio-y-habra-fin-de-semana-extra-largo\\\/#primaryimage\"},\"thumbnailUrl\":\"http:\\\/\\\/www.isletasnoticias.com.ar\\\/%77%70%2d%63%6f%6e%74%65%6e%74\\\/uploads\\\/2016\\\/06\\\/0010604414.jpg\",\"datePublished\":\"2016-06-10T11:00:43+00:00\",\"breadcrumb\":{\"@id\":\"https:\\\/\\\/informelitoral.com.ar\\\/promulgaron-el-feriado-del-17-de-junio-y-habra-fin-de-semana-extra-largo\\\/#breadcrumb\"},\"inLanguage\":\"es\",\"potentialAction\":[{\"@type\":\"ReadAction\",\"target\":[\"https:\\\/\\\/informelitoral.com.ar\\\/promulgaron-el-feriado-del-17-de-junio-y-habra-fin-de-semana-extra-largo\\\/\"]}]},{\"@type\":\"ImageObject\",\"inLanguage\":\"es\",\"@id\":\"https:\\\/\\\/informelitoral.com.ar\\\/promulgaron-el-feriado-del-17-de-junio-y-habra-fin-de-semana-extra-largo\\\/#primaryimage\",\"url\":\"http:\\\/\\\/www.isletasnoticias.com.ar\\\/%77%70%2d%63%6f%6e%74%65%6e%74\\\/uploads\\\/2016\\\/06\\\/0010604414.jpg\",\"contentUrl\":\"http:\\\/\\\/www.isletasnoticias.com.ar\\\/%77%70%2d%63%6f%6e%74%65%6e%74\\\/uploads\\\/2016\\\/06\\\/0010604414.jpg\"},{\"@type\":\"BreadcrumbList\",\"@id\":\"https:\\\/\\\/informelitoral.com.ar\\\/promulgaron-el-feriado-del-17-de-junio-y-habra-fin-de-semana-extra-largo\\\/#breadcrumb\",\"itemListElement\":[{\"@type\":\"ListItem\",\"position\":1,\"name\":\"Portada\",\"item\":\"https:\\\/\\\/informelitoral.com.ar\\\/\"},{\"@type\":\"ListItem\",\"position\":2,\"name\":\"Promulgaron el feriado del 17 de junio y habr\u00e1 fin de semana extra largo\"}]},{\"@type\":\"WebSite\",\"@id\":\"https:\\\/\\\/informelitoral.com.ar\\\/#website\",\"url\":\"https:\\\/\\\/informelitoral.com.ar\\\/\",\"name\":\"Informe Litoral\",\"description\":\"&quot;Nos informamos&quot; \",\"publisher\":{\"@id\":\"https:\\\/\\\/informelitoral.com.ar\\\/#organization\"},\"potentialAction\":[{\"@type\":\"SearchAction\",\"target\":{\"@type\":\"EntryPoint\",\"urlTemplate\":\"https:\\\/\\\/informelitoral.com.ar\\\/?s={search_term_string}\"},\"query-input\":{\"@type\":\"PropertyValueSpecification\",\"valueRequired\":true,\"valueName\":\"search_term_string\"}}],\"inLanguage\":\"es\"},{\"@type\":\"Organization\",\"@id\":\"https:\\\/\\\/informelitoral.com.ar\\\/#organization\",\"name\":\"Informe Litoral\",\"url\":\"https:\\\/\\\/informelitoral.com.ar\\\/\",\"logo\":{\"@type\":\"ImageObject\",\"inLanguage\":\"es\",\"@id\":\"https:\\\/\\\/informelitoral.com.ar\\\/#\\\/schema\\\/logo\\\/image\\\/\",\"url\":\"https:\\\/\\\/informelitoral.com.ar\\\/%77%70%2d%63%6f%6e%74%65%6e%74\\\/uploads\\\/2021\\\/01\\\/circulo.png\",\"contentUrl\":\"https:\\\/\\\/informelitoral.com.ar\\\/%77%70%2d%63%6f%6e%74%65%6e%74\\\/uploads\\\/2021\\\/01\\\/circulo.png\",\"width\":723,\"height\":731,\"caption\":\"Informe Litoral\"},\"image\":{\"@id\":\"https:\\\/\\\/informelitoral.com.ar\\\/#\\\/schema\\\/logo\\\/image\\\/\"},\"sameAs\":[\"https:\\\/\\\/www.facebook.com\\\/informelitoral\\\/\",\"https:\\\/\\\/x.com\\\/InformeLitoral\",\"https:\\\/\\\/www.instagram.com\\\/informelitoral\\\/\",\"https:\\\/\\\/www.youtube.com\\\/channel\\\/UCua4Qvz8Icb6MYqhoq9xLXw\"]},{\"@type\":\"Person\",\"@id\":\"https:\\\/\\\/informelitoral.com.ar\\\/#\\\/schema\\\/person\\\/b9d00407c836482871ef1d57bf8e3180\",\"name\":\"Gonzalo Schmidt\",\"image\":{\"@type\":\"ImageObject\",\"inLanguage\":\"es\",\"@id\":\"https:\\\/\\\/secure.gravatar.com\\\/avatar\\\/31a1a7b66ff2de83bd0e9fd79d026630d2d99e55e8bfe501287647b4fd9743de?s=96&d=mm&r=g\",\"url\":\"https:\\\/\\\/secure.gravatar.com\\\/avatar\\\/31a1a7b66ff2de83bd0e9fd79d026630d2d99e55e8bfe501287647b4fd9743de?s=96&d=mm&r=g\",\"contentUrl\":\"https:\\\/\\\/secure.gravatar.com\\\/avatar\\\/31a1a7b66ff2de83bd0e9fd79d026630d2d99e55e8bfe501287647b4fd9743de?s=96&d=mm&r=g\",\"caption\":\"Gonzalo Schmidt\"},\"description\":\"Sitio web de noticias de la provincia de Entre R\u00edos, Argentina. Informaci\u00f3n y entretenimiento. Informe Litoral, nos informamos.\",\"sameAs\":[\"http:\\\/\\\/www.isletasnoticias.com.ar\"],\"url\":\"https:\\\/\\\/informelitoral.com.ar\\\/author\\\/gonzalo\\\/\"}]}<\/script>","yoast_head_json":{"title":"Promulgaron el feriado del 17 de junio y habr\u00e1 fin de semana extra largo - Informe Litoral","robots":{"index":"index","follow":"follow","max-snippet":"max-snippet:-1","max-image-preview":"max-image-preview:large","max-video-preview":"max-video-preview:-1"},"canonical":"https:\/\/informelitoral.com.ar\/promulgaron-el-feriado-del-17-de-junio-y-habra-fin-de-semana-extra-largo\/","og_locale":"es_ES","og_type":"article","og_title":"Promulgaron el feriado del 17 de junio y habr\u00e1 fin de semana extra largo - Informe Litoral","og_description":"El presidente Mauricio Macri promulg&oacute; el feriado del 17 de junio para este a&ntilde;o, ya fue publicada la ley en el Bolet&iacute;n Oficial. Es en conmemoraci&oacute;n al paso a la inmortalidad del General Don Mart&iacute;n Miguel de G&uuml;emes. El presidente Mauricio Macri promulg&oacute; el feriado del 17 de junio para este a&ntilde;o, ya fue publicada [&hellip;]","og_url":"https:\/\/informelitoral.com.ar\/promulgaron-el-feriado-del-17-de-junio-y-habra-fin-de-semana-extra-largo\/","og_site_name":"Informe Litoral","article_publisher":"https:\/\/www.facebook.com\/informelitoral\/","article_published_time":"2016-06-10T11:00:43+00:00","og_image":[{"width":746,"height":418,"url":"https:\/\/informelitoral.com.ar\/%77%70%2d%63%6f%6e%74%65%6e%74\/uploads\/2016\/06\/0010604414.jpg","type":"image\/jpeg"}],"author":"Gonzalo Schmidt","twitter_card":"summary_large_image","twitter_creator":"@InformeLitoral","twitter_site":"@InformeLitoral","twitter_misc":{"Escrito por":"Gonzalo Schmidt","Tiempo de lectura":"3 minutos"},"schema":{"@context":"https:\/\/schema.org","@graph":[{"@type":"Article","@id":"https:\/\/informelitoral.com.ar\/promulgaron-el-feriado-del-17-de-junio-y-habra-fin-de-semana-extra-largo\/#article","isPartOf":{"@id":"https:\/\/informelitoral.com.ar\/promulgaron-el-feriado-del-17-de-junio-y-habra-fin-de-semana-extra-largo\/"},"author":{"name":"Gonzalo Schmidt","@id":"https:\/\/informelitoral.com.ar\/#\/schema\/person\/b9d00407c836482871ef1d57bf8e3180"},"headline":"Promulgaron el feriado del 17 de junio y habr\u00e1 fin de semana extra largo","datePublished":"2016-06-10T11:00:43+00:00","mainEntityOfPage":{"@id":"https:\/\/informelitoral.com.ar\/promulgaron-el-feriado-del-17-de-junio-y-habra-fin-de-semana-extra-largo\/"},"wordCount":598,"commentCount":0,"publisher":{"@id":"https:\/\/informelitoral.com.ar\/#organization"},"image":{"@id":"https:\/\/informelitoral.com.ar\/promulgaron-el-feriado-del-17-de-junio-y-habra-fin-de-semana-extra-largo\/#primaryimage"},"thumbnailUrl":"http:\/\/www.isletasnoticias.com.ar\/%77%70%2d%63%6f%6e%74%65%6e%74\/uploads\/2016\/06\/0010604414.jpg","articleSection":["Nacionales","Sociedad"],"inLanguage":"es","potentialAction":[{"@type":"CommentAction","name":"Comment","target":["https:\/\/informelitoral.com.ar\/promulgaron-el-feriado-del-17-de-junio-y-habra-fin-de-semana-extra-largo\/#respond"]}]},{"@type":"WebPage","@id":"https:\/\/informelitoral.com.ar\/promulgaron-el-feriado-del-17-de-junio-y-habra-fin-de-semana-extra-largo\/","url":"https:\/\/informelitoral.com.ar\/promulgaron-el-feriado-del-17-de-junio-y-habra-fin-de-semana-extra-largo\/","name":"Promulgaron el feriado del 17 de junio y habr\u00e1 fin de semana extra largo - Informe Litoral","isPartOf":{"@id":"https:\/\/informelitoral.com.ar\/#website"},"primaryImageOfPage":{"@id":"https:\/\/informelitoral.com.ar\/promulgaron-el-feriado-del-17-de-junio-y-habra-fin-de-semana-extra-largo\/#primaryimage"},"image":{"@id":"https:\/\/informelitoral.com.ar\/promulgaron-el-feriado-del-17-de-junio-y-habra-fin-de-semana-extra-largo\/#primaryimage"},"thumbnailUrl":"http:\/\/www.isletasnoticias.com.ar\/%77%70%2d%63%6f%6e%74%65%6e%74\/uploads\/2016\/06\/0010604414.jpg","datePublished":"2016-06-10T11:00:43+00:00","breadcrumb":{"@id":"https:\/\/informelitoral.com.ar\/promulgaron-el-feriado-del-17-de-junio-y-habra-fin-de-semana-extra-largo\/#breadcrumb"},"inLanguage":"es","potentialAction":[{"@type":"ReadAction","target":["https:\/\/informelitoral.com.ar\/promulgaron-el-feriado-del-17-de-junio-y-habra-fin-de-semana-extra-largo\/"]}]},{"@type":"ImageObject","inLanguage":"es","@id":"https:\/\/informelitoral.com.ar\/promulgaron-el-feriado-del-17-de-junio-y-habra-fin-de-semana-extra-largo\/#primaryimage","url":"http:\/\/www.isletasnoticias.com.ar\/%77%70%2d%63%6f%6e%74%65%6e%74\/uploads\/2016\/06\/0010604414.jpg","contentUrl":"http:\/\/www.isletasnoticias.com.ar\/%77%70%2d%63%6f%6e%74%65%6e%74\/uploads\/2016\/06\/0010604414.jpg"},{"@type":"BreadcrumbList","@id":"https:\/\/informelitoral.com.ar\/promulgaron-el-feriado-del-17-de-junio-y-habra-fin-de-semana-extra-largo\/#breadcrumb","itemListElement":[{"@type":"ListItem","position":1,"name":"Portada","item":"https:\/\/informelitoral.com.ar\/"},{"@type":"ListItem","position":2,"name":"Promulgaron el feriado del 17 de junio y habr\u00e1 fin de semana extra largo"}]},{"@type":"WebSite","@id":"https:\/\/informelitoral.com.ar\/#website","url":"https:\/\/informelitoral.com.ar\/","name":"Informe Litoral","description":"&quot;Nos informamos&quot; ","publisher":{"@id":"https:\/\/informelitoral.com.ar\/#organization"},"potentialAction":[{"@type":"SearchAction","target":{"@type":"EntryPoint","urlTemplate":"https:\/\/informelitoral.com.ar\/?s={search_term_string}"},"query-input":{"@type":"PropertyValueSpecification","valueRequired":true,"valueName":"search_term_string"}}],"inLanguage":"es"},{"@type":"Organization","@id":"https:\/\/informelitoral.com.ar\/#organization","name":"Informe Litoral","url":"https:\/\/informelitoral.com.ar\/","logo":{"@type":"ImageObject","inLanguage":"es","@id":"https:\/\/informelitoral.com.ar\/#\/schema\/logo\/image\/","url":"https:\/\/informelitoral.com.ar\/%77%70%2d%63%6f%6e%74%65%6e%74\/uploads\/2021\/01\/circulo.png","contentUrl":"https:\/\/informelitoral.com.ar\/%77%70%2d%63%6f%6e%74%65%6e%74\/uploads\/2021\/01\/circulo.png","width":723,"height":731,"caption":"Informe Litoral"},"image":{"@id":"https:\/\/informelitoral.com.ar\/#\/schema\/logo\/image\/"},"sameAs":["https:\/\/www.facebook.com\/informelitoral\/","https:\/\/x.com\/InformeLitoral","https:\/\/www.instagram.com\/informelitoral\/","https:\/\/www.youtube.com\/channel\/UCua4Qvz8Icb6MYqhoq9xLXw"]},{"@type":"Person","@id":"https:\/\/informelitoral.com.ar\/#\/schema\/person\/b9d00407c836482871ef1d57bf8e3180","name":"Gonzalo Schmidt","image":{"@type":"ImageObject","inLanguage":"es","@id":"https:\/\/secure.gravatar.com\/avatar\/31a1a7b66ff2de83bd0e9fd79d026630d2d99e55e8bfe501287647b4fd9743de?s=96&d=mm&r=g","url":"https:\/\/secure.gravatar.com\/avatar\/31a1a7b66ff2de83bd0e9fd79d026630d2d99e55e8bfe501287647b4fd9743de?s=96&d=mm&r=g","contentUrl":"https:\/\/secure.gravatar.com\/avatar\/31a1a7b66ff2de83bd0e9fd79d026630d2d99e55e8bfe501287647b4fd9743de?s=96&d=mm&r=g","caption":"Gonzalo Schmidt"},"description":"Sitio web de noticias de la provincia de Entre R\u00edos, Argentina. Informaci\u00f3n y entretenimiento. Informe Litoral, nos informamos.","sameAs":["http:\/\/www.isletasnoticias.com.ar"],"url":"https:\/\/informelitoral.com.ar\/author\/gonzalo\/"}]}},"_links":{"self":[{"href":"https:\/\/informelitoral.com.ar\/%77%70%2d%6a%73%6f%6e\/wp\/v2\/posts\/16572","targetHints":{"allow":["GET"]}}],"collection":[{"href":"https:\/\/informelitoral.com.ar\/%77%70%2d%6a%73%6f%6e\/wp\/v2\/posts"}],"about":[{"href":"https:\/\/informelitoral.com.ar\/%77%70%2d%6a%73%6f%6e\/wp\/v2\/types\/post"}],"author":[{"embeddable":true,"href":"https:\/\/informelitoral.com.ar\/%77%70%2d%6a%73%6f%6e\/wp\/v2\/users\/2"}],"replies":[{"embeddable":true,"href":"https:\/\/informelitoral.com.ar\/%77%70%2d%6a%73%6f%6e\/wp\/v2\/comments?post=16572"}],"version-history":[{"count":0,"href":"https:\/\/informelitoral.com.ar\/%77%70%2d%6a%73%6f%6e\/wp\/v2\/posts\/16572\/revisions"}],"wp:attachment":[{"href":"https:\/\/informelitoral.com.ar\/%77%70%2d%6a%73%6f%6e\/wp\/v2\/media?parent=16572"}],"wp:term":[{"taxonomy":"category","embeddable":true,"href":"https:\/\/informelitoral.com.ar\/%77%70%2d%6a%73%6f%6e\/wp\/v2\/categories?post=16572"},{"taxonomy":"post_tag","embeddable":true,"href":"https:\/\/informelitoral.com.ar\/%77%70%2d%6a%73%6f%6e\/wp\/v2\/tags?post=16572"}],"curies":[{"name":"wp","href":"https:\/\/api.w.org\/{rel}","templated":true}]}}