{"id":16569,"date":"2016-06-10T07:50:26","date_gmt":"2016-06-10T10:50:26","guid":{"rendered":"http:\/\/www.isletasnoticias.com.ar\/?p=16569"},"modified":"2016-06-10T07:50:26","modified_gmt":"2016-06-10T10:50:26","slug":"bordet-se-pronuncio-por-un-sistema-tributario-mas-equitativo","status":"publish","type":"post","link":"https:\/\/informelitoral.com.ar\/bordet-se-pronuncio-por-un-sistema-tributario-mas-equitativo\/","title":{"rendered":"Bordet se pronunci\u00f3 por un sistema tributario m\u00e1s equitativo"},"content":{"rendered":"<p><strong>El Gobernador <em>Gustavo Bordet<\/em>, particip\u00f3 este jueves del XI Foro Anual del Consejo Empresario de Entre R\u00edos (CEER). En ese marco convoc\u00f3 a \u201carmonizar un sistema tributario que sea m\u00e1s equitativo y que se eliminen distintos impuestos distorsivos\u201d, y convoc\u00f3 a los presentes a \u201chablar con franqueza para encontrar las distintas herramientas de est\u00edmulos para los sistemas productivos\u201d. Tambi\u00e9n participaron el ministro del Interior de la Naci\u00f3n, <em>Rogelio Frigerio<\/em> y la presidente de la entidad empresarial, <em>Patricia Popelka.<\/em><a href=\"http:\/\/www.isletasnoticias.com.ar\/%77%70%2d%63%6f%6e%74%65%6e%74\/uploads\/2016\/06\/b_1465513479.jpg\"><img loading=\"lazy\" decoding=\"async\" class=\"aligncenter wp-image-16570 size-full\" src=\"http:\/\/www.isletasnoticias.com.ar\/%77%70%2d%63%6f%6e%74%65%6e%74\/uploads\/2016\/06\/b_1465513479.jpg\" alt=\"b_1465513479\" width=\"492\" height=\"329\" srcset=\"https:\/\/informelitoral.com.ar\/%77%70%2d%63%6f%6e%74%65%6e%74\/uploads\/2016\/06\/b_1465513479.jpg 492w, https:\/\/informelitoral.com.ar\/%77%70%2d%63%6f%6e%74%65%6e%74\/uploads\/2016\/06\/b_1465513479-300x201.jpg 300w\" sizes=\"auto, (max-width: 492px) 100vw, 492px\" \/><\/a><\/strong><\/p>\n<p>\u201cEs mucha la tarea que tenemos por delante, pero si en esa tarea cada uno de nosotros hacemos correcta la parte que nos toca, estoy totalmente seguro que vamos a tener una gran provincia y una mucho mejor\u201d, afirm\u00f3 Bordet ante el auditorio colmado en el cierre del foro del CEER.<\/p>\n<p>\u201cS\u00f3lo tenemos que ponernos a trabajar manos a la obra, todos juntos y coordinando esfuerzos y acciones\u201d, convoc\u00f3.<\/p>\n<p>Durante su exposici\u00f3n el mandatario destac\u00f3 el foro de la entidad empresarial como \u201cun espacio de reflexi\u00f3n en un momento en el cual nos toc\u00f3 desempe\u00f1arnos y que representa una gran oportunidad\u201d porque \u201cexiste en la provincia una potencialidad enorme que todos ustedes la conocen porque participan activamente de la vida productiva de Entre R\u00edos\u201d. Adem\u00e1s resalt\u00f3 que \u201cest\u00e1n dadas las condiciones objetivas para poder trabajar articuladamente entre los gobiernos nacional, provincial y locales\u201d.<\/p>\n<p>\u201cEn esa l\u00f3gica de trabajo, anteponiendo los objetivos principales a aquellos que puedan ser particulares, creo que est\u00e1 el camino del desarrollo que esta provincia se merece para poder salir de largas postergaciones, frustraciones, pensar en perspectiva de futuro que nos presente una provincia din\u00e1mica, sustentable, donde cada una de las tantas cadenas de valor pueda ir complet\u00e1ndose, cumpliendo sus objetivos y generando el desarrollo necesario y de la mano de \u00e9l el empleo sustentable\u201d, explic\u00f3 Bordet.<\/p>\n<p>\u201cEntre R\u00edos tiene una posibilidad de poder trabajar en todos sus territorios\u201d enfatiz\u00f3 Bordet y recalc\u00f3 la necesidad de \u201cdejar de entender a Entre R\u00edos como dos costas, con sistemas diferenciados\u201d sino que \u201ctiene que haber un gran sistema integrado de toda la provincia y pensar en generar un desarrollo en todo el territorio; un desarrollo en el norte entrerriano con sistema de riego que queremos fomentar y desarrollar, generar un sistema integrado portuario entre los dos r\u00edos\u201d, ejemplific\u00f3.<\/p>\n<p>El mandatario entrerriano tambi\u00e9n sostuvo que \u201ctenemos dos de los r\u00edos m\u00e1s caudalosos del mundo y hoy no tenemos pr\u00e1cticamente ning\u00fan puerto operativo\u201d. En ese marco inst\u00f3 a \u201cque la renta portuaria queda ac\u00e1 en la provincia, poder abaratar el costo de flete y de producci\u00f3n\u201d y a \u201ctener puertos habilitados tanto en el r\u00edo Paran\u00e1 como Uruguay y concentrar en el puerto de ultramar en Ibicuy\u201d.<\/p>\n<p>\u201cEsos son los desaf\u00edos que nos unen, que nos motorizan. Poder generar desde el espacio p\u00fablico que nos toca desempe\u00f1ar, las obras necesarias de infraestructura que sirven y apoyan a la producci\u00f3n\u201d, recalc\u00f3.<\/p>\n<p>Bordet tambi\u00e9n remarc\u00f3 que \u201chace mucho tiempo que no se ve en Entre R\u00edos este tipo de obras. Que sirvan justamente para desarrollar, que significan un retorno de inversi\u00f3n, luego, por la mayor rentabilidad de los sistemas productivos que se ven beneficiados por estas obras. Creo que este es el camino que tenemos que encontrar entre todos\u201d.<\/p>\n<p>El mandatario elogi\u00f3 que en esta convocatoria \u201cpodamos hablar de estos temas. Pero mucha m\u00e1s celebro que terminada esta reuni\u00f3n seguro vamos a estar trabajando como lo venimos haciendo para lograr la consecuci\u00f3n de los objetivos\u201d.<\/p>\n<p>En ese marco, hizo referencia a las inclemencias medi\u00e1ticas que atraves\u00f3 la provincia y sostuvo que \u201csi supimos y pudimos sobrellevarla, como no vamos a ser capaces, en condiciones normales, de multiplicar este esfuerzo y poder potenciarlo para alcanzar estos objetivos\u201d.<\/p>\n<p>Seguidamente describi\u00f3 la posibilidad que tiene la provincia, y que se desarrolla en lo productivo, en lo tur\u00edstico, en lo comercial: \u201ctenemos que articularla\u201d, afirm\u00f3 e inst\u00f3 a \u201cdejar dicotom\u00edas de lado, en fomento de un sector o en detrimento de otro. Estas son las cuestiones que hay que trabajar, volcarlas y ponerlas en una mesa con franqueza\u201d.<\/p>\n<p>Para finalizar, afirm\u00f3: \u201ces mucha la tarea que tenemos por delante, pero quiero dejarles este mensaje: que en esa tarea si cada uno de nosotros hacemos correcta la parte que nos toca estoy totalmente seguro que vamos a tener una gran provincia y una provincia mucho mejor.<\/p>\n<p>Participaron tambi\u00e9n de la jornada los ministros de Econom\u00eda, <strong>Hugo Ballay<\/strong>; de Producci\u00f3n, <strong>Carlos Schepens<\/strong>; de Planeamiento, Infraestructura y Servicio, <strong>Luis Benedetto<\/strong>; y de Desarrollo Social, <strong>Laura Stratta<\/strong>; el intendente de Paran\u00e1, <strong>Sergio Varisco<\/strong>; la viceintendenta, <strong>Josefina Etienot<\/strong>; el senador nacional <strong>Alfredo De Angeli<\/strong>; legisladores provinciales, concejales y empresarios de toda la provincia.<\/p>\n","protected":false},"excerpt":{"rendered":"<p>El Gobernador Gustavo Bordet, particip&oacute; este jueves del XI Foro Anual del Consejo Empresario de Entre R&iacute;os (CEER). En ese marco convoc&oacute; a &ldquo;armonizar un sistema tributario que sea m&aacute;s equitativo y que se eliminen distintos impuestos distorsivos&rdquo;, y convoc&oacute; a los presentes a &ldquo;hablar con franqueza para encontrar las distintas herramientas de est&iacute;mulos para [&hellip;]<\/p>\n","protected":false},"author":2,"featured_media":0,"comment_status":"open","ping_status":"open","sticky":false,"template":"","format":"standard","meta":{"fifu_image_url":"","fifu_image_alt":"","footnotes":""},"categories":[6,16],"tags":[],"class_list":{"0":"post-16569","1":"post","2":"type-post","3":"status-publish","4":"format-standard","6":"category-entre-rios","7":"category-politi"},"yoast_head":"<title>Bordet se pronunci\u00f3 por un sistema tributario m\u00e1s equitativo - Informe Litoral<\/title>\n<meta name=\"robots\" content=\"index, follow, max-snippet:-1, max-image-preview:large, max-video-preview:-1\" \/>\n<link rel=\"canonical\" href=\"https:\/\/informelitoral.com.ar\/bordet-se-pronuncio-por-un-sistema-tributario-mas-equitativo\/\" \/>\n<meta property=\"og:locale\" content=\"es_ES\" \/>\n<meta property=\"og:type\" content=\"article\" \/>\n<meta property=\"og:title\" content=\"Bordet se pronunci\u00f3 por un sistema tributario m\u00e1s equitativo - Informe Litoral\" \/>\n<meta property=\"og:description\" content=\"El Gobernador Gustavo Bordet, particip&oacute; este jueves del XI Foro Anual del Consejo Empresario de Entre R&iacute;os (CEER). En ese marco convoc&oacute; a &ldquo;armonizar un sistema tributario que sea m&aacute;s equitativo y que se eliminen distintos impuestos distorsivos&rdquo;, y convoc&oacute; a los presentes a &ldquo;hablar con franqueza para encontrar las distintas herramientas de est&iacute;mulos para [&hellip;]\" \/>\n<meta property=\"og:url\" content=\"https:\/\/informelitoral.com.ar\/bordet-se-pronuncio-por-un-sistema-tributario-mas-equitativo\/\" \/>\n<meta property=\"og:site_name\" content=\"Informe Litoral\" \/>\n<meta property=\"article:publisher\" content=\"https:\/\/www.facebook.com\/informelitoral\/\" \/>\n<meta property=\"article:published_time\" content=\"2016-06-10T10:50:26+00:00\" \/>\n<meta property=\"og:image\" content=\"https:\/\/informelitoral.com.ar\/%77%70%2d%63%6f%6e%74%65%6e%74\/uploads\/2016\/06\/b_1465513479.jpg\" \/>\n\t<meta property=\"og:image:width\" content=\"492\" \/>\n\t<meta property=\"og:image:height\" content=\"329\" \/>\n\t<meta property=\"og:image:type\" content=\"image\/jpeg\" \/>\n<meta name=\"author\" content=\"Gonzalo Schmidt\" \/>\n<meta name=\"twitter:card\" content=\"summary_large_image\" \/>\n<meta name=\"twitter:creator\" content=\"@InformeLitoral\" \/>\n<meta name=\"twitter:site\" content=\"@InformeLitoral\" \/>\n<meta name=\"twitter:label1\" content=\"Escrito por\" \/>\n\t<meta name=\"twitter:data1\" content=\"Gonzalo Schmidt\" \/>\n\t<meta name=\"twitter:label2\" content=\"Tiempo de lectura\" \/>\n\t<meta name=\"twitter:data2\" content=\"4 minutos\" \/>\n<script type=\"application\/ld+json\" class=\"yoast-schema-graph\">{\"@context\":\"https:\\\/\\\/schema.org\",\"@graph\":[{\"@type\":\"Article\",\"@id\":\"https:\\\/\\\/informelitoral.com.ar\\\/bordet-se-pronuncio-por-un-sistema-tributario-mas-equitativo\\\/#article\",\"isPartOf\":{\"@id\":\"https:\\\/\\\/informelitoral.com.ar\\\/bordet-se-pronuncio-por-un-sistema-tributario-mas-equitativo\\\/\"},\"author\":{\"name\":\"Gonzalo Schmidt\",\"@id\":\"https:\\\/\\\/informelitoral.com.ar\\\/#\\\/schema\\\/person\\\/b9d00407c836482871ef1d57bf8e3180\"},\"headline\":\"Bordet se pronunci\u00f3 por un sistema tributario m\u00e1s equitativo\",\"datePublished\":\"2016-06-10T10:50:26+00:00\",\"mainEntityOfPage\":{\"@id\":\"https:\\\/\\\/informelitoral.com.ar\\\/bordet-se-pronuncio-por-un-sistema-tributario-mas-equitativo\\\/\"},\"wordCount\":820,\"commentCount\":0,\"publisher\":{\"@id\":\"https:\\\/\\\/informelitoral.com.ar\\\/#organization\"},\"image\":{\"@id\":\"https:\\\/\\\/informelitoral.com.ar\\\/bordet-se-pronuncio-por-un-sistema-tributario-mas-equitativo\\\/#primaryimage\"},\"thumbnailUrl\":\"http:\\\/\\\/www.isletasnoticias.com.ar\\\/%77%70%2d%63%6f%6e%74%65%6e%74\\\/uploads\\\/2016\\\/06\\\/b_1465513479.jpg\",\"articleSection\":[\"Entre R\u00edos\",\"Politica\"],\"inLanguage\":\"es\",\"potentialAction\":[{\"@type\":\"CommentAction\",\"name\":\"Comment\",\"target\":[\"https:\\\/\\\/informelitoral.com.ar\\\/bordet-se-pronuncio-por-un-sistema-tributario-mas-equitativo\\\/#respond\"]}]},{\"@type\":\"WebPage\",\"@id\":\"https:\\\/\\\/informelitoral.com.ar\\\/bordet-se-pronuncio-por-un-sistema-tributario-mas-equitativo\\\/\",\"url\":\"https:\\\/\\\/informelitoral.com.ar\\\/bordet-se-pronuncio-por-un-sistema-tributario-mas-equitativo\\\/\",\"name\":\"Bordet se pronunci\u00f3 por un sistema tributario m\u00e1s equitativo - Informe Litoral\",\"isPartOf\":{\"@id\":\"https:\\\/\\\/informelitoral.com.ar\\\/#website\"},\"primaryImageOfPage\":{\"@id\":\"https:\\\/\\\/informelitoral.com.ar\\\/bordet-se-pronuncio-por-un-sistema-tributario-mas-equitativo\\\/#primaryimage\"},\"image\":{\"@id\":\"https:\\\/\\\/informelitoral.com.ar\\\/bordet-se-pronuncio-por-un-sistema-tributario-mas-equitativo\\\/#primaryimage\"},\"thumbnailUrl\":\"http:\\\/\\\/www.isletasnoticias.com.ar\\\/%77%70%2d%63%6f%6e%74%65%6e%74\\\/uploads\\\/2016\\\/06\\\/b_1465513479.jpg\",\"datePublished\":\"2016-06-10T10:50:26+00:00\",\"breadcrumb\":{\"@id\":\"https:\\\/\\\/informelitoral.com.ar\\\/bordet-se-pronuncio-por-un-sistema-tributario-mas-equitativo\\\/#breadcrumb\"},\"inLanguage\":\"es\",\"potentialAction\":[{\"@type\":\"ReadAction\",\"target\":[\"https:\\\/\\\/informelitoral.com.ar\\\/bordet-se-pronuncio-por-un-sistema-tributario-mas-equitativo\\\/\"]}]},{\"@type\":\"ImageObject\",\"inLanguage\":\"es\",\"@id\":\"https:\\\/\\\/informelitoral.com.ar\\\/bordet-se-pronuncio-por-un-sistema-tributario-mas-equitativo\\\/#primaryimage\",\"url\":\"http:\\\/\\\/www.isletasnoticias.com.ar\\\/%77%70%2d%63%6f%6e%74%65%6e%74\\\/uploads\\\/2016\\\/06\\\/b_1465513479.jpg\",\"contentUrl\":\"http:\\\/\\\/www.isletasnoticias.com.ar\\\/%77%70%2d%63%6f%6e%74%65%6e%74\\\/uploads\\\/2016\\\/06\\\/b_1465513479.jpg\"},{\"@type\":\"BreadcrumbList\",\"@id\":\"https:\\\/\\\/informelitoral.com.ar\\\/bordet-se-pronuncio-por-un-sistema-tributario-mas-equitativo\\\/#breadcrumb\",\"itemListElement\":[{\"@type\":\"ListItem\",\"position\":1,\"name\":\"Portada\",\"item\":\"https:\\\/\\\/informelitoral.com.ar\\\/\"},{\"@type\":\"ListItem\",\"position\":2,\"name\":\"Bordet se pronunci\u00f3 por un sistema tributario m\u00e1s equitativo\"}]},{\"@type\":\"WebSite\",\"@id\":\"https:\\\/\\\/informelitoral.com.ar\\\/#website\",\"url\":\"https:\\\/\\\/informelitoral.com.ar\\\/\",\"name\":\"Informe Litoral\",\"description\":\"&quot;Nos informamos&quot; \",\"publisher\":{\"@id\":\"https:\\\/\\\/informelitoral.com.ar\\\/#organization\"},\"potentialAction\":[{\"@type\":\"SearchAction\",\"target\":{\"@type\":\"EntryPoint\",\"urlTemplate\":\"https:\\\/\\\/informelitoral.com.ar\\\/?s={search_term_string}\"},\"query-input\":{\"@type\":\"PropertyValueSpecification\",\"valueRequired\":true,\"valueName\":\"search_term_string\"}}],\"inLanguage\":\"es\"},{\"@type\":\"Organization\",\"@id\":\"https:\\\/\\\/informelitoral.com.ar\\\/#organization\",\"name\":\"Informe Litoral\",\"url\":\"https:\\\/\\\/informelitoral.com.ar\\\/\",\"logo\":{\"@type\":\"ImageObject\",\"inLanguage\":\"es\",\"@id\":\"https:\\\/\\\/informelitoral.com.ar\\\/#\\\/schema\\\/logo\\\/image\\\/\",\"url\":\"https:\\\/\\\/informelitoral.com.ar\\\/%77%70%2d%63%6f%6e%74%65%6e%74\\\/uploads\\\/2021\\\/01\\\/circulo.png\",\"contentUrl\":\"https:\\\/\\\/informelitoral.com.ar\\\/%77%70%2d%63%6f%6e%74%65%6e%74\\\/uploads\\\/2021\\\/01\\\/circulo.png\",\"width\":723,\"height\":731,\"caption\":\"Informe Litoral\"},\"image\":{\"@id\":\"https:\\\/\\\/informelitoral.com.ar\\\/#\\\/schema\\\/logo\\\/image\\\/\"},\"sameAs\":[\"https:\\\/\\\/www.facebook.com\\\/informelitoral\\\/\",\"https:\\\/\\\/x.com\\\/InformeLitoral\",\"https:\\\/\\\/www.instagram.com\\\/informelitoral\\\/\",\"https:\\\/\\\/www.youtube.com\\\/channel\\\/UCua4Qvz8Icb6MYqhoq9xLXw\"]},{\"@type\":\"Person\",\"@id\":\"https:\\\/\\\/informelitoral.com.ar\\\/#\\\/schema\\\/person\\\/b9d00407c836482871ef1d57bf8e3180\",\"name\":\"Gonzalo Schmidt\",\"image\":{\"@type\":\"ImageObject\",\"inLanguage\":\"es\",\"@id\":\"https:\\\/\\\/secure.gravatar.com\\\/avatar\\\/31a1a7b66ff2de83bd0e9fd79d026630d2d99e55e8bfe501287647b4fd9743de?s=96&d=mm&r=g\",\"url\":\"https:\\\/\\\/secure.gravatar.com\\\/avatar\\\/31a1a7b66ff2de83bd0e9fd79d026630d2d99e55e8bfe501287647b4fd9743de?s=96&d=mm&r=g\",\"contentUrl\":\"https:\\\/\\\/secure.gravatar.com\\\/avatar\\\/31a1a7b66ff2de83bd0e9fd79d026630d2d99e55e8bfe501287647b4fd9743de?s=96&d=mm&r=g\",\"caption\":\"Gonzalo Schmidt\"},\"description\":\"Sitio web de noticias de la provincia de Entre R\u00edos, Argentina. Informaci\u00f3n y entretenimiento. Informe Litoral, nos informamos.\",\"sameAs\":[\"http:\\\/\\\/www.isletasnoticias.com.ar\"],\"url\":\"https:\\\/\\\/informelitoral.com.ar\\\/author\\\/gonzalo\\\/\"}]}<\/script>","yoast_head_json":{"title":"Bordet se pronunci\u00f3 por un sistema tributario m\u00e1s equitativo - Informe Litoral","robots":{"index":"index","follow":"follow","max-snippet":"max-snippet:-1","max-image-preview":"max-image-preview:large","max-video-preview":"max-video-preview:-1"},"canonical":"https:\/\/informelitoral.com.ar\/bordet-se-pronuncio-por-un-sistema-tributario-mas-equitativo\/","og_locale":"es_ES","og_type":"article","og_title":"Bordet se pronunci\u00f3 por un sistema tributario m\u00e1s equitativo - Informe Litoral","og_description":"El Gobernador Gustavo Bordet, particip&oacute; este jueves del XI Foro Anual del Consejo Empresario de Entre R&iacute;os (CEER). En ese marco convoc&oacute; a &ldquo;armonizar un sistema tributario que sea m&aacute;s equitativo y que se eliminen distintos impuestos distorsivos&rdquo;, y convoc&oacute; a los presentes a &ldquo;hablar con franqueza para encontrar las distintas herramientas de est&iacute;mulos para [&hellip;]","og_url":"https:\/\/informelitoral.com.ar\/bordet-se-pronuncio-por-un-sistema-tributario-mas-equitativo\/","og_site_name":"Informe Litoral","article_publisher":"https:\/\/www.facebook.com\/informelitoral\/","article_published_time":"2016-06-10T10:50:26+00:00","og_image":[{"width":492,"height":329,"url":"https:\/\/informelitoral.com.ar\/%77%70%2d%63%6f%6e%74%65%6e%74\/uploads\/2016\/06\/b_1465513479.jpg","type":"image\/jpeg"}],"author":"Gonzalo Schmidt","twitter_card":"summary_large_image","twitter_creator":"@InformeLitoral","twitter_site":"@InformeLitoral","twitter_misc":{"Escrito por":"Gonzalo Schmidt","Tiempo de lectura":"4 minutos"},"schema":{"@context":"https:\/\/schema.org","@graph":[{"@type":"Article","@id":"https:\/\/informelitoral.com.ar\/bordet-se-pronuncio-por-un-sistema-tributario-mas-equitativo\/#article","isPartOf":{"@id":"https:\/\/informelitoral.com.ar\/bordet-se-pronuncio-por-un-sistema-tributario-mas-equitativo\/"},"author":{"name":"Gonzalo Schmidt","@id":"https:\/\/informelitoral.com.ar\/#\/schema\/person\/b9d00407c836482871ef1d57bf8e3180"},"headline":"Bordet se pronunci\u00f3 por un sistema tributario m\u00e1s equitativo","datePublished":"2016-06-10T10:50:26+00:00","mainEntityOfPage":{"@id":"https:\/\/informelitoral.com.ar\/bordet-se-pronuncio-por-un-sistema-tributario-mas-equitativo\/"},"wordCount":820,"commentCount":0,"publisher":{"@id":"https:\/\/informelitoral.com.ar\/#organization"},"image":{"@id":"https:\/\/informelitoral.com.ar\/bordet-se-pronuncio-por-un-sistema-tributario-mas-equitativo\/#primaryimage"},"thumbnailUrl":"http:\/\/www.isletasnoticias.com.ar\/%77%70%2d%63%6f%6e%74%65%6e%74\/uploads\/2016\/06\/b_1465513479.jpg","articleSection":["Entre R\u00edos","Politica"],"inLanguage":"es","potentialAction":[{"@type":"CommentAction","name":"Comment","target":["https:\/\/informelitoral.com.ar\/bordet-se-pronuncio-por-un-sistema-tributario-mas-equitativo\/#respond"]}]},{"@type":"WebPage","@id":"https:\/\/informelitoral.com.ar\/bordet-se-pronuncio-por-un-sistema-tributario-mas-equitativo\/","url":"https:\/\/informelitoral.com.ar\/bordet-se-pronuncio-por-un-sistema-tributario-mas-equitativo\/","name":"Bordet se pronunci\u00f3 por un sistema tributario m\u00e1s equitativo - Informe Litoral","isPartOf":{"@id":"https:\/\/informelitoral.com.ar\/#website"},"primaryImageOfPage":{"@id":"https:\/\/informelitoral.com.ar\/bordet-se-pronuncio-por-un-sistema-tributario-mas-equitativo\/#primaryimage"},"image":{"@id":"https:\/\/informelitoral.com.ar\/bordet-se-pronuncio-por-un-sistema-tributario-mas-equitativo\/#primaryimage"},"thumbnailUrl":"http:\/\/www.isletasnoticias.com.ar\/%77%70%2d%63%6f%6e%74%65%6e%74\/uploads\/2016\/06\/b_1465513479.jpg","datePublished":"2016-06-10T10:50:26+00:00","breadcrumb":{"@id":"https:\/\/informelitoral.com.ar\/bordet-se-pronuncio-por-un-sistema-tributario-mas-equitativo\/#breadcrumb"},"inLanguage":"es","potentialAction":[{"@type":"ReadAction","target":["https:\/\/informelitoral.com.ar\/bordet-se-pronuncio-por-un-sistema-tributario-mas-equitativo\/"]}]},{"@type":"ImageObject","inLanguage":"es","@id":"https:\/\/informelitoral.com.ar\/bordet-se-pronuncio-por-un-sistema-tributario-mas-equitativo\/#primaryimage","url":"http:\/\/www.isletasnoticias.com.ar\/%77%70%2d%63%6f%6e%74%65%6e%74\/uploads\/2016\/06\/b_1465513479.jpg","contentUrl":"http:\/\/www.isletasnoticias.com.ar\/%77%70%2d%63%6f%6e%74%65%6e%74\/uploads\/2016\/06\/b_1465513479.jpg"},{"@type":"BreadcrumbList","@id":"https:\/\/informelitoral.com.ar\/bordet-se-pronuncio-por-un-sistema-tributario-mas-equitativo\/#breadcrumb","itemListElement":[{"@type":"ListItem","position":1,"name":"Portada","item":"https:\/\/informelitoral.com.ar\/"},{"@type":"ListItem","position":2,"name":"Bordet se pronunci\u00f3 por un sistema tributario m\u00e1s equitativo"}]},{"@type":"WebSite","@id":"https:\/\/informelitoral.com.ar\/#website","url":"https:\/\/informelitoral.com.ar\/","name":"Informe Litoral","description":"&quot;Nos informamos&quot; ","publisher":{"@id":"https:\/\/informelitoral.com.ar\/#organization"},"potentialAction":[{"@type":"SearchAction","target":{"@type":"EntryPoint","urlTemplate":"https:\/\/informelitoral.com.ar\/?s={search_term_string}"},"query-input":{"@type":"PropertyValueSpecification","valueRequired":true,"valueName":"search_term_string"}}],"inLanguage":"es"},{"@type":"Organization","@id":"https:\/\/informelitoral.com.ar\/#organization","name":"Informe Litoral","url":"https:\/\/informelitoral.com.ar\/","logo":{"@type":"ImageObject","inLanguage":"es","@id":"https:\/\/informelitoral.com.ar\/#\/schema\/logo\/image\/","url":"https:\/\/informelitoral.com.ar\/%77%70%2d%63%6f%6e%74%65%6e%74\/uploads\/2021\/01\/circulo.png","contentUrl":"https:\/\/informelitoral.com.ar\/%77%70%2d%63%6f%6e%74%65%6e%74\/uploads\/2021\/01\/circulo.png","width":723,"height":731,"caption":"Informe Litoral"},"image":{"@id":"https:\/\/informelitoral.com.ar\/#\/schema\/logo\/image\/"},"sameAs":["https:\/\/www.facebook.com\/informelitoral\/","https:\/\/x.com\/InformeLitoral","https:\/\/www.instagram.com\/informelitoral\/","https:\/\/www.youtube.com\/channel\/UCua4Qvz8Icb6MYqhoq9xLXw"]},{"@type":"Person","@id":"https:\/\/informelitoral.com.ar\/#\/schema\/person\/b9d00407c836482871ef1d57bf8e3180","name":"Gonzalo Schmidt","image":{"@type":"ImageObject","inLanguage":"es","@id":"https:\/\/secure.gravatar.com\/avatar\/31a1a7b66ff2de83bd0e9fd79d026630d2d99e55e8bfe501287647b4fd9743de?s=96&d=mm&r=g","url":"https:\/\/secure.gravatar.com\/avatar\/31a1a7b66ff2de83bd0e9fd79d026630d2d99e55e8bfe501287647b4fd9743de?s=96&d=mm&r=g","contentUrl":"https:\/\/secure.gravatar.com\/avatar\/31a1a7b66ff2de83bd0e9fd79d026630d2d99e55e8bfe501287647b4fd9743de?s=96&d=mm&r=g","caption":"Gonzalo Schmidt"},"description":"Sitio web de noticias de la provincia de Entre R\u00edos, Argentina. Informaci\u00f3n y entretenimiento. Informe Litoral, nos informamos.","sameAs":["http:\/\/www.isletasnoticias.com.ar"],"url":"https:\/\/informelitoral.com.ar\/author\/gonzalo\/"}]}},"_links":{"self":[{"href":"https:\/\/informelitoral.com.ar\/%77%70%2d%6a%73%6f%6e\/wp\/v2\/posts\/16569","targetHints":{"allow":["GET"]}}],"collection":[{"href":"https:\/\/informelitoral.com.ar\/%77%70%2d%6a%73%6f%6e\/wp\/v2\/posts"}],"about":[{"href":"https:\/\/informelitoral.com.ar\/%77%70%2d%6a%73%6f%6e\/wp\/v2\/types\/post"}],"author":[{"embeddable":true,"href":"https:\/\/informelitoral.com.ar\/%77%70%2d%6a%73%6f%6e\/wp\/v2\/users\/2"}],"replies":[{"embeddable":true,"href":"https:\/\/informelitoral.com.ar\/%77%70%2d%6a%73%6f%6e\/wp\/v2\/comments?post=16569"}],"version-history":[{"count":0,"href":"https:\/\/informelitoral.com.ar\/%77%70%2d%6a%73%6f%6e\/wp\/v2\/posts\/16569\/revisions"}],"wp:attachment":[{"href":"https:\/\/informelitoral.com.ar\/%77%70%2d%6a%73%6f%6e\/wp\/v2\/media?parent=16569"}],"wp:term":[{"taxonomy":"category","embeddable":true,"href":"https:\/\/informelitoral.com.ar\/%77%70%2d%6a%73%6f%6e\/wp\/v2\/categories?post=16569"},{"taxonomy":"post_tag","embeddable":true,"href":"https:\/\/informelitoral.com.ar\/%77%70%2d%6a%73%6f%6e\/wp\/v2\/tags?post=16569"}],"curies":[{"name":"wp","href":"https:\/\/api.w.org\/{rel}","templated":true}]}}