{"id":165688,"date":"2023-09-13T19:23:23","date_gmt":"2023-09-13T22:23:23","guid":{"rendered":"https:\/\/www.informelitoral.com.ar\/?p=165688"},"modified":"2023-09-13T19:26:09","modified_gmt":"2023-09-13T22:26:09","slug":"la-inflacion-de-agosto-fue-del-124-y-alcanzo-el-1244-en-el-ultimo-ano","status":"publish","type":"post","link":"https:\/\/informelitoral.com.ar\/la-inflacion-de-agosto-fue-del-124-y-alcanzo-el-1244-en-el-ultimo-ano\/","title":{"rendered":"La inflaci\u00f3n de agosto fue del 12,4% y alcanz\u00f3 el 124,4% en el \u00faltimo a\u00f1o"},"content":{"rendered":"<p class=\"paragraph\" data-mrf-recirculation=\"Links inline\">La<b>\u00a0inflaci\u00f3n de agosto alcanz\u00f3 el 12,4% y<\/b>\u00a0registr\u00f3 de esta manera el ritmo mensual m\u00e1s elevado en m\u00e1s de 32 a\u00f1os. Seg\u00fan inform\u00f3 este mi\u00e9rcoles el Indec, la suba de precios anual\u00a0<b>fue de 124,4%<\/b>\u00a0en los \u00faltimos doce meses y solo en los primeros ocho meses del 2023 el IPC acumul\u00f3 un alza de\u00a0<b>80,2 por ciento.<\/b><\/p>\n<p class=\"paragraph\" data-mrf-recirculation=\"Links inline\">El Indec inform\u00f3 que el mes pasado \u201cla divisi\u00f3n de mayor aumento en el mes fue Alimentos y bebidas no alcoh\u00f3licas (15,6%), producto de la suba en Carnes y derivados y Verduras, tub\u00e9rculos y legumbres. Le siguieron Salud (15,3%) \u2013principalmente por los aumentos en medicamentos\u2013 y Equipamiento y mantenimiento del hogar (14,1%)\u201d.<\/p>\n<p class=\"paragraph\" data-mrf-recirculation=\"Links inline\">En el IPC, el dato anual m\u00e1s alto es el de restaurantes con el 142,2%, seguido por alimentos y bebidas con el 133,5%, salud 127,8%, equipamiento y mantenimiento del hogar y recreaci\u00f3n 125%, bebidas alcoh\u00f3licas y tabaco 123,6%, y vestimenta 108,9%.<\/p>\n<p class=\"paragraph\" data-mrf-recirculation=\"Links inline\">Se trata del primer dato inflacionario luego del impacto de la\u00a0<b>devaluaci\u00f3n del tipo de cambio oficial<\/b>, el d\u00eda despu\u00e9s de las PASO y que aceler\u00f3 el ritmo de inercia al que se mueven los precios de la econom\u00eda. Ese primer efecto, seg\u00fan estimaciones privadas, tambi\u00e9n dejar\u00eda a septiembre en el terreno de los dos d\u00edgitos mensuales.<\/p>\n<p class=\"paragraph\" data-mrf-recirculation=\"Links inline\">El Gobierno apur\u00f3 medidas de compensaci\u00f3n de ingresos para evitar que el<b>\u00a0fogonazo inflacionario<\/b>\u00a0del mes pasado y el corriente tengan un impacto pronunciado sobre el poder de compra de los salarios en las semanas previas a las elecciones y que eso provoque, por una suba marcada del precio de la canasta b\u00e1sica, un aumento de la incidencia de la pobreza en todo el pa\u00eds.<\/p>\n<p class=\"paragraph\" data-mrf-recirculation=\"Links inline\">Asimismo, el Ministerio de Econom\u00eda se involucr\u00f3 en negociaciones con empresas de consumo masivo y de otros rubros para buscar senderos de precios acordados para algunos bienes claves de la canasta b\u00e1sica. Seg\u00fan informaci\u00f3n de la Secretar\u00eda de Comercio, a\u00fan cuando esas negociaciones se iniciaron hace casi un mes, d\u00edas despu\u00e9s del salto del tipo de cambio oficial, de las<b>\u00a0425 empresas<\/b>\u00a0con las que se iniciaron conversaciones, a\u00fan<b>\u00a0quedan fuera de la firma de esos convenios unas 145<\/b>.<\/p>\n<p class=\"paragraph\" data-mrf-recirculation=\"Links inline\">La inflaci\u00f3n, hasta antes de la devaluaci\u00f3n, hab\u00eda encarado una tendencia -muy inicial y a\u00fan en niveles muy altos- en los \u00faltimos dos \u00edndices. El IPC hab\u00eda sido de\u00a0<b>6,3%<\/b>\u00a0en julio, lo que representaba una suba de 0,3 puntos respecto a junio, cuando se ubic\u00f3 en\u00a0<b>6 por ciento<\/b>. El pico tuvo lugar en abril, con<b>\u00a07,4%<\/b>\u00a0tras una aceleraci\u00f3n de precios que sigui\u00f3 a la crisis cambiaria de la segunda quincena de ese mes.<\/p>\n<p class=\"paragraph\" data-mrf-recirculation=\"Links inline\">Con el \u00faltimo dato de julio, durante los primeros siete meses del a\u00f1o la inflaci\u00f3n minorista fue de\u00a0<b>60,2%<\/b>\u00a0y de<b>\u00a0113,4%<\/b>\u00a0en los \u00faltimos 12 meses. Algunos primeros datos oficiales provinciales dieron cuenta de que en agosto volvi\u00f3 a acelerar la inflaci\u00f3n, y que se movi\u00f3 a un ritmo que<b>\u00a0no registraba hace m\u00e1s de 20 a\u00f1os<\/b>\u00a0en la econom\u00eda argentina. De hecho, es la cifra mensual m\u00e1s alta desde febrero de 1991, antes del lanzamiento del plan de convertibilidad.<\/p>\n<p class=\"paragraph\" data-mrf-recirculation=\"Links inline\">El dato del 124,4% anual, implica que en agosto el 12,4% es equivalente a un 308,3% anualizado (si se repitiera durante 12 meses), y la n\u00facleo del 13,8% equivalente a 371,7 por ciento.<\/p>\n<p class=\"paragraph\" data-mrf-recirculation=\"Links inline\">La Direcci\u00f3n de Estad\u00edsticas de la <b>Ciudad de Buenos Aires<\/b>\u00a0dio cuenta la semana pasada que la inflaci\u00f3n en el distrito porte\u00f1o fue durante agosto de<b>\u00a010,8%<\/b>, por encima del 7,3% registrado en julio. As\u00ed, el \u00edndice de precios porte\u00f1o acumul\u00f3 una suba del 79,8% en los primeros ocho meses del a\u00f1o y una variaci\u00f3n interanual del 127,3 por ciento.<\/p>\n<p class=\"paragraph\" data-mrf-recirculation=\"Links inline\">En su lectura sobre la econom\u00eda de Argentina, desde Latin Focus destacaron que la inflaci\u00f3n se disparar\u00e1 este a\u00f1o en relaci\u00f3n a 2022, impulsada por un colapso del peso debido al financiamiento monetario del d\u00e9ficit fiscal.<\/p>\n<p class=\"paragraph\" data-mrf-recirculation=\"Links inline\">\u201cUna depreciaci\u00f3n del peso m\u00e1s r\u00e1pida de lo esperado y una generosidad fiscal antes de las elecciones de octubre son los principales riesgos al alza. Los panelistas de FocusEconomics ven los precios al consumidor subiendo\u00a0<b>124,5% en promedio en 2023<\/b>, lo que es un aumento de 8,4 puntos porcentuales con respecto a hace un mes, y subiendo\u00a0<b>152% en promedio en 2024<\/b>\u2033, indicaron.<\/p>\n","protected":false},"excerpt":{"rendered":"<p>El Indec inform\u00f3 que el IPC de los primeros ocho meses del a\u00f1o la suba de precios fue de 80,2%. Cu\u00e1les fueron los rubros con mayores subas.<\/p>\n","protected":false},"author":2,"featured_media":56640,"comment_status":"open","ping_status":"open","sticky":false,"template":"","format":"standard","meta":{"fifu_image_url":"","fifu_image_alt":"","footnotes":""},"categories":[1594,7],"tags":[78,95],"class_list":{"0":"post-165688","1":"post","2":"type-post","3":"status-publish","4":"format-standard","5":"has-post-thumbnail","7":"category-economia","8":"category-nacionales","9":"tag-indec","10":"tag-inflacion"},"yoast_head":"<title>La inflaci\u00f3n de agosto fue del 12,4% y alcanz\u00f3 el 124,4% en el \u00faltimo a\u00f1o - Informe Litoral<\/title>\n<meta name=\"robots\" content=\"index, follow, max-snippet:-1, max-image-preview:large, max-video-preview:-1\" \/>\n<link rel=\"canonical\" href=\"https:\/\/informelitoral.com.ar\/la-inflacion-de-agosto-fue-del-124-y-alcanzo-el-1244-en-el-ultimo-ano\/\" \/>\n<meta property=\"og:locale\" content=\"es_ES\" \/>\n<meta property=\"og:type\" content=\"article\" \/>\n<meta property=\"og:title\" content=\"La inflaci\u00f3n de agosto fue del 12,4% y alcanz\u00f3 el 124,4% en el \u00faltimo a\u00f1o - Informe Litoral\" \/>\n<meta property=\"og:description\" content=\"El Indec inform\u00f3 que el IPC de los primeros ocho meses del a\u00f1o la suba de precios fue de 80,2%. Cu\u00e1les fueron los rubros con mayores subas.\" \/>\n<meta property=\"og:url\" content=\"https:\/\/informelitoral.com.ar\/la-inflacion-de-agosto-fue-del-124-y-alcanzo-el-1244-en-el-ultimo-ano\/\" \/>\n<meta property=\"og:site_name\" content=\"Informe Litoral\" \/>\n<meta property=\"article:publisher\" content=\"https:\/\/www.facebook.com\/informelitoral\/\" \/>\n<meta property=\"article:published_time\" content=\"2023-09-13T22:23:23+00:00\" \/>\n<meta property=\"article:modified_time\" content=\"2023-09-13T22:26:09+00:00\" \/>\n<meta property=\"og:image\" content=\"https:\/\/informelitoral.com.ar\/%77%70%2d%63%6f%6e%74%65%6e%74\/uploads\/2021\/02\/inflacion.jpg\" \/>\n\t<meta property=\"og:image:width\" content=\"1140\" \/>\n\t<meta property=\"og:image:height\" content=\"640\" \/>\n\t<meta property=\"og:image:type\" content=\"image\/jpeg\" \/>\n<meta name=\"author\" content=\"Gonzalo Schmidt\" \/>\n<meta name=\"twitter:card\" content=\"summary_large_image\" \/>\n<meta name=\"twitter:creator\" content=\"@InformeLitoral\" \/>\n<meta name=\"twitter:site\" content=\"@InformeLitoral\" \/>\n<meta name=\"twitter:label1\" content=\"Escrito por\" \/>\n\t<meta name=\"twitter:data1\" content=\"Gonzalo Schmidt\" \/>\n\t<meta name=\"twitter:label2\" content=\"Tiempo de lectura\" \/>\n\t<meta name=\"twitter:data2\" content=\"4 minutos\" \/>\n<script type=\"application\/ld+json\" class=\"yoast-schema-graph\">{\"@context\":\"https:\\\/\\\/schema.org\",\"@graph\":[{\"@type\":\"Article\",\"@id\":\"https:\\\/\\\/informelitoral.com.ar\\\/la-inflacion-de-agosto-fue-del-124-y-alcanzo-el-1244-en-el-ultimo-ano\\\/#article\",\"isPartOf\":{\"@id\":\"https:\\\/\\\/informelitoral.com.ar\\\/la-inflacion-de-agosto-fue-del-124-y-alcanzo-el-1244-en-el-ultimo-ano\\\/\"},\"author\":{\"name\":\"Gonzalo Schmidt\",\"@id\":\"https:\\\/\\\/informelitoral.com.ar\\\/#\\\/schema\\\/person\\\/b9d00407c836482871ef1d57bf8e3180\"},\"headline\":\"La inflaci\u00f3n de agosto fue del 12,4% y alcanz\u00f3 el 124,4% en el \u00faltimo a\u00f1o\",\"datePublished\":\"2023-09-13T22:23:23+00:00\",\"dateModified\":\"2023-09-13T22:26:09+00:00\",\"mainEntityOfPage\":{\"@id\":\"https:\\\/\\\/informelitoral.com.ar\\\/la-inflacion-de-agosto-fue-del-124-y-alcanzo-el-1244-en-el-ultimo-ano\\\/\"},\"wordCount\":737,\"commentCount\":0,\"publisher\":{\"@id\":\"https:\\\/\\\/informelitoral.com.ar\\\/#organization\"},\"image\":{\"@id\":\"https:\\\/\\\/informelitoral.com.ar\\\/la-inflacion-de-agosto-fue-del-124-y-alcanzo-el-1244-en-el-ultimo-ano\\\/#primaryimage\"},\"thumbnailUrl\":\"https:\\\/\\\/informelitoral.com.ar\\\/%77%70%2d%63%6f%6e%74%65%6e%74\\\/uploads\\\/2021\\\/02\\\/inflacion.jpg\",\"keywords\":[\"Indec\",\"Inflaci\u00f3n\"],\"articleSection\":[\"Econom\u00eda\",\"Nacionales\"],\"inLanguage\":\"es\",\"potentialAction\":[{\"@type\":\"CommentAction\",\"name\":\"Comment\",\"target\":[\"https:\\\/\\\/informelitoral.com.ar\\\/la-inflacion-de-agosto-fue-del-124-y-alcanzo-el-1244-en-el-ultimo-ano\\\/#respond\"]}]},{\"@type\":\"WebPage\",\"@id\":\"https:\\\/\\\/informelitoral.com.ar\\\/la-inflacion-de-agosto-fue-del-124-y-alcanzo-el-1244-en-el-ultimo-ano\\\/\",\"url\":\"https:\\\/\\\/informelitoral.com.ar\\\/la-inflacion-de-agosto-fue-del-124-y-alcanzo-el-1244-en-el-ultimo-ano\\\/\",\"name\":\"La inflaci\u00f3n de agosto fue del 12,4% y alcanz\u00f3 el 124,4% en el \u00faltimo a\u00f1o - Informe Litoral\",\"isPartOf\":{\"@id\":\"https:\\\/\\\/informelitoral.com.ar\\\/#website\"},\"primaryImageOfPage\":{\"@id\":\"https:\\\/\\\/informelitoral.com.ar\\\/la-inflacion-de-agosto-fue-del-124-y-alcanzo-el-1244-en-el-ultimo-ano\\\/#primaryimage\"},\"image\":{\"@id\":\"https:\\\/\\\/informelitoral.com.ar\\\/la-inflacion-de-agosto-fue-del-124-y-alcanzo-el-1244-en-el-ultimo-ano\\\/#primaryimage\"},\"thumbnailUrl\":\"https:\\\/\\\/informelitoral.com.ar\\\/%77%70%2d%63%6f%6e%74%65%6e%74\\\/uploads\\\/2021\\\/02\\\/inflacion.jpg\",\"datePublished\":\"2023-09-13T22:23:23+00:00\",\"dateModified\":\"2023-09-13T22:26:09+00:00\",\"breadcrumb\":{\"@id\":\"https:\\\/\\\/informelitoral.com.ar\\\/la-inflacion-de-agosto-fue-del-124-y-alcanzo-el-1244-en-el-ultimo-ano\\\/#breadcrumb\"},\"inLanguage\":\"es\",\"potentialAction\":[{\"@type\":\"ReadAction\",\"target\":[\"https:\\\/\\\/informelitoral.com.ar\\\/la-inflacion-de-agosto-fue-del-124-y-alcanzo-el-1244-en-el-ultimo-ano\\\/\"]}]},{\"@type\":\"ImageObject\",\"inLanguage\":\"es\",\"@id\":\"https:\\\/\\\/informelitoral.com.ar\\\/la-inflacion-de-agosto-fue-del-124-y-alcanzo-el-1244-en-el-ultimo-ano\\\/#primaryimage\",\"url\":\"https:\\\/\\\/informelitoral.com.ar\\\/%77%70%2d%63%6f%6e%74%65%6e%74\\\/uploads\\\/2021\\\/02\\\/inflacion.jpg\",\"contentUrl\":\"https:\\\/\\\/informelitoral.com.ar\\\/%77%70%2d%63%6f%6e%74%65%6e%74\\\/uploads\\\/2021\\\/02\\\/inflacion.jpg\",\"width\":1140,\"height\":640},{\"@type\":\"BreadcrumbList\",\"@id\":\"https:\\\/\\\/informelitoral.com.ar\\\/la-inflacion-de-agosto-fue-del-124-y-alcanzo-el-1244-en-el-ultimo-ano\\\/#breadcrumb\",\"itemListElement\":[{\"@type\":\"ListItem\",\"position\":1,\"name\":\"Portada\",\"item\":\"https:\\\/\\\/informelitoral.com.ar\\\/\"},{\"@type\":\"ListItem\",\"position\":2,\"name\":\"La inflaci\u00f3n de agosto fue del 12,4% y alcanz\u00f3 el 124,4% en el \u00faltimo a\u00f1o\"}]},{\"@type\":\"WebSite\",\"@id\":\"https:\\\/\\\/informelitoral.com.ar\\\/#website\",\"url\":\"https:\\\/\\\/informelitoral.com.ar\\\/\",\"name\":\"Informe Litoral\",\"description\":\"&quot;Nos informamos&quot; \",\"publisher\":{\"@id\":\"https:\\\/\\\/informelitoral.com.ar\\\/#organization\"},\"potentialAction\":[{\"@type\":\"SearchAction\",\"target\":{\"@type\":\"EntryPoint\",\"urlTemplate\":\"https:\\\/\\\/informelitoral.com.ar\\\/?s={search_term_string}\"},\"query-input\":{\"@type\":\"PropertyValueSpecification\",\"valueRequired\":true,\"valueName\":\"search_term_string\"}}],\"inLanguage\":\"es\"},{\"@type\":\"Organization\",\"@id\":\"https:\\\/\\\/informelitoral.com.ar\\\/#organization\",\"name\":\"Informe Litoral\",\"url\":\"https:\\\/\\\/informelitoral.com.ar\\\/\",\"logo\":{\"@type\":\"ImageObject\",\"inLanguage\":\"es\",\"@id\":\"https:\\\/\\\/informelitoral.com.ar\\\/#\\\/schema\\\/logo\\\/image\\\/\",\"url\":\"https:\\\/\\\/informelitoral.com.ar\\\/%77%70%2d%63%6f%6e%74%65%6e%74\\\/uploads\\\/2021\\\/01\\\/circulo.png\",\"contentUrl\":\"https:\\\/\\\/informelitoral.com.ar\\\/%77%70%2d%63%6f%6e%74%65%6e%74\\\/uploads\\\/2021\\\/01\\\/circulo.png\",\"width\":723,\"height\":731,\"caption\":\"Informe Litoral\"},\"image\":{\"@id\":\"https:\\\/\\\/informelitoral.com.ar\\\/#\\\/schema\\\/logo\\\/image\\\/\"},\"sameAs\":[\"https:\\\/\\\/www.facebook.com\\\/informelitoral\\\/\",\"https:\\\/\\\/x.com\\\/InformeLitoral\",\"https:\\\/\\\/www.instagram.com\\\/informelitoral\\\/\",\"https:\\\/\\\/www.youtube.com\\\/channel\\\/UCua4Qvz8Icb6MYqhoq9xLXw\"]},{\"@type\":\"Person\",\"@id\":\"https:\\\/\\\/informelitoral.com.ar\\\/#\\\/schema\\\/person\\\/b9d00407c836482871ef1d57bf8e3180\",\"name\":\"Gonzalo Schmidt\",\"image\":{\"@type\":\"ImageObject\",\"inLanguage\":\"es\",\"@id\":\"https:\\\/\\\/secure.gravatar.com\\\/avatar\\\/31a1a7b66ff2de83bd0e9fd79d026630d2d99e55e8bfe501287647b4fd9743de?s=96&d=mm&r=g\",\"url\":\"https:\\\/\\\/secure.gravatar.com\\\/avatar\\\/31a1a7b66ff2de83bd0e9fd79d026630d2d99e55e8bfe501287647b4fd9743de?s=96&d=mm&r=g\",\"contentUrl\":\"https:\\\/\\\/secure.gravatar.com\\\/avatar\\\/31a1a7b66ff2de83bd0e9fd79d026630d2d99e55e8bfe501287647b4fd9743de?s=96&d=mm&r=g\",\"caption\":\"Gonzalo Schmidt\"},\"description\":\"Sitio web de noticias de la provincia de Entre R\u00edos, Argentina. Informaci\u00f3n y entretenimiento. Informe Litoral, nos informamos.\",\"sameAs\":[\"http:\\\/\\\/www.isletasnoticias.com.ar\"],\"url\":\"https:\\\/\\\/informelitoral.com.ar\\\/author\\\/gonzalo\\\/\"}]}<\/script>","yoast_head_json":{"title":"La inflaci\u00f3n de agosto fue del 12,4% y alcanz\u00f3 el 124,4% en el \u00faltimo a\u00f1o - Informe Litoral","robots":{"index":"index","follow":"follow","max-snippet":"max-snippet:-1","max-image-preview":"max-image-preview:large","max-video-preview":"max-video-preview:-1"},"canonical":"https:\/\/informelitoral.com.ar\/la-inflacion-de-agosto-fue-del-124-y-alcanzo-el-1244-en-el-ultimo-ano\/","og_locale":"es_ES","og_type":"article","og_title":"La inflaci\u00f3n de agosto fue del 12,4% y alcanz\u00f3 el 124,4% en el \u00faltimo a\u00f1o - Informe Litoral","og_description":"El Indec inform\u00f3 que el IPC de los primeros ocho meses del a\u00f1o la suba de precios fue de 80,2%. Cu\u00e1les fueron los rubros con mayores subas.","og_url":"https:\/\/informelitoral.com.ar\/la-inflacion-de-agosto-fue-del-124-y-alcanzo-el-1244-en-el-ultimo-ano\/","og_site_name":"Informe Litoral","article_publisher":"https:\/\/www.facebook.com\/informelitoral\/","article_published_time":"2023-09-13T22:23:23+00:00","article_modified_time":"2023-09-13T22:26:09+00:00","og_image":[{"width":1140,"height":640,"url":"https:\/\/informelitoral.com.ar\/%77%70%2d%63%6f%6e%74%65%6e%74\/uploads\/2021\/02\/inflacion.jpg","type":"image\/jpeg"}],"author":"Gonzalo Schmidt","twitter_card":"summary_large_image","twitter_creator":"@InformeLitoral","twitter_site":"@InformeLitoral","twitter_misc":{"Escrito por":"Gonzalo Schmidt","Tiempo de lectura":"4 minutos"},"schema":{"@context":"https:\/\/schema.org","@graph":[{"@type":"Article","@id":"https:\/\/informelitoral.com.ar\/la-inflacion-de-agosto-fue-del-124-y-alcanzo-el-1244-en-el-ultimo-ano\/#article","isPartOf":{"@id":"https:\/\/informelitoral.com.ar\/la-inflacion-de-agosto-fue-del-124-y-alcanzo-el-1244-en-el-ultimo-ano\/"},"author":{"name":"Gonzalo Schmidt","@id":"https:\/\/informelitoral.com.ar\/#\/schema\/person\/b9d00407c836482871ef1d57bf8e3180"},"headline":"La inflaci\u00f3n de agosto fue del 12,4% y alcanz\u00f3 el 124,4% en el \u00faltimo a\u00f1o","datePublished":"2023-09-13T22:23:23+00:00","dateModified":"2023-09-13T22:26:09+00:00","mainEntityOfPage":{"@id":"https:\/\/informelitoral.com.ar\/la-inflacion-de-agosto-fue-del-124-y-alcanzo-el-1244-en-el-ultimo-ano\/"},"wordCount":737,"commentCount":0,"publisher":{"@id":"https:\/\/informelitoral.com.ar\/#organization"},"image":{"@id":"https:\/\/informelitoral.com.ar\/la-inflacion-de-agosto-fue-del-124-y-alcanzo-el-1244-en-el-ultimo-ano\/#primaryimage"},"thumbnailUrl":"https:\/\/informelitoral.com.ar\/%77%70%2d%63%6f%6e%74%65%6e%74\/uploads\/2021\/02\/inflacion.jpg","keywords":["Indec","Inflaci\u00f3n"],"articleSection":["Econom\u00eda","Nacionales"],"inLanguage":"es","potentialAction":[{"@type":"CommentAction","name":"Comment","target":["https:\/\/informelitoral.com.ar\/la-inflacion-de-agosto-fue-del-124-y-alcanzo-el-1244-en-el-ultimo-ano\/#respond"]}]},{"@type":"WebPage","@id":"https:\/\/informelitoral.com.ar\/la-inflacion-de-agosto-fue-del-124-y-alcanzo-el-1244-en-el-ultimo-ano\/","url":"https:\/\/informelitoral.com.ar\/la-inflacion-de-agosto-fue-del-124-y-alcanzo-el-1244-en-el-ultimo-ano\/","name":"La inflaci\u00f3n de agosto fue del 12,4% y alcanz\u00f3 el 124,4% en el \u00faltimo a\u00f1o - Informe Litoral","isPartOf":{"@id":"https:\/\/informelitoral.com.ar\/#website"},"primaryImageOfPage":{"@id":"https:\/\/informelitoral.com.ar\/la-inflacion-de-agosto-fue-del-124-y-alcanzo-el-1244-en-el-ultimo-ano\/#primaryimage"},"image":{"@id":"https:\/\/informelitoral.com.ar\/la-inflacion-de-agosto-fue-del-124-y-alcanzo-el-1244-en-el-ultimo-ano\/#primaryimage"},"thumbnailUrl":"https:\/\/informelitoral.com.ar\/%77%70%2d%63%6f%6e%74%65%6e%74\/uploads\/2021\/02\/inflacion.jpg","datePublished":"2023-09-13T22:23:23+00:00","dateModified":"2023-09-13T22:26:09+00:00","breadcrumb":{"@id":"https:\/\/informelitoral.com.ar\/la-inflacion-de-agosto-fue-del-124-y-alcanzo-el-1244-en-el-ultimo-ano\/#breadcrumb"},"inLanguage":"es","potentialAction":[{"@type":"ReadAction","target":["https:\/\/informelitoral.com.ar\/la-inflacion-de-agosto-fue-del-124-y-alcanzo-el-1244-en-el-ultimo-ano\/"]}]},{"@type":"ImageObject","inLanguage":"es","@id":"https:\/\/informelitoral.com.ar\/la-inflacion-de-agosto-fue-del-124-y-alcanzo-el-1244-en-el-ultimo-ano\/#primaryimage","url":"https:\/\/informelitoral.com.ar\/%77%70%2d%63%6f%6e%74%65%6e%74\/uploads\/2021\/02\/inflacion.jpg","contentUrl":"https:\/\/informelitoral.com.ar\/%77%70%2d%63%6f%6e%74%65%6e%74\/uploads\/2021\/02\/inflacion.jpg","width":1140,"height":640},{"@type":"BreadcrumbList","@id":"https:\/\/informelitoral.com.ar\/la-inflacion-de-agosto-fue-del-124-y-alcanzo-el-1244-en-el-ultimo-ano\/#breadcrumb","itemListElement":[{"@type":"ListItem","position":1,"name":"Portada","item":"https:\/\/informelitoral.com.ar\/"},{"@type":"ListItem","position":2,"name":"La inflaci\u00f3n de agosto fue del 12,4% y alcanz\u00f3 el 124,4% en el \u00faltimo a\u00f1o"}]},{"@type":"WebSite","@id":"https:\/\/informelitoral.com.ar\/#website","url":"https:\/\/informelitoral.com.ar\/","name":"Informe Litoral","description":"&quot;Nos informamos&quot; ","publisher":{"@id":"https:\/\/informelitoral.com.ar\/#organization"},"potentialAction":[{"@type":"SearchAction","target":{"@type":"EntryPoint","urlTemplate":"https:\/\/informelitoral.com.ar\/?s={search_term_string}"},"query-input":{"@type":"PropertyValueSpecification","valueRequired":true,"valueName":"search_term_string"}}],"inLanguage":"es"},{"@type":"Organization","@id":"https:\/\/informelitoral.com.ar\/#organization","name":"Informe Litoral","url":"https:\/\/informelitoral.com.ar\/","logo":{"@type":"ImageObject","inLanguage":"es","@id":"https:\/\/informelitoral.com.ar\/#\/schema\/logo\/image\/","url":"https:\/\/informelitoral.com.ar\/%77%70%2d%63%6f%6e%74%65%6e%74\/uploads\/2021\/01\/circulo.png","contentUrl":"https:\/\/informelitoral.com.ar\/%77%70%2d%63%6f%6e%74%65%6e%74\/uploads\/2021\/01\/circulo.png","width":723,"height":731,"caption":"Informe Litoral"},"image":{"@id":"https:\/\/informelitoral.com.ar\/#\/schema\/logo\/image\/"},"sameAs":["https:\/\/www.facebook.com\/informelitoral\/","https:\/\/x.com\/InformeLitoral","https:\/\/www.instagram.com\/informelitoral\/","https:\/\/www.youtube.com\/channel\/UCua4Qvz8Icb6MYqhoq9xLXw"]},{"@type":"Person","@id":"https:\/\/informelitoral.com.ar\/#\/schema\/person\/b9d00407c836482871ef1d57bf8e3180","name":"Gonzalo Schmidt","image":{"@type":"ImageObject","inLanguage":"es","@id":"https:\/\/secure.gravatar.com\/avatar\/31a1a7b66ff2de83bd0e9fd79d026630d2d99e55e8bfe501287647b4fd9743de?s=96&d=mm&r=g","url":"https:\/\/secure.gravatar.com\/avatar\/31a1a7b66ff2de83bd0e9fd79d026630d2d99e55e8bfe501287647b4fd9743de?s=96&d=mm&r=g","contentUrl":"https:\/\/secure.gravatar.com\/avatar\/31a1a7b66ff2de83bd0e9fd79d026630d2d99e55e8bfe501287647b4fd9743de?s=96&d=mm&r=g","caption":"Gonzalo Schmidt"},"description":"Sitio web de noticias de la provincia de Entre R\u00edos, Argentina. Informaci\u00f3n y entretenimiento. Informe Litoral, nos informamos.","sameAs":["http:\/\/www.isletasnoticias.com.ar"],"url":"https:\/\/informelitoral.com.ar\/author\/gonzalo\/"}]}},"_links":{"self":[{"href":"https:\/\/informelitoral.com.ar\/%77%70%2d%6a%73%6f%6e\/wp\/v2\/posts\/165688","targetHints":{"allow":["GET"]}}],"collection":[{"href":"https:\/\/informelitoral.com.ar\/%77%70%2d%6a%73%6f%6e\/wp\/v2\/posts"}],"about":[{"href":"https:\/\/informelitoral.com.ar\/%77%70%2d%6a%73%6f%6e\/wp\/v2\/types\/post"}],"author":[{"embeddable":true,"href":"https:\/\/informelitoral.com.ar\/%77%70%2d%6a%73%6f%6e\/wp\/v2\/users\/2"}],"replies":[{"embeddable":true,"href":"https:\/\/informelitoral.com.ar\/%77%70%2d%6a%73%6f%6e\/wp\/v2\/comments?post=165688"}],"version-history":[{"count":0,"href":"https:\/\/informelitoral.com.ar\/%77%70%2d%6a%73%6f%6e\/wp\/v2\/posts\/165688\/revisions"}],"wp:featuredmedia":[{"embeddable":true,"href":"https:\/\/informelitoral.com.ar\/%77%70%2d%6a%73%6f%6e\/wp\/v2\/media\/56640"}],"wp:attachment":[{"href":"https:\/\/informelitoral.com.ar\/%77%70%2d%6a%73%6f%6e\/wp\/v2\/media?parent=165688"}],"wp:term":[{"taxonomy":"category","embeddable":true,"href":"https:\/\/informelitoral.com.ar\/%77%70%2d%6a%73%6f%6e\/wp\/v2\/categories?post=165688"},{"taxonomy":"post_tag","embeddable":true,"href":"https:\/\/informelitoral.com.ar\/%77%70%2d%6a%73%6f%6e\/wp\/v2\/tags?post=165688"}],"curies":[{"name":"wp","href":"https:\/\/api.w.org\/{rel}","templated":true}]}}