{"id":16566,"date":"2016-06-10T07:44:55","date_gmt":"2016-06-10T10:44:55","guid":{"rendered":"http:\/\/www.isletasnoticias.com.ar\/?p=16566"},"modified":"2016-06-10T07:44:55","modified_gmt":"2016-06-10T10:44:55","slug":"afirman-que-la-region-centro-registro-caidas-productivas-y-de-consumo-en-el-semestre","status":"publish","type":"post","link":"https:\/\/informelitoral.com.ar\/afirman-que-la-region-centro-registro-caidas-productivas-y-de-consumo-en-el-semestre\/","title":{"rendered":"Afirman que la Regi\u00f3n Centro registr\u00f3 ca\u00eddas productivas y de consumo en el semestre"},"content":{"rendered":"<p><strong>La Universidad Austral da a conocer su informe de \u201cIndicadores regionales: Econom\u00eda Regi\u00f3n Centro: Provincias de Santa Fe, C\u00f3rdoba y Entre R\u00edos\u201d, correspondiente al primer trimestre de 2016.<a href=\"http:\/\/www.isletasnoticias.com.ar\/%77%70%2d%63%6f%6e%74%65%6e%74\/uploads\/2016\/06\/i24433-tambo-leche-vacas-631.jpg\"><img loading=\"lazy\" decoding=\"async\" class=\"aligncenter wp-image-16567 size-full\" src=\"http:\/\/www.isletasnoticias.com.ar\/%77%70%2d%63%6f%6e%74%65%6e%74\/uploads\/2016\/06\/i24433-tambo-leche-vacas-631.jpg\" alt=\"i24433-tambo-leche-vacas-631\" width=\"631\" height=\"280\" srcset=\"https:\/\/informelitoral.com.ar\/%77%70%2d%63%6f%6e%74%65%6e%74\/uploads\/2016\/06\/i24433-tambo-leche-vacas-631.jpg 631w, https:\/\/informelitoral.com.ar\/%77%70%2d%63%6f%6e%74%65%6e%74\/uploads\/2016\/06\/i24433-tambo-leche-vacas-631-300x133.jpg 300w\" sizes=\"auto, (max-width: 631px) 100vw, 631px\" \/><\/a><\/strong><\/p>\n<p>La Universidad Austral da a conocer su informe de \u201cINDICADORES REGIONALES: Econom\u00eda Regi\u00f3n Centro: Provincias de Santa Fe, C\u00f3rdoba y Entre R\u00edos\u201d, correspondiente al primer trimestre de 2016. Los rubros evaluados a nivel regional son: Producci\u00f3n; Consumo; Sistema Financiero.<\/p>\n<p>El informe elaborado por <strong>Ana In\u00e9s Navarro<\/strong> desde la Facultad de Ciencias Empresariales, sede Rosario, advierte que \u00abes claro que la devaluaci\u00f3n y la quita parcial de retenciones a la soja y sus subproductos impulsaron la actividad del complejo aceitero en el primer trimestre del a\u00f1o y con \u00e9ste el transporte y el consumo de combustibles\u00bb, reprodujo<em> Infocampo.<\/em><\/p>\n<p>\u00abSin embargo, para otros sectores \u2013petroqu\u00edmica, metalurgia, siderurgia- el primer trimestre del a\u00f1o registr\u00f3 en pleno los problemas asociados a la baja de exportaciones a Brasil y a la ca\u00edda de la actividad de la construcci\u00f3n que, medida por el consumo de cemento, se derrumb\u00f3 7,6% en la Regi\u00f3n\u00bb, agrega, concluyendo que \u00abes evidente que m\u00e1s de una d\u00e9cada de gigantes distorsiones en los precios es una bomba dif\u00edcil de desarmar en el corto plazo\u00bb.<\/p>\n<p><strong>Producci\u00f3n<\/strong><br \/>\nPor otro lado, el sector l\u00e1cteo registr\u00f3 en el primer trimestre del a\u00f1o una merma productiva acumulada en litros del 2% interanual. En cuanto a las ventas de l\u00e1cteos -medidas en pesos constantes- habr\u00edan ca\u00eddo 16% en los supermercados de la Regi\u00f3n Centro en el primer trimestre de 2016, mientras que las ventas al exterior cedieron en un 44% en volumen.<\/p>\n<p>Asimismo, la faena de bovinos -medida en miles de cabezas- en la regi\u00f3n se contrajo 4,9% en el primer trimestre de 2016. La faena de aves, en cambio, se expandi\u00f3 1,3% en la Regi\u00f3n Centro durante el primer trimestre de 2016, alcanzando las 103,6 millones de cabezas. La faena av\u00edcola de la las tres provincias representa aproximadamente 63% 7 de la faena total nacional. La faena en el resto del pa\u00eds cay\u00f3 26,5%.<\/p>\n<p>Otra variaci\u00f3n positiva fue la de la actividad aceitera, que incluye la producci\u00f3n industrial de la soja. Creci\u00f3 83,3% en la Regi\u00f3n, motorizada por la provincia de Santa Fe. No obstante, el informe advierte que en el \u00abprimer bimestre de 2016 las exportaciones argentinas de grano de soja alcanzaron 73 mil toneladas, mientras que las de aceite 518 mil, cayendo 3,2% y 3,1% respectivamente\u00bb, aunque las \u00abexportaciones de pellets crecieron 2,8%\u00bb.<\/p>\n<p><strong>Consumo<\/strong><br \/>\nLa venta de autom\u00f3viles en la Regi\u00f3n (33.481 unidades nacionales e importadas) en el primer trimestre de 2016, registr\u00f3 una ca\u00edda interanual de 1,4%.<\/p>\n<p>Las ventas de los supermercados en la Regi\u00f3n Centro habr\u00edan totalizado $7.441 millones en el primer trimestre de 2016. Corregidas por precios y considerando un valor promedio de aumento de precios interanual para este per\u00edodo de 35,2%, se registrar\u00eda una baja en volumen de ventas de 8,8% respecto al a\u00f1o anterior.<\/p>\n<p>En el primer trimestre de 2016 el consumo de energ\u00eda el\u00e9ctrica creci\u00f3 4,9% en la Regi\u00f3n Centro, mientras que el de gas aument\u00f3 9,4%. Las ventas totales de gasoil en la Regi\u00f3n crecieron a paso firme en el primer trimestre de 2016 con una suba en volumen de 8,9%.<\/p>\n<p>Del mismo modo, el informe indica que \u00absigue firme el aumento en el consumo de GNC en la Regi\u00f3n con una suba interanual en el volumen de 2,5% en el primer trimestre de 2016.<\/p>\n","protected":false},"excerpt":{"rendered":"<p>La Universidad Austral da a conocer su informe de &ldquo;Indicadores regionales: Econom&iacute;a Regi&oacute;n Centro: Provincias de Santa Fe, C&oacute;rdoba y Entre R&iacute;os&rdquo;, correspondiente al primer trimestre de 2016. La Universidad Austral da a conocer su informe de &ldquo;INDICADORES REGIONALES: Econom&iacute;a Regi&oacute;n Centro: Provincias de Santa Fe, C&oacute;rdoba y Entre R&iacute;os&rdquo;, correspondiente al primer trimestre de [&hellip;]<\/p>\n","protected":false},"author":2,"featured_media":0,"comment_status":"open","ping_status":"open","sticky":false,"template":"","format":"standard","meta":{"fifu_image_url":"","fifu_image_alt":"","footnotes":""},"categories":[10,7],"tags":[],"class_list":{"0":"post-16566","1":"post","2":"type-post","3":"status-publish","4":"format-standard","6":"category-campo","7":"category-nacionales"},"yoast_head":"<title>Afirman que la Regi\u00f3n Centro registr\u00f3 ca\u00eddas productivas y de consumo en el semestre - Informe Litoral<\/title>\n<meta name=\"robots\" content=\"index, follow, max-snippet:-1, max-image-preview:large, max-video-preview:-1\" \/>\n<link rel=\"canonical\" href=\"https:\/\/informelitoral.com.ar\/afirman-que-la-region-centro-registro-caidas-productivas-y-de-consumo-en-el-semestre\/\" \/>\n<meta property=\"og:locale\" content=\"es_ES\" \/>\n<meta property=\"og:type\" content=\"article\" \/>\n<meta property=\"og:title\" content=\"Afirman que la Regi\u00f3n Centro registr\u00f3 ca\u00eddas productivas y de consumo en el semestre - Informe Litoral\" \/>\n<meta property=\"og:description\" content=\"La Universidad Austral da a conocer su informe de &ldquo;Indicadores regionales: Econom&iacute;a Regi&oacute;n Centro: Provincias de Santa Fe, C&oacute;rdoba y Entre R&iacute;os&rdquo;, correspondiente al primer trimestre de 2016. La Universidad Austral da a conocer su informe de &ldquo;INDICADORES REGIONALES: Econom&iacute;a Regi&oacute;n Centro: Provincias de Santa Fe, C&oacute;rdoba y Entre R&iacute;os&rdquo;, correspondiente al primer trimestre de [&hellip;]\" \/>\n<meta property=\"og:url\" content=\"https:\/\/informelitoral.com.ar\/afirman-que-la-region-centro-registro-caidas-productivas-y-de-consumo-en-el-semestre\/\" \/>\n<meta property=\"og:site_name\" content=\"Informe Litoral\" \/>\n<meta property=\"article:publisher\" content=\"https:\/\/www.facebook.com\/informelitoral\/\" \/>\n<meta property=\"article:published_time\" content=\"2016-06-10T10:44:55+00:00\" \/>\n<meta property=\"og:image\" content=\"https:\/\/informelitoral.com.ar\/%77%70%2d%63%6f%6e%74%65%6e%74\/uploads\/2016\/06\/i24433-tambo-leche-vacas-631.jpg\" \/>\n\t<meta property=\"og:image:width\" content=\"631\" \/>\n\t<meta property=\"og:image:height\" content=\"280\" \/>\n\t<meta property=\"og:image:type\" content=\"image\/jpeg\" \/>\n<meta name=\"author\" content=\"Gonzalo Schmidt\" \/>\n<meta name=\"twitter:card\" content=\"summary_large_image\" \/>\n<meta name=\"twitter:creator\" content=\"@InformeLitoral\" \/>\n<meta name=\"twitter:site\" content=\"@InformeLitoral\" \/>\n<meta name=\"twitter:label1\" content=\"Escrito por\" \/>\n\t<meta name=\"twitter:data1\" content=\"Gonzalo Schmidt\" \/>\n\t<meta name=\"twitter:label2\" content=\"Tiempo de lectura\" \/>\n\t<meta name=\"twitter:data2\" content=\"3 minutos\" \/>\n<script type=\"application\/ld+json\" class=\"yoast-schema-graph\">{\"@context\":\"https:\\\/\\\/schema.org\",\"@graph\":[{\"@type\":\"Article\",\"@id\":\"https:\\\/\\\/informelitoral.com.ar\\\/afirman-que-la-region-centro-registro-caidas-productivas-y-de-consumo-en-el-semestre\\\/#article\",\"isPartOf\":{\"@id\":\"https:\\\/\\\/informelitoral.com.ar\\\/afirman-que-la-region-centro-registro-caidas-productivas-y-de-consumo-en-el-semestre\\\/\"},\"author\":{\"name\":\"Gonzalo Schmidt\",\"@id\":\"https:\\\/\\\/informelitoral.com.ar\\\/#\\\/schema\\\/person\\\/b9d00407c836482871ef1d57bf8e3180\"},\"headline\":\"Afirman que la Regi\u00f3n Centro registr\u00f3 ca\u00eddas productivas y de consumo en el semestre\",\"datePublished\":\"2016-06-10T10:44:55+00:00\",\"mainEntityOfPage\":{\"@id\":\"https:\\\/\\\/informelitoral.com.ar\\\/afirman-que-la-region-centro-registro-caidas-productivas-y-de-consumo-en-el-semestre\\\/\"},\"wordCount\":592,\"commentCount\":0,\"publisher\":{\"@id\":\"https:\\\/\\\/informelitoral.com.ar\\\/#organization\"},\"image\":{\"@id\":\"https:\\\/\\\/informelitoral.com.ar\\\/afirman-que-la-region-centro-registro-caidas-productivas-y-de-consumo-en-el-semestre\\\/#primaryimage\"},\"thumbnailUrl\":\"http:\\\/\\\/www.isletasnoticias.com.ar\\\/%77%70%2d%63%6f%6e%74%65%6e%74\\\/uploads\\\/2016\\\/06\\\/i24433-tambo-leche-vacas-631.jpg\",\"articleSection\":[\"Campo\",\"Nacionales\"],\"inLanguage\":\"es\",\"potentialAction\":[{\"@type\":\"CommentAction\",\"name\":\"Comment\",\"target\":[\"https:\\\/\\\/informelitoral.com.ar\\\/afirman-que-la-region-centro-registro-caidas-productivas-y-de-consumo-en-el-semestre\\\/#respond\"]}]},{\"@type\":\"WebPage\",\"@id\":\"https:\\\/\\\/informelitoral.com.ar\\\/afirman-que-la-region-centro-registro-caidas-productivas-y-de-consumo-en-el-semestre\\\/\",\"url\":\"https:\\\/\\\/informelitoral.com.ar\\\/afirman-que-la-region-centro-registro-caidas-productivas-y-de-consumo-en-el-semestre\\\/\",\"name\":\"Afirman que la Regi\u00f3n Centro registr\u00f3 ca\u00eddas productivas y de consumo en el semestre - Informe Litoral\",\"isPartOf\":{\"@id\":\"https:\\\/\\\/informelitoral.com.ar\\\/#website\"},\"primaryImageOfPage\":{\"@id\":\"https:\\\/\\\/informelitoral.com.ar\\\/afirman-que-la-region-centro-registro-caidas-productivas-y-de-consumo-en-el-semestre\\\/#primaryimage\"},\"image\":{\"@id\":\"https:\\\/\\\/informelitoral.com.ar\\\/afirman-que-la-region-centro-registro-caidas-productivas-y-de-consumo-en-el-semestre\\\/#primaryimage\"},\"thumbnailUrl\":\"http:\\\/\\\/www.isletasnoticias.com.ar\\\/%77%70%2d%63%6f%6e%74%65%6e%74\\\/uploads\\\/2016\\\/06\\\/i24433-tambo-leche-vacas-631.jpg\",\"datePublished\":\"2016-06-10T10:44:55+00:00\",\"breadcrumb\":{\"@id\":\"https:\\\/\\\/informelitoral.com.ar\\\/afirman-que-la-region-centro-registro-caidas-productivas-y-de-consumo-en-el-semestre\\\/#breadcrumb\"},\"inLanguage\":\"es\",\"potentialAction\":[{\"@type\":\"ReadAction\",\"target\":[\"https:\\\/\\\/informelitoral.com.ar\\\/afirman-que-la-region-centro-registro-caidas-productivas-y-de-consumo-en-el-semestre\\\/\"]}]},{\"@type\":\"ImageObject\",\"inLanguage\":\"es\",\"@id\":\"https:\\\/\\\/informelitoral.com.ar\\\/afirman-que-la-region-centro-registro-caidas-productivas-y-de-consumo-en-el-semestre\\\/#primaryimage\",\"url\":\"http:\\\/\\\/www.isletasnoticias.com.ar\\\/%77%70%2d%63%6f%6e%74%65%6e%74\\\/uploads\\\/2016\\\/06\\\/i24433-tambo-leche-vacas-631.jpg\",\"contentUrl\":\"http:\\\/\\\/www.isletasnoticias.com.ar\\\/%77%70%2d%63%6f%6e%74%65%6e%74\\\/uploads\\\/2016\\\/06\\\/i24433-tambo-leche-vacas-631.jpg\"},{\"@type\":\"BreadcrumbList\",\"@id\":\"https:\\\/\\\/informelitoral.com.ar\\\/afirman-que-la-region-centro-registro-caidas-productivas-y-de-consumo-en-el-semestre\\\/#breadcrumb\",\"itemListElement\":[{\"@type\":\"ListItem\",\"position\":1,\"name\":\"Portada\",\"item\":\"https:\\\/\\\/informelitoral.com.ar\\\/\"},{\"@type\":\"ListItem\",\"position\":2,\"name\":\"Afirman que la Regi\u00f3n Centro registr\u00f3 ca\u00eddas productivas y de consumo en el semestre\"}]},{\"@type\":\"WebSite\",\"@id\":\"https:\\\/\\\/informelitoral.com.ar\\\/#website\",\"url\":\"https:\\\/\\\/informelitoral.com.ar\\\/\",\"name\":\"Informe Litoral\",\"description\":\"&quot;Nos informamos&quot; \",\"publisher\":{\"@id\":\"https:\\\/\\\/informelitoral.com.ar\\\/#organization\"},\"potentialAction\":[{\"@type\":\"SearchAction\",\"target\":{\"@type\":\"EntryPoint\",\"urlTemplate\":\"https:\\\/\\\/informelitoral.com.ar\\\/?s={search_term_string}\"},\"query-input\":{\"@type\":\"PropertyValueSpecification\",\"valueRequired\":true,\"valueName\":\"search_term_string\"}}],\"inLanguage\":\"es\"},{\"@type\":\"Organization\",\"@id\":\"https:\\\/\\\/informelitoral.com.ar\\\/#organization\",\"name\":\"Informe Litoral\",\"url\":\"https:\\\/\\\/informelitoral.com.ar\\\/\",\"logo\":{\"@type\":\"ImageObject\",\"inLanguage\":\"es\",\"@id\":\"https:\\\/\\\/informelitoral.com.ar\\\/#\\\/schema\\\/logo\\\/image\\\/\",\"url\":\"https:\\\/\\\/informelitoral.com.ar\\\/%77%70%2d%63%6f%6e%74%65%6e%74\\\/uploads\\\/2021\\\/01\\\/circulo.png\",\"contentUrl\":\"https:\\\/\\\/informelitoral.com.ar\\\/%77%70%2d%63%6f%6e%74%65%6e%74\\\/uploads\\\/2021\\\/01\\\/circulo.png\",\"width\":723,\"height\":731,\"caption\":\"Informe Litoral\"},\"image\":{\"@id\":\"https:\\\/\\\/informelitoral.com.ar\\\/#\\\/schema\\\/logo\\\/image\\\/\"},\"sameAs\":[\"https:\\\/\\\/www.facebook.com\\\/informelitoral\\\/\",\"https:\\\/\\\/x.com\\\/InformeLitoral\",\"https:\\\/\\\/www.instagram.com\\\/informelitoral\\\/\",\"https:\\\/\\\/www.youtube.com\\\/channel\\\/UCua4Qvz8Icb6MYqhoq9xLXw\"]},{\"@type\":\"Person\",\"@id\":\"https:\\\/\\\/informelitoral.com.ar\\\/#\\\/schema\\\/person\\\/b9d00407c836482871ef1d57bf8e3180\",\"name\":\"Gonzalo Schmidt\",\"image\":{\"@type\":\"ImageObject\",\"inLanguage\":\"es\",\"@id\":\"https:\\\/\\\/secure.gravatar.com\\\/avatar\\\/31a1a7b66ff2de83bd0e9fd79d026630d2d99e55e8bfe501287647b4fd9743de?s=96&d=mm&r=g\",\"url\":\"https:\\\/\\\/secure.gravatar.com\\\/avatar\\\/31a1a7b66ff2de83bd0e9fd79d026630d2d99e55e8bfe501287647b4fd9743de?s=96&d=mm&r=g\",\"contentUrl\":\"https:\\\/\\\/secure.gravatar.com\\\/avatar\\\/31a1a7b66ff2de83bd0e9fd79d026630d2d99e55e8bfe501287647b4fd9743de?s=96&d=mm&r=g\",\"caption\":\"Gonzalo Schmidt\"},\"description\":\"Sitio web de noticias de la provincia de Entre R\u00edos, Argentina. Informaci\u00f3n y entretenimiento. Informe Litoral, nos informamos.\",\"sameAs\":[\"http:\\\/\\\/www.isletasnoticias.com.ar\"],\"url\":\"https:\\\/\\\/informelitoral.com.ar\\\/author\\\/gonzalo\\\/\"}]}<\/script>","yoast_head_json":{"title":"Afirman que la Regi\u00f3n Centro registr\u00f3 ca\u00eddas productivas y de consumo en el semestre - Informe Litoral","robots":{"index":"index","follow":"follow","max-snippet":"max-snippet:-1","max-image-preview":"max-image-preview:large","max-video-preview":"max-video-preview:-1"},"canonical":"https:\/\/informelitoral.com.ar\/afirman-que-la-region-centro-registro-caidas-productivas-y-de-consumo-en-el-semestre\/","og_locale":"es_ES","og_type":"article","og_title":"Afirman que la Regi\u00f3n Centro registr\u00f3 ca\u00eddas productivas y de consumo en el semestre - Informe Litoral","og_description":"La Universidad Austral da a conocer su informe de &ldquo;Indicadores regionales: Econom&iacute;a Regi&oacute;n Centro: Provincias de Santa Fe, C&oacute;rdoba y Entre R&iacute;os&rdquo;, correspondiente al primer trimestre de 2016. La Universidad Austral da a conocer su informe de &ldquo;INDICADORES REGIONALES: Econom&iacute;a Regi&oacute;n Centro: Provincias de Santa Fe, C&oacute;rdoba y Entre R&iacute;os&rdquo;, correspondiente al primer trimestre de [&hellip;]","og_url":"https:\/\/informelitoral.com.ar\/afirman-que-la-region-centro-registro-caidas-productivas-y-de-consumo-en-el-semestre\/","og_site_name":"Informe Litoral","article_publisher":"https:\/\/www.facebook.com\/informelitoral\/","article_published_time":"2016-06-10T10:44:55+00:00","og_image":[{"width":631,"height":280,"url":"https:\/\/informelitoral.com.ar\/%77%70%2d%63%6f%6e%74%65%6e%74\/uploads\/2016\/06\/i24433-tambo-leche-vacas-631.jpg","type":"image\/jpeg"}],"author":"Gonzalo Schmidt","twitter_card":"summary_large_image","twitter_creator":"@InformeLitoral","twitter_site":"@InformeLitoral","twitter_misc":{"Escrito por":"Gonzalo Schmidt","Tiempo de lectura":"3 minutos"},"schema":{"@context":"https:\/\/schema.org","@graph":[{"@type":"Article","@id":"https:\/\/informelitoral.com.ar\/afirman-que-la-region-centro-registro-caidas-productivas-y-de-consumo-en-el-semestre\/#article","isPartOf":{"@id":"https:\/\/informelitoral.com.ar\/afirman-que-la-region-centro-registro-caidas-productivas-y-de-consumo-en-el-semestre\/"},"author":{"name":"Gonzalo Schmidt","@id":"https:\/\/informelitoral.com.ar\/#\/schema\/person\/b9d00407c836482871ef1d57bf8e3180"},"headline":"Afirman que la Regi\u00f3n Centro registr\u00f3 ca\u00eddas productivas y de consumo en el semestre","datePublished":"2016-06-10T10:44:55+00:00","mainEntityOfPage":{"@id":"https:\/\/informelitoral.com.ar\/afirman-que-la-region-centro-registro-caidas-productivas-y-de-consumo-en-el-semestre\/"},"wordCount":592,"commentCount":0,"publisher":{"@id":"https:\/\/informelitoral.com.ar\/#organization"},"image":{"@id":"https:\/\/informelitoral.com.ar\/afirman-que-la-region-centro-registro-caidas-productivas-y-de-consumo-en-el-semestre\/#primaryimage"},"thumbnailUrl":"http:\/\/www.isletasnoticias.com.ar\/%77%70%2d%63%6f%6e%74%65%6e%74\/uploads\/2016\/06\/i24433-tambo-leche-vacas-631.jpg","articleSection":["Campo","Nacionales"],"inLanguage":"es","potentialAction":[{"@type":"CommentAction","name":"Comment","target":["https:\/\/informelitoral.com.ar\/afirman-que-la-region-centro-registro-caidas-productivas-y-de-consumo-en-el-semestre\/#respond"]}]},{"@type":"WebPage","@id":"https:\/\/informelitoral.com.ar\/afirman-que-la-region-centro-registro-caidas-productivas-y-de-consumo-en-el-semestre\/","url":"https:\/\/informelitoral.com.ar\/afirman-que-la-region-centro-registro-caidas-productivas-y-de-consumo-en-el-semestre\/","name":"Afirman que la Regi\u00f3n Centro registr\u00f3 ca\u00eddas productivas y de consumo en el semestre - Informe Litoral","isPartOf":{"@id":"https:\/\/informelitoral.com.ar\/#website"},"primaryImageOfPage":{"@id":"https:\/\/informelitoral.com.ar\/afirman-que-la-region-centro-registro-caidas-productivas-y-de-consumo-en-el-semestre\/#primaryimage"},"image":{"@id":"https:\/\/informelitoral.com.ar\/afirman-que-la-region-centro-registro-caidas-productivas-y-de-consumo-en-el-semestre\/#primaryimage"},"thumbnailUrl":"http:\/\/www.isletasnoticias.com.ar\/%77%70%2d%63%6f%6e%74%65%6e%74\/uploads\/2016\/06\/i24433-tambo-leche-vacas-631.jpg","datePublished":"2016-06-10T10:44:55+00:00","breadcrumb":{"@id":"https:\/\/informelitoral.com.ar\/afirman-que-la-region-centro-registro-caidas-productivas-y-de-consumo-en-el-semestre\/#breadcrumb"},"inLanguage":"es","potentialAction":[{"@type":"ReadAction","target":["https:\/\/informelitoral.com.ar\/afirman-que-la-region-centro-registro-caidas-productivas-y-de-consumo-en-el-semestre\/"]}]},{"@type":"ImageObject","inLanguage":"es","@id":"https:\/\/informelitoral.com.ar\/afirman-que-la-region-centro-registro-caidas-productivas-y-de-consumo-en-el-semestre\/#primaryimage","url":"http:\/\/www.isletasnoticias.com.ar\/%77%70%2d%63%6f%6e%74%65%6e%74\/uploads\/2016\/06\/i24433-tambo-leche-vacas-631.jpg","contentUrl":"http:\/\/www.isletasnoticias.com.ar\/%77%70%2d%63%6f%6e%74%65%6e%74\/uploads\/2016\/06\/i24433-tambo-leche-vacas-631.jpg"},{"@type":"BreadcrumbList","@id":"https:\/\/informelitoral.com.ar\/afirman-que-la-region-centro-registro-caidas-productivas-y-de-consumo-en-el-semestre\/#breadcrumb","itemListElement":[{"@type":"ListItem","position":1,"name":"Portada","item":"https:\/\/informelitoral.com.ar\/"},{"@type":"ListItem","position":2,"name":"Afirman que la Regi\u00f3n Centro registr\u00f3 ca\u00eddas productivas y de consumo en el semestre"}]},{"@type":"WebSite","@id":"https:\/\/informelitoral.com.ar\/#website","url":"https:\/\/informelitoral.com.ar\/","name":"Informe Litoral","description":"&quot;Nos informamos&quot; ","publisher":{"@id":"https:\/\/informelitoral.com.ar\/#organization"},"potentialAction":[{"@type":"SearchAction","target":{"@type":"EntryPoint","urlTemplate":"https:\/\/informelitoral.com.ar\/?s={search_term_string}"},"query-input":{"@type":"PropertyValueSpecification","valueRequired":true,"valueName":"search_term_string"}}],"inLanguage":"es"},{"@type":"Organization","@id":"https:\/\/informelitoral.com.ar\/#organization","name":"Informe Litoral","url":"https:\/\/informelitoral.com.ar\/","logo":{"@type":"ImageObject","inLanguage":"es","@id":"https:\/\/informelitoral.com.ar\/#\/schema\/logo\/image\/","url":"https:\/\/informelitoral.com.ar\/%77%70%2d%63%6f%6e%74%65%6e%74\/uploads\/2021\/01\/circulo.png","contentUrl":"https:\/\/informelitoral.com.ar\/%77%70%2d%63%6f%6e%74%65%6e%74\/uploads\/2021\/01\/circulo.png","width":723,"height":731,"caption":"Informe Litoral"},"image":{"@id":"https:\/\/informelitoral.com.ar\/#\/schema\/logo\/image\/"},"sameAs":["https:\/\/www.facebook.com\/informelitoral\/","https:\/\/x.com\/InformeLitoral","https:\/\/www.instagram.com\/informelitoral\/","https:\/\/www.youtube.com\/channel\/UCua4Qvz8Icb6MYqhoq9xLXw"]},{"@type":"Person","@id":"https:\/\/informelitoral.com.ar\/#\/schema\/person\/b9d00407c836482871ef1d57bf8e3180","name":"Gonzalo Schmidt","image":{"@type":"ImageObject","inLanguage":"es","@id":"https:\/\/secure.gravatar.com\/avatar\/31a1a7b66ff2de83bd0e9fd79d026630d2d99e55e8bfe501287647b4fd9743de?s=96&d=mm&r=g","url":"https:\/\/secure.gravatar.com\/avatar\/31a1a7b66ff2de83bd0e9fd79d026630d2d99e55e8bfe501287647b4fd9743de?s=96&d=mm&r=g","contentUrl":"https:\/\/secure.gravatar.com\/avatar\/31a1a7b66ff2de83bd0e9fd79d026630d2d99e55e8bfe501287647b4fd9743de?s=96&d=mm&r=g","caption":"Gonzalo Schmidt"},"description":"Sitio web de noticias de la provincia de Entre R\u00edos, Argentina. Informaci\u00f3n y entretenimiento. Informe Litoral, nos informamos.","sameAs":["http:\/\/www.isletasnoticias.com.ar"],"url":"https:\/\/informelitoral.com.ar\/author\/gonzalo\/"}]}},"_links":{"self":[{"href":"https:\/\/informelitoral.com.ar\/%77%70%2d%6a%73%6f%6e\/wp\/v2\/posts\/16566","targetHints":{"allow":["GET"]}}],"collection":[{"href":"https:\/\/informelitoral.com.ar\/%77%70%2d%6a%73%6f%6e\/wp\/v2\/posts"}],"about":[{"href":"https:\/\/informelitoral.com.ar\/%77%70%2d%6a%73%6f%6e\/wp\/v2\/types\/post"}],"author":[{"embeddable":true,"href":"https:\/\/informelitoral.com.ar\/%77%70%2d%6a%73%6f%6e\/wp\/v2\/users\/2"}],"replies":[{"embeddable":true,"href":"https:\/\/informelitoral.com.ar\/%77%70%2d%6a%73%6f%6e\/wp\/v2\/comments?post=16566"}],"version-history":[{"count":0,"href":"https:\/\/informelitoral.com.ar\/%77%70%2d%6a%73%6f%6e\/wp\/v2\/posts\/16566\/revisions"}],"wp:attachment":[{"href":"https:\/\/informelitoral.com.ar\/%77%70%2d%6a%73%6f%6e\/wp\/v2\/media?parent=16566"}],"wp:term":[{"taxonomy":"category","embeddable":true,"href":"https:\/\/informelitoral.com.ar\/%77%70%2d%6a%73%6f%6e\/wp\/v2\/categories?post=16566"},{"taxonomy":"post_tag","embeddable":true,"href":"https:\/\/informelitoral.com.ar\/%77%70%2d%6a%73%6f%6e\/wp\/v2\/tags?post=16566"}],"curies":[{"name":"wp","href":"https:\/\/api.w.org\/{rel}","templated":true}]}}