{"id":16563,"date":"2016-06-08T23:56:49","date_gmt":"2016-06-09T02:56:49","guid":{"rendered":"http:\/\/www.isletasnoticias.com.ar\/?p=16563"},"modified":"2016-06-09T00:13:21","modified_gmt":"2016-06-09T03:13:21","slug":"diamante-piden-la-apertura-de-una-oficina-de-anses","status":"publish","type":"post","link":"https:\/\/informelitoral.com.ar\/diamante-piden-la-apertura-de-una-oficina-de-anses\/","title":{"rendered":"Diamante: piden la apertura de una oficina de ANSES"},"content":{"rendered":"<div id=\"x_yiv6664634025yui_3_16_0_ym19_1_1465391911386_77925\"><b id=\"x_yiv6664634025yui_3_16_0_ym19_1_1465391911386_77926\"><span id=\"x_yiv6664634025yui_3_16_0_ym19_1_1465391911386_77928\" lang=\"ES\">La C\u00e1mara de Diputados de la Provincia aprob\u00f3 en la sesi\u00f3n del 7 de junio, una resoluci\u00f3n donde se solicita <\/span><\/b><b id=\"x_yiv6664634025yui_3_16_0_ym19_1_1465391911386_77929\"><span id=\"x_yiv6664634025yui_3_16_0_ym19_1_1465391911386_77931\" lang=\"ES\">al director Ejecutivo de la Administraci\u00f3n Nacional de la Seguridad Social (ANSES), se disponga la apertura de una oficina de dicho organismo descentralizado en la ciudad de Diamante.<a href=\"http:\/\/www.isletasnoticias.com.ar\/%77%70%2d%63%6f%6e%74%65%6e%74\/uploads\/2015\/06\/jorme-monge.jpg\"><img loading=\"lazy\" decoding=\"async\" class=\"aligncenter wp-image-11001 size-full\" src=\"http:\/\/www.isletasnoticias.com.ar\/%77%70%2d%63%6f%6e%74%65%6e%74\/uploads\/2015\/06\/jorme-monge.jpg\" alt=\"jorme-monge\" width=\"640\" height=\"360\" srcset=\"https:\/\/informelitoral.com.ar\/%77%70%2d%63%6f%6e%74%65%6e%74\/uploads\/2015\/06\/jorme-monge.jpg 640w, https:\/\/informelitoral.com.ar\/%77%70%2d%63%6f%6e%74%65%6e%74\/uploads\/2015\/06\/jorme-monge-300x169.jpg 300w\" sizes=\"auto, (max-width: 640px) 100vw, 640px\" \/><\/a><\/span><\/b><\/div>\n<div id=\"x_yiv6664634025yui_3_16_0_ym19_1_1465391911386_77933\"><span id=\"x_yiv6664634025yui_3_16_0_ym19_1_1465391911386_77938\" lang=\"ES\">La Administraci\u00f3n Nacional de la Seguridad Social (ANSES) es un Organismo descentralizado que tiene a su cargo la administraci\u00f3n de las prestaciones y los servicios nacionales de la Seguridad Social en la Rep\u00fablica Argentina, deber\u00eda contar seg\u00fan la fundamentaci\u00f3n de la iniciativa presentada por el diputado provincial <strong>Jorge Monge (Cambiemos)<\/strong> con una oficina permanente de atenci\u00f3n en la ciudad cabecera del departamento Diamante, el que comprende numerosas localidades y una poblaci\u00f3n que supera los 50.000 habitantes. \u00a0\u00a0<\/span><\/div>\n<div id=\"x_yiv6664634025yui_3_16_0_ym19_1_1465391911386_77940\"><span id=\"x_yiv6664634025yui_3_16_0_ym19_1_1465391911386_77941\" lang=\"ES\">\u00a0<\/span><\/div>\n<div><span id=\"x_yiv6664634025yui_3_16_0_ym19_1_1465391911386_77944\" lang=\"ES\">\u201cLa ANSES tiene a su cargo, entre otras cosas: el pago de jubilaciones, pensiones y de asignaciones familiares, y la implementaci\u00f3n de las pol\u00edticas de inclusi\u00f3n como la Asignaci\u00f3n Universal por Hijo y la Asignaci\u00f3n por Embarazo, Conectar Igualdad, PROGRESAR y el Programa de Cr\u00e9ditos para Jubilados y Pensionados ARGENTA\u201d, \u00a0sostuvo el legislador. <\/span><\/div>\n<div><\/div>\n<div><span id=\"x_yiv6664634025yui_3_16_0_ym19_1_1465391911386_77944\" lang=\"ES\">Para finalizar Monge indic\u00f3 que \u201clas tareas que desarrolla sin lugar a dudas lleva a que las \u00a0oficinas m\u00e1s cercanas a la poblaci\u00f3n del departamento Diamante est\u00e1n congestionadas, raz\u00f3n que autoriza la solicitud articulada en el presente proyecto de resoluci\u00f3n\u201d, manifest\u00f3 el dirigente en los fundamentos. La iniciativa fue aprobada por unanimidad de los diputados entrerrianos.<\/span><\/div>\n","protected":false},"excerpt":{"rendered":"<p>La C&aacute;mara de Diputados de la Provincia aprob&oacute; en la sesi&oacute;n del 7 de junio, una resoluci&oacute;n donde se solicita al director Ejecutivo de la Administraci&oacute;n Nacional de la Seguridad Social (ANSES), se disponga la apertura de una oficina de dicho organismo descentralizado en la ciudad de Diamante. La Administraci&oacute;n Nacional de la Seguridad Social [&hellip;]<\/p>\n","protected":false},"author":2,"featured_media":0,"comment_status":"open","ping_status":"open","sticky":false,"template":"","format":"standard","meta":{"fifu_image_url":"","fifu_image_alt":"","footnotes":""},"categories":[5,16],"tags":[],"class_list":{"0":"post-16563","1":"post","2":"type-post","3":"status-publish","4":"format-standard","6":"category-zonales","7":"category-politi"},"yoast_head":"<title>Diamante: piden la apertura de una oficina de ANSES - Informe Litoral<\/title>\n<meta name=\"robots\" content=\"index, follow, max-snippet:-1, max-image-preview:large, max-video-preview:-1\" \/>\n<link rel=\"canonical\" href=\"https:\/\/informelitoral.com.ar\/diamante-piden-la-apertura-de-una-oficina-de-anses\/\" \/>\n<meta property=\"og:locale\" content=\"es_ES\" \/>\n<meta property=\"og:type\" content=\"article\" \/>\n<meta property=\"og:title\" content=\"Diamante: piden la apertura de una oficina de ANSES - Informe Litoral\" \/>\n<meta property=\"og:description\" content=\"La C&aacute;mara de Diputados de la Provincia aprob&oacute; en la sesi&oacute;n del 7 de junio, una resoluci&oacute;n donde se solicita al director Ejecutivo de la Administraci&oacute;n Nacional de la Seguridad Social (ANSES), se disponga la apertura de una oficina de dicho organismo descentralizado en la ciudad de Diamante. La Administraci&oacute;n Nacional de la Seguridad Social [&hellip;]\" \/>\n<meta property=\"og:url\" content=\"https:\/\/informelitoral.com.ar\/diamante-piden-la-apertura-de-una-oficina-de-anses\/\" \/>\n<meta property=\"og:site_name\" content=\"Informe Litoral\" \/>\n<meta property=\"article:publisher\" content=\"https:\/\/www.facebook.com\/informelitoral\/\" \/>\n<meta property=\"article:published_time\" content=\"2016-06-09T02:56:49+00:00\" \/>\n<meta property=\"article:modified_time\" content=\"2016-06-09T03:13:21+00:00\" \/>\n<meta property=\"og:image\" content=\"https:\/\/informelitoral.com.ar\/%77%70%2d%63%6f%6e%74%65%6e%74\/uploads\/2015\/06\/jorme-monge.jpg\" \/>\n\t<meta property=\"og:image:width\" content=\"640\" \/>\n\t<meta property=\"og:image:height\" content=\"360\" \/>\n\t<meta property=\"og:image:type\" content=\"image\/jpeg\" \/>\n<meta name=\"author\" content=\"Gonzalo Schmidt\" \/>\n<meta name=\"twitter:card\" content=\"summary_large_image\" \/>\n<meta name=\"twitter:creator\" content=\"@InformeLitoral\" \/>\n<meta name=\"twitter:site\" content=\"@InformeLitoral\" \/>\n<meta name=\"twitter:label1\" content=\"Escrito por\" \/>\n\t<meta name=\"twitter:data1\" content=\"Gonzalo Schmidt\" \/>\n\t<meta name=\"twitter:label2\" content=\"Tiempo de lectura\" \/>\n\t<meta name=\"twitter:data2\" content=\"1 minuto\" \/>\n<script type=\"application\/ld+json\" class=\"yoast-schema-graph\">{\"@context\":\"https:\\\/\\\/schema.org\",\"@graph\":[{\"@type\":\"Article\",\"@id\":\"https:\\\/\\\/informelitoral.com.ar\\\/diamante-piden-la-apertura-de-una-oficina-de-anses\\\/#article\",\"isPartOf\":{\"@id\":\"https:\\\/\\\/informelitoral.com.ar\\\/diamante-piden-la-apertura-de-una-oficina-de-anses\\\/\"},\"author\":{\"name\":\"Gonzalo Schmidt\",\"@id\":\"https:\\\/\\\/informelitoral.com.ar\\\/#\\\/schema\\\/person\\\/b9d00407c836482871ef1d57bf8e3180\"},\"headline\":\"Diamante: piden la apertura de una oficina de ANSES\",\"datePublished\":\"2016-06-09T02:56:49+00:00\",\"dateModified\":\"2016-06-09T03:13:21+00:00\",\"mainEntityOfPage\":{\"@id\":\"https:\\\/\\\/informelitoral.com.ar\\\/diamante-piden-la-apertura-de-una-oficina-de-anses\\\/\"},\"wordCount\":263,\"commentCount\":0,\"publisher\":{\"@id\":\"https:\\\/\\\/informelitoral.com.ar\\\/#organization\"},\"image\":{\"@id\":\"https:\\\/\\\/informelitoral.com.ar\\\/diamante-piden-la-apertura-de-una-oficina-de-anses\\\/#primaryimage\"},\"thumbnailUrl\":\"http:\\\/\\\/www.isletasnoticias.com.ar\\\/%77%70%2d%63%6f%6e%74%65%6e%74\\\/uploads\\\/2015\\\/06\\\/jorme-monge.jpg\",\"articleSection\":[\"Departamento Diamante\",\"Politica\"],\"inLanguage\":\"es\",\"potentialAction\":[{\"@type\":\"CommentAction\",\"name\":\"Comment\",\"target\":[\"https:\\\/\\\/informelitoral.com.ar\\\/diamante-piden-la-apertura-de-una-oficina-de-anses\\\/#respond\"]}]},{\"@type\":\"WebPage\",\"@id\":\"https:\\\/\\\/informelitoral.com.ar\\\/diamante-piden-la-apertura-de-una-oficina-de-anses\\\/\",\"url\":\"https:\\\/\\\/informelitoral.com.ar\\\/diamante-piden-la-apertura-de-una-oficina-de-anses\\\/\",\"name\":\"Diamante: piden la apertura de una oficina de ANSES - Informe Litoral\",\"isPartOf\":{\"@id\":\"https:\\\/\\\/informelitoral.com.ar\\\/#website\"},\"primaryImageOfPage\":{\"@id\":\"https:\\\/\\\/informelitoral.com.ar\\\/diamante-piden-la-apertura-de-una-oficina-de-anses\\\/#primaryimage\"},\"image\":{\"@id\":\"https:\\\/\\\/informelitoral.com.ar\\\/diamante-piden-la-apertura-de-una-oficina-de-anses\\\/#primaryimage\"},\"thumbnailUrl\":\"http:\\\/\\\/www.isletasnoticias.com.ar\\\/%77%70%2d%63%6f%6e%74%65%6e%74\\\/uploads\\\/2015\\\/06\\\/jorme-monge.jpg\",\"datePublished\":\"2016-06-09T02:56:49+00:00\",\"dateModified\":\"2016-06-09T03:13:21+00:00\",\"breadcrumb\":{\"@id\":\"https:\\\/\\\/informelitoral.com.ar\\\/diamante-piden-la-apertura-de-una-oficina-de-anses\\\/#breadcrumb\"},\"inLanguage\":\"es\",\"potentialAction\":[{\"@type\":\"ReadAction\",\"target\":[\"https:\\\/\\\/informelitoral.com.ar\\\/diamante-piden-la-apertura-de-una-oficina-de-anses\\\/\"]}]},{\"@type\":\"ImageObject\",\"inLanguage\":\"es\",\"@id\":\"https:\\\/\\\/informelitoral.com.ar\\\/diamante-piden-la-apertura-de-una-oficina-de-anses\\\/#primaryimage\",\"url\":\"http:\\\/\\\/www.isletasnoticias.com.ar\\\/%77%70%2d%63%6f%6e%74%65%6e%74\\\/uploads\\\/2015\\\/06\\\/jorme-monge.jpg\",\"contentUrl\":\"http:\\\/\\\/www.isletasnoticias.com.ar\\\/%77%70%2d%63%6f%6e%74%65%6e%74\\\/uploads\\\/2015\\\/06\\\/jorme-monge.jpg\"},{\"@type\":\"BreadcrumbList\",\"@id\":\"https:\\\/\\\/informelitoral.com.ar\\\/diamante-piden-la-apertura-de-una-oficina-de-anses\\\/#breadcrumb\",\"itemListElement\":[{\"@type\":\"ListItem\",\"position\":1,\"name\":\"Portada\",\"item\":\"https:\\\/\\\/informelitoral.com.ar\\\/\"},{\"@type\":\"ListItem\",\"position\":2,\"name\":\"Diamante: piden la apertura de una oficina de ANSES\"}]},{\"@type\":\"WebSite\",\"@id\":\"https:\\\/\\\/informelitoral.com.ar\\\/#website\",\"url\":\"https:\\\/\\\/informelitoral.com.ar\\\/\",\"name\":\"Informe Litoral\",\"description\":\"&quot;Nos informamos&quot; \",\"publisher\":{\"@id\":\"https:\\\/\\\/informelitoral.com.ar\\\/#organization\"},\"potentialAction\":[{\"@type\":\"SearchAction\",\"target\":{\"@type\":\"EntryPoint\",\"urlTemplate\":\"https:\\\/\\\/informelitoral.com.ar\\\/?s={search_term_string}\"},\"query-input\":{\"@type\":\"PropertyValueSpecification\",\"valueRequired\":true,\"valueName\":\"search_term_string\"}}],\"inLanguage\":\"es\"},{\"@type\":\"Organization\",\"@id\":\"https:\\\/\\\/informelitoral.com.ar\\\/#organization\",\"name\":\"Informe Litoral\",\"url\":\"https:\\\/\\\/informelitoral.com.ar\\\/\",\"logo\":{\"@type\":\"ImageObject\",\"inLanguage\":\"es\",\"@id\":\"https:\\\/\\\/informelitoral.com.ar\\\/#\\\/schema\\\/logo\\\/image\\\/\",\"url\":\"https:\\\/\\\/informelitoral.com.ar\\\/%77%70%2d%63%6f%6e%74%65%6e%74\\\/uploads\\\/2021\\\/01\\\/circulo.png\",\"contentUrl\":\"https:\\\/\\\/informelitoral.com.ar\\\/%77%70%2d%63%6f%6e%74%65%6e%74\\\/uploads\\\/2021\\\/01\\\/circulo.png\",\"width\":723,\"height\":731,\"caption\":\"Informe Litoral\"},\"image\":{\"@id\":\"https:\\\/\\\/informelitoral.com.ar\\\/#\\\/schema\\\/logo\\\/image\\\/\"},\"sameAs\":[\"https:\\\/\\\/www.facebook.com\\\/informelitoral\\\/\",\"https:\\\/\\\/x.com\\\/InformeLitoral\",\"https:\\\/\\\/www.instagram.com\\\/informelitoral\\\/\",\"https:\\\/\\\/www.youtube.com\\\/channel\\\/UCua4Qvz8Icb6MYqhoq9xLXw\"]},{\"@type\":\"Person\",\"@id\":\"https:\\\/\\\/informelitoral.com.ar\\\/#\\\/schema\\\/person\\\/b9d00407c836482871ef1d57bf8e3180\",\"name\":\"Gonzalo Schmidt\",\"image\":{\"@type\":\"ImageObject\",\"inLanguage\":\"es\",\"@id\":\"https:\\\/\\\/secure.gravatar.com\\\/avatar\\\/31a1a7b66ff2de83bd0e9fd79d026630d2d99e55e8bfe501287647b4fd9743de?s=96&d=mm&r=g\",\"url\":\"https:\\\/\\\/secure.gravatar.com\\\/avatar\\\/31a1a7b66ff2de83bd0e9fd79d026630d2d99e55e8bfe501287647b4fd9743de?s=96&d=mm&r=g\",\"contentUrl\":\"https:\\\/\\\/secure.gravatar.com\\\/avatar\\\/31a1a7b66ff2de83bd0e9fd79d026630d2d99e55e8bfe501287647b4fd9743de?s=96&d=mm&r=g\",\"caption\":\"Gonzalo Schmidt\"},\"description\":\"Sitio web de noticias de la provincia de Entre R\u00edos, Argentina. Informaci\u00f3n y entretenimiento. Informe Litoral, nos informamos.\",\"sameAs\":[\"http:\\\/\\\/www.isletasnoticias.com.ar\"],\"url\":\"https:\\\/\\\/informelitoral.com.ar\\\/author\\\/gonzalo\\\/\"}]}<\/script>","yoast_head_json":{"title":"Diamante: piden la apertura de una oficina de ANSES - Informe Litoral","robots":{"index":"index","follow":"follow","max-snippet":"max-snippet:-1","max-image-preview":"max-image-preview:large","max-video-preview":"max-video-preview:-1"},"canonical":"https:\/\/informelitoral.com.ar\/diamante-piden-la-apertura-de-una-oficina-de-anses\/","og_locale":"es_ES","og_type":"article","og_title":"Diamante: piden la apertura de una oficina de ANSES - Informe Litoral","og_description":"La C&aacute;mara de Diputados de la Provincia aprob&oacute; en la sesi&oacute;n del 7 de junio, una resoluci&oacute;n donde se solicita al director Ejecutivo de la Administraci&oacute;n Nacional de la Seguridad Social (ANSES), se disponga la apertura de una oficina de dicho organismo descentralizado en la ciudad de Diamante. La Administraci&oacute;n Nacional de la Seguridad Social [&hellip;]","og_url":"https:\/\/informelitoral.com.ar\/diamante-piden-la-apertura-de-una-oficina-de-anses\/","og_site_name":"Informe Litoral","article_publisher":"https:\/\/www.facebook.com\/informelitoral\/","article_published_time":"2016-06-09T02:56:49+00:00","article_modified_time":"2016-06-09T03:13:21+00:00","og_image":[{"width":640,"height":360,"url":"https:\/\/informelitoral.com.ar\/%77%70%2d%63%6f%6e%74%65%6e%74\/uploads\/2015\/06\/jorme-monge.jpg","type":"image\/jpeg"}],"author":"Gonzalo Schmidt","twitter_card":"summary_large_image","twitter_creator":"@InformeLitoral","twitter_site":"@InformeLitoral","twitter_misc":{"Escrito por":"Gonzalo Schmidt","Tiempo de lectura":"1 minuto"},"schema":{"@context":"https:\/\/schema.org","@graph":[{"@type":"Article","@id":"https:\/\/informelitoral.com.ar\/diamante-piden-la-apertura-de-una-oficina-de-anses\/#article","isPartOf":{"@id":"https:\/\/informelitoral.com.ar\/diamante-piden-la-apertura-de-una-oficina-de-anses\/"},"author":{"name":"Gonzalo Schmidt","@id":"https:\/\/informelitoral.com.ar\/#\/schema\/person\/b9d00407c836482871ef1d57bf8e3180"},"headline":"Diamante: piden la apertura de una oficina de ANSES","datePublished":"2016-06-09T02:56:49+00:00","dateModified":"2016-06-09T03:13:21+00:00","mainEntityOfPage":{"@id":"https:\/\/informelitoral.com.ar\/diamante-piden-la-apertura-de-una-oficina-de-anses\/"},"wordCount":263,"commentCount":0,"publisher":{"@id":"https:\/\/informelitoral.com.ar\/#organization"},"image":{"@id":"https:\/\/informelitoral.com.ar\/diamante-piden-la-apertura-de-una-oficina-de-anses\/#primaryimage"},"thumbnailUrl":"http:\/\/www.isletasnoticias.com.ar\/%77%70%2d%63%6f%6e%74%65%6e%74\/uploads\/2015\/06\/jorme-monge.jpg","articleSection":["Departamento Diamante","Politica"],"inLanguage":"es","potentialAction":[{"@type":"CommentAction","name":"Comment","target":["https:\/\/informelitoral.com.ar\/diamante-piden-la-apertura-de-una-oficina-de-anses\/#respond"]}]},{"@type":"WebPage","@id":"https:\/\/informelitoral.com.ar\/diamante-piden-la-apertura-de-una-oficina-de-anses\/","url":"https:\/\/informelitoral.com.ar\/diamante-piden-la-apertura-de-una-oficina-de-anses\/","name":"Diamante: piden la apertura de una oficina de ANSES - Informe Litoral","isPartOf":{"@id":"https:\/\/informelitoral.com.ar\/#website"},"primaryImageOfPage":{"@id":"https:\/\/informelitoral.com.ar\/diamante-piden-la-apertura-de-una-oficina-de-anses\/#primaryimage"},"image":{"@id":"https:\/\/informelitoral.com.ar\/diamante-piden-la-apertura-de-una-oficina-de-anses\/#primaryimage"},"thumbnailUrl":"http:\/\/www.isletasnoticias.com.ar\/%77%70%2d%63%6f%6e%74%65%6e%74\/uploads\/2015\/06\/jorme-monge.jpg","datePublished":"2016-06-09T02:56:49+00:00","dateModified":"2016-06-09T03:13:21+00:00","breadcrumb":{"@id":"https:\/\/informelitoral.com.ar\/diamante-piden-la-apertura-de-una-oficina-de-anses\/#breadcrumb"},"inLanguage":"es","potentialAction":[{"@type":"ReadAction","target":["https:\/\/informelitoral.com.ar\/diamante-piden-la-apertura-de-una-oficina-de-anses\/"]}]},{"@type":"ImageObject","inLanguage":"es","@id":"https:\/\/informelitoral.com.ar\/diamante-piden-la-apertura-de-una-oficina-de-anses\/#primaryimage","url":"http:\/\/www.isletasnoticias.com.ar\/%77%70%2d%63%6f%6e%74%65%6e%74\/uploads\/2015\/06\/jorme-monge.jpg","contentUrl":"http:\/\/www.isletasnoticias.com.ar\/%77%70%2d%63%6f%6e%74%65%6e%74\/uploads\/2015\/06\/jorme-monge.jpg"},{"@type":"BreadcrumbList","@id":"https:\/\/informelitoral.com.ar\/diamante-piden-la-apertura-de-una-oficina-de-anses\/#breadcrumb","itemListElement":[{"@type":"ListItem","position":1,"name":"Portada","item":"https:\/\/informelitoral.com.ar\/"},{"@type":"ListItem","position":2,"name":"Diamante: piden la apertura de una oficina de ANSES"}]},{"@type":"WebSite","@id":"https:\/\/informelitoral.com.ar\/#website","url":"https:\/\/informelitoral.com.ar\/","name":"Informe Litoral","description":"&quot;Nos informamos&quot; ","publisher":{"@id":"https:\/\/informelitoral.com.ar\/#organization"},"potentialAction":[{"@type":"SearchAction","target":{"@type":"EntryPoint","urlTemplate":"https:\/\/informelitoral.com.ar\/?s={search_term_string}"},"query-input":{"@type":"PropertyValueSpecification","valueRequired":true,"valueName":"search_term_string"}}],"inLanguage":"es"},{"@type":"Organization","@id":"https:\/\/informelitoral.com.ar\/#organization","name":"Informe Litoral","url":"https:\/\/informelitoral.com.ar\/","logo":{"@type":"ImageObject","inLanguage":"es","@id":"https:\/\/informelitoral.com.ar\/#\/schema\/logo\/image\/","url":"https:\/\/informelitoral.com.ar\/%77%70%2d%63%6f%6e%74%65%6e%74\/uploads\/2021\/01\/circulo.png","contentUrl":"https:\/\/informelitoral.com.ar\/%77%70%2d%63%6f%6e%74%65%6e%74\/uploads\/2021\/01\/circulo.png","width":723,"height":731,"caption":"Informe Litoral"},"image":{"@id":"https:\/\/informelitoral.com.ar\/#\/schema\/logo\/image\/"},"sameAs":["https:\/\/www.facebook.com\/informelitoral\/","https:\/\/x.com\/InformeLitoral","https:\/\/www.instagram.com\/informelitoral\/","https:\/\/www.youtube.com\/channel\/UCua4Qvz8Icb6MYqhoq9xLXw"]},{"@type":"Person","@id":"https:\/\/informelitoral.com.ar\/#\/schema\/person\/b9d00407c836482871ef1d57bf8e3180","name":"Gonzalo Schmidt","image":{"@type":"ImageObject","inLanguage":"es","@id":"https:\/\/secure.gravatar.com\/avatar\/31a1a7b66ff2de83bd0e9fd79d026630d2d99e55e8bfe501287647b4fd9743de?s=96&d=mm&r=g","url":"https:\/\/secure.gravatar.com\/avatar\/31a1a7b66ff2de83bd0e9fd79d026630d2d99e55e8bfe501287647b4fd9743de?s=96&d=mm&r=g","contentUrl":"https:\/\/secure.gravatar.com\/avatar\/31a1a7b66ff2de83bd0e9fd79d026630d2d99e55e8bfe501287647b4fd9743de?s=96&d=mm&r=g","caption":"Gonzalo Schmidt"},"description":"Sitio web de noticias de la provincia de Entre R\u00edos, Argentina. Informaci\u00f3n y entretenimiento. Informe Litoral, nos informamos.","sameAs":["http:\/\/www.isletasnoticias.com.ar"],"url":"https:\/\/informelitoral.com.ar\/author\/gonzalo\/"}]}},"_links":{"self":[{"href":"https:\/\/informelitoral.com.ar\/%77%70%2d%6a%73%6f%6e\/wp\/v2\/posts\/16563","targetHints":{"allow":["GET"]}}],"collection":[{"href":"https:\/\/informelitoral.com.ar\/%77%70%2d%6a%73%6f%6e\/wp\/v2\/posts"}],"about":[{"href":"https:\/\/informelitoral.com.ar\/%77%70%2d%6a%73%6f%6e\/wp\/v2\/types\/post"}],"author":[{"embeddable":true,"href":"https:\/\/informelitoral.com.ar\/%77%70%2d%6a%73%6f%6e\/wp\/v2\/users\/2"}],"replies":[{"embeddable":true,"href":"https:\/\/informelitoral.com.ar\/%77%70%2d%6a%73%6f%6e\/wp\/v2\/comments?post=16563"}],"version-history":[{"count":0,"href":"https:\/\/informelitoral.com.ar\/%77%70%2d%6a%73%6f%6e\/wp\/v2\/posts\/16563\/revisions"}],"wp:attachment":[{"href":"https:\/\/informelitoral.com.ar\/%77%70%2d%6a%73%6f%6e\/wp\/v2\/media?parent=16563"}],"wp:term":[{"taxonomy":"category","embeddable":true,"href":"https:\/\/informelitoral.com.ar\/%77%70%2d%6a%73%6f%6e\/wp\/v2\/categories?post=16563"},{"taxonomy":"post_tag","embeddable":true,"href":"https:\/\/informelitoral.com.ar\/%77%70%2d%6a%73%6f%6e\/wp\/v2\/tags?post=16563"}],"curies":[{"name":"wp","href":"https:\/\/api.w.org\/{rel}","templated":true}]}}