{"id":165624,"date":"2023-09-13T09:53:36","date_gmt":"2023-09-13T12:53:36","guid":{"rendered":"https:\/\/www.informelitoral.com.ar\/?p=165624"},"modified":"2023-09-13T10:01:01","modified_gmt":"2023-09-13T13:01:01","slug":"pan-cuidado-congelan-el-precio-del-kilo-hasta-octubre","status":"publish","type":"post","link":"https:\/\/informelitoral.com.ar\/pan-cuidado-congelan-el-precio-del-kilo-hasta-octubre\/","title":{"rendered":"Pan cuidado: congelan el precio del kilo hasta octubre"},"content":{"rendered":"<p>La Secretar\u00eda de Comercio acord\u00f3 junto a dirigentes del Centro de Panaderos de Merlo, el cumplimiento del fideicomiso del Trigo y fijaron el precio del pan hasta octubre.<\/p>\n<p>De esta manera, el kilo de pan tendr\u00e1 un costo de $680 hasta el 30 de septiembre y a partir del 1\u00b0 de octubre, su valor se actualizar\u00e1 a un m\u00e1ximo de $715 en panader\u00edas de todo el pa\u00eds. El acuerdo fue rubricado luego de un encuentro entre el secretario de Comercio, Mat\u00edas Tomboloni, autoridades del Centro de Panaderos de Merlo y otras instituciones gremiales del sector. Adem\u00e1s, el subsecretario de Pol\u00edticas para el Mercado Interno, Gustavo Faskowicz, ratific\u00f3 que se garantizar\u00e1n los fondos para sustentar el Fideicomiso del Trigo (FETA), fundamental para que pueda implementarse el acuerdo de precios.<\/p>\n<p>El titular del Centro de Panaderos de Merlo, Mart\u00edn Pinto, detall\u00f3 que \u201cel pan se vender\u00e1 a 680 pesos por kilo hasta el 30 de septiembre y en octubre va a venderse, como m\u00e1ximo, a 715 pesos\u201d. \u201cSe trata de un pan de entre 6 y 8 piezas que se vender\u00e1 s\u00f3lo en las panader\u00edas que forman parte del Fideicomiso del Trigo\u201d, explic\u00f3.<\/p>\n<p>Asimismo, Mart\u00edn Pinto indic\u00f3 que \u201cnos vamos a ocupar de que les llegue la harina a aquellos industriales panaderos que a\u00fan no participen del Fideicomiso\u201d. En este sentido, el dirigente sectorial aclar\u00f3 que \u201cla bolsa de harina subsidiada es clave para que se cumpla el acuerdo de precios\u201d.<\/p>\n<p><strong>Pan en Precios Justos: anuncian fiscalizaci\u00f3n<\/strong><\/p>\n<p>Luego del encuentro, m\u00e1s de 5 mil panader\u00edas de todo el pa\u00eds se comprometieron a vender el pan a esos costos y a se\u00f1alizar sus locales con carteler\u00eda de Precios Justos, para dar cuenta de su adhesi\u00f3n al programa. Cabe destacar que la medida cuenta con el respaldo de los molinos que participan del Fideicomiso del Trigo, a la vez que la Secretar\u00eda de Comercio inform\u00f3 que fiscalizar\u00e1 el cumplimiento del acuerdo.<\/p>\n<p>De la reuni\u00f3n participaron el presidente del Centro de Panaderos de Merlo, Mart\u00edn Pinto, junto a Sergio Izzo y Juan Gonz\u00e1lez, tambi\u00e9n integrantes de la instituci\u00f3n. Adem\u00e1s, asistieron autoridades de la Federaci\u00f3n Argentina de la Industria del Pan y Afines, de la C\u00e1mara de Industriales Panaderos de la Ciudad de Buenos Aires y de los Centros de Panaderos de Quilmes y la Ciudad de Buenos Aires. En representaci\u00f3n de la industria molinera estuvieron presentes autoridades de las empresas Bajo Hondo, Molino Florencia, Morixe, HJ Navas y C\u00eda, Molino Ca\u00f1uelas, Los Grobo, Agr\u00edcola del Plata, El Sure\u00f1o y Molino Belgrains, entre otras.<\/p>\n","protected":false},"excerpt":{"rendered":"<p>El acuerdo fue rubricado luego de un encuentro entre el secretario de Comercio, Mat\u00edas Tomboloni, autoridades del Centro de Panaderos.<\/p>\n","protected":false},"author":8,"featured_media":73816,"comment_status":"open","ping_status":"open","sticky":false,"template":"","format":"standard","meta":{"fifu_image_url":"","fifu_image_alt":"","footnotes":""},"categories":[1594,7],"tags":[3487,3126],"class_list":{"0":"post-165624","1":"post","2":"type-post","3":"status-publish","4":"format-standard","5":"has-post-thumbnail","7":"category-economia","8":"category-nacionales","9":"tag-aumento-de-precio","10":"tag-panaderia"},"yoast_head":"<title>Pan cuidado: congelan el precio del kilo hasta octubre - Informe Litoral<\/title>\n<meta name=\"robots\" content=\"index, follow, max-snippet:-1, max-image-preview:large, max-video-preview:-1\" \/>\n<link rel=\"canonical\" href=\"https:\/\/informelitoral.com.ar\/pan-cuidado-congelan-el-precio-del-kilo-hasta-octubre\/\" \/>\n<meta property=\"og:locale\" content=\"es_ES\" \/>\n<meta property=\"og:type\" content=\"article\" \/>\n<meta property=\"og:title\" content=\"Pan cuidado: congelan el precio del kilo hasta octubre - Informe Litoral\" \/>\n<meta property=\"og:description\" content=\"El acuerdo fue rubricado luego de un encuentro entre el secretario de Comercio, Mat\u00edas Tomboloni, autoridades del Centro de Panaderos.\" \/>\n<meta property=\"og:url\" content=\"https:\/\/informelitoral.com.ar\/pan-cuidado-congelan-el-precio-del-kilo-hasta-octubre\/\" \/>\n<meta property=\"og:site_name\" content=\"Informe Litoral\" \/>\n<meta property=\"article:publisher\" content=\"https:\/\/www.facebook.com\/informelitoral\/\" \/>\n<meta property=\"article:published_time\" content=\"2023-09-13T12:53:36+00:00\" \/>\n<meta property=\"article:modified_time\" content=\"2023-09-13T13:01:01+00:00\" \/>\n<meta property=\"og:image\" content=\"https:\/\/informelitoral.com.ar\/%77%70%2d%63%6f%6e%74%65%6e%74\/uploads\/2022\/03\/lvp.panaderos-696x392-1.jpg\" \/>\n\t<meta property=\"og:image:width\" content=\"696\" \/>\n\t<meta property=\"og:image:height\" content=\"392\" \/>\n\t<meta property=\"og:image:type\" content=\"image\/jpeg\" \/>\n<meta name=\"author\" content=\"Sebastian\" \/>\n<meta name=\"twitter:card\" content=\"summary_large_image\" \/>\n<meta name=\"twitter:creator\" content=\"@InformeLitoral\" \/>\n<meta name=\"twitter:site\" content=\"@InformeLitoral\" \/>\n<meta name=\"twitter:label1\" content=\"Escrito por\" \/>\n\t<meta name=\"twitter:data1\" content=\"Sebastian\" \/>\n\t<meta name=\"twitter:label2\" content=\"Tiempo de lectura\" \/>\n\t<meta name=\"twitter:data2\" content=\"2 minutos\" \/>\n<script type=\"application\/ld+json\" class=\"yoast-schema-graph\">{\"@context\":\"https:\\\/\\\/schema.org\",\"@graph\":[{\"@type\":\"Article\",\"@id\":\"https:\\\/\\\/informelitoral.com.ar\\\/pan-cuidado-congelan-el-precio-del-kilo-hasta-octubre\\\/#article\",\"isPartOf\":{\"@id\":\"https:\\\/\\\/informelitoral.com.ar\\\/pan-cuidado-congelan-el-precio-del-kilo-hasta-octubre\\\/\"},\"author\":{\"name\":\"Sebastian\",\"@id\":\"https:\\\/\\\/informelitoral.com.ar\\\/#\\\/schema\\\/person\\\/f05f9f461677119578717524b127d6d5\"},\"headline\":\"Pan cuidado: congelan el precio del kilo hasta octubre\",\"datePublished\":\"2023-09-13T12:53:36+00:00\",\"dateModified\":\"2023-09-13T13:01:01+00:00\",\"mainEntityOfPage\":{\"@id\":\"https:\\\/\\\/informelitoral.com.ar\\\/pan-cuidado-congelan-el-precio-del-kilo-hasta-octubre\\\/\"},\"wordCount\":452,\"commentCount\":0,\"publisher\":{\"@id\":\"https:\\\/\\\/informelitoral.com.ar\\\/#organization\"},\"image\":{\"@id\":\"https:\\\/\\\/informelitoral.com.ar\\\/pan-cuidado-congelan-el-precio-del-kilo-hasta-octubre\\\/#primaryimage\"},\"thumbnailUrl\":\"https:\\\/\\\/informelitoral.com.ar\\\/%77%70%2d%63%6f%6e%74%65%6e%74\\\/uploads\\\/2022\\\/03\\\/lvp.panaderos-696x392-1.jpg\",\"keywords\":[\"Aumento de precio\",\"Panader\u00eda\"],\"articleSection\":[\"Econom\u00eda\",\"Nacionales\"],\"inLanguage\":\"es\",\"potentialAction\":[{\"@type\":\"CommentAction\",\"name\":\"Comment\",\"target\":[\"https:\\\/\\\/informelitoral.com.ar\\\/pan-cuidado-congelan-el-precio-del-kilo-hasta-octubre\\\/#respond\"]}]},{\"@type\":\"WebPage\",\"@id\":\"https:\\\/\\\/informelitoral.com.ar\\\/pan-cuidado-congelan-el-precio-del-kilo-hasta-octubre\\\/\",\"url\":\"https:\\\/\\\/informelitoral.com.ar\\\/pan-cuidado-congelan-el-precio-del-kilo-hasta-octubre\\\/\",\"name\":\"Pan cuidado: congelan el precio del kilo hasta octubre - Informe Litoral\",\"isPartOf\":{\"@id\":\"https:\\\/\\\/informelitoral.com.ar\\\/#website\"},\"primaryImageOfPage\":{\"@id\":\"https:\\\/\\\/informelitoral.com.ar\\\/pan-cuidado-congelan-el-precio-del-kilo-hasta-octubre\\\/#primaryimage\"},\"image\":{\"@id\":\"https:\\\/\\\/informelitoral.com.ar\\\/pan-cuidado-congelan-el-precio-del-kilo-hasta-octubre\\\/#primaryimage\"},\"thumbnailUrl\":\"https:\\\/\\\/informelitoral.com.ar\\\/%77%70%2d%63%6f%6e%74%65%6e%74\\\/uploads\\\/2022\\\/03\\\/lvp.panaderos-696x392-1.jpg\",\"datePublished\":\"2023-09-13T12:53:36+00:00\",\"dateModified\":\"2023-09-13T13:01:01+00:00\",\"breadcrumb\":{\"@id\":\"https:\\\/\\\/informelitoral.com.ar\\\/pan-cuidado-congelan-el-precio-del-kilo-hasta-octubre\\\/#breadcrumb\"},\"inLanguage\":\"es\",\"potentialAction\":[{\"@type\":\"ReadAction\",\"target\":[\"https:\\\/\\\/informelitoral.com.ar\\\/pan-cuidado-congelan-el-precio-del-kilo-hasta-octubre\\\/\"]}]},{\"@type\":\"ImageObject\",\"inLanguage\":\"es\",\"@id\":\"https:\\\/\\\/informelitoral.com.ar\\\/pan-cuidado-congelan-el-precio-del-kilo-hasta-octubre\\\/#primaryimage\",\"url\":\"https:\\\/\\\/informelitoral.com.ar\\\/%77%70%2d%63%6f%6e%74%65%6e%74\\\/uploads\\\/2022\\\/03\\\/lvp.panaderos-696x392-1.jpg\",\"contentUrl\":\"https:\\\/\\\/informelitoral.com.ar\\\/%77%70%2d%63%6f%6e%74%65%6e%74\\\/uploads\\\/2022\\\/03\\\/lvp.panaderos-696x392-1.jpg\",\"width\":696,\"height\":392},{\"@type\":\"BreadcrumbList\",\"@id\":\"https:\\\/\\\/informelitoral.com.ar\\\/pan-cuidado-congelan-el-precio-del-kilo-hasta-octubre\\\/#breadcrumb\",\"itemListElement\":[{\"@type\":\"ListItem\",\"position\":1,\"name\":\"Portada\",\"item\":\"https:\\\/\\\/informelitoral.com.ar\\\/\"},{\"@type\":\"ListItem\",\"position\":2,\"name\":\"Pan cuidado: congelan el precio del kilo hasta octubre\"}]},{\"@type\":\"WebSite\",\"@id\":\"https:\\\/\\\/informelitoral.com.ar\\\/#website\",\"url\":\"https:\\\/\\\/informelitoral.com.ar\\\/\",\"name\":\"Informe Litoral\",\"description\":\"&quot;Nos informamos&quot; \",\"publisher\":{\"@id\":\"https:\\\/\\\/informelitoral.com.ar\\\/#organization\"},\"potentialAction\":[{\"@type\":\"SearchAction\",\"target\":{\"@type\":\"EntryPoint\",\"urlTemplate\":\"https:\\\/\\\/informelitoral.com.ar\\\/?s={search_term_string}\"},\"query-input\":{\"@type\":\"PropertyValueSpecification\",\"valueRequired\":true,\"valueName\":\"search_term_string\"}}],\"inLanguage\":\"es\"},{\"@type\":\"Organization\",\"@id\":\"https:\\\/\\\/informelitoral.com.ar\\\/#organization\",\"name\":\"Informe Litoral\",\"url\":\"https:\\\/\\\/informelitoral.com.ar\\\/\",\"logo\":{\"@type\":\"ImageObject\",\"inLanguage\":\"es\",\"@id\":\"https:\\\/\\\/informelitoral.com.ar\\\/#\\\/schema\\\/logo\\\/image\\\/\",\"url\":\"https:\\\/\\\/informelitoral.com.ar\\\/%77%70%2d%63%6f%6e%74%65%6e%74\\\/uploads\\\/2021\\\/01\\\/circulo.png\",\"contentUrl\":\"https:\\\/\\\/informelitoral.com.ar\\\/%77%70%2d%63%6f%6e%74%65%6e%74\\\/uploads\\\/2021\\\/01\\\/circulo.png\",\"width\":723,\"height\":731,\"caption\":\"Informe Litoral\"},\"image\":{\"@id\":\"https:\\\/\\\/informelitoral.com.ar\\\/#\\\/schema\\\/logo\\\/image\\\/\"},\"sameAs\":[\"https:\\\/\\\/www.facebook.com\\\/informelitoral\\\/\",\"https:\\\/\\\/x.com\\\/InformeLitoral\",\"https:\\\/\\\/www.instagram.com\\\/informelitoral\\\/\",\"https:\\\/\\\/www.youtube.com\\\/channel\\\/UCua4Qvz8Icb6MYqhoq9xLXw\"]},{\"@type\":\"Person\",\"@id\":\"https:\\\/\\\/informelitoral.com.ar\\\/#\\\/schema\\\/person\\\/f05f9f461677119578717524b127d6d5\",\"name\":\"Sebastian\",\"image\":{\"@type\":\"ImageObject\",\"inLanguage\":\"es\",\"@id\":\"https:\\\/\\\/secure.gravatar.com\\\/avatar\\\/b71bf7481d447dfb9583c7f2798e7cc64de6efb9067b74633ed8c31059a3bd82?s=96&d=mm&r=g\",\"url\":\"https:\\\/\\\/secure.gravatar.com\\\/avatar\\\/b71bf7481d447dfb9583c7f2798e7cc64de6efb9067b74633ed8c31059a3bd82?s=96&d=mm&r=g\",\"contentUrl\":\"https:\\\/\\\/secure.gravatar.com\\\/avatar\\\/b71bf7481d447dfb9583c7f2798e7cc64de6efb9067b74633ed8c31059a3bd82?s=96&d=mm&r=g\",\"caption\":\"Sebastian\"},\"url\":\"https:\\\/\\\/informelitoral.com.ar\\\/author\\\/sebastian\\\/\"}]}<\/script>","yoast_head_json":{"title":"Pan cuidado: congelan el precio del kilo hasta octubre - Informe Litoral","robots":{"index":"index","follow":"follow","max-snippet":"max-snippet:-1","max-image-preview":"max-image-preview:large","max-video-preview":"max-video-preview:-1"},"canonical":"https:\/\/informelitoral.com.ar\/pan-cuidado-congelan-el-precio-del-kilo-hasta-octubre\/","og_locale":"es_ES","og_type":"article","og_title":"Pan cuidado: congelan el precio del kilo hasta octubre - Informe Litoral","og_description":"El acuerdo fue rubricado luego de un encuentro entre el secretario de Comercio, Mat\u00edas Tomboloni, autoridades del Centro de Panaderos.","og_url":"https:\/\/informelitoral.com.ar\/pan-cuidado-congelan-el-precio-del-kilo-hasta-octubre\/","og_site_name":"Informe Litoral","article_publisher":"https:\/\/www.facebook.com\/informelitoral\/","article_published_time":"2023-09-13T12:53:36+00:00","article_modified_time":"2023-09-13T13:01:01+00:00","og_image":[{"width":696,"height":392,"url":"https:\/\/informelitoral.com.ar\/%77%70%2d%63%6f%6e%74%65%6e%74\/uploads\/2022\/03\/lvp.panaderos-696x392-1.jpg","type":"image\/jpeg"}],"author":"Sebastian","twitter_card":"summary_large_image","twitter_creator":"@InformeLitoral","twitter_site":"@InformeLitoral","twitter_misc":{"Escrito por":"Sebastian","Tiempo de lectura":"2 minutos"},"schema":{"@context":"https:\/\/schema.org","@graph":[{"@type":"Article","@id":"https:\/\/informelitoral.com.ar\/pan-cuidado-congelan-el-precio-del-kilo-hasta-octubre\/#article","isPartOf":{"@id":"https:\/\/informelitoral.com.ar\/pan-cuidado-congelan-el-precio-del-kilo-hasta-octubre\/"},"author":{"name":"Sebastian","@id":"https:\/\/informelitoral.com.ar\/#\/schema\/person\/f05f9f461677119578717524b127d6d5"},"headline":"Pan cuidado: congelan el precio del kilo hasta octubre","datePublished":"2023-09-13T12:53:36+00:00","dateModified":"2023-09-13T13:01:01+00:00","mainEntityOfPage":{"@id":"https:\/\/informelitoral.com.ar\/pan-cuidado-congelan-el-precio-del-kilo-hasta-octubre\/"},"wordCount":452,"commentCount":0,"publisher":{"@id":"https:\/\/informelitoral.com.ar\/#organization"},"image":{"@id":"https:\/\/informelitoral.com.ar\/pan-cuidado-congelan-el-precio-del-kilo-hasta-octubre\/#primaryimage"},"thumbnailUrl":"https:\/\/informelitoral.com.ar\/%77%70%2d%63%6f%6e%74%65%6e%74\/uploads\/2022\/03\/lvp.panaderos-696x392-1.jpg","keywords":["Aumento de precio","Panader\u00eda"],"articleSection":["Econom\u00eda","Nacionales"],"inLanguage":"es","potentialAction":[{"@type":"CommentAction","name":"Comment","target":["https:\/\/informelitoral.com.ar\/pan-cuidado-congelan-el-precio-del-kilo-hasta-octubre\/#respond"]}]},{"@type":"WebPage","@id":"https:\/\/informelitoral.com.ar\/pan-cuidado-congelan-el-precio-del-kilo-hasta-octubre\/","url":"https:\/\/informelitoral.com.ar\/pan-cuidado-congelan-el-precio-del-kilo-hasta-octubre\/","name":"Pan cuidado: congelan el precio del kilo hasta octubre - Informe Litoral","isPartOf":{"@id":"https:\/\/informelitoral.com.ar\/#website"},"primaryImageOfPage":{"@id":"https:\/\/informelitoral.com.ar\/pan-cuidado-congelan-el-precio-del-kilo-hasta-octubre\/#primaryimage"},"image":{"@id":"https:\/\/informelitoral.com.ar\/pan-cuidado-congelan-el-precio-del-kilo-hasta-octubre\/#primaryimage"},"thumbnailUrl":"https:\/\/informelitoral.com.ar\/%77%70%2d%63%6f%6e%74%65%6e%74\/uploads\/2022\/03\/lvp.panaderos-696x392-1.jpg","datePublished":"2023-09-13T12:53:36+00:00","dateModified":"2023-09-13T13:01:01+00:00","breadcrumb":{"@id":"https:\/\/informelitoral.com.ar\/pan-cuidado-congelan-el-precio-del-kilo-hasta-octubre\/#breadcrumb"},"inLanguage":"es","potentialAction":[{"@type":"ReadAction","target":["https:\/\/informelitoral.com.ar\/pan-cuidado-congelan-el-precio-del-kilo-hasta-octubre\/"]}]},{"@type":"ImageObject","inLanguage":"es","@id":"https:\/\/informelitoral.com.ar\/pan-cuidado-congelan-el-precio-del-kilo-hasta-octubre\/#primaryimage","url":"https:\/\/informelitoral.com.ar\/%77%70%2d%63%6f%6e%74%65%6e%74\/uploads\/2022\/03\/lvp.panaderos-696x392-1.jpg","contentUrl":"https:\/\/informelitoral.com.ar\/%77%70%2d%63%6f%6e%74%65%6e%74\/uploads\/2022\/03\/lvp.panaderos-696x392-1.jpg","width":696,"height":392},{"@type":"BreadcrumbList","@id":"https:\/\/informelitoral.com.ar\/pan-cuidado-congelan-el-precio-del-kilo-hasta-octubre\/#breadcrumb","itemListElement":[{"@type":"ListItem","position":1,"name":"Portada","item":"https:\/\/informelitoral.com.ar\/"},{"@type":"ListItem","position":2,"name":"Pan cuidado: congelan el precio del kilo hasta octubre"}]},{"@type":"WebSite","@id":"https:\/\/informelitoral.com.ar\/#website","url":"https:\/\/informelitoral.com.ar\/","name":"Informe Litoral","description":"&quot;Nos informamos&quot; ","publisher":{"@id":"https:\/\/informelitoral.com.ar\/#organization"},"potentialAction":[{"@type":"SearchAction","target":{"@type":"EntryPoint","urlTemplate":"https:\/\/informelitoral.com.ar\/?s={search_term_string}"},"query-input":{"@type":"PropertyValueSpecification","valueRequired":true,"valueName":"search_term_string"}}],"inLanguage":"es"},{"@type":"Organization","@id":"https:\/\/informelitoral.com.ar\/#organization","name":"Informe Litoral","url":"https:\/\/informelitoral.com.ar\/","logo":{"@type":"ImageObject","inLanguage":"es","@id":"https:\/\/informelitoral.com.ar\/#\/schema\/logo\/image\/","url":"https:\/\/informelitoral.com.ar\/%77%70%2d%63%6f%6e%74%65%6e%74\/uploads\/2021\/01\/circulo.png","contentUrl":"https:\/\/informelitoral.com.ar\/%77%70%2d%63%6f%6e%74%65%6e%74\/uploads\/2021\/01\/circulo.png","width":723,"height":731,"caption":"Informe Litoral"},"image":{"@id":"https:\/\/informelitoral.com.ar\/#\/schema\/logo\/image\/"},"sameAs":["https:\/\/www.facebook.com\/informelitoral\/","https:\/\/x.com\/InformeLitoral","https:\/\/www.instagram.com\/informelitoral\/","https:\/\/www.youtube.com\/channel\/UCua4Qvz8Icb6MYqhoq9xLXw"]},{"@type":"Person","@id":"https:\/\/informelitoral.com.ar\/#\/schema\/person\/f05f9f461677119578717524b127d6d5","name":"Sebastian","image":{"@type":"ImageObject","inLanguage":"es","@id":"https:\/\/secure.gravatar.com\/avatar\/b71bf7481d447dfb9583c7f2798e7cc64de6efb9067b74633ed8c31059a3bd82?s=96&d=mm&r=g","url":"https:\/\/secure.gravatar.com\/avatar\/b71bf7481d447dfb9583c7f2798e7cc64de6efb9067b74633ed8c31059a3bd82?s=96&d=mm&r=g","contentUrl":"https:\/\/secure.gravatar.com\/avatar\/b71bf7481d447dfb9583c7f2798e7cc64de6efb9067b74633ed8c31059a3bd82?s=96&d=mm&r=g","caption":"Sebastian"},"url":"https:\/\/informelitoral.com.ar\/author\/sebastian\/"}]}},"_links":{"self":[{"href":"https:\/\/informelitoral.com.ar\/%77%70%2d%6a%73%6f%6e\/wp\/v2\/posts\/165624","targetHints":{"allow":["GET"]}}],"collection":[{"href":"https:\/\/informelitoral.com.ar\/%77%70%2d%6a%73%6f%6e\/wp\/v2\/posts"}],"about":[{"href":"https:\/\/informelitoral.com.ar\/%77%70%2d%6a%73%6f%6e\/wp\/v2\/types\/post"}],"author":[{"embeddable":true,"href":"https:\/\/informelitoral.com.ar\/%77%70%2d%6a%73%6f%6e\/wp\/v2\/users\/8"}],"replies":[{"embeddable":true,"href":"https:\/\/informelitoral.com.ar\/%77%70%2d%6a%73%6f%6e\/wp\/v2\/comments?post=165624"}],"version-history":[{"count":0,"href":"https:\/\/informelitoral.com.ar\/%77%70%2d%6a%73%6f%6e\/wp\/v2\/posts\/165624\/revisions"}],"wp:featuredmedia":[{"embeddable":true,"href":"https:\/\/informelitoral.com.ar\/%77%70%2d%6a%73%6f%6e\/wp\/v2\/media\/73816"}],"wp:attachment":[{"href":"https:\/\/informelitoral.com.ar\/%77%70%2d%6a%73%6f%6e\/wp\/v2\/media?parent=165624"}],"wp:term":[{"taxonomy":"category","embeddable":true,"href":"https:\/\/informelitoral.com.ar\/%77%70%2d%6a%73%6f%6e\/wp\/v2\/categories?post=165624"},{"taxonomy":"post_tag","embeddable":true,"href":"https:\/\/informelitoral.com.ar\/%77%70%2d%6a%73%6f%6e\/wp\/v2\/tags?post=165624"}],"curies":[{"name":"wp","href":"https:\/\/api.w.org\/{rel}","templated":true}]}}