{"id":165573,"date":"2023-09-13T09:09:59","date_gmt":"2023-09-13T12:09:59","guid":{"rendered":"https:\/\/www.informelitoral.com.ar\/?p=165573"},"modified":"2023-09-13T09:14:49","modified_gmt":"2023-09-13T12:14:49","slug":"defensa-del-consumidor-de-la-provincia-alerta-sobre-presuntos-debitos-indebidos","status":"publish","type":"post","link":"https:\/\/informelitoral.com.ar\/defensa-del-consumidor-de-la-provincia-alerta-sobre-presuntos-debitos-indebidos\/","title":{"rendered":"Defensa del Consumidor de la provincia alerta sobre presuntos d\u00e9bitos indebidos"},"content":{"rendered":"<p>La Direcci\u00f3n General de Defensa del Consumidor y Lealtad Comercial informo respecto de la presentaci\u00f3n de una ong de consumidores de Entre R\u00edos, la cual pone de manifiesto una presunta violaci\u00f3n a la Ley N\u00b0 24.240 y\/o Ley N\u00b0 8973 por parte de la empresa EPICO SA, ubicada en Avenida del Libertador 5930, Ciudad Aut\u00f3noma de Buenos Aires.<\/p>\n<p>El director General de Defensa del Consumidor y Lealtad Comercial, Fern\u00e1n Poidomani, coment\u00f3 que \u201cla denuncia se\u00f1ala que la empresa EPICO SA, tal como figura en los descuentos, est\u00e1 realizando d\u00e9bitos no autorizados en las cuentas bancarias de los consumidores de entidades bancarias en la provincia de Entre R\u00edos. A pesar de que estas sumas pueden parecer menores, ya que no superar\u00edan los seiscientos pesos, no existe un respaldo legal ni consentimiento por parte de los consumidores para estos d\u00e9bitos. No abr\u00eda contratos previos ni autorizaciones para justificar esta pr\u00e1ctica al menos en algunos de ellos, la particularidad del caso es que los d\u00e9bitos superan los 10.000 hasta el momento\u00bb.<\/p>\n","protected":false},"excerpt":{"rendered":"<p>Ante reiteradas denuncias de consumidores respecto a descuentos desconocidos a trav\u00e9s de d\u00e9bitos en sus cuentas, la Direcci\u00f3n de Defensa del Consumidor de Entre R\u00edos se encuentra tramitando un sumario e insta a la poblaci\u00f3n a revisar sus res\u00famenes bancarios.<\/p>\n","protected":false},"author":8,"featured_media":165578,"comment_status":"open","ping_status":"open","sticky":false,"template":"","format":"standard","meta":{"fifu_image_url":"","fifu_image_alt":"","footnotes":""},"categories":[6],"tags":[4378],"class_list":{"0":"post-165573","1":"post","2":"type-post","3":"status-publish","4":"format-standard","5":"has-post-thumbnail","7":"category-entre-rios","8":"tag-defensa-del-consumidor"},"yoast_head":"<title>Defensa del Consumidor de la provincia alerta sobre presuntos d\u00e9bitos indebidos - Informe Litoral<\/title>\n<meta name=\"robots\" content=\"index, follow, max-snippet:-1, max-image-preview:large, max-video-preview:-1\" \/>\n<link rel=\"canonical\" href=\"https:\/\/informelitoral.com.ar\/defensa-del-consumidor-de-la-provincia-alerta-sobre-presuntos-debitos-indebidos\/\" \/>\n<meta property=\"og:locale\" content=\"es_ES\" \/>\n<meta property=\"og:type\" content=\"article\" \/>\n<meta property=\"og:title\" content=\"Defensa del Consumidor de la provincia alerta sobre presuntos d\u00e9bitos indebidos - Informe Litoral\" \/>\n<meta property=\"og:description\" content=\"Ante reiteradas denuncias de consumidores respecto a descuentos desconocidos a trav\u00e9s de d\u00e9bitos en sus cuentas, la Direcci\u00f3n de Defensa del Consumidor de Entre R\u00edos se encuentra tramitando un sumario e insta a la poblaci\u00f3n a revisar sus res\u00famenes bancarios.\" \/>\n<meta property=\"og:url\" content=\"https:\/\/informelitoral.com.ar\/defensa-del-consumidor-de-la-provincia-alerta-sobre-presuntos-debitos-indebidos\/\" \/>\n<meta property=\"og:site_name\" content=\"Informe Litoral\" \/>\n<meta property=\"article:publisher\" content=\"https:\/\/www.facebook.com\/informelitoral\/\" \/>\n<meta property=\"article:published_time\" content=\"2023-09-13T12:09:59+00:00\" \/>\n<meta property=\"article:modified_time\" content=\"2023-09-13T12:14:49+00:00\" \/>\n<meta property=\"og:image\" content=\"https:\/\/informelitoral.com.ar\/%77%70%2d%63%6f%6e%74%65%6e%74\/uploads\/2023\/09\/p_1694533055.jpg\" \/>\n\t<meta property=\"og:image:width\" content=\"1920\" \/>\n\t<meta property=\"og:image:height\" content=\"800\" \/>\n\t<meta property=\"og:image:type\" content=\"image\/jpeg\" \/>\n<meta name=\"author\" content=\"Sebastian\" \/>\n<meta name=\"twitter:card\" content=\"summary_large_image\" \/>\n<meta name=\"twitter:creator\" content=\"@InformeLitoral\" \/>\n<meta name=\"twitter:site\" content=\"@InformeLitoral\" \/>\n<meta name=\"twitter:label1\" content=\"Escrito por\" \/>\n\t<meta name=\"twitter:data1\" content=\"Sebastian\" \/>\n\t<meta name=\"twitter:label2\" content=\"Tiempo de lectura\" \/>\n\t<meta name=\"twitter:data2\" content=\"1 minuto\" \/>\n<script type=\"application\/ld+json\" class=\"yoast-schema-graph\">{\"@context\":\"https:\\\/\\\/schema.org\",\"@graph\":[{\"@type\":\"Article\",\"@id\":\"https:\\\/\\\/informelitoral.com.ar\\\/defensa-del-consumidor-de-la-provincia-alerta-sobre-presuntos-debitos-indebidos\\\/#article\",\"isPartOf\":{\"@id\":\"https:\\\/\\\/informelitoral.com.ar\\\/defensa-del-consumidor-de-la-provincia-alerta-sobre-presuntos-debitos-indebidos\\\/\"},\"author\":{\"name\":\"Sebastian\",\"@id\":\"https:\\\/\\\/informelitoral.com.ar\\\/#\\\/schema\\\/person\\\/f05f9f461677119578717524b127d6d5\"},\"headline\":\"Defensa del Consumidor de la provincia alerta sobre presuntos d\u00e9bitos indebidos\",\"datePublished\":\"2023-09-13T12:09:59+00:00\",\"dateModified\":\"2023-09-13T12:14:49+00:00\",\"mainEntityOfPage\":{\"@id\":\"https:\\\/\\\/informelitoral.com.ar\\\/defensa-del-consumidor-de-la-provincia-alerta-sobre-presuntos-debitos-indebidos\\\/\"},\"wordCount\":191,\"commentCount\":0,\"publisher\":{\"@id\":\"https:\\\/\\\/informelitoral.com.ar\\\/#organization\"},\"image\":{\"@id\":\"https:\\\/\\\/informelitoral.com.ar\\\/defensa-del-consumidor-de-la-provincia-alerta-sobre-presuntos-debitos-indebidos\\\/#primaryimage\"},\"thumbnailUrl\":\"https:\\\/\\\/informelitoral.com.ar\\\/%77%70%2d%63%6f%6e%74%65%6e%74\\\/uploads\\\/2023\\\/09\\\/p_1694533055.jpg\",\"keywords\":[\"Defensa del Consumidor\"],\"articleSection\":[\"Entre R\u00edos\"],\"inLanguage\":\"es\",\"potentialAction\":[{\"@type\":\"CommentAction\",\"name\":\"Comment\",\"target\":[\"https:\\\/\\\/informelitoral.com.ar\\\/defensa-del-consumidor-de-la-provincia-alerta-sobre-presuntos-debitos-indebidos\\\/#respond\"]}]},{\"@type\":\"WebPage\",\"@id\":\"https:\\\/\\\/informelitoral.com.ar\\\/defensa-del-consumidor-de-la-provincia-alerta-sobre-presuntos-debitos-indebidos\\\/\",\"url\":\"https:\\\/\\\/informelitoral.com.ar\\\/defensa-del-consumidor-de-la-provincia-alerta-sobre-presuntos-debitos-indebidos\\\/\",\"name\":\"Defensa del Consumidor de la provincia alerta sobre presuntos d\u00e9bitos indebidos - Informe Litoral\",\"isPartOf\":{\"@id\":\"https:\\\/\\\/informelitoral.com.ar\\\/#website\"},\"primaryImageOfPage\":{\"@id\":\"https:\\\/\\\/informelitoral.com.ar\\\/defensa-del-consumidor-de-la-provincia-alerta-sobre-presuntos-debitos-indebidos\\\/#primaryimage\"},\"image\":{\"@id\":\"https:\\\/\\\/informelitoral.com.ar\\\/defensa-del-consumidor-de-la-provincia-alerta-sobre-presuntos-debitos-indebidos\\\/#primaryimage\"},\"thumbnailUrl\":\"https:\\\/\\\/informelitoral.com.ar\\\/%77%70%2d%63%6f%6e%74%65%6e%74\\\/uploads\\\/2023\\\/09\\\/p_1694533055.jpg\",\"datePublished\":\"2023-09-13T12:09:59+00:00\",\"dateModified\":\"2023-09-13T12:14:49+00:00\",\"breadcrumb\":{\"@id\":\"https:\\\/\\\/informelitoral.com.ar\\\/defensa-del-consumidor-de-la-provincia-alerta-sobre-presuntos-debitos-indebidos\\\/#breadcrumb\"},\"inLanguage\":\"es\",\"potentialAction\":[{\"@type\":\"ReadAction\",\"target\":[\"https:\\\/\\\/informelitoral.com.ar\\\/defensa-del-consumidor-de-la-provincia-alerta-sobre-presuntos-debitos-indebidos\\\/\"]}]},{\"@type\":\"ImageObject\",\"inLanguage\":\"es\",\"@id\":\"https:\\\/\\\/informelitoral.com.ar\\\/defensa-del-consumidor-de-la-provincia-alerta-sobre-presuntos-debitos-indebidos\\\/#primaryimage\",\"url\":\"https:\\\/\\\/informelitoral.com.ar\\\/%77%70%2d%63%6f%6e%74%65%6e%74\\\/uploads\\\/2023\\\/09\\\/p_1694533055.jpg\",\"contentUrl\":\"https:\\\/\\\/informelitoral.com.ar\\\/%77%70%2d%63%6f%6e%74%65%6e%74\\\/uploads\\\/2023\\\/09\\\/p_1694533055.jpg\",\"width\":1920,\"height\":800},{\"@type\":\"BreadcrumbList\",\"@id\":\"https:\\\/\\\/informelitoral.com.ar\\\/defensa-del-consumidor-de-la-provincia-alerta-sobre-presuntos-debitos-indebidos\\\/#breadcrumb\",\"itemListElement\":[{\"@type\":\"ListItem\",\"position\":1,\"name\":\"Portada\",\"item\":\"https:\\\/\\\/informelitoral.com.ar\\\/\"},{\"@type\":\"ListItem\",\"position\":2,\"name\":\"Defensa del Consumidor de la provincia alerta sobre presuntos d\u00e9bitos indebidos\"}]},{\"@type\":\"WebSite\",\"@id\":\"https:\\\/\\\/informelitoral.com.ar\\\/#website\",\"url\":\"https:\\\/\\\/informelitoral.com.ar\\\/\",\"name\":\"Informe Litoral\",\"description\":\"&quot;Nos informamos&quot; \",\"publisher\":{\"@id\":\"https:\\\/\\\/informelitoral.com.ar\\\/#organization\"},\"potentialAction\":[{\"@type\":\"SearchAction\",\"target\":{\"@type\":\"EntryPoint\",\"urlTemplate\":\"https:\\\/\\\/informelitoral.com.ar\\\/?s={search_term_string}\"},\"query-input\":{\"@type\":\"PropertyValueSpecification\",\"valueRequired\":true,\"valueName\":\"search_term_string\"}}],\"inLanguage\":\"es\"},{\"@type\":\"Organization\",\"@id\":\"https:\\\/\\\/informelitoral.com.ar\\\/#organization\",\"name\":\"Informe Litoral\",\"url\":\"https:\\\/\\\/informelitoral.com.ar\\\/\",\"logo\":{\"@type\":\"ImageObject\",\"inLanguage\":\"es\",\"@id\":\"https:\\\/\\\/informelitoral.com.ar\\\/#\\\/schema\\\/logo\\\/image\\\/\",\"url\":\"https:\\\/\\\/informelitoral.com.ar\\\/%77%70%2d%63%6f%6e%74%65%6e%74\\\/uploads\\\/2021\\\/01\\\/circulo.png\",\"contentUrl\":\"https:\\\/\\\/informelitoral.com.ar\\\/%77%70%2d%63%6f%6e%74%65%6e%74\\\/uploads\\\/2021\\\/01\\\/circulo.png\",\"width\":723,\"height\":731,\"caption\":\"Informe Litoral\"},\"image\":{\"@id\":\"https:\\\/\\\/informelitoral.com.ar\\\/#\\\/schema\\\/logo\\\/image\\\/\"},\"sameAs\":[\"https:\\\/\\\/www.facebook.com\\\/informelitoral\\\/\",\"https:\\\/\\\/x.com\\\/InformeLitoral\",\"https:\\\/\\\/www.instagram.com\\\/informelitoral\\\/\",\"https:\\\/\\\/www.youtube.com\\\/channel\\\/UCua4Qvz8Icb6MYqhoq9xLXw\"]},{\"@type\":\"Person\",\"@id\":\"https:\\\/\\\/informelitoral.com.ar\\\/#\\\/schema\\\/person\\\/f05f9f461677119578717524b127d6d5\",\"name\":\"Sebastian\",\"image\":{\"@type\":\"ImageObject\",\"inLanguage\":\"es\",\"@id\":\"https:\\\/\\\/secure.gravatar.com\\\/avatar\\\/b71bf7481d447dfb9583c7f2798e7cc64de6efb9067b74633ed8c31059a3bd82?s=96&d=mm&r=g\",\"url\":\"https:\\\/\\\/secure.gravatar.com\\\/avatar\\\/b71bf7481d447dfb9583c7f2798e7cc64de6efb9067b74633ed8c31059a3bd82?s=96&d=mm&r=g\",\"contentUrl\":\"https:\\\/\\\/secure.gravatar.com\\\/avatar\\\/b71bf7481d447dfb9583c7f2798e7cc64de6efb9067b74633ed8c31059a3bd82?s=96&d=mm&r=g\",\"caption\":\"Sebastian\"},\"url\":\"https:\\\/\\\/informelitoral.com.ar\\\/author\\\/sebastian\\\/\"}]}<\/script>","yoast_head_json":{"title":"Defensa del Consumidor de la provincia alerta sobre presuntos d\u00e9bitos indebidos - Informe Litoral","robots":{"index":"index","follow":"follow","max-snippet":"max-snippet:-1","max-image-preview":"max-image-preview:large","max-video-preview":"max-video-preview:-1"},"canonical":"https:\/\/informelitoral.com.ar\/defensa-del-consumidor-de-la-provincia-alerta-sobre-presuntos-debitos-indebidos\/","og_locale":"es_ES","og_type":"article","og_title":"Defensa del Consumidor de la provincia alerta sobre presuntos d\u00e9bitos indebidos - Informe Litoral","og_description":"Ante reiteradas denuncias de consumidores respecto a descuentos desconocidos a trav\u00e9s de d\u00e9bitos en sus cuentas, la Direcci\u00f3n de Defensa del Consumidor de Entre R\u00edos se encuentra tramitando un sumario e insta a la poblaci\u00f3n a revisar sus res\u00famenes bancarios.","og_url":"https:\/\/informelitoral.com.ar\/defensa-del-consumidor-de-la-provincia-alerta-sobre-presuntos-debitos-indebidos\/","og_site_name":"Informe Litoral","article_publisher":"https:\/\/www.facebook.com\/informelitoral\/","article_published_time":"2023-09-13T12:09:59+00:00","article_modified_time":"2023-09-13T12:14:49+00:00","og_image":[{"width":1920,"height":800,"url":"https:\/\/informelitoral.com.ar\/%77%70%2d%63%6f%6e%74%65%6e%74\/uploads\/2023\/09\/p_1694533055.jpg","type":"image\/jpeg"}],"author":"Sebastian","twitter_card":"summary_large_image","twitter_creator":"@InformeLitoral","twitter_site":"@InformeLitoral","twitter_misc":{"Escrito por":"Sebastian","Tiempo de lectura":"1 minuto"},"schema":{"@context":"https:\/\/schema.org","@graph":[{"@type":"Article","@id":"https:\/\/informelitoral.com.ar\/defensa-del-consumidor-de-la-provincia-alerta-sobre-presuntos-debitos-indebidos\/#article","isPartOf":{"@id":"https:\/\/informelitoral.com.ar\/defensa-del-consumidor-de-la-provincia-alerta-sobre-presuntos-debitos-indebidos\/"},"author":{"name":"Sebastian","@id":"https:\/\/informelitoral.com.ar\/#\/schema\/person\/f05f9f461677119578717524b127d6d5"},"headline":"Defensa del Consumidor de la provincia alerta sobre presuntos d\u00e9bitos indebidos","datePublished":"2023-09-13T12:09:59+00:00","dateModified":"2023-09-13T12:14:49+00:00","mainEntityOfPage":{"@id":"https:\/\/informelitoral.com.ar\/defensa-del-consumidor-de-la-provincia-alerta-sobre-presuntos-debitos-indebidos\/"},"wordCount":191,"commentCount":0,"publisher":{"@id":"https:\/\/informelitoral.com.ar\/#organization"},"image":{"@id":"https:\/\/informelitoral.com.ar\/defensa-del-consumidor-de-la-provincia-alerta-sobre-presuntos-debitos-indebidos\/#primaryimage"},"thumbnailUrl":"https:\/\/informelitoral.com.ar\/%77%70%2d%63%6f%6e%74%65%6e%74\/uploads\/2023\/09\/p_1694533055.jpg","keywords":["Defensa del Consumidor"],"articleSection":["Entre R\u00edos"],"inLanguage":"es","potentialAction":[{"@type":"CommentAction","name":"Comment","target":["https:\/\/informelitoral.com.ar\/defensa-del-consumidor-de-la-provincia-alerta-sobre-presuntos-debitos-indebidos\/#respond"]}]},{"@type":"WebPage","@id":"https:\/\/informelitoral.com.ar\/defensa-del-consumidor-de-la-provincia-alerta-sobre-presuntos-debitos-indebidos\/","url":"https:\/\/informelitoral.com.ar\/defensa-del-consumidor-de-la-provincia-alerta-sobre-presuntos-debitos-indebidos\/","name":"Defensa del Consumidor de la provincia alerta sobre presuntos d\u00e9bitos indebidos - Informe Litoral","isPartOf":{"@id":"https:\/\/informelitoral.com.ar\/#website"},"primaryImageOfPage":{"@id":"https:\/\/informelitoral.com.ar\/defensa-del-consumidor-de-la-provincia-alerta-sobre-presuntos-debitos-indebidos\/#primaryimage"},"image":{"@id":"https:\/\/informelitoral.com.ar\/defensa-del-consumidor-de-la-provincia-alerta-sobre-presuntos-debitos-indebidos\/#primaryimage"},"thumbnailUrl":"https:\/\/informelitoral.com.ar\/%77%70%2d%63%6f%6e%74%65%6e%74\/uploads\/2023\/09\/p_1694533055.jpg","datePublished":"2023-09-13T12:09:59+00:00","dateModified":"2023-09-13T12:14:49+00:00","breadcrumb":{"@id":"https:\/\/informelitoral.com.ar\/defensa-del-consumidor-de-la-provincia-alerta-sobre-presuntos-debitos-indebidos\/#breadcrumb"},"inLanguage":"es","potentialAction":[{"@type":"ReadAction","target":["https:\/\/informelitoral.com.ar\/defensa-del-consumidor-de-la-provincia-alerta-sobre-presuntos-debitos-indebidos\/"]}]},{"@type":"ImageObject","inLanguage":"es","@id":"https:\/\/informelitoral.com.ar\/defensa-del-consumidor-de-la-provincia-alerta-sobre-presuntos-debitos-indebidos\/#primaryimage","url":"https:\/\/informelitoral.com.ar\/%77%70%2d%63%6f%6e%74%65%6e%74\/uploads\/2023\/09\/p_1694533055.jpg","contentUrl":"https:\/\/informelitoral.com.ar\/%77%70%2d%63%6f%6e%74%65%6e%74\/uploads\/2023\/09\/p_1694533055.jpg","width":1920,"height":800},{"@type":"BreadcrumbList","@id":"https:\/\/informelitoral.com.ar\/defensa-del-consumidor-de-la-provincia-alerta-sobre-presuntos-debitos-indebidos\/#breadcrumb","itemListElement":[{"@type":"ListItem","position":1,"name":"Portada","item":"https:\/\/informelitoral.com.ar\/"},{"@type":"ListItem","position":2,"name":"Defensa del Consumidor de la provincia alerta sobre presuntos d\u00e9bitos indebidos"}]},{"@type":"WebSite","@id":"https:\/\/informelitoral.com.ar\/#website","url":"https:\/\/informelitoral.com.ar\/","name":"Informe Litoral","description":"&quot;Nos informamos&quot; ","publisher":{"@id":"https:\/\/informelitoral.com.ar\/#organization"},"potentialAction":[{"@type":"SearchAction","target":{"@type":"EntryPoint","urlTemplate":"https:\/\/informelitoral.com.ar\/?s={search_term_string}"},"query-input":{"@type":"PropertyValueSpecification","valueRequired":true,"valueName":"search_term_string"}}],"inLanguage":"es"},{"@type":"Organization","@id":"https:\/\/informelitoral.com.ar\/#organization","name":"Informe Litoral","url":"https:\/\/informelitoral.com.ar\/","logo":{"@type":"ImageObject","inLanguage":"es","@id":"https:\/\/informelitoral.com.ar\/#\/schema\/logo\/image\/","url":"https:\/\/informelitoral.com.ar\/%77%70%2d%63%6f%6e%74%65%6e%74\/uploads\/2021\/01\/circulo.png","contentUrl":"https:\/\/informelitoral.com.ar\/%77%70%2d%63%6f%6e%74%65%6e%74\/uploads\/2021\/01\/circulo.png","width":723,"height":731,"caption":"Informe Litoral"},"image":{"@id":"https:\/\/informelitoral.com.ar\/#\/schema\/logo\/image\/"},"sameAs":["https:\/\/www.facebook.com\/informelitoral\/","https:\/\/x.com\/InformeLitoral","https:\/\/www.instagram.com\/informelitoral\/","https:\/\/www.youtube.com\/channel\/UCua4Qvz8Icb6MYqhoq9xLXw"]},{"@type":"Person","@id":"https:\/\/informelitoral.com.ar\/#\/schema\/person\/f05f9f461677119578717524b127d6d5","name":"Sebastian","image":{"@type":"ImageObject","inLanguage":"es","@id":"https:\/\/secure.gravatar.com\/avatar\/b71bf7481d447dfb9583c7f2798e7cc64de6efb9067b74633ed8c31059a3bd82?s=96&d=mm&r=g","url":"https:\/\/secure.gravatar.com\/avatar\/b71bf7481d447dfb9583c7f2798e7cc64de6efb9067b74633ed8c31059a3bd82?s=96&d=mm&r=g","contentUrl":"https:\/\/secure.gravatar.com\/avatar\/b71bf7481d447dfb9583c7f2798e7cc64de6efb9067b74633ed8c31059a3bd82?s=96&d=mm&r=g","caption":"Sebastian"},"url":"https:\/\/informelitoral.com.ar\/author\/sebastian\/"}]}},"_links":{"self":[{"href":"https:\/\/informelitoral.com.ar\/%77%70%2d%6a%73%6f%6e\/wp\/v2\/posts\/165573","targetHints":{"allow":["GET"]}}],"collection":[{"href":"https:\/\/informelitoral.com.ar\/%77%70%2d%6a%73%6f%6e\/wp\/v2\/posts"}],"about":[{"href":"https:\/\/informelitoral.com.ar\/%77%70%2d%6a%73%6f%6e\/wp\/v2\/types\/post"}],"author":[{"embeddable":true,"href":"https:\/\/informelitoral.com.ar\/%77%70%2d%6a%73%6f%6e\/wp\/v2\/users\/8"}],"replies":[{"embeddable":true,"href":"https:\/\/informelitoral.com.ar\/%77%70%2d%6a%73%6f%6e\/wp\/v2\/comments?post=165573"}],"version-history":[{"count":0,"href":"https:\/\/informelitoral.com.ar\/%77%70%2d%6a%73%6f%6e\/wp\/v2\/posts\/165573\/revisions"}],"wp:featuredmedia":[{"embeddable":true,"href":"https:\/\/informelitoral.com.ar\/%77%70%2d%6a%73%6f%6e\/wp\/v2\/media\/165578"}],"wp:attachment":[{"href":"https:\/\/informelitoral.com.ar\/%77%70%2d%6a%73%6f%6e\/wp\/v2\/media?parent=165573"}],"wp:term":[{"taxonomy":"category","embeddable":true,"href":"https:\/\/informelitoral.com.ar\/%77%70%2d%6a%73%6f%6e\/wp\/v2\/categories?post=165573"},{"taxonomy":"post_tag","embeddable":true,"href":"https:\/\/informelitoral.com.ar\/%77%70%2d%6a%73%6f%6e\/wp\/v2\/tags?post=165573"}],"curies":[{"name":"wp","href":"https:\/\/api.w.org\/{rel}","templated":true}]}}