{"id":165554,"date":"2023-09-13T08:53:56","date_gmt":"2023-09-13T11:53:56","guid":{"rendered":"https:\/\/www.informelitoral.com.ar\/?p=165554"},"modified":"2023-09-13T19:15:00","modified_gmt":"2023-09-13T22:15:00","slug":"bordet-se-pronuncio-por-un-gobierno-de-union-nacional-que-permita-superar-los-problemas-estructurales-del-pais","status":"publish","type":"post","link":"https:\/\/informelitoral.com.ar\/bordet-se-pronuncio-por-un-gobierno-de-union-nacional-que-permita-superar-los-problemas-estructurales-del-pais\/","title":{"rendered":"Bordet se pronunci\u00f3 por un gobierno de uni\u00f3n nacional que permita superar los problemas estructurales del pa\u00eds"},"content":{"rendered":"<p>El mandatario entrerriano encabez\u00f3 la apertura del Congreso que re\u00fane a productores y empresarios del ma\u00edz. Lo hizo junto a la vicegobernadora, <strong>Laura Stratta<\/strong>, el secretario de Agricultura de Naci\u00f3n, <strong>Juan Jos\u00e9 Bahillo<\/strong>; al presidente de la Asociaci\u00f3n Maizar y miembro de la Asociaci\u00f3n Argentina de Productores en Siembra Directa (Aapresid),<strong> Pedro Vigneau<\/strong>; al CEO del Congreso, <strong>Joaqu\u00edn Pinasco<\/strong>; y al ministro de Agricultura de C\u00f3rdoba, <strong>Sergio Busso.<\/strong><\/p>\n<p>El evento, que se inici\u00f3 este martes y culmina el mi\u00e9rcoles en el Centro Provincial de Convenciones (CPC) de la capital provincial, es organizado por las entidades ligadas al cultivo del ma\u00edz, como Maizar y La Pastelera Producciones, con el apoyo de la Regi\u00f3n Centro.<\/p>\n<p>Al hacer uso de la palabra, el gobernador Bordet destac\u00f3 que fue inmediato el apoyo a realizar el congreso en Paran\u00e1, \u00abteniendo en cuenta la importancia que tiene el cultivo de ma\u00edz en la provincia, que es el principal insumo para las cadenas de valor\u00bb, de las industrias av\u00edcola y porcina.<\/p>\n<p>\u00abEntre R\u00edos necesita comprar m\u00e1s ma\u00edz del que produce y eso que se ha incrementado la superficie plantada\u00bb, coment\u00f3, al tiempo que indic\u00f3 que ese cultivo \u00abes fundamental para poder abastecer nuestras cadenas de producci\u00f3n que generan empleo y aumentan divisas por las exportaciones\u00bb.<\/p>\n<p>Luego destac\u00f3 que el congreso se concreta en el marco de la Regi\u00f3n Centro, que \u00abes un ejemplo de c\u00f3mo se puede lograr en la Argentina que tres provincias durante 25 a\u00f1os construyan pol\u00edticas p\u00fablicas que vayan trascendiendo y superando las gestiones. Esto es lo importante porque en estos tiempos que nos toca vivir, donde hay m\u00faltiples problemas que todos conocemos, creo que a las soluciones las compartimos, porque qui\u00e9n no quisiera vivir en un pa\u00eds donde podamos tener un tipo de cambio \u00fanico, donde no existieran retenciones a las exportaciones, donde el desempleo est\u00e9 en el m\u00ednimo y en el cual se reduzca la pobreza\u00bb.<\/p>\n<p>A continuaci\u00f3n, el gobernador Bordet expres\u00f3: \u00abLo que nos falta en Argentina, y muchas veces en nuestras provincias, es lograr los consensos necesarios para llevarlo adelante porque hace muchos a\u00f1os que vivimos de desencuentros y donde pareciera que el que grita m\u00e1s fuerte es el que tiene raz\u00f3n, donde pareciera que en el tiempo electoral todo vale para poder ganar una elecci\u00f3n\u201d.<\/p>\n<p><strong>Uni\u00f3n nacional<\/strong><\/p>\n<p>En ese punto, se pregunt\u00f3 \u201cde qu\u00e9 sirve ganar una elecci\u00f3n si no hay una actitud convocante a un gobierno de uni\u00f3n nacional\u201d, y consider\u00f3 que esa uni\u00f3n nacional \u201ctiene que ser sobre la base de un gran acuerdo, econ\u00f3mico, pol\u00edtico, social, empresarial, que nos permita definir esas pol\u00edticas p\u00fablicas que sean intocables y que se puedan superar de esta manera los problemas estructurales que tiene el pa\u00eds\u00bb.<\/p>\n<p>En ese marco, afirm\u00f3 que \u201ctengo cifradas esperanzas de que se puede hacer, porque tenemos un pa\u00eds que tiene un gran potencial, con t\u00e9cnicos, con cient\u00edficos, con gente de trabajo, con empresarios que quieren y aman la tarea que desarrollan, con los trabajadores que todos los d\u00edas contribuyen a aportar a la producci\u00f3n. Entonces es cuesti\u00f3n de ponernos de acuerdo, creo que en tiempo de elecciones es importante poder definir esto, ya que m\u00e1s all\u00e1 del resultado, si no hay vocaci\u00f3n de construir un proyecto colectivo que pueda integrarnos a todos como pa\u00eds, vamos a seguir cometiendo los mismos errores\u00bb.<\/p>\n<p>\u00abYo tengo una visi\u00f3n optimista y creo que es tiempo de que nos pongamos a trabajar fuertemente en la construcci\u00f3n de estas pol\u00edticas p\u00fablicas\u201d, subray\u00f3 luego y afirm\u00f3 que \u201cen la Regi\u00f3n Centro lo hemos logrado, me ha tocado trabajar durante este per\u00edodo con gobernadores de distinto signo pol\u00edtico y siempre nos pusimos de acuerdo para hacer lo mejor para nuestra Regi\u00f3n, cuando hab\u00eda que salir al mundo por nuestros productos; cuando hab\u00eda que fomentar y desarrollar cultivos, en este caso el ma\u00edz; cuando hab\u00eda que apoyar a nuestra industria, cuando hab\u00eda que defender a nuestros productores. Estamos en ese camino\u201d.<\/p>\n<p>En ese marco, Bordet entendi\u00f3 que \u00abel cultivo del ma\u00edz, como la agricultura argentina, tiene tambi\u00e9n grandes desaf\u00edos para el futuro. Es importante tener en cuenta las pr\u00e1cticas responsables de producci\u00f3n. Tenemos que hacer compatibles con el ambiente nuestro sistema de producci\u00f3n, no es una dicotom\u00eda. Hay que hacerlo y tenemos que trabajarlo unidos\u00bb.<\/p>\n<p>Tambi\u00e9n inst\u00f3 a pensar \u00abde qu\u00e9 manera tenemos que llegar con sistemas de riego, contamos con dos de los r\u00edos m\u00e1s caudalosos del mundo aqu\u00ed en nuestra Regi\u00f3n Centro y hay que aprovechar y buscar sistemas de riego. Esto no se hace con voluntarismo, sino con pol\u00edticas p\u00fablicas que vayan pudiendo construir acueductos, como se est\u00e1 haciendo de Santa Fe a C\u00f3rdoba, que fue apoyado por la Regi\u00f3n Centro. Esto se hace gestionando l\u00edneas de cr\u00e9dito que nos permitan desarrollar sistemas de riego\u00bb.<\/p>\n<p>Asimismo, se\u00f1al\u00f3 que se \u201cpuede avizorar en el futuro que el conocimiento aplicado a los sistemas de producci\u00f3n resulta clave para poder desarrollarlos, por eso suscribo a que en los d\u00edas de este Congreso internacional se pueda debatir, discutir, hacer los aportes convenientes y tener los elementos que necesitamos quienes tenemos que tomar decisiones, porque lo m\u00e1s valioso que se requiere es la informaci\u00f3n\u00bb.<\/p>\n<p><strong>Potencialidad para el desarrollo de pol\u00edticas p\u00fablicas<\/strong><\/p>\n<p>Por su parte, Bahillo destac\u00f3 la importancia de este congreso, \u00abno creo que haya hoy en el mundo un lugar con tanto conocimiento aplicado para el desarrollo de la cadena del ma\u00edz\u00bb.<\/p>\n<p>Hizo notar que este cultivo \u00abtiene m\u00faltiples usos, ya que no es s\u00f3lo alimento para humanos, sino tambi\u00e9n para consumo animal, fuente de energ\u00eda e insumo para la industria. Por eso, las potencialidades de este cultivo -sobre la base de la eficiencia con la cual lo producimos, el profesionalismo de nuestros productores, el desarrollo de tecnolog\u00eda y econom\u00eda del conocimiento y la agricultura de precisi\u00f3n que tiene nuestra regi\u00f3n-, son oportunidades y desaf\u00edos muy importantes en cuanto a lo que demanda el mundo\u00bb.<\/p>\n<p>\u00abEste congreso ser\u00e1 muy \u00fatil en materia de desarrollar informaci\u00f3n e insumos, no s\u00f3lo para mejorar la productividad y el profesionalismo de nuestros productores, sino tambi\u00e9n para la conformaci\u00f3n de pol\u00edticas p\u00fablicas\u00bb, subray\u00f3.<\/p>\n<p><strong>El ma\u00edz, una oportunidad<\/strong><\/p>\n<p>En tanto, el CEO del Congreso, <strong>Joaqu\u00edn Pinasco<\/strong>, agradeci\u00f3 a todos los que hicieron posible el evento y asegur\u00f3 que ser\u00e1n \u00abdos jornadas a puro conocimiento e informaci\u00f3n\u00bb, a la vez que se\u00f1al\u00f3 que \u00aben lo personal me siento muy emocionado\u00bb.<\/p>\n<p>Destac\u00f3 que en Argentina \u00abla agricultura vuelve a tener una oportunidad, que claramente se la da el ma\u00edz por todo lo que implica, las inversiones que requiere, el efecto derrame que provoca y el conocimiento que deben tener quienes lo producen para llevarlo adelante. Y por sobre todas las cosas, porque el ma\u00edz atraviesa la humanidad, hace mucho m\u00e1s de 500 a\u00f1os\u00bb.<\/p>\n<p>\u00abEl ma\u00edz es desarrollo\u00bb, dijo luego Pinasco y se\u00f1al\u00f3 que \u00abeste congreso nos obliga a estar atentos, a prestar atenci\u00f3n. Se hablar\u00e1 de oportunidades, de soluciones, de avances tecnol\u00f3gicos y cient\u00edficos, pero tambi\u00e9n se plantear\u00e1n problemas, nuevos desaf\u00edos que van a requerir que todo este ecosistema, en el cual me incluyo, nos hagamos realmente cargo para siempre\u00bb.<\/p>\n<p>Por \u00faltimo, inst\u00f3 a los participantes a aprovechar este congreso \u00abpara ser mejores agricultores, mejores contratistas, m\u00e1s transformadores, m\u00e1s generadores de valor. Entre R\u00edos es una provincia que es ejemplo de eso\u00bb.<\/p>\n<p><strong>Noble cultivo<\/strong><\/p>\n<p>Por su parte, el ministro de Agricultura de C\u00f3rdoba, <strong>Sergio Busso<\/strong>, hizo llegar el saludo del gobernador de su provincia, Juan Schiaretti, y destac\u00f3 la continuidad y alternancia que se logr\u00f3 dar al congreso \u00abporque somos una regi\u00f3n que produce un cultivo tan importante como es el ma\u00edz\u00bb.<\/p>\n<p>\u00abHicimos en C\u00f3rdoba el primer congreso que dio resultados muy positivos\u00bb, record\u00f3 el funcionario, al tiempo que indic\u00f3 que son \u00abnecesarios estos espacios para poder proponer, discutir y aprender. Eso es lo m\u00e1s importante\u00bb.<\/p>\n<p>\u00abTodos estamos convencidos de que el ma\u00edz es uno de los cultivos m\u00e1s nobles que tenemos en nuestra regi\u00f3n, por lo que genera, lo que produce, porque le da crecimiento, desarrollo, arraigo a nuestra gente\u00bb, continu\u00f3 diciendo el funcionario cordob\u00e9s y agreg\u00f3 que \u00aba veces nos proponemos objetivos que son totalmente posibles como producir m\u00e1s para exportar m\u00e1s y tener los recursos que Argentina necesita\u00bb.<\/p>\n<p>Finalmente Busso manifest\u00f3 que \u00abArgentina va a salir con trabajo y producci\u00f3n, y para eso tenemos que ponernos de acuerdo y tener una macro (econom\u00eda) que sea previsible, transparente y sobre todo permanente en el tiempo, para que la toma de decisiones puedan ser l\u00f3gicas y servir a ese prop\u00f3sito\u00bb.<\/p>\n<p><strong>Generar acuerdos<\/strong><\/p>\n<p>El presidente de la Asociaci\u00f3n Maizar y miembro de la Asociaci\u00f3n Argentina de Productores en Siembra Directa (Aapresid), <strong>Pedro Vigneau<\/strong>, valor\u00f3 la realizaci\u00f3n del evento. Manifest\u00f3 que \u201chay un mundo que vira r\u00e1pidamente de lo f\u00f3sil a lo renovable, y ah\u00ed el ma\u00edz sin duda tiene un rol protag\u00f3nico. Por su caracter\u00edstica puede tomar mucho m\u00e1s di\u00f3xido de carbono de la atm\u00f3sfera que la mayor\u00eda de las plantas y transformarlo en biomasa\u00bb.<\/p>\n<p>\u00abAdem\u00e1s de tener una de las cuencas fotosint\u00e9ticas m\u00e1s eficientes del mundo en nuestro pa\u00eds, tenemos un vector que es m\u00e1s gravitante en el desarrollo de la econom\u00eda, de excepci\u00f3n, la capacidad t\u00e9cnica, los tomadores de decisiones. Los fundamentales del negocio est\u00e1n y esto es un fundamental clave\u00bb, opin\u00f3 Vigneau.<\/p>\n<p>Dijo que Argentina tiene mucho para ofrecer en funci\u00f3n de disminuir la generaci\u00f3n de di\u00f3xido de carbono, llamando a contar estas posibilidades \u00aby ponernos de acuerdo. Bajemos un poco la guardia, conversemos, y vemos c\u00f3mo hacemos para aprovechar esta oportunidad\u00bb, manifest\u00f3. Se\u00f1al\u00f3 que es necesario \u00absaber qu\u00e9 impacto tienen las pol\u00edticas en el cultivo de ma\u00edz, con la cabeza puesta en el consumidor, que hoy le pone mucho foco al tema ambiental, y tenemos que estar a la altura\u00bb.<\/p>\n<p>Mostr\u00f3 luego las posibilidades que brinda esta producci\u00f3n indicando los materiales de la vestimenta que llevaba puesta los cuales se producen en Estados Unidos y China. \u00abSe deber\u00eda hacer donde est\u00e1 el ma\u00edz con la mejor huella ambiental del mundo, ac\u00e1, en Argentina\u00bb.<\/p>\n<p><strong>El ma\u00edz en Entre R\u00edos<\/strong><\/p>\n<p>Para nuestra provincia, el Congreso Internacional del Ma\u00edz significa una instancia crucial que permite seguir pensando pol\u00edticas p\u00fablicas que ayuden a incrementar la superficie sembrada de un cultivo que tanto aporte trae al bienestar econ\u00f3mico y social de nuestro territorio. Adem\u00e1s, el espacio facilita la presentaci\u00f3n de novedades tecnol\u00f3gicas y el debate de los desaf\u00edos de una de las principales cadenas agroindustriales del pa\u00eds.<\/p>\n<p>Las exportaciones de ma\u00edz fueron 227.247 toneladas el a\u00f1o pasado, generando una importante suma de divisas para Entre R\u00edos con 384.000 d\u00f3lares. No obstante esto, existe un faltante de aproximadamente 350.000 toneladas de ma\u00edz entrerriano para alimentar s\u00f3lo a la producci\u00f3n av\u00edcola. Adem\u00e1s, durante el 2022 las cadenas bovina y porcina demandaron casi 568.000 toneladas de ma\u00edz entre tambos, feedlot, cr\u00eda de terneros y porcinos.<\/p>\n<p>Con estas cifras, Entre R\u00edos es una de las \u00fanicas provincias que procesa m\u00e1s ma\u00edz del que se exporta en su forma bruta y adem\u00e1s tiene que comprarle a otras provincias, para poder abastecer otras cadenas productivas.<\/p>\n<p>Desde el gobierno provincial se sigue trabajando para seguir ampliando el \u00e1rea sembrada de ma\u00edz -teniendo en cuenta que es una provincia que necesita sembrar aproximadamente entre 100 y 150.000 hect\u00e1reas m\u00e1s de ma\u00edz para poder autoabastecerse. Es decir, generar el ma\u00edz que consumen las cadenas productivas y transforman la prote\u00edna vegetal en prote\u00edna animal. Tambi\u00e9n es necesario contar con el conocimiento para aumentar los quintales de rendimiento, apostando para ello a un trabajo articulado entre el sector p\u00fablico y privado.<\/p>\n","protected":false},"excerpt":{"rendered":"<p>En el marco del 2\u00ba Congreso Internacional de Ma\u00edz que se desarrolla en Paran\u00e1, el gobernador Gustavo Bordet inst\u00f3 a conformar un gobierno de uni\u00f3n nacional, \u201csobre la base de un gran acuerdo econ\u00f3mico, pol\u00edtico, social, empresarial, que nos permitan superar los problemas estructurales del pa\u00eds\u00bb.<\/p>\n","protected":false},"author":8,"featured_media":165555,"comment_status":"open","ping_status":"open","sticky":false,"template":"","format":"standard","meta":{"fifu_image_url":"","fifu_image_alt":"","footnotes":""},"categories":[16],"tags":[4343,4322,167,273],"class_list":{"0":"post-165554","1":"post","2":"type-post","3":"status-publish","4":"format-standard","5":"has-post-thumbnail","7":"category-politi","8":"tag-congreso-de-maiz-en-parana","9":"tag-congreso-internacional-de-maiz","10":"tag-gustavo-bordet","11":"tag-maiz"},"yoast_head":"<title>Bordet se pronunci\u00f3 por un gobierno de uni\u00f3n nacional que permita superar los problemas estructurales del pa\u00eds - Informe Litoral<\/title>\n<meta name=\"robots\" content=\"index, follow, max-snippet:-1, max-image-preview:large, max-video-preview:-1\" \/>\n<link rel=\"canonical\" href=\"https:\/\/informelitoral.com.ar\/bordet-se-pronuncio-por-un-gobierno-de-union-nacional-que-permita-superar-los-problemas-estructurales-del-pais\/\" \/>\n<meta property=\"og:locale\" content=\"es_ES\" \/>\n<meta property=\"og:type\" content=\"article\" \/>\n<meta property=\"og:title\" content=\"Bordet se pronunci\u00f3 por un gobierno de uni\u00f3n nacional que permita superar los problemas estructurales del pa\u00eds - Informe Litoral\" \/>\n<meta property=\"og:description\" content=\"En el marco del 2\u00ba Congreso Internacional de Ma\u00edz que se desarrolla en Paran\u00e1, el gobernador Gustavo Bordet inst\u00f3 a conformar un gobierno de uni\u00f3n nacional, \u201csobre la base de un gran acuerdo econ\u00f3mico, pol\u00edtico, social, empresarial, que nos permitan superar los problemas estructurales del pa\u00eds&quot;.\" \/>\n<meta property=\"og:url\" content=\"https:\/\/informelitoral.com.ar\/bordet-se-pronuncio-por-un-gobierno-de-union-nacional-que-permita-superar-los-problemas-estructurales-del-pais\/\" \/>\n<meta property=\"og:site_name\" content=\"Informe Litoral\" \/>\n<meta property=\"article:publisher\" content=\"https:\/\/www.facebook.com\/informelitoral\/\" \/>\n<meta property=\"article:published_time\" content=\"2023-09-13T11:53:56+00:00\" \/>\n<meta property=\"article:modified_time\" content=\"2023-09-13T22:15:00+00:00\" \/>\n<meta property=\"og:image\" content=\"https:\/\/informelitoral.com.ar\/%77%70%2d%63%6f%6e%74%65%6e%74\/uploads\/2023\/09\/p_1694535588.jpg\" \/>\n\t<meta property=\"og:image:width\" content=\"1920\" \/>\n\t<meta property=\"og:image:height\" content=\"800\" \/>\n\t<meta property=\"og:image:type\" content=\"image\/jpeg\" \/>\n<meta name=\"author\" content=\"Sebastian\" \/>\n<meta name=\"twitter:card\" content=\"summary_large_image\" \/>\n<meta name=\"twitter:creator\" content=\"@InformeLitoral\" \/>\n<meta name=\"twitter:site\" content=\"@InformeLitoral\" \/>\n<meta name=\"twitter:label1\" content=\"Escrito por\" \/>\n\t<meta name=\"twitter:data1\" content=\"Sebastian\" \/>\n\t<meta name=\"twitter:label2\" content=\"Tiempo de lectura\" \/>\n\t<meta name=\"twitter:data2\" content=\"10 minutos\" \/>\n<script type=\"application\/ld+json\" class=\"yoast-schema-graph\">{\"@context\":\"https:\\\/\\\/schema.org\",\"@graph\":[{\"@type\":\"Article\",\"@id\":\"https:\\\/\\\/informelitoral.com.ar\\\/bordet-se-pronuncio-por-un-gobierno-de-union-nacional-que-permita-superar-los-problemas-estructurales-del-pais\\\/#article\",\"isPartOf\":{\"@id\":\"https:\\\/\\\/informelitoral.com.ar\\\/bordet-se-pronuncio-por-un-gobierno-de-union-nacional-que-permita-superar-los-problemas-estructurales-del-pais\\\/\"},\"author\":{\"name\":\"Sebastian\",\"@id\":\"https:\\\/\\\/informelitoral.com.ar\\\/#\\\/schema\\\/person\\\/f05f9f461677119578717524b127d6d5\"},\"headline\":\"Bordet se pronunci\u00f3 por un gobierno de uni\u00f3n nacional que permita superar los problemas estructurales del pa\u00eds\",\"datePublished\":\"2023-09-13T11:53:56+00:00\",\"dateModified\":\"2023-09-13T22:15:00+00:00\",\"mainEntityOfPage\":{\"@id\":\"https:\\\/\\\/informelitoral.com.ar\\\/bordet-se-pronuncio-por-un-gobierno-de-union-nacional-que-permita-superar-los-problemas-estructurales-del-pais\\\/\"},\"wordCount\":2108,\"commentCount\":0,\"publisher\":{\"@id\":\"https:\\\/\\\/informelitoral.com.ar\\\/#organization\"},\"image\":{\"@id\":\"https:\\\/\\\/informelitoral.com.ar\\\/bordet-se-pronuncio-por-un-gobierno-de-union-nacional-que-permita-superar-los-problemas-estructurales-del-pais\\\/#primaryimage\"},\"thumbnailUrl\":\"https:\\\/\\\/informelitoral.com.ar\\\/%77%70%2d%63%6f%6e%74%65%6e%74\\\/uploads\\\/2023\\\/09\\\/p_1694535588.jpg\",\"keywords\":[\"Congreso de Ma\u00edz en Paran\u00e1\",\"Congreso Internacional de Ma\u00edz\",\"Gustavo Bordet\",\"Ma\u00edz\"],\"articleSection\":[\"Politica\"],\"inLanguage\":\"es\",\"potentialAction\":[{\"@type\":\"CommentAction\",\"name\":\"Comment\",\"target\":[\"https:\\\/\\\/informelitoral.com.ar\\\/bordet-se-pronuncio-por-un-gobierno-de-union-nacional-que-permita-superar-los-problemas-estructurales-del-pais\\\/#respond\"]}]},{\"@type\":\"WebPage\",\"@id\":\"https:\\\/\\\/informelitoral.com.ar\\\/bordet-se-pronuncio-por-un-gobierno-de-union-nacional-que-permita-superar-los-problemas-estructurales-del-pais\\\/\",\"url\":\"https:\\\/\\\/informelitoral.com.ar\\\/bordet-se-pronuncio-por-un-gobierno-de-union-nacional-que-permita-superar-los-problemas-estructurales-del-pais\\\/\",\"name\":\"Bordet se pronunci\u00f3 por un gobierno de uni\u00f3n nacional que permita superar los problemas estructurales del pa\u00eds - Informe Litoral\",\"isPartOf\":{\"@id\":\"https:\\\/\\\/informelitoral.com.ar\\\/#website\"},\"primaryImageOfPage\":{\"@id\":\"https:\\\/\\\/informelitoral.com.ar\\\/bordet-se-pronuncio-por-un-gobierno-de-union-nacional-que-permita-superar-los-problemas-estructurales-del-pais\\\/#primaryimage\"},\"image\":{\"@id\":\"https:\\\/\\\/informelitoral.com.ar\\\/bordet-se-pronuncio-por-un-gobierno-de-union-nacional-que-permita-superar-los-problemas-estructurales-del-pais\\\/#primaryimage\"},\"thumbnailUrl\":\"https:\\\/\\\/informelitoral.com.ar\\\/%77%70%2d%63%6f%6e%74%65%6e%74\\\/uploads\\\/2023\\\/09\\\/p_1694535588.jpg\",\"datePublished\":\"2023-09-13T11:53:56+00:00\",\"dateModified\":\"2023-09-13T22:15:00+00:00\",\"breadcrumb\":{\"@id\":\"https:\\\/\\\/informelitoral.com.ar\\\/bordet-se-pronuncio-por-un-gobierno-de-union-nacional-que-permita-superar-los-problemas-estructurales-del-pais\\\/#breadcrumb\"},\"inLanguage\":\"es\",\"potentialAction\":[{\"@type\":\"ReadAction\",\"target\":[\"https:\\\/\\\/informelitoral.com.ar\\\/bordet-se-pronuncio-por-un-gobierno-de-union-nacional-que-permita-superar-los-problemas-estructurales-del-pais\\\/\"]}]},{\"@type\":\"ImageObject\",\"inLanguage\":\"es\",\"@id\":\"https:\\\/\\\/informelitoral.com.ar\\\/bordet-se-pronuncio-por-un-gobierno-de-union-nacional-que-permita-superar-los-problemas-estructurales-del-pais\\\/#primaryimage\",\"url\":\"https:\\\/\\\/informelitoral.com.ar\\\/%77%70%2d%63%6f%6e%74%65%6e%74\\\/uploads\\\/2023\\\/09\\\/p_1694535588.jpg\",\"contentUrl\":\"https:\\\/\\\/informelitoral.com.ar\\\/%77%70%2d%63%6f%6e%74%65%6e%74\\\/uploads\\\/2023\\\/09\\\/p_1694535588.jpg\",\"width\":1920,\"height\":800},{\"@type\":\"BreadcrumbList\",\"@id\":\"https:\\\/\\\/informelitoral.com.ar\\\/bordet-se-pronuncio-por-un-gobierno-de-union-nacional-que-permita-superar-los-problemas-estructurales-del-pais\\\/#breadcrumb\",\"itemListElement\":[{\"@type\":\"ListItem\",\"position\":1,\"name\":\"Portada\",\"item\":\"https:\\\/\\\/informelitoral.com.ar\\\/\"},{\"@type\":\"ListItem\",\"position\":2,\"name\":\"Bordet se pronunci\u00f3 por un gobierno de uni\u00f3n nacional que permita superar los problemas estructurales del pa\u00eds\"}]},{\"@type\":\"WebSite\",\"@id\":\"https:\\\/\\\/informelitoral.com.ar\\\/#website\",\"url\":\"https:\\\/\\\/informelitoral.com.ar\\\/\",\"name\":\"Informe Litoral\",\"description\":\"&quot;Nos informamos&quot; \",\"publisher\":{\"@id\":\"https:\\\/\\\/informelitoral.com.ar\\\/#organization\"},\"potentialAction\":[{\"@type\":\"SearchAction\",\"target\":{\"@type\":\"EntryPoint\",\"urlTemplate\":\"https:\\\/\\\/informelitoral.com.ar\\\/?s={search_term_string}\"},\"query-input\":{\"@type\":\"PropertyValueSpecification\",\"valueRequired\":true,\"valueName\":\"search_term_string\"}}],\"inLanguage\":\"es\"},{\"@type\":\"Organization\",\"@id\":\"https:\\\/\\\/informelitoral.com.ar\\\/#organization\",\"name\":\"Informe Litoral\",\"url\":\"https:\\\/\\\/informelitoral.com.ar\\\/\",\"logo\":{\"@type\":\"ImageObject\",\"inLanguage\":\"es\",\"@id\":\"https:\\\/\\\/informelitoral.com.ar\\\/#\\\/schema\\\/logo\\\/image\\\/\",\"url\":\"https:\\\/\\\/informelitoral.com.ar\\\/%77%70%2d%63%6f%6e%74%65%6e%74\\\/uploads\\\/2021\\\/01\\\/circulo.png\",\"contentUrl\":\"https:\\\/\\\/informelitoral.com.ar\\\/%77%70%2d%63%6f%6e%74%65%6e%74\\\/uploads\\\/2021\\\/01\\\/circulo.png\",\"width\":723,\"height\":731,\"caption\":\"Informe Litoral\"},\"image\":{\"@id\":\"https:\\\/\\\/informelitoral.com.ar\\\/#\\\/schema\\\/logo\\\/image\\\/\"},\"sameAs\":[\"https:\\\/\\\/www.facebook.com\\\/informelitoral\\\/\",\"https:\\\/\\\/x.com\\\/InformeLitoral\",\"https:\\\/\\\/www.instagram.com\\\/informelitoral\\\/\",\"https:\\\/\\\/www.youtube.com\\\/channel\\\/UCua4Qvz8Icb6MYqhoq9xLXw\"]},{\"@type\":\"Person\",\"@id\":\"https:\\\/\\\/informelitoral.com.ar\\\/#\\\/schema\\\/person\\\/f05f9f461677119578717524b127d6d5\",\"name\":\"Sebastian\",\"image\":{\"@type\":\"ImageObject\",\"inLanguage\":\"es\",\"@id\":\"https:\\\/\\\/secure.gravatar.com\\\/avatar\\\/b71bf7481d447dfb9583c7f2798e7cc64de6efb9067b74633ed8c31059a3bd82?s=96&d=mm&r=g\",\"url\":\"https:\\\/\\\/secure.gravatar.com\\\/avatar\\\/b71bf7481d447dfb9583c7f2798e7cc64de6efb9067b74633ed8c31059a3bd82?s=96&d=mm&r=g\",\"contentUrl\":\"https:\\\/\\\/secure.gravatar.com\\\/avatar\\\/b71bf7481d447dfb9583c7f2798e7cc64de6efb9067b74633ed8c31059a3bd82?s=96&d=mm&r=g\",\"caption\":\"Sebastian\"},\"url\":\"https:\\\/\\\/informelitoral.com.ar\\\/author\\\/sebastian\\\/\"}]}<\/script>","yoast_head_json":{"title":"Bordet se pronunci\u00f3 por un gobierno de uni\u00f3n nacional que permita superar los problemas estructurales del pa\u00eds - Informe Litoral","robots":{"index":"index","follow":"follow","max-snippet":"max-snippet:-1","max-image-preview":"max-image-preview:large","max-video-preview":"max-video-preview:-1"},"canonical":"https:\/\/informelitoral.com.ar\/bordet-se-pronuncio-por-un-gobierno-de-union-nacional-que-permita-superar-los-problemas-estructurales-del-pais\/","og_locale":"es_ES","og_type":"article","og_title":"Bordet se pronunci\u00f3 por un gobierno de uni\u00f3n nacional que permita superar los problemas estructurales del pa\u00eds - Informe Litoral","og_description":"En el marco del 2\u00ba Congreso Internacional de Ma\u00edz que se desarrolla en Paran\u00e1, el gobernador Gustavo Bordet inst\u00f3 a conformar un gobierno de uni\u00f3n nacional, \u201csobre la base de un gran acuerdo econ\u00f3mico, pol\u00edtico, social, empresarial, que nos permitan superar los problemas estructurales del pa\u00eds\".","og_url":"https:\/\/informelitoral.com.ar\/bordet-se-pronuncio-por-un-gobierno-de-union-nacional-que-permita-superar-los-problemas-estructurales-del-pais\/","og_site_name":"Informe Litoral","article_publisher":"https:\/\/www.facebook.com\/informelitoral\/","article_published_time":"2023-09-13T11:53:56+00:00","article_modified_time":"2023-09-13T22:15:00+00:00","og_image":[{"width":1920,"height":800,"url":"https:\/\/informelitoral.com.ar\/%77%70%2d%63%6f%6e%74%65%6e%74\/uploads\/2023\/09\/p_1694535588.jpg","type":"image\/jpeg"}],"author":"Sebastian","twitter_card":"summary_large_image","twitter_creator":"@InformeLitoral","twitter_site":"@InformeLitoral","twitter_misc":{"Escrito por":"Sebastian","Tiempo de lectura":"10 minutos"},"schema":{"@context":"https:\/\/schema.org","@graph":[{"@type":"Article","@id":"https:\/\/informelitoral.com.ar\/bordet-se-pronuncio-por-un-gobierno-de-union-nacional-que-permita-superar-los-problemas-estructurales-del-pais\/#article","isPartOf":{"@id":"https:\/\/informelitoral.com.ar\/bordet-se-pronuncio-por-un-gobierno-de-union-nacional-que-permita-superar-los-problemas-estructurales-del-pais\/"},"author":{"name":"Sebastian","@id":"https:\/\/informelitoral.com.ar\/#\/schema\/person\/f05f9f461677119578717524b127d6d5"},"headline":"Bordet se pronunci\u00f3 por un gobierno de uni\u00f3n nacional que permita superar los problemas estructurales del pa\u00eds","datePublished":"2023-09-13T11:53:56+00:00","dateModified":"2023-09-13T22:15:00+00:00","mainEntityOfPage":{"@id":"https:\/\/informelitoral.com.ar\/bordet-se-pronuncio-por-un-gobierno-de-union-nacional-que-permita-superar-los-problemas-estructurales-del-pais\/"},"wordCount":2108,"commentCount":0,"publisher":{"@id":"https:\/\/informelitoral.com.ar\/#organization"},"image":{"@id":"https:\/\/informelitoral.com.ar\/bordet-se-pronuncio-por-un-gobierno-de-union-nacional-que-permita-superar-los-problemas-estructurales-del-pais\/#primaryimage"},"thumbnailUrl":"https:\/\/informelitoral.com.ar\/%77%70%2d%63%6f%6e%74%65%6e%74\/uploads\/2023\/09\/p_1694535588.jpg","keywords":["Congreso de Ma\u00edz en Paran\u00e1","Congreso Internacional de Ma\u00edz","Gustavo Bordet","Ma\u00edz"],"articleSection":["Politica"],"inLanguage":"es","potentialAction":[{"@type":"CommentAction","name":"Comment","target":["https:\/\/informelitoral.com.ar\/bordet-se-pronuncio-por-un-gobierno-de-union-nacional-que-permita-superar-los-problemas-estructurales-del-pais\/#respond"]}]},{"@type":"WebPage","@id":"https:\/\/informelitoral.com.ar\/bordet-se-pronuncio-por-un-gobierno-de-union-nacional-que-permita-superar-los-problemas-estructurales-del-pais\/","url":"https:\/\/informelitoral.com.ar\/bordet-se-pronuncio-por-un-gobierno-de-union-nacional-que-permita-superar-los-problemas-estructurales-del-pais\/","name":"Bordet se pronunci\u00f3 por un gobierno de uni\u00f3n nacional que permita superar los problemas estructurales del pa\u00eds - Informe Litoral","isPartOf":{"@id":"https:\/\/informelitoral.com.ar\/#website"},"primaryImageOfPage":{"@id":"https:\/\/informelitoral.com.ar\/bordet-se-pronuncio-por-un-gobierno-de-union-nacional-que-permita-superar-los-problemas-estructurales-del-pais\/#primaryimage"},"image":{"@id":"https:\/\/informelitoral.com.ar\/bordet-se-pronuncio-por-un-gobierno-de-union-nacional-que-permita-superar-los-problemas-estructurales-del-pais\/#primaryimage"},"thumbnailUrl":"https:\/\/informelitoral.com.ar\/%77%70%2d%63%6f%6e%74%65%6e%74\/uploads\/2023\/09\/p_1694535588.jpg","datePublished":"2023-09-13T11:53:56+00:00","dateModified":"2023-09-13T22:15:00+00:00","breadcrumb":{"@id":"https:\/\/informelitoral.com.ar\/bordet-se-pronuncio-por-un-gobierno-de-union-nacional-que-permita-superar-los-problemas-estructurales-del-pais\/#breadcrumb"},"inLanguage":"es","potentialAction":[{"@type":"ReadAction","target":["https:\/\/informelitoral.com.ar\/bordet-se-pronuncio-por-un-gobierno-de-union-nacional-que-permita-superar-los-problemas-estructurales-del-pais\/"]}]},{"@type":"ImageObject","inLanguage":"es","@id":"https:\/\/informelitoral.com.ar\/bordet-se-pronuncio-por-un-gobierno-de-union-nacional-que-permita-superar-los-problemas-estructurales-del-pais\/#primaryimage","url":"https:\/\/informelitoral.com.ar\/%77%70%2d%63%6f%6e%74%65%6e%74\/uploads\/2023\/09\/p_1694535588.jpg","contentUrl":"https:\/\/informelitoral.com.ar\/%77%70%2d%63%6f%6e%74%65%6e%74\/uploads\/2023\/09\/p_1694535588.jpg","width":1920,"height":800},{"@type":"BreadcrumbList","@id":"https:\/\/informelitoral.com.ar\/bordet-se-pronuncio-por-un-gobierno-de-union-nacional-que-permita-superar-los-problemas-estructurales-del-pais\/#breadcrumb","itemListElement":[{"@type":"ListItem","position":1,"name":"Portada","item":"https:\/\/informelitoral.com.ar\/"},{"@type":"ListItem","position":2,"name":"Bordet se pronunci\u00f3 por un gobierno de uni\u00f3n nacional que permita superar los problemas estructurales del pa\u00eds"}]},{"@type":"WebSite","@id":"https:\/\/informelitoral.com.ar\/#website","url":"https:\/\/informelitoral.com.ar\/","name":"Informe Litoral","description":"&quot;Nos informamos&quot; ","publisher":{"@id":"https:\/\/informelitoral.com.ar\/#organization"},"potentialAction":[{"@type":"SearchAction","target":{"@type":"EntryPoint","urlTemplate":"https:\/\/informelitoral.com.ar\/?s={search_term_string}"},"query-input":{"@type":"PropertyValueSpecification","valueRequired":true,"valueName":"search_term_string"}}],"inLanguage":"es"},{"@type":"Organization","@id":"https:\/\/informelitoral.com.ar\/#organization","name":"Informe Litoral","url":"https:\/\/informelitoral.com.ar\/","logo":{"@type":"ImageObject","inLanguage":"es","@id":"https:\/\/informelitoral.com.ar\/#\/schema\/logo\/image\/","url":"https:\/\/informelitoral.com.ar\/%77%70%2d%63%6f%6e%74%65%6e%74\/uploads\/2021\/01\/circulo.png","contentUrl":"https:\/\/informelitoral.com.ar\/%77%70%2d%63%6f%6e%74%65%6e%74\/uploads\/2021\/01\/circulo.png","width":723,"height":731,"caption":"Informe Litoral"},"image":{"@id":"https:\/\/informelitoral.com.ar\/#\/schema\/logo\/image\/"},"sameAs":["https:\/\/www.facebook.com\/informelitoral\/","https:\/\/x.com\/InformeLitoral","https:\/\/www.instagram.com\/informelitoral\/","https:\/\/www.youtube.com\/channel\/UCua4Qvz8Icb6MYqhoq9xLXw"]},{"@type":"Person","@id":"https:\/\/informelitoral.com.ar\/#\/schema\/person\/f05f9f461677119578717524b127d6d5","name":"Sebastian","image":{"@type":"ImageObject","inLanguage":"es","@id":"https:\/\/secure.gravatar.com\/avatar\/b71bf7481d447dfb9583c7f2798e7cc64de6efb9067b74633ed8c31059a3bd82?s=96&d=mm&r=g","url":"https:\/\/secure.gravatar.com\/avatar\/b71bf7481d447dfb9583c7f2798e7cc64de6efb9067b74633ed8c31059a3bd82?s=96&d=mm&r=g","contentUrl":"https:\/\/secure.gravatar.com\/avatar\/b71bf7481d447dfb9583c7f2798e7cc64de6efb9067b74633ed8c31059a3bd82?s=96&d=mm&r=g","caption":"Sebastian"},"url":"https:\/\/informelitoral.com.ar\/author\/sebastian\/"}]}},"_links":{"self":[{"href":"https:\/\/informelitoral.com.ar\/%77%70%2d%6a%73%6f%6e\/wp\/v2\/posts\/165554","targetHints":{"allow":["GET"]}}],"collection":[{"href":"https:\/\/informelitoral.com.ar\/%77%70%2d%6a%73%6f%6e\/wp\/v2\/posts"}],"about":[{"href":"https:\/\/informelitoral.com.ar\/%77%70%2d%6a%73%6f%6e\/wp\/v2\/types\/post"}],"author":[{"embeddable":true,"href":"https:\/\/informelitoral.com.ar\/%77%70%2d%6a%73%6f%6e\/wp\/v2\/users\/8"}],"replies":[{"embeddable":true,"href":"https:\/\/informelitoral.com.ar\/%77%70%2d%6a%73%6f%6e\/wp\/v2\/comments?post=165554"}],"version-history":[{"count":0,"href":"https:\/\/informelitoral.com.ar\/%77%70%2d%6a%73%6f%6e\/wp\/v2\/posts\/165554\/revisions"}],"wp:featuredmedia":[{"embeddable":true,"href":"https:\/\/informelitoral.com.ar\/%77%70%2d%6a%73%6f%6e\/wp\/v2\/media\/165555"}],"wp:attachment":[{"href":"https:\/\/informelitoral.com.ar\/%77%70%2d%6a%73%6f%6e\/wp\/v2\/media?parent=165554"}],"wp:term":[{"taxonomy":"category","embeddable":true,"href":"https:\/\/informelitoral.com.ar\/%77%70%2d%6a%73%6f%6e\/wp\/v2\/categories?post=165554"},{"taxonomy":"post_tag","embeddable":true,"href":"https:\/\/informelitoral.com.ar\/%77%70%2d%6a%73%6f%6e\/wp\/v2\/tags?post=165554"}],"curies":[{"name":"wp","href":"https:\/\/api.w.org\/{rel}","templated":true}]}}