{"id":16549,"date":"2016-06-08T08:24:23","date_gmt":"2016-06-08T11:24:23","guid":{"rendered":"http:\/\/www.isletasnoticias.com.ar\/?p=16549"},"modified":"2016-06-08T08:29:26","modified_gmt":"2016-06-08T11:29:26","slug":"ramirez-comenzo-una-capacitacion-sobre-el-rol-del-sector-agropecuario-ante-los-nuevos-escenarios-de-produccion","status":"publish","type":"post","link":"https:\/\/informelitoral.com.ar\/ramirez-comenzo-una-capacitacion-sobre-el-rol-del-sector-agropecuario-ante-los-nuevos-escenarios-de-produccion\/","title":{"rendered":"Ram\u00edrez: capacitaci\u00f3n sobre el rol del sector agropecuario ante los nuevos escenarios de producci\u00f3n"},"content":{"rendered":"<p><strong>Es destinado a docentes de nivel Primario y Secundario. Las clases comenzaron el martes 7 en la Casa Municipal de la Cultura y continuar\u00e1n el 14, 21 y 28 de junio y el 5 de julio de 16.30 a 21.00.<\/strong><\/p>\n<figure id=\"attachment_16550\" aria-describedby=\"caption-attachment-16550\" style=\"width: 576px\" class=\"wp-caption aligncenter\"><a href=\"http:\/\/www.isletasnoticias.com.ar\/%77%70%2d%63%6f%6e%74%65%6e%74\/uploads\/2016\/06\/Biotecnolog\u00eda.jpg\"><img loading=\"lazy\" decoding=\"async\" class=\"wp-image-16550 size-full\" src=\"http:\/\/www.isletasnoticias.com.ar\/%77%70%2d%63%6f%6e%74%65%6e%74\/uploads\/2016\/06\/Biotecnolog\u00eda.jpg\" alt=\"Biotecnolog\u00eda\" width=\"576\" height=\"380\" srcset=\"https:\/\/informelitoral.com.ar\/%77%70%2d%63%6f%6e%74%65%6e%74\/uploads\/2016\/06\/Biotecnolog\u00eda.jpg 576w, https:\/\/informelitoral.com.ar\/%77%70%2d%63%6f%6e%74%65%6e%74\/uploads\/2016\/06\/Biotecnolog\u00eda-300x198.jpg 300w\" sizes=\"auto, (max-width: 576px) 100vw, 576px\" \/><\/a><figcaption id=\"caption-attachment-16550\" class=\"wp-caption-text\"><em>(Imagen ilustrativa)<\/em><\/figcaption><\/figure>\n<p>En General Ram\u00edrez comenz\u00f3 una capacitaci\u00f3n docente destinada a nivel Inicial, Primario, Secundario y escuelas Agrot\u00e9cnicas, sobre el\u00a0<em>Rol del sector agropecuario ante los nuevos escenarios de la producci\u00f3n de alimentos y salud ambiental<\/em>, que incluye: agroqu\u00edmicos, biotecnolog\u00eda, recursos naturales, cadenas productivas y un capitulo especial sobre <em>Sustentabilidad y buenas pr\u00e1cticas agropecuarias.<\/em><\/p>\n<p>Dicho curso es aprobado por el Consejo General de Educaci\u00f3n, otorga puntaje seg\u00fan Resoluci\u00f3n 1935\/15 y es gratuito.<\/p>\n<p>La actividad se realiz\u00f3 el martes 7 y continuar\u00e1 el 14, 21 y 28 de junio y 5 de julio de 16.30 a 21.00 en la Casa de la Cultura.<\/p>\n<p>Estan vinculados a esta actividad la Universidad Nacional de Entre R\u00edos a trav\u00e9s de la Facultad de Ciencias Agropecuarias, INTA, Colegio de Profesionales de la Agronom\u00eda de Entre R\u00edos (COPAER), Municipalidad de Gral. Ram\u00edrez y cuenta entre los auspiciantes a Cooperativa La Ganadera Gral. Ramirez Limitada.<\/p>\n<p>La inscripci\u00f3n previa se realiza en el link:\u00a0<a id=\"LPlnk807665\" class=\"x_OWAAutoLink\" title=\"Http:\/\/copaer.org.ar\/copaerweb\/cursos\/inscribir\/ramirez2016 Ctrl+Haga clic o pulse para seguir el v\u00ednculo\" href=\"http:\/\/copaer.org.ar\/copaerweb\/cursos\/inscribir\/ramirez2016\" target=\"_blank\">Http:\/\/copaer.org.ar\/copaerweb\/cursos\/inscribir\/ramirez2016<\/a>.<\/p>\n<p>Para consultas: <strong>Pablo Guelperin<\/strong> &#8211; coordinador General Cursos Docentes\u00a0mail: aeepablo@hotmail.com;\u00a0\u00f3 <strong>Melisa de los Santos<\/strong>: auxiliar Curso Docente\u00a0delosantos@hotmail.com,\u00a0Tel. COPAER: \u00a00343-4223159<\/p>\n","protected":false},"excerpt":{"rendered":"<p>Es destinado a docentes de nivel Primario y Secundario. Las clases comenzaron el martes 7 en la Casa Municipal de la Cultura y continuar&aacute;n el 14, 21 y 28 de junio y el 5 de julio de 16.30 a 21.00. En General Ram&iacute;rez comenz&oacute; una capacitaci&oacute;n docente destinada a nivel Inicial, Primario, Secundario y escuelas [&hellip;]<\/p>\n","protected":false},"author":2,"featured_media":0,"comment_status":"open","ping_status":"open","sticky":false,"template":"","format":"standard","meta":{"fifu_image_url":"","fifu_image_alt":"","footnotes":""},"categories":[5],"tags":[],"class_list":{"0":"post-16549","1":"post","2":"type-post","3":"status-publish","4":"format-standard","6":"category-zonales"},"yoast_head":"<title>Ram\u00edrez: capacitaci\u00f3n sobre el rol del sector agropecuario ante los nuevos escenarios de producci\u00f3n - Informe Litoral<\/title>\n<meta name=\"robots\" content=\"index, follow, max-snippet:-1, max-image-preview:large, max-video-preview:-1\" \/>\n<link rel=\"canonical\" href=\"https:\/\/informelitoral.com.ar\/ramirez-comenzo-una-capacitacion-sobre-el-rol-del-sector-agropecuario-ante-los-nuevos-escenarios-de-produccion\/\" \/>\n<meta property=\"og:locale\" content=\"es_ES\" \/>\n<meta property=\"og:type\" content=\"article\" \/>\n<meta property=\"og:title\" content=\"Ram\u00edrez: capacitaci\u00f3n sobre el rol del sector agropecuario ante los nuevos escenarios de producci\u00f3n - Informe Litoral\" \/>\n<meta property=\"og:description\" content=\"Es destinado a docentes de nivel Primario y Secundario. Las clases comenzaron el martes 7 en la Casa Municipal de la Cultura y continuar&aacute;n el 14, 21 y 28 de junio y el 5 de julio de 16.30 a 21.00. En General Ram&iacute;rez comenz&oacute; una capacitaci&oacute;n docente destinada a nivel Inicial, Primario, Secundario y escuelas [&hellip;]\" \/>\n<meta property=\"og:url\" content=\"https:\/\/informelitoral.com.ar\/ramirez-comenzo-una-capacitacion-sobre-el-rol-del-sector-agropecuario-ante-los-nuevos-escenarios-de-produccion\/\" \/>\n<meta property=\"og:site_name\" content=\"Informe Litoral\" \/>\n<meta property=\"article:publisher\" content=\"https:\/\/www.facebook.com\/informelitoral\/\" \/>\n<meta property=\"article:published_time\" content=\"2016-06-08T11:24:23+00:00\" \/>\n<meta property=\"article:modified_time\" content=\"2016-06-08T11:29:26+00:00\" \/>\n<meta name=\"author\" content=\"Gonzalo Schmidt\" \/>\n<meta name=\"twitter:card\" content=\"summary_large_image\" \/>\n<meta name=\"twitter:creator\" content=\"@InformeLitoral\" \/>\n<meta name=\"twitter:site\" content=\"@InformeLitoral\" \/>\n<meta name=\"twitter:label1\" content=\"Escrito por\" \/>\n\t<meta name=\"twitter:data1\" content=\"Gonzalo Schmidt\" \/>\n\t<meta name=\"twitter:label2\" content=\"Tiempo de lectura\" \/>\n\t<meta name=\"twitter:data2\" content=\"1 minuto\" \/>\n<script type=\"application\/ld+json\" class=\"yoast-schema-graph\">{\"@context\":\"https:\\\/\\\/schema.org\",\"@graph\":[{\"@type\":\"Article\",\"@id\":\"https:\\\/\\\/informelitoral.com.ar\\\/ramirez-comenzo-una-capacitacion-sobre-el-rol-del-sector-agropecuario-ante-los-nuevos-escenarios-de-produccion\\\/#article\",\"isPartOf\":{\"@id\":\"https:\\\/\\\/informelitoral.com.ar\\\/ramirez-comenzo-una-capacitacion-sobre-el-rol-del-sector-agropecuario-ante-los-nuevos-escenarios-de-produccion\\\/\"},\"author\":{\"name\":\"Gonzalo Schmidt\",\"@id\":\"https:\\\/\\\/informelitoral.com.ar\\\/#\\\/schema\\\/person\\\/b9d00407c836482871ef1d57bf8e3180\"},\"headline\":\"Ram\u00edrez: capacitaci\u00f3n sobre el rol del sector agropecuario ante los nuevos escenarios de producci\u00f3n\",\"datePublished\":\"2016-06-08T11:24:23+00:00\",\"dateModified\":\"2016-06-08T11:29:26+00:00\",\"mainEntityOfPage\":{\"@id\":\"https:\\\/\\\/informelitoral.com.ar\\\/ramirez-comenzo-una-capacitacion-sobre-el-rol-del-sector-agropecuario-ante-los-nuevos-escenarios-de-produccion\\\/\"},\"wordCount\":256,\"commentCount\":0,\"publisher\":{\"@id\":\"https:\\\/\\\/informelitoral.com.ar\\\/#organization\"},\"articleSection\":[\"Departamento Diamante\"],\"inLanguage\":\"es\",\"potentialAction\":[{\"@type\":\"CommentAction\",\"name\":\"Comment\",\"target\":[\"https:\\\/\\\/informelitoral.com.ar\\\/ramirez-comenzo-una-capacitacion-sobre-el-rol-del-sector-agropecuario-ante-los-nuevos-escenarios-de-produccion\\\/#respond\"]}]},{\"@type\":\"WebPage\",\"@id\":\"https:\\\/\\\/informelitoral.com.ar\\\/ramirez-comenzo-una-capacitacion-sobre-el-rol-del-sector-agropecuario-ante-los-nuevos-escenarios-de-produccion\\\/\",\"url\":\"https:\\\/\\\/informelitoral.com.ar\\\/ramirez-comenzo-una-capacitacion-sobre-el-rol-del-sector-agropecuario-ante-los-nuevos-escenarios-de-produccion\\\/\",\"name\":\"Ram\u00edrez: capacitaci\u00f3n sobre el rol del sector agropecuario ante los nuevos escenarios de producci\u00f3n - Informe Litoral\",\"isPartOf\":{\"@id\":\"https:\\\/\\\/informelitoral.com.ar\\\/#website\"},\"datePublished\":\"2016-06-08T11:24:23+00:00\",\"dateModified\":\"2016-06-08T11:29:26+00:00\",\"breadcrumb\":{\"@id\":\"https:\\\/\\\/informelitoral.com.ar\\\/ramirez-comenzo-una-capacitacion-sobre-el-rol-del-sector-agropecuario-ante-los-nuevos-escenarios-de-produccion\\\/#breadcrumb\"},\"inLanguage\":\"es\",\"potentialAction\":[{\"@type\":\"ReadAction\",\"target\":[\"https:\\\/\\\/informelitoral.com.ar\\\/ramirez-comenzo-una-capacitacion-sobre-el-rol-del-sector-agropecuario-ante-los-nuevos-escenarios-de-produccion\\\/\"]}]},{\"@type\":\"BreadcrumbList\",\"@id\":\"https:\\\/\\\/informelitoral.com.ar\\\/ramirez-comenzo-una-capacitacion-sobre-el-rol-del-sector-agropecuario-ante-los-nuevos-escenarios-de-produccion\\\/#breadcrumb\",\"itemListElement\":[{\"@type\":\"ListItem\",\"position\":1,\"name\":\"Portada\",\"item\":\"https:\\\/\\\/informelitoral.com.ar\\\/\"},{\"@type\":\"ListItem\",\"position\":2,\"name\":\"Ram\u00edrez: capacitaci\u00f3n sobre el rol del sector agropecuario ante los nuevos escenarios de producci\u00f3n\"}]},{\"@type\":\"WebSite\",\"@id\":\"https:\\\/\\\/informelitoral.com.ar\\\/#website\",\"url\":\"https:\\\/\\\/informelitoral.com.ar\\\/\",\"name\":\"Informe Litoral\",\"description\":\"&quot;Nos informamos&quot; \",\"publisher\":{\"@id\":\"https:\\\/\\\/informelitoral.com.ar\\\/#organization\"},\"potentialAction\":[{\"@type\":\"SearchAction\",\"target\":{\"@type\":\"EntryPoint\",\"urlTemplate\":\"https:\\\/\\\/informelitoral.com.ar\\\/?s={search_term_string}\"},\"query-input\":{\"@type\":\"PropertyValueSpecification\",\"valueRequired\":true,\"valueName\":\"search_term_string\"}}],\"inLanguage\":\"es\"},{\"@type\":\"Organization\",\"@id\":\"https:\\\/\\\/informelitoral.com.ar\\\/#organization\",\"name\":\"Informe Litoral\",\"url\":\"https:\\\/\\\/informelitoral.com.ar\\\/\",\"logo\":{\"@type\":\"ImageObject\",\"inLanguage\":\"es\",\"@id\":\"https:\\\/\\\/informelitoral.com.ar\\\/#\\\/schema\\\/logo\\\/image\\\/\",\"url\":\"https:\\\/\\\/informelitoral.com.ar\\\/%77%70%2d%63%6f%6e%74%65%6e%74\\\/uploads\\\/2021\\\/01\\\/circulo.png\",\"contentUrl\":\"https:\\\/\\\/informelitoral.com.ar\\\/%77%70%2d%63%6f%6e%74%65%6e%74\\\/uploads\\\/2021\\\/01\\\/circulo.png\",\"width\":723,\"height\":731,\"caption\":\"Informe Litoral\"},\"image\":{\"@id\":\"https:\\\/\\\/informelitoral.com.ar\\\/#\\\/schema\\\/logo\\\/image\\\/\"},\"sameAs\":[\"https:\\\/\\\/www.facebook.com\\\/informelitoral\\\/\",\"https:\\\/\\\/x.com\\\/InformeLitoral\",\"https:\\\/\\\/www.instagram.com\\\/informelitoral\\\/\",\"https:\\\/\\\/www.youtube.com\\\/channel\\\/UCua4Qvz8Icb6MYqhoq9xLXw\"]},{\"@type\":\"Person\",\"@id\":\"https:\\\/\\\/informelitoral.com.ar\\\/#\\\/schema\\\/person\\\/b9d00407c836482871ef1d57bf8e3180\",\"name\":\"Gonzalo Schmidt\",\"image\":{\"@type\":\"ImageObject\",\"inLanguage\":\"es\",\"@id\":\"https:\\\/\\\/secure.gravatar.com\\\/avatar\\\/31a1a7b66ff2de83bd0e9fd79d026630d2d99e55e8bfe501287647b4fd9743de?s=96&d=mm&r=g\",\"url\":\"https:\\\/\\\/secure.gravatar.com\\\/avatar\\\/31a1a7b66ff2de83bd0e9fd79d026630d2d99e55e8bfe501287647b4fd9743de?s=96&d=mm&r=g\",\"contentUrl\":\"https:\\\/\\\/secure.gravatar.com\\\/avatar\\\/31a1a7b66ff2de83bd0e9fd79d026630d2d99e55e8bfe501287647b4fd9743de?s=96&d=mm&r=g\",\"caption\":\"Gonzalo Schmidt\"},\"description\":\"Sitio web de noticias de la provincia de Entre R\u00edos, Argentina. Informaci\u00f3n y entretenimiento. Informe Litoral, nos informamos.\",\"sameAs\":[\"http:\\\/\\\/www.isletasnoticias.com.ar\"],\"url\":\"https:\\\/\\\/informelitoral.com.ar\\\/author\\\/gonzalo\\\/\"}]}<\/script>","yoast_head_json":{"title":"Ram\u00edrez: capacitaci\u00f3n sobre el rol del sector agropecuario ante los nuevos escenarios de producci\u00f3n - Informe Litoral","robots":{"index":"index","follow":"follow","max-snippet":"max-snippet:-1","max-image-preview":"max-image-preview:large","max-video-preview":"max-video-preview:-1"},"canonical":"https:\/\/informelitoral.com.ar\/ramirez-comenzo-una-capacitacion-sobre-el-rol-del-sector-agropecuario-ante-los-nuevos-escenarios-de-produccion\/","og_locale":"es_ES","og_type":"article","og_title":"Ram\u00edrez: capacitaci\u00f3n sobre el rol del sector agropecuario ante los nuevos escenarios de producci\u00f3n - Informe Litoral","og_description":"Es destinado a docentes de nivel Primario y Secundario. Las clases comenzaron el martes 7 en la Casa Municipal de la Cultura y continuar&aacute;n el 14, 21 y 28 de junio y el 5 de julio de 16.30 a 21.00. En General Ram&iacute;rez comenz&oacute; una capacitaci&oacute;n docente destinada a nivel Inicial, Primario, Secundario y escuelas [&hellip;]","og_url":"https:\/\/informelitoral.com.ar\/ramirez-comenzo-una-capacitacion-sobre-el-rol-del-sector-agropecuario-ante-los-nuevos-escenarios-de-produccion\/","og_site_name":"Informe Litoral","article_publisher":"https:\/\/www.facebook.com\/informelitoral\/","article_published_time":"2016-06-08T11:24:23+00:00","article_modified_time":"2016-06-08T11:29:26+00:00","author":"Gonzalo Schmidt","twitter_card":"summary_large_image","twitter_creator":"@InformeLitoral","twitter_site":"@InformeLitoral","twitter_misc":{"Escrito por":"Gonzalo Schmidt","Tiempo de lectura":"1 minuto"},"schema":{"@context":"https:\/\/schema.org","@graph":[{"@type":"Article","@id":"https:\/\/informelitoral.com.ar\/ramirez-comenzo-una-capacitacion-sobre-el-rol-del-sector-agropecuario-ante-los-nuevos-escenarios-de-produccion\/#article","isPartOf":{"@id":"https:\/\/informelitoral.com.ar\/ramirez-comenzo-una-capacitacion-sobre-el-rol-del-sector-agropecuario-ante-los-nuevos-escenarios-de-produccion\/"},"author":{"name":"Gonzalo Schmidt","@id":"https:\/\/informelitoral.com.ar\/#\/schema\/person\/b9d00407c836482871ef1d57bf8e3180"},"headline":"Ram\u00edrez: capacitaci\u00f3n sobre el rol del sector agropecuario ante los nuevos escenarios de producci\u00f3n","datePublished":"2016-06-08T11:24:23+00:00","dateModified":"2016-06-08T11:29:26+00:00","mainEntityOfPage":{"@id":"https:\/\/informelitoral.com.ar\/ramirez-comenzo-una-capacitacion-sobre-el-rol-del-sector-agropecuario-ante-los-nuevos-escenarios-de-produccion\/"},"wordCount":256,"commentCount":0,"publisher":{"@id":"https:\/\/informelitoral.com.ar\/#organization"},"articleSection":["Departamento Diamante"],"inLanguage":"es","potentialAction":[{"@type":"CommentAction","name":"Comment","target":["https:\/\/informelitoral.com.ar\/ramirez-comenzo-una-capacitacion-sobre-el-rol-del-sector-agropecuario-ante-los-nuevos-escenarios-de-produccion\/#respond"]}]},{"@type":"WebPage","@id":"https:\/\/informelitoral.com.ar\/ramirez-comenzo-una-capacitacion-sobre-el-rol-del-sector-agropecuario-ante-los-nuevos-escenarios-de-produccion\/","url":"https:\/\/informelitoral.com.ar\/ramirez-comenzo-una-capacitacion-sobre-el-rol-del-sector-agropecuario-ante-los-nuevos-escenarios-de-produccion\/","name":"Ram\u00edrez: capacitaci\u00f3n sobre el rol del sector agropecuario ante los nuevos escenarios de producci\u00f3n - Informe Litoral","isPartOf":{"@id":"https:\/\/informelitoral.com.ar\/#website"},"datePublished":"2016-06-08T11:24:23+00:00","dateModified":"2016-06-08T11:29:26+00:00","breadcrumb":{"@id":"https:\/\/informelitoral.com.ar\/ramirez-comenzo-una-capacitacion-sobre-el-rol-del-sector-agropecuario-ante-los-nuevos-escenarios-de-produccion\/#breadcrumb"},"inLanguage":"es","potentialAction":[{"@type":"ReadAction","target":["https:\/\/informelitoral.com.ar\/ramirez-comenzo-una-capacitacion-sobre-el-rol-del-sector-agropecuario-ante-los-nuevos-escenarios-de-produccion\/"]}]},{"@type":"BreadcrumbList","@id":"https:\/\/informelitoral.com.ar\/ramirez-comenzo-una-capacitacion-sobre-el-rol-del-sector-agropecuario-ante-los-nuevos-escenarios-de-produccion\/#breadcrumb","itemListElement":[{"@type":"ListItem","position":1,"name":"Portada","item":"https:\/\/informelitoral.com.ar\/"},{"@type":"ListItem","position":2,"name":"Ram\u00edrez: capacitaci\u00f3n sobre el rol del sector agropecuario ante los nuevos escenarios de producci\u00f3n"}]},{"@type":"WebSite","@id":"https:\/\/informelitoral.com.ar\/#website","url":"https:\/\/informelitoral.com.ar\/","name":"Informe Litoral","description":"&quot;Nos informamos&quot; ","publisher":{"@id":"https:\/\/informelitoral.com.ar\/#organization"},"potentialAction":[{"@type":"SearchAction","target":{"@type":"EntryPoint","urlTemplate":"https:\/\/informelitoral.com.ar\/?s={search_term_string}"},"query-input":{"@type":"PropertyValueSpecification","valueRequired":true,"valueName":"search_term_string"}}],"inLanguage":"es"},{"@type":"Organization","@id":"https:\/\/informelitoral.com.ar\/#organization","name":"Informe Litoral","url":"https:\/\/informelitoral.com.ar\/","logo":{"@type":"ImageObject","inLanguage":"es","@id":"https:\/\/informelitoral.com.ar\/#\/schema\/logo\/image\/","url":"https:\/\/informelitoral.com.ar\/%77%70%2d%63%6f%6e%74%65%6e%74\/uploads\/2021\/01\/circulo.png","contentUrl":"https:\/\/informelitoral.com.ar\/%77%70%2d%63%6f%6e%74%65%6e%74\/uploads\/2021\/01\/circulo.png","width":723,"height":731,"caption":"Informe Litoral"},"image":{"@id":"https:\/\/informelitoral.com.ar\/#\/schema\/logo\/image\/"},"sameAs":["https:\/\/www.facebook.com\/informelitoral\/","https:\/\/x.com\/InformeLitoral","https:\/\/www.instagram.com\/informelitoral\/","https:\/\/www.youtube.com\/channel\/UCua4Qvz8Icb6MYqhoq9xLXw"]},{"@type":"Person","@id":"https:\/\/informelitoral.com.ar\/#\/schema\/person\/b9d00407c836482871ef1d57bf8e3180","name":"Gonzalo Schmidt","image":{"@type":"ImageObject","inLanguage":"es","@id":"https:\/\/secure.gravatar.com\/avatar\/31a1a7b66ff2de83bd0e9fd79d026630d2d99e55e8bfe501287647b4fd9743de?s=96&d=mm&r=g","url":"https:\/\/secure.gravatar.com\/avatar\/31a1a7b66ff2de83bd0e9fd79d026630d2d99e55e8bfe501287647b4fd9743de?s=96&d=mm&r=g","contentUrl":"https:\/\/secure.gravatar.com\/avatar\/31a1a7b66ff2de83bd0e9fd79d026630d2d99e55e8bfe501287647b4fd9743de?s=96&d=mm&r=g","caption":"Gonzalo Schmidt"},"description":"Sitio web de noticias de la provincia de Entre R\u00edos, Argentina. Informaci\u00f3n y entretenimiento. Informe Litoral, nos informamos.","sameAs":["http:\/\/www.isletasnoticias.com.ar"],"url":"https:\/\/informelitoral.com.ar\/author\/gonzalo\/"}]}},"_links":{"self":[{"href":"https:\/\/informelitoral.com.ar\/%77%70%2d%6a%73%6f%6e\/wp\/v2\/posts\/16549","targetHints":{"allow":["GET"]}}],"collection":[{"href":"https:\/\/informelitoral.com.ar\/%77%70%2d%6a%73%6f%6e\/wp\/v2\/posts"}],"about":[{"href":"https:\/\/informelitoral.com.ar\/%77%70%2d%6a%73%6f%6e\/wp\/v2\/types\/post"}],"author":[{"embeddable":true,"href":"https:\/\/informelitoral.com.ar\/%77%70%2d%6a%73%6f%6e\/wp\/v2\/users\/2"}],"replies":[{"embeddable":true,"href":"https:\/\/informelitoral.com.ar\/%77%70%2d%6a%73%6f%6e\/wp\/v2\/comments?post=16549"}],"version-history":[{"count":0,"href":"https:\/\/informelitoral.com.ar\/%77%70%2d%6a%73%6f%6e\/wp\/v2\/posts\/16549\/revisions"}],"wp:attachment":[{"href":"https:\/\/informelitoral.com.ar\/%77%70%2d%6a%73%6f%6e\/wp\/v2\/media?parent=16549"}],"wp:term":[{"taxonomy":"category","embeddable":true,"href":"https:\/\/informelitoral.com.ar\/%77%70%2d%6a%73%6f%6e\/wp\/v2\/categories?post=16549"},{"taxonomy":"post_tag","embeddable":true,"href":"https:\/\/informelitoral.com.ar\/%77%70%2d%6a%73%6f%6e\/wp\/v2\/tags?post=16549"}],"curies":[{"name":"wp","href":"https:\/\/api.w.org\/{rel}","templated":true}]}}