{"id":16546,"date":"2016-06-08T08:09:33","date_gmt":"2016-06-08T11:09:33","guid":{"rendered":"http:\/\/www.isletasnoticias.com.ar\/?p=16546"},"modified":"2016-06-08T08:09:33","modified_gmt":"2016-06-08T11:09:33","slug":"el-gobierno-negocia-incorporar-medicamentos-al-programa-precios-cuidados","status":"publish","type":"post","link":"https:\/\/informelitoral.com.ar\/el-gobierno-negocia-incorporar-medicamentos-al-programa-precios-cuidados\/","title":{"rendered":"El Gobierno negocia incorporar medicamentos al programa Precios Cuidados"},"content":{"rendered":"<p><strong>Se reuni\u00f3 con las cuatro c\u00e1maras que nuclean a los laboratorios que operan en el pa\u00eds. El programa incluir\u00eda medicamentos con fuerte demanda estacional y algunos destinados a adultos mayores.<a href=\"http:\/\/www.isletasnoticias.com.ar\/%77%70%2d%63%6f%6e%74%65%6e%74\/uploads\/2016\/06\/o_1465377697.jpg\"><img loading=\"lazy\" decoding=\"async\" class=\"aligncenter wp-image-16547 size-full\" src=\"http:\/\/www.isletasnoticias.com.ar\/%77%70%2d%63%6f%6e%74%65%6e%74\/uploads\/2016\/06\/o_1465377697.jpg\" alt=\"o_1465377697\" width=\"800\" height=\"450\" srcset=\"https:\/\/informelitoral.com.ar\/%77%70%2d%63%6f%6e%74%65%6e%74\/uploads\/2016\/06\/o_1465377697.jpg 800w, https:\/\/informelitoral.com.ar\/%77%70%2d%63%6f%6e%74%65%6e%74\/uploads\/2016\/06\/o_1465377697-300x169.jpg 300w, https:\/\/informelitoral.com.ar\/%77%70%2d%63%6f%6e%74%65%6e%74\/uploads\/2016\/06\/o_1465377697-768x432.jpg 768w\" sizes=\"auto, (max-width: 800px) 100vw, 800px\" \/><\/a><\/strong><\/p>\n<p>Tras acusar a los laboratorios de cartelizaci\u00f3n, el Gobierno les propuso a las principales c\u00e1maras del sector elaborar un programa de Precios Cuidados con los medicamentos de mayor demanda estacional.<br \/>\n\u00abEstamos conversando con cuatro c\u00e1maras: Caeme, Cilfa, Cooperala y Capgen\u00bb, confirmaron a <i>La Naci\u00f3n<\/i> voceros de la Secretar\u00eda de Comercio. \u00abLas convocamos para comenzar a desarrollar un listado para incluir en Precios Cuidados medicamentos, especialmente, aquellos vinculados con la impronta invernal y adultos mayores. Pero reci\u00e9n se inician las conversaciones, por lo cual no tenemos fecha estimada para el cierre del acuerdo\u00bb.<\/p>\n<p>Consultadas al respecto, diversas fuentes de la industria dijeron que la intenci\u00f3n ser\u00eda acompa\u00f1ar el pedido oficial. Si bien los primeros contactos con el Gobierno se dieron a fines de la semana pasada, internamente, en las c\u00e1maras ya se estar\u00edan debatiendo los detalles del acuerdo. \u00abTambi\u00e9n puede pasar que surja alguna contrapropuesta. Pero el encuentro fue en muy buenos t\u00e9rminos\u00bb, resumieron desde una de las c\u00e1maras, con la condici\u00f3n de no ser identificados.<\/p>\n<p>A fines de mayo, legisladores del bloque Cambiemos hab\u00edan anticipado que presentar\u00edan una denuncia contra la industria farmac\u00e9utica por supuesta cartelizaci\u00f3n de precios. Seg\u00fan se\u00f1alaron, entre el 12 de diciembre y mayo pasados se hab\u00eda registrado un aumento promedio de los medicamentos superior al 36,5%, con algunos picos de hasta el 50 por ciento. Entre otros ejemplos, el documento citaba los casos del ibuprofeno en comprimidos, que mostr\u00f3 un aumento que fue del 26,4 al 41,8%, seg\u00fan el laboratorio; del omeprazol, que tuvo un incremento promedio del 29,4%; del enalapril, con el 42,2%; de la amoxicilina, con el 28,9%; del clonazepam, con el 40,6%; o del pantoprazol, con el 43,1 por ciento, entre muchos otros.<\/p>\n<p>Pero hasta ayer, dos semanas despu\u00e9s de haberse informado sobre la denuncia, no se hab\u00edan hecho presentaciones formales ante la Comisi\u00f3n Nacional de Defensa de la Competencia, el organismo que debe dirimir estas cuestiones. En las empresas muchos consideran que el bloque de Cambiemos nunca tuvo intenciones reales de avanzar con la denuncia, aunque s\u00ed de llamar la atenci\u00f3n de la industria, en el ojo de la tormenta por los aumentos.<\/p>\n<p>Desde los laboratorios suelen defender las subas de precios y esgrimir que, pese a los recientes ajustes, todav\u00eda est\u00e1n muy retrasados hasta un 100% con respecto a lo que se incrementaron sus costos en los \u00faltimos a\u00f1os. La industria farmac\u00e9utica, como muchas otras, sufri\u00f3 desde 2007 los controles de precios de los secretarios de Comercio kirchneristas: Guillermo Moreno, primero, y de Augusto Costa, despu\u00e9s. En ese entonces, los medicamentos se divid\u00edan en tres categor\u00edas: los premium, los selectivos y los masivos. Por lo general, se convalidaban aumentos mayores para los premium, pero s\u00f3lo se aprobaban leves retoques para los remedios m\u00e1s masivos.<\/p>\n","protected":false},"excerpt":{"rendered":"<p>Se reuni&oacute; con las cuatro c&aacute;maras que nuclean a los laboratorios que operan en el pa&iacute;s. El programa incluir&iacute;a medicamentos con fuerte demanda estacional y algunos destinados a adultos mayores. Tras acusar a los laboratorios de cartelizaci&oacute;n, el Gobierno les propuso a las principales c&aacute;maras del sector elaborar un programa de Precios Cuidados con los [&hellip;]<\/p>\n","protected":false},"author":2,"featured_media":0,"comment_status":"open","ping_status":"open","sticky":false,"template":"","format":"standard","meta":{"fifu_image_url":"","fifu_image_alt":"","footnotes":""},"categories":[7],"tags":[],"class_list":{"0":"post-16546","1":"post","2":"type-post","3":"status-publish","4":"format-standard","6":"category-nacionales"},"yoast_head":"<title>El Gobierno negocia incorporar medicamentos al programa Precios Cuidados - Informe Litoral<\/title>\n<meta name=\"robots\" content=\"index, follow, max-snippet:-1, max-image-preview:large, max-video-preview:-1\" \/>\n<link rel=\"canonical\" href=\"https:\/\/informelitoral.com.ar\/el-gobierno-negocia-incorporar-medicamentos-al-programa-precios-cuidados\/\" \/>\n<meta property=\"og:locale\" content=\"es_ES\" \/>\n<meta property=\"og:type\" content=\"article\" \/>\n<meta property=\"og:title\" content=\"El Gobierno negocia incorporar medicamentos al programa Precios Cuidados - Informe Litoral\" \/>\n<meta property=\"og:description\" content=\"Se reuni&oacute; con las cuatro c&aacute;maras que nuclean a los laboratorios que operan en el pa&iacute;s. El programa incluir&iacute;a medicamentos con fuerte demanda estacional y algunos destinados a adultos mayores. Tras acusar a los laboratorios de cartelizaci&oacute;n, el Gobierno les propuso a las principales c&aacute;maras del sector elaborar un programa de Precios Cuidados con los [&hellip;]\" \/>\n<meta property=\"og:url\" content=\"https:\/\/informelitoral.com.ar\/el-gobierno-negocia-incorporar-medicamentos-al-programa-precios-cuidados\/\" \/>\n<meta property=\"og:site_name\" content=\"Informe Litoral\" \/>\n<meta property=\"article:publisher\" content=\"https:\/\/www.facebook.com\/informelitoral\/\" \/>\n<meta property=\"article:published_time\" content=\"2016-06-08T11:09:33+00:00\" \/>\n<meta property=\"og:image\" content=\"https:\/\/informelitoral.com.ar\/%77%70%2d%63%6f%6e%74%65%6e%74\/uploads\/2016\/06\/o_1465377697.jpg\" \/>\n\t<meta property=\"og:image:width\" content=\"800\" \/>\n\t<meta property=\"og:image:height\" content=\"450\" \/>\n\t<meta property=\"og:image:type\" content=\"image\/jpeg\" \/>\n<meta name=\"author\" content=\"Gonzalo Schmidt\" \/>\n<meta name=\"twitter:card\" content=\"summary_large_image\" \/>\n<meta name=\"twitter:creator\" content=\"@InformeLitoral\" \/>\n<meta name=\"twitter:site\" content=\"@InformeLitoral\" \/>\n<meta name=\"twitter:label1\" content=\"Escrito por\" \/>\n\t<meta name=\"twitter:data1\" content=\"Gonzalo Schmidt\" \/>\n\t<meta name=\"twitter:label2\" content=\"Tiempo de lectura\" \/>\n\t<meta name=\"twitter:data2\" content=\"3 minutos\" \/>\n<script type=\"application\/ld+json\" class=\"yoast-schema-graph\">{\"@context\":\"https:\\\/\\\/schema.org\",\"@graph\":[{\"@type\":\"Article\",\"@id\":\"https:\\\/\\\/informelitoral.com.ar\\\/el-gobierno-negocia-incorporar-medicamentos-al-programa-precios-cuidados\\\/#article\",\"isPartOf\":{\"@id\":\"https:\\\/\\\/informelitoral.com.ar\\\/el-gobierno-negocia-incorporar-medicamentos-al-programa-precios-cuidados\\\/\"},\"author\":{\"name\":\"Gonzalo Schmidt\",\"@id\":\"https:\\\/\\\/informelitoral.com.ar\\\/#\\\/schema\\\/person\\\/b9d00407c836482871ef1d57bf8e3180\"},\"headline\":\"El Gobierno negocia incorporar medicamentos al programa Precios Cuidados\",\"datePublished\":\"2016-06-08T11:09:33+00:00\",\"mainEntityOfPage\":{\"@id\":\"https:\\\/\\\/informelitoral.com.ar\\\/el-gobierno-negocia-incorporar-medicamentos-al-programa-precios-cuidados\\\/\"},\"wordCount\":519,\"commentCount\":0,\"publisher\":{\"@id\":\"https:\\\/\\\/informelitoral.com.ar\\\/#organization\"},\"image\":{\"@id\":\"https:\\\/\\\/informelitoral.com.ar\\\/el-gobierno-negocia-incorporar-medicamentos-al-programa-precios-cuidados\\\/#primaryimage\"},\"thumbnailUrl\":\"http:\\\/\\\/www.isletasnoticias.com.ar\\\/%77%70%2d%63%6f%6e%74%65%6e%74\\\/uploads\\\/2016\\\/06\\\/o_1465377697.jpg\",\"articleSection\":[\"Nacionales\"],\"inLanguage\":\"es\",\"potentialAction\":[{\"@type\":\"CommentAction\",\"name\":\"Comment\",\"target\":[\"https:\\\/\\\/informelitoral.com.ar\\\/el-gobierno-negocia-incorporar-medicamentos-al-programa-precios-cuidados\\\/#respond\"]}]},{\"@type\":\"WebPage\",\"@id\":\"https:\\\/\\\/informelitoral.com.ar\\\/el-gobierno-negocia-incorporar-medicamentos-al-programa-precios-cuidados\\\/\",\"url\":\"https:\\\/\\\/informelitoral.com.ar\\\/el-gobierno-negocia-incorporar-medicamentos-al-programa-precios-cuidados\\\/\",\"name\":\"El Gobierno negocia incorporar medicamentos al programa Precios Cuidados - Informe Litoral\",\"isPartOf\":{\"@id\":\"https:\\\/\\\/informelitoral.com.ar\\\/#website\"},\"primaryImageOfPage\":{\"@id\":\"https:\\\/\\\/informelitoral.com.ar\\\/el-gobierno-negocia-incorporar-medicamentos-al-programa-precios-cuidados\\\/#primaryimage\"},\"image\":{\"@id\":\"https:\\\/\\\/informelitoral.com.ar\\\/el-gobierno-negocia-incorporar-medicamentos-al-programa-precios-cuidados\\\/#primaryimage\"},\"thumbnailUrl\":\"http:\\\/\\\/www.isletasnoticias.com.ar\\\/%77%70%2d%63%6f%6e%74%65%6e%74\\\/uploads\\\/2016\\\/06\\\/o_1465377697.jpg\",\"datePublished\":\"2016-06-08T11:09:33+00:00\",\"breadcrumb\":{\"@id\":\"https:\\\/\\\/informelitoral.com.ar\\\/el-gobierno-negocia-incorporar-medicamentos-al-programa-precios-cuidados\\\/#breadcrumb\"},\"inLanguage\":\"es\",\"potentialAction\":[{\"@type\":\"ReadAction\",\"target\":[\"https:\\\/\\\/informelitoral.com.ar\\\/el-gobierno-negocia-incorporar-medicamentos-al-programa-precios-cuidados\\\/\"]}]},{\"@type\":\"ImageObject\",\"inLanguage\":\"es\",\"@id\":\"https:\\\/\\\/informelitoral.com.ar\\\/el-gobierno-negocia-incorporar-medicamentos-al-programa-precios-cuidados\\\/#primaryimage\",\"url\":\"http:\\\/\\\/www.isletasnoticias.com.ar\\\/%77%70%2d%63%6f%6e%74%65%6e%74\\\/uploads\\\/2016\\\/06\\\/o_1465377697.jpg\",\"contentUrl\":\"http:\\\/\\\/www.isletasnoticias.com.ar\\\/%77%70%2d%63%6f%6e%74%65%6e%74\\\/uploads\\\/2016\\\/06\\\/o_1465377697.jpg\"},{\"@type\":\"BreadcrumbList\",\"@id\":\"https:\\\/\\\/informelitoral.com.ar\\\/el-gobierno-negocia-incorporar-medicamentos-al-programa-precios-cuidados\\\/#breadcrumb\",\"itemListElement\":[{\"@type\":\"ListItem\",\"position\":1,\"name\":\"Portada\",\"item\":\"https:\\\/\\\/informelitoral.com.ar\\\/\"},{\"@type\":\"ListItem\",\"position\":2,\"name\":\"El Gobierno negocia incorporar medicamentos al programa Precios Cuidados\"}]},{\"@type\":\"WebSite\",\"@id\":\"https:\\\/\\\/informelitoral.com.ar\\\/#website\",\"url\":\"https:\\\/\\\/informelitoral.com.ar\\\/\",\"name\":\"Informe Litoral\",\"description\":\"&quot;Nos informamos&quot; \",\"publisher\":{\"@id\":\"https:\\\/\\\/informelitoral.com.ar\\\/#organization\"},\"potentialAction\":[{\"@type\":\"SearchAction\",\"target\":{\"@type\":\"EntryPoint\",\"urlTemplate\":\"https:\\\/\\\/informelitoral.com.ar\\\/?s={search_term_string}\"},\"query-input\":{\"@type\":\"PropertyValueSpecification\",\"valueRequired\":true,\"valueName\":\"search_term_string\"}}],\"inLanguage\":\"es\"},{\"@type\":\"Organization\",\"@id\":\"https:\\\/\\\/informelitoral.com.ar\\\/#organization\",\"name\":\"Informe Litoral\",\"url\":\"https:\\\/\\\/informelitoral.com.ar\\\/\",\"logo\":{\"@type\":\"ImageObject\",\"inLanguage\":\"es\",\"@id\":\"https:\\\/\\\/informelitoral.com.ar\\\/#\\\/schema\\\/logo\\\/image\\\/\",\"url\":\"https:\\\/\\\/informelitoral.com.ar\\\/%77%70%2d%63%6f%6e%74%65%6e%74\\\/uploads\\\/2021\\\/01\\\/circulo.png\",\"contentUrl\":\"https:\\\/\\\/informelitoral.com.ar\\\/%77%70%2d%63%6f%6e%74%65%6e%74\\\/uploads\\\/2021\\\/01\\\/circulo.png\",\"width\":723,\"height\":731,\"caption\":\"Informe Litoral\"},\"image\":{\"@id\":\"https:\\\/\\\/informelitoral.com.ar\\\/#\\\/schema\\\/logo\\\/image\\\/\"},\"sameAs\":[\"https:\\\/\\\/www.facebook.com\\\/informelitoral\\\/\",\"https:\\\/\\\/x.com\\\/InformeLitoral\",\"https:\\\/\\\/www.instagram.com\\\/informelitoral\\\/\",\"https:\\\/\\\/www.youtube.com\\\/channel\\\/UCua4Qvz8Icb6MYqhoq9xLXw\"]},{\"@type\":\"Person\",\"@id\":\"https:\\\/\\\/informelitoral.com.ar\\\/#\\\/schema\\\/person\\\/b9d00407c836482871ef1d57bf8e3180\",\"name\":\"Gonzalo Schmidt\",\"image\":{\"@type\":\"ImageObject\",\"inLanguage\":\"es\",\"@id\":\"https:\\\/\\\/secure.gravatar.com\\\/avatar\\\/31a1a7b66ff2de83bd0e9fd79d026630d2d99e55e8bfe501287647b4fd9743de?s=96&d=mm&r=g\",\"url\":\"https:\\\/\\\/secure.gravatar.com\\\/avatar\\\/31a1a7b66ff2de83bd0e9fd79d026630d2d99e55e8bfe501287647b4fd9743de?s=96&d=mm&r=g\",\"contentUrl\":\"https:\\\/\\\/secure.gravatar.com\\\/avatar\\\/31a1a7b66ff2de83bd0e9fd79d026630d2d99e55e8bfe501287647b4fd9743de?s=96&d=mm&r=g\",\"caption\":\"Gonzalo Schmidt\"},\"description\":\"Sitio web de noticias de la provincia de Entre R\u00edos, Argentina. Informaci\u00f3n y entretenimiento. Informe Litoral, nos informamos.\",\"sameAs\":[\"http:\\\/\\\/www.isletasnoticias.com.ar\"],\"url\":\"https:\\\/\\\/informelitoral.com.ar\\\/author\\\/gonzalo\\\/\"}]}<\/script>","yoast_head_json":{"title":"El Gobierno negocia incorporar medicamentos al programa Precios Cuidados - Informe Litoral","robots":{"index":"index","follow":"follow","max-snippet":"max-snippet:-1","max-image-preview":"max-image-preview:large","max-video-preview":"max-video-preview:-1"},"canonical":"https:\/\/informelitoral.com.ar\/el-gobierno-negocia-incorporar-medicamentos-al-programa-precios-cuidados\/","og_locale":"es_ES","og_type":"article","og_title":"El Gobierno negocia incorporar medicamentos al programa Precios Cuidados - Informe Litoral","og_description":"Se reuni&oacute; con las cuatro c&aacute;maras que nuclean a los laboratorios que operan en el pa&iacute;s. El programa incluir&iacute;a medicamentos con fuerte demanda estacional y algunos destinados a adultos mayores. Tras acusar a los laboratorios de cartelizaci&oacute;n, el Gobierno les propuso a las principales c&aacute;maras del sector elaborar un programa de Precios Cuidados con los [&hellip;]","og_url":"https:\/\/informelitoral.com.ar\/el-gobierno-negocia-incorporar-medicamentos-al-programa-precios-cuidados\/","og_site_name":"Informe Litoral","article_publisher":"https:\/\/www.facebook.com\/informelitoral\/","article_published_time":"2016-06-08T11:09:33+00:00","og_image":[{"width":800,"height":450,"url":"https:\/\/informelitoral.com.ar\/%77%70%2d%63%6f%6e%74%65%6e%74\/uploads\/2016\/06\/o_1465377697.jpg","type":"image\/jpeg"}],"author":"Gonzalo Schmidt","twitter_card":"summary_large_image","twitter_creator":"@InformeLitoral","twitter_site":"@InformeLitoral","twitter_misc":{"Escrito por":"Gonzalo Schmidt","Tiempo de lectura":"3 minutos"},"schema":{"@context":"https:\/\/schema.org","@graph":[{"@type":"Article","@id":"https:\/\/informelitoral.com.ar\/el-gobierno-negocia-incorporar-medicamentos-al-programa-precios-cuidados\/#article","isPartOf":{"@id":"https:\/\/informelitoral.com.ar\/el-gobierno-negocia-incorporar-medicamentos-al-programa-precios-cuidados\/"},"author":{"name":"Gonzalo Schmidt","@id":"https:\/\/informelitoral.com.ar\/#\/schema\/person\/b9d00407c836482871ef1d57bf8e3180"},"headline":"El Gobierno negocia incorporar medicamentos al programa Precios Cuidados","datePublished":"2016-06-08T11:09:33+00:00","mainEntityOfPage":{"@id":"https:\/\/informelitoral.com.ar\/el-gobierno-negocia-incorporar-medicamentos-al-programa-precios-cuidados\/"},"wordCount":519,"commentCount":0,"publisher":{"@id":"https:\/\/informelitoral.com.ar\/#organization"},"image":{"@id":"https:\/\/informelitoral.com.ar\/el-gobierno-negocia-incorporar-medicamentos-al-programa-precios-cuidados\/#primaryimage"},"thumbnailUrl":"http:\/\/www.isletasnoticias.com.ar\/%77%70%2d%63%6f%6e%74%65%6e%74\/uploads\/2016\/06\/o_1465377697.jpg","articleSection":["Nacionales"],"inLanguage":"es","potentialAction":[{"@type":"CommentAction","name":"Comment","target":["https:\/\/informelitoral.com.ar\/el-gobierno-negocia-incorporar-medicamentos-al-programa-precios-cuidados\/#respond"]}]},{"@type":"WebPage","@id":"https:\/\/informelitoral.com.ar\/el-gobierno-negocia-incorporar-medicamentos-al-programa-precios-cuidados\/","url":"https:\/\/informelitoral.com.ar\/el-gobierno-negocia-incorporar-medicamentos-al-programa-precios-cuidados\/","name":"El Gobierno negocia incorporar medicamentos al programa Precios Cuidados - Informe Litoral","isPartOf":{"@id":"https:\/\/informelitoral.com.ar\/#website"},"primaryImageOfPage":{"@id":"https:\/\/informelitoral.com.ar\/el-gobierno-negocia-incorporar-medicamentos-al-programa-precios-cuidados\/#primaryimage"},"image":{"@id":"https:\/\/informelitoral.com.ar\/el-gobierno-negocia-incorporar-medicamentos-al-programa-precios-cuidados\/#primaryimage"},"thumbnailUrl":"http:\/\/www.isletasnoticias.com.ar\/%77%70%2d%63%6f%6e%74%65%6e%74\/uploads\/2016\/06\/o_1465377697.jpg","datePublished":"2016-06-08T11:09:33+00:00","breadcrumb":{"@id":"https:\/\/informelitoral.com.ar\/el-gobierno-negocia-incorporar-medicamentos-al-programa-precios-cuidados\/#breadcrumb"},"inLanguage":"es","potentialAction":[{"@type":"ReadAction","target":["https:\/\/informelitoral.com.ar\/el-gobierno-negocia-incorporar-medicamentos-al-programa-precios-cuidados\/"]}]},{"@type":"ImageObject","inLanguage":"es","@id":"https:\/\/informelitoral.com.ar\/el-gobierno-negocia-incorporar-medicamentos-al-programa-precios-cuidados\/#primaryimage","url":"http:\/\/www.isletasnoticias.com.ar\/%77%70%2d%63%6f%6e%74%65%6e%74\/uploads\/2016\/06\/o_1465377697.jpg","contentUrl":"http:\/\/www.isletasnoticias.com.ar\/%77%70%2d%63%6f%6e%74%65%6e%74\/uploads\/2016\/06\/o_1465377697.jpg"},{"@type":"BreadcrumbList","@id":"https:\/\/informelitoral.com.ar\/el-gobierno-negocia-incorporar-medicamentos-al-programa-precios-cuidados\/#breadcrumb","itemListElement":[{"@type":"ListItem","position":1,"name":"Portada","item":"https:\/\/informelitoral.com.ar\/"},{"@type":"ListItem","position":2,"name":"El Gobierno negocia incorporar medicamentos al programa Precios Cuidados"}]},{"@type":"WebSite","@id":"https:\/\/informelitoral.com.ar\/#website","url":"https:\/\/informelitoral.com.ar\/","name":"Informe Litoral","description":"&quot;Nos informamos&quot; ","publisher":{"@id":"https:\/\/informelitoral.com.ar\/#organization"},"potentialAction":[{"@type":"SearchAction","target":{"@type":"EntryPoint","urlTemplate":"https:\/\/informelitoral.com.ar\/?s={search_term_string}"},"query-input":{"@type":"PropertyValueSpecification","valueRequired":true,"valueName":"search_term_string"}}],"inLanguage":"es"},{"@type":"Organization","@id":"https:\/\/informelitoral.com.ar\/#organization","name":"Informe Litoral","url":"https:\/\/informelitoral.com.ar\/","logo":{"@type":"ImageObject","inLanguage":"es","@id":"https:\/\/informelitoral.com.ar\/#\/schema\/logo\/image\/","url":"https:\/\/informelitoral.com.ar\/%77%70%2d%63%6f%6e%74%65%6e%74\/uploads\/2021\/01\/circulo.png","contentUrl":"https:\/\/informelitoral.com.ar\/%77%70%2d%63%6f%6e%74%65%6e%74\/uploads\/2021\/01\/circulo.png","width":723,"height":731,"caption":"Informe Litoral"},"image":{"@id":"https:\/\/informelitoral.com.ar\/#\/schema\/logo\/image\/"},"sameAs":["https:\/\/www.facebook.com\/informelitoral\/","https:\/\/x.com\/InformeLitoral","https:\/\/www.instagram.com\/informelitoral\/","https:\/\/www.youtube.com\/channel\/UCua4Qvz8Icb6MYqhoq9xLXw"]},{"@type":"Person","@id":"https:\/\/informelitoral.com.ar\/#\/schema\/person\/b9d00407c836482871ef1d57bf8e3180","name":"Gonzalo Schmidt","image":{"@type":"ImageObject","inLanguage":"es","@id":"https:\/\/secure.gravatar.com\/avatar\/31a1a7b66ff2de83bd0e9fd79d026630d2d99e55e8bfe501287647b4fd9743de?s=96&d=mm&r=g","url":"https:\/\/secure.gravatar.com\/avatar\/31a1a7b66ff2de83bd0e9fd79d026630d2d99e55e8bfe501287647b4fd9743de?s=96&d=mm&r=g","contentUrl":"https:\/\/secure.gravatar.com\/avatar\/31a1a7b66ff2de83bd0e9fd79d026630d2d99e55e8bfe501287647b4fd9743de?s=96&d=mm&r=g","caption":"Gonzalo Schmidt"},"description":"Sitio web de noticias de la provincia de Entre R\u00edos, Argentina. Informaci\u00f3n y entretenimiento. Informe Litoral, nos informamos.","sameAs":["http:\/\/www.isletasnoticias.com.ar"],"url":"https:\/\/informelitoral.com.ar\/author\/gonzalo\/"}]}},"_links":{"self":[{"href":"https:\/\/informelitoral.com.ar\/%77%70%2d%6a%73%6f%6e\/wp\/v2\/posts\/16546","targetHints":{"allow":["GET"]}}],"collection":[{"href":"https:\/\/informelitoral.com.ar\/%77%70%2d%6a%73%6f%6e\/wp\/v2\/posts"}],"about":[{"href":"https:\/\/informelitoral.com.ar\/%77%70%2d%6a%73%6f%6e\/wp\/v2\/types\/post"}],"author":[{"embeddable":true,"href":"https:\/\/informelitoral.com.ar\/%77%70%2d%6a%73%6f%6e\/wp\/v2\/users\/2"}],"replies":[{"embeddable":true,"href":"https:\/\/informelitoral.com.ar\/%77%70%2d%6a%73%6f%6e\/wp\/v2\/comments?post=16546"}],"version-history":[{"count":0,"href":"https:\/\/informelitoral.com.ar\/%77%70%2d%6a%73%6f%6e\/wp\/v2\/posts\/16546\/revisions"}],"wp:attachment":[{"href":"https:\/\/informelitoral.com.ar\/%77%70%2d%6a%73%6f%6e\/wp\/v2\/media?parent=16546"}],"wp:term":[{"taxonomy":"category","embeddable":true,"href":"https:\/\/informelitoral.com.ar\/%77%70%2d%6a%73%6f%6e\/wp\/v2\/categories?post=16546"},{"taxonomy":"post_tag","embeddable":true,"href":"https:\/\/informelitoral.com.ar\/%77%70%2d%6a%73%6f%6e\/wp\/v2\/tags?post=16546"}],"curies":[{"name":"wp","href":"https:\/\/api.w.org\/{rel}","templated":true}]}}