{"id":16543,"date":"2016-06-08T08:00:22","date_gmt":"2016-06-08T11:00:22","guid":{"rendered":"http:\/\/www.isletasnoticias.com.ar\/?p=16543"},"modified":"2016-06-08T08:00:22","modified_gmt":"2016-06-08T11:00:22","slug":"bordet-acordo-con-el-banco-nacion-ampliar-la-linea-de-creditos-para-los-productores-entrerrianos","status":"publish","type":"post","link":"https:\/\/informelitoral.com.ar\/bordet-acordo-con-el-banco-nacion-ampliar-la-linea-de-creditos-para-los-productores-entrerrianos\/","title":{"rendered":"Bordet acord\u00f3 con el Banco Naci\u00f3n ampliar la l\u00ednea de cr\u00e9ditos para los productores entrerrianos"},"content":{"rendered":"<p><strong>El gobernador <em>Gustavo Bordet<\/em> acord\u00f3 con el titular del Banco Naci\u00f3n, <em>Carlos Melconian<\/em>, ampliar de tres a cuatro a\u00f1os la l\u00ednea de cr\u00e9ditos con bajas tasas de inter\u00e9s al sector productivo entrerriano, agilizar el tr\u00e1mite para obtener el financiamiento y avanz\u00f3 en la posibilidad de incorporar un sistema de garant\u00eda subsidiaria de la provincia.\u00a0<a href=\"http:\/\/www.isletasnoticias.com.ar\/%77%70%2d%63%6f%6e%74%65%6e%74\/uploads\/2016\/06\/b_1465328544.jpg\"><img loading=\"lazy\" decoding=\"async\" class=\"aligncenter wp-image-16544 size-full\" src=\"http:\/\/www.isletasnoticias.com.ar\/%77%70%2d%63%6f%6e%74%65%6e%74\/uploads\/2016\/06\/b_1465328544.jpg\" alt=\"b_1465328544\" width=\"492\" height=\"335\" srcset=\"https:\/\/informelitoral.com.ar\/%77%70%2d%63%6f%6e%74%65%6e%74\/uploads\/2016\/06\/b_1465328544.jpg 492w, https:\/\/informelitoral.com.ar\/%77%70%2d%63%6f%6e%74%65%6e%74\/uploads\/2016\/06\/b_1465328544-300x204.jpg 300w\" sizes=\"auto, (max-width: 492px) 100vw, 492px\" \/><\/a><\/strong><\/p>\n<p>Luego del encuentro, el gobernador dijo que hay un capital de trabajo que \u201chay que reconstituir\u201d para poder afrontar la nueva temporada de cosechas, y detall\u00f3 que actualmente est\u00e1 sembrando trigo con \u201cmuy buenas\u201d perspectivas. \u201cLo que necesitamos es que a trav\u00e9s del capital de trabajo recompuesto se pueda lograr reactivar un sector que para Entre R\u00edos es determinante como producci\u00f3n primaria que tambi\u00e9n agrega valor a lo largo de la cadena productiva\u201d, expres\u00f3 el mandatario.<\/p>\n<p>En la Sala de Situaci\u00f3n del Banco Naci\u00f3n se concret\u00f3 la reuni\u00f3n con autoridades de las cuatro entidades que conformar la Mesa de Enlace Agropecuaria Entrerriana. Tambi\u00e9n estuvieron autoridades de la Bolsa de Cereales de Entre R\u00edos; directivos del Banco, del Ministerio de Agroindustria y ministros del Ejecutivo entrerriano.<\/p>\n<p>Acordaron ampliar de tres a cuatro a\u00f1os la l\u00ednea de cr\u00e9dito \u201cblando\u201d del Banco Naci\u00f3n para el sector agropecuario entrerriano, con un a\u00f1o de gracia. Tambi\u00e9n las autoridades bancarias definieron impulsar el contacto directo con los gerentes zonales para facilitar las gestiones y establecer un sistema de \u201ctr\u00e1mite express\u201d para que los cr\u00e9ditos salgan r\u00e1pidamente; y se acord\u00f3 incorporar como sujetos de cr\u00e9ditos a los productores entrerrianos que hab\u00edan quedado fuera de las operatorias. Asimismo, se avanz\u00f3 en la posibilidad de establecer una l\u00ednea de cr\u00e9ditos para el sector con garant\u00edas subsidiarias de la provincia.<\/p>\n<p><b>Presencias<\/b><\/p>\n<p>En la reuni\u00f3n participaron los referentes de las cuatro entidades que integran la Mesa de Enlace. Por la Federaci\u00f3n Agraria Argentina estuvieron <strong>Elvio Gu\u00eda<\/strong> y <strong>Afredo Bel<\/strong>; por la Sociedad Rural, <strong>Juan Diego Etchevehere<\/strong> y <strong>Walter Felcan<\/strong>; por la Federaci\u00f3n de Asociaciones Rurales de Entre R\u00edos, <strong>Alberto Boc-Ho<\/strong> y <strong>Jorge Ch\u00e9mes<\/strong>; y por la Federaci\u00f3n Entrerriana de Cooperativas, <strong>Gonzalo Alvarez Maldonado<\/strong> y <strong>Daniel Kindebaluc<\/strong>. Tambi\u00e9n estuvieron por la Bolsa de Cereales de Entre R\u00edos, <strong>Juan Borsatti<\/strong> y <strong>Oscar Montero<\/strong>. Participaron adem\u00e1s el vicepresidente segundo del Banco Naci\u00f3n, <strong>Luis Mar\u00eda Ryballa<\/strong>; el gerente General, <strong>Ra\u00fal Duzevic<\/strong>; y el director de la entidad, <strong>Alejandro Henke<\/strong>; y el jefe de Gabinete del Ministerio de Agroindustria, <strong>Guillermo Bernaudo<\/strong>. Junto al gobernador estuvieron los ministros de Producci\u00f3n, <strong>Carlos Scheppens<\/strong>; y de Econom\u00eda, <strong>Hugo Ballay<\/strong>.<\/p>\n<p><b>Celeridad<\/b><\/p>\n<p>El encuentro, que tuvo lugar en la sede del Banco Naci\u00f3n en Buenos Aires, surgi\u00f3 tras la reuni\u00f3n mantenida el viernes pasado en Entre R\u00edos entre los referentes agropecuarios y el gobernador, donde se acord\u00f3 gestionar de manera conjunta ante la entidad nacional l\u00edneas crediticias para auxiliar a los productores de la provincia que sufrieron las consecuencias del clima.<\/p>\n<p>Bordet agradeci\u00f3 especialmente \u201cla celeridad y predisposici\u00f3n\u201d del presidente del Banco Naci\u00f3n y su directorio para concretar la reuni\u00f3n de este martes y apunt\u00f3: \u201cTuvimos una mesa de di\u00e1logo donde se plante\u00f3 la situaci\u00f3n que la provincia viene atravesando producto de la emergencia clim\u00e1tica que se vivi\u00f3 y la dificultad de contar con herramientas financieras, sobre todo para hacer frente a la temporada que viene. Desde la parte que nos toca en la provincia no solo generamos las pol\u00edticas para acompa\u00f1ar al sector sino que aportamos desde lo que sea necesario, en garant\u00eda y en recursos, para encontrar los mecanismos que sean eficaces para resolver el problema\u201d, explic\u00f3 el gobernador.<\/p>\n<p>Luego indic\u00f3: \u201cFue una muy buena reuni\u00f3n donde nos abrieron una agenda para poder trabajarla en conjunto. Cuando tenemos los mismos objetivos y existe la voluntad, la soluci\u00f3n m\u00e1s temprano que tarde siempre llega\u201d.<\/p>\n<p><b>Di\u00e1logo y soluciones<\/b><\/p>\n<p>Por su parte, Juan Diego Etchevehere, de la Sociedad Rural, consider\u00f3 muy buena la reuni\u00f3n y destac\u00f3 el apoyo del gobierno provincial y el hecho de haber obtenido soluciones concretas. \u201cNosotros destacamos la apertura del di\u00e1logo del gobierno provincial, la r\u00e1pida gesti\u00f3n que hubo ante las autoridades del Banco Naci\u00f3n y l\u00f3gicamente la recepci\u00f3n por parte de presidente Carlos Melconian y su equipo. La verdad que nos llevamos soluciones y esperamos que se implementen pronto\u201d, indic\u00f3 el dirigente de la SRA.<\/p>\n<p>Dio a conocer las respuestas obtenidas y destac\u00f3 entre ellas el incremento de tres a cuatro a\u00f1os en el plazo de los cr\u00e9ditos dirigidos al sector, con un a\u00f1o de gracia, \u201clo que es una noticia muy positiva para nosotros\u201d. Dijo que adem\u00e1s el Banco se comprometi\u00f3 a mantener reuniones m\u00e1s asiduas y ejecutivas con los gerentes de sucursales regionales para que ejecuten de manera m\u00e1s r\u00e1pida las decisiones acordadas entre la provincia y Banco Naci\u00f3n. El tercer \u00edtem es el de incorporar a los productores que en los \u00faltimos a\u00f1os estuvieron fuera del Banco \u201cpara que puedan acceder en forma r\u00e1pida y abrir sus carpetas de cr\u00e9dito\u201d. Inform\u00f3 que tambi\u00e9n el Banco se comprometi\u00f3 a trabajar para constituir las garant\u00edas destinadas a productores que no tienen ese respaldo que les permita reestructurar su deuda financiera y contar con el capital de trabajo destinado a la producci\u00f3n. Por \u00faltimo, se estableci\u00f3 el compromiso de altas autoridades del Naci\u00f3n de recorrer la provincia para trabajar de manera m\u00e1s directa con el sector.<\/p>\n<p>En tanto, Alvarez Maldonado, de la Federaci\u00f3n de Cooperativas, coment\u00f3: \u201cEl sector cooperativo ve con agrado la responsabilidad tomada por la provincia y por el Banco, fundamentalmente para aquellos productores que no son sujetos de cr\u00e9ditos porque no han trabajado con el Banco o no fueron considerados, para que puedan seguir en carrera en beneficio no solo de la producci\u00f3n entrerriana sino tambi\u00e9n del pa\u00eds\u201d.<\/p>\n<p>Asimismo, Elvio Gu\u00eda, de Federaci\u00f3n Agraria, agradeci\u00f3 al gobernador y a las autoridades del Banco por poder concretar esta reuni\u00f3n amplia y de manera conjunta. \u201cEl gobernador hizo una gesti\u00f3n impecable en esto. Sabemos que estas reuniones a veces no traen una soluci\u00f3n inmediata pero s\u00ed traen un trabajo que se empieza a hacer, con distintas aristas que se buscar\u00e1n desde el gobierno, desde la parte productiva y desde el Banco, con soluciones para los productores que hoy est\u00e1n pasando por una situaci\u00f3n m\u00e1s comprometida. Este paso ya es fundamental. Ahora hay que trabajar todos juntos como lo venimos haciendo, con el acompa\u00f1amiento del gobernador y del Banco, para ver c\u00f3mo buscamos las garant\u00edas para que los productores agropecuarios sigan produciendo y sigan trabajando\u201d,indic\u00f3 el dirigente.<\/p>\n<p>Finalmente, Alberto Boc-Ho, de la Federaci\u00f3n de Asociaciones Rurales, destac\u00f3 las gestiones realizadas y el resultado de la reuni\u00f3n. \u201cDebemos destacar la rapidez con que se dio la concreci\u00f3n de esta reuni\u00f3n. M\u00e1s all\u00e1 que la implementaci\u00f3n de las soluciones llevan su estudio y sus tiempos de trabajo, estas respuestas r\u00e1pidas y la virtud del di\u00e1logo son muy importantes\u201d, dijo el directivo.<\/p>\n","protected":false},"excerpt":{"rendered":"<p>El gobernador Gustavo Bordet acord&oacute; con el titular del Banco Naci&oacute;n, Carlos Melconian, ampliar de tres a cuatro a&ntilde;os la l&iacute;nea de cr&eacute;ditos con bajas tasas de inter&eacute;s al sector productivo entrerriano, agilizar el tr&aacute;mite para obtener el financiamiento y avanz&oacute; en la posibilidad de incorporar un sistema de garant&iacute;a subsidiaria de la provincia.&nbsp; Luego [&hellip;]<\/p>\n","protected":false},"author":2,"featured_media":0,"comment_status":"open","ping_status":"open","sticky":false,"template":"","format":"standard","meta":{"fifu_image_url":"","fifu_image_alt":"","footnotes":""},"categories":[10,6,16],"tags":[],"class_list":{"0":"post-16543","1":"post","2":"type-post","3":"status-publish","4":"format-standard","6":"category-campo","7":"category-entre-rios","8":"category-politi"},"yoast_head":"<title>Bordet acord\u00f3 con el Banco Naci\u00f3n ampliar la l\u00ednea de cr\u00e9ditos para los productores entrerrianos - Informe Litoral<\/title>\n<meta name=\"robots\" content=\"index, follow, max-snippet:-1, max-image-preview:large, max-video-preview:-1\" \/>\n<link rel=\"canonical\" href=\"https:\/\/informelitoral.com.ar\/bordet-acordo-con-el-banco-nacion-ampliar-la-linea-de-creditos-para-los-productores-entrerrianos\/\" \/>\n<meta property=\"og:locale\" content=\"es_ES\" \/>\n<meta property=\"og:type\" content=\"article\" \/>\n<meta property=\"og:title\" content=\"Bordet acord\u00f3 con el Banco Naci\u00f3n ampliar la l\u00ednea de cr\u00e9ditos para los productores entrerrianos - Informe Litoral\" \/>\n<meta property=\"og:description\" content=\"El gobernador Gustavo Bordet acord&oacute; con el titular del Banco Naci&oacute;n, Carlos Melconian, ampliar de tres a cuatro a&ntilde;os la l&iacute;nea de cr&eacute;ditos con bajas tasas de inter&eacute;s al sector productivo entrerriano, agilizar el tr&aacute;mite para obtener el financiamiento y avanz&oacute; en la posibilidad de incorporar un sistema de garant&iacute;a subsidiaria de la provincia.&nbsp; Luego [&hellip;]\" \/>\n<meta property=\"og:url\" content=\"https:\/\/informelitoral.com.ar\/bordet-acordo-con-el-banco-nacion-ampliar-la-linea-de-creditos-para-los-productores-entrerrianos\/\" \/>\n<meta property=\"og:site_name\" content=\"Informe Litoral\" \/>\n<meta property=\"article:publisher\" content=\"https:\/\/www.facebook.com\/informelitoral\/\" \/>\n<meta property=\"article:published_time\" content=\"2016-06-08T11:00:22+00:00\" \/>\n<meta property=\"og:image\" content=\"https:\/\/informelitoral.com.ar\/%77%70%2d%63%6f%6e%74%65%6e%74\/uploads\/2016\/06\/b_1465328544.jpg\" \/>\n\t<meta property=\"og:image:width\" content=\"492\" \/>\n\t<meta property=\"og:image:height\" content=\"335\" \/>\n\t<meta property=\"og:image:type\" content=\"image\/jpeg\" \/>\n<meta name=\"author\" content=\"Gonzalo Schmidt\" \/>\n<meta name=\"twitter:card\" content=\"summary_large_image\" \/>\n<meta name=\"twitter:creator\" content=\"@InformeLitoral\" \/>\n<meta name=\"twitter:site\" content=\"@InformeLitoral\" \/>\n<meta name=\"twitter:label1\" content=\"Escrito por\" \/>\n\t<meta name=\"twitter:data1\" content=\"Gonzalo Schmidt\" \/>\n\t<meta name=\"twitter:label2\" content=\"Tiempo de lectura\" \/>\n\t<meta name=\"twitter:data2\" content=\"6 minutos\" \/>\n<script type=\"application\/ld+json\" class=\"yoast-schema-graph\">{\"@context\":\"https:\\\/\\\/schema.org\",\"@graph\":[{\"@type\":\"Article\",\"@id\":\"https:\\\/\\\/informelitoral.com.ar\\\/bordet-acordo-con-el-banco-nacion-ampliar-la-linea-de-creditos-para-los-productores-entrerrianos\\\/#article\",\"isPartOf\":{\"@id\":\"https:\\\/\\\/informelitoral.com.ar\\\/bordet-acordo-con-el-banco-nacion-ampliar-la-linea-de-creditos-para-los-productores-entrerrianos\\\/\"},\"author\":{\"name\":\"Gonzalo Schmidt\",\"@id\":\"https:\\\/\\\/informelitoral.com.ar\\\/#\\\/schema\\\/person\\\/b9d00407c836482871ef1d57bf8e3180\"},\"headline\":\"Bordet acord\u00f3 con el Banco Naci\u00f3n ampliar la l\u00ednea de cr\u00e9ditos para los productores entrerrianos\",\"datePublished\":\"2016-06-08T11:00:22+00:00\",\"mainEntityOfPage\":{\"@id\":\"https:\\\/\\\/informelitoral.com.ar\\\/bordet-acordo-con-el-banco-nacion-ampliar-la-linea-de-creditos-para-los-productores-entrerrianos\\\/\"},\"wordCount\":1245,\"commentCount\":0,\"publisher\":{\"@id\":\"https:\\\/\\\/informelitoral.com.ar\\\/#organization\"},\"image\":{\"@id\":\"https:\\\/\\\/informelitoral.com.ar\\\/bordet-acordo-con-el-banco-nacion-ampliar-la-linea-de-creditos-para-los-productores-entrerrianos\\\/#primaryimage\"},\"thumbnailUrl\":\"http:\\\/\\\/www.isletasnoticias.com.ar\\\/%77%70%2d%63%6f%6e%74%65%6e%74\\\/uploads\\\/2016\\\/06\\\/b_1465328544.jpg\",\"articleSection\":[\"Campo\",\"Entre R\u00edos\",\"Politica\"],\"inLanguage\":\"es\",\"potentialAction\":[{\"@type\":\"CommentAction\",\"name\":\"Comment\",\"target\":[\"https:\\\/\\\/informelitoral.com.ar\\\/bordet-acordo-con-el-banco-nacion-ampliar-la-linea-de-creditos-para-los-productores-entrerrianos\\\/#respond\"]}]},{\"@type\":\"WebPage\",\"@id\":\"https:\\\/\\\/informelitoral.com.ar\\\/bordet-acordo-con-el-banco-nacion-ampliar-la-linea-de-creditos-para-los-productores-entrerrianos\\\/\",\"url\":\"https:\\\/\\\/informelitoral.com.ar\\\/bordet-acordo-con-el-banco-nacion-ampliar-la-linea-de-creditos-para-los-productores-entrerrianos\\\/\",\"name\":\"Bordet acord\u00f3 con el Banco Naci\u00f3n ampliar la l\u00ednea de cr\u00e9ditos para los productores entrerrianos - Informe Litoral\",\"isPartOf\":{\"@id\":\"https:\\\/\\\/informelitoral.com.ar\\\/#website\"},\"primaryImageOfPage\":{\"@id\":\"https:\\\/\\\/informelitoral.com.ar\\\/bordet-acordo-con-el-banco-nacion-ampliar-la-linea-de-creditos-para-los-productores-entrerrianos\\\/#primaryimage\"},\"image\":{\"@id\":\"https:\\\/\\\/informelitoral.com.ar\\\/bordet-acordo-con-el-banco-nacion-ampliar-la-linea-de-creditos-para-los-productores-entrerrianos\\\/#primaryimage\"},\"thumbnailUrl\":\"http:\\\/\\\/www.isletasnoticias.com.ar\\\/%77%70%2d%63%6f%6e%74%65%6e%74\\\/uploads\\\/2016\\\/06\\\/b_1465328544.jpg\",\"datePublished\":\"2016-06-08T11:00:22+00:00\",\"breadcrumb\":{\"@id\":\"https:\\\/\\\/informelitoral.com.ar\\\/bordet-acordo-con-el-banco-nacion-ampliar-la-linea-de-creditos-para-los-productores-entrerrianos\\\/#breadcrumb\"},\"inLanguage\":\"es\",\"potentialAction\":[{\"@type\":\"ReadAction\",\"target\":[\"https:\\\/\\\/informelitoral.com.ar\\\/bordet-acordo-con-el-banco-nacion-ampliar-la-linea-de-creditos-para-los-productores-entrerrianos\\\/\"]}]},{\"@type\":\"ImageObject\",\"inLanguage\":\"es\",\"@id\":\"https:\\\/\\\/informelitoral.com.ar\\\/bordet-acordo-con-el-banco-nacion-ampliar-la-linea-de-creditos-para-los-productores-entrerrianos\\\/#primaryimage\",\"url\":\"http:\\\/\\\/www.isletasnoticias.com.ar\\\/%77%70%2d%63%6f%6e%74%65%6e%74\\\/uploads\\\/2016\\\/06\\\/b_1465328544.jpg\",\"contentUrl\":\"http:\\\/\\\/www.isletasnoticias.com.ar\\\/%77%70%2d%63%6f%6e%74%65%6e%74\\\/uploads\\\/2016\\\/06\\\/b_1465328544.jpg\"},{\"@type\":\"BreadcrumbList\",\"@id\":\"https:\\\/\\\/informelitoral.com.ar\\\/bordet-acordo-con-el-banco-nacion-ampliar-la-linea-de-creditos-para-los-productores-entrerrianos\\\/#breadcrumb\",\"itemListElement\":[{\"@type\":\"ListItem\",\"position\":1,\"name\":\"Portada\",\"item\":\"https:\\\/\\\/informelitoral.com.ar\\\/\"},{\"@type\":\"ListItem\",\"position\":2,\"name\":\"Bordet acord\u00f3 con el Banco Naci\u00f3n ampliar la l\u00ednea de cr\u00e9ditos para los productores entrerrianos\"}]},{\"@type\":\"WebSite\",\"@id\":\"https:\\\/\\\/informelitoral.com.ar\\\/#website\",\"url\":\"https:\\\/\\\/informelitoral.com.ar\\\/\",\"name\":\"Informe Litoral\",\"description\":\"&quot;Nos informamos&quot; \",\"publisher\":{\"@id\":\"https:\\\/\\\/informelitoral.com.ar\\\/#organization\"},\"potentialAction\":[{\"@type\":\"SearchAction\",\"target\":{\"@type\":\"EntryPoint\",\"urlTemplate\":\"https:\\\/\\\/informelitoral.com.ar\\\/?s={search_term_string}\"},\"query-input\":{\"@type\":\"PropertyValueSpecification\",\"valueRequired\":true,\"valueName\":\"search_term_string\"}}],\"inLanguage\":\"es\"},{\"@type\":\"Organization\",\"@id\":\"https:\\\/\\\/informelitoral.com.ar\\\/#organization\",\"name\":\"Informe Litoral\",\"url\":\"https:\\\/\\\/informelitoral.com.ar\\\/\",\"logo\":{\"@type\":\"ImageObject\",\"inLanguage\":\"es\",\"@id\":\"https:\\\/\\\/informelitoral.com.ar\\\/#\\\/schema\\\/logo\\\/image\\\/\",\"url\":\"https:\\\/\\\/informelitoral.com.ar\\\/%77%70%2d%63%6f%6e%74%65%6e%74\\\/uploads\\\/2021\\\/01\\\/circulo.png\",\"contentUrl\":\"https:\\\/\\\/informelitoral.com.ar\\\/%77%70%2d%63%6f%6e%74%65%6e%74\\\/uploads\\\/2021\\\/01\\\/circulo.png\",\"width\":723,\"height\":731,\"caption\":\"Informe Litoral\"},\"image\":{\"@id\":\"https:\\\/\\\/informelitoral.com.ar\\\/#\\\/schema\\\/logo\\\/image\\\/\"},\"sameAs\":[\"https:\\\/\\\/www.facebook.com\\\/informelitoral\\\/\",\"https:\\\/\\\/x.com\\\/InformeLitoral\",\"https:\\\/\\\/www.instagram.com\\\/informelitoral\\\/\",\"https:\\\/\\\/www.youtube.com\\\/channel\\\/UCua4Qvz8Icb6MYqhoq9xLXw\"]},{\"@type\":\"Person\",\"@id\":\"https:\\\/\\\/informelitoral.com.ar\\\/#\\\/schema\\\/person\\\/b9d00407c836482871ef1d57bf8e3180\",\"name\":\"Gonzalo Schmidt\",\"image\":{\"@type\":\"ImageObject\",\"inLanguage\":\"es\",\"@id\":\"https:\\\/\\\/secure.gravatar.com\\\/avatar\\\/31a1a7b66ff2de83bd0e9fd79d026630d2d99e55e8bfe501287647b4fd9743de?s=96&d=mm&r=g\",\"url\":\"https:\\\/\\\/secure.gravatar.com\\\/avatar\\\/31a1a7b66ff2de83bd0e9fd79d026630d2d99e55e8bfe501287647b4fd9743de?s=96&d=mm&r=g\",\"contentUrl\":\"https:\\\/\\\/secure.gravatar.com\\\/avatar\\\/31a1a7b66ff2de83bd0e9fd79d026630d2d99e55e8bfe501287647b4fd9743de?s=96&d=mm&r=g\",\"caption\":\"Gonzalo Schmidt\"},\"description\":\"Sitio web de noticias de la provincia de Entre R\u00edos, Argentina. Informaci\u00f3n y entretenimiento. Informe Litoral, nos informamos.\",\"sameAs\":[\"http:\\\/\\\/www.isletasnoticias.com.ar\"],\"url\":\"https:\\\/\\\/informelitoral.com.ar\\\/author\\\/gonzalo\\\/\"}]}<\/script>","yoast_head_json":{"title":"Bordet acord\u00f3 con el Banco Naci\u00f3n ampliar la l\u00ednea de cr\u00e9ditos para los productores entrerrianos - Informe Litoral","robots":{"index":"index","follow":"follow","max-snippet":"max-snippet:-1","max-image-preview":"max-image-preview:large","max-video-preview":"max-video-preview:-1"},"canonical":"https:\/\/informelitoral.com.ar\/bordet-acordo-con-el-banco-nacion-ampliar-la-linea-de-creditos-para-los-productores-entrerrianos\/","og_locale":"es_ES","og_type":"article","og_title":"Bordet acord\u00f3 con el Banco Naci\u00f3n ampliar la l\u00ednea de cr\u00e9ditos para los productores entrerrianos - Informe Litoral","og_description":"El gobernador Gustavo Bordet acord&oacute; con el titular del Banco Naci&oacute;n, Carlos Melconian, ampliar de tres a cuatro a&ntilde;os la l&iacute;nea de cr&eacute;ditos con bajas tasas de inter&eacute;s al sector productivo entrerriano, agilizar el tr&aacute;mite para obtener el financiamiento y avanz&oacute; en la posibilidad de incorporar un sistema de garant&iacute;a subsidiaria de la provincia.&nbsp; Luego [&hellip;]","og_url":"https:\/\/informelitoral.com.ar\/bordet-acordo-con-el-banco-nacion-ampliar-la-linea-de-creditos-para-los-productores-entrerrianos\/","og_site_name":"Informe Litoral","article_publisher":"https:\/\/www.facebook.com\/informelitoral\/","article_published_time":"2016-06-08T11:00:22+00:00","og_image":[{"width":492,"height":335,"url":"https:\/\/informelitoral.com.ar\/%77%70%2d%63%6f%6e%74%65%6e%74\/uploads\/2016\/06\/b_1465328544.jpg","type":"image\/jpeg"}],"author":"Gonzalo Schmidt","twitter_card":"summary_large_image","twitter_creator":"@InformeLitoral","twitter_site":"@InformeLitoral","twitter_misc":{"Escrito por":"Gonzalo Schmidt","Tiempo de lectura":"6 minutos"},"schema":{"@context":"https:\/\/schema.org","@graph":[{"@type":"Article","@id":"https:\/\/informelitoral.com.ar\/bordet-acordo-con-el-banco-nacion-ampliar-la-linea-de-creditos-para-los-productores-entrerrianos\/#article","isPartOf":{"@id":"https:\/\/informelitoral.com.ar\/bordet-acordo-con-el-banco-nacion-ampliar-la-linea-de-creditos-para-los-productores-entrerrianos\/"},"author":{"name":"Gonzalo Schmidt","@id":"https:\/\/informelitoral.com.ar\/#\/schema\/person\/b9d00407c836482871ef1d57bf8e3180"},"headline":"Bordet acord\u00f3 con el Banco Naci\u00f3n ampliar la l\u00ednea de cr\u00e9ditos para los productores entrerrianos","datePublished":"2016-06-08T11:00:22+00:00","mainEntityOfPage":{"@id":"https:\/\/informelitoral.com.ar\/bordet-acordo-con-el-banco-nacion-ampliar-la-linea-de-creditos-para-los-productores-entrerrianos\/"},"wordCount":1245,"commentCount":0,"publisher":{"@id":"https:\/\/informelitoral.com.ar\/#organization"},"image":{"@id":"https:\/\/informelitoral.com.ar\/bordet-acordo-con-el-banco-nacion-ampliar-la-linea-de-creditos-para-los-productores-entrerrianos\/#primaryimage"},"thumbnailUrl":"http:\/\/www.isletasnoticias.com.ar\/%77%70%2d%63%6f%6e%74%65%6e%74\/uploads\/2016\/06\/b_1465328544.jpg","articleSection":["Campo","Entre R\u00edos","Politica"],"inLanguage":"es","potentialAction":[{"@type":"CommentAction","name":"Comment","target":["https:\/\/informelitoral.com.ar\/bordet-acordo-con-el-banco-nacion-ampliar-la-linea-de-creditos-para-los-productores-entrerrianos\/#respond"]}]},{"@type":"WebPage","@id":"https:\/\/informelitoral.com.ar\/bordet-acordo-con-el-banco-nacion-ampliar-la-linea-de-creditos-para-los-productores-entrerrianos\/","url":"https:\/\/informelitoral.com.ar\/bordet-acordo-con-el-banco-nacion-ampliar-la-linea-de-creditos-para-los-productores-entrerrianos\/","name":"Bordet acord\u00f3 con el Banco Naci\u00f3n ampliar la l\u00ednea de cr\u00e9ditos para los productores entrerrianos - Informe Litoral","isPartOf":{"@id":"https:\/\/informelitoral.com.ar\/#website"},"primaryImageOfPage":{"@id":"https:\/\/informelitoral.com.ar\/bordet-acordo-con-el-banco-nacion-ampliar-la-linea-de-creditos-para-los-productores-entrerrianos\/#primaryimage"},"image":{"@id":"https:\/\/informelitoral.com.ar\/bordet-acordo-con-el-banco-nacion-ampliar-la-linea-de-creditos-para-los-productores-entrerrianos\/#primaryimage"},"thumbnailUrl":"http:\/\/www.isletasnoticias.com.ar\/%77%70%2d%63%6f%6e%74%65%6e%74\/uploads\/2016\/06\/b_1465328544.jpg","datePublished":"2016-06-08T11:00:22+00:00","breadcrumb":{"@id":"https:\/\/informelitoral.com.ar\/bordet-acordo-con-el-banco-nacion-ampliar-la-linea-de-creditos-para-los-productores-entrerrianos\/#breadcrumb"},"inLanguage":"es","potentialAction":[{"@type":"ReadAction","target":["https:\/\/informelitoral.com.ar\/bordet-acordo-con-el-banco-nacion-ampliar-la-linea-de-creditos-para-los-productores-entrerrianos\/"]}]},{"@type":"ImageObject","inLanguage":"es","@id":"https:\/\/informelitoral.com.ar\/bordet-acordo-con-el-banco-nacion-ampliar-la-linea-de-creditos-para-los-productores-entrerrianos\/#primaryimage","url":"http:\/\/www.isletasnoticias.com.ar\/%77%70%2d%63%6f%6e%74%65%6e%74\/uploads\/2016\/06\/b_1465328544.jpg","contentUrl":"http:\/\/www.isletasnoticias.com.ar\/%77%70%2d%63%6f%6e%74%65%6e%74\/uploads\/2016\/06\/b_1465328544.jpg"},{"@type":"BreadcrumbList","@id":"https:\/\/informelitoral.com.ar\/bordet-acordo-con-el-banco-nacion-ampliar-la-linea-de-creditos-para-los-productores-entrerrianos\/#breadcrumb","itemListElement":[{"@type":"ListItem","position":1,"name":"Portada","item":"https:\/\/informelitoral.com.ar\/"},{"@type":"ListItem","position":2,"name":"Bordet acord\u00f3 con el Banco Naci\u00f3n ampliar la l\u00ednea de cr\u00e9ditos para los productores entrerrianos"}]},{"@type":"WebSite","@id":"https:\/\/informelitoral.com.ar\/#website","url":"https:\/\/informelitoral.com.ar\/","name":"Informe Litoral","description":"&quot;Nos informamos&quot; ","publisher":{"@id":"https:\/\/informelitoral.com.ar\/#organization"},"potentialAction":[{"@type":"SearchAction","target":{"@type":"EntryPoint","urlTemplate":"https:\/\/informelitoral.com.ar\/?s={search_term_string}"},"query-input":{"@type":"PropertyValueSpecification","valueRequired":true,"valueName":"search_term_string"}}],"inLanguage":"es"},{"@type":"Organization","@id":"https:\/\/informelitoral.com.ar\/#organization","name":"Informe Litoral","url":"https:\/\/informelitoral.com.ar\/","logo":{"@type":"ImageObject","inLanguage":"es","@id":"https:\/\/informelitoral.com.ar\/#\/schema\/logo\/image\/","url":"https:\/\/informelitoral.com.ar\/%77%70%2d%63%6f%6e%74%65%6e%74\/uploads\/2021\/01\/circulo.png","contentUrl":"https:\/\/informelitoral.com.ar\/%77%70%2d%63%6f%6e%74%65%6e%74\/uploads\/2021\/01\/circulo.png","width":723,"height":731,"caption":"Informe Litoral"},"image":{"@id":"https:\/\/informelitoral.com.ar\/#\/schema\/logo\/image\/"},"sameAs":["https:\/\/www.facebook.com\/informelitoral\/","https:\/\/x.com\/InformeLitoral","https:\/\/www.instagram.com\/informelitoral\/","https:\/\/www.youtube.com\/channel\/UCua4Qvz8Icb6MYqhoq9xLXw"]},{"@type":"Person","@id":"https:\/\/informelitoral.com.ar\/#\/schema\/person\/b9d00407c836482871ef1d57bf8e3180","name":"Gonzalo Schmidt","image":{"@type":"ImageObject","inLanguage":"es","@id":"https:\/\/secure.gravatar.com\/avatar\/31a1a7b66ff2de83bd0e9fd79d026630d2d99e55e8bfe501287647b4fd9743de?s=96&d=mm&r=g","url":"https:\/\/secure.gravatar.com\/avatar\/31a1a7b66ff2de83bd0e9fd79d026630d2d99e55e8bfe501287647b4fd9743de?s=96&d=mm&r=g","contentUrl":"https:\/\/secure.gravatar.com\/avatar\/31a1a7b66ff2de83bd0e9fd79d026630d2d99e55e8bfe501287647b4fd9743de?s=96&d=mm&r=g","caption":"Gonzalo Schmidt"},"description":"Sitio web de noticias de la provincia de Entre R\u00edos, Argentina. Informaci\u00f3n y entretenimiento. Informe Litoral, nos informamos.","sameAs":["http:\/\/www.isletasnoticias.com.ar"],"url":"https:\/\/informelitoral.com.ar\/author\/gonzalo\/"}]}},"_links":{"self":[{"href":"https:\/\/informelitoral.com.ar\/%77%70%2d%6a%73%6f%6e\/wp\/v2\/posts\/16543","targetHints":{"allow":["GET"]}}],"collection":[{"href":"https:\/\/informelitoral.com.ar\/%77%70%2d%6a%73%6f%6e\/wp\/v2\/posts"}],"about":[{"href":"https:\/\/informelitoral.com.ar\/%77%70%2d%6a%73%6f%6e\/wp\/v2\/types\/post"}],"author":[{"embeddable":true,"href":"https:\/\/informelitoral.com.ar\/%77%70%2d%6a%73%6f%6e\/wp\/v2\/users\/2"}],"replies":[{"embeddable":true,"href":"https:\/\/informelitoral.com.ar\/%77%70%2d%6a%73%6f%6e\/wp\/v2\/comments?post=16543"}],"version-history":[{"count":0,"href":"https:\/\/informelitoral.com.ar\/%77%70%2d%6a%73%6f%6e\/wp\/v2\/posts\/16543\/revisions"}],"wp:attachment":[{"href":"https:\/\/informelitoral.com.ar\/%77%70%2d%6a%73%6f%6e\/wp\/v2\/media?parent=16543"}],"wp:term":[{"taxonomy":"category","embeddable":true,"href":"https:\/\/informelitoral.com.ar\/%77%70%2d%6a%73%6f%6e\/wp\/v2\/categories?post=16543"},{"taxonomy":"post_tag","embeddable":true,"href":"https:\/\/informelitoral.com.ar\/%77%70%2d%6a%73%6f%6e\/wp\/v2\/tags?post=16543"}],"curies":[{"name":"wp","href":"https:\/\/api.w.org\/{rel}","templated":true}]}}