{"id":16536,"date":"2016-06-07T08:26:11","date_gmt":"2016-06-07T11:26:11","guid":{"rendered":"http:\/\/www.isletasnoticias.com.ar\/?p=16536"},"modified":"2016-06-07T08:28:09","modified_gmt":"2016-06-07T11:28:09","slug":"el-frio-polar-se-acentuara-hacia-el-fin-de-semana","status":"publish","type":"post","link":"https:\/\/informelitoral.com.ar\/el-frio-polar-se-acentuara-hacia-el-fin-de-semana\/","title":{"rendered":"El fr\u00edo polar se har\u00e1 sentir m\u00e1s hacia el fin de semana"},"content":{"rendered":"<p><strong>Las bajas temperaturas que desde hace d\u00edas se registran en gran parte del pa\u00eds descendear\u00e1n m\u00e1s a\u00fan entre jueves y vernes, seg\u00fan inform\u00f3 el Servicio Meteorol\u00f3gico Nacional (SMN). En Entre R\u00edos, se espera que el viernes la temperatura baje a\u00a01 \u00aaC.<a href=\"http:\/\/www.isletasnoticias.com.ar\/%77%70%2d%63%6f%6e%74%65%6e%74\/uploads\/2016\/06\/friofrio.png_973718260.png\"><img loading=\"lazy\" decoding=\"async\" class=\"aligncenter wp-image-16537 size-full\" src=\"http:\/\/www.isletasnoticias.com.ar\/%77%70%2d%63%6f%6e%74%65%6e%74\/uploads\/2016\/06\/friofrio.png_973718260.png\" alt=\"friofrio.png_973718260\" width=\"789\" height=\"550\" srcset=\"https:\/\/informelitoral.com.ar\/%77%70%2d%63%6f%6e%74%65%6e%74\/uploads\/2016\/06\/friofrio.png_973718260.png 789w, https:\/\/informelitoral.com.ar\/%77%70%2d%63%6f%6e%74%65%6e%74\/uploads\/2016\/06\/friofrio.png_973718260-300x209.png 300w, https:\/\/informelitoral.com.ar\/%77%70%2d%63%6f%6e%74%65%6e%74\/uploads\/2016\/06\/friofrio.png_973718260-768x535.png 768w\" sizes=\"auto, (max-width: 789px) 100vw, 789px\" \/><\/a><\/strong><\/p>\n<p>El sitio del SMN\u00a0especifica que en la jornada de este martes, la capital entrerriana presentar\u00e1 cielo nublado, probables neblinas, bancos de niebla y vientos leves del sector este, con una m\u00ednima de apenas 5 \u00baC; sin embargo,\u00a0\u00abA partir del mi\u00e9rcoles un nuevo frente fr\u00edo ingresar\u00e1 desde la regi\u00f3n patag\u00f3nica hacia todo el pa\u00eds provocando un nuevo descenso de temperaturas\u00bb dijo a T\u00e9lam Ignacio Amorin, meteor\u00f3logo del organismo.<\/p>\n<p>En Paran\u00e1 las temperaturas m\u00ednimas de la semana se esperan a partir del jueves jueves, viernes y s\u00e1bado: oscilar\u00e1n entre 1 y 2 grados.<\/p>\n<p>El especialista precis\u00f3 que \u00abesta masa ingresar\u00e1 reforzando el fr\u00edo que se registra hace d\u00edas y produciendo vientos intensos del sector sudoeste. El viernes tambi\u00e9n ingresar\u00e1 aire polar que provocar\u00e1 el descenso de temperaturas en todo el pa\u00eds inclusive en el sur de Brasil\u00bb.<\/p>\n<p>Asimismo, se esperan \u00abheladas generalizadas (temperaturas m\u00ednimas menores a 0 grado) que pueden provocar escarcha\u00bb.<\/p>\n<p>En C\u00f3rdoba y Santa Fe se registraron densas nieblas asociadas al aire fr\u00edo y h\u00famedo, fen\u00f3meno que se repiti\u00f3 tambi\u00e9n en Buenos Aires y Entre R\u00edos donde adem\u00e1s las temperaturas m\u00ednimas \u00abestuvieron pr\u00f3ximas a los cero grados\u00bb.<\/p>\n<p>El organismo asegur\u00f3 que este a\u00f1o se registr\u00f3 la temperatura promedio m\u00e1s baja \u00abde los \u00faltimos 45 a\u00f1os\u00bb.<\/p>\n<p>La temperatura m\u00ednima promedio de mayo en Capital Federal fue de 12,3, cerca de dos grados menos que la media registrada para ese mes que es 14,5; en tanto la m\u00e1xima promedio fue de 16 grados mientras la media mensual de esa marca t\u00e9rmica esta estimada en 19,3.<\/p>\n<p>\u00abAunque durante el mes hubo muchos d\u00edas nublados, las precipitaciones fueron escasas y muy por debajo del promedio\u00bb, explic\u00f3 Amor\u00edn y remarc\u00f3 que \u00abcuando el promedio de precipitaci\u00f3n es de 90 mil\u00edmetros de agua ca\u00edda solo llovieron 42\u00bb en el \u00e1rea metropolitana.<\/p>\n<p>El especialista explic\u00f3 que las bajas temperaturas que se registran en la zona central del pa\u00eds se deben \u00aba la existencia y permanencia de un bloqueo, un sistema de alta presi\u00f3n ubicado en la Patagonia que, al estar estancado, no permiti\u00f3 que los sistemas (meteorol\u00f3gicos) que ven\u00edan desde el pac\u00edfico sur circularan\u00bb.<\/p>\n<p>Los centros de alta presi\u00f3n son asociados generalmente con el buen tiempo y cielo despejado, en este caso \u00abeste bloqueo de alta presi\u00f3n se situ\u00f3 sobre Santa Cruz, Tierra del Fuego y el Pasaje de Drake y debido a su permanencia, alter\u00f3 toda la din\u00e1mica de la atm\u00f3sfera en la zona generando que donde deb\u00eda llover, no llueva y viceversa\u00bb.<\/p>\n<p>\u00abLa permanencia de este bloqueo se debe a dos factores fundamentales: las consecuencias del fen\u00f3meno de la Corriente del Ni\u00f1o y la circulaci\u00f3n de vientos que se originan en la Ant\u00e1rtida\u00bb, explic\u00f3 Amorin.<\/p>\n<p>Si bien las bajas temperaturas continuar\u00e1n al menos una semana, no se puede asegurar que el invierno que se aproxima llegue con marcas t\u00e9rmicas mas aun menores ya que \u00abpodr\u00eda cambiar el patr\u00f3n de circulaci\u00f3n y revertir la situaci\u00f3n\u00bb, consider\u00f3 el especialista.<\/p>\n<p>Y agreg\u00f3 que: \u00abEl pronostico para los pr\u00f3ximos meses para la Regi\u00f3n Patag\u00f3nica prev\u00e9 probabilidades de temperaturas mas ben\u00e9volas, que se acerquen al valor medio de la \u00e9poca, como viene sucediendo: con pocas lluvias y fr\u00edo moderado\u00bb, reprodujo <em>UNO Entre R\u00edos.\u00a0<\/em><\/p>\n<p>\u00abEn tanto, el pr\u00f3ximo trimestre en la pampa h\u00fameda las temperaturas estar\u00e1n cerca de la media para este mes, considerando que en junio comienzan a afianzarse las irrupciones de aire fr\u00edo, t\u00edpicas para esta \u00e9poca y comienzan a registrarse heladas\u00bb en la Pampa H\u00fameda.<\/p>\n","protected":false},"excerpt":{"rendered":"<p>Las bajas temperaturas que desde hace d&iacute;as se registran en gran parte del pa&iacute;s descendear&aacute;n m&aacute;s a&uacute;n entre jueves y vernes, seg&uacute;n inform&oacute; el Servicio Meteorol&oacute;gico Nacional (SMN). En Entre R&iacute;os, se espera que el viernes la temperatura baje a&nbsp;1 &ordf;C. El sitio del SMN&nbsp;especifica que en la jornada de este martes, la capital entrerriana [&hellip;]<\/p>\n","protected":false},"author":2,"featured_media":0,"comment_status":"open","ping_status":"open","sticky":false,"template":"","format":"standard","meta":{"fifu_image_url":"","fifu_image_alt":"","footnotes":""},"categories":[6,7],"tags":[],"class_list":{"0":"post-16536","1":"post","2":"type-post","3":"status-publish","4":"format-standard","6":"category-entre-rios","7":"category-nacionales"},"yoast_head":"<title>El fr\u00edo polar se har\u00e1 sentir m\u00e1s hacia el fin de semana - Informe Litoral<\/title>\n<meta name=\"robots\" content=\"index, follow, max-snippet:-1, max-image-preview:large, max-video-preview:-1\" \/>\n<link rel=\"canonical\" href=\"https:\/\/informelitoral.com.ar\/el-frio-polar-se-acentuara-hacia-el-fin-de-semana\/\" \/>\n<meta property=\"og:locale\" content=\"es_ES\" \/>\n<meta property=\"og:type\" content=\"article\" \/>\n<meta property=\"og:title\" content=\"El fr\u00edo polar se har\u00e1 sentir m\u00e1s hacia el fin de semana - Informe Litoral\" \/>\n<meta property=\"og:description\" content=\"Las bajas temperaturas que desde hace d&iacute;as se registran en gran parte del pa&iacute;s descendear&aacute;n m&aacute;s a&uacute;n entre jueves y vernes, seg&uacute;n inform&oacute; el Servicio Meteorol&oacute;gico Nacional (SMN). En Entre R&iacute;os, se espera que el viernes la temperatura baje a&nbsp;1 &ordf;C. El sitio del SMN&nbsp;especifica que en la jornada de este martes, la capital entrerriana [&hellip;]\" \/>\n<meta property=\"og:url\" content=\"https:\/\/informelitoral.com.ar\/el-frio-polar-se-acentuara-hacia-el-fin-de-semana\/\" \/>\n<meta property=\"og:site_name\" content=\"Informe Litoral\" \/>\n<meta property=\"article:publisher\" content=\"https:\/\/www.facebook.com\/informelitoral\/\" \/>\n<meta property=\"article:published_time\" content=\"2016-06-07T11:26:11+00:00\" \/>\n<meta property=\"article:modified_time\" content=\"2016-06-07T11:28:09+00:00\" \/>\n<meta property=\"og:image\" content=\"https:\/\/informelitoral.com.ar\/%77%70%2d%63%6f%6e%74%65%6e%74\/uploads\/2016\/06\/friofrio.png_973718260.png\" \/>\n\t<meta property=\"og:image:width\" content=\"789\" \/>\n\t<meta property=\"og:image:height\" content=\"550\" \/>\n\t<meta property=\"og:image:type\" content=\"image\/png\" \/>\n<meta name=\"author\" content=\"Gonzalo Schmidt\" \/>\n<meta name=\"twitter:card\" content=\"summary_large_image\" \/>\n<meta name=\"twitter:creator\" content=\"@InformeLitoral\" \/>\n<meta name=\"twitter:site\" content=\"@InformeLitoral\" \/>\n<meta name=\"twitter:label1\" content=\"Escrito por\" \/>\n\t<meta name=\"twitter:data1\" content=\"Gonzalo Schmidt\" \/>\n\t<meta name=\"twitter:label2\" content=\"Tiempo de lectura\" \/>\n\t<meta name=\"twitter:data2\" content=\"3 minutos\" \/>\n<script type=\"application\/ld+json\" class=\"yoast-schema-graph\">{\"@context\":\"https:\\\/\\\/schema.org\",\"@graph\":[{\"@type\":\"Article\",\"@id\":\"https:\\\/\\\/informelitoral.com.ar\\\/el-frio-polar-se-acentuara-hacia-el-fin-de-semana\\\/#article\",\"isPartOf\":{\"@id\":\"https:\\\/\\\/informelitoral.com.ar\\\/el-frio-polar-se-acentuara-hacia-el-fin-de-semana\\\/\"},\"author\":{\"name\":\"Gonzalo Schmidt\",\"@id\":\"https:\\\/\\\/informelitoral.com.ar\\\/#\\\/schema\\\/person\\\/b9d00407c836482871ef1d57bf8e3180\"},\"headline\":\"El fr\u00edo polar se har\u00e1 sentir m\u00e1s hacia el fin de semana\",\"datePublished\":\"2016-06-07T11:26:11+00:00\",\"dateModified\":\"2016-06-07T11:28:09+00:00\",\"mainEntityOfPage\":{\"@id\":\"https:\\\/\\\/informelitoral.com.ar\\\/el-frio-polar-se-acentuara-hacia-el-fin-de-semana\\\/\"},\"wordCount\":689,\"commentCount\":0,\"publisher\":{\"@id\":\"https:\\\/\\\/informelitoral.com.ar\\\/#organization\"},\"image\":{\"@id\":\"https:\\\/\\\/informelitoral.com.ar\\\/el-frio-polar-se-acentuara-hacia-el-fin-de-semana\\\/#primaryimage\"},\"thumbnailUrl\":\"http:\\\/\\\/www.isletasnoticias.com.ar\\\/%77%70%2d%63%6f%6e%74%65%6e%74\\\/uploads\\\/2016\\\/06\\\/friofrio.png_973718260.png\",\"articleSection\":[\"Entre R\u00edos\",\"Nacionales\"],\"inLanguage\":\"es\",\"potentialAction\":[{\"@type\":\"CommentAction\",\"name\":\"Comment\",\"target\":[\"https:\\\/\\\/informelitoral.com.ar\\\/el-frio-polar-se-acentuara-hacia-el-fin-de-semana\\\/#respond\"]}]},{\"@type\":\"WebPage\",\"@id\":\"https:\\\/\\\/informelitoral.com.ar\\\/el-frio-polar-se-acentuara-hacia-el-fin-de-semana\\\/\",\"url\":\"https:\\\/\\\/informelitoral.com.ar\\\/el-frio-polar-se-acentuara-hacia-el-fin-de-semana\\\/\",\"name\":\"El fr\u00edo polar se har\u00e1 sentir m\u00e1s hacia el fin de semana - Informe Litoral\",\"isPartOf\":{\"@id\":\"https:\\\/\\\/informelitoral.com.ar\\\/#website\"},\"primaryImageOfPage\":{\"@id\":\"https:\\\/\\\/informelitoral.com.ar\\\/el-frio-polar-se-acentuara-hacia-el-fin-de-semana\\\/#primaryimage\"},\"image\":{\"@id\":\"https:\\\/\\\/informelitoral.com.ar\\\/el-frio-polar-se-acentuara-hacia-el-fin-de-semana\\\/#primaryimage\"},\"thumbnailUrl\":\"http:\\\/\\\/www.isletasnoticias.com.ar\\\/%77%70%2d%63%6f%6e%74%65%6e%74\\\/uploads\\\/2016\\\/06\\\/friofrio.png_973718260.png\",\"datePublished\":\"2016-06-07T11:26:11+00:00\",\"dateModified\":\"2016-06-07T11:28:09+00:00\",\"breadcrumb\":{\"@id\":\"https:\\\/\\\/informelitoral.com.ar\\\/el-frio-polar-se-acentuara-hacia-el-fin-de-semana\\\/#breadcrumb\"},\"inLanguage\":\"es\",\"potentialAction\":[{\"@type\":\"ReadAction\",\"target\":[\"https:\\\/\\\/informelitoral.com.ar\\\/el-frio-polar-se-acentuara-hacia-el-fin-de-semana\\\/\"]}]},{\"@type\":\"ImageObject\",\"inLanguage\":\"es\",\"@id\":\"https:\\\/\\\/informelitoral.com.ar\\\/el-frio-polar-se-acentuara-hacia-el-fin-de-semana\\\/#primaryimage\",\"url\":\"http:\\\/\\\/www.isletasnoticias.com.ar\\\/%77%70%2d%63%6f%6e%74%65%6e%74\\\/uploads\\\/2016\\\/06\\\/friofrio.png_973718260.png\",\"contentUrl\":\"http:\\\/\\\/www.isletasnoticias.com.ar\\\/%77%70%2d%63%6f%6e%74%65%6e%74\\\/uploads\\\/2016\\\/06\\\/friofrio.png_973718260.png\"},{\"@type\":\"BreadcrumbList\",\"@id\":\"https:\\\/\\\/informelitoral.com.ar\\\/el-frio-polar-se-acentuara-hacia-el-fin-de-semana\\\/#breadcrumb\",\"itemListElement\":[{\"@type\":\"ListItem\",\"position\":1,\"name\":\"Portada\",\"item\":\"https:\\\/\\\/informelitoral.com.ar\\\/\"},{\"@type\":\"ListItem\",\"position\":2,\"name\":\"El fr\u00edo polar se har\u00e1 sentir m\u00e1s hacia el fin de semana\"}]},{\"@type\":\"WebSite\",\"@id\":\"https:\\\/\\\/informelitoral.com.ar\\\/#website\",\"url\":\"https:\\\/\\\/informelitoral.com.ar\\\/\",\"name\":\"Informe Litoral\",\"description\":\"&quot;Nos informamos&quot; \",\"publisher\":{\"@id\":\"https:\\\/\\\/informelitoral.com.ar\\\/#organization\"},\"potentialAction\":[{\"@type\":\"SearchAction\",\"target\":{\"@type\":\"EntryPoint\",\"urlTemplate\":\"https:\\\/\\\/informelitoral.com.ar\\\/?s={search_term_string}\"},\"query-input\":{\"@type\":\"PropertyValueSpecification\",\"valueRequired\":true,\"valueName\":\"search_term_string\"}}],\"inLanguage\":\"es\"},{\"@type\":\"Organization\",\"@id\":\"https:\\\/\\\/informelitoral.com.ar\\\/#organization\",\"name\":\"Informe Litoral\",\"url\":\"https:\\\/\\\/informelitoral.com.ar\\\/\",\"logo\":{\"@type\":\"ImageObject\",\"inLanguage\":\"es\",\"@id\":\"https:\\\/\\\/informelitoral.com.ar\\\/#\\\/schema\\\/logo\\\/image\\\/\",\"url\":\"https:\\\/\\\/informelitoral.com.ar\\\/%77%70%2d%63%6f%6e%74%65%6e%74\\\/uploads\\\/2021\\\/01\\\/circulo.png\",\"contentUrl\":\"https:\\\/\\\/informelitoral.com.ar\\\/%77%70%2d%63%6f%6e%74%65%6e%74\\\/uploads\\\/2021\\\/01\\\/circulo.png\",\"width\":723,\"height\":731,\"caption\":\"Informe Litoral\"},\"image\":{\"@id\":\"https:\\\/\\\/informelitoral.com.ar\\\/#\\\/schema\\\/logo\\\/image\\\/\"},\"sameAs\":[\"https:\\\/\\\/www.facebook.com\\\/informelitoral\\\/\",\"https:\\\/\\\/x.com\\\/InformeLitoral\",\"https:\\\/\\\/www.instagram.com\\\/informelitoral\\\/\",\"https:\\\/\\\/www.youtube.com\\\/channel\\\/UCua4Qvz8Icb6MYqhoq9xLXw\"]},{\"@type\":\"Person\",\"@id\":\"https:\\\/\\\/informelitoral.com.ar\\\/#\\\/schema\\\/person\\\/b9d00407c836482871ef1d57bf8e3180\",\"name\":\"Gonzalo Schmidt\",\"image\":{\"@type\":\"ImageObject\",\"inLanguage\":\"es\",\"@id\":\"https:\\\/\\\/secure.gravatar.com\\\/avatar\\\/31a1a7b66ff2de83bd0e9fd79d026630d2d99e55e8bfe501287647b4fd9743de?s=96&d=mm&r=g\",\"url\":\"https:\\\/\\\/secure.gravatar.com\\\/avatar\\\/31a1a7b66ff2de83bd0e9fd79d026630d2d99e55e8bfe501287647b4fd9743de?s=96&d=mm&r=g\",\"contentUrl\":\"https:\\\/\\\/secure.gravatar.com\\\/avatar\\\/31a1a7b66ff2de83bd0e9fd79d026630d2d99e55e8bfe501287647b4fd9743de?s=96&d=mm&r=g\",\"caption\":\"Gonzalo Schmidt\"},\"description\":\"Sitio web de noticias de la provincia de Entre R\u00edos, Argentina. Informaci\u00f3n y entretenimiento. Informe Litoral, nos informamos.\",\"sameAs\":[\"http:\\\/\\\/www.isletasnoticias.com.ar\"],\"url\":\"https:\\\/\\\/informelitoral.com.ar\\\/author\\\/gonzalo\\\/\"}]}<\/script>","yoast_head_json":{"title":"El fr\u00edo polar se har\u00e1 sentir m\u00e1s hacia el fin de semana - Informe Litoral","robots":{"index":"index","follow":"follow","max-snippet":"max-snippet:-1","max-image-preview":"max-image-preview:large","max-video-preview":"max-video-preview:-1"},"canonical":"https:\/\/informelitoral.com.ar\/el-frio-polar-se-acentuara-hacia-el-fin-de-semana\/","og_locale":"es_ES","og_type":"article","og_title":"El fr\u00edo polar se har\u00e1 sentir m\u00e1s hacia el fin de semana - Informe Litoral","og_description":"Las bajas temperaturas que desde hace d&iacute;as se registran en gran parte del pa&iacute;s descendear&aacute;n m&aacute;s a&uacute;n entre jueves y vernes, seg&uacute;n inform&oacute; el Servicio Meteorol&oacute;gico Nacional (SMN). En Entre R&iacute;os, se espera que el viernes la temperatura baje a&nbsp;1 &ordf;C. El sitio del SMN&nbsp;especifica que en la jornada de este martes, la capital entrerriana [&hellip;]","og_url":"https:\/\/informelitoral.com.ar\/el-frio-polar-se-acentuara-hacia-el-fin-de-semana\/","og_site_name":"Informe Litoral","article_publisher":"https:\/\/www.facebook.com\/informelitoral\/","article_published_time":"2016-06-07T11:26:11+00:00","article_modified_time":"2016-06-07T11:28:09+00:00","og_image":[{"width":789,"height":550,"url":"https:\/\/informelitoral.com.ar\/%77%70%2d%63%6f%6e%74%65%6e%74\/uploads\/2016\/06\/friofrio.png_973718260.png","type":"image\/png"}],"author":"Gonzalo Schmidt","twitter_card":"summary_large_image","twitter_creator":"@InformeLitoral","twitter_site":"@InformeLitoral","twitter_misc":{"Escrito por":"Gonzalo Schmidt","Tiempo de lectura":"3 minutos"},"schema":{"@context":"https:\/\/schema.org","@graph":[{"@type":"Article","@id":"https:\/\/informelitoral.com.ar\/el-frio-polar-se-acentuara-hacia-el-fin-de-semana\/#article","isPartOf":{"@id":"https:\/\/informelitoral.com.ar\/el-frio-polar-se-acentuara-hacia-el-fin-de-semana\/"},"author":{"name":"Gonzalo Schmidt","@id":"https:\/\/informelitoral.com.ar\/#\/schema\/person\/b9d00407c836482871ef1d57bf8e3180"},"headline":"El fr\u00edo polar se har\u00e1 sentir m\u00e1s hacia el fin de semana","datePublished":"2016-06-07T11:26:11+00:00","dateModified":"2016-06-07T11:28:09+00:00","mainEntityOfPage":{"@id":"https:\/\/informelitoral.com.ar\/el-frio-polar-se-acentuara-hacia-el-fin-de-semana\/"},"wordCount":689,"commentCount":0,"publisher":{"@id":"https:\/\/informelitoral.com.ar\/#organization"},"image":{"@id":"https:\/\/informelitoral.com.ar\/el-frio-polar-se-acentuara-hacia-el-fin-de-semana\/#primaryimage"},"thumbnailUrl":"http:\/\/www.isletasnoticias.com.ar\/%77%70%2d%63%6f%6e%74%65%6e%74\/uploads\/2016\/06\/friofrio.png_973718260.png","articleSection":["Entre R\u00edos","Nacionales"],"inLanguage":"es","potentialAction":[{"@type":"CommentAction","name":"Comment","target":["https:\/\/informelitoral.com.ar\/el-frio-polar-se-acentuara-hacia-el-fin-de-semana\/#respond"]}]},{"@type":"WebPage","@id":"https:\/\/informelitoral.com.ar\/el-frio-polar-se-acentuara-hacia-el-fin-de-semana\/","url":"https:\/\/informelitoral.com.ar\/el-frio-polar-se-acentuara-hacia-el-fin-de-semana\/","name":"El fr\u00edo polar se har\u00e1 sentir m\u00e1s hacia el fin de semana - Informe Litoral","isPartOf":{"@id":"https:\/\/informelitoral.com.ar\/#website"},"primaryImageOfPage":{"@id":"https:\/\/informelitoral.com.ar\/el-frio-polar-se-acentuara-hacia-el-fin-de-semana\/#primaryimage"},"image":{"@id":"https:\/\/informelitoral.com.ar\/el-frio-polar-se-acentuara-hacia-el-fin-de-semana\/#primaryimage"},"thumbnailUrl":"http:\/\/www.isletasnoticias.com.ar\/%77%70%2d%63%6f%6e%74%65%6e%74\/uploads\/2016\/06\/friofrio.png_973718260.png","datePublished":"2016-06-07T11:26:11+00:00","dateModified":"2016-06-07T11:28:09+00:00","breadcrumb":{"@id":"https:\/\/informelitoral.com.ar\/el-frio-polar-se-acentuara-hacia-el-fin-de-semana\/#breadcrumb"},"inLanguage":"es","potentialAction":[{"@type":"ReadAction","target":["https:\/\/informelitoral.com.ar\/el-frio-polar-se-acentuara-hacia-el-fin-de-semana\/"]}]},{"@type":"ImageObject","inLanguage":"es","@id":"https:\/\/informelitoral.com.ar\/el-frio-polar-se-acentuara-hacia-el-fin-de-semana\/#primaryimage","url":"http:\/\/www.isletasnoticias.com.ar\/%77%70%2d%63%6f%6e%74%65%6e%74\/uploads\/2016\/06\/friofrio.png_973718260.png","contentUrl":"http:\/\/www.isletasnoticias.com.ar\/%77%70%2d%63%6f%6e%74%65%6e%74\/uploads\/2016\/06\/friofrio.png_973718260.png"},{"@type":"BreadcrumbList","@id":"https:\/\/informelitoral.com.ar\/el-frio-polar-se-acentuara-hacia-el-fin-de-semana\/#breadcrumb","itemListElement":[{"@type":"ListItem","position":1,"name":"Portada","item":"https:\/\/informelitoral.com.ar\/"},{"@type":"ListItem","position":2,"name":"El fr\u00edo polar se har\u00e1 sentir m\u00e1s hacia el fin de semana"}]},{"@type":"WebSite","@id":"https:\/\/informelitoral.com.ar\/#website","url":"https:\/\/informelitoral.com.ar\/","name":"Informe Litoral","description":"&quot;Nos informamos&quot; ","publisher":{"@id":"https:\/\/informelitoral.com.ar\/#organization"},"potentialAction":[{"@type":"SearchAction","target":{"@type":"EntryPoint","urlTemplate":"https:\/\/informelitoral.com.ar\/?s={search_term_string}"},"query-input":{"@type":"PropertyValueSpecification","valueRequired":true,"valueName":"search_term_string"}}],"inLanguage":"es"},{"@type":"Organization","@id":"https:\/\/informelitoral.com.ar\/#organization","name":"Informe Litoral","url":"https:\/\/informelitoral.com.ar\/","logo":{"@type":"ImageObject","inLanguage":"es","@id":"https:\/\/informelitoral.com.ar\/#\/schema\/logo\/image\/","url":"https:\/\/informelitoral.com.ar\/%77%70%2d%63%6f%6e%74%65%6e%74\/uploads\/2021\/01\/circulo.png","contentUrl":"https:\/\/informelitoral.com.ar\/%77%70%2d%63%6f%6e%74%65%6e%74\/uploads\/2021\/01\/circulo.png","width":723,"height":731,"caption":"Informe Litoral"},"image":{"@id":"https:\/\/informelitoral.com.ar\/#\/schema\/logo\/image\/"},"sameAs":["https:\/\/www.facebook.com\/informelitoral\/","https:\/\/x.com\/InformeLitoral","https:\/\/www.instagram.com\/informelitoral\/","https:\/\/www.youtube.com\/channel\/UCua4Qvz8Icb6MYqhoq9xLXw"]},{"@type":"Person","@id":"https:\/\/informelitoral.com.ar\/#\/schema\/person\/b9d00407c836482871ef1d57bf8e3180","name":"Gonzalo Schmidt","image":{"@type":"ImageObject","inLanguage":"es","@id":"https:\/\/secure.gravatar.com\/avatar\/31a1a7b66ff2de83bd0e9fd79d026630d2d99e55e8bfe501287647b4fd9743de?s=96&d=mm&r=g","url":"https:\/\/secure.gravatar.com\/avatar\/31a1a7b66ff2de83bd0e9fd79d026630d2d99e55e8bfe501287647b4fd9743de?s=96&d=mm&r=g","contentUrl":"https:\/\/secure.gravatar.com\/avatar\/31a1a7b66ff2de83bd0e9fd79d026630d2d99e55e8bfe501287647b4fd9743de?s=96&d=mm&r=g","caption":"Gonzalo Schmidt"},"description":"Sitio web de noticias de la provincia de Entre R\u00edos, Argentina. Informaci\u00f3n y entretenimiento. Informe Litoral, nos informamos.","sameAs":["http:\/\/www.isletasnoticias.com.ar"],"url":"https:\/\/informelitoral.com.ar\/author\/gonzalo\/"}]}},"_links":{"self":[{"href":"https:\/\/informelitoral.com.ar\/%77%70%2d%6a%73%6f%6e\/wp\/v2\/posts\/16536","targetHints":{"allow":["GET"]}}],"collection":[{"href":"https:\/\/informelitoral.com.ar\/%77%70%2d%6a%73%6f%6e\/wp\/v2\/posts"}],"about":[{"href":"https:\/\/informelitoral.com.ar\/%77%70%2d%6a%73%6f%6e\/wp\/v2\/types\/post"}],"author":[{"embeddable":true,"href":"https:\/\/informelitoral.com.ar\/%77%70%2d%6a%73%6f%6e\/wp\/v2\/users\/2"}],"replies":[{"embeddable":true,"href":"https:\/\/informelitoral.com.ar\/%77%70%2d%6a%73%6f%6e\/wp\/v2\/comments?post=16536"}],"version-history":[{"count":0,"href":"https:\/\/informelitoral.com.ar\/%77%70%2d%6a%73%6f%6e\/wp\/v2\/posts\/16536\/revisions"}],"wp:attachment":[{"href":"https:\/\/informelitoral.com.ar\/%77%70%2d%6a%73%6f%6e\/wp\/v2\/media?parent=16536"}],"wp:term":[{"taxonomy":"category","embeddable":true,"href":"https:\/\/informelitoral.com.ar\/%77%70%2d%6a%73%6f%6e\/wp\/v2\/categories?post=16536"},{"taxonomy":"post_tag","embeddable":true,"href":"https:\/\/informelitoral.com.ar\/%77%70%2d%6a%73%6f%6e\/wp\/v2\/tags?post=16536"}],"curies":[{"name":"wp","href":"https:\/\/api.w.org\/{rel}","templated":true}]}}