{"id":16526,"date":"2016-06-07T01:32:55","date_gmt":"2016-06-07T04:32:55","guid":{"rendered":"http:\/\/www.isletasnoticias.com.ar\/?p=16526"},"modified":"2016-06-07T07:52:47","modified_gmt":"2016-06-07T10:52:47","slug":"isletas-alcides-wolf-nego-que-el-camino-de-tierra-a-ramirez-este-olvidado","status":"publish","type":"post","link":"https:\/\/informelitoral.com.ar\/isletas-alcides-wolf-nego-que-el-camino-de-tierra-a-ramirez-este-olvidado\/","title":{"rendered":"Isletas: Alcides Wolf neg\u00f3 que el camino de tierra a Ram\u00edrez est\u00e9 olvidado"},"content":{"rendered":"<p><strong>El presidente de la Junta de Gobierno asegur\u00f3 que \u00abjunto a Vialidad somos los m\u00e1s preocupados por resolver la situaci\u00f3n de ese camino\u00bb. En el programa <em>Uno por Semana,<\/em> pidi\u00f3 que los vecinos participen de las reuniones zonales y planteen all\u00ed sus inquietudes. Por otro lado, destac\u00f3 el arreglo de un paso en un arroyo.\u00a0<a href=\"http:\/\/www.isletasnoticias.com.ar\/%77%70%2d%63%6f%6e%74%65%6e%74\/uploads\/2015\/10\/WOLF.jpg\"><img loading=\"lazy\" decoding=\"async\" class=\"aligncenter wp-image-12310 size-full\" src=\"http:\/\/www.isletasnoticias.com.ar\/%77%70%2d%63%6f%6e%74%65%6e%74\/uploads\/2015\/10\/WOLF.jpg\" alt=\"WOLF\" width=\"960\" height=\"639\" srcset=\"https:\/\/informelitoral.com.ar\/%77%70%2d%63%6f%6e%74%65%6e%74\/uploads\/2015\/10\/WOLF.jpg 960w, https:\/\/informelitoral.com.ar\/%77%70%2d%63%6f%6e%74%65%6e%74\/uploads\/2015\/10\/WOLF-300x200.jpg 300w\" sizes=\"auto, (max-width: 960px) 100vw, 960px\" \/><\/a><\/strong><\/p>\n<p>Tras la publicaci\u00f3n de <strong><em>IN<\/em> <\/strong>\u00ab<a href=\"http:\/\/www.isletasnoticias.com.ar\/?p=16423\">exigen el arreglo del camino de tierra que une la localidad con Ram\u00edrez<\/a>\u00ab, el presidente de la Junta de Gobierno de Isletas, <strong>Alcides Wolf<\/strong>, se comunic\u00f3 con el programa radial<em> Uno por Semana<\/em>, que se emite los s\u00e1bados de 15.00 a 18.00 por <em>FM Eco 100.3 <\/em>de Ram\u00edrez.<\/p>\n<p>El jefe comunal asegur\u00f3 que \u00abno hay caminos olvidados\u00bb y agreg\u00f3: \u00abcon Vialidad sabemos bien de la problem\u00e1tica que atraviesa esa v\u00eda de tr\u00e1nsito, estuvimos varias veces en el lugar, entendemos el planteo de los vecinos y estamos preocupados por resolver la situaci\u00f3n pero no es f\u00e1cil\u00bb, reconoci\u00f3.<\/p>\n<p>Sobre los inconvenientes para trabajar en dicho sector, Wolf sostuvo que \u00abdebido a las vertientes y a lo angosto que es el camino, hay vecinos que deben ceder tierra para ensancharlo y algunos no quieren\u00bb.<\/p>\n<p>El jefe comunal isletense, pidi\u00f3 a los vecinos que \u00abantes de quejarse en cualquier lado, estar\u00eda bueno que todos traten de participar de las reuniones zonales para plantear sus inquietudes. Somos una Junta de Gobierno de puertas abiertas y toda la jurisdicci\u00f3n tiene la misma importancia\u00bb, sentenci\u00f3.<\/p>\n<p><strong>Soluci\u00f3n de un inconveniente<\/strong><\/p>\n<p>Por otro lado, Alcides Wolf destac\u00f3 el trabajo de Vialidad en el paso de arroyo El Sauce, en cercan\u00edas del cementerio de la localidad. En el lugar se colocaron alrededor de 250 metros de broza para mejorar la transitabilidad.\u00a0<em>(IN)<\/em><\/p>\n","protected":false},"excerpt":{"rendered":"<p>El presidente de la Junta de Gobierno asegur&oacute; que &laquo;junto a Vialidad somos los m&aacute;s preocupados por resolver la situaci&oacute;n de ese camino&raquo;. En el programa Uno por Semana, pidi&oacute; que los vecinos participen de las reuniones zonales y planteen all&iacute; sus inquietudes. Por otro lado, destac&oacute; el arreglo de un paso en un arroyo.&nbsp; [&hellip;]<\/p>\n","protected":false},"author":2,"featured_media":0,"comment_status":"open","ping_status":"open","sticky":false,"template":"","format":"standard","meta":{"fifu_image_url":"","fifu_image_alt":"","footnotes":""},"categories":[4,16],"tags":[],"class_list":{"0":"post-16526","1":"post","2":"type-post","3":"status-publish","4":"format-standard","6":"category-locales","7":"category-politi"},"yoast_head":"<title>Isletas: Alcides Wolf neg\u00f3 que el camino de tierra a Ram\u00edrez est\u00e9 olvidado - Informe Litoral<\/title>\n<meta name=\"robots\" content=\"index, follow, max-snippet:-1, max-image-preview:large, max-video-preview:-1\" \/>\n<link rel=\"canonical\" href=\"https:\/\/informelitoral.com.ar\/isletas-alcides-wolf-nego-que-el-camino-de-tierra-a-ramirez-este-olvidado\/\" \/>\n<meta property=\"og:locale\" content=\"es_ES\" \/>\n<meta property=\"og:type\" content=\"article\" \/>\n<meta property=\"og:title\" content=\"Isletas: Alcides Wolf neg\u00f3 que el camino de tierra a Ram\u00edrez est\u00e9 olvidado - Informe Litoral\" \/>\n<meta property=\"og:description\" content=\"El presidente de la Junta de Gobierno asegur&oacute; que &laquo;junto a Vialidad somos los m&aacute;s preocupados por resolver la situaci&oacute;n de ese camino&raquo;. En el programa Uno por Semana, pidi&oacute; que los vecinos participen de las reuniones zonales y planteen all&iacute; sus inquietudes. Por otro lado, destac&oacute; el arreglo de un paso en un arroyo.&nbsp; [&hellip;]\" \/>\n<meta property=\"og:url\" content=\"https:\/\/informelitoral.com.ar\/isletas-alcides-wolf-nego-que-el-camino-de-tierra-a-ramirez-este-olvidado\/\" \/>\n<meta property=\"og:site_name\" content=\"Informe Litoral\" \/>\n<meta property=\"article:publisher\" content=\"https:\/\/www.facebook.com\/informelitoral\/\" \/>\n<meta property=\"article:published_time\" content=\"2016-06-07T04:32:55+00:00\" \/>\n<meta property=\"article:modified_time\" content=\"2016-06-07T10:52:47+00:00\" \/>\n<meta property=\"og:image\" content=\"https:\/\/informelitoral.com.ar\/%77%70%2d%63%6f%6e%74%65%6e%74\/uploads\/2015\/10\/WOLF.jpg\" \/>\n\t<meta property=\"og:image:width\" content=\"960\" \/>\n\t<meta property=\"og:image:height\" content=\"639\" \/>\n\t<meta property=\"og:image:type\" content=\"image\/jpeg\" \/>\n<meta name=\"author\" content=\"Gonzalo Schmidt\" \/>\n<meta name=\"twitter:card\" content=\"summary_large_image\" \/>\n<meta name=\"twitter:creator\" content=\"@InformeLitoral\" \/>\n<meta name=\"twitter:site\" content=\"@InformeLitoral\" \/>\n<meta name=\"twitter:label1\" content=\"Escrito por\" \/>\n\t<meta name=\"twitter:data1\" content=\"Gonzalo Schmidt\" \/>\n\t<meta name=\"twitter:label2\" content=\"Tiempo de lectura\" \/>\n\t<meta name=\"twitter:data2\" content=\"1 minuto\" \/>\n<script type=\"application\/ld+json\" class=\"yoast-schema-graph\">{\"@context\":\"https:\\\/\\\/schema.org\",\"@graph\":[{\"@type\":\"Article\",\"@id\":\"https:\\\/\\\/informelitoral.com.ar\\\/isletas-alcides-wolf-nego-que-el-camino-de-tierra-a-ramirez-este-olvidado\\\/#article\",\"isPartOf\":{\"@id\":\"https:\\\/\\\/informelitoral.com.ar\\\/isletas-alcides-wolf-nego-que-el-camino-de-tierra-a-ramirez-este-olvidado\\\/\"},\"author\":{\"name\":\"Gonzalo Schmidt\",\"@id\":\"https:\\\/\\\/informelitoral.com.ar\\\/#\\\/schema\\\/person\\\/b9d00407c836482871ef1d57bf8e3180\"},\"headline\":\"Isletas: Alcides Wolf neg\u00f3 que el camino de tierra a Ram\u00edrez est\u00e9 olvidado\",\"datePublished\":\"2016-06-07T04:32:55+00:00\",\"dateModified\":\"2016-06-07T10:52:47+00:00\",\"mainEntityOfPage\":{\"@id\":\"https:\\\/\\\/informelitoral.com.ar\\\/isletas-alcides-wolf-nego-que-el-camino-de-tierra-a-ramirez-este-olvidado\\\/\"},\"wordCount\":307,\"commentCount\":0,\"publisher\":{\"@id\":\"https:\\\/\\\/informelitoral.com.ar\\\/#organization\"},\"image\":{\"@id\":\"https:\\\/\\\/informelitoral.com.ar\\\/isletas-alcides-wolf-nego-que-el-camino-de-tierra-a-ramirez-este-olvidado\\\/#primaryimage\"},\"thumbnailUrl\":\"http:\\\/\\\/www.isletasnoticias.com.ar\\\/%77%70%2d%63%6f%6e%74%65%6e%74\\\/uploads\\\/2015\\\/10\\\/WOLF.jpg\",\"articleSection\":[\"Isletas\",\"Politica\"],\"inLanguage\":\"es\",\"potentialAction\":[{\"@type\":\"CommentAction\",\"name\":\"Comment\",\"target\":[\"https:\\\/\\\/informelitoral.com.ar\\\/isletas-alcides-wolf-nego-que-el-camino-de-tierra-a-ramirez-este-olvidado\\\/#respond\"]}]},{\"@type\":\"WebPage\",\"@id\":\"https:\\\/\\\/informelitoral.com.ar\\\/isletas-alcides-wolf-nego-que-el-camino-de-tierra-a-ramirez-este-olvidado\\\/\",\"url\":\"https:\\\/\\\/informelitoral.com.ar\\\/isletas-alcides-wolf-nego-que-el-camino-de-tierra-a-ramirez-este-olvidado\\\/\",\"name\":\"Isletas: Alcides Wolf neg\u00f3 que el camino de tierra a Ram\u00edrez est\u00e9 olvidado - Informe Litoral\",\"isPartOf\":{\"@id\":\"https:\\\/\\\/informelitoral.com.ar\\\/#website\"},\"primaryImageOfPage\":{\"@id\":\"https:\\\/\\\/informelitoral.com.ar\\\/isletas-alcides-wolf-nego-que-el-camino-de-tierra-a-ramirez-este-olvidado\\\/#primaryimage\"},\"image\":{\"@id\":\"https:\\\/\\\/informelitoral.com.ar\\\/isletas-alcides-wolf-nego-que-el-camino-de-tierra-a-ramirez-este-olvidado\\\/#primaryimage\"},\"thumbnailUrl\":\"http:\\\/\\\/www.isletasnoticias.com.ar\\\/%77%70%2d%63%6f%6e%74%65%6e%74\\\/uploads\\\/2015\\\/10\\\/WOLF.jpg\",\"datePublished\":\"2016-06-07T04:32:55+00:00\",\"dateModified\":\"2016-06-07T10:52:47+00:00\",\"breadcrumb\":{\"@id\":\"https:\\\/\\\/informelitoral.com.ar\\\/isletas-alcides-wolf-nego-que-el-camino-de-tierra-a-ramirez-este-olvidado\\\/#breadcrumb\"},\"inLanguage\":\"es\",\"potentialAction\":[{\"@type\":\"ReadAction\",\"target\":[\"https:\\\/\\\/informelitoral.com.ar\\\/isletas-alcides-wolf-nego-que-el-camino-de-tierra-a-ramirez-este-olvidado\\\/\"]}]},{\"@type\":\"ImageObject\",\"inLanguage\":\"es\",\"@id\":\"https:\\\/\\\/informelitoral.com.ar\\\/isletas-alcides-wolf-nego-que-el-camino-de-tierra-a-ramirez-este-olvidado\\\/#primaryimage\",\"url\":\"http:\\\/\\\/www.isletasnoticias.com.ar\\\/%77%70%2d%63%6f%6e%74%65%6e%74\\\/uploads\\\/2015\\\/10\\\/WOLF.jpg\",\"contentUrl\":\"http:\\\/\\\/www.isletasnoticias.com.ar\\\/%77%70%2d%63%6f%6e%74%65%6e%74\\\/uploads\\\/2015\\\/10\\\/WOLF.jpg\"},{\"@type\":\"BreadcrumbList\",\"@id\":\"https:\\\/\\\/informelitoral.com.ar\\\/isletas-alcides-wolf-nego-que-el-camino-de-tierra-a-ramirez-este-olvidado\\\/#breadcrumb\",\"itemListElement\":[{\"@type\":\"ListItem\",\"position\":1,\"name\":\"Portada\",\"item\":\"https:\\\/\\\/informelitoral.com.ar\\\/\"},{\"@type\":\"ListItem\",\"position\":2,\"name\":\"Isletas: Alcides Wolf neg\u00f3 que el camino de tierra a Ram\u00edrez est\u00e9 olvidado\"}]},{\"@type\":\"WebSite\",\"@id\":\"https:\\\/\\\/informelitoral.com.ar\\\/#website\",\"url\":\"https:\\\/\\\/informelitoral.com.ar\\\/\",\"name\":\"Informe Litoral\",\"description\":\"&quot;Nos informamos&quot; \",\"publisher\":{\"@id\":\"https:\\\/\\\/informelitoral.com.ar\\\/#organization\"},\"potentialAction\":[{\"@type\":\"SearchAction\",\"target\":{\"@type\":\"EntryPoint\",\"urlTemplate\":\"https:\\\/\\\/informelitoral.com.ar\\\/?s={search_term_string}\"},\"query-input\":{\"@type\":\"PropertyValueSpecification\",\"valueRequired\":true,\"valueName\":\"search_term_string\"}}],\"inLanguage\":\"es\"},{\"@type\":\"Organization\",\"@id\":\"https:\\\/\\\/informelitoral.com.ar\\\/#organization\",\"name\":\"Informe Litoral\",\"url\":\"https:\\\/\\\/informelitoral.com.ar\\\/\",\"logo\":{\"@type\":\"ImageObject\",\"inLanguage\":\"es\",\"@id\":\"https:\\\/\\\/informelitoral.com.ar\\\/#\\\/schema\\\/logo\\\/image\\\/\",\"url\":\"https:\\\/\\\/informelitoral.com.ar\\\/%77%70%2d%63%6f%6e%74%65%6e%74\\\/uploads\\\/2021\\\/01\\\/circulo.png\",\"contentUrl\":\"https:\\\/\\\/informelitoral.com.ar\\\/%77%70%2d%63%6f%6e%74%65%6e%74\\\/uploads\\\/2021\\\/01\\\/circulo.png\",\"width\":723,\"height\":731,\"caption\":\"Informe Litoral\"},\"image\":{\"@id\":\"https:\\\/\\\/informelitoral.com.ar\\\/#\\\/schema\\\/logo\\\/image\\\/\"},\"sameAs\":[\"https:\\\/\\\/www.facebook.com\\\/informelitoral\\\/\",\"https:\\\/\\\/x.com\\\/InformeLitoral\",\"https:\\\/\\\/www.instagram.com\\\/informelitoral\\\/\",\"https:\\\/\\\/www.youtube.com\\\/channel\\\/UCua4Qvz8Icb6MYqhoq9xLXw\"]},{\"@type\":\"Person\",\"@id\":\"https:\\\/\\\/informelitoral.com.ar\\\/#\\\/schema\\\/person\\\/b9d00407c836482871ef1d57bf8e3180\",\"name\":\"Gonzalo Schmidt\",\"image\":{\"@type\":\"ImageObject\",\"inLanguage\":\"es\",\"@id\":\"https:\\\/\\\/secure.gravatar.com\\\/avatar\\\/31a1a7b66ff2de83bd0e9fd79d026630d2d99e55e8bfe501287647b4fd9743de?s=96&d=mm&r=g\",\"url\":\"https:\\\/\\\/secure.gravatar.com\\\/avatar\\\/31a1a7b66ff2de83bd0e9fd79d026630d2d99e55e8bfe501287647b4fd9743de?s=96&d=mm&r=g\",\"contentUrl\":\"https:\\\/\\\/secure.gravatar.com\\\/avatar\\\/31a1a7b66ff2de83bd0e9fd79d026630d2d99e55e8bfe501287647b4fd9743de?s=96&d=mm&r=g\",\"caption\":\"Gonzalo Schmidt\"},\"description\":\"Sitio web de noticias de la provincia de Entre R\u00edos, Argentina. Informaci\u00f3n y entretenimiento. Informe Litoral, nos informamos.\",\"sameAs\":[\"http:\\\/\\\/www.isletasnoticias.com.ar\"],\"url\":\"https:\\\/\\\/informelitoral.com.ar\\\/author\\\/gonzalo\\\/\"}]}<\/script>","yoast_head_json":{"title":"Isletas: Alcides Wolf neg\u00f3 que el camino de tierra a Ram\u00edrez est\u00e9 olvidado - Informe Litoral","robots":{"index":"index","follow":"follow","max-snippet":"max-snippet:-1","max-image-preview":"max-image-preview:large","max-video-preview":"max-video-preview:-1"},"canonical":"https:\/\/informelitoral.com.ar\/isletas-alcides-wolf-nego-que-el-camino-de-tierra-a-ramirez-este-olvidado\/","og_locale":"es_ES","og_type":"article","og_title":"Isletas: Alcides Wolf neg\u00f3 que el camino de tierra a Ram\u00edrez est\u00e9 olvidado - Informe Litoral","og_description":"El presidente de la Junta de Gobierno asegur&oacute; que &laquo;junto a Vialidad somos los m&aacute;s preocupados por resolver la situaci&oacute;n de ese camino&raquo;. En el programa Uno por Semana, pidi&oacute; que los vecinos participen de las reuniones zonales y planteen all&iacute; sus inquietudes. Por otro lado, destac&oacute; el arreglo de un paso en un arroyo.&nbsp; [&hellip;]","og_url":"https:\/\/informelitoral.com.ar\/isletas-alcides-wolf-nego-que-el-camino-de-tierra-a-ramirez-este-olvidado\/","og_site_name":"Informe Litoral","article_publisher":"https:\/\/www.facebook.com\/informelitoral\/","article_published_time":"2016-06-07T04:32:55+00:00","article_modified_time":"2016-06-07T10:52:47+00:00","og_image":[{"width":960,"height":639,"url":"https:\/\/informelitoral.com.ar\/%77%70%2d%63%6f%6e%74%65%6e%74\/uploads\/2015\/10\/WOLF.jpg","type":"image\/jpeg"}],"author":"Gonzalo Schmidt","twitter_card":"summary_large_image","twitter_creator":"@InformeLitoral","twitter_site":"@InformeLitoral","twitter_misc":{"Escrito por":"Gonzalo Schmidt","Tiempo de lectura":"1 minuto"},"schema":{"@context":"https:\/\/schema.org","@graph":[{"@type":"Article","@id":"https:\/\/informelitoral.com.ar\/isletas-alcides-wolf-nego-que-el-camino-de-tierra-a-ramirez-este-olvidado\/#article","isPartOf":{"@id":"https:\/\/informelitoral.com.ar\/isletas-alcides-wolf-nego-que-el-camino-de-tierra-a-ramirez-este-olvidado\/"},"author":{"name":"Gonzalo Schmidt","@id":"https:\/\/informelitoral.com.ar\/#\/schema\/person\/b9d00407c836482871ef1d57bf8e3180"},"headline":"Isletas: Alcides Wolf neg\u00f3 que el camino de tierra a Ram\u00edrez est\u00e9 olvidado","datePublished":"2016-06-07T04:32:55+00:00","dateModified":"2016-06-07T10:52:47+00:00","mainEntityOfPage":{"@id":"https:\/\/informelitoral.com.ar\/isletas-alcides-wolf-nego-que-el-camino-de-tierra-a-ramirez-este-olvidado\/"},"wordCount":307,"commentCount":0,"publisher":{"@id":"https:\/\/informelitoral.com.ar\/#organization"},"image":{"@id":"https:\/\/informelitoral.com.ar\/isletas-alcides-wolf-nego-que-el-camino-de-tierra-a-ramirez-este-olvidado\/#primaryimage"},"thumbnailUrl":"http:\/\/www.isletasnoticias.com.ar\/%77%70%2d%63%6f%6e%74%65%6e%74\/uploads\/2015\/10\/WOLF.jpg","articleSection":["Isletas","Politica"],"inLanguage":"es","potentialAction":[{"@type":"CommentAction","name":"Comment","target":["https:\/\/informelitoral.com.ar\/isletas-alcides-wolf-nego-que-el-camino-de-tierra-a-ramirez-este-olvidado\/#respond"]}]},{"@type":"WebPage","@id":"https:\/\/informelitoral.com.ar\/isletas-alcides-wolf-nego-que-el-camino-de-tierra-a-ramirez-este-olvidado\/","url":"https:\/\/informelitoral.com.ar\/isletas-alcides-wolf-nego-que-el-camino-de-tierra-a-ramirez-este-olvidado\/","name":"Isletas: Alcides Wolf neg\u00f3 que el camino de tierra a Ram\u00edrez est\u00e9 olvidado - Informe Litoral","isPartOf":{"@id":"https:\/\/informelitoral.com.ar\/#website"},"primaryImageOfPage":{"@id":"https:\/\/informelitoral.com.ar\/isletas-alcides-wolf-nego-que-el-camino-de-tierra-a-ramirez-este-olvidado\/#primaryimage"},"image":{"@id":"https:\/\/informelitoral.com.ar\/isletas-alcides-wolf-nego-que-el-camino-de-tierra-a-ramirez-este-olvidado\/#primaryimage"},"thumbnailUrl":"http:\/\/www.isletasnoticias.com.ar\/%77%70%2d%63%6f%6e%74%65%6e%74\/uploads\/2015\/10\/WOLF.jpg","datePublished":"2016-06-07T04:32:55+00:00","dateModified":"2016-06-07T10:52:47+00:00","breadcrumb":{"@id":"https:\/\/informelitoral.com.ar\/isletas-alcides-wolf-nego-que-el-camino-de-tierra-a-ramirez-este-olvidado\/#breadcrumb"},"inLanguage":"es","potentialAction":[{"@type":"ReadAction","target":["https:\/\/informelitoral.com.ar\/isletas-alcides-wolf-nego-que-el-camino-de-tierra-a-ramirez-este-olvidado\/"]}]},{"@type":"ImageObject","inLanguage":"es","@id":"https:\/\/informelitoral.com.ar\/isletas-alcides-wolf-nego-que-el-camino-de-tierra-a-ramirez-este-olvidado\/#primaryimage","url":"http:\/\/www.isletasnoticias.com.ar\/%77%70%2d%63%6f%6e%74%65%6e%74\/uploads\/2015\/10\/WOLF.jpg","contentUrl":"http:\/\/www.isletasnoticias.com.ar\/%77%70%2d%63%6f%6e%74%65%6e%74\/uploads\/2015\/10\/WOLF.jpg"},{"@type":"BreadcrumbList","@id":"https:\/\/informelitoral.com.ar\/isletas-alcides-wolf-nego-que-el-camino-de-tierra-a-ramirez-este-olvidado\/#breadcrumb","itemListElement":[{"@type":"ListItem","position":1,"name":"Portada","item":"https:\/\/informelitoral.com.ar\/"},{"@type":"ListItem","position":2,"name":"Isletas: Alcides Wolf neg\u00f3 que el camino de tierra a Ram\u00edrez est\u00e9 olvidado"}]},{"@type":"WebSite","@id":"https:\/\/informelitoral.com.ar\/#website","url":"https:\/\/informelitoral.com.ar\/","name":"Informe Litoral","description":"&quot;Nos informamos&quot; ","publisher":{"@id":"https:\/\/informelitoral.com.ar\/#organization"},"potentialAction":[{"@type":"SearchAction","target":{"@type":"EntryPoint","urlTemplate":"https:\/\/informelitoral.com.ar\/?s={search_term_string}"},"query-input":{"@type":"PropertyValueSpecification","valueRequired":true,"valueName":"search_term_string"}}],"inLanguage":"es"},{"@type":"Organization","@id":"https:\/\/informelitoral.com.ar\/#organization","name":"Informe Litoral","url":"https:\/\/informelitoral.com.ar\/","logo":{"@type":"ImageObject","inLanguage":"es","@id":"https:\/\/informelitoral.com.ar\/#\/schema\/logo\/image\/","url":"https:\/\/informelitoral.com.ar\/%77%70%2d%63%6f%6e%74%65%6e%74\/uploads\/2021\/01\/circulo.png","contentUrl":"https:\/\/informelitoral.com.ar\/%77%70%2d%63%6f%6e%74%65%6e%74\/uploads\/2021\/01\/circulo.png","width":723,"height":731,"caption":"Informe Litoral"},"image":{"@id":"https:\/\/informelitoral.com.ar\/#\/schema\/logo\/image\/"},"sameAs":["https:\/\/www.facebook.com\/informelitoral\/","https:\/\/x.com\/InformeLitoral","https:\/\/www.instagram.com\/informelitoral\/","https:\/\/www.youtube.com\/channel\/UCua4Qvz8Icb6MYqhoq9xLXw"]},{"@type":"Person","@id":"https:\/\/informelitoral.com.ar\/#\/schema\/person\/b9d00407c836482871ef1d57bf8e3180","name":"Gonzalo Schmidt","image":{"@type":"ImageObject","inLanguage":"es","@id":"https:\/\/secure.gravatar.com\/avatar\/31a1a7b66ff2de83bd0e9fd79d026630d2d99e55e8bfe501287647b4fd9743de?s=96&d=mm&r=g","url":"https:\/\/secure.gravatar.com\/avatar\/31a1a7b66ff2de83bd0e9fd79d026630d2d99e55e8bfe501287647b4fd9743de?s=96&d=mm&r=g","contentUrl":"https:\/\/secure.gravatar.com\/avatar\/31a1a7b66ff2de83bd0e9fd79d026630d2d99e55e8bfe501287647b4fd9743de?s=96&d=mm&r=g","caption":"Gonzalo Schmidt"},"description":"Sitio web de noticias de la provincia de Entre R\u00edos, Argentina. Informaci\u00f3n y entretenimiento. Informe Litoral, nos informamos.","sameAs":["http:\/\/www.isletasnoticias.com.ar"],"url":"https:\/\/informelitoral.com.ar\/author\/gonzalo\/"}]}},"_links":{"self":[{"href":"https:\/\/informelitoral.com.ar\/%77%70%2d%6a%73%6f%6e\/wp\/v2\/posts\/16526","targetHints":{"allow":["GET"]}}],"collection":[{"href":"https:\/\/informelitoral.com.ar\/%77%70%2d%6a%73%6f%6e\/wp\/v2\/posts"}],"about":[{"href":"https:\/\/informelitoral.com.ar\/%77%70%2d%6a%73%6f%6e\/wp\/v2\/types\/post"}],"author":[{"embeddable":true,"href":"https:\/\/informelitoral.com.ar\/%77%70%2d%6a%73%6f%6e\/wp\/v2\/users\/2"}],"replies":[{"embeddable":true,"href":"https:\/\/informelitoral.com.ar\/%77%70%2d%6a%73%6f%6e\/wp\/v2\/comments?post=16526"}],"version-history":[{"count":0,"href":"https:\/\/informelitoral.com.ar\/%77%70%2d%6a%73%6f%6e\/wp\/v2\/posts\/16526\/revisions"}],"wp:attachment":[{"href":"https:\/\/informelitoral.com.ar\/%77%70%2d%6a%73%6f%6e\/wp\/v2\/media?parent=16526"}],"wp:term":[{"taxonomy":"category","embeddable":true,"href":"https:\/\/informelitoral.com.ar\/%77%70%2d%6a%73%6f%6e\/wp\/v2\/categories?post=16526"},{"taxonomy":"post_tag","embeddable":true,"href":"https:\/\/informelitoral.com.ar\/%77%70%2d%6a%73%6f%6e\/wp\/v2\/tags?post=16526"}],"curies":[{"name":"wp","href":"https:\/\/api.w.org\/{rel}","templated":true}]}}