{"id":164862,"date":"2023-09-07T21:19:20","date_gmt":"2023-09-08T00:19:20","guid":{"rendered":"https:\/\/www.informelitoral.com.ar\/?p=164862"},"modified":"2023-09-07T21:19:20","modified_gmt":"2023-09-08T00:19:20","slug":"social-media-day-el-evento-sobre-tendencias-digitales-mas-importante-del-pais-regresa-parana","status":"publish","type":"post","link":"https:\/\/informelitoral.com.ar\/social-media-day-el-evento-sobre-tendencias-digitales-mas-importante-del-pais-regresa-parana\/","title":{"rendered":"Social Media Day: El evento sobre tendencias digitales m\u00e1s importante del pa\u00eds regresa Paran\u00e1"},"content":{"rendered":"<p>El viernes 22 de septiembre se realizar\u00e1 una nueva edici\u00f3n del<em><strong> \u201cSocial Media Day\u201d<\/strong> <\/em>en Paran\u00e1 en la Universidad Cat\u00f3lica Argentina, Buenos Aires 239<\/p>\n<p dir=\"ltr\">El evento que abordar\u00e1 tem\u00e1ticas vinculadas a la Inteligencia Artificial y su impacto en las estrategias de Marketing y en la generaci\u00f3n de contenidos, contar\u00e1 con la participaci\u00f3n de los siguientes oradores: <strong>Juan Marenco<\/strong>, CEO Be Influencers; <strong>Mar\u00eda Sol Beldi<\/strong>, CEO Latam en DigitalProserver; <strong>Facundo Aostri<\/strong> de Artear; <strong>Franco Bonis<\/strong>, Dir Litoral CACE, Dir BMestudio; <strong>Mat\u00edas Moyano, Milagros Rojas<\/strong>, Grupo EON; <strong>Agustina Rodriguez<\/strong>, Agencia Partner en Meta<strong>, Lucas Schvartzman<\/strong>, Client Solution Manager en Meta.<\/p>\n<p dir=\"ltr\">Adem\u00e1s, habr\u00e1 dos paneles de Gastron\u00f3micos en las Redes y Streaming y redes sociales de la regi\u00f3n.<\/p>\n<p dir=\"ltr\">Las entradas pueden conseguirse a trav\u00e9s de\u00a0<a href=\"https:\/\/online.us20.list-manage.com\/track\/click?u=59f6d5fd6757e3c6c3c098c79&amp;id=f4be0d5179&amp;e=928c3ee113\" target=\"_blank\" rel=\"noopener noreferrer\" data-auth=\"NotApplicable\" data-linkindex=\"1\">www.smday.com.ar\/parana<\/a>\u00a0a un valor promocional por compra limitada, adem\u00e1s hay beneficios de entrada para aliados: CACE, entre otras c\u00e1maras y asociaciones. Alumnos y profesores de Universidades tambi\u00e9n podr\u00e1n obtener hasta becas del 30 % en entradas presenciales enviando certificado o n\u00famero de legajo a\u00a0<a href=\"mailto:contacto@smday.com.ar\" data-linkindex=\"2\">contacto@smday.com.ar.<\/a><\/p>\n<p dir=\"ltr\">Apoyan el encuentro Gobierno de la Provincia de Entre R\u00edos, Empatur, Iafas, NaranjaX, UCA Paran\u00e1, R\u00edo Uruguay Seguros, Federada Salud, Digitalproserver, Gobierno de la Provincia de C\u00f3rdoba, Agencia C\u00f3rdoba Turismo, Gobierno de la Provincia de Neuqu\u00e9n, Infobae, Canal 9 Litoral, Grupo EON, CACE , Paran\u00e1 Hacia el Mundo, Interactua, Doppler, entre otros aliados y medios.<\/p>\n<h4 dir=\"ltr\"><strong>Acerca de Social Media Day Argentina\u00a0<\/strong><\/h4>\n<p dir=\"ltr\"><em>Social Media Day<\/em> es el evento global de tendencias e innovaci\u00f3n en medios sociales. Es uno de los eventos referentes en la industria digital en la regi\u00f3n. Se ha llevado a cabo en las ciudades de Buenos Aires, C\u00f3rdoba, Rosario, Paran\u00e1, Salta, Jujuy, Mendoza, Madryn, Corrientes, Mar del Plata, Comodoro Rivadavia, Neuqu\u00e9n, Bah\u00eda Blanca y de manera virtual para todo el pa\u00eds, convoca a miles de personas y las mejores marcas para abordar las\u00a0 tendencias digitales.<\/p>\n","protected":false},"excerpt":{"rendered":"<p>El evento se llevar\u00e1 adelante el viernes 22 de septiembre de 9:00 a 13:00  en UCA Paran\u00e1.<\/p>\n","protected":false},"author":2,"featured_media":164863,"comment_status":"open","ping_status":"open","sticky":false,"template":"","format":"standard","meta":{"fifu_image_url":"","fifu_image_alt":"","footnotes":""},"categories":[9],"tags":[53,185,1669,2591],"class_list":{"0":"post-164862","1":"post","2":"type-post","3":"status-publish","4":"format-standard","5":"has-post-thumbnail","7":"category-sociedad","8":"tag-comunicacion","9":"tag-medios","10":"tag-medios-de-comunicacion","11":"tag-social-media-day-parana"},"yoast_head":"<title>Social Media Day: El evento sobre tendencias digitales m\u00e1s importante del pa\u00eds regresa Paran\u00e1 - Informe Litoral<\/title>\n<meta name=\"robots\" content=\"index, follow, max-snippet:-1, max-image-preview:large, max-video-preview:-1\" \/>\n<link rel=\"canonical\" href=\"https:\/\/informelitoral.com.ar\/social-media-day-el-evento-sobre-tendencias-digitales-mas-importante-del-pais-regresa-parana\/\" \/>\n<meta property=\"og:locale\" content=\"es_ES\" \/>\n<meta property=\"og:type\" content=\"article\" \/>\n<meta property=\"og:title\" content=\"Social Media Day: El evento sobre tendencias digitales m\u00e1s importante del pa\u00eds regresa Paran\u00e1 - Informe Litoral\" \/>\n<meta property=\"og:description\" content=\"El evento se llevar\u00e1 adelante el viernes 22 de septiembre de 9:00 a 13:00 en UCA Paran\u00e1.\" \/>\n<meta property=\"og:url\" content=\"https:\/\/informelitoral.com.ar\/social-media-day-el-evento-sobre-tendencias-digitales-mas-importante-del-pais-regresa-parana\/\" \/>\n<meta property=\"og:site_name\" content=\"Informe Litoral\" \/>\n<meta property=\"article:publisher\" content=\"https:\/\/www.facebook.com\/informelitoral\/\" \/>\n<meta property=\"article:published_time\" content=\"2023-09-08T00:19:20+00:00\" \/>\n<meta property=\"og:image\" content=\"https:\/\/informelitoral.com.ar\/%77%70%2d%63%6f%6e%74%65%6e%74\/uploads\/2023\/09\/social-media-day-parana-2023-1024x576.png\" \/>\n\t<meta property=\"og:image:width\" content=\"1024\" \/>\n\t<meta property=\"og:image:height\" content=\"576\" \/>\n\t<meta property=\"og:image:type\" content=\"image\/png\" \/>\n<meta name=\"author\" content=\"Gonzalo Schmidt\" \/>\n<meta name=\"twitter:card\" content=\"summary_large_image\" \/>\n<meta name=\"twitter:creator\" content=\"@InformeLitoral\" \/>\n<meta name=\"twitter:site\" content=\"@InformeLitoral\" \/>\n<meta name=\"twitter:label1\" content=\"Escrito por\" \/>\n\t<meta name=\"twitter:data1\" content=\"Gonzalo Schmidt\" \/>\n\t<meta name=\"twitter:label2\" content=\"Tiempo de lectura\" \/>\n\t<meta name=\"twitter:data2\" content=\"2 minutos\" \/>\n<script type=\"application\/ld+json\" class=\"yoast-schema-graph\">{\"@context\":\"https:\\\/\\\/schema.org\",\"@graph\":[{\"@type\":\"Article\",\"@id\":\"https:\\\/\\\/informelitoral.com.ar\\\/social-media-day-el-evento-sobre-tendencias-digitales-mas-importante-del-pais-regresa-parana\\\/#article\",\"isPartOf\":{\"@id\":\"https:\\\/\\\/informelitoral.com.ar\\\/social-media-day-el-evento-sobre-tendencias-digitales-mas-importante-del-pais-regresa-parana\\\/\"},\"author\":{\"name\":\"Gonzalo Schmidt\",\"@id\":\"https:\\\/\\\/informelitoral.com.ar\\\/#\\\/schema\\\/person\\\/b9d00407c836482871ef1d57bf8e3180\"},\"headline\":\"Social Media Day: El evento sobre tendencias digitales m\u00e1s importante del pa\u00eds regresa Paran\u00e1\",\"datePublished\":\"2023-09-08T00:19:20+00:00\",\"mainEntityOfPage\":{\"@id\":\"https:\\\/\\\/informelitoral.com.ar\\\/social-media-day-el-evento-sobre-tendencias-digitales-mas-importante-del-pais-regresa-parana\\\/\"},\"wordCount\":348,\"commentCount\":0,\"publisher\":{\"@id\":\"https:\\\/\\\/informelitoral.com.ar\\\/#organization\"},\"image\":{\"@id\":\"https:\\\/\\\/informelitoral.com.ar\\\/social-media-day-el-evento-sobre-tendencias-digitales-mas-importante-del-pais-regresa-parana\\\/#primaryimage\"},\"thumbnailUrl\":\"https:\\\/\\\/informelitoral.com.ar\\\/%77%70%2d%63%6f%6e%74%65%6e%74\\\/uploads\\\/2023\\\/09\\\/social-media-day-parana-2023.png\",\"keywords\":[\"Comunicaci\u00f3n\",\"Medios\",\"Medios de Comunicaci\u00f3n\",\"Social Media Day Paran\u00e1\"],\"articleSection\":[\"Sociedad\"],\"inLanguage\":\"es\",\"potentialAction\":[{\"@type\":\"CommentAction\",\"name\":\"Comment\",\"target\":[\"https:\\\/\\\/informelitoral.com.ar\\\/social-media-day-el-evento-sobre-tendencias-digitales-mas-importante-del-pais-regresa-parana\\\/#respond\"]}]},{\"@type\":\"WebPage\",\"@id\":\"https:\\\/\\\/informelitoral.com.ar\\\/social-media-day-el-evento-sobre-tendencias-digitales-mas-importante-del-pais-regresa-parana\\\/\",\"url\":\"https:\\\/\\\/informelitoral.com.ar\\\/social-media-day-el-evento-sobre-tendencias-digitales-mas-importante-del-pais-regresa-parana\\\/\",\"name\":\"Social Media Day: El evento sobre tendencias digitales m\u00e1s importante del pa\u00eds regresa Paran\u00e1 - Informe Litoral\",\"isPartOf\":{\"@id\":\"https:\\\/\\\/informelitoral.com.ar\\\/#website\"},\"primaryImageOfPage\":{\"@id\":\"https:\\\/\\\/informelitoral.com.ar\\\/social-media-day-el-evento-sobre-tendencias-digitales-mas-importante-del-pais-regresa-parana\\\/#primaryimage\"},\"image\":{\"@id\":\"https:\\\/\\\/informelitoral.com.ar\\\/social-media-day-el-evento-sobre-tendencias-digitales-mas-importante-del-pais-regresa-parana\\\/#primaryimage\"},\"thumbnailUrl\":\"https:\\\/\\\/informelitoral.com.ar\\\/%77%70%2d%63%6f%6e%74%65%6e%74\\\/uploads\\\/2023\\\/09\\\/social-media-day-parana-2023.png\",\"datePublished\":\"2023-09-08T00:19:20+00:00\",\"breadcrumb\":{\"@id\":\"https:\\\/\\\/informelitoral.com.ar\\\/social-media-day-el-evento-sobre-tendencias-digitales-mas-importante-del-pais-regresa-parana\\\/#breadcrumb\"},\"inLanguage\":\"es\",\"potentialAction\":[{\"@type\":\"ReadAction\",\"target\":[\"https:\\\/\\\/informelitoral.com.ar\\\/social-media-day-el-evento-sobre-tendencias-digitales-mas-importante-del-pais-regresa-parana\\\/\"]}]},{\"@type\":\"ImageObject\",\"inLanguage\":\"es\",\"@id\":\"https:\\\/\\\/informelitoral.com.ar\\\/social-media-day-el-evento-sobre-tendencias-digitales-mas-importante-del-pais-regresa-parana\\\/#primaryimage\",\"url\":\"https:\\\/\\\/informelitoral.com.ar\\\/%77%70%2d%63%6f%6e%74%65%6e%74\\\/uploads\\\/2023\\\/09\\\/social-media-day-parana-2023.png\",\"contentUrl\":\"https:\\\/\\\/informelitoral.com.ar\\\/%77%70%2d%63%6f%6e%74%65%6e%74\\\/uploads\\\/2023\\\/09\\\/social-media-day-parana-2023.png\",\"width\":2640,\"height\":1485},{\"@type\":\"BreadcrumbList\",\"@id\":\"https:\\\/\\\/informelitoral.com.ar\\\/social-media-day-el-evento-sobre-tendencias-digitales-mas-importante-del-pais-regresa-parana\\\/#breadcrumb\",\"itemListElement\":[{\"@type\":\"ListItem\",\"position\":1,\"name\":\"Portada\",\"item\":\"https:\\\/\\\/informelitoral.com.ar\\\/\"},{\"@type\":\"ListItem\",\"position\":2,\"name\":\"Social Media Day: El evento sobre tendencias digitales m\u00e1s importante del pa\u00eds regresa Paran\u00e1\"}]},{\"@type\":\"WebSite\",\"@id\":\"https:\\\/\\\/informelitoral.com.ar\\\/#website\",\"url\":\"https:\\\/\\\/informelitoral.com.ar\\\/\",\"name\":\"Informe Litoral\",\"description\":\"&quot;Nos informamos&quot; \",\"publisher\":{\"@id\":\"https:\\\/\\\/informelitoral.com.ar\\\/#organization\"},\"potentialAction\":[{\"@type\":\"SearchAction\",\"target\":{\"@type\":\"EntryPoint\",\"urlTemplate\":\"https:\\\/\\\/informelitoral.com.ar\\\/?s={search_term_string}\"},\"query-input\":{\"@type\":\"PropertyValueSpecification\",\"valueRequired\":true,\"valueName\":\"search_term_string\"}}],\"inLanguage\":\"es\"},{\"@type\":\"Organization\",\"@id\":\"https:\\\/\\\/informelitoral.com.ar\\\/#organization\",\"name\":\"Informe Litoral\",\"url\":\"https:\\\/\\\/informelitoral.com.ar\\\/\",\"logo\":{\"@type\":\"ImageObject\",\"inLanguage\":\"es\",\"@id\":\"https:\\\/\\\/informelitoral.com.ar\\\/#\\\/schema\\\/logo\\\/image\\\/\",\"url\":\"https:\\\/\\\/informelitoral.com.ar\\\/%77%70%2d%63%6f%6e%74%65%6e%74\\\/uploads\\\/2021\\\/01\\\/circulo.png\",\"contentUrl\":\"https:\\\/\\\/informelitoral.com.ar\\\/%77%70%2d%63%6f%6e%74%65%6e%74\\\/uploads\\\/2021\\\/01\\\/circulo.png\",\"width\":723,\"height\":731,\"caption\":\"Informe Litoral\"},\"image\":{\"@id\":\"https:\\\/\\\/informelitoral.com.ar\\\/#\\\/schema\\\/logo\\\/image\\\/\"},\"sameAs\":[\"https:\\\/\\\/www.facebook.com\\\/informelitoral\\\/\",\"https:\\\/\\\/x.com\\\/InformeLitoral\",\"https:\\\/\\\/www.instagram.com\\\/informelitoral\\\/\",\"https:\\\/\\\/www.youtube.com\\\/channel\\\/UCua4Qvz8Icb6MYqhoq9xLXw\"]},{\"@type\":\"Person\",\"@id\":\"https:\\\/\\\/informelitoral.com.ar\\\/#\\\/schema\\\/person\\\/b9d00407c836482871ef1d57bf8e3180\",\"name\":\"Gonzalo Schmidt\",\"image\":{\"@type\":\"ImageObject\",\"inLanguage\":\"es\",\"@id\":\"https:\\\/\\\/secure.gravatar.com\\\/avatar\\\/31a1a7b66ff2de83bd0e9fd79d026630d2d99e55e8bfe501287647b4fd9743de?s=96&d=mm&r=g\",\"url\":\"https:\\\/\\\/secure.gravatar.com\\\/avatar\\\/31a1a7b66ff2de83bd0e9fd79d026630d2d99e55e8bfe501287647b4fd9743de?s=96&d=mm&r=g\",\"contentUrl\":\"https:\\\/\\\/secure.gravatar.com\\\/avatar\\\/31a1a7b66ff2de83bd0e9fd79d026630d2d99e55e8bfe501287647b4fd9743de?s=96&d=mm&r=g\",\"caption\":\"Gonzalo Schmidt\"},\"description\":\"Sitio web de noticias de la provincia de Entre R\u00edos, Argentina. Informaci\u00f3n y entretenimiento. Informe Litoral, nos informamos.\",\"sameAs\":[\"http:\\\/\\\/www.isletasnoticias.com.ar\"],\"url\":\"https:\\\/\\\/informelitoral.com.ar\\\/author\\\/gonzalo\\\/\"}]}<\/script>","yoast_head_json":{"title":"Social Media Day: El evento sobre tendencias digitales m\u00e1s importante del pa\u00eds regresa Paran\u00e1 - Informe Litoral","robots":{"index":"index","follow":"follow","max-snippet":"max-snippet:-1","max-image-preview":"max-image-preview:large","max-video-preview":"max-video-preview:-1"},"canonical":"https:\/\/informelitoral.com.ar\/social-media-day-el-evento-sobre-tendencias-digitales-mas-importante-del-pais-regresa-parana\/","og_locale":"es_ES","og_type":"article","og_title":"Social Media Day: El evento sobre tendencias digitales m\u00e1s importante del pa\u00eds regresa Paran\u00e1 - Informe Litoral","og_description":"El evento se llevar\u00e1 adelante el viernes 22 de septiembre de 9:00 a 13:00 en UCA Paran\u00e1.","og_url":"https:\/\/informelitoral.com.ar\/social-media-day-el-evento-sobre-tendencias-digitales-mas-importante-del-pais-regresa-parana\/","og_site_name":"Informe Litoral","article_publisher":"https:\/\/www.facebook.com\/informelitoral\/","article_published_time":"2023-09-08T00:19:20+00:00","og_image":[{"width":1024,"height":576,"url":"https:\/\/informelitoral.com.ar\/%77%70%2d%63%6f%6e%74%65%6e%74\/uploads\/2023\/09\/social-media-day-parana-2023-1024x576.png","type":"image\/png"}],"author":"Gonzalo Schmidt","twitter_card":"summary_large_image","twitter_creator":"@InformeLitoral","twitter_site":"@InformeLitoral","twitter_misc":{"Escrito por":"Gonzalo Schmidt","Tiempo de lectura":"2 minutos"},"schema":{"@context":"https:\/\/schema.org","@graph":[{"@type":"Article","@id":"https:\/\/informelitoral.com.ar\/social-media-day-el-evento-sobre-tendencias-digitales-mas-importante-del-pais-regresa-parana\/#article","isPartOf":{"@id":"https:\/\/informelitoral.com.ar\/social-media-day-el-evento-sobre-tendencias-digitales-mas-importante-del-pais-regresa-parana\/"},"author":{"name":"Gonzalo Schmidt","@id":"https:\/\/informelitoral.com.ar\/#\/schema\/person\/b9d00407c836482871ef1d57bf8e3180"},"headline":"Social Media Day: El evento sobre tendencias digitales m\u00e1s importante del pa\u00eds regresa Paran\u00e1","datePublished":"2023-09-08T00:19:20+00:00","mainEntityOfPage":{"@id":"https:\/\/informelitoral.com.ar\/social-media-day-el-evento-sobre-tendencias-digitales-mas-importante-del-pais-regresa-parana\/"},"wordCount":348,"commentCount":0,"publisher":{"@id":"https:\/\/informelitoral.com.ar\/#organization"},"image":{"@id":"https:\/\/informelitoral.com.ar\/social-media-day-el-evento-sobre-tendencias-digitales-mas-importante-del-pais-regresa-parana\/#primaryimage"},"thumbnailUrl":"https:\/\/informelitoral.com.ar\/%77%70%2d%63%6f%6e%74%65%6e%74\/uploads\/2023\/09\/social-media-day-parana-2023.png","keywords":["Comunicaci\u00f3n","Medios","Medios de Comunicaci\u00f3n","Social Media Day Paran\u00e1"],"articleSection":["Sociedad"],"inLanguage":"es","potentialAction":[{"@type":"CommentAction","name":"Comment","target":["https:\/\/informelitoral.com.ar\/social-media-day-el-evento-sobre-tendencias-digitales-mas-importante-del-pais-regresa-parana\/#respond"]}]},{"@type":"WebPage","@id":"https:\/\/informelitoral.com.ar\/social-media-day-el-evento-sobre-tendencias-digitales-mas-importante-del-pais-regresa-parana\/","url":"https:\/\/informelitoral.com.ar\/social-media-day-el-evento-sobre-tendencias-digitales-mas-importante-del-pais-regresa-parana\/","name":"Social Media Day: El evento sobre tendencias digitales m\u00e1s importante del pa\u00eds regresa Paran\u00e1 - Informe Litoral","isPartOf":{"@id":"https:\/\/informelitoral.com.ar\/#website"},"primaryImageOfPage":{"@id":"https:\/\/informelitoral.com.ar\/social-media-day-el-evento-sobre-tendencias-digitales-mas-importante-del-pais-regresa-parana\/#primaryimage"},"image":{"@id":"https:\/\/informelitoral.com.ar\/social-media-day-el-evento-sobre-tendencias-digitales-mas-importante-del-pais-regresa-parana\/#primaryimage"},"thumbnailUrl":"https:\/\/informelitoral.com.ar\/%77%70%2d%63%6f%6e%74%65%6e%74\/uploads\/2023\/09\/social-media-day-parana-2023.png","datePublished":"2023-09-08T00:19:20+00:00","breadcrumb":{"@id":"https:\/\/informelitoral.com.ar\/social-media-day-el-evento-sobre-tendencias-digitales-mas-importante-del-pais-regresa-parana\/#breadcrumb"},"inLanguage":"es","potentialAction":[{"@type":"ReadAction","target":["https:\/\/informelitoral.com.ar\/social-media-day-el-evento-sobre-tendencias-digitales-mas-importante-del-pais-regresa-parana\/"]}]},{"@type":"ImageObject","inLanguage":"es","@id":"https:\/\/informelitoral.com.ar\/social-media-day-el-evento-sobre-tendencias-digitales-mas-importante-del-pais-regresa-parana\/#primaryimage","url":"https:\/\/informelitoral.com.ar\/%77%70%2d%63%6f%6e%74%65%6e%74\/uploads\/2023\/09\/social-media-day-parana-2023.png","contentUrl":"https:\/\/informelitoral.com.ar\/%77%70%2d%63%6f%6e%74%65%6e%74\/uploads\/2023\/09\/social-media-day-parana-2023.png","width":2640,"height":1485},{"@type":"BreadcrumbList","@id":"https:\/\/informelitoral.com.ar\/social-media-day-el-evento-sobre-tendencias-digitales-mas-importante-del-pais-regresa-parana\/#breadcrumb","itemListElement":[{"@type":"ListItem","position":1,"name":"Portada","item":"https:\/\/informelitoral.com.ar\/"},{"@type":"ListItem","position":2,"name":"Social Media Day: El evento sobre tendencias digitales m\u00e1s importante del pa\u00eds regresa Paran\u00e1"}]},{"@type":"WebSite","@id":"https:\/\/informelitoral.com.ar\/#website","url":"https:\/\/informelitoral.com.ar\/","name":"Informe Litoral","description":"&quot;Nos informamos&quot; ","publisher":{"@id":"https:\/\/informelitoral.com.ar\/#organization"},"potentialAction":[{"@type":"SearchAction","target":{"@type":"EntryPoint","urlTemplate":"https:\/\/informelitoral.com.ar\/?s={search_term_string}"},"query-input":{"@type":"PropertyValueSpecification","valueRequired":true,"valueName":"search_term_string"}}],"inLanguage":"es"},{"@type":"Organization","@id":"https:\/\/informelitoral.com.ar\/#organization","name":"Informe Litoral","url":"https:\/\/informelitoral.com.ar\/","logo":{"@type":"ImageObject","inLanguage":"es","@id":"https:\/\/informelitoral.com.ar\/#\/schema\/logo\/image\/","url":"https:\/\/informelitoral.com.ar\/%77%70%2d%63%6f%6e%74%65%6e%74\/uploads\/2021\/01\/circulo.png","contentUrl":"https:\/\/informelitoral.com.ar\/%77%70%2d%63%6f%6e%74%65%6e%74\/uploads\/2021\/01\/circulo.png","width":723,"height":731,"caption":"Informe Litoral"},"image":{"@id":"https:\/\/informelitoral.com.ar\/#\/schema\/logo\/image\/"},"sameAs":["https:\/\/www.facebook.com\/informelitoral\/","https:\/\/x.com\/InformeLitoral","https:\/\/www.instagram.com\/informelitoral\/","https:\/\/www.youtube.com\/channel\/UCua4Qvz8Icb6MYqhoq9xLXw"]},{"@type":"Person","@id":"https:\/\/informelitoral.com.ar\/#\/schema\/person\/b9d00407c836482871ef1d57bf8e3180","name":"Gonzalo Schmidt","image":{"@type":"ImageObject","inLanguage":"es","@id":"https:\/\/secure.gravatar.com\/avatar\/31a1a7b66ff2de83bd0e9fd79d026630d2d99e55e8bfe501287647b4fd9743de?s=96&d=mm&r=g","url":"https:\/\/secure.gravatar.com\/avatar\/31a1a7b66ff2de83bd0e9fd79d026630d2d99e55e8bfe501287647b4fd9743de?s=96&d=mm&r=g","contentUrl":"https:\/\/secure.gravatar.com\/avatar\/31a1a7b66ff2de83bd0e9fd79d026630d2d99e55e8bfe501287647b4fd9743de?s=96&d=mm&r=g","caption":"Gonzalo Schmidt"},"description":"Sitio web de noticias de la provincia de Entre R\u00edos, Argentina. Informaci\u00f3n y entretenimiento. Informe Litoral, nos informamos.","sameAs":["http:\/\/www.isletasnoticias.com.ar"],"url":"https:\/\/informelitoral.com.ar\/author\/gonzalo\/"}]}},"_links":{"self":[{"href":"https:\/\/informelitoral.com.ar\/%77%70%2d%6a%73%6f%6e\/wp\/v2\/posts\/164862","targetHints":{"allow":["GET"]}}],"collection":[{"href":"https:\/\/informelitoral.com.ar\/%77%70%2d%6a%73%6f%6e\/wp\/v2\/posts"}],"about":[{"href":"https:\/\/informelitoral.com.ar\/%77%70%2d%6a%73%6f%6e\/wp\/v2\/types\/post"}],"author":[{"embeddable":true,"href":"https:\/\/informelitoral.com.ar\/%77%70%2d%6a%73%6f%6e\/wp\/v2\/users\/2"}],"replies":[{"embeddable":true,"href":"https:\/\/informelitoral.com.ar\/%77%70%2d%6a%73%6f%6e\/wp\/v2\/comments?post=164862"}],"version-history":[{"count":0,"href":"https:\/\/informelitoral.com.ar\/%77%70%2d%6a%73%6f%6e\/wp\/v2\/posts\/164862\/revisions"}],"wp:featuredmedia":[{"embeddable":true,"href":"https:\/\/informelitoral.com.ar\/%77%70%2d%6a%73%6f%6e\/wp\/v2\/media\/164863"}],"wp:attachment":[{"href":"https:\/\/informelitoral.com.ar\/%77%70%2d%6a%73%6f%6e\/wp\/v2\/media?parent=164862"}],"wp:term":[{"taxonomy":"category","embeddable":true,"href":"https:\/\/informelitoral.com.ar\/%77%70%2d%6a%73%6f%6e\/wp\/v2\/categories?post=164862"},{"taxonomy":"post_tag","embeddable":true,"href":"https:\/\/informelitoral.com.ar\/%77%70%2d%6a%73%6f%6e\/wp\/v2\/tags?post=164862"}],"curies":[{"name":"wp","href":"https:\/\/api.w.org\/{rel}","templated":true}]}}