{"id":164788,"date":"2023-09-07T08:09:17","date_gmt":"2023-09-07T11:09:17","guid":{"rendered":"https:\/\/www.informelitoral.com.ar\/?p=164788"},"modified":"2023-09-07T22:50:48","modified_gmt":"2023-09-08T01:50:48","slug":"plazos-fijos-que-pasara-con-las-tasas-de-interes-tras-el-dato-de-inflacion","status":"publish","type":"post","link":"https:\/\/informelitoral.com.ar\/plazos-fijos-que-pasara-con-las-tasas-de-interes-tras-el-dato-de-inflacion\/","title":{"rendered":"Plazos fijos: qu\u00e9 pasar\u00e1 con las tasas de inter\u00e9s tras el dato de inflaci\u00f3n"},"content":{"rendered":"<p>A mediados de agosto, el Gobierno aplic\u00f3 una devaluaci\u00f3n del 22% al tipo de cambio oficial y, luego, implement\u00f3 una serie de medidas de alivio para contener los efectos de ese salto en el precio del d\u00f3lar. Ambas decisiones tuvieron un efecto inflacionario en agosto y septiembre y el mercado mira hacia el Banco Central (BCRA) para ver c\u00f3mo reaccionar\u00e1 con la tasa del plazo fijo.<\/p>\n<p>Luego de las elecciones Primarias Abiertas y Simult\u00e1neas Obligatorias (PASO), el d\u00f3lar oficial est\u00e1 fijo en los $365,50. En simult\u00e1neo con esa medida, el BCRA ajust\u00f3 inmediatamente la tasa del plazo fijo tradicional, la subi\u00f3 21 puntos porcentuales, hasta el 118% (Tasa Nominal Anual, TNA) para estar en sinton\u00eda con el salto cambiario.<\/p>\n<p>Y, por otra parte, se inyectaron muchos pesos a la econom\u00eda como consecuencia de los bonos para jubilados, trabajadores y planes sociales que se implementaron para suplementar el efecto de la devaluaci\u00f3n en precios y los programas de apoyo a distintos sectores del campo y pymes. As\u00ed, todos los pronosticadores privados de inflaci\u00f3n est\u00e1n anticipando que\u00a0<b>el dato de suba de precios de agosto, que se conocer\u00e1 el mi\u00e9rcoles 13 de septiembre, ser\u00e1 de dos d\u00edgitos y estar\u00e1 en torno al 11% o 12% mensual<\/b>, muy por encima del 6% (casi duplicando) de julio.<\/p>\n<p>En ese contexto,<b>\u00a0\u00bfc\u00f3mo reaccionar\u00e1 el BCRA con su pol\u00edtica de tasas?<\/b>\u00a0tal como indica Federico Zirulnik, economista jefe del Centro de Estudios Econ\u00f3micos y Sociales Scalabrini Ortiz,\u00a0<b>\u201csi quiere seguir sosteniendo una tasa positiva, va a tener que volver a subirla\u201d<\/b>.<\/p>\n<p>El sendero de tasas positivas es un requisito que le exige el Fondo Monetario Internacional (FMI) en el marco del acuerdo de pago de deuda que el pa\u00eds firm\u00f3 con el organismo, y, que, a la vez, es una herramienta para contener la inflaci\u00f3n y la tendencia dolarizadora de ahorros.<\/p>\n<p>Para no abandonar ese sendero, teniendo en cuenta que\u00a0<b>el rendimiento efectivo mensual del plazo fijo es hoy del 9,7% contra una inflaci\u00f3n por encima de 10%, el BCRA deber\u00eda subir las tasa una vez m\u00e1s<\/b>. As\u00ed lo ratifica el director de CyT Asesores Econ\u00f3micos, Camilo Tiscornia, cuando apunta que \u201cdeber\u00eda ser m\u00e1s alta\u201d en relaci\u00f3n a la inflaci\u00f3n prevista.<\/p>\n<p>Sin embargo, al igual que el resto de los analistas consultados, Tiscornia considera que \u201c<b>es muy probable que no la suba, sobre todo, teniendo en cuenta que es una medida que agravar\u00eda el d\u00e9ficit cuasi fiscal<\/b>\u00a0(los intereses que el BCRA le paga a los bancos por las letras de liquidez).<\/p>\n<p>Asimismo, Zirulnik indica que hay que tener en cuenta que, m\u00e1s all\u00e1 del pico de agosto, como consecuencia de la devaluaci\u00f3n y las medidas anunciadas, \u201ces probable que, para septiembre, baje algo la inflaci\u00f3n\u201d respecto de la del mes previo.<\/p>\n<p>As\u00ed, tal como indica Sergio Chouza, director de Consultora Sarand\u00ed, todo indica \u201cque\u00a0<b>la actitud m\u00e1s prudente, hoy, ser\u00eda dejar la tasa del plazo fijo estable en el 9,7% efectivo mensual, con 118% nominal anual y 208,2% efectivo anual<\/b>, m\u00e1s all\u00e1 del fogonazo inflacionario del mes de agosto\u201d.<\/p>\n<p>En este marco,\u00a0<b>un nuevo ajuste de tasas pareciera ser m\u00e1s perjudicial en este momento<\/b>\u00a0de lo que servir\u00eda para desincentivar una dolarizaci\u00f3n en el corto plazo, detalla en un informe el diario\u00a0<i>\u00c1mbito Financiero<\/i>.<\/p>\n<p>As\u00ed las cosas, para Chouza, \u201clo m\u00e1s prudente es mantener la tasa estable en estos niveles, a\u00fan frente a un dato inflacionario alto en agosto, y no volver a darle otro push\u201d.<\/p>\n<p>Lo mismo se\u00f1ala Zirulnik, quien considera que \u201c<b>si la inflaci\u00f3n de agosto da por debajo de 12% (variable posible, aunque parece dif\u00edcil), es probable que el Central sostenga la tasa del plazo fijo<\/b>\u00a0en niveles actuales, en tanto que, si est\u00e1 por arriba de ese nivel, seguramente, vuelvan a subir\u201d.<\/p>\n<p><b>Cu\u00e1nto rinden 100.000 pesos a 30 d\u00edas y en un a\u00f1o<\/b><br \/>\nEsto quiere decir que si una persona hiciera\u00a0<b>un plazo fijo por 30 d\u00edas de $100.000, al finalizar el plazo recibir\u00e1 $109.700<\/b>: los $100.000 que hab\u00eda depositado en un primer momento m\u00e1s un inter\u00e9s de $ 9.700.<\/p>\n<p>Si optara al final de ese mes hacer un nuevo plazo fijo por 30 d\u00edas con el dinero inicial m\u00e1s los $9.700 ganados en intereses, obtendr\u00eda al final del plazo $ 120.500, es decir, los $109.700 depositados a principio de mes m\u00e1s un inter\u00e9s de $ 10.800.<\/p>\n<p>En caso de no haber cambios en la tasa de inter\u00e9s durante el pr\u00f3ximo a\u00f1o,<b>\u00a0si ante cada vencimiento la persona volviera a hacer un nuevo plazo fijo por 30 d\u00edas<\/b>\u00a0con el capital inicial y los intereses ganados,\u00a0<b>en 12 meses tendr\u00eda $ 308.200, los $ 100.000 depositados inicialmente m\u00e1s un inter\u00e9s de $ 208.200<\/b>.<\/p>\n<p><b>Mientras tanto, si la inversi\u00f3n inicial es de 1.000.000 de pesos, a lo largo de 365 d\u00edas tendr\u00eda 3.082.000, es decir, una ganancia de 2.082.000 pesos<\/b>.<\/p>\n<p>Para los dep\u00f3sitos de m\u00e1s de $ 30 millones realizados por empresas (persona jur\u00eddicas), la tasa m\u00ednima garantizada ser\u00e1 del 111%, lo que representa una tasa efectiva anual de 189%.<\/p>\n","protected":false},"excerpt":{"rendered":"<p>Actualmente, el piso garantizado es del 118% por a\u00f1o es decir, 9,7% mensual, lo que representa un rendimiento anual efectivo del 208,2%. \u00bfC\u00f3mo reaccionar\u00e1 el Banco Central ante la inflaci\u00f3n de agosto que ser\u00eda de dos d\u00edgitos?.<\/p>\n","protected":false},"author":8,"featured_media":83719,"comment_status":"open","ping_status":"open","sticky":false,"template":"","format":"standard","meta":{"fifu_image_url":"","fifu_image_alt":"","footnotes":""},"categories":[1594,7],"tags":[95,3617],"class_list":{"0":"post-164788","1":"post","2":"type-post","3":"status-publish","4":"format-standard","5":"has-post-thumbnail","7":"category-economia","8":"category-nacionales","9":"tag-inflacion","10":"tag-plazo-fijo"},"yoast_head":"<title>Plazos fijos: qu\u00e9 pasar\u00e1 con las tasas de inter\u00e9s tras el dato de inflaci\u00f3n - Informe Litoral<\/title>\n<meta name=\"robots\" content=\"index, follow, max-snippet:-1, max-image-preview:large, max-video-preview:-1\" \/>\n<link rel=\"canonical\" href=\"https:\/\/informelitoral.com.ar\/plazos-fijos-que-pasara-con-las-tasas-de-interes-tras-el-dato-de-inflacion\/\" \/>\n<meta property=\"og:locale\" content=\"es_ES\" \/>\n<meta property=\"og:type\" content=\"article\" \/>\n<meta property=\"og:title\" content=\"Plazos fijos: qu\u00e9 pasar\u00e1 con las tasas de inter\u00e9s tras el dato de inflaci\u00f3n - Informe Litoral\" \/>\n<meta property=\"og:description\" content=\"Actualmente, el piso garantizado es del 118% por a\u00f1o es decir, 9,7% mensual, lo que representa un rendimiento anual efectivo del 208,2%. \u00bfC\u00f3mo reaccionar\u00e1 el Banco Central ante la inflaci\u00f3n de agosto que ser\u00eda de dos d\u00edgitos?.\" \/>\n<meta property=\"og:url\" content=\"https:\/\/informelitoral.com.ar\/plazos-fijos-que-pasara-con-las-tasas-de-interes-tras-el-dato-de-inflacion\/\" \/>\n<meta property=\"og:site_name\" content=\"Informe Litoral\" \/>\n<meta property=\"article:publisher\" content=\"https:\/\/www.facebook.com\/informelitoral\/\" \/>\n<meta property=\"article:published_time\" content=\"2023-09-07T11:09:17+00:00\" \/>\n<meta property=\"article:modified_time\" content=\"2023-09-08T01:50:48+00:00\" \/>\n<meta property=\"og:image\" content=\"https:\/\/informelitoral.com.ar\/%77%70%2d%63%6f%6e%74%65%6e%74\/uploads\/2022\/08\/anses-dinero-billetes-7-min-696x392-1.jpg\" \/>\n\t<meta property=\"og:image:width\" content=\"696\" \/>\n\t<meta property=\"og:image:height\" content=\"392\" \/>\n\t<meta property=\"og:image:type\" content=\"image\/jpeg\" \/>\n<meta name=\"author\" content=\"Sebastian\" \/>\n<meta name=\"twitter:card\" content=\"summary_large_image\" \/>\n<meta name=\"twitter:creator\" content=\"@InformeLitoral\" \/>\n<meta name=\"twitter:site\" content=\"@InformeLitoral\" \/>\n<meta name=\"twitter:label1\" content=\"Escrito por\" \/>\n\t<meta name=\"twitter:data1\" content=\"Sebastian\" \/>\n\t<meta name=\"twitter:label2\" content=\"Tiempo de lectura\" \/>\n\t<meta name=\"twitter:data2\" content=\"4 minutos\" \/>\n<script type=\"application\/ld+json\" class=\"yoast-schema-graph\">{\"@context\":\"https:\\\/\\\/schema.org\",\"@graph\":[{\"@type\":\"Article\",\"@id\":\"https:\\\/\\\/informelitoral.com.ar\\\/plazos-fijos-que-pasara-con-las-tasas-de-interes-tras-el-dato-de-inflacion\\\/#article\",\"isPartOf\":{\"@id\":\"https:\\\/\\\/informelitoral.com.ar\\\/plazos-fijos-que-pasara-con-las-tasas-de-interes-tras-el-dato-de-inflacion\\\/\"},\"author\":{\"name\":\"Sebastian\",\"@id\":\"https:\\\/\\\/informelitoral.com.ar\\\/#\\\/schema\\\/person\\\/f05f9f461677119578717524b127d6d5\"},\"headline\":\"Plazos fijos: qu\u00e9 pasar\u00e1 con las tasas de inter\u00e9s tras el dato de inflaci\u00f3n\",\"datePublished\":\"2023-09-07T11:09:17+00:00\",\"dateModified\":\"2023-09-08T01:50:48+00:00\",\"mainEntityOfPage\":{\"@id\":\"https:\\\/\\\/informelitoral.com.ar\\\/plazos-fijos-que-pasara-con-las-tasas-de-interes-tras-el-dato-de-inflacion\\\/\"},\"wordCount\":867,\"commentCount\":0,\"publisher\":{\"@id\":\"https:\\\/\\\/informelitoral.com.ar\\\/#organization\"},\"image\":{\"@id\":\"https:\\\/\\\/informelitoral.com.ar\\\/plazos-fijos-que-pasara-con-las-tasas-de-interes-tras-el-dato-de-inflacion\\\/#primaryimage\"},\"thumbnailUrl\":\"https:\\\/\\\/informelitoral.com.ar\\\/%77%70%2d%63%6f%6e%74%65%6e%74\\\/uploads\\\/2022\\\/08\\\/anses-dinero-billetes-7-min-696x392-1.jpg\",\"keywords\":[\"Inflaci\u00f3n\",\"Plazo fijo\"],\"articleSection\":[\"Econom\u00eda\",\"Nacionales\"],\"inLanguage\":\"es\",\"potentialAction\":[{\"@type\":\"CommentAction\",\"name\":\"Comment\",\"target\":[\"https:\\\/\\\/informelitoral.com.ar\\\/plazos-fijos-que-pasara-con-las-tasas-de-interes-tras-el-dato-de-inflacion\\\/#respond\"]}]},{\"@type\":\"WebPage\",\"@id\":\"https:\\\/\\\/informelitoral.com.ar\\\/plazos-fijos-que-pasara-con-las-tasas-de-interes-tras-el-dato-de-inflacion\\\/\",\"url\":\"https:\\\/\\\/informelitoral.com.ar\\\/plazos-fijos-que-pasara-con-las-tasas-de-interes-tras-el-dato-de-inflacion\\\/\",\"name\":\"Plazos fijos: qu\u00e9 pasar\u00e1 con las tasas de inter\u00e9s tras el dato de inflaci\u00f3n - Informe Litoral\",\"isPartOf\":{\"@id\":\"https:\\\/\\\/informelitoral.com.ar\\\/#website\"},\"primaryImageOfPage\":{\"@id\":\"https:\\\/\\\/informelitoral.com.ar\\\/plazos-fijos-que-pasara-con-las-tasas-de-interes-tras-el-dato-de-inflacion\\\/#primaryimage\"},\"image\":{\"@id\":\"https:\\\/\\\/informelitoral.com.ar\\\/plazos-fijos-que-pasara-con-las-tasas-de-interes-tras-el-dato-de-inflacion\\\/#primaryimage\"},\"thumbnailUrl\":\"https:\\\/\\\/informelitoral.com.ar\\\/%77%70%2d%63%6f%6e%74%65%6e%74\\\/uploads\\\/2022\\\/08\\\/anses-dinero-billetes-7-min-696x392-1.jpg\",\"datePublished\":\"2023-09-07T11:09:17+00:00\",\"dateModified\":\"2023-09-08T01:50:48+00:00\",\"breadcrumb\":{\"@id\":\"https:\\\/\\\/informelitoral.com.ar\\\/plazos-fijos-que-pasara-con-las-tasas-de-interes-tras-el-dato-de-inflacion\\\/#breadcrumb\"},\"inLanguage\":\"es\",\"potentialAction\":[{\"@type\":\"ReadAction\",\"target\":[\"https:\\\/\\\/informelitoral.com.ar\\\/plazos-fijos-que-pasara-con-las-tasas-de-interes-tras-el-dato-de-inflacion\\\/\"]}]},{\"@type\":\"ImageObject\",\"inLanguage\":\"es\",\"@id\":\"https:\\\/\\\/informelitoral.com.ar\\\/plazos-fijos-que-pasara-con-las-tasas-de-interes-tras-el-dato-de-inflacion\\\/#primaryimage\",\"url\":\"https:\\\/\\\/informelitoral.com.ar\\\/%77%70%2d%63%6f%6e%74%65%6e%74\\\/uploads\\\/2022\\\/08\\\/anses-dinero-billetes-7-min-696x392-1.jpg\",\"contentUrl\":\"https:\\\/\\\/informelitoral.com.ar\\\/%77%70%2d%63%6f%6e%74%65%6e%74\\\/uploads\\\/2022\\\/08\\\/anses-dinero-billetes-7-min-696x392-1.jpg\",\"width\":696,\"height\":392},{\"@type\":\"BreadcrumbList\",\"@id\":\"https:\\\/\\\/informelitoral.com.ar\\\/plazos-fijos-que-pasara-con-las-tasas-de-interes-tras-el-dato-de-inflacion\\\/#breadcrumb\",\"itemListElement\":[{\"@type\":\"ListItem\",\"position\":1,\"name\":\"Portada\",\"item\":\"https:\\\/\\\/informelitoral.com.ar\\\/\"},{\"@type\":\"ListItem\",\"position\":2,\"name\":\"Plazos fijos: qu\u00e9 pasar\u00e1 con las tasas de inter\u00e9s tras el dato de inflaci\u00f3n\"}]},{\"@type\":\"WebSite\",\"@id\":\"https:\\\/\\\/informelitoral.com.ar\\\/#website\",\"url\":\"https:\\\/\\\/informelitoral.com.ar\\\/\",\"name\":\"Informe Litoral\",\"description\":\"&quot;Nos informamos&quot; \",\"publisher\":{\"@id\":\"https:\\\/\\\/informelitoral.com.ar\\\/#organization\"},\"potentialAction\":[{\"@type\":\"SearchAction\",\"target\":{\"@type\":\"EntryPoint\",\"urlTemplate\":\"https:\\\/\\\/informelitoral.com.ar\\\/?s={search_term_string}\"},\"query-input\":{\"@type\":\"PropertyValueSpecification\",\"valueRequired\":true,\"valueName\":\"search_term_string\"}}],\"inLanguage\":\"es\"},{\"@type\":\"Organization\",\"@id\":\"https:\\\/\\\/informelitoral.com.ar\\\/#organization\",\"name\":\"Informe Litoral\",\"url\":\"https:\\\/\\\/informelitoral.com.ar\\\/\",\"logo\":{\"@type\":\"ImageObject\",\"inLanguage\":\"es\",\"@id\":\"https:\\\/\\\/informelitoral.com.ar\\\/#\\\/schema\\\/logo\\\/image\\\/\",\"url\":\"https:\\\/\\\/informelitoral.com.ar\\\/%77%70%2d%63%6f%6e%74%65%6e%74\\\/uploads\\\/2021\\\/01\\\/circulo.png\",\"contentUrl\":\"https:\\\/\\\/informelitoral.com.ar\\\/%77%70%2d%63%6f%6e%74%65%6e%74\\\/uploads\\\/2021\\\/01\\\/circulo.png\",\"width\":723,\"height\":731,\"caption\":\"Informe Litoral\"},\"image\":{\"@id\":\"https:\\\/\\\/informelitoral.com.ar\\\/#\\\/schema\\\/logo\\\/image\\\/\"},\"sameAs\":[\"https:\\\/\\\/www.facebook.com\\\/informelitoral\\\/\",\"https:\\\/\\\/x.com\\\/InformeLitoral\",\"https:\\\/\\\/www.instagram.com\\\/informelitoral\\\/\",\"https:\\\/\\\/www.youtube.com\\\/channel\\\/UCua4Qvz8Icb6MYqhoq9xLXw\"]},{\"@type\":\"Person\",\"@id\":\"https:\\\/\\\/informelitoral.com.ar\\\/#\\\/schema\\\/person\\\/f05f9f461677119578717524b127d6d5\",\"name\":\"Sebastian\",\"image\":{\"@type\":\"ImageObject\",\"inLanguage\":\"es\",\"@id\":\"https:\\\/\\\/secure.gravatar.com\\\/avatar\\\/b71bf7481d447dfb9583c7f2798e7cc64de6efb9067b74633ed8c31059a3bd82?s=96&d=mm&r=g\",\"url\":\"https:\\\/\\\/secure.gravatar.com\\\/avatar\\\/b71bf7481d447dfb9583c7f2798e7cc64de6efb9067b74633ed8c31059a3bd82?s=96&d=mm&r=g\",\"contentUrl\":\"https:\\\/\\\/secure.gravatar.com\\\/avatar\\\/b71bf7481d447dfb9583c7f2798e7cc64de6efb9067b74633ed8c31059a3bd82?s=96&d=mm&r=g\",\"caption\":\"Sebastian\"},\"url\":\"https:\\\/\\\/informelitoral.com.ar\\\/author\\\/sebastian\\\/\"}]}<\/script>","yoast_head_json":{"title":"Plazos fijos: qu\u00e9 pasar\u00e1 con las tasas de inter\u00e9s tras el dato de inflaci\u00f3n - Informe Litoral","robots":{"index":"index","follow":"follow","max-snippet":"max-snippet:-1","max-image-preview":"max-image-preview:large","max-video-preview":"max-video-preview:-1"},"canonical":"https:\/\/informelitoral.com.ar\/plazos-fijos-que-pasara-con-las-tasas-de-interes-tras-el-dato-de-inflacion\/","og_locale":"es_ES","og_type":"article","og_title":"Plazos fijos: qu\u00e9 pasar\u00e1 con las tasas de inter\u00e9s tras el dato de inflaci\u00f3n - Informe Litoral","og_description":"Actualmente, el piso garantizado es del 118% por a\u00f1o es decir, 9,7% mensual, lo que representa un rendimiento anual efectivo del 208,2%. \u00bfC\u00f3mo reaccionar\u00e1 el Banco Central ante la inflaci\u00f3n de agosto que ser\u00eda de dos d\u00edgitos?.","og_url":"https:\/\/informelitoral.com.ar\/plazos-fijos-que-pasara-con-las-tasas-de-interes-tras-el-dato-de-inflacion\/","og_site_name":"Informe Litoral","article_publisher":"https:\/\/www.facebook.com\/informelitoral\/","article_published_time":"2023-09-07T11:09:17+00:00","article_modified_time":"2023-09-08T01:50:48+00:00","og_image":[{"width":696,"height":392,"url":"https:\/\/informelitoral.com.ar\/%77%70%2d%63%6f%6e%74%65%6e%74\/uploads\/2022\/08\/anses-dinero-billetes-7-min-696x392-1.jpg","type":"image\/jpeg"}],"author":"Sebastian","twitter_card":"summary_large_image","twitter_creator":"@InformeLitoral","twitter_site":"@InformeLitoral","twitter_misc":{"Escrito por":"Sebastian","Tiempo de lectura":"4 minutos"},"schema":{"@context":"https:\/\/schema.org","@graph":[{"@type":"Article","@id":"https:\/\/informelitoral.com.ar\/plazos-fijos-que-pasara-con-las-tasas-de-interes-tras-el-dato-de-inflacion\/#article","isPartOf":{"@id":"https:\/\/informelitoral.com.ar\/plazos-fijos-que-pasara-con-las-tasas-de-interes-tras-el-dato-de-inflacion\/"},"author":{"name":"Sebastian","@id":"https:\/\/informelitoral.com.ar\/#\/schema\/person\/f05f9f461677119578717524b127d6d5"},"headline":"Plazos fijos: qu\u00e9 pasar\u00e1 con las tasas de inter\u00e9s tras el dato de inflaci\u00f3n","datePublished":"2023-09-07T11:09:17+00:00","dateModified":"2023-09-08T01:50:48+00:00","mainEntityOfPage":{"@id":"https:\/\/informelitoral.com.ar\/plazos-fijos-que-pasara-con-las-tasas-de-interes-tras-el-dato-de-inflacion\/"},"wordCount":867,"commentCount":0,"publisher":{"@id":"https:\/\/informelitoral.com.ar\/#organization"},"image":{"@id":"https:\/\/informelitoral.com.ar\/plazos-fijos-que-pasara-con-las-tasas-de-interes-tras-el-dato-de-inflacion\/#primaryimage"},"thumbnailUrl":"https:\/\/informelitoral.com.ar\/%77%70%2d%63%6f%6e%74%65%6e%74\/uploads\/2022\/08\/anses-dinero-billetes-7-min-696x392-1.jpg","keywords":["Inflaci\u00f3n","Plazo fijo"],"articleSection":["Econom\u00eda","Nacionales"],"inLanguage":"es","potentialAction":[{"@type":"CommentAction","name":"Comment","target":["https:\/\/informelitoral.com.ar\/plazos-fijos-que-pasara-con-las-tasas-de-interes-tras-el-dato-de-inflacion\/#respond"]}]},{"@type":"WebPage","@id":"https:\/\/informelitoral.com.ar\/plazos-fijos-que-pasara-con-las-tasas-de-interes-tras-el-dato-de-inflacion\/","url":"https:\/\/informelitoral.com.ar\/plazos-fijos-que-pasara-con-las-tasas-de-interes-tras-el-dato-de-inflacion\/","name":"Plazos fijos: qu\u00e9 pasar\u00e1 con las tasas de inter\u00e9s tras el dato de inflaci\u00f3n - Informe Litoral","isPartOf":{"@id":"https:\/\/informelitoral.com.ar\/#website"},"primaryImageOfPage":{"@id":"https:\/\/informelitoral.com.ar\/plazos-fijos-que-pasara-con-las-tasas-de-interes-tras-el-dato-de-inflacion\/#primaryimage"},"image":{"@id":"https:\/\/informelitoral.com.ar\/plazos-fijos-que-pasara-con-las-tasas-de-interes-tras-el-dato-de-inflacion\/#primaryimage"},"thumbnailUrl":"https:\/\/informelitoral.com.ar\/%77%70%2d%63%6f%6e%74%65%6e%74\/uploads\/2022\/08\/anses-dinero-billetes-7-min-696x392-1.jpg","datePublished":"2023-09-07T11:09:17+00:00","dateModified":"2023-09-08T01:50:48+00:00","breadcrumb":{"@id":"https:\/\/informelitoral.com.ar\/plazos-fijos-que-pasara-con-las-tasas-de-interes-tras-el-dato-de-inflacion\/#breadcrumb"},"inLanguage":"es","potentialAction":[{"@type":"ReadAction","target":["https:\/\/informelitoral.com.ar\/plazos-fijos-que-pasara-con-las-tasas-de-interes-tras-el-dato-de-inflacion\/"]}]},{"@type":"ImageObject","inLanguage":"es","@id":"https:\/\/informelitoral.com.ar\/plazos-fijos-que-pasara-con-las-tasas-de-interes-tras-el-dato-de-inflacion\/#primaryimage","url":"https:\/\/informelitoral.com.ar\/%77%70%2d%63%6f%6e%74%65%6e%74\/uploads\/2022\/08\/anses-dinero-billetes-7-min-696x392-1.jpg","contentUrl":"https:\/\/informelitoral.com.ar\/%77%70%2d%63%6f%6e%74%65%6e%74\/uploads\/2022\/08\/anses-dinero-billetes-7-min-696x392-1.jpg","width":696,"height":392},{"@type":"BreadcrumbList","@id":"https:\/\/informelitoral.com.ar\/plazos-fijos-que-pasara-con-las-tasas-de-interes-tras-el-dato-de-inflacion\/#breadcrumb","itemListElement":[{"@type":"ListItem","position":1,"name":"Portada","item":"https:\/\/informelitoral.com.ar\/"},{"@type":"ListItem","position":2,"name":"Plazos fijos: qu\u00e9 pasar\u00e1 con las tasas de inter\u00e9s tras el dato de inflaci\u00f3n"}]},{"@type":"WebSite","@id":"https:\/\/informelitoral.com.ar\/#website","url":"https:\/\/informelitoral.com.ar\/","name":"Informe Litoral","description":"&quot;Nos informamos&quot; ","publisher":{"@id":"https:\/\/informelitoral.com.ar\/#organization"},"potentialAction":[{"@type":"SearchAction","target":{"@type":"EntryPoint","urlTemplate":"https:\/\/informelitoral.com.ar\/?s={search_term_string}"},"query-input":{"@type":"PropertyValueSpecification","valueRequired":true,"valueName":"search_term_string"}}],"inLanguage":"es"},{"@type":"Organization","@id":"https:\/\/informelitoral.com.ar\/#organization","name":"Informe Litoral","url":"https:\/\/informelitoral.com.ar\/","logo":{"@type":"ImageObject","inLanguage":"es","@id":"https:\/\/informelitoral.com.ar\/#\/schema\/logo\/image\/","url":"https:\/\/informelitoral.com.ar\/%77%70%2d%63%6f%6e%74%65%6e%74\/uploads\/2021\/01\/circulo.png","contentUrl":"https:\/\/informelitoral.com.ar\/%77%70%2d%63%6f%6e%74%65%6e%74\/uploads\/2021\/01\/circulo.png","width":723,"height":731,"caption":"Informe Litoral"},"image":{"@id":"https:\/\/informelitoral.com.ar\/#\/schema\/logo\/image\/"},"sameAs":["https:\/\/www.facebook.com\/informelitoral\/","https:\/\/x.com\/InformeLitoral","https:\/\/www.instagram.com\/informelitoral\/","https:\/\/www.youtube.com\/channel\/UCua4Qvz8Icb6MYqhoq9xLXw"]},{"@type":"Person","@id":"https:\/\/informelitoral.com.ar\/#\/schema\/person\/f05f9f461677119578717524b127d6d5","name":"Sebastian","image":{"@type":"ImageObject","inLanguage":"es","@id":"https:\/\/secure.gravatar.com\/avatar\/b71bf7481d447dfb9583c7f2798e7cc64de6efb9067b74633ed8c31059a3bd82?s=96&d=mm&r=g","url":"https:\/\/secure.gravatar.com\/avatar\/b71bf7481d447dfb9583c7f2798e7cc64de6efb9067b74633ed8c31059a3bd82?s=96&d=mm&r=g","contentUrl":"https:\/\/secure.gravatar.com\/avatar\/b71bf7481d447dfb9583c7f2798e7cc64de6efb9067b74633ed8c31059a3bd82?s=96&d=mm&r=g","caption":"Sebastian"},"url":"https:\/\/informelitoral.com.ar\/author\/sebastian\/"}]}},"_links":{"self":[{"href":"https:\/\/informelitoral.com.ar\/%77%70%2d%6a%73%6f%6e\/wp\/v2\/posts\/164788","targetHints":{"allow":["GET"]}}],"collection":[{"href":"https:\/\/informelitoral.com.ar\/%77%70%2d%6a%73%6f%6e\/wp\/v2\/posts"}],"about":[{"href":"https:\/\/informelitoral.com.ar\/%77%70%2d%6a%73%6f%6e\/wp\/v2\/types\/post"}],"author":[{"embeddable":true,"href":"https:\/\/informelitoral.com.ar\/%77%70%2d%6a%73%6f%6e\/wp\/v2\/users\/8"}],"replies":[{"embeddable":true,"href":"https:\/\/informelitoral.com.ar\/%77%70%2d%6a%73%6f%6e\/wp\/v2\/comments?post=164788"}],"version-history":[{"count":0,"href":"https:\/\/informelitoral.com.ar\/%77%70%2d%6a%73%6f%6e\/wp\/v2\/posts\/164788\/revisions"}],"wp:featuredmedia":[{"embeddable":true,"href":"https:\/\/informelitoral.com.ar\/%77%70%2d%6a%73%6f%6e\/wp\/v2\/media\/83719"}],"wp:attachment":[{"href":"https:\/\/informelitoral.com.ar\/%77%70%2d%6a%73%6f%6e\/wp\/v2\/media?parent=164788"}],"wp:term":[{"taxonomy":"category","embeddable":true,"href":"https:\/\/informelitoral.com.ar\/%77%70%2d%6a%73%6f%6e\/wp\/v2\/categories?post=164788"},{"taxonomy":"post_tag","embeddable":true,"href":"https:\/\/informelitoral.com.ar\/%77%70%2d%6a%73%6f%6e\/wp\/v2\/tags?post=164788"}],"curies":[{"name":"wp","href":"https:\/\/api.w.org\/{rel}","templated":true}]}}