{"id":164569,"date":"2023-09-05T06:43:02","date_gmt":"2023-09-05T09:43:02","guid":{"rendered":"https:\/\/www.informelitoral.com.ar\/?p=164569"},"modified":"2023-09-05T15:32:54","modified_gmt":"2023-09-05T18:32:54","slug":"docentes-y-el-gobierno-reanudan-la-paritaria-salarial-que-piden-agmer-y-amet","status":"publish","type":"post","link":"https:\/\/informelitoral.com.ar\/docentes-y-el-gobierno-reanudan-la-paritaria-salarial-que-piden-agmer-y-amet\/","title":{"rendered":"Docentes y el gobierno reanudan la paritaria salarial: qu\u00e9 piden AGMER y AMET"},"content":{"rendered":"<p>El gobierno provincial y los gremios docentes reanudar\u00e1n hoy la negociaci\u00f3n paritaria para definir la recomposici\u00f3n salarial para el segundo semestre del a\u00f1o.\u00a0<b>Ser\u00e1 a las 12 en la Secretar\u00eda de Trabajo de la provincia<\/b>, donde fueron convocados la Asociaci\u00f3n Gremial del Magisterio de Entre R\u00edos (Agmer), la Asociaci\u00f3n del Magisterio de la Ense\u00f1anza T\u00e9cnica (Amet), el Sindicato Argentino de Docentes Privados (Sadop) y la Uni\u00f3n de Docentes Argentinos (UDA).<\/p>\n<p>El principal sindicato docente adelant\u00f3 sus demandas con el contenido de las resoluciones acordadas en el \u00faltimo Congreso realizado en la ciudad de Col\u00f3n. A trav\u00e9s de esa notificaci\u00f3n\u00a0<b>Agmer plante\u00f3 la necesidad de acordar una pauta cuatrimestral (septiembre, octubre, noviembre y diciembre) que establezca un incremento salarial por encima de la inflaci\u00f3n<\/b>. Tambi\u00e9n se solicit\u00f3 al Ejecutivo que se disponga un\u00a0<b>porcentaje de adelanto a cuenta de esa inflaci\u00f3n<\/b>. A esto se le sum\u00f3 la necesidad de seguir discutiendo la base de c\u00e1lculo para poder actualizar el salario.<\/p>\n<p>En el marco de una discusi\u00f3n global de las paritarias, Agmer admiti\u00f3 que a\u00fan sigue pendiente del \u00faltimo acuerdo salarial (julio y agosto) la equiparaci\u00f3n con los \u00edndices oficiales de inflaci\u00f3n. \u201cHoy esperamos una respuesta a esas demandas\u201d, dijo el secretario gremial de Agmer, Guillermo Zampedri.<\/p>\n<p>El dirigente record\u00f3 que esa diferencia se conocer\u00e1 cuando se anuncie la inflaci\u00f3n de septiembre, que probablemente sea anunciada por el Indec el 14 de este mes por el Indec: \u201cEl acuerdo anterior establec\u00eda que si existiera una diferencia por inflaci\u00f3n hay que pagarla y el porcentaje tiene que ser de 7 puntos por arriba de la inflaci\u00f3n. Es muy probable que se pague en complementarias\u201d.<\/p>\n<p>\u201cPedimos que todos los meses haya un adelanto y luego se garantice una cantidad de puntos por encima de la inflaci\u00f3n. En el \u00faltimo acuerdo eran de 7 puntos\u201d, observ\u00f3 en declaraciones a\u00a0<i>Uno<\/i>.<\/p>\n<p>En la antesala de un nuevo encuentro para debatir salarios, Agmer anticip\u00f3 cu\u00e1les ser\u00e1n sus expectativas en un escenario de complejidad econ\u00f3mica y de falta de previsibilidad. \u201cSiempre somos optimistas. Por ejemplo, creo que Boca va a salir campe\u00f3n de la Copa Libertadores y tiene un equipo muy pobre. Y bueno, soy optimista. En esto tambi\u00e9n soy optimista, pero despu\u00e9s nos damos de frente con la realidad\u201d, razon\u00f3 el gremialista.<\/p>\n<p><b>La dirigencia de AMET tambi\u00e9n adelant\u00f3 la postura<\/b>\u00a0que llevar\u00e1 a la mesa paritaria. \u201c<b>Apelamos a un mecanismo que son las planillas complementarias, a trav\u00e9s de la cual se podr\u00eda compensar la diferencia salarial<\/b>\u00a0conforme a la inflaci\u00f3n de agosto que se dar\u00e1 a conocer el 14 de septiembre\u201d, dijo el secretario general, Andr\u00e9s Besel.<\/p>\n<p>El gremialista explic\u00f3 que insistir\u00e1n con esa estrategia que prev\u00e9 el compromiso del gobierno para \u201cequilibrar el salario con la inflaci\u00f3n\u201d.<\/p>\n<p>\u201cLuego de la devaluaci\u00f3n registrada tras las PASO hubo un incremento en los combustibles y en los alimentos que es uno de los bienes m\u00e1s consumidos por los docentes. No sabemos cu\u00e1l va a ser el \u00edndice de inflaci\u00f3n, m\u00e1s all\u00e1 de las proyecciones de algunas consultoras privadas. En principio vamos a respetar el \u00faltimo acuerdo paritario\u201d, sostuvo Besel.<\/p>\n","protected":false},"excerpt":{"rendered":"<p>Agmer solicitar\u00e1 una pauta por encima de la inflaci\u00f3n y adem\u00e1s que se fijen porcentajes de adelanto a cuenta de cada uno de los \u00faltimos meses del 2023. AMET solicitar\u00e1 compensar la diferencia salarial mediante planillas complementarias.<\/p>\n","protected":false},"author":8,"featured_media":164571,"comment_status":"open","ping_status":"open","sticky":false,"template":"","format":"standard","meta":{"fifu_image_url":"","fifu_image_alt":"","footnotes":""},"categories":[6],"tags":[64,1227],"class_list":{"0":"post-164569","1":"post","2":"type-post","3":"status-publish","4":"format-standard","5":"has-post-thumbnail","7":"category-entre-rios","8":"tag-agmer","9":"tag-paritaria"},"yoast_head":"<title>Docentes y el gobierno reanudan la paritaria salarial: qu\u00e9 piden AGMER y AMET - Informe Litoral<\/title>\n<meta name=\"robots\" content=\"index, follow, max-snippet:-1, max-image-preview:large, max-video-preview:-1\" \/>\n<link rel=\"canonical\" href=\"https:\/\/informelitoral.com.ar\/docentes-y-el-gobierno-reanudan-la-paritaria-salarial-que-piden-agmer-y-amet\/\" \/>\n<meta property=\"og:locale\" content=\"es_ES\" \/>\n<meta property=\"og:type\" content=\"article\" \/>\n<meta property=\"og:title\" content=\"Docentes y el gobierno reanudan la paritaria salarial: qu\u00e9 piden AGMER y AMET - Informe Litoral\" \/>\n<meta property=\"og:description\" content=\"Agmer solicitar\u00e1 una pauta por encima de la inflaci\u00f3n y adem\u00e1s que se fijen porcentajes de adelanto a cuenta de cada uno de los \u00faltimos meses del 2023. AMET solicitar\u00e1 compensar la diferencia salarial mediante planillas complementarias.\" \/>\n<meta property=\"og:url\" content=\"https:\/\/informelitoral.com.ar\/docentes-y-el-gobierno-reanudan-la-paritaria-salarial-que-piden-agmer-y-amet\/\" \/>\n<meta property=\"og:site_name\" content=\"Informe Litoral\" \/>\n<meta property=\"article:publisher\" content=\"https:\/\/www.facebook.com\/informelitoral\/\" \/>\n<meta property=\"article:published_time\" content=\"2023-09-05T09:43:02+00:00\" \/>\n<meta property=\"article:modified_time\" content=\"2023-09-05T18:32:54+00:00\" \/>\n<meta property=\"og:image\" content=\"https:\/\/informelitoral.com.ar\/%77%70%2d%63%6f%6e%74%65%6e%74\/uploads\/2023\/09\/o_1688685072-1.jpg\" \/>\n\t<meta property=\"og:image:width\" content=\"800\" \/>\n\t<meta property=\"og:image:height\" content=\"450\" \/>\n\t<meta property=\"og:image:type\" content=\"image\/jpeg\" \/>\n<meta name=\"author\" content=\"Sebastian\" \/>\n<meta name=\"twitter:card\" content=\"summary_large_image\" \/>\n<meta name=\"twitter:creator\" content=\"@InformeLitoral\" \/>\n<meta name=\"twitter:site\" content=\"@InformeLitoral\" \/>\n<meta name=\"twitter:label1\" content=\"Escrito por\" \/>\n\t<meta name=\"twitter:data1\" content=\"Sebastian\" \/>\n\t<meta name=\"twitter:label2\" content=\"Tiempo de lectura\" \/>\n\t<meta name=\"twitter:data2\" content=\"3 minutos\" \/>\n<script type=\"application\/ld+json\" class=\"yoast-schema-graph\">{\"@context\":\"https:\\\/\\\/schema.org\",\"@graph\":[{\"@type\":\"Article\",\"@id\":\"https:\\\/\\\/informelitoral.com.ar\\\/docentes-y-el-gobierno-reanudan-la-paritaria-salarial-que-piden-agmer-y-amet\\\/#article\",\"isPartOf\":{\"@id\":\"https:\\\/\\\/informelitoral.com.ar\\\/docentes-y-el-gobierno-reanudan-la-paritaria-salarial-que-piden-agmer-y-amet\\\/\"},\"author\":{\"name\":\"Sebastian\",\"@id\":\"https:\\\/\\\/informelitoral.com.ar\\\/#\\\/schema\\\/person\\\/f05f9f461677119578717524b127d6d5\"},\"headline\":\"Docentes y el gobierno reanudan la paritaria salarial: qu\u00e9 piden AGMER y AMET\",\"datePublished\":\"2023-09-05T09:43:02+00:00\",\"dateModified\":\"2023-09-05T18:32:54+00:00\",\"mainEntityOfPage\":{\"@id\":\"https:\\\/\\\/informelitoral.com.ar\\\/docentes-y-el-gobierno-reanudan-la-paritaria-salarial-que-piden-agmer-y-amet\\\/\"},\"wordCount\":563,\"commentCount\":0,\"publisher\":{\"@id\":\"https:\\\/\\\/informelitoral.com.ar\\\/#organization\"},\"image\":{\"@id\":\"https:\\\/\\\/informelitoral.com.ar\\\/docentes-y-el-gobierno-reanudan-la-paritaria-salarial-que-piden-agmer-y-amet\\\/#primaryimage\"},\"thumbnailUrl\":\"https:\\\/\\\/informelitoral.com.ar\\\/%77%70%2d%63%6f%6e%74%65%6e%74\\\/uploads\\\/2023\\\/09\\\/o_1688685072-1.jpg\",\"keywords\":[\"Agmer\",\"Paritaria\"],\"articleSection\":[\"Entre R\u00edos\"],\"inLanguage\":\"es\",\"potentialAction\":[{\"@type\":\"CommentAction\",\"name\":\"Comment\",\"target\":[\"https:\\\/\\\/informelitoral.com.ar\\\/docentes-y-el-gobierno-reanudan-la-paritaria-salarial-que-piden-agmer-y-amet\\\/#respond\"]}]},{\"@type\":\"WebPage\",\"@id\":\"https:\\\/\\\/informelitoral.com.ar\\\/docentes-y-el-gobierno-reanudan-la-paritaria-salarial-que-piden-agmer-y-amet\\\/\",\"url\":\"https:\\\/\\\/informelitoral.com.ar\\\/docentes-y-el-gobierno-reanudan-la-paritaria-salarial-que-piden-agmer-y-amet\\\/\",\"name\":\"Docentes y el gobierno reanudan la paritaria salarial: qu\u00e9 piden AGMER y AMET - Informe Litoral\",\"isPartOf\":{\"@id\":\"https:\\\/\\\/informelitoral.com.ar\\\/#website\"},\"primaryImageOfPage\":{\"@id\":\"https:\\\/\\\/informelitoral.com.ar\\\/docentes-y-el-gobierno-reanudan-la-paritaria-salarial-que-piden-agmer-y-amet\\\/#primaryimage\"},\"image\":{\"@id\":\"https:\\\/\\\/informelitoral.com.ar\\\/docentes-y-el-gobierno-reanudan-la-paritaria-salarial-que-piden-agmer-y-amet\\\/#primaryimage\"},\"thumbnailUrl\":\"https:\\\/\\\/informelitoral.com.ar\\\/%77%70%2d%63%6f%6e%74%65%6e%74\\\/uploads\\\/2023\\\/09\\\/o_1688685072-1.jpg\",\"datePublished\":\"2023-09-05T09:43:02+00:00\",\"dateModified\":\"2023-09-05T18:32:54+00:00\",\"breadcrumb\":{\"@id\":\"https:\\\/\\\/informelitoral.com.ar\\\/docentes-y-el-gobierno-reanudan-la-paritaria-salarial-que-piden-agmer-y-amet\\\/#breadcrumb\"},\"inLanguage\":\"es\",\"potentialAction\":[{\"@type\":\"ReadAction\",\"target\":[\"https:\\\/\\\/informelitoral.com.ar\\\/docentes-y-el-gobierno-reanudan-la-paritaria-salarial-que-piden-agmer-y-amet\\\/\"]}]},{\"@type\":\"ImageObject\",\"inLanguage\":\"es\",\"@id\":\"https:\\\/\\\/informelitoral.com.ar\\\/docentes-y-el-gobierno-reanudan-la-paritaria-salarial-que-piden-agmer-y-amet\\\/#primaryimage\",\"url\":\"https:\\\/\\\/informelitoral.com.ar\\\/%77%70%2d%63%6f%6e%74%65%6e%74\\\/uploads\\\/2023\\\/09\\\/o_1688685072-1.jpg\",\"contentUrl\":\"https:\\\/\\\/informelitoral.com.ar\\\/%77%70%2d%63%6f%6e%74%65%6e%74\\\/uploads\\\/2023\\\/09\\\/o_1688685072-1.jpg\",\"width\":800,\"height\":450},{\"@type\":\"BreadcrumbList\",\"@id\":\"https:\\\/\\\/informelitoral.com.ar\\\/docentes-y-el-gobierno-reanudan-la-paritaria-salarial-que-piden-agmer-y-amet\\\/#breadcrumb\",\"itemListElement\":[{\"@type\":\"ListItem\",\"position\":1,\"name\":\"Portada\",\"item\":\"https:\\\/\\\/informelitoral.com.ar\\\/\"},{\"@type\":\"ListItem\",\"position\":2,\"name\":\"Docentes y el gobierno reanudan la paritaria salarial: qu\u00e9 piden AGMER y AMET\"}]},{\"@type\":\"WebSite\",\"@id\":\"https:\\\/\\\/informelitoral.com.ar\\\/#website\",\"url\":\"https:\\\/\\\/informelitoral.com.ar\\\/\",\"name\":\"Informe Litoral\",\"description\":\"&quot;Nos informamos&quot; \",\"publisher\":{\"@id\":\"https:\\\/\\\/informelitoral.com.ar\\\/#organization\"},\"potentialAction\":[{\"@type\":\"SearchAction\",\"target\":{\"@type\":\"EntryPoint\",\"urlTemplate\":\"https:\\\/\\\/informelitoral.com.ar\\\/?s={search_term_string}\"},\"query-input\":{\"@type\":\"PropertyValueSpecification\",\"valueRequired\":true,\"valueName\":\"search_term_string\"}}],\"inLanguage\":\"es\"},{\"@type\":\"Organization\",\"@id\":\"https:\\\/\\\/informelitoral.com.ar\\\/#organization\",\"name\":\"Informe Litoral\",\"url\":\"https:\\\/\\\/informelitoral.com.ar\\\/\",\"logo\":{\"@type\":\"ImageObject\",\"inLanguage\":\"es\",\"@id\":\"https:\\\/\\\/informelitoral.com.ar\\\/#\\\/schema\\\/logo\\\/image\\\/\",\"url\":\"https:\\\/\\\/informelitoral.com.ar\\\/%77%70%2d%63%6f%6e%74%65%6e%74\\\/uploads\\\/2021\\\/01\\\/circulo.png\",\"contentUrl\":\"https:\\\/\\\/informelitoral.com.ar\\\/%77%70%2d%63%6f%6e%74%65%6e%74\\\/uploads\\\/2021\\\/01\\\/circulo.png\",\"width\":723,\"height\":731,\"caption\":\"Informe Litoral\"},\"image\":{\"@id\":\"https:\\\/\\\/informelitoral.com.ar\\\/#\\\/schema\\\/logo\\\/image\\\/\"},\"sameAs\":[\"https:\\\/\\\/www.facebook.com\\\/informelitoral\\\/\",\"https:\\\/\\\/x.com\\\/InformeLitoral\",\"https:\\\/\\\/www.instagram.com\\\/informelitoral\\\/\",\"https:\\\/\\\/www.youtube.com\\\/channel\\\/UCua4Qvz8Icb6MYqhoq9xLXw\"]},{\"@type\":\"Person\",\"@id\":\"https:\\\/\\\/informelitoral.com.ar\\\/#\\\/schema\\\/person\\\/f05f9f461677119578717524b127d6d5\",\"name\":\"Sebastian\",\"image\":{\"@type\":\"ImageObject\",\"inLanguage\":\"es\",\"@id\":\"https:\\\/\\\/secure.gravatar.com\\\/avatar\\\/b71bf7481d447dfb9583c7f2798e7cc64de6efb9067b74633ed8c31059a3bd82?s=96&d=mm&r=g\",\"url\":\"https:\\\/\\\/secure.gravatar.com\\\/avatar\\\/b71bf7481d447dfb9583c7f2798e7cc64de6efb9067b74633ed8c31059a3bd82?s=96&d=mm&r=g\",\"contentUrl\":\"https:\\\/\\\/secure.gravatar.com\\\/avatar\\\/b71bf7481d447dfb9583c7f2798e7cc64de6efb9067b74633ed8c31059a3bd82?s=96&d=mm&r=g\",\"caption\":\"Sebastian\"},\"url\":\"https:\\\/\\\/informelitoral.com.ar\\\/author\\\/sebastian\\\/\"}]}<\/script>","yoast_head_json":{"title":"Docentes y el gobierno reanudan la paritaria salarial: qu\u00e9 piden AGMER y AMET - Informe Litoral","robots":{"index":"index","follow":"follow","max-snippet":"max-snippet:-1","max-image-preview":"max-image-preview:large","max-video-preview":"max-video-preview:-1"},"canonical":"https:\/\/informelitoral.com.ar\/docentes-y-el-gobierno-reanudan-la-paritaria-salarial-que-piden-agmer-y-amet\/","og_locale":"es_ES","og_type":"article","og_title":"Docentes y el gobierno reanudan la paritaria salarial: qu\u00e9 piden AGMER y AMET - Informe Litoral","og_description":"Agmer solicitar\u00e1 una pauta por encima de la inflaci\u00f3n y adem\u00e1s que se fijen porcentajes de adelanto a cuenta de cada uno de los \u00faltimos meses del 2023. AMET solicitar\u00e1 compensar la diferencia salarial mediante planillas complementarias.","og_url":"https:\/\/informelitoral.com.ar\/docentes-y-el-gobierno-reanudan-la-paritaria-salarial-que-piden-agmer-y-amet\/","og_site_name":"Informe Litoral","article_publisher":"https:\/\/www.facebook.com\/informelitoral\/","article_published_time":"2023-09-05T09:43:02+00:00","article_modified_time":"2023-09-05T18:32:54+00:00","og_image":[{"width":800,"height":450,"url":"https:\/\/informelitoral.com.ar\/%77%70%2d%63%6f%6e%74%65%6e%74\/uploads\/2023\/09\/o_1688685072-1.jpg","type":"image\/jpeg"}],"author":"Sebastian","twitter_card":"summary_large_image","twitter_creator":"@InformeLitoral","twitter_site":"@InformeLitoral","twitter_misc":{"Escrito por":"Sebastian","Tiempo de lectura":"3 minutos"},"schema":{"@context":"https:\/\/schema.org","@graph":[{"@type":"Article","@id":"https:\/\/informelitoral.com.ar\/docentes-y-el-gobierno-reanudan-la-paritaria-salarial-que-piden-agmer-y-amet\/#article","isPartOf":{"@id":"https:\/\/informelitoral.com.ar\/docentes-y-el-gobierno-reanudan-la-paritaria-salarial-que-piden-agmer-y-amet\/"},"author":{"name":"Sebastian","@id":"https:\/\/informelitoral.com.ar\/#\/schema\/person\/f05f9f461677119578717524b127d6d5"},"headline":"Docentes y el gobierno reanudan la paritaria salarial: qu\u00e9 piden AGMER y AMET","datePublished":"2023-09-05T09:43:02+00:00","dateModified":"2023-09-05T18:32:54+00:00","mainEntityOfPage":{"@id":"https:\/\/informelitoral.com.ar\/docentes-y-el-gobierno-reanudan-la-paritaria-salarial-que-piden-agmer-y-amet\/"},"wordCount":563,"commentCount":0,"publisher":{"@id":"https:\/\/informelitoral.com.ar\/#organization"},"image":{"@id":"https:\/\/informelitoral.com.ar\/docentes-y-el-gobierno-reanudan-la-paritaria-salarial-que-piden-agmer-y-amet\/#primaryimage"},"thumbnailUrl":"https:\/\/informelitoral.com.ar\/%77%70%2d%63%6f%6e%74%65%6e%74\/uploads\/2023\/09\/o_1688685072-1.jpg","keywords":["Agmer","Paritaria"],"articleSection":["Entre R\u00edos"],"inLanguage":"es","potentialAction":[{"@type":"CommentAction","name":"Comment","target":["https:\/\/informelitoral.com.ar\/docentes-y-el-gobierno-reanudan-la-paritaria-salarial-que-piden-agmer-y-amet\/#respond"]}]},{"@type":"WebPage","@id":"https:\/\/informelitoral.com.ar\/docentes-y-el-gobierno-reanudan-la-paritaria-salarial-que-piden-agmer-y-amet\/","url":"https:\/\/informelitoral.com.ar\/docentes-y-el-gobierno-reanudan-la-paritaria-salarial-que-piden-agmer-y-amet\/","name":"Docentes y el gobierno reanudan la paritaria salarial: qu\u00e9 piden AGMER y AMET - Informe Litoral","isPartOf":{"@id":"https:\/\/informelitoral.com.ar\/#website"},"primaryImageOfPage":{"@id":"https:\/\/informelitoral.com.ar\/docentes-y-el-gobierno-reanudan-la-paritaria-salarial-que-piden-agmer-y-amet\/#primaryimage"},"image":{"@id":"https:\/\/informelitoral.com.ar\/docentes-y-el-gobierno-reanudan-la-paritaria-salarial-que-piden-agmer-y-amet\/#primaryimage"},"thumbnailUrl":"https:\/\/informelitoral.com.ar\/%77%70%2d%63%6f%6e%74%65%6e%74\/uploads\/2023\/09\/o_1688685072-1.jpg","datePublished":"2023-09-05T09:43:02+00:00","dateModified":"2023-09-05T18:32:54+00:00","breadcrumb":{"@id":"https:\/\/informelitoral.com.ar\/docentes-y-el-gobierno-reanudan-la-paritaria-salarial-que-piden-agmer-y-amet\/#breadcrumb"},"inLanguage":"es","potentialAction":[{"@type":"ReadAction","target":["https:\/\/informelitoral.com.ar\/docentes-y-el-gobierno-reanudan-la-paritaria-salarial-que-piden-agmer-y-amet\/"]}]},{"@type":"ImageObject","inLanguage":"es","@id":"https:\/\/informelitoral.com.ar\/docentes-y-el-gobierno-reanudan-la-paritaria-salarial-que-piden-agmer-y-amet\/#primaryimage","url":"https:\/\/informelitoral.com.ar\/%77%70%2d%63%6f%6e%74%65%6e%74\/uploads\/2023\/09\/o_1688685072-1.jpg","contentUrl":"https:\/\/informelitoral.com.ar\/%77%70%2d%63%6f%6e%74%65%6e%74\/uploads\/2023\/09\/o_1688685072-1.jpg","width":800,"height":450},{"@type":"BreadcrumbList","@id":"https:\/\/informelitoral.com.ar\/docentes-y-el-gobierno-reanudan-la-paritaria-salarial-que-piden-agmer-y-amet\/#breadcrumb","itemListElement":[{"@type":"ListItem","position":1,"name":"Portada","item":"https:\/\/informelitoral.com.ar\/"},{"@type":"ListItem","position":2,"name":"Docentes y el gobierno reanudan la paritaria salarial: qu\u00e9 piden AGMER y AMET"}]},{"@type":"WebSite","@id":"https:\/\/informelitoral.com.ar\/#website","url":"https:\/\/informelitoral.com.ar\/","name":"Informe Litoral","description":"&quot;Nos informamos&quot; ","publisher":{"@id":"https:\/\/informelitoral.com.ar\/#organization"},"potentialAction":[{"@type":"SearchAction","target":{"@type":"EntryPoint","urlTemplate":"https:\/\/informelitoral.com.ar\/?s={search_term_string}"},"query-input":{"@type":"PropertyValueSpecification","valueRequired":true,"valueName":"search_term_string"}}],"inLanguage":"es"},{"@type":"Organization","@id":"https:\/\/informelitoral.com.ar\/#organization","name":"Informe Litoral","url":"https:\/\/informelitoral.com.ar\/","logo":{"@type":"ImageObject","inLanguage":"es","@id":"https:\/\/informelitoral.com.ar\/#\/schema\/logo\/image\/","url":"https:\/\/informelitoral.com.ar\/%77%70%2d%63%6f%6e%74%65%6e%74\/uploads\/2021\/01\/circulo.png","contentUrl":"https:\/\/informelitoral.com.ar\/%77%70%2d%63%6f%6e%74%65%6e%74\/uploads\/2021\/01\/circulo.png","width":723,"height":731,"caption":"Informe Litoral"},"image":{"@id":"https:\/\/informelitoral.com.ar\/#\/schema\/logo\/image\/"},"sameAs":["https:\/\/www.facebook.com\/informelitoral\/","https:\/\/x.com\/InformeLitoral","https:\/\/www.instagram.com\/informelitoral\/","https:\/\/www.youtube.com\/channel\/UCua4Qvz8Icb6MYqhoq9xLXw"]},{"@type":"Person","@id":"https:\/\/informelitoral.com.ar\/#\/schema\/person\/f05f9f461677119578717524b127d6d5","name":"Sebastian","image":{"@type":"ImageObject","inLanguage":"es","@id":"https:\/\/secure.gravatar.com\/avatar\/b71bf7481d447dfb9583c7f2798e7cc64de6efb9067b74633ed8c31059a3bd82?s=96&d=mm&r=g","url":"https:\/\/secure.gravatar.com\/avatar\/b71bf7481d447dfb9583c7f2798e7cc64de6efb9067b74633ed8c31059a3bd82?s=96&d=mm&r=g","contentUrl":"https:\/\/secure.gravatar.com\/avatar\/b71bf7481d447dfb9583c7f2798e7cc64de6efb9067b74633ed8c31059a3bd82?s=96&d=mm&r=g","caption":"Sebastian"},"url":"https:\/\/informelitoral.com.ar\/author\/sebastian\/"}]}},"_links":{"self":[{"href":"https:\/\/informelitoral.com.ar\/%77%70%2d%6a%73%6f%6e\/wp\/v2\/posts\/164569","targetHints":{"allow":["GET"]}}],"collection":[{"href":"https:\/\/informelitoral.com.ar\/%77%70%2d%6a%73%6f%6e\/wp\/v2\/posts"}],"about":[{"href":"https:\/\/informelitoral.com.ar\/%77%70%2d%6a%73%6f%6e\/wp\/v2\/types\/post"}],"author":[{"embeddable":true,"href":"https:\/\/informelitoral.com.ar\/%77%70%2d%6a%73%6f%6e\/wp\/v2\/users\/8"}],"replies":[{"embeddable":true,"href":"https:\/\/informelitoral.com.ar\/%77%70%2d%6a%73%6f%6e\/wp\/v2\/comments?post=164569"}],"version-history":[{"count":0,"href":"https:\/\/informelitoral.com.ar\/%77%70%2d%6a%73%6f%6e\/wp\/v2\/posts\/164569\/revisions"}],"wp:featuredmedia":[{"embeddable":true,"href":"https:\/\/informelitoral.com.ar\/%77%70%2d%6a%73%6f%6e\/wp\/v2\/media\/164571"}],"wp:attachment":[{"href":"https:\/\/informelitoral.com.ar\/%77%70%2d%6a%73%6f%6e\/wp\/v2\/media?parent=164569"}],"wp:term":[{"taxonomy":"category","embeddable":true,"href":"https:\/\/informelitoral.com.ar\/%77%70%2d%6a%73%6f%6e\/wp\/v2\/categories?post=164569"},{"taxonomy":"post_tag","embeddable":true,"href":"https:\/\/informelitoral.com.ar\/%77%70%2d%6a%73%6f%6e\/wp\/v2\/tags?post=164569"}],"curies":[{"name":"wp","href":"https:\/\/api.w.org\/{rel}","templated":true}]}}