{"id":164394,"date":"2023-09-04T10:43:43","date_gmt":"2023-09-04T13:43:43","guid":{"rendered":"https:\/\/www.informelitoral.com.ar\/?p=164394"},"modified":"2023-09-04T20:42:44","modified_gmt":"2023-09-04T23:42:44","slug":"confirman-cambio-en-licencias-de-conducir-que-implica-y-a-quienes-afecta","status":"publish","type":"post","link":"https:\/\/informelitoral.com.ar\/confirman-cambio-en-licencias-de-conducir-que-implica-y-a-quienes-afecta\/","title":{"rendered":"Confirman cambio en licencias de conducir: qu\u00e9 implica y a qui\u00e9nes afecta"},"content":{"rendered":"<p>Se confirmaron nuevos cambios en la Licencia Nacional de Conducir. Esto fue anunciado por la Agencia Nacional de la Seguridad Vial (ANSV) y abarca a transportistas de veh\u00edculos de cargas y pasajeros interjurisdiccionales, y consiste en una modificaci\u00f3n en el proceso de revisi\u00f3n de la licencia de conducir de LiNTI.<\/p>\n<h4><strong>Qu\u00e9 licencias de conducir se ver\u00e1n modificadas<\/strong><\/h4>\n<p>Aquellas personas que tengan una licencia de conducir para transporte de cargas y pasajeros ahora sufrir\u00e1n una modificaci\u00f3n en su Licencia Nacional de Transporte Interjurisdiccional (LiNTI). Este cambio de la Agencia Nacional de la Seguridad Vial (ANSG) fue oficializado por el Gobierno en su Bolet\u00edn Oficial.<\/p>\n<h4><strong>Requisitos para obtener o actualizar la licencia de conducir de LiNTI<\/strong><\/h4>\n<p>Adem\u00e1s de tener m\u00e1s de 21 a\u00f1os, se requiere que los transportistas sepan leer y escribir en su idioma nacional, no tener licencia m\u00e9dica, contar con el \u00faltimo documento nacional de identidad (DNI), y una licencia de conducir acorde al veh\u00edculo que utilizar\u00e1.<\/p>\n<p>A su vez, en necesario haber realizado un examen psicof\u00edsico. Para ello, debe seleccionar un prestador m\u00e9dico por medio de la p\u00e1gina oficial de LiNTI. El mismo debe abonarse con pago unificado de canon y examen mediante Pago F\u00e1cil o Mercado Pago.<\/p>\n<h4><strong>Otros requisitos para conductores de transporte automotor de pasajeros<\/strong><\/h4>\n<p>Adem\u00e1s de los \u00edtems mencionados anteriormente, en este caso hay que presentar un certificado de antecedentes penales del Registro Nacional de Reincidencia que debe ser cargado en el sitio de LiNTI con un c\u00f3digo de solicitud y seguridad.<\/p>\n<p>Si se registran actos procesales en materia penal, las autoridades deber\u00e1n revisarlos, pero no podr\u00e1n avanzar con el tr\u00e1mite hasta obtener la habilitaci\u00f3n, consign\u00f3 Minuto Uno. Sin embargo, desde el organismo se\u00f1alan que \u201cno podr\u00e1n obtener la licencia de LiNTI quienes posean sentencias condenatorias enmarcadas en los delitos mencionados en el art. 8 de la Disposici\u00f3n ANSV N\u00b0 48\/19\u2033.<\/p>\n","protected":false},"excerpt":{"rendered":"<p>La Agencia Nacional de la Seguridad Vial anunci\u00f3 cambios en la licencia de conducir. Conoc\u00e9 todos los detalles y si est\u00e1s comprendido en las modificaciones.<\/p>\n","protected":false},"author":8,"featured_media":159988,"comment_status":"open","ping_status":"open","sticky":false,"template":"","format":"standard","meta":{"fifu_image_url":"","fifu_image_alt":"","footnotes":""},"categories":[7],"tags":[1617],"class_list":{"0":"post-164394","1":"post","2":"type-post","3":"status-publish","4":"format-standard","5":"has-post-thumbnail","7":"category-nacionales","8":"tag-licencia-de-conducir"},"yoast_head":"<title>Confirman cambio en licencias de conducir: qu\u00e9 implica y a qui\u00e9nes afecta - Informe Litoral<\/title>\n<meta name=\"robots\" content=\"index, follow, max-snippet:-1, max-image-preview:large, max-video-preview:-1\" \/>\n<link rel=\"canonical\" href=\"https:\/\/informelitoral.com.ar\/confirman-cambio-en-licencias-de-conducir-que-implica-y-a-quienes-afecta\/\" \/>\n<meta property=\"og:locale\" content=\"es_ES\" \/>\n<meta property=\"og:type\" content=\"article\" \/>\n<meta property=\"og:title\" content=\"Confirman cambio en licencias de conducir: qu\u00e9 implica y a qui\u00e9nes afecta - Informe Litoral\" \/>\n<meta property=\"og:description\" content=\"La Agencia Nacional de la Seguridad Vial anunci\u00f3 cambios en la licencia de conducir. Conoc\u00e9 todos los detalles y si est\u00e1s comprendido en las modificaciones.\" \/>\n<meta property=\"og:url\" content=\"https:\/\/informelitoral.com.ar\/confirman-cambio-en-licencias-de-conducir-que-implica-y-a-quienes-afecta\/\" \/>\n<meta property=\"og:site_name\" content=\"Informe Litoral\" \/>\n<meta property=\"article:publisher\" content=\"https:\/\/www.facebook.com\/informelitoral\/\" \/>\n<meta property=\"article:published_time\" content=\"2023-09-04T13:43:43+00:00\" \/>\n<meta property=\"article:modified_time\" content=\"2023-09-04T23:42:44+00:00\" \/>\n<meta property=\"og:image\" content=\"https:\/\/informelitoral.com.ar\/%77%70%2d%63%6f%6e%74%65%6e%74\/uploads\/2023\/07\/scoring-licencias.webp\" \/>\n\t<meta property=\"og:image:width\" content=\"610\" \/>\n\t<meta property=\"og:image:height\" content=\"457\" \/>\n\t<meta property=\"og:image:type\" content=\"image\/webp\" \/>\n<meta name=\"author\" content=\"Sebastian\" \/>\n<meta name=\"twitter:card\" content=\"summary_large_image\" \/>\n<meta name=\"twitter:creator\" content=\"@InformeLitoral\" \/>\n<meta name=\"twitter:site\" content=\"@InformeLitoral\" \/>\n<meta name=\"twitter:label1\" content=\"Escrito por\" \/>\n\t<meta name=\"twitter:data1\" content=\"Sebastian\" \/>\n\t<meta name=\"twitter:label2\" content=\"Tiempo de lectura\" \/>\n\t<meta name=\"twitter:data2\" content=\"2 minutos\" \/>\n<script type=\"application\/ld+json\" class=\"yoast-schema-graph\">{\"@context\":\"https:\\\/\\\/schema.org\",\"@graph\":[{\"@type\":\"Article\",\"@id\":\"https:\\\/\\\/informelitoral.com.ar\\\/confirman-cambio-en-licencias-de-conducir-que-implica-y-a-quienes-afecta\\\/#article\",\"isPartOf\":{\"@id\":\"https:\\\/\\\/informelitoral.com.ar\\\/confirman-cambio-en-licencias-de-conducir-que-implica-y-a-quienes-afecta\\\/\"},\"author\":{\"name\":\"Sebastian\",\"@id\":\"https:\\\/\\\/informelitoral.com.ar\\\/#\\\/schema\\\/person\\\/f05f9f461677119578717524b127d6d5\"},\"headline\":\"Confirman cambio en licencias de conducir: qu\u00e9 implica y a qui\u00e9nes afecta\",\"datePublished\":\"2023-09-04T13:43:43+00:00\",\"dateModified\":\"2023-09-04T23:42:44+00:00\",\"mainEntityOfPage\":{\"@id\":\"https:\\\/\\\/informelitoral.com.ar\\\/confirman-cambio-en-licencias-de-conducir-que-implica-y-a-quienes-afecta\\\/\"},\"wordCount\":340,\"commentCount\":0,\"publisher\":{\"@id\":\"https:\\\/\\\/informelitoral.com.ar\\\/#organization\"},\"image\":{\"@id\":\"https:\\\/\\\/informelitoral.com.ar\\\/confirman-cambio-en-licencias-de-conducir-que-implica-y-a-quienes-afecta\\\/#primaryimage\"},\"thumbnailUrl\":\"https:\\\/\\\/informelitoral.com.ar\\\/%77%70%2d%63%6f%6e%74%65%6e%74\\\/uploads\\\/2023\\\/07\\\/scoring-licencias.webp\",\"keywords\":[\"Licencia de conducir\"],\"articleSection\":[\"Nacionales\"],\"inLanguage\":\"es\",\"potentialAction\":[{\"@type\":\"CommentAction\",\"name\":\"Comment\",\"target\":[\"https:\\\/\\\/informelitoral.com.ar\\\/confirman-cambio-en-licencias-de-conducir-que-implica-y-a-quienes-afecta\\\/#respond\"]}]},{\"@type\":\"WebPage\",\"@id\":\"https:\\\/\\\/informelitoral.com.ar\\\/confirman-cambio-en-licencias-de-conducir-que-implica-y-a-quienes-afecta\\\/\",\"url\":\"https:\\\/\\\/informelitoral.com.ar\\\/confirman-cambio-en-licencias-de-conducir-que-implica-y-a-quienes-afecta\\\/\",\"name\":\"Confirman cambio en licencias de conducir: qu\u00e9 implica y a qui\u00e9nes afecta - Informe Litoral\",\"isPartOf\":{\"@id\":\"https:\\\/\\\/informelitoral.com.ar\\\/#website\"},\"primaryImageOfPage\":{\"@id\":\"https:\\\/\\\/informelitoral.com.ar\\\/confirman-cambio-en-licencias-de-conducir-que-implica-y-a-quienes-afecta\\\/#primaryimage\"},\"image\":{\"@id\":\"https:\\\/\\\/informelitoral.com.ar\\\/confirman-cambio-en-licencias-de-conducir-que-implica-y-a-quienes-afecta\\\/#primaryimage\"},\"thumbnailUrl\":\"https:\\\/\\\/informelitoral.com.ar\\\/%77%70%2d%63%6f%6e%74%65%6e%74\\\/uploads\\\/2023\\\/07\\\/scoring-licencias.webp\",\"datePublished\":\"2023-09-04T13:43:43+00:00\",\"dateModified\":\"2023-09-04T23:42:44+00:00\",\"breadcrumb\":{\"@id\":\"https:\\\/\\\/informelitoral.com.ar\\\/confirman-cambio-en-licencias-de-conducir-que-implica-y-a-quienes-afecta\\\/#breadcrumb\"},\"inLanguage\":\"es\",\"potentialAction\":[{\"@type\":\"ReadAction\",\"target\":[\"https:\\\/\\\/informelitoral.com.ar\\\/confirman-cambio-en-licencias-de-conducir-que-implica-y-a-quienes-afecta\\\/\"]}]},{\"@type\":\"ImageObject\",\"inLanguage\":\"es\",\"@id\":\"https:\\\/\\\/informelitoral.com.ar\\\/confirman-cambio-en-licencias-de-conducir-que-implica-y-a-quienes-afecta\\\/#primaryimage\",\"url\":\"https:\\\/\\\/informelitoral.com.ar\\\/%77%70%2d%63%6f%6e%74%65%6e%74\\\/uploads\\\/2023\\\/07\\\/scoring-licencias.webp\",\"contentUrl\":\"https:\\\/\\\/informelitoral.com.ar\\\/%77%70%2d%63%6f%6e%74%65%6e%74\\\/uploads\\\/2023\\\/07\\\/scoring-licencias.webp\",\"width\":610,\"height\":457},{\"@type\":\"BreadcrumbList\",\"@id\":\"https:\\\/\\\/informelitoral.com.ar\\\/confirman-cambio-en-licencias-de-conducir-que-implica-y-a-quienes-afecta\\\/#breadcrumb\",\"itemListElement\":[{\"@type\":\"ListItem\",\"position\":1,\"name\":\"Portada\",\"item\":\"https:\\\/\\\/informelitoral.com.ar\\\/\"},{\"@type\":\"ListItem\",\"position\":2,\"name\":\"Confirman cambio en licencias de conducir: qu\u00e9 implica y a qui\u00e9nes afecta\"}]},{\"@type\":\"WebSite\",\"@id\":\"https:\\\/\\\/informelitoral.com.ar\\\/#website\",\"url\":\"https:\\\/\\\/informelitoral.com.ar\\\/\",\"name\":\"Informe Litoral\",\"description\":\"&quot;Nos informamos&quot; \",\"publisher\":{\"@id\":\"https:\\\/\\\/informelitoral.com.ar\\\/#organization\"},\"potentialAction\":[{\"@type\":\"SearchAction\",\"target\":{\"@type\":\"EntryPoint\",\"urlTemplate\":\"https:\\\/\\\/informelitoral.com.ar\\\/?s={search_term_string}\"},\"query-input\":{\"@type\":\"PropertyValueSpecification\",\"valueRequired\":true,\"valueName\":\"search_term_string\"}}],\"inLanguage\":\"es\"},{\"@type\":\"Organization\",\"@id\":\"https:\\\/\\\/informelitoral.com.ar\\\/#organization\",\"name\":\"Informe Litoral\",\"url\":\"https:\\\/\\\/informelitoral.com.ar\\\/\",\"logo\":{\"@type\":\"ImageObject\",\"inLanguage\":\"es\",\"@id\":\"https:\\\/\\\/informelitoral.com.ar\\\/#\\\/schema\\\/logo\\\/image\\\/\",\"url\":\"https:\\\/\\\/informelitoral.com.ar\\\/%77%70%2d%63%6f%6e%74%65%6e%74\\\/uploads\\\/2021\\\/01\\\/circulo.png\",\"contentUrl\":\"https:\\\/\\\/informelitoral.com.ar\\\/%77%70%2d%63%6f%6e%74%65%6e%74\\\/uploads\\\/2021\\\/01\\\/circulo.png\",\"width\":723,\"height\":731,\"caption\":\"Informe Litoral\"},\"image\":{\"@id\":\"https:\\\/\\\/informelitoral.com.ar\\\/#\\\/schema\\\/logo\\\/image\\\/\"},\"sameAs\":[\"https:\\\/\\\/www.facebook.com\\\/informelitoral\\\/\",\"https:\\\/\\\/x.com\\\/InformeLitoral\",\"https:\\\/\\\/www.instagram.com\\\/informelitoral\\\/\",\"https:\\\/\\\/www.youtube.com\\\/channel\\\/UCua4Qvz8Icb6MYqhoq9xLXw\"]},{\"@type\":\"Person\",\"@id\":\"https:\\\/\\\/informelitoral.com.ar\\\/#\\\/schema\\\/person\\\/f05f9f461677119578717524b127d6d5\",\"name\":\"Sebastian\",\"image\":{\"@type\":\"ImageObject\",\"inLanguage\":\"es\",\"@id\":\"https:\\\/\\\/secure.gravatar.com\\\/avatar\\\/b71bf7481d447dfb9583c7f2798e7cc64de6efb9067b74633ed8c31059a3bd82?s=96&d=mm&r=g\",\"url\":\"https:\\\/\\\/secure.gravatar.com\\\/avatar\\\/b71bf7481d447dfb9583c7f2798e7cc64de6efb9067b74633ed8c31059a3bd82?s=96&d=mm&r=g\",\"contentUrl\":\"https:\\\/\\\/secure.gravatar.com\\\/avatar\\\/b71bf7481d447dfb9583c7f2798e7cc64de6efb9067b74633ed8c31059a3bd82?s=96&d=mm&r=g\",\"caption\":\"Sebastian\"},\"url\":\"https:\\\/\\\/informelitoral.com.ar\\\/author\\\/sebastian\\\/\"}]}<\/script>","yoast_head_json":{"title":"Confirman cambio en licencias de conducir: qu\u00e9 implica y a qui\u00e9nes afecta - Informe Litoral","robots":{"index":"index","follow":"follow","max-snippet":"max-snippet:-1","max-image-preview":"max-image-preview:large","max-video-preview":"max-video-preview:-1"},"canonical":"https:\/\/informelitoral.com.ar\/confirman-cambio-en-licencias-de-conducir-que-implica-y-a-quienes-afecta\/","og_locale":"es_ES","og_type":"article","og_title":"Confirman cambio en licencias de conducir: qu\u00e9 implica y a qui\u00e9nes afecta - Informe Litoral","og_description":"La Agencia Nacional de la Seguridad Vial anunci\u00f3 cambios en la licencia de conducir. Conoc\u00e9 todos los detalles y si est\u00e1s comprendido en las modificaciones.","og_url":"https:\/\/informelitoral.com.ar\/confirman-cambio-en-licencias-de-conducir-que-implica-y-a-quienes-afecta\/","og_site_name":"Informe Litoral","article_publisher":"https:\/\/www.facebook.com\/informelitoral\/","article_published_time":"2023-09-04T13:43:43+00:00","article_modified_time":"2023-09-04T23:42:44+00:00","og_image":[{"width":610,"height":457,"url":"https:\/\/informelitoral.com.ar\/%77%70%2d%63%6f%6e%74%65%6e%74\/uploads\/2023\/07\/scoring-licencias.webp","type":"image\/webp"}],"author":"Sebastian","twitter_card":"summary_large_image","twitter_creator":"@InformeLitoral","twitter_site":"@InformeLitoral","twitter_misc":{"Escrito por":"Sebastian","Tiempo de lectura":"2 minutos"},"schema":{"@context":"https:\/\/schema.org","@graph":[{"@type":"Article","@id":"https:\/\/informelitoral.com.ar\/confirman-cambio-en-licencias-de-conducir-que-implica-y-a-quienes-afecta\/#article","isPartOf":{"@id":"https:\/\/informelitoral.com.ar\/confirman-cambio-en-licencias-de-conducir-que-implica-y-a-quienes-afecta\/"},"author":{"name":"Sebastian","@id":"https:\/\/informelitoral.com.ar\/#\/schema\/person\/f05f9f461677119578717524b127d6d5"},"headline":"Confirman cambio en licencias de conducir: qu\u00e9 implica y a qui\u00e9nes afecta","datePublished":"2023-09-04T13:43:43+00:00","dateModified":"2023-09-04T23:42:44+00:00","mainEntityOfPage":{"@id":"https:\/\/informelitoral.com.ar\/confirman-cambio-en-licencias-de-conducir-que-implica-y-a-quienes-afecta\/"},"wordCount":340,"commentCount":0,"publisher":{"@id":"https:\/\/informelitoral.com.ar\/#organization"},"image":{"@id":"https:\/\/informelitoral.com.ar\/confirman-cambio-en-licencias-de-conducir-que-implica-y-a-quienes-afecta\/#primaryimage"},"thumbnailUrl":"https:\/\/informelitoral.com.ar\/%77%70%2d%63%6f%6e%74%65%6e%74\/uploads\/2023\/07\/scoring-licencias.webp","keywords":["Licencia de conducir"],"articleSection":["Nacionales"],"inLanguage":"es","potentialAction":[{"@type":"CommentAction","name":"Comment","target":["https:\/\/informelitoral.com.ar\/confirman-cambio-en-licencias-de-conducir-que-implica-y-a-quienes-afecta\/#respond"]}]},{"@type":"WebPage","@id":"https:\/\/informelitoral.com.ar\/confirman-cambio-en-licencias-de-conducir-que-implica-y-a-quienes-afecta\/","url":"https:\/\/informelitoral.com.ar\/confirman-cambio-en-licencias-de-conducir-que-implica-y-a-quienes-afecta\/","name":"Confirman cambio en licencias de conducir: qu\u00e9 implica y a qui\u00e9nes afecta - Informe Litoral","isPartOf":{"@id":"https:\/\/informelitoral.com.ar\/#website"},"primaryImageOfPage":{"@id":"https:\/\/informelitoral.com.ar\/confirman-cambio-en-licencias-de-conducir-que-implica-y-a-quienes-afecta\/#primaryimage"},"image":{"@id":"https:\/\/informelitoral.com.ar\/confirman-cambio-en-licencias-de-conducir-que-implica-y-a-quienes-afecta\/#primaryimage"},"thumbnailUrl":"https:\/\/informelitoral.com.ar\/%77%70%2d%63%6f%6e%74%65%6e%74\/uploads\/2023\/07\/scoring-licencias.webp","datePublished":"2023-09-04T13:43:43+00:00","dateModified":"2023-09-04T23:42:44+00:00","breadcrumb":{"@id":"https:\/\/informelitoral.com.ar\/confirman-cambio-en-licencias-de-conducir-que-implica-y-a-quienes-afecta\/#breadcrumb"},"inLanguage":"es","potentialAction":[{"@type":"ReadAction","target":["https:\/\/informelitoral.com.ar\/confirman-cambio-en-licencias-de-conducir-que-implica-y-a-quienes-afecta\/"]}]},{"@type":"ImageObject","inLanguage":"es","@id":"https:\/\/informelitoral.com.ar\/confirman-cambio-en-licencias-de-conducir-que-implica-y-a-quienes-afecta\/#primaryimage","url":"https:\/\/informelitoral.com.ar\/%77%70%2d%63%6f%6e%74%65%6e%74\/uploads\/2023\/07\/scoring-licencias.webp","contentUrl":"https:\/\/informelitoral.com.ar\/%77%70%2d%63%6f%6e%74%65%6e%74\/uploads\/2023\/07\/scoring-licencias.webp","width":610,"height":457},{"@type":"BreadcrumbList","@id":"https:\/\/informelitoral.com.ar\/confirman-cambio-en-licencias-de-conducir-que-implica-y-a-quienes-afecta\/#breadcrumb","itemListElement":[{"@type":"ListItem","position":1,"name":"Portada","item":"https:\/\/informelitoral.com.ar\/"},{"@type":"ListItem","position":2,"name":"Confirman cambio en licencias de conducir: qu\u00e9 implica y a qui\u00e9nes afecta"}]},{"@type":"WebSite","@id":"https:\/\/informelitoral.com.ar\/#website","url":"https:\/\/informelitoral.com.ar\/","name":"Informe Litoral","description":"&quot;Nos informamos&quot; ","publisher":{"@id":"https:\/\/informelitoral.com.ar\/#organization"},"potentialAction":[{"@type":"SearchAction","target":{"@type":"EntryPoint","urlTemplate":"https:\/\/informelitoral.com.ar\/?s={search_term_string}"},"query-input":{"@type":"PropertyValueSpecification","valueRequired":true,"valueName":"search_term_string"}}],"inLanguage":"es"},{"@type":"Organization","@id":"https:\/\/informelitoral.com.ar\/#organization","name":"Informe Litoral","url":"https:\/\/informelitoral.com.ar\/","logo":{"@type":"ImageObject","inLanguage":"es","@id":"https:\/\/informelitoral.com.ar\/#\/schema\/logo\/image\/","url":"https:\/\/informelitoral.com.ar\/%77%70%2d%63%6f%6e%74%65%6e%74\/uploads\/2021\/01\/circulo.png","contentUrl":"https:\/\/informelitoral.com.ar\/%77%70%2d%63%6f%6e%74%65%6e%74\/uploads\/2021\/01\/circulo.png","width":723,"height":731,"caption":"Informe Litoral"},"image":{"@id":"https:\/\/informelitoral.com.ar\/#\/schema\/logo\/image\/"},"sameAs":["https:\/\/www.facebook.com\/informelitoral\/","https:\/\/x.com\/InformeLitoral","https:\/\/www.instagram.com\/informelitoral\/","https:\/\/www.youtube.com\/channel\/UCua4Qvz8Icb6MYqhoq9xLXw"]},{"@type":"Person","@id":"https:\/\/informelitoral.com.ar\/#\/schema\/person\/f05f9f461677119578717524b127d6d5","name":"Sebastian","image":{"@type":"ImageObject","inLanguage":"es","@id":"https:\/\/secure.gravatar.com\/avatar\/b71bf7481d447dfb9583c7f2798e7cc64de6efb9067b74633ed8c31059a3bd82?s=96&d=mm&r=g","url":"https:\/\/secure.gravatar.com\/avatar\/b71bf7481d447dfb9583c7f2798e7cc64de6efb9067b74633ed8c31059a3bd82?s=96&d=mm&r=g","contentUrl":"https:\/\/secure.gravatar.com\/avatar\/b71bf7481d447dfb9583c7f2798e7cc64de6efb9067b74633ed8c31059a3bd82?s=96&d=mm&r=g","caption":"Sebastian"},"url":"https:\/\/informelitoral.com.ar\/author\/sebastian\/"}]}},"_links":{"self":[{"href":"https:\/\/informelitoral.com.ar\/%77%70%2d%6a%73%6f%6e\/wp\/v2\/posts\/164394","targetHints":{"allow":["GET"]}}],"collection":[{"href":"https:\/\/informelitoral.com.ar\/%77%70%2d%6a%73%6f%6e\/wp\/v2\/posts"}],"about":[{"href":"https:\/\/informelitoral.com.ar\/%77%70%2d%6a%73%6f%6e\/wp\/v2\/types\/post"}],"author":[{"embeddable":true,"href":"https:\/\/informelitoral.com.ar\/%77%70%2d%6a%73%6f%6e\/wp\/v2\/users\/8"}],"replies":[{"embeddable":true,"href":"https:\/\/informelitoral.com.ar\/%77%70%2d%6a%73%6f%6e\/wp\/v2\/comments?post=164394"}],"version-history":[{"count":0,"href":"https:\/\/informelitoral.com.ar\/%77%70%2d%6a%73%6f%6e\/wp\/v2\/posts\/164394\/revisions"}],"wp:featuredmedia":[{"embeddable":true,"href":"https:\/\/informelitoral.com.ar\/%77%70%2d%6a%73%6f%6e\/wp\/v2\/media\/159988"}],"wp:attachment":[{"href":"https:\/\/informelitoral.com.ar\/%77%70%2d%6a%73%6f%6e\/wp\/v2\/media?parent=164394"}],"wp:term":[{"taxonomy":"category","embeddable":true,"href":"https:\/\/informelitoral.com.ar\/%77%70%2d%6a%73%6f%6e\/wp\/v2\/categories?post=164394"},{"taxonomy":"post_tag","embeddable":true,"href":"https:\/\/informelitoral.com.ar\/%77%70%2d%6a%73%6f%6e\/wp\/v2\/tags?post=164394"}],"curies":[{"name":"wp","href":"https:\/\/api.w.org\/{rel}","templated":true}]}}