{"id":16423,"date":"2016-06-01T19:05:24","date_gmt":"2016-06-01T22:05:24","guid":{"rendered":"http:\/\/www.isletasnoticias.com.ar\/?p=16423"},"modified":"2016-06-01T19:19:33","modified_gmt":"2016-06-01T22:19:33","slug":"isletas-exigen-el-arreglo-del-camino-de-tierra-que-une-la-localidad-con-ramirez","status":"publish","type":"post","link":"https:\/\/informelitoral.com.ar\/isletas-exigen-el-arreglo-del-camino-de-tierra-que-une-la-localidad-con-ramirez\/","title":{"rendered":"Isletas: exigen el arreglo del camino de tierra que une la localidad con Ram\u00edrez"},"content":{"rendered":"<p><strong>Hay tramos pr\u00e1cticamente intransitables desde abril. Vecinos de la zona est\u00e1n indignados y piden soluciones a Vialidad y Junta de Gobierno.<\/strong><\/p>\n<figure id=\"attachment_16424\" aria-describedby=\"caption-attachment-16424\" style=\"width: 576px\" class=\"wp-caption aligncenter\"><a href=\"http:\/\/www.isletasnoticias.com.ar\/%77%70%2d%63%6f%6e%74%65%6e%74\/uploads\/2016\/06\/13319772_225201721198910_8538443434665250239_n.jpg\"><img loading=\"lazy\" decoding=\"async\" class=\"wp-image-16424 size-full\" src=\"http:\/\/www.isletasnoticias.com.ar\/%77%70%2d%63%6f%6e%74%65%6e%74\/uploads\/2016\/06\/13319772_225201721198910_8538443434665250239_n.jpg\" alt=\"13319772_225201721198910_8538443434665250239_n\" width=\"576\" height=\"960\" srcset=\"https:\/\/informelitoral.com.ar\/%77%70%2d%63%6f%6e%74%65%6e%74\/uploads\/2016\/06\/13319772_225201721198910_8538443434665250239_n.jpg 576w, https:\/\/informelitoral.com.ar\/%77%70%2d%63%6f%6e%74%65%6e%74\/uploads\/2016\/06\/13319772_225201721198910_8538443434665250239_n-180x300.jpg 180w\" sizes=\"auto, (max-width: 576px) 100vw, 576px\" \/><\/a><figcaption id=\"caption-attachment-16424\" class=\"wp-caption-text\"><em><strong>Foto:<\/strong> As\u00ed est\u00e1 el camino de tierra que une Isletas con Ram\u00edrez. Cr\u00e9dito: Horacio Erhardt (F)<\/em><\/figcaption><\/figure>\n<p>Todav\u00eda contin\u00faan las secuelas de las intensas precipitaciones registradas en la provincia y un amplio sector del pa\u00eds en el mes de abril.<\/p>\n<p>En la localidad de Isletas, departamento Diamante, al igual que en otras zonas rurales de Entre R\u00edos, el principal problema se encuentra en los caminos de tierra, donde hay sectores que contin\u00faan con serios inconvenientes para el normal tr\u00e1nsito.<\/p>\n<p>El trabajo en conjunto entre la Zonal Diamante de Vialidad y la Junta de Gobierno no alcanza, ya que hay sectores que todav\u00eda esperan una soluci\u00f3n. Uno de ellos es el camino de tierra Isletas &#8211; Ram\u00edrez, m\u00e1s conocido como \u00abCamino de abajo\u00bb, el cual en tramos se encuentra pr\u00e1cticamente intransitable.<\/p>\n<p>La falta de mantenimiento sumada a las vertientes producto de la gran cantidad de agua acumulada en el suelo, hace que haya familias que vean afectado el normal desarrollo de sus actividades, como es el caso de Horacio Erhardt, quien a trav\u00e9s de Facebook en varias oportunidades solicit\u00f3 respuestas a las autoridades que, al menos por el momento, no llegan.<\/p>\n<p>Si bien desde la Junta de Gobierno se gestiona y trabaja\u00a0junto a Vialidad y vecinos, ese sector de la localidad est\u00e1 olvidado. La cantidad de producci\u00f3n y de familias que vive en el lugar es relativamente menor en comparaci\u00f3n con otras zonas, pero son vecinos con igual derecho y que no tienen otra alternativa para transitar, por lo que necesitan respuestas inmediatas. <em>(Gonzalo Schmidt para IN)<\/em><\/p>\n","protected":false},"excerpt":{"rendered":"<p>Hay tramos pr&aacute;cticamente intransitables desde abril. Vecinos de la zona est&aacute;n indignados y piden soluciones a Vialidad y Junta de Gobierno. Todav&iacute;a contin&uacute;an las secuelas de las intensas precipitaciones registradas en la provincia y un amplio sector del pa&iacute;s en el mes de abril. En la localidad de Isletas, departamento Diamante, al igual que en [&hellip;]<\/p>\n","protected":false},"author":2,"featured_media":0,"comment_status":"open","ping_status":"open","sticky":false,"template":"","format":"standard","meta":{"fifu_image_url":"","fifu_image_alt":"","footnotes":""},"categories":[4],"tags":[],"class_list":{"0":"post-16423","1":"post","2":"type-post","3":"status-publish","4":"format-standard","6":"category-locales"},"yoast_head":"<title>Isletas: exigen el arreglo del camino de tierra que une la localidad con Ram\u00edrez - Informe Litoral<\/title>\n<meta name=\"robots\" content=\"index, follow, max-snippet:-1, max-image-preview:large, max-video-preview:-1\" \/>\n<link rel=\"canonical\" href=\"https:\/\/informelitoral.com.ar\/isletas-exigen-el-arreglo-del-camino-de-tierra-que-une-la-localidad-con-ramirez\/\" \/>\n<meta property=\"og:locale\" content=\"es_ES\" \/>\n<meta property=\"og:type\" content=\"article\" \/>\n<meta property=\"og:title\" content=\"Isletas: exigen el arreglo del camino de tierra que une la localidad con Ram\u00edrez - Informe Litoral\" \/>\n<meta property=\"og:description\" content=\"Hay tramos pr&aacute;cticamente intransitables desde abril. Vecinos de la zona est&aacute;n indignados y piden soluciones a Vialidad y Junta de Gobierno. Todav&iacute;a contin&uacute;an las secuelas de las intensas precipitaciones registradas en la provincia y un amplio sector del pa&iacute;s en el mes de abril. En la localidad de Isletas, departamento Diamante, al igual que en [&hellip;]\" \/>\n<meta property=\"og:url\" content=\"https:\/\/informelitoral.com.ar\/isletas-exigen-el-arreglo-del-camino-de-tierra-que-une-la-localidad-con-ramirez\/\" \/>\n<meta property=\"og:site_name\" content=\"Informe Litoral\" \/>\n<meta property=\"article:publisher\" content=\"https:\/\/www.facebook.com\/informelitoral\/\" \/>\n<meta property=\"article:published_time\" content=\"2016-06-01T22:05:24+00:00\" \/>\n<meta property=\"article:modified_time\" content=\"2016-06-01T22:19:33+00:00\" \/>\n<meta property=\"og:image\" content=\"https:\/\/informelitoral.com.ar\/%77%70%2d%63%6f%6e%74%65%6e%74\/uploads\/2016\/06\/13319772_225201721198910_8538443434665250239_n.jpg\" \/>\n\t<meta property=\"og:image:width\" content=\"576\" \/>\n\t<meta property=\"og:image:height\" content=\"960\" \/>\n\t<meta property=\"og:image:type\" content=\"image\/jpeg\" \/>\n<meta name=\"author\" content=\"Gonzalo Schmidt\" \/>\n<meta name=\"twitter:card\" content=\"summary_large_image\" \/>\n<meta name=\"twitter:creator\" content=\"@InformeLitoral\" \/>\n<meta name=\"twitter:site\" content=\"@InformeLitoral\" \/>\n<meta name=\"twitter:label1\" content=\"Escrito por\" \/>\n\t<meta name=\"twitter:data1\" content=\"Gonzalo Schmidt\" \/>\n\t<meta name=\"twitter:label2\" content=\"Tiempo de lectura\" \/>\n\t<meta name=\"twitter:data2\" content=\"2 minutos\" \/>\n<script type=\"application\/ld+json\" class=\"yoast-schema-graph\">{\"@context\":\"https:\\\/\\\/schema.org\",\"@graph\":[{\"@type\":\"Article\",\"@id\":\"https:\\\/\\\/informelitoral.com.ar\\\/isletas-exigen-el-arreglo-del-camino-de-tierra-que-une-la-localidad-con-ramirez\\\/#article\",\"isPartOf\":{\"@id\":\"https:\\\/\\\/informelitoral.com.ar\\\/isletas-exigen-el-arreglo-del-camino-de-tierra-que-une-la-localidad-con-ramirez\\\/\"},\"author\":{\"name\":\"Gonzalo Schmidt\",\"@id\":\"https:\\\/\\\/informelitoral.com.ar\\\/#\\\/schema\\\/person\\\/b9d00407c836482871ef1d57bf8e3180\"},\"headline\":\"Isletas: exigen el arreglo del camino de tierra que une la localidad con Ram\u00edrez\",\"datePublished\":\"2016-06-01T22:05:24+00:00\",\"dateModified\":\"2016-06-01T22:19:33+00:00\",\"mainEntityOfPage\":{\"@id\":\"https:\\\/\\\/informelitoral.com.ar\\\/isletas-exigen-el-arreglo-del-camino-de-tierra-que-une-la-localidad-con-ramirez\\\/\"},\"wordCount\":317,\"commentCount\":0,\"publisher\":{\"@id\":\"https:\\\/\\\/informelitoral.com.ar\\\/#organization\"},\"image\":{\"@id\":\"https:\\\/\\\/informelitoral.com.ar\\\/isletas-exigen-el-arreglo-del-camino-de-tierra-que-une-la-localidad-con-ramirez\\\/#primaryimage\"},\"thumbnailUrl\":\"http:\\\/\\\/www.isletasnoticias.com.ar\\\/%77%70%2d%63%6f%6e%74%65%6e%74\\\/uploads\\\/2016\\\/06\\\/13319772_225201721198910_8538443434665250239_n.jpg\",\"articleSection\":[\"Isletas\"],\"inLanguage\":\"es\",\"potentialAction\":[{\"@type\":\"CommentAction\",\"name\":\"Comment\",\"target\":[\"https:\\\/\\\/informelitoral.com.ar\\\/isletas-exigen-el-arreglo-del-camino-de-tierra-que-une-la-localidad-con-ramirez\\\/#respond\"]}]},{\"@type\":\"WebPage\",\"@id\":\"https:\\\/\\\/informelitoral.com.ar\\\/isletas-exigen-el-arreglo-del-camino-de-tierra-que-une-la-localidad-con-ramirez\\\/\",\"url\":\"https:\\\/\\\/informelitoral.com.ar\\\/isletas-exigen-el-arreglo-del-camino-de-tierra-que-une-la-localidad-con-ramirez\\\/\",\"name\":\"Isletas: exigen el arreglo del camino de tierra que une la localidad con Ram\u00edrez - Informe Litoral\",\"isPartOf\":{\"@id\":\"https:\\\/\\\/informelitoral.com.ar\\\/#website\"},\"primaryImageOfPage\":{\"@id\":\"https:\\\/\\\/informelitoral.com.ar\\\/isletas-exigen-el-arreglo-del-camino-de-tierra-que-une-la-localidad-con-ramirez\\\/#primaryimage\"},\"image\":{\"@id\":\"https:\\\/\\\/informelitoral.com.ar\\\/isletas-exigen-el-arreglo-del-camino-de-tierra-que-une-la-localidad-con-ramirez\\\/#primaryimage\"},\"thumbnailUrl\":\"http:\\\/\\\/www.isletasnoticias.com.ar\\\/%77%70%2d%63%6f%6e%74%65%6e%74\\\/uploads\\\/2016\\\/06\\\/13319772_225201721198910_8538443434665250239_n.jpg\",\"datePublished\":\"2016-06-01T22:05:24+00:00\",\"dateModified\":\"2016-06-01T22:19:33+00:00\",\"breadcrumb\":{\"@id\":\"https:\\\/\\\/informelitoral.com.ar\\\/isletas-exigen-el-arreglo-del-camino-de-tierra-que-une-la-localidad-con-ramirez\\\/#breadcrumb\"},\"inLanguage\":\"es\",\"potentialAction\":[{\"@type\":\"ReadAction\",\"target\":[\"https:\\\/\\\/informelitoral.com.ar\\\/isletas-exigen-el-arreglo-del-camino-de-tierra-que-une-la-localidad-con-ramirez\\\/\"]}]},{\"@type\":\"ImageObject\",\"inLanguage\":\"es\",\"@id\":\"https:\\\/\\\/informelitoral.com.ar\\\/isletas-exigen-el-arreglo-del-camino-de-tierra-que-une-la-localidad-con-ramirez\\\/#primaryimage\",\"url\":\"http:\\\/\\\/www.isletasnoticias.com.ar\\\/%77%70%2d%63%6f%6e%74%65%6e%74\\\/uploads\\\/2016\\\/06\\\/13319772_225201721198910_8538443434665250239_n.jpg\",\"contentUrl\":\"http:\\\/\\\/www.isletasnoticias.com.ar\\\/%77%70%2d%63%6f%6e%74%65%6e%74\\\/uploads\\\/2016\\\/06\\\/13319772_225201721198910_8538443434665250239_n.jpg\"},{\"@type\":\"BreadcrumbList\",\"@id\":\"https:\\\/\\\/informelitoral.com.ar\\\/isletas-exigen-el-arreglo-del-camino-de-tierra-que-une-la-localidad-con-ramirez\\\/#breadcrumb\",\"itemListElement\":[{\"@type\":\"ListItem\",\"position\":1,\"name\":\"Portada\",\"item\":\"https:\\\/\\\/informelitoral.com.ar\\\/\"},{\"@type\":\"ListItem\",\"position\":2,\"name\":\"Isletas: exigen el arreglo del camino de tierra que une la localidad con Ram\u00edrez\"}]},{\"@type\":\"WebSite\",\"@id\":\"https:\\\/\\\/informelitoral.com.ar\\\/#website\",\"url\":\"https:\\\/\\\/informelitoral.com.ar\\\/\",\"name\":\"Informe Litoral\",\"description\":\"&quot;Nos informamos&quot; \",\"publisher\":{\"@id\":\"https:\\\/\\\/informelitoral.com.ar\\\/#organization\"},\"potentialAction\":[{\"@type\":\"SearchAction\",\"target\":{\"@type\":\"EntryPoint\",\"urlTemplate\":\"https:\\\/\\\/informelitoral.com.ar\\\/?s={search_term_string}\"},\"query-input\":{\"@type\":\"PropertyValueSpecification\",\"valueRequired\":true,\"valueName\":\"search_term_string\"}}],\"inLanguage\":\"es\"},{\"@type\":\"Organization\",\"@id\":\"https:\\\/\\\/informelitoral.com.ar\\\/#organization\",\"name\":\"Informe Litoral\",\"url\":\"https:\\\/\\\/informelitoral.com.ar\\\/\",\"logo\":{\"@type\":\"ImageObject\",\"inLanguage\":\"es\",\"@id\":\"https:\\\/\\\/informelitoral.com.ar\\\/#\\\/schema\\\/logo\\\/image\\\/\",\"url\":\"https:\\\/\\\/informelitoral.com.ar\\\/%77%70%2d%63%6f%6e%74%65%6e%74\\\/uploads\\\/2021\\\/01\\\/circulo.png\",\"contentUrl\":\"https:\\\/\\\/informelitoral.com.ar\\\/%77%70%2d%63%6f%6e%74%65%6e%74\\\/uploads\\\/2021\\\/01\\\/circulo.png\",\"width\":723,\"height\":731,\"caption\":\"Informe Litoral\"},\"image\":{\"@id\":\"https:\\\/\\\/informelitoral.com.ar\\\/#\\\/schema\\\/logo\\\/image\\\/\"},\"sameAs\":[\"https:\\\/\\\/www.facebook.com\\\/informelitoral\\\/\",\"https:\\\/\\\/x.com\\\/InformeLitoral\",\"https:\\\/\\\/www.instagram.com\\\/informelitoral\\\/\",\"https:\\\/\\\/www.youtube.com\\\/channel\\\/UCua4Qvz8Icb6MYqhoq9xLXw\"]},{\"@type\":\"Person\",\"@id\":\"https:\\\/\\\/informelitoral.com.ar\\\/#\\\/schema\\\/person\\\/b9d00407c836482871ef1d57bf8e3180\",\"name\":\"Gonzalo Schmidt\",\"image\":{\"@type\":\"ImageObject\",\"inLanguage\":\"es\",\"@id\":\"https:\\\/\\\/secure.gravatar.com\\\/avatar\\\/31a1a7b66ff2de83bd0e9fd79d026630d2d99e55e8bfe501287647b4fd9743de?s=96&d=mm&r=g\",\"url\":\"https:\\\/\\\/secure.gravatar.com\\\/avatar\\\/31a1a7b66ff2de83bd0e9fd79d026630d2d99e55e8bfe501287647b4fd9743de?s=96&d=mm&r=g\",\"contentUrl\":\"https:\\\/\\\/secure.gravatar.com\\\/avatar\\\/31a1a7b66ff2de83bd0e9fd79d026630d2d99e55e8bfe501287647b4fd9743de?s=96&d=mm&r=g\",\"caption\":\"Gonzalo Schmidt\"},\"description\":\"Sitio web de noticias de la provincia de Entre R\u00edos, Argentina. Informaci\u00f3n y entretenimiento. Informe Litoral, nos informamos.\",\"sameAs\":[\"http:\\\/\\\/www.isletasnoticias.com.ar\"],\"url\":\"https:\\\/\\\/informelitoral.com.ar\\\/author\\\/gonzalo\\\/\"}]}<\/script>","yoast_head_json":{"title":"Isletas: exigen el arreglo del camino de tierra que une la localidad con Ram\u00edrez - Informe Litoral","robots":{"index":"index","follow":"follow","max-snippet":"max-snippet:-1","max-image-preview":"max-image-preview:large","max-video-preview":"max-video-preview:-1"},"canonical":"https:\/\/informelitoral.com.ar\/isletas-exigen-el-arreglo-del-camino-de-tierra-que-une-la-localidad-con-ramirez\/","og_locale":"es_ES","og_type":"article","og_title":"Isletas: exigen el arreglo del camino de tierra que une la localidad con Ram\u00edrez - Informe Litoral","og_description":"Hay tramos pr&aacute;cticamente intransitables desde abril. Vecinos de la zona est&aacute;n indignados y piden soluciones a Vialidad y Junta de Gobierno. Todav&iacute;a contin&uacute;an las secuelas de las intensas precipitaciones registradas en la provincia y un amplio sector del pa&iacute;s en el mes de abril. En la localidad de Isletas, departamento Diamante, al igual que en [&hellip;]","og_url":"https:\/\/informelitoral.com.ar\/isletas-exigen-el-arreglo-del-camino-de-tierra-que-une-la-localidad-con-ramirez\/","og_site_name":"Informe Litoral","article_publisher":"https:\/\/www.facebook.com\/informelitoral\/","article_published_time":"2016-06-01T22:05:24+00:00","article_modified_time":"2016-06-01T22:19:33+00:00","og_image":[{"width":576,"height":960,"url":"https:\/\/informelitoral.com.ar\/%77%70%2d%63%6f%6e%74%65%6e%74\/uploads\/2016\/06\/13319772_225201721198910_8538443434665250239_n.jpg","type":"image\/jpeg"}],"author":"Gonzalo Schmidt","twitter_card":"summary_large_image","twitter_creator":"@InformeLitoral","twitter_site":"@InformeLitoral","twitter_misc":{"Escrito por":"Gonzalo Schmidt","Tiempo de lectura":"2 minutos"},"schema":{"@context":"https:\/\/schema.org","@graph":[{"@type":"Article","@id":"https:\/\/informelitoral.com.ar\/isletas-exigen-el-arreglo-del-camino-de-tierra-que-une-la-localidad-con-ramirez\/#article","isPartOf":{"@id":"https:\/\/informelitoral.com.ar\/isletas-exigen-el-arreglo-del-camino-de-tierra-que-une-la-localidad-con-ramirez\/"},"author":{"name":"Gonzalo Schmidt","@id":"https:\/\/informelitoral.com.ar\/#\/schema\/person\/b9d00407c836482871ef1d57bf8e3180"},"headline":"Isletas: exigen el arreglo del camino de tierra que une la localidad con Ram\u00edrez","datePublished":"2016-06-01T22:05:24+00:00","dateModified":"2016-06-01T22:19:33+00:00","mainEntityOfPage":{"@id":"https:\/\/informelitoral.com.ar\/isletas-exigen-el-arreglo-del-camino-de-tierra-que-une-la-localidad-con-ramirez\/"},"wordCount":317,"commentCount":0,"publisher":{"@id":"https:\/\/informelitoral.com.ar\/#organization"},"image":{"@id":"https:\/\/informelitoral.com.ar\/isletas-exigen-el-arreglo-del-camino-de-tierra-que-une-la-localidad-con-ramirez\/#primaryimage"},"thumbnailUrl":"http:\/\/www.isletasnoticias.com.ar\/%77%70%2d%63%6f%6e%74%65%6e%74\/uploads\/2016\/06\/13319772_225201721198910_8538443434665250239_n.jpg","articleSection":["Isletas"],"inLanguage":"es","potentialAction":[{"@type":"CommentAction","name":"Comment","target":["https:\/\/informelitoral.com.ar\/isletas-exigen-el-arreglo-del-camino-de-tierra-que-une-la-localidad-con-ramirez\/#respond"]}]},{"@type":"WebPage","@id":"https:\/\/informelitoral.com.ar\/isletas-exigen-el-arreglo-del-camino-de-tierra-que-une-la-localidad-con-ramirez\/","url":"https:\/\/informelitoral.com.ar\/isletas-exigen-el-arreglo-del-camino-de-tierra-que-une-la-localidad-con-ramirez\/","name":"Isletas: exigen el arreglo del camino de tierra que une la localidad con Ram\u00edrez - Informe Litoral","isPartOf":{"@id":"https:\/\/informelitoral.com.ar\/#website"},"primaryImageOfPage":{"@id":"https:\/\/informelitoral.com.ar\/isletas-exigen-el-arreglo-del-camino-de-tierra-que-une-la-localidad-con-ramirez\/#primaryimage"},"image":{"@id":"https:\/\/informelitoral.com.ar\/isletas-exigen-el-arreglo-del-camino-de-tierra-que-une-la-localidad-con-ramirez\/#primaryimage"},"thumbnailUrl":"http:\/\/www.isletasnoticias.com.ar\/%77%70%2d%63%6f%6e%74%65%6e%74\/uploads\/2016\/06\/13319772_225201721198910_8538443434665250239_n.jpg","datePublished":"2016-06-01T22:05:24+00:00","dateModified":"2016-06-01T22:19:33+00:00","breadcrumb":{"@id":"https:\/\/informelitoral.com.ar\/isletas-exigen-el-arreglo-del-camino-de-tierra-que-une-la-localidad-con-ramirez\/#breadcrumb"},"inLanguage":"es","potentialAction":[{"@type":"ReadAction","target":["https:\/\/informelitoral.com.ar\/isletas-exigen-el-arreglo-del-camino-de-tierra-que-une-la-localidad-con-ramirez\/"]}]},{"@type":"ImageObject","inLanguage":"es","@id":"https:\/\/informelitoral.com.ar\/isletas-exigen-el-arreglo-del-camino-de-tierra-que-une-la-localidad-con-ramirez\/#primaryimage","url":"http:\/\/www.isletasnoticias.com.ar\/%77%70%2d%63%6f%6e%74%65%6e%74\/uploads\/2016\/06\/13319772_225201721198910_8538443434665250239_n.jpg","contentUrl":"http:\/\/www.isletasnoticias.com.ar\/%77%70%2d%63%6f%6e%74%65%6e%74\/uploads\/2016\/06\/13319772_225201721198910_8538443434665250239_n.jpg"},{"@type":"BreadcrumbList","@id":"https:\/\/informelitoral.com.ar\/isletas-exigen-el-arreglo-del-camino-de-tierra-que-une-la-localidad-con-ramirez\/#breadcrumb","itemListElement":[{"@type":"ListItem","position":1,"name":"Portada","item":"https:\/\/informelitoral.com.ar\/"},{"@type":"ListItem","position":2,"name":"Isletas: exigen el arreglo del camino de tierra que une la localidad con Ram\u00edrez"}]},{"@type":"WebSite","@id":"https:\/\/informelitoral.com.ar\/#website","url":"https:\/\/informelitoral.com.ar\/","name":"Informe Litoral","description":"&quot;Nos informamos&quot; ","publisher":{"@id":"https:\/\/informelitoral.com.ar\/#organization"},"potentialAction":[{"@type":"SearchAction","target":{"@type":"EntryPoint","urlTemplate":"https:\/\/informelitoral.com.ar\/?s={search_term_string}"},"query-input":{"@type":"PropertyValueSpecification","valueRequired":true,"valueName":"search_term_string"}}],"inLanguage":"es"},{"@type":"Organization","@id":"https:\/\/informelitoral.com.ar\/#organization","name":"Informe Litoral","url":"https:\/\/informelitoral.com.ar\/","logo":{"@type":"ImageObject","inLanguage":"es","@id":"https:\/\/informelitoral.com.ar\/#\/schema\/logo\/image\/","url":"https:\/\/informelitoral.com.ar\/%77%70%2d%63%6f%6e%74%65%6e%74\/uploads\/2021\/01\/circulo.png","contentUrl":"https:\/\/informelitoral.com.ar\/%77%70%2d%63%6f%6e%74%65%6e%74\/uploads\/2021\/01\/circulo.png","width":723,"height":731,"caption":"Informe Litoral"},"image":{"@id":"https:\/\/informelitoral.com.ar\/#\/schema\/logo\/image\/"},"sameAs":["https:\/\/www.facebook.com\/informelitoral\/","https:\/\/x.com\/InformeLitoral","https:\/\/www.instagram.com\/informelitoral\/","https:\/\/www.youtube.com\/channel\/UCua4Qvz8Icb6MYqhoq9xLXw"]},{"@type":"Person","@id":"https:\/\/informelitoral.com.ar\/#\/schema\/person\/b9d00407c836482871ef1d57bf8e3180","name":"Gonzalo Schmidt","image":{"@type":"ImageObject","inLanguage":"es","@id":"https:\/\/secure.gravatar.com\/avatar\/31a1a7b66ff2de83bd0e9fd79d026630d2d99e55e8bfe501287647b4fd9743de?s=96&d=mm&r=g","url":"https:\/\/secure.gravatar.com\/avatar\/31a1a7b66ff2de83bd0e9fd79d026630d2d99e55e8bfe501287647b4fd9743de?s=96&d=mm&r=g","contentUrl":"https:\/\/secure.gravatar.com\/avatar\/31a1a7b66ff2de83bd0e9fd79d026630d2d99e55e8bfe501287647b4fd9743de?s=96&d=mm&r=g","caption":"Gonzalo Schmidt"},"description":"Sitio web de noticias de la provincia de Entre R\u00edos, Argentina. Informaci\u00f3n y entretenimiento. Informe Litoral, nos informamos.","sameAs":["http:\/\/www.isletasnoticias.com.ar"],"url":"https:\/\/informelitoral.com.ar\/author\/gonzalo\/"}]}},"_links":{"self":[{"href":"https:\/\/informelitoral.com.ar\/%77%70%2d%6a%73%6f%6e\/wp\/v2\/posts\/16423","targetHints":{"allow":["GET"]}}],"collection":[{"href":"https:\/\/informelitoral.com.ar\/%77%70%2d%6a%73%6f%6e\/wp\/v2\/posts"}],"about":[{"href":"https:\/\/informelitoral.com.ar\/%77%70%2d%6a%73%6f%6e\/wp\/v2\/types\/post"}],"author":[{"embeddable":true,"href":"https:\/\/informelitoral.com.ar\/%77%70%2d%6a%73%6f%6e\/wp\/v2\/users\/2"}],"replies":[{"embeddable":true,"href":"https:\/\/informelitoral.com.ar\/%77%70%2d%6a%73%6f%6e\/wp\/v2\/comments?post=16423"}],"version-history":[{"count":0,"href":"https:\/\/informelitoral.com.ar\/%77%70%2d%6a%73%6f%6e\/wp\/v2\/posts\/16423\/revisions"}],"wp:attachment":[{"href":"https:\/\/informelitoral.com.ar\/%77%70%2d%6a%73%6f%6e\/wp\/v2\/media?parent=16423"}],"wp:term":[{"taxonomy":"category","embeddable":true,"href":"https:\/\/informelitoral.com.ar\/%77%70%2d%6a%73%6f%6e\/wp\/v2\/categories?post=16423"},{"taxonomy":"post_tag","embeddable":true,"href":"https:\/\/informelitoral.com.ar\/%77%70%2d%6a%73%6f%6e\/wp\/v2\/tags?post=16423"}],"curies":[{"name":"wp","href":"https:\/\/api.w.org\/{rel}","templated":true}]}}