{"id":16412,"date":"2016-06-01T17:15:50","date_gmt":"2016-06-01T20:15:50","guid":{"rendered":"http:\/\/www.isletasnoticias.com.ar\/?p=16412"},"modified":"2016-06-01T17:57:25","modified_gmt":"2016-06-01T20:57:25","slug":"ambientalistas-advierten-que-la-eliminacion-de-retenciones-promueve-el-desmonte","status":"publish","type":"post","link":"https:\/\/informelitoral.com.ar\/ambientalistas-advierten-que-la-eliminacion-de-retenciones-promueve-el-desmonte\/","title":{"rendered":"Ambientalistas advierten que la eliminaci\u00f3n de retenciones \u00abpromueve el desmonte\u00bb"},"content":{"rendered":"<p><strong>FARN, Greenpeace y Fundaci\u00f3n Vida Silvestre reclamaron al Gobierno que ejecute correctamente la Ley de Bosques. Piden que se asigne la totalidad\u00a0del fondo legalmente previsto para la preservaci\u00f3n de las especies.\u00a0<a href=\"http:\/\/www.isletasnoticias.com.ar\/%77%70%2d%63%6f%6e%74%65%6e%74\/uploads\/2016\/06\/i19333-desmontes-631-apf-digital.jpg\"><img loading=\"lazy\" decoding=\"async\" class=\"aligncenter wp-image-16413 size-full\" src=\"http:\/\/www.isletasnoticias.com.ar\/%77%70%2d%63%6f%6e%74%65%6e%74\/uploads\/2016\/06\/i19333-desmontes-631-apf-digital.jpg\" alt=\"i19333-desmontes-631-apf-digital\" width=\"631\" height=\"280\" srcset=\"https:\/\/informelitoral.com.ar\/%77%70%2d%63%6f%6e%74%65%6e%74\/uploads\/2016\/06\/i19333-desmontes-631-apf-digital.jpg 631w, https:\/\/informelitoral.com.ar\/%77%70%2d%63%6f%6e%74%65%6e%74\/uploads\/2016\/06\/i19333-desmontes-631-apf-digital-300x133.jpg 300w\" sizes=\"auto, (max-width: 631px) 100vw, 631px\" \/><\/a><\/strong><\/p>\n<p>La Fundaci\u00f3n Ambiente y Recursos Naturales (FARN), Greenpeace Argentina y Fundaci\u00f3n Vida Silvestre Argentina solicitaron formalmente al Poder Ejecutivo que el Proyecto de Ley de Presupuesto Nacional 2017 incluya el financiamiento necesario para la constituci\u00f3n plena del Fondo Nacional para el Enriquecimiento y la Conservaci\u00f3n de los Bosques Nativos legalmente previsto.<\/p>\n<p>\u201cEl Gobierno nacional tiene la responsabilidad de implementar la Ley de Bosques y asignar el total del fondo legalmente previsto, dando as\u00ed una clara se\u00f1al a la sociedad argentina de la importancia que debe tener como pol\u00edtica de Estado la conservaci\u00f3n y uso sustentable de la biodiversidad y los servicios ecosist\u00e9micos para el bienestar de las generaciones presentes y futuras\u00bb, manifestaron la FARN, Greenpeace y Fundaci\u00f3n Vida Silvestre.<\/p>\n<p>\u00abEntre 2010 y 2015 se otorgaron 1.239 millones de pesos para la conservaci\u00f3n de los bosques nativos en vez de los 14.750 millones correspondientes\u00bb, se\u00f1alaron las asociaciones mediante un comunicado de prensa, public\u00f3 <em>Infocampo.\u00a0<\/em><\/p>\n<p>\u00abLa recepci\u00f3n plena de los fondos previstos por la Ley 26.331, por parte de las diferentes jurisdicciones que sancionaron sus leyes de Ordenamiento Territorial de Bosques Nativos es un derecho insoslayable que debe ser cumplido en un esquema Federal\u00bb, indicaron.<\/p>\n<p>\u00abCon el adecuado financiamiento, las autoridades de aplicaci\u00f3n provinciales podr\u00e1n cumplir con las compensaciones a los titulares de las tierras de bosques nativos que realicen tareas de conservaci\u00f3n y uso sustentable, y fomentar la realizaci\u00f3n de actividades productivas sustentables por parte de los campesinos y comunidades ind\u00edgenas que habitan los bosques\u00bb, agregaron.<\/p>\n<p>\u00abLas recientes reducciones y quitas de retenciones al sector agr\u00edcola, promover\u00e1n una mayor demanda de tierras para los cultivos orientados a la exportaci\u00f3n con la consecuente presi\u00f3n sobre los bosques\u00bb, apuntaron las asociaciones ambientalistas.<\/p>\n<p>\u00abLa conservaci\u00f3n y uso sustentable de los bosques nativos depender\u00e1 de la real capacidad de las jurisdicciones de pugnar por el cumplimiento de las leyes de Ordenamiento Territorial de los Bosques Nativos. Esta capacidad de monitoreo, control y sanci\u00f3n de las infracciones a la Ley debe ser fortalecida con el 30% de los fondos de la Ley de Bosques previstos para tal fin\u00bb, a\u00f1adieron.<\/p>\n","protected":false},"excerpt":{"rendered":"<p>FARN, Greenpeace y Fundaci&oacute;n Vida Silvestre reclamaron al Gobierno que ejecute correctamente la Ley de Bosques. Piden que se asigne la totalidad&nbsp;del fondo legalmente previsto para la preservaci&oacute;n de las especies.&nbsp; La Fundaci&oacute;n Ambiente y Recursos Naturales (FARN), Greenpeace Argentina y Fundaci&oacute;n Vida Silvestre Argentina solicitaron formalmente al Poder Ejecutivo que el Proyecto de Ley [&hellip;]<\/p>\n","protected":false},"author":2,"featured_media":0,"comment_status":"open","ping_status":"open","sticky":false,"template":"","format":"standard","meta":{"fifu_image_url":"","fifu_image_alt":"","footnotes":""},"categories":[10,16],"tags":[],"class_list":{"0":"post-16412","1":"post","2":"type-post","3":"status-publish","4":"format-standard","6":"category-campo","7":"category-politi"},"yoast_head":"<title>Ambientalistas advierten que la eliminaci\u00f3n de retenciones &quot;promueve el desmonte&quot; - Informe Litoral<\/title>\n<meta name=\"robots\" content=\"index, follow, max-snippet:-1, max-image-preview:large, max-video-preview:-1\" \/>\n<link rel=\"canonical\" href=\"https:\/\/informelitoral.com.ar\/ambientalistas-advierten-que-la-eliminacion-de-retenciones-promueve-el-desmonte\/\" \/>\n<meta property=\"og:locale\" content=\"es_ES\" \/>\n<meta property=\"og:type\" content=\"article\" \/>\n<meta property=\"og:title\" content=\"Ambientalistas advierten que la eliminaci\u00f3n de retenciones &quot;promueve el desmonte&quot; - Informe Litoral\" \/>\n<meta property=\"og:description\" content=\"FARN, Greenpeace y Fundaci&oacute;n Vida Silvestre reclamaron al Gobierno que ejecute correctamente la Ley de Bosques. Piden que se asigne la totalidad&nbsp;del fondo legalmente previsto para la preservaci&oacute;n de las especies.&nbsp; La Fundaci&oacute;n Ambiente y Recursos Naturales (FARN), Greenpeace Argentina y Fundaci&oacute;n Vida Silvestre Argentina solicitaron formalmente al Poder Ejecutivo que el Proyecto de Ley [&hellip;]\" \/>\n<meta property=\"og:url\" content=\"https:\/\/informelitoral.com.ar\/ambientalistas-advierten-que-la-eliminacion-de-retenciones-promueve-el-desmonte\/\" \/>\n<meta property=\"og:site_name\" content=\"Informe Litoral\" \/>\n<meta property=\"article:publisher\" content=\"https:\/\/www.facebook.com\/informelitoral\/\" \/>\n<meta property=\"article:published_time\" content=\"2016-06-01T20:15:50+00:00\" \/>\n<meta property=\"article:modified_time\" content=\"2016-06-01T20:57:25+00:00\" \/>\n<meta property=\"og:image\" content=\"https:\/\/informelitoral.com.ar\/%77%70%2d%63%6f%6e%74%65%6e%74\/uploads\/2016\/06\/i19333-desmontes-631-apf-digital.jpg\" \/>\n\t<meta property=\"og:image:width\" content=\"631\" \/>\n\t<meta property=\"og:image:height\" content=\"280\" \/>\n\t<meta property=\"og:image:type\" content=\"image\/jpeg\" \/>\n<meta name=\"author\" content=\"Gonzalo Schmidt\" \/>\n<meta name=\"twitter:card\" content=\"summary_large_image\" \/>\n<meta name=\"twitter:creator\" content=\"@InformeLitoral\" \/>\n<meta name=\"twitter:site\" content=\"@InformeLitoral\" \/>\n<meta name=\"twitter:label1\" content=\"Escrito por\" \/>\n\t<meta name=\"twitter:data1\" content=\"Gonzalo Schmidt\" \/>\n\t<meta name=\"twitter:label2\" content=\"Tiempo de lectura\" \/>\n\t<meta name=\"twitter:data2\" content=\"2 minutos\" \/>\n<script type=\"application\/ld+json\" class=\"yoast-schema-graph\">{\"@context\":\"https:\\\/\\\/schema.org\",\"@graph\":[{\"@type\":\"Article\",\"@id\":\"https:\\\/\\\/informelitoral.com.ar\\\/ambientalistas-advierten-que-la-eliminacion-de-retenciones-promueve-el-desmonte\\\/#article\",\"isPartOf\":{\"@id\":\"https:\\\/\\\/informelitoral.com.ar\\\/ambientalistas-advierten-que-la-eliminacion-de-retenciones-promueve-el-desmonte\\\/\"},\"author\":{\"name\":\"Gonzalo Schmidt\",\"@id\":\"https:\\\/\\\/informelitoral.com.ar\\\/#\\\/schema\\\/person\\\/b9d00407c836482871ef1d57bf8e3180\"},\"headline\":\"Ambientalistas advierten que la eliminaci\u00f3n de retenciones \u00abpromueve el desmonte\u00bb\",\"datePublished\":\"2016-06-01T20:15:50+00:00\",\"dateModified\":\"2016-06-01T20:57:25+00:00\",\"mainEntityOfPage\":{\"@id\":\"https:\\\/\\\/informelitoral.com.ar\\\/ambientalistas-advierten-que-la-eliminacion-de-retenciones-promueve-el-desmonte\\\/\"},\"wordCount\":405,\"commentCount\":0,\"publisher\":{\"@id\":\"https:\\\/\\\/informelitoral.com.ar\\\/#organization\"},\"image\":{\"@id\":\"https:\\\/\\\/informelitoral.com.ar\\\/ambientalistas-advierten-que-la-eliminacion-de-retenciones-promueve-el-desmonte\\\/#primaryimage\"},\"thumbnailUrl\":\"http:\\\/\\\/www.isletasnoticias.com.ar\\\/%77%70%2d%63%6f%6e%74%65%6e%74\\\/uploads\\\/2016\\\/06\\\/i19333-desmontes-631-apf-digital.jpg\",\"articleSection\":[\"Campo\",\"Politica\"],\"inLanguage\":\"es\",\"potentialAction\":[{\"@type\":\"CommentAction\",\"name\":\"Comment\",\"target\":[\"https:\\\/\\\/informelitoral.com.ar\\\/ambientalistas-advierten-que-la-eliminacion-de-retenciones-promueve-el-desmonte\\\/#respond\"]}]},{\"@type\":\"WebPage\",\"@id\":\"https:\\\/\\\/informelitoral.com.ar\\\/ambientalistas-advierten-que-la-eliminacion-de-retenciones-promueve-el-desmonte\\\/\",\"url\":\"https:\\\/\\\/informelitoral.com.ar\\\/ambientalistas-advierten-que-la-eliminacion-de-retenciones-promueve-el-desmonte\\\/\",\"name\":\"Ambientalistas advierten que la eliminaci\u00f3n de retenciones \\\"promueve el desmonte\\\" - Informe Litoral\",\"isPartOf\":{\"@id\":\"https:\\\/\\\/informelitoral.com.ar\\\/#website\"},\"primaryImageOfPage\":{\"@id\":\"https:\\\/\\\/informelitoral.com.ar\\\/ambientalistas-advierten-que-la-eliminacion-de-retenciones-promueve-el-desmonte\\\/#primaryimage\"},\"image\":{\"@id\":\"https:\\\/\\\/informelitoral.com.ar\\\/ambientalistas-advierten-que-la-eliminacion-de-retenciones-promueve-el-desmonte\\\/#primaryimage\"},\"thumbnailUrl\":\"http:\\\/\\\/www.isletasnoticias.com.ar\\\/%77%70%2d%63%6f%6e%74%65%6e%74\\\/uploads\\\/2016\\\/06\\\/i19333-desmontes-631-apf-digital.jpg\",\"datePublished\":\"2016-06-01T20:15:50+00:00\",\"dateModified\":\"2016-06-01T20:57:25+00:00\",\"breadcrumb\":{\"@id\":\"https:\\\/\\\/informelitoral.com.ar\\\/ambientalistas-advierten-que-la-eliminacion-de-retenciones-promueve-el-desmonte\\\/#breadcrumb\"},\"inLanguage\":\"es\",\"potentialAction\":[{\"@type\":\"ReadAction\",\"target\":[\"https:\\\/\\\/informelitoral.com.ar\\\/ambientalistas-advierten-que-la-eliminacion-de-retenciones-promueve-el-desmonte\\\/\"]}]},{\"@type\":\"ImageObject\",\"inLanguage\":\"es\",\"@id\":\"https:\\\/\\\/informelitoral.com.ar\\\/ambientalistas-advierten-que-la-eliminacion-de-retenciones-promueve-el-desmonte\\\/#primaryimage\",\"url\":\"http:\\\/\\\/www.isletasnoticias.com.ar\\\/%77%70%2d%63%6f%6e%74%65%6e%74\\\/uploads\\\/2016\\\/06\\\/i19333-desmontes-631-apf-digital.jpg\",\"contentUrl\":\"http:\\\/\\\/www.isletasnoticias.com.ar\\\/%77%70%2d%63%6f%6e%74%65%6e%74\\\/uploads\\\/2016\\\/06\\\/i19333-desmontes-631-apf-digital.jpg\"},{\"@type\":\"BreadcrumbList\",\"@id\":\"https:\\\/\\\/informelitoral.com.ar\\\/ambientalistas-advierten-que-la-eliminacion-de-retenciones-promueve-el-desmonte\\\/#breadcrumb\",\"itemListElement\":[{\"@type\":\"ListItem\",\"position\":1,\"name\":\"Portada\",\"item\":\"https:\\\/\\\/informelitoral.com.ar\\\/\"},{\"@type\":\"ListItem\",\"position\":2,\"name\":\"Ambientalistas advierten que la eliminaci\u00f3n de retenciones \u00abpromueve el desmonte\u00bb\"}]},{\"@type\":\"WebSite\",\"@id\":\"https:\\\/\\\/informelitoral.com.ar\\\/#website\",\"url\":\"https:\\\/\\\/informelitoral.com.ar\\\/\",\"name\":\"Informe Litoral\",\"description\":\"&quot;Nos informamos&quot; \",\"publisher\":{\"@id\":\"https:\\\/\\\/informelitoral.com.ar\\\/#organization\"},\"potentialAction\":[{\"@type\":\"SearchAction\",\"target\":{\"@type\":\"EntryPoint\",\"urlTemplate\":\"https:\\\/\\\/informelitoral.com.ar\\\/?s={search_term_string}\"},\"query-input\":{\"@type\":\"PropertyValueSpecification\",\"valueRequired\":true,\"valueName\":\"search_term_string\"}}],\"inLanguage\":\"es\"},{\"@type\":\"Organization\",\"@id\":\"https:\\\/\\\/informelitoral.com.ar\\\/#organization\",\"name\":\"Informe Litoral\",\"url\":\"https:\\\/\\\/informelitoral.com.ar\\\/\",\"logo\":{\"@type\":\"ImageObject\",\"inLanguage\":\"es\",\"@id\":\"https:\\\/\\\/informelitoral.com.ar\\\/#\\\/schema\\\/logo\\\/image\\\/\",\"url\":\"https:\\\/\\\/informelitoral.com.ar\\\/%77%70%2d%63%6f%6e%74%65%6e%74\\\/uploads\\\/2021\\\/01\\\/circulo.png\",\"contentUrl\":\"https:\\\/\\\/informelitoral.com.ar\\\/%77%70%2d%63%6f%6e%74%65%6e%74\\\/uploads\\\/2021\\\/01\\\/circulo.png\",\"width\":723,\"height\":731,\"caption\":\"Informe Litoral\"},\"image\":{\"@id\":\"https:\\\/\\\/informelitoral.com.ar\\\/#\\\/schema\\\/logo\\\/image\\\/\"},\"sameAs\":[\"https:\\\/\\\/www.facebook.com\\\/informelitoral\\\/\",\"https:\\\/\\\/x.com\\\/InformeLitoral\",\"https:\\\/\\\/www.instagram.com\\\/informelitoral\\\/\",\"https:\\\/\\\/www.youtube.com\\\/channel\\\/UCua4Qvz8Icb6MYqhoq9xLXw\"]},{\"@type\":\"Person\",\"@id\":\"https:\\\/\\\/informelitoral.com.ar\\\/#\\\/schema\\\/person\\\/b9d00407c836482871ef1d57bf8e3180\",\"name\":\"Gonzalo Schmidt\",\"image\":{\"@type\":\"ImageObject\",\"inLanguage\":\"es\",\"@id\":\"https:\\\/\\\/secure.gravatar.com\\\/avatar\\\/31a1a7b66ff2de83bd0e9fd79d026630d2d99e55e8bfe501287647b4fd9743de?s=96&d=mm&r=g\",\"url\":\"https:\\\/\\\/secure.gravatar.com\\\/avatar\\\/31a1a7b66ff2de83bd0e9fd79d026630d2d99e55e8bfe501287647b4fd9743de?s=96&d=mm&r=g\",\"contentUrl\":\"https:\\\/\\\/secure.gravatar.com\\\/avatar\\\/31a1a7b66ff2de83bd0e9fd79d026630d2d99e55e8bfe501287647b4fd9743de?s=96&d=mm&r=g\",\"caption\":\"Gonzalo Schmidt\"},\"description\":\"Sitio web de noticias de la provincia de Entre R\u00edos, Argentina. Informaci\u00f3n y entretenimiento. Informe Litoral, nos informamos.\",\"sameAs\":[\"http:\\\/\\\/www.isletasnoticias.com.ar\"],\"url\":\"https:\\\/\\\/informelitoral.com.ar\\\/author\\\/gonzalo\\\/\"}]}<\/script>","yoast_head_json":{"title":"Ambientalistas advierten que la eliminaci\u00f3n de retenciones \"promueve el desmonte\" - Informe Litoral","robots":{"index":"index","follow":"follow","max-snippet":"max-snippet:-1","max-image-preview":"max-image-preview:large","max-video-preview":"max-video-preview:-1"},"canonical":"https:\/\/informelitoral.com.ar\/ambientalistas-advierten-que-la-eliminacion-de-retenciones-promueve-el-desmonte\/","og_locale":"es_ES","og_type":"article","og_title":"Ambientalistas advierten que la eliminaci\u00f3n de retenciones \"promueve el desmonte\" - Informe Litoral","og_description":"FARN, Greenpeace y Fundaci&oacute;n Vida Silvestre reclamaron al Gobierno que ejecute correctamente la Ley de Bosques. Piden que se asigne la totalidad&nbsp;del fondo legalmente previsto para la preservaci&oacute;n de las especies.&nbsp; La Fundaci&oacute;n Ambiente y Recursos Naturales (FARN), Greenpeace Argentina y Fundaci&oacute;n Vida Silvestre Argentina solicitaron formalmente al Poder Ejecutivo que el Proyecto de Ley [&hellip;]","og_url":"https:\/\/informelitoral.com.ar\/ambientalistas-advierten-que-la-eliminacion-de-retenciones-promueve-el-desmonte\/","og_site_name":"Informe Litoral","article_publisher":"https:\/\/www.facebook.com\/informelitoral\/","article_published_time":"2016-06-01T20:15:50+00:00","article_modified_time":"2016-06-01T20:57:25+00:00","og_image":[{"width":631,"height":280,"url":"https:\/\/informelitoral.com.ar\/%77%70%2d%63%6f%6e%74%65%6e%74\/uploads\/2016\/06\/i19333-desmontes-631-apf-digital.jpg","type":"image\/jpeg"}],"author":"Gonzalo Schmidt","twitter_card":"summary_large_image","twitter_creator":"@InformeLitoral","twitter_site":"@InformeLitoral","twitter_misc":{"Escrito por":"Gonzalo Schmidt","Tiempo de lectura":"2 minutos"},"schema":{"@context":"https:\/\/schema.org","@graph":[{"@type":"Article","@id":"https:\/\/informelitoral.com.ar\/ambientalistas-advierten-que-la-eliminacion-de-retenciones-promueve-el-desmonte\/#article","isPartOf":{"@id":"https:\/\/informelitoral.com.ar\/ambientalistas-advierten-que-la-eliminacion-de-retenciones-promueve-el-desmonte\/"},"author":{"name":"Gonzalo Schmidt","@id":"https:\/\/informelitoral.com.ar\/#\/schema\/person\/b9d00407c836482871ef1d57bf8e3180"},"headline":"Ambientalistas advierten que la eliminaci\u00f3n de retenciones \u00abpromueve el desmonte\u00bb","datePublished":"2016-06-01T20:15:50+00:00","dateModified":"2016-06-01T20:57:25+00:00","mainEntityOfPage":{"@id":"https:\/\/informelitoral.com.ar\/ambientalistas-advierten-que-la-eliminacion-de-retenciones-promueve-el-desmonte\/"},"wordCount":405,"commentCount":0,"publisher":{"@id":"https:\/\/informelitoral.com.ar\/#organization"},"image":{"@id":"https:\/\/informelitoral.com.ar\/ambientalistas-advierten-que-la-eliminacion-de-retenciones-promueve-el-desmonte\/#primaryimage"},"thumbnailUrl":"http:\/\/www.isletasnoticias.com.ar\/%77%70%2d%63%6f%6e%74%65%6e%74\/uploads\/2016\/06\/i19333-desmontes-631-apf-digital.jpg","articleSection":["Campo","Politica"],"inLanguage":"es","potentialAction":[{"@type":"CommentAction","name":"Comment","target":["https:\/\/informelitoral.com.ar\/ambientalistas-advierten-que-la-eliminacion-de-retenciones-promueve-el-desmonte\/#respond"]}]},{"@type":"WebPage","@id":"https:\/\/informelitoral.com.ar\/ambientalistas-advierten-que-la-eliminacion-de-retenciones-promueve-el-desmonte\/","url":"https:\/\/informelitoral.com.ar\/ambientalistas-advierten-que-la-eliminacion-de-retenciones-promueve-el-desmonte\/","name":"Ambientalistas advierten que la eliminaci\u00f3n de retenciones \"promueve el desmonte\" - Informe Litoral","isPartOf":{"@id":"https:\/\/informelitoral.com.ar\/#website"},"primaryImageOfPage":{"@id":"https:\/\/informelitoral.com.ar\/ambientalistas-advierten-que-la-eliminacion-de-retenciones-promueve-el-desmonte\/#primaryimage"},"image":{"@id":"https:\/\/informelitoral.com.ar\/ambientalistas-advierten-que-la-eliminacion-de-retenciones-promueve-el-desmonte\/#primaryimage"},"thumbnailUrl":"http:\/\/www.isletasnoticias.com.ar\/%77%70%2d%63%6f%6e%74%65%6e%74\/uploads\/2016\/06\/i19333-desmontes-631-apf-digital.jpg","datePublished":"2016-06-01T20:15:50+00:00","dateModified":"2016-06-01T20:57:25+00:00","breadcrumb":{"@id":"https:\/\/informelitoral.com.ar\/ambientalistas-advierten-que-la-eliminacion-de-retenciones-promueve-el-desmonte\/#breadcrumb"},"inLanguage":"es","potentialAction":[{"@type":"ReadAction","target":["https:\/\/informelitoral.com.ar\/ambientalistas-advierten-que-la-eliminacion-de-retenciones-promueve-el-desmonte\/"]}]},{"@type":"ImageObject","inLanguage":"es","@id":"https:\/\/informelitoral.com.ar\/ambientalistas-advierten-que-la-eliminacion-de-retenciones-promueve-el-desmonte\/#primaryimage","url":"http:\/\/www.isletasnoticias.com.ar\/%77%70%2d%63%6f%6e%74%65%6e%74\/uploads\/2016\/06\/i19333-desmontes-631-apf-digital.jpg","contentUrl":"http:\/\/www.isletasnoticias.com.ar\/%77%70%2d%63%6f%6e%74%65%6e%74\/uploads\/2016\/06\/i19333-desmontes-631-apf-digital.jpg"},{"@type":"BreadcrumbList","@id":"https:\/\/informelitoral.com.ar\/ambientalistas-advierten-que-la-eliminacion-de-retenciones-promueve-el-desmonte\/#breadcrumb","itemListElement":[{"@type":"ListItem","position":1,"name":"Portada","item":"https:\/\/informelitoral.com.ar\/"},{"@type":"ListItem","position":2,"name":"Ambientalistas advierten que la eliminaci\u00f3n de retenciones \u00abpromueve el desmonte\u00bb"}]},{"@type":"WebSite","@id":"https:\/\/informelitoral.com.ar\/#website","url":"https:\/\/informelitoral.com.ar\/","name":"Informe Litoral","description":"&quot;Nos informamos&quot; ","publisher":{"@id":"https:\/\/informelitoral.com.ar\/#organization"},"potentialAction":[{"@type":"SearchAction","target":{"@type":"EntryPoint","urlTemplate":"https:\/\/informelitoral.com.ar\/?s={search_term_string}"},"query-input":{"@type":"PropertyValueSpecification","valueRequired":true,"valueName":"search_term_string"}}],"inLanguage":"es"},{"@type":"Organization","@id":"https:\/\/informelitoral.com.ar\/#organization","name":"Informe Litoral","url":"https:\/\/informelitoral.com.ar\/","logo":{"@type":"ImageObject","inLanguage":"es","@id":"https:\/\/informelitoral.com.ar\/#\/schema\/logo\/image\/","url":"https:\/\/informelitoral.com.ar\/%77%70%2d%63%6f%6e%74%65%6e%74\/uploads\/2021\/01\/circulo.png","contentUrl":"https:\/\/informelitoral.com.ar\/%77%70%2d%63%6f%6e%74%65%6e%74\/uploads\/2021\/01\/circulo.png","width":723,"height":731,"caption":"Informe Litoral"},"image":{"@id":"https:\/\/informelitoral.com.ar\/#\/schema\/logo\/image\/"},"sameAs":["https:\/\/www.facebook.com\/informelitoral\/","https:\/\/x.com\/InformeLitoral","https:\/\/www.instagram.com\/informelitoral\/","https:\/\/www.youtube.com\/channel\/UCua4Qvz8Icb6MYqhoq9xLXw"]},{"@type":"Person","@id":"https:\/\/informelitoral.com.ar\/#\/schema\/person\/b9d00407c836482871ef1d57bf8e3180","name":"Gonzalo Schmidt","image":{"@type":"ImageObject","inLanguage":"es","@id":"https:\/\/secure.gravatar.com\/avatar\/31a1a7b66ff2de83bd0e9fd79d026630d2d99e55e8bfe501287647b4fd9743de?s=96&d=mm&r=g","url":"https:\/\/secure.gravatar.com\/avatar\/31a1a7b66ff2de83bd0e9fd79d026630d2d99e55e8bfe501287647b4fd9743de?s=96&d=mm&r=g","contentUrl":"https:\/\/secure.gravatar.com\/avatar\/31a1a7b66ff2de83bd0e9fd79d026630d2d99e55e8bfe501287647b4fd9743de?s=96&d=mm&r=g","caption":"Gonzalo Schmidt"},"description":"Sitio web de noticias de la provincia de Entre R\u00edos, Argentina. Informaci\u00f3n y entretenimiento. Informe Litoral, nos informamos.","sameAs":["http:\/\/www.isletasnoticias.com.ar"],"url":"https:\/\/informelitoral.com.ar\/author\/gonzalo\/"}]}},"_links":{"self":[{"href":"https:\/\/informelitoral.com.ar\/%77%70%2d%6a%73%6f%6e\/wp\/v2\/posts\/16412","targetHints":{"allow":["GET"]}}],"collection":[{"href":"https:\/\/informelitoral.com.ar\/%77%70%2d%6a%73%6f%6e\/wp\/v2\/posts"}],"about":[{"href":"https:\/\/informelitoral.com.ar\/%77%70%2d%6a%73%6f%6e\/wp\/v2\/types\/post"}],"author":[{"embeddable":true,"href":"https:\/\/informelitoral.com.ar\/%77%70%2d%6a%73%6f%6e\/wp\/v2\/users\/2"}],"replies":[{"embeddable":true,"href":"https:\/\/informelitoral.com.ar\/%77%70%2d%6a%73%6f%6e\/wp\/v2\/comments?post=16412"}],"version-history":[{"count":0,"href":"https:\/\/informelitoral.com.ar\/%77%70%2d%6a%73%6f%6e\/wp\/v2\/posts\/16412\/revisions"}],"wp:attachment":[{"href":"https:\/\/informelitoral.com.ar\/%77%70%2d%6a%73%6f%6e\/wp\/v2\/media?parent=16412"}],"wp:term":[{"taxonomy":"category","embeddable":true,"href":"https:\/\/informelitoral.com.ar\/%77%70%2d%6a%73%6f%6e\/wp\/v2\/categories?post=16412"},{"taxonomy":"post_tag","embeddable":true,"href":"https:\/\/informelitoral.com.ar\/%77%70%2d%6a%73%6f%6e\/wp\/v2\/tags?post=16412"}],"curies":[{"name":"wp","href":"https:\/\/api.w.org\/{rel}","templated":true}]}}