{"id":16409,"date":"2016-06-01T17:02:37","date_gmt":"2016-06-01T20:02:37","guid":{"rendered":"http:\/\/www.isletasnoticias.com.ar\/?p=16409"},"modified":"2016-06-01T17:02:37","modified_gmt":"2016-06-01T20:02:37","slug":"continuan-trabajando-para-optimizar-el-servicio-de-transporte-escolar-rural","status":"publish","type":"post","link":"https:\/\/informelitoral.com.ar\/continuan-trabajando-para-optimizar-el-servicio-de-transporte-escolar-rural\/","title":{"rendered":"Contin\u00faan trabajando para optimizar el servicio de transporte escolar rural"},"content":{"rendered":"<p><strong>El Instituto Aut\u00e1rquico Becario Provincial contin\u00faa con el proceso de optimizaci\u00f3n del servicio de Transporte Escolar Rural, sistema que fue traspasado al organismo en febrero \u00faltimo. En ese marco, se realizan reuniones en distintos lugares de la provincia y se ha dado soluci\u00f3n a una situaci\u00f3n reglamentaria en Villa Elisa. Este jueves habr\u00e1 un encuentro en San Salvador para avanzar en un acuerdo que beneficie a los estudiantes.<a href=\"http:\/\/www.isletasnoticias.com.ar\/%77%70%2d%63%6f%6e%74%65%6e%74\/uploads\/2016\/06\/b_1464793004.jpg\"><img loading=\"lazy\" decoding=\"async\" class=\"aligncenter wp-image-16410 size-full\" src=\"http:\/\/www.isletasnoticias.com.ar\/%77%70%2d%63%6f%6e%74%65%6e%74\/uploads\/2016\/06\/b_1464793004.jpg\" alt=\"b_1464793004\" width=\"492\" height=\"277\" srcset=\"https:\/\/informelitoral.com.ar\/%77%70%2d%63%6f%6e%74%65%6e%74\/uploads\/2016\/06\/b_1464793004.jpg 492w, https:\/\/informelitoral.com.ar\/%77%70%2d%63%6f%6e%74%65%6e%74\/uploads\/2016\/06\/b_1464793004-300x169.jpg 300w\" sizes=\"auto, (max-width: 492px) 100vw, 492px\" \/><\/a><\/strong><\/p>\n<p>Despu\u00e9s de recorrer la provincia con encuentros informativos, el Instituto avanza en la resoluci\u00f3n de todos los casos. La gran mayor\u00eda de los prestadores del servicio, ya percibieron el pago del del mes de marzo, como se hab\u00eda acordado con cada uno de ellos en la recorrida provincial. De la misma manera, se estima que el cronograma de abril se iniciar\u00e1 la pr\u00f3xima semana.<\/p>\n<p>En cuanto a casos puntuales, el equipo recibi\u00f3 una inquietud de la Escuela Integral N\u00ba 29 Centenario, de Villa Elisa, ya que estudiantes con discapacidad asisten al establecimiento educativo en remis, con una partida presupuestaria que el Consejo General de Educaci\u00f3n cubri\u00f3 hasta 2015. Esta escuela no est\u00e1 contemplada en el listado que recibi\u00f3 el Becario en el marco del Transporte Escolar Rural, pero la situaci\u00f3n reglamentaria se abord\u00f3 con todas las partes para encontrar una pronta soluci\u00f3n.<\/p>\n<p>Para ello, la directora ejecutiva del Instituto, <strong>Mayda Cresto<\/strong>, se reuni\u00f3 con el intendente de Villa Elisa, Leandro Arribalzaga, con quien \u201cacordamos un trabajo en conjunto para garantizar la escolaridad de los alumnos. La situaci\u00f3n ameritaba una disposici\u00f3n distinta y por la buena voluntad de todos pudimos acordar de qu\u00e9 manera se cubrir\u00e1 la inversi\u00f3n del Estado para que los alumnos contin\u00faen con su recorrido acad\u00e9mico\u201d, explic\u00f3 Cresto.<\/p>\n<p>\u201cLa empresa que provee el servicio ya recibi\u00f3 la informaci\u00f3n correspondiente para seguir haciendo ese recorrido; los padres, alumnos y docentes cuentan con la tranquilidad de que el gobierno provincial y municipal abordaron juntos la situaci\u00f3n para darle una pronta soluci\u00f3n\u201d, dijo.<\/p>\n<p><strong>Este jueves en San Salvador<\/strong><br \/>\nLa directora del Becario, el senador departamental Lucas Larrarte y la directora departamental de San Salvador, Norma Stehle, estar\u00e1n este jueves en la escuela N\u00ba 155 Jos\u00e9 Hernandez, de Colonia La Perla.<\/p>\n<p>Dicho establecimiento cuenta con Transporte Escolar Rural pero por cuestiones reglamentarias no pudo percibir lo correspondiente al mes de marzo, como el resto de los prestadores de la provincia. Por ello, desde la instituci\u00f3n educativa se comunicaron con la Departamental de Escuelas y el Becario para buscar una pronta definici\u00f3n.<\/p>\n<p>Por tal motivo, este jueves, a las 10.30, fue convocada una reuni\u00f3n de trabajo donde participar\u00e1n todas las partes involucradas para analizar documentaci\u00f3n, kil\u00f3metros, irregularidades, y as\u00ed alcanzar una r\u00e1pida resoluci\u00f3n que garantice la escolaridad de los alumnos.<\/p>\n","protected":false},"excerpt":{"rendered":"<p>El Instituto Aut&aacute;rquico Becario Provincial contin&uacute;a con el proceso de optimizaci&oacute;n del servicio de Transporte Escolar Rural, sistema que fue traspasado al organismo en febrero &uacute;ltimo. En ese marco, se realizan reuniones en distintos lugares de la provincia y se ha dado soluci&oacute;n a una situaci&oacute;n reglamentaria en Villa Elisa. Este jueves habr&aacute; un encuentro [&hellip;]<\/p>\n","protected":false},"author":2,"featured_media":0,"comment_status":"open","ping_status":"open","sticky":false,"template":"","format":"standard","meta":{"fifu_image_url":"","fifu_image_alt":"","footnotes":""},"categories":[6],"tags":[],"class_list":{"0":"post-16409","1":"post","2":"type-post","3":"status-publish","4":"format-standard","6":"category-entre-rios"},"yoast_head":"<title>Contin\u00faan trabajando para optimizar el servicio de transporte escolar rural - Informe Litoral<\/title>\n<meta name=\"robots\" content=\"index, follow, max-snippet:-1, max-image-preview:large, max-video-preview:-1\" \/>\n<link rel=\"canonical\" href=\"https:\/\/informelitoral.com.ar\/continuan-trabajando-para-optimizar-el-servicio-de-transporte-escolar-rural\/\" \/>\n<meta property=\"og:locale\" content=\"es_ES\" \/>\n<meta property=\"og:type\" content=\"article\" \/>\n<meta property=\"og:title\" content=\"Contin\u00faan trabajando para optimizar el servicio de transporte escolar rural - Informe Litoral\" \/>\n<meta property=\"og:description\" content=\"El Instituto Aut&aacute;rquico Becario Provincial contin&uacute;a con el proceso de optimizaci&oacute;n del servicio de Transporte Escolar Rural, sistema que fue traspasado al organismo en febrero &uacute;ltimo. En ese marco, se realizan reuniones en distintos lugares de la provincia y se ha dado soluci&oacute;n a una situaci&oacute;n reglamentaria en Villa Elisa. Este jueves habr&aacute; un encuentro [&hellip;]\" \/>\n<meta property=\"og:url\" content=\"https:\/\/informelitoral.com.ar\/continuan-trabajando-para-optimizar-el-servicio-de-transporte-escolar-rural\/\" \/>\n<meta property=\"og:site_name\" content=\"Informe Litoral\" \/>\n<meta property=\"article:publisher\" content=\"https:\/\/www.facebook.com\/informelitoral\/\" \/>\n<meta property=\"article:published_time\" content=\"2016-06-01T20:02:37+00:00\" \/>\n<meta property=\"og:image\" content=\"https:\/\/informelitoral.com.ar\/%77%70%2d%63%6f%6e%74%65%6e%74\/uploads\/2016\/06\/b_1464793004.jpg\" \/>\n\t<meta property=\"og:image:width\" content=\"492\" \/>\n\t<meta property=\"og:image:height\" content=\"277\" \/>\n\t<meta property=\"og:image:type\" content=\"image\/jpeg\" \/>\n<meta name=\"author\" content=\"Gonzalo Schmidt\" \/>\n<meta name=\"twitter:card\" content=\"summary_large_image\" \/>\n<meta name=\"twitter:creator\" content=\"@InformeLitoral\" \/>\n<meta name=\"twitter:site\" content=\"@InformeLitoral\" \/>\n<meta name=\"twitter:label1\" content=\"Escrito por\" \/>\n\t<meta name=\"twitter:data1\" content=\"Gonzalo Schmidt\" \/>\n\t<meta name=\"twitter:label2\" content=\"Tiempo de lectura\" \/>\n\t<meta name=\"twitter:data2\" content=\"2 minutos\" \/>\n<script type=\"application\/ld+json\" class=\"yoast-schema-graph\">{\"@context\":\"https:\\\/\\\/schema.org\",\"@graph\":[{\"@type\":\"Article\",\"@id\":\"https:\\\/\\\/informelitoral.com.ar\\\/continuan-trabajando-para-optimizar-el-servicio-de-transporte-escolar-rural\\\/#article\",\"isPartOf\":{\"@id\":\"https:\\\/\\\/informelitoral.com.ar\\\/continuan-trabajando-para-optimizar-el-servicio-de-transporte-escolar-rural\\\/\"},\"author\":{\"name\":\"Gonzalo Schmidt\",\"@id\":\"https:\\\/\\\/informelitoral.com.ar\\\/#\\\/schema\\\/person\\\/b9d00407c836482871ef1d57bf8e3180\"},\"headline\":\"Contin\u00faan trabajando para optimizar el servicio de transporte escolar rural\",\"datePublished\":\"2016-06-01T20:02:37+00:00\",\"mainEntityOfPage\":{\"@id\":\"https:\\\/\\\/informelitoral.com.ar\\\/continuan-trabajando-para-optimizar-el-servicio-de-transporte-escolar-rural\\\/\"},\"wordCount\":482,\"commentCount\":0,\"publisher\":{\"@id\":\"https:\\\/\\\/informelitoral.com.ar\\\/#organization\"},\"image\":{\"@id\":\"https:\\\/\\\/informelitoral.com.ar\\\/continuan-trabajando-para-optimizar-el-servicio-de-transporte-escolar-rural\\\/#primaryimage\"},\"thumbnailUrl\":\"http:\\\/\\\/www.isletasnoticias.com.ar\\\/%77%70%2d%63%6f%6e%74%65%6e%74\\\/uploads\\\/2016\\\/06\\\/b_1464793004.jpg\",\"articleSection\":[\"Entre R\u00edos\"],\"inLanguage\":\"es\",\"potentialAction\":[{\"@type\":\"CommentAction\",\"name\":\"Comment\",\"target\":[\"https:\\\/\\\/informelitoral.com.ar\\\/continuan-trabajando-para-optimizar-el-servicio-de-transporte-escolar-rural\\\/#respond\"]}]},{\"@type\":\"WebPage\",\"@id\":\"https:\\\/\\\/informelitoral.com.ar\\\/continuan-trabajando-para-optimizar-el-servicio-de-transporte-escolar-rural\\\/\",\"url\":\"https:\\\/\\\/informelitoral.com.ar\\\/continuan-trabajando-para-optimizar-el-servicio-de-transporte-escolar-rural\\\/\",\"name\":\"Contin\u00faan trabajando para optimizar el servicio de transporte escolar rural - Informe Litoral\",\"isPartOf\":{\"@id\":\"https:\\\/\\\/informelitoral.com.ar\\\/#website\"},\"primaryImageOfPage\":{\"@id\":\"https:\\\/\\\/informelitoral.com.ar\\\/continuan-trabajando-para-optimizar-el-servicio-de-transporte-escolar-rural\\\/#primaryimage\"},\"image\":{\"@id\":\"https:\\\/\\\/informelitoral.com.ar\\\/continuan-trabajando-para-optimizar-el-servicio-de-transporte-escolar-rural\\\/#primaryimage\"},\"thumbnailUrl\":\"http:\\\/\\\/www.isletasnoticias.com.ar\\\/%77%70%2d%63%6f%6e%74%65%6e%74\\\/uploads\\\/2016\\\/06\\\/b_1464793004.jpg\",\"datePublished\":\"2016-06-01T20:02:37+00:00\",\"breadcrumb\":{\"@id\":\"https:\\\/\\\/informelitoral.com.ar\\\/continuan-trabajando-para-optimizar-el-servicio-de-transporte-escolar-rural\\\/#breadcrumb\"},\"inLanguage\":\"es\",\"potentialAction\":[{\"@type\":\"ReadAction\",\"target\":[\"https:\\\/\\\/informelitoral.com.ar\\\/continuan-trabajando-para-optimizar-el-servicio-de-transporte-escolar-rural\\\/\"]}]},{\"@type\":\"ImageObject\",\"inLanguage\":\"es\",\"@id\":\"https:\\\/\\\/informelitoral.com.ar\\\/continuan-trabajando-para-optimizar-el-servicio-de-transporte-escolar-rural\\\/#primaryimage\",\"url\":\"http:\\\/\\\/www.isletasnoticias.com.ar\\\/%77%70%2d%63%6f%6e%74%65%6e%74\\\/uploads\\\/2016\\\/06\\\/b_1464793004.jpg\",\"contentUrl\":\"http:\\\/\\\/www.isletasnoticias.com.ar\\\/%77%70%2d%63%6f%6e%74%65%6e%74\\\/uploads\\\/2016\\\/06\\\/b_1464793004.jpg\"},{\"@type\":\"BreadcrumbList\",\"@id\":\"https:\\\/\\\/informelitoral.com.ar\\\/continuan-trabajando-para-optimizar-el-servicio-de-transporte-escolar-rural\\\/#breadcrumb\",\"itemListElement\":[{\"@type\":\"ListItem\",\"position\":1,\"name\":\"Portada\",\"item\":\"https:\\\/\\\/informelitoral.com.ar\\\/\"},{\"@type\":\"ListItem\",\"position\":2,\"name\":\"Contin\u00faan trabajando para optimizar el servicio de transporte escolar rural\"}]},{\"@type\":\"WebSite\",\"@id\":\"https:\\\/\\\/informelitoral.com.ar\\\/#website\",\"url\":\"https:\\\/\\\/informelitoral.com.ar\\\/\",\"name\":\"Informe Litoral\",\"description\":\"&quot;Nos informamos&quot; \",\"publisher\":{\"@id\":\"https:\\\/\\\/informelitoral.com.ar\\\/#organization\"},\"potentialAction\":[{\"@type\":\"SearchAction\",\"target\":{\"@type\":\"EntryPoint\",\"urlTemplate\":\"https:\\\/\\\/informelitoral.com.ar\\\/?s={search_term_string}\"},\"query-input\":{\"@type\":\"PropertyValueSpecification\",\"valueRequired\":true,\"valueName\":\"search_term_string\"}}],\"inLanguage\":\"es\"},{\"@type\":\"Organization\",\"@id\":\"https:\\\/\\\/informelitoral.com.ar\\\/#organization\",\"name\":\"Informe Litoral\",\"url\":\"https:\\\/\\\/informelitoral.com.ar\\\/\",\"logo\":{\"@type\":\"ImageObject\",\"inLanguage\":\"es\",\"@id\":\"https:\\\/\\\/informelitoral.com.ar\\\/#\\\/schema\\\/logo\\\/image\\\/\",\"url\":\"https:\\\/\\\/informelitoral.com.ar\\\/%77%70%2d%63%6f%6e%74%65%6e%74\\\/uploads\\\/2021\\\/01\\\/circulo.png\",\"contentUrl\":\"https:\\\/\\\/informelitoral.com.ar\\\/%77%70%2d%63%6f%6e%74%65%6e%74\\\/uploads\\\/2021\\\/01\\\/circulo.png\",\"width\":723,\"height\":731,\"caption\":\"Informe Litoral\"},\"image\":{\"@id\":\"https:\\\/\\\/informelitoral.com.ar\\\/#\\\/schema\\\/logo\\\/image\\\/\"},\"sameAs\":[\"https:\\\/\\\/www.facebook.com\\\/informelitoral\\\/\",\"https:\\\/\\\/x.com\\\/InformeLitoral\",\"https:\\\/\\\/www.instagram.com\\\/informelitoral\\\/\",\"https:\\\/\\\/www.youtube.com\\\/channel\\\/UCua4Qvz8Icb6MYqhoq9xLXw\"]},{\"@type\":\"Person\",\"@id\":\"https:\\\/\\\/informelitoral.com.ar\\\/#\\\/schema\\\/person\\\/b9d00407c836482871ef1d57bf8e3180\",\"name\":\"Gonzalo Schmidt\",\"image\":{\"@type\":\"ImageObject\",\"inLanguage\":\"es\",\"@id\":\"https:\\\/\\\/secure.gravatar.com\\\/avatar\\\/31a1a7b66ff2de83bd0e9fd79d026630d2d99e55e8bfe501287647b4fd9743de?s=96&d=mm&r=g\",\"url\":\"https:\\\/\\\/secure.gravatar.com\\\/avatar\\\/31a1a7b66ff2de83bd0e9fd79d026630d2d99e55e8bfe501287647b4fd9743de?s=96&d=mm&r=g\",\"contentUrl\":\"https:\\\/\\\/secure.gravatar.com\\\/avatar\\\/31a1a7b66ff2de83bd0e9fd79d026630d2d99e55e8bfe501287647b4fd9743de?s=96&d=mm&r=g\",\"caption\":\"Gonzalo Schmidt\"},\"description\":\"Sitio web de noticias de la provincia de Entre R\u00edos, Argentina. Informaci\u00f3n y entretenimiento. Informe Litoral, nos informamos.\",\"sameAs\":[\"http:\\\/\\\/www.isletasnoticias.com.ar\"],\"url\":\"https:\\\/\\\/informelitoral.com.ar\\\/author\\\/gonzalo\\\/\"}]}<\/script>","yoast_head_json":{"title":"Contin\u00faan trabajando para optimizar el servicio de transporte escolar rural - Informe Litoral","robots":{"index":"index","follow":"follow","max-snippet":"max-snippet:-1","max-image-preview":"max-image-preview:large","max-video-preview":"max-video-preview:-1"},"canonical":"https:\/\/informelitoral.com.ar\/continuan-trabajando-para-optimizar-el-servicio-de-transporte-escolar-rural\/","og_locale":"es_ES","og_type":"article","og_title":"Contin\u00faan trabajando para optimizar el servicio de transporte escolar rural - Informe Litoral","og_description":"El Instituto Aut&aacute;rquico Becario Provincial contin&uacute;a con el proceso de optimizaci&oacute;n del servicio de Transporte Escolar Rural, sistema que fue traspasado al organismo en febrero &uacute;ltimo. En ese marco, se realizan reuniones en distintos lugares de la provincia y se ha dado soluci&oacute;n a una situaci&oacute;n reglamentaria en Villa Elisa. Este jueves habr&aacute; un encuentro [&hellip;]","og_url":"https:\/\/informelitoral.com.ar\/continuan-trabajando-para-optimizar-el-servicio-de-transporte-escolar-rural\/","og_site_name":"Informe Litoral","article_publisher":"https:\/\/www.facebook.com\/informelitoral\/","article_published_time":"2016-06-01T20:02:37+00:00","og_image":[{"width":492,"height":277,"url":"https:\/\/informelitoral.com.ar\/%77%70%2d%63%6f%6e%74%65%6e%74\/uploads\/2016\/06\/b_1464793004.jpg","type":"image\/jpeg"}],"author":"Gonzalo Schmidt","twitter_card":"summary_large_image","twitter_creator":"@InformeLitoral","twitter_site":"@InformeLitoral","twitter_misc":{"Escrito por":"Gonzalo Schmidt","Tiempo de lectura":"2 minutos"},"schema":{"@context":"https:\/\/schema.org","@graph":[{"@type":"Article","@id":"https:\/\/informelitoral.com.ar\/continuan-trabajando-para-optimizar-el-servicio-de-transporte-escolar-rural\/#article","isPartOf":{"@id":"https:\/\/informelitoral.com.ar\/continuan-trabajando-para-optimizar-el-servicio-de-transporte-escolar-rural\/"},"author":{"name":"Gonzalo Schmidt","@id":"https:\/\/informelitoral.com.ar\/#\/schema\/person\/b9d00407c836482871ef1d57bf8e3180"},"headline":"Contin\u00faan trabajando para optimizar el servicio de transporte escolar rural","datePublished":"2016-06-01T20:02:37+00:00","mainEntityOfPage":{"@id":"https:\/\/informelitoral.com.ar\/continuan-trabajando-para-optimizar-el-servicio-de-transporte-escolar-rural\/"},"wordCount":482,"commentCount":0,"publisher":{"@id":"https:\/\/informelitoral.com.ar\/#organization"},"image":{"@id":"https:\/\/informelitoral.com.ar\/continuan-trabajando-para-optimizar-el-servicio-de-transporte-escolar-rural\/#primaryimage"},"thumbnailUrl":"http:\/\/www.isletasnoticias.com.ar\/%77%70%2d%63%6f%6e%74%65%6e%74\/uploads\/2016\/06\/b_1464793004.jpg","articleSection":["Entre R\u00edos"],"inLanguage":"es","potentialAction":[{"@type":"CommentAction","name":"Comment","target":["https:\/\/informelitoral.com.ar\/continuan-trabajando-para-optimizar-el-servicio-de-transporte-escolar-rural\/#respond"]}]},{"@type":"WebPage","@id":"https:\/\/informelitoral.com.ar\/continuan-trabajando-para-optimizar-el-servicio-de-transporte-escolar-rural\/","url":"https:\/\/informelitoral.com.ar\/continuan-trabajando-para-optimizar-el-servicio-de-transporte-escolar-rural\/","name":"Contin\u00faan trabajando para optimizar el servicio de transporte escolar rural - Informe Litoral","isPartOf":{"@id":"https:\/\/informelitoral.com.ar\/#website"},"primaryImageOfPage":{"@id":"https:\/\/informelitoral.com.ar\/continuan-trabajando-para-optimizar-el-servicio-de-transporte-escolar-rural\/#primaryimage"},"image":{"@id":"https:\/\/informelitoral.com.ar\/continuan-trabajando-para-optimizar-el-servicio-de-transporte-escolar-rural\/#primaryimage"},"thumbnailUrl":"http:\/\/www.isletasnoticias.com.ar\/%77%70%2d%63%6f%6e%74%65%6e%74\/uploads\/2016\/06\/b_1464793004.jpg","datePublished":"2016-06-01T20:02:37+00:00","breadcrumb":{"@id":"https:\/\/informelitoral.com.ar\/continuan-trabajando-para-optimizar-el-servicio-de-transporte-escolar-rural\/#breadcrumb"},"inLanguage":"es","potentialAction":[{"@type":"ReadAction","target":["https:\/\/informelitoral.com.ar\/continuan-trabajando-para-optimizar-el-servicio-de-transporte-escolar-rural\/"]}]},{"@type":"ImageObject","inLanguage":"es","@id":"https:\/\/informelitoral.com.ar\/continuan-trabajando-para-optimizar-el-servicio-de-transporte-escolar-rural\/#primaryimage","url":"http:\/\/www.isletasnoticias.com.ar\/%77%70%2d%63%6f%6e%74%65%6e%74\/uploads\/2016\/06\/b_1464793004.jpg","contentUrl":"http:\/\/www.isletasnoticias.com.ar\/%77%70%2d%63%6f%6e%74%65%6e%74\/uploads\/2016\/06\/b_1464793004.jpg"},{"@type":"BreadcrumbList","@id":"https:\/\/informelitoral.com.ar\/continuan-trabajando-para-optimizar-el-servicio-de-transporte-escolar-rural\/#breadcrumb","itemListElement":[{"@type":"ListItem","position":1,"name":"Portada","item":"https:\/\/informelitoral.com.ar\/"},{"@type":"ListItem","position":2,"name":"Contin\u00faan trabajando para optimizar el servicio de transporte escolar rural"}]},{"@type":"WebSite","@id":"https:\/\/informelitoral.com.ar\/#website","url":"https:\/\/informelitoral.com.ar\/","name":"Informe Litoral","description":"&quot;Nos informamos&quot; ","publisher":{"@id":"https:\/\/informelitoral.com.ar\/#organization"},"potentialAction":[{"@type":"SearchAction","target":{"@type":"EntryPoint","urlTemplate":"https:\/\/informelitoral.com.ar\/?s={search_term_string}"},"query-input":{"@type":"PropertyValueSpecification","valueRequired":true,"valueName":"search_term_string"}}],"inLanguage":"es"},{"@type":"Organization","@id":"https:\/\/informelitoral.com.ar\/#organization","name":"Informe Litoral","url":"https:\/\/informelitoral.com.ar\/","logo":{"@type":"ImageObject","inLanguage":"es","@id":"https:\/\/informelitoral.com.ar\/#\/schema\/logo\/image\/","url":"https:\/\/informelitoral.com.ar\/%77%70%2d%63%6f%6e%74%65%6e%74\/uploads\/2021\/01\/circulo.png","contentUrl":"https:\/\/informelitoral.com.ar\/%77%70%2d%63%6f%6e%74%65%6e%74\/uploads\/2021\/01\/circulo.png","width":723,"height":731,"caption":"Informe Litoral"},"image":{"@id":"https:\/\/informelitoral.com.ar\/#\/schema\/logo\/image\/"},"sameAs":["https:\/\/www.facebook.com\/informelitoral\/","https:\/\/x.com\/InformeLitoral","https:\/\/www.instagram.com\/informelitoral\/","https:\/\/www.youtube.com\/channel\/UCua4Qvz8Icb6MYqhoq9xLXw"]},{"@type":"Person","@id":"https:\/\/informelitoral.com.ar\/#\/schema\/person\/b9d00407c836482871ef1d57bf8e3180","name":"Gonzalo Schmidt","image":{"@type":"ImageObject","inLanguage":"es","@id":"https:\/\/secure.gravatar.com\/avatar\/31a1a7b66ff2de83bd0e9fd79d026630d2d99e55e8bfe501287647b4fd9743de?s=96&d=mm&r=g","url":"https:\/\/secure.gravatar.com\/avatar\/31a1a7b66ff2de83bd0e9fd79d026630d2d99e55e8bfe501287647b4fd9743de?s=96&d=mm&r=g","contentUrl":"https:\/\/secure.gravatar.com\/avatar\/31a1a7b66ff2de83bd0e9fd79d026630d2d99e55e8bfe501287647b4fd9743de?s=96&d=mm&r=g","caption":"Gonzalo Schmidt"},"description":"Sitio web de noticias de la provincia de Entre R\u00edos, Argentina. Informaci\u00f3n y entretenimiento. Informe Litoral, nos informamos.","sameAs":["http:\/\/www.isletasnoticias.com.ar"],"url":"https:\/\/informelitoral.com.ar\/author\/gonzalo\/"}]}},"_links":{"self":[{"href":"https:\/\/informelitoral.com.ar\/%77%70%2d%6a%73%6f%6e\/wp\/v2\/posts\/16409","targetHints":{"allow":["GET"]}}],"collection":[{"href":"https:\/\/informelitoral.com.ar\/%77%70%2d%6a%73%6f%6e\/wp\/v2\/posts"}],"about":[{"href":"https:\/\/informelitoral.com.ar\/%77%70%2d%6a%73%6f%6e\/wp\/v2\/types\/post"}],"author":[{"embeddable":true,"href":"https:\/\/informelitoral.com.ar\/%77%70%2d%6a%73%6f%6e\/wp\/v2\/users\/2"}],"replies":[{"embeddable":true,"href":"https:\/\/informelitoral.com.ar\/%77%70%2d%6a%73%6f%6e\/wp\/v2\/comments?post=16409"}],"version-history":[{"count":0,"href":"https:\/\/informelitoral.com.ar\/%77%70%2d%6a%73%6f%6e\/wp\/v2\/posts\/16409\/revisions"}],"wp:attachment":[{"href":"https:\/\/informelitoral.com.ar\/%77%70%2d%6a%73%6f%6e\/wp\/v2\/media?parent=16409"}],"wp:term":[{"taxonomy":"category","embeddable":true,"href":"https:\/\/informelitoral.com.ar\/%77%70%2d%6a%73%6f%6e\/wp\/v2\/categories?post=16409"},{"taxonomy":"post_tag","embeddable":true,"href":"https:\/\/informelitoral.com.ar\/%77%70%2d%6a%73%6f%6e\/wp\/v2\/tags?post=16409"}],"curies":[{"name":"wp","href":"https:\/\/api.w.org\/{rel}","templated":true}]}}