{"id":16376,"date":"2016-05-31T10:27:48","date_gmt":"2016-05-31T13:27:48","guid":{"rendered":"http:\/\/www.isletasnoticias.com.ar\/?p=16376"},"modified":"2016-06-02T09:29:10","modified_gmt":"2016-06-02T12:29:10","slug":"ramirez-el-booktuber-local-visito-el-programa-uno-por-semana","status":"publish","type":"post","link":"https:\/\/informelitoral.com.ar\/ramirez-el-booktuber-local-visito-el-programa-uno-por-semana\/","title":{"rendered":"Ram\u00edrez: el booktuber local visit\u00f3 el programa Uno por Semana"},"content":{"rendered":"<div class=\"_4tdt\">\n<div class=\"_4tdv\">\n<div class=\"_5wd4 _1nc7 direction_ltr\">\n<div class=\"_5wd9\">\n<div class=\"_5wde _n4o\">\n<div class=\"_5w1r _3_om _5wdf\">\n<div class=\"_4gx_\">\n<div class=\"_d97\">\n<p><strong><strong>Se trata de <em>Franco Sebasti\u00e1n Streck<\/em>, hasta el momento el \u00fanico booktuber de esa ciudad del departamento Diamante. El joven cont\u00f3 de qu\u00e9 se trata esta tendencia y habl\u00f3 sobre un evento que se realizar\u00e1 en julio.\u00a0<\/strong><\/strong><a href=\"http:\/\/www.isletasnoticias.com.ar\/%77%70%2d%63%6f%6e%74%65%6e%74\/uploads\/2016\/05\/12919731_776687352466466_7856193813862442778_n.jpg\"><img loading=\"lazy\" decoding=\"async\" class=\"wp-image-16377 aligncenter\" src=\"http:\/\/www.isletasnoticias.com.ar\/%77%70%2d%63%6f%6e%74%65%6e%74\/uploads\/2016\/05\/12919731_776687352466466_7856193813862442778_n.jpg\" alt=\"12919731_776687352466466_7856193813862442778_n\" width=\"535\" height=\"535\" srcset=\"https:\/\/informelitoral.com.ar\/%77%70%2d%63%6f%6e%74%65%6e%74\/uploads\/2016\/05\/12919731_776687352466466_7856193813862442778_n.jpg 960w, https:\/\/informelitoral.com.ar\/%77%70%2d%63%6f%6e%74%65%6e%74\/uploads\/2016\/05\/12919731_776687352466466_7856193813862442778_n-150x150.jpg 150w, https:\/\/informelitoral.com.ar\/%77%70%2d%63%6f%6e%74%65%6e%74\/uploads\/2016\/05\/12919731_776687352466466_7856193813862442778_n-300x300.jpg 300w, https:\/\/informelitoral.com.ar\/%77%70%2d%63%6f%6e%74%65%6e%74\/uploads\/2016\/05\/12919731_776687352466466_7856193813862442778_n-768x768.jpg 768w\" sizes=\"auto, (max-width: 535px) 100vw, 535px\" \/><\/a><\/p>\n<p><em><strong>Foto:<\/strong> Franco Sebasti\u00e1n Streck, booktuber de General Ram\u00edrez.<\/em><\/p>\n<p><strong>Franco Sebasti\u00e1n Streck<\/strong>, tiene 17 a\u00f1os, es de General Ram\u00edrez y hasta el momento es el \u00fanico booktuber de esa ciudad del departamento Diamante y uno de los pocos a nivel provincial.<\/p>\n<p>El joven visit\u00f3 el programa radial <em>Uno por Semana<\/em> de <em>GES Medios<\/em> que se emite los s\u00e1bados de 15.00 a 18.00 por <em>FM Eco 100.3,<\/em> donde cont\u00f3 que esta tendencia teen relativamente nueva se trata de grabarse frente a una c\u00e1mara, rese\u00f1ar, charlar y debatir con otros chicos que comparten el mismo inter\u00e9s por los libros. \u00abEl objetivo es fomentar la lectura\u00bb, resalt\u00f3 el ramirense.<\/p>\n<p>Sobre sus inicios, cont\u00f3 que ven\u00eda leyendo \u00abdesde muy chico y en enero de 2015 vi en Facebook una p\u00e1gina sobre booktubers y me decid\u00ed a hacerlo. Ya hace m\u00e1s de un a\u00f1o que estoy en esta comunidad\u00bb, destac\u00f3.<\/p>\n<\/div>\n<\/div>\n<\/div>\n<\/div>\n<\/div>\n<\/div>\n<\/div>\n<\/div>\n<div class=\"_d97\"><\/div>\n<div class=\"_d97\">El canal de Franco Streck en You Tube es\u00a0<a class=\"spf-link branded-page-header-title-link yt-uix-sessionlink\" dir=\"ltr\" title=\"Libro Abierto\" href=\"https:\/\/www.youtube.com\/channel\/UC14yaG53vMdH7--_nLj_vPA\" data-sessionlink=\"ei=II5NV8jSE8jpwgT2jqqYAg\">Libro Abierto<\/a>\u00a0y en Facebook est\u00e1 como <a href=\"https:\/\/www.facebook.com\/franco.streck.5\">Franco Sebasti\u00e1n Streck.<\/a><\/div>\n<div class=\"_d97\"><\/div>\n<div class=\"_d97\"><strong>Booktubers en Ram\u00edrez<\/strong><\/div>\n<div class=\"_d97\">El booktuber local tambi\u00e9n aprovech\u00f3 su participaci\u00f3n en el programa radial para invitar a una charla que se realizar\u00e1 el s\u00e1bado 16 de julio con el apoyo del municipio de esa ciudad.<\/div>\n<div class=\"_d97\"><\/div>\n<div class=\"_d97\">La actividad comenzar\u00e1 a partir de las 17.00 en la Casa Municipal de la Cultura y contar\u00e1 con la disertaci\u00f3n de\u00a0<strong>Irina Melanie<\/strong> (blogger y booktuber en Irina Melanie); <strong>Franco Streck<\/strong> (booktuber en Libro Abierto y escritor en Wattpad) y <strong>Natalia Hatt<\/strong> (escritora en Wattpad). Los temas centrales ser\u00e1n la lectura y las nuevas tecnolog\u00edas y \u00abhabr\u00e1 sorteos de libros\u00bb, adelant\u00f3 Streck. <em>(IN)<\/em><\/div>\n","protected":false},"excerpt":{"rendered":"<p>Se trata de Franco Sebasti&aacute;n Streck, hasta el momento el &uacute;nico booktuber de esa ciudad del departamento Diamante. El joven cont&oacute; de qu&eacute; se trata esta tendencia y habl&oacute; sobre un evento que se realizar&aacute; en julio.&nbsp; Foto: Franco Sebasti&aacute;n Streck, booktuber de General Ram&iacute;rez. Franco Sebasti&aacute;n Streck, tiene 17 a&ntilde;os, es de General Ram&iacute;rez [&hellip;]<\/p>\n","protected":false},"author":2,"featured_media":0,"comment_status":"open","ping_status":"open","sticky":false,"template":"","format":"standard","meta":{"fifu_image_url":"","fifu_image_alt":"","footnotes":""},"categories":[5,12,9],"tags":[],"class_list":{"0":"post-16376","1":"post","2":"type-post","3":"status-publish","4":"format-standard","6":"category-zonales","7":"category-espectaculos","8":"category-sociedad"},"yoast_head":"<title>Ram\u00edrez: el booktuber local visit\u00f3 el programa Uno por Semana - Informe Litoral<\/title>\n<meta name=\"robots\" content=\"index, follow, max-snippet:-1, max-image-preview:large, max-video-preview:-1\" \/>\n<link rel=\"canonical\" href=\"https:\/\/informelitoral.com.ar\/ramirez-el-booktuber-local-visito-el-programa-uno-por-semana\/\" \/>\n<meta property=\"og:locale\" content=\"es_ES\" \/>\n<meta property=\"og:type\" content=\"article\" \/>\n<meta property=\"og:title\" content=\"Ram\u00edrez: el booktuber local visit\u00f3 el programa Uno por Semana - Informe Litoral\" \/>\n<meta property=\"og:description\" content=\"Se trata de Franco Sebasti&aacute;n Streck, hasta el momento el &uacute;nico booktuber de esa ciudad del departamento Diamante. El joven cont&oacute; de qu&eacute; se trata esta tendencia y habl&oacute; sobre un evento que se realizar&aacute; en julio.&nbsp; Foto: Franco Sebasti&aacute;n Streck, booktuber de General Ram&iacute;rez. Franco Sebasti&aacute;n Streck, tiene 17 a&ntilde;os, es de General Ram&iacute;rez [&hellip;]\" \/>\n<meta property=\"og:url\" content=\"https:\/\/informelitoral.com.ar\/ramirez-el-booktuber-local-visito-el-programa-uno-por-semana\/\" \/>\n<meta property=\"og:site_name\" content=\"Informe Litoral\" \/>\n<meta property=\"article:publisher\" content=\"https:\/\/www.facebook.com\/informelitoral\/\" \/>\n<meta property=\"article:published_time\" content=\"2016-05-31T13:27:48+00:00\" \/>\n<meta property=\"article:modified_time\" content=\"2016-06-02T12:29:10+00:00\" \/>\n<meta property=\"og:image\" content=\"https:\/\/informelitoral.com.ar\/%77%70%2d%63%6f%6e%74%65%6e%74\/uploads\/2016\/05\/12919731_776687352466466_7856193813862442778_n.jpg\" \/>\n\t<meta property=\"og:image:width\" content=\"960\" \/>\n\t<meta property=\"og:image:height\" content=\"960\" \/>\n\t<meta property=\"og:image:type\" content=\"image\/jpeg\" \/>\n<meta name=\"author\" content=\"Gonzalo Schmidt\" \/>\n<meta name=\"twitter:card\" content=\"summary_large_image\" \/>\n<meta name=\"twitter:creator\" content=\"@InformeLitoral\" \/>\n<meta name=\"twitter:site\" content=\"@InformeLitoral\" \/>\n<meta name=\"twitter:label1\" content=\"Escrito por\" \/>\n\t<meta name=\"twitter:data1\" content=\"Gonzalo Schmidt\" \/>\n\t<meta name=\"twitter:label2\" content=\"Tiempo de lectura\" \/>\n\t<meta name=\"twitter:data2\" content=\"2 minutos\" \/>\n<script type=\"application\/ld+json\" class=\"yoast-schema-graph\">{\"@context\":\"https:\\\/\\\/schema.org\",\"@graph\":[{\"@type\":\"Article\",\"@id\":\"https:\\\/\\\/informelitoral.com.ar\\\/ramirez-el-booktuber-local-visito-el-programa-uno-por-semana\\\/#article\",\"isPartOf\":{\"@id\":\"https:\\\/\\\/informelitoral.com.ar\\\/ramirez-el-booktuber-local-visito-el-programa-uno-por-semana\\\/\"},\"author\":{\"name\":\"Gonzalo Schmidt\",\"@id\":\"https:\\\/\\\/informelitoral.com.ar\\\/#\\\/schema\\\/person\\\/b9d00407c836482871ef1d57bf8e3180\"},\"headline\":\"Ram\u00edrez: el booktuber local visit\u00f3 el programa Uno por Semana\",\"datePublished\":\"2016-05-31T13:27:48+00:00\",\"dateModified\":\"2016-06-02T12:29:10+00:00\",\"mainEntityOfPage\":{\"@id\":\"https:\\\/\\\/informelitoral.com.ar\\\/ramirez-el-booktuber-local-visito-el-programa-uno-por-semana\\\/\"},\"wordCount\":324,\"commentCount\":0,\"publisher\":{\"@id\":\"https:\\\/\\\/informelitoral.com.ar\\\/#organization\"},\"image\":{\"@id\":\"https:\\\/\\\/informelitoral.com.ar\\\/ramirez-el-booktuber-local-visito-el-programa-uno-por-semana\\\/#primaryimage\"},\"thumbnailUrl\":\"http:\\\/\\\/www.isletasnoticias.com.ar\\\/%77%70%2d%63%6f%6e%74%65%6e%74\\\/uploads\\\/2016\\\/05\\\/12919731_776687352466466_7856193813862442778_n.jpg\",\"articleSection\":[\"Departamento Diamante\",\"Espect\u00e1culos\",\"Sociedad\"],\"inLanguage\":\"es\",\"potentialAction\":[{\"@type\":\"CommentAction\",\"name\":\"Comment\",\"target\":[\"https:\\\/\\\/informelitoral.com.ar\\\/ramirez-el-booktuber-local-visito-el-programa-uno-por-semana\\\/#respond\"]}]},{\"@type\":\"WebPage\",\"@id\":\"https:\\\/\\\/informelitoral.com.ar\\\/ramirez-el-booktuber-local-visito-el-programa-uno-por-semana\\\/\",\"url\":\"https:\\\/\\\/informelitoral.com.ar\\\/ramirez-el-booktuber-local-visito-el-programa-uno-por-semana\\\/\",\"name\":\"Ram\u00edrez: el booktuber local visit\u00f3 el programa Uno por Semana - Informe Litoral\",\"isPartOf\":{\"@id\":\"https:\\\/\\\/informelitoral.com.ar\\\/#website\"},\"primaryImageOfPage\":{\"@id\":\"https:\\\/\\\/informelitoral.com.ar\\\/ramirez-el-booktuber-local-visito-el-programa-uno-por-semana\\\/#primaryimage\"},\"image\":{\"@id\":\"https:\\\/\\\/informelitoral.com.ar\\\/ramirez-el-booktuber-local-visito-el-programa-uno-por-semana\\\/#primaryimage\"},\"thumbnailUrl\":\"http:\\\/\\\/www.isletasnoticias.com.ar\\\/%77%70%2d%63%6f%6e%74%65%6e%74\\\/uploads\\\/2016\\\/05\\\/12919731_776687352466466_7856193813862442778_n.jpg\",\"datePublished\":\"2016-05-31T13:27:48+00:00\",\"dateModified\":\"2016-06-02T12:29:10+00:00\",\"breadcrumb\":{\"@id\":\"https:\\\/\\\/informelitoral.com.ar\\\/ramirez-el-booktuber-local-visito-el-programa-uno-por-semana\\\/#breadcrumb\"},\"inLanguage\":\"es\",\"potentialAction\":[{\"@type\":\"ReadAction\",\"target\":[\"https:\\\/\\\/informelitoral.com.ar\\\/ramirez-el-booktuber-local-visito-el-programa-uno-por-semana\\\/\"]}]},{\"@type\":\"ImageObject\",\"inLanguage\":\"es\",\"@id\":\"https:\\\/\\\/informelitoral.com.ar\\\/ramirez-el-booktuber-local-visito-el-programa-uno-por-semana\\\/#primaryimage\",\"url\":\"http:\\\/\\\/www.isletasnoticias.com.ar\\\/%77%70%2d%63%6f%6e%74%65%6e%74\\\/uploads\\\/2016\\\/05\\\/12919731_776687352466466_7856193813862442778_n.jpg\",\"contentUrl\":\"http:\\\/\\\/www.isletasnoticias.com.ar\\\/%77%70%2d%63%6f%6e%74%65%6e%74\\\/uploads\\\/2016\\\/05\\\/12919731_776687352466466_7856193813862442778_n.jpg\"},{\"@type\":\"BreadcrumbList\",\"@id\":\"https:\\\/\\\/informelitoral.com.ar\\\/ramirez-el-booktuber-local-visito-el-programa-uno-por-semana\\\/#breadcrumb\",\"itemListElement\":[{\"@type\":\"ListItem\",\"position\":1,\"name\":\"Portada\",\"item\":\"https:\\\/\\\/informelitoral.com.ar\\\/\"},{\"@type\":\"ListItem\",\"position\":2,\"name\":\"Ram\u00edrez: el booktuber local visit\u00f3 el programa Uno por Semana\"}]},{\"@type\":\"WebSite\",\"@id\":\"https:\\\/\\\/informelitoral.com.ar\\\/#website\",\"url\":\"https:\\\/\\\/informelitoral.com.ar\\\/\",\"name\":\"Informe Litoral\",\"description\":\"&quot;Nos informamos&quot; \",\"publisher\":{\"@id\":\"https:\\\/\\\/informelitoral.com.ar\\\/#organization\"},\"potentialAction\":[{\"@type\":\"SearchAction\",\"target\":{\"@type\":\"EntryPoint\",\"urlTemplate\":\"https:\\\/\\\/informelitoral.com.ar\\\/?s={search_term_string}\"},\"query-input\":{\"@type\":\"PropertyValueSpecification\",\"valueRequired\":true,\"valueName\":\"search_term_string\"}}],\"inLanguage\":\"es\"},{\"@type\":\"Organization\",\"@id\":\"https:\\\/\\\/informelitoral.com.ar\\\/#organization\",\"name\":\"Informe Litoral\",\"url\":\"https:\\\/\\\/informelitoral.com.ar\\\/\",\"logo\":{\"@type\":\"ImageObject\",\"inLanguage\":\"es\",\"@id\":\"https:\\\/\\\/informelitoral.com.ar\\\/#\\\/schema\\\/logo\\\/image\\\/\",\"url\":\"https:\\\/\\\/informelitoral.com.ar\\\/%77%70%2d%63%6f%6e%74%65%6e%74\\\/uploads\\\/2021\\\/01\\\/circulo.png\",\"contentUrl\":\"https:\\\/\\\/informelitoral.com.ar\\\/%77%70%2d%63%6f%6e%74%65%6e%74\\\/uploads\\\/2021\\\/01\\\/circulo.png\",\"width\":723,\"height\":731,\"caption\":\"Informe Litoral\"},\"image\":{\"@id\":\"https:\\\/\\\/informelitoral.com.ar\\\/#\\\/schema\\\/logo\\\/image\\\/\"},\"sameAs\":[\"https:\\\/\\\/www.facebook.com\\\/informelitoral\\\/\",\"https:\\\/\\\/x.com\\\/InformeLitoral\",\"https:\\\/\\\/www.instagram.com\\\/informelitoral\\\/\",\"https:\\\/\\\/www.youtube.com\\\/channel\\\/UCua4Qvz8Icb6MYqhoq9xLXw\"]},{\"@type\":\"Person\",\"@id\":\"https:\\\/\\\/informelitoral.com.ar\\\/#\\\/schema\\\/person\\\/b9d00407c836482871ef1d57bf8e3180\",\"name\":\"Gonzalo Schmidt\",\"image\":{\"@type\":\"ImageObject\",\"inLanguage\":\"es\",\"@id\":\"https:\\\/\\\/secure.gravatar.com\\\/avatar\\\/31a1a7b66ff2de83bd0e9fd79d026630d2d99e55e8bfe501287647b4fd9743de?s=96&d=mm&r=g\",\"url\":\"https:\\\/\\\/secure.gravatar.com\\\/avatar\\\/31a1a7b66ff2de83bd0e9fd79d026630d2d99e55e8bfe501287647b4fd9743de?s=96&d=mm&r=g\",\"contentUrl\":\"https:\\\/\\\/secure.gravatar.com\\\/avatar\\\/31a1a7b66ff2de83bd0e9fd79d026630d2d99e55e8bfe501287647b4fd9743de?s=96&d=mm&r=g\",\"caption\":\"Gonzalo Schmidt\"},\"description\":\"Sitio web de noticias de la provincia de Entre R\u00edos, Argentina. Informaci\u00f3n y entretenimiento. Informe Litoral, nos informamos.\",\"sameAs\":[\"http:\\\/\\\/www.isletasnoticias.com.ar\"],\"url\":\"https:\\\/\\\/informelitoral.com.ar\\\/author\\\/gonzalo\\\/\"}]}<\/script>","yoast_head_json":{"title":"Ram\u00edrez: el booktuber local visit\u00f3 el programa Uno por Semana - Informe Litoral","robots":{"index":"index","follow":"follow","max-snippet":"max-snippet:-1","max-image-preview":"max-image-preview:large","max-video-preview":"max-video-preview:-1"},"canonical":"https:\/\/informelitoral.com.ar\/ramirez-el-booktuber-local-visito-el-programa-uno-por-semana\/","og_locale":"es_ES","og_type":"article","og_title":"Ram\u00edrez: el booktuber local visit\u00f3 el programa Uno por Semana - Informe Litoral","og_description":"Se trata de Franco Sebasti&aacute;n Streck, hasta el momento el &uacute;nico booktuber de esa ciudad del departamento Diamante. El joven cont&oacute; de qu&eacute; se trata esta tendencia y habl&oacute; sobre un evento que se realizar&aacute; en julio.&nbsp; Foto: Franco Sebasti&aacute;n Streck, booktuber de General Ram&iacute;rez. Franco Sebasti&aacute;n Streck, tiene 17 a&ntilde;os, es de General Ram&iacute;rez [&hellip;]","og_url":"https:\/\/informelitoral.com.ar\/ramirez-el-booktuber-local-visito-el-programa-uno-por-semana\/","og_site_name":"Informe Litoral","article_publisher":"https:\/\/www.facebook.com\/informelitoral\/","article_published_time":"2016-05-31T13:27:48+00:00","article_modified_time":"2016-06-02T12:29:10+00:00","og_image":[{"width":960,"height":960,"url":"https:\/\/informelitoral.com.ar\/%77%70%2d%63%6f%6e%74%65%6e%74\/uploads\/2016\/05\/12919731_776687352466466_7856193813862442778_n.jpg","type":"image\/jpeg"}],"author":"Gonzalo Schmidt","twitter_card":"summary_large_image","twitter_creator":"@InformeLitoral","twitter_site":"@InformeLitoral","twitter_misc":{"Escrito por":"Gonzalo Schmidt","Tiempo de lectura":"2 minutos"},"schema":{"@context":"https:\/\/schema.org","@graph":[{"@type":"Article","@id":"https:\/\/informelitoral.com.ar\/ramirez-el-booktuber-local-visito-el-programa-uno-por-semana\/#article","isPartOf":{"@id":"https:\/\/informelitoral.com.ar\/ramirez-el-booktuber-local-visito-el-programa-uno-por-semana\/"},"author":{"name":"Gonzalo Schmidt","@id":"https:\/\/informelitoral.com.ar\/#\/schema\/person\/b9d00407c836482871ef1d57bf8e3180"},"headline":"Ram\u00edrez: el booktuber local visit\u00f3 el programa Uno por Semana","datePublished":"2016-05-31T13:27:48+00:00","dateModified":"2016-06-02T12:29:10+00:00","mainEntityOfPage":{"@id":"https:\/\/informelitoral.com.ar\/ramirez-el-booktuber-local-visito-el-programa-uno-por-semana\/"},"wordCount":324,"commentCount":0,"publisher":{"@id":"https:\/\/informelitoral.com.ar\/#organization"},"image":{"@id":"https:\/\/informelitoral.com.ar\/ramirez-el-booktuber-local-visito-el-programa-uno-por-semana\/#primaryimage"},"thumbnailUrl":"http:\/\/www.isletasnoticias.com.ar\/%77%70%2d%63%6f%6e%74%65%6e%74\/uploads\/2016\/05\/12919731_776687352466466_7856193813862442778_n.jpg","articleSection":["Departamento Diamante","Espect\u00e1culos","Sociedad"],"inLanguage":"es","potentialAction":[{"@type":"CommentAction","name":"Comment","target":["https:\/\/informelitoral.com.ar\/ramirez-el-booktuber-local-visito-el-programa-uno-por-semana\/#respond"]}]},{"@type":"WebPage","@id":"https:\/\/informelitoral.com.ar\/ramirez-el-booktuber-local-visito-el-programa-uno-por-semana\/","url":"https:\/\/informelitoral.com.ar\/ramirez-el-booktuber-local-visito-el-programa-uno-por-semana\/","name":"Ram\u00edrez: el booktuber local visit\u00f3 el programa Uno por Semana - Informe Litoral","isPartOf":{"@id":"https:\/\/informelitoral.com.ar\/#website"},"primaryImageOfPage":{"@id":"https:\/\/informelitoral.com.ar\/ramirez-el-booktuber-local-visito-el-programa-uno-por-semana\/#primaryimage"},"image":{"@id":"https:\/\/informelitoral.com.ar\/ramirez-el-booktuber-local-visito-el-programa-uno-por-semana\/#primaryimage"},"thumbnailUrl":"http:\/\/www.isletasnoticias.com.ar\/%77%70%2d%63%6f%6e%74%65%6e%74\/uploads\/2016\/05\/12919731_776687352466466_7856193813862442778_n.jpg","datePublished":"2016-05-31T13:27:48+00:00","dateModified":"2016-06-02T12:29:10+00:00","breadcrumb":{"@id":"https:\/\/informelitoral.com.ar\/ramirez-el-booktuber-local-visito-el-programa-uno-por-semana\/#breadcrumb"},"inLanguage":"es","potentialAction":[{"@type":"ReadAction","target":["https:\/\/informelitoral.com.ar\/ramirez-el-booktuber-local-visito-el-programa-uno-por-semana\/"]}]},{"@type":"ImageObject","inLanguage":"es","@id":"https:\/\/informelitoral.com.ar\/ramirez-el-booktuber-local-visito-el-programa-uno-por-semana\/#primaryimage","url":"http:\/\/www.isletasnoticias.com.ar\/%77%70%2d%63%6f%6e%74%65%6e%74\/uploads\/2016\/05\/12919731_776687352466466_7856193813862442778_n.jpg","contentUrl":"http:\/\/www.isletasnoticias.com.ar\/%77%70%2d%63%6f%6e%74%65%6e%74\/uploads\/2016\/05\/12919731_776687352466466_7856193813862442778_n.jpg"},{"@type":"BreadcrumbList","@id":"https:\/\/informelitoral.com.ar\/ramirez-el-booktuber-local-visito-el-programa-uno-por-semana\/#breadcrumb","itemListElement":[{"@type":"ListItem","position":1,"name":"Portada","item":"https:\/\/informelitoral.com.ar\/"},{"@type":"ListItem","position":2,"name":"Ram\u00edrez: el booktuber local visit\u00f3 el programa Uno por Semana"}]},{"@type":"WebSite","@id":"https:\/\/informelitoral.com.ar\/#website","url":"https:\/\/informelitoral.com.ar\/","name":"Informe Litoral","description":"&quot;Nos informamos&quot; ","publisher":{"@id":"https:\/\/informelitoral.com.ar\/#organization"},"potentialAction":[{"@type":"SearchAction","target":{"@type":"EntryPoint","urlTemplate":"https:\/\/informelitoral.com.ar\/?s={search_term_string}"},"query-input":{"@type":"PropertyValueSpecification","valueRequired":true,"valueName":"search_term_string"}}],"inLanguage":"es"},{"@type":"Organization","@id":"https:\/\/informelitoral.com.ar\/#organization","name":"Informe Litoral","url":"https:\/\/informelitoral.com.ar\/","logo":{"@type":"ImageObject","inLanguage":"es","@id":"https:\/\/informelitoral.com.ar\/#\/schema\/logo\/image\/","url":"https:\/\/informelitoral.com.ar\/%77%70%2d%63%6f%6e%74%65%6e%74\/uploads\/2021\/01\/circulo.png","contentUrl":"https:\/\/informelitoral.com.ar\/%77%70%2d%63%6f%6e%74%65%6e%74\/uploads\/2021\/01\/circulo.png","width":723,"height":731,"caption":"Informe Litoral"},"image":{"@id":"https:\/\/informelitoral.com.ar\/#\/schema\/logo\/image\/"},"sameAs":["https:\/\/www.facebook.com\/informelitoral\/","https:\/\/x.com\/InformeLitoral","https:\/\/www.instagram.com\/informelitoral\/","https:\/\/www.youtube.com\/channel\/UCua4Qvz8Icb6MYqhoq9xLXw"]},{"@type":"Person","@id":"https:\/\/informelitoral.com.ar\/#\/schema\/person\/b9d00407c836482871ef1d57bf8e3180","name":"Gonzalo Schmidt","image":{"@type":"ImageObject","inLanguage":"es","@id":"https:\/\/secure.gravatar.com\/avatar\/31a1a7b66ff2de83bd0e9fd79d026630d2d99e55e8bfe501287647b4fd9743de?s=96&d=mm&r=g","url":"https:\/\/secure.gravatar.com\/avatar\/31a1a7b66ff2de83bd0e9fd79d026630d2d99e55e8bfe501287647b4fd9743de?s=96&d=mm&r=g","contentUrl":"https:\/\/secure.gravatar.com\/avatar\/31a1a7b66ff2de83bd0e9fd79d026630d2d99e55e8bfe501287647b4fd9743de?s=96&d=mm&r=g","caption":"Gonzalo Schmidt"},"description":"Sitio web de noticias de la provincia de Entre R\u00edos, Argentina. Informaci\u00f3n y entretenimiento. Informe Litoral, nos informamos.","sameAs":["http:\/\/www.isletasnoticias.com.ar"],"url":"https:\/\/informelitoral.com.ar\/author\/gonzalo\/"}]}},"_links":{"self":[{"href":"https:\/\/informelitoral.com.ar\/%77%70%2d%6a%73%6f%6e\/wp\/v2\/posts\/16376","targetHints":{"allow":["GET"]}}],"collection":[{"href":"https:\/\/informelitoral.com.ar\/%77%70%2d%6a%73%6f%6e\/wp\/v2\/posts"}],"about":[{"href":"https:\/\/informelitoral.com.ar\/%77%70%2d%6a%73%6f%6e\/wp\/v2\/types\/post"}],"author":[{"embeddable":true,"href":"https:\/\/informelitoral.com.ar\/%77%70%2d%6a%73%6f%6e\/wp\/v2\/users\/2"}],"replies":[{"embeddable":true,"href":"https:\/\/informelitoral.com.ar\/%77%70%2d%6a%73%6f%6e\/wp\/v2\/comments?post=16376"}],"version-history":[{"count":0,"href":"https:\/\/informelitoral.com.ar\/%77%70%2d%6a%73%6f%6e\/wp\/v2\/posts\/16376\/revisions"}],"wp:attachment":[{"href":"https:\/\/informelitoral.com.ar\/%77%70%2d%6a%73%6f%6e\/wp\/v2\/media?parent=16376"}],"wp:term":[{"taxonomy":"category","embeddable":true,"href":"https:\/\/informelitoral.com.ar\/%77%70%2d%6a%73%6f%6e\/wp\/v2\/categories?post=16376"},{"taxonomy":"post_tag","embeddable":true,"href":"https:\/\/informelitoral.com.ar\/%77%70%2d%6a%73%6f%6e\/wp\/v2\/tags?post=16376"}],"curies":[{"name":"wp","href":"https:\/\/api.w.org\/{rel}","templated":true}]}}