{"id":16370,"date":"2016-05-31T09:34:02","date_gmt":"2016-05-31T12:34:02","guid":{"rendered":"http:\/\/www.isletasnoticias.com.ar\/?p=16370"},"modified":"2016-05-31T09:34:02","modified_gmt":"2016-05-31T12:34:02","slug":"bordet-ratifico-la-politica-de-preservacion-de-los-recursos-naturales-de-su-gestion","status":"publish","type":"post","link":"https:\/\/informelitoral.com.ar\/bordet-ratifico-la-politica-de-preservacion-de-los-recursos-naturales-de-su-gestion\/","title":{"rendered":"Bordet ratific\u00f3 la pol\u00edtica de preservaci\u00f3n de los recursos naturales de su gesti\u00f3n"},"content":{"rendered":"<div class=\"interior-bajada\"><strong>El gobernador <em>Gustavo Bordet<\/em> dio la bienvenida este lunes a las m\u00e1ximas autoridades ambientales de las provincias y de la Naci\u00f3n que visitan la capital entrerriana en el marco de las Jornadas sobre Seguro Ambiental que se llevan a cabo este martes y que son organizadas por la Secretar\u00eda de Ambiente de Entre R\u00edos. \u201cEl encuentro de hoy nos marca que hay un rumbo en la provincia, el cual se dirige a preservar la gran cantidad de recursos naturales con que cuenta Entre R\u00edos, directrices que hemos definido desde el momento de asumir\u201d, afirm\u00f3 el mandatario.<a href=\"http:\/\/www.isletasnoticias.com.ar\/%77%70%2d%63%6f%6e%74%65%6e%74\/uploads\/2016\/05\/b_1464656294.jpg\"><img loading=\"lazy\" decoding=\"async\" class=\"aligncenter wp-image-16371 size-full\" src=\"http:\/\/www.isletasnoticias.com.ar\/%77%70%2d%63%6f%6e%74%65%6e%74\/uploads\/2016\/05\/b_1464656294.jpg\" alt=\"b_1464656294\" width=\"492\" height=\"312\" srcset=\"https:\/\/informelitoral.com.ar\/%77%70%2d%63%6f%6e%74%65%6e%74\/uploads\/2016\/05\/b_1464656294.jpg 492w, https:\/\/informelitoral.com.ar\/%77%70%2d%63%6f%6e%74%65%6e%74\/uploads\/2016\/05\/b_1464656294-300x190.jpg 300w\" sizes=\"auto, (max-width: 492px) 100vw, 492px\" \/><\/a><\/strong><\/div>\n<div class=\"herramientas\">\n<div class=\"interior-fecha\"><\/div>\n<div class=\"addthis_toolbox addthis_default_style\"><\/div>\n<div class=\"clear\"><\/div>\n<\/div>\n<div class=\"interior-texto\">El mandatario entrerriano destac\u00f3 la importancia \u201cdel encuentro de ministros que puedan compartir y discutir en Paran\u00e1 sobre la pol\u00edtica ambiental\u201d y reiter\u00f3 que \u201cal momento de asumir y en el mensaje a la Legislatura, en febrero pasado, hemos definido l\u00edneas directrices y venimos actuando y obrando en consecuencia, vinculadas a la preservaci\u00f3n de nuestros recursos naturales, en darle un fuerte apoyo a los municipios para trabajar en todo lo que es gesti\u00f3n integral de los residuos. Todas estas cuestiones son de trabajo diario y cotidiano pero es muy importante cuando esto se internaliza, se sociabiliza con otras provincias\u201d.<\/p>\n<p>\u201cEl encuentro de hoy nos marca que hay un rumbo en la provincia y que se dirige a preservar la gran cantidad de recursos naturales con que cuenta la provincia. No hay desarrollo sin que este sea sustentable y la sustentabilidad la da justamente el cuidado del ambiente\u201d, concluy\u00f3 el gobernador.<\/p>\n<p>Respecto a las jornadas sobre la implementaci\u00f3n del seguro ambiental, la secretaria de Ambiente, Bel\u00e9n Esteves, coment\u00f3 que \u201cse expondr\u00e1 la experiencia en la provincia de Entre R\u00edos donde por primera vez se lleva adelante la ejecuci\u00f3n de un seguro ambiental\u201d.<\/p>\n<p>Y agreg\u00f3 que \u201cel objetivo de esta jornada es visibilizar y contar la experiencia de c\u00f3mo llevar adelante la ejecuci\u00f3n de una p\u00f3liza de estas caracter\u00edsticas y que tiene por finalidad la protecci\u00f3n del ambiente\u201d.<\/p><\/div>\n","protected":false},"excerpt":{"rendered":"<p>El gobernador Gustavo Bordet dio la bienvenida este lunes a las m&aacute;ximas autoridades ambientales de las provincias y de la Naci&oacute;n que visitan la capital entrerriana en el marco de las Jornadas sobre Seguro Ambiental que se llevan a cabo este martes y que son organizadas por la Secretar&iacute;a de Ambiente de Entre R&iacute;os. &ldquo;El [&hellip;]<\/p>\n","protected":false},"author":2,"featured_media":0,"comment_status":"open","ping_status":"open","sticky":false,"template":"","format":"standard","meta":{"fifu_image_url":"","fifu_image_alt":"","footnotes":""},"categories":[6,16],"tags":[],"class_list":{"0":"post-16370","1":"post","2":"type-post","3":"status-publish","4":"format-standard","6":"category-entre-rios","7":"category-politi"},"yoast_head":"<title>Bordet ratific\u00f3 la pol\u00edtica de preservaci\u00f3n de los recursos naturales de su gesti\u00f3n - Informe Litoral<\/title>\n<meta name=\"robots\" content=\"index, follow, max-snippet:-1, max-image-preview:large, max-video-preview:-1\" \/>\n<link rel=\"canonical\" href=\"https:\/\/informelitoral.com.ar\/bordet-ratifico-la-politica-de-preservacion-de-los-recursos-naturales-de-su-gestion\/\" \/>\n<meta property=\"og:locale\" content=\"es_ES\" \/>\n<meta property=\"og:type\" content=\"article\" \/>\n<meta property=\"og:title\" content=\"Bordet ratific\u00f3 la pol\u00edtica de preservaci\u00f3n de los recursos naturales de su gesti\u00f3n - Informe Litoral\" \/>\n<meta property=\"og:description\" content=\"El gobernador Gustavo Bordet dio la bienvenida este lunes a las m&aacute;ximas autoridades ambientales de las provincias y de la Naci&oacute;n que visitan la capital entrerriana en el marco de las Jornadas sobre Seguro Ambiental que se llevan a cabo este martes y que son organizadas por la Secretar&iacute;a de Ambiente de Entre R&iacute;os. &ldquo;El [&hellip;]\" \/>\n<meta property=\"og:url\" content=\"https:\/\/informelitoral.com.ar\/bordet-ratifico-la-politica-de-preservacion-de-los-recursos-naturales-de-su-gestion\/\" \/>\n<meta property=\"og:site_name\" content=\"Informe Litoral\" \/>\n<meta property=\"article:publisher\" content=\"https:\/\/www.facebook.com\/informelitoral\/\" \/>\n<meta property=\"article:published_time\" content=\"2016-05-31T12:34:02+00:00\" \/>\n<meta property=\"og:image\" content=\"https:\/\/informelitoral.com.ar\/%77%70%2d%63%6f%6e%74%65%6e%74\/uploads\/2016\/05\/b_1464656294.jpg\" \/>\n\t<meta property=\"og:image:width\" content=\"492\" \/>\n\t<meta property=\"og:image:height\" content=\"312\" \/>\n\t<meta property=\"og:image:type\" content=\"image\/jpeg\" \/>\n<meta name=\"author\" content=\"Gonzalo Schmidt\" \/>\n<meta name=\"twitter:card\" content=\"summary_large_image\" \/>\n<meta name=\"twitter:creator\" content=\"@InformeLitoral\" \/>\n<meta name=\"twitter:site\" content=\"@InformeLitoral\" \/>\n<meta name=\"twitter:label1\" content=\"Escrito por\" \/>\n\t<meta name=\"twitter:data1\" content=\"Gonzalo Schmidt\" \/>\n\t<meta name=\"twitter:label2\" content=\"Tiempo de lectura\" \/>\n\t<meta name=\"twitter:data2\" content=\"2 minutos\" \/>\n<script type=\"application\/ld+json\" class=\"yoast-schema-graph\">{\"@context\":\"https:\\\/\\\/schema.org\",\"@graph\":[{\"@type\":\"Article\",\"@id\":\"https:\\\/\\\/informelitoral.com.ar\\\/bordet-ratifico-la-politica-de-preservacion-de-los-recursos-naturales-de-su-gestion\\\/#article\",\"isPartOf\":{\"@id\":\"https:\\\/\\\/informelitoral.com.ar\\\/bordet-ratifico-la-politica-de-preservacion-de-los-recursos-naturales-de-su-gestion\\\/\"},\"author\":{\"name\":\"Gonzalo Schmidt\",\"@id\":\"https:\\\/\\\/informelitoral.com.ar\\\/#\\\/schema\\\/person\\\/b9d00407c836482871ef1d57bf8e3180\"},\"headline\":\"Bordet ratific\u00f3 la pol\u00edtica de preservaci\u00f3n de los recursos naturales de su gesti\u00f3n\",\"datePublished\":\"2016-05-31T12:34:02+00:00\",\"mainEntityOfPage\":{\"@id\":\"https:\\\/\\\/informelitoral.com.ar\\\/bordet-ratifico-la-politica-de-preservacion-de-los-recursos-naturales-de-su-gestion\\\/\"},\"wordCount\":356,\"commentCount\":0,\"publisher\":{\"@id\":\"https:\\\/\\\/informelitoral.com.ar\\\/#organization\"},\"image\":{\"@id\":\"https:\\\/\\\/informelitoral.com.ar\\\/bordet-ratifico-la-politica-de-preservacion-de-los-recursos-naturales-de-su-gestion\\\/#primaryimage\"},\"thumbnailUrl\":\"http:\\\/\\\/www.isletasnoticias.com.ar\\\/%77%70%2d%63%6f%6e%74%65%6e%74\\\/uploads\\\/2016\\\/05\\\/b_1464656294.jpg\",\"articleSection\":[\"Entre R\u00edos\",\"Politica\"],\"inLanguage\":\"es\",\"potentialAction\":[{\"@type\":\"CommentAction\",\"name\":\"Comment\",\"target\":[\"https:\\\/\\\/informelitoral.com.ar\\\/bordet-ratifico-la-politica-de-preservacion-de-los-recursos-naturales-de-su-gestion\\\/#respond\"]}]},{\"@type\":\"WebPage\",\"@id\":\"https:\\\/\\\/informelitoral.com.ar\\\/bordet-ratifico-la-politica-de-preservacion-de-los-recursos-naturales-de-su-gestion\\\/\",\"url\":\"https:\\\/\\\/informelitoral.com.ar\\\/bordet-ratifico-la-politica-de-preservacion-de-los-recursos-naturales-de-su-gestion\\\/\",\"name\":\"Bordet ratific\u00f3 la pol\u00edtica de preservaci\u00f3n de los recursos naturales de su gesti\u00f3n - Informe Litoral\",\"isPartOf\":{\"@id\":\"https:\\\/\\\/informelitoral.com.ar\\\/#website\"},\"primaryImageOfPage\":{\"@id\":\"https:\\\/\\\/informelitoral.com.ar\\\/bordet-ratifico-la-politica-de-preservacion-de-los-recursos-naturales-de-su-gestion\\\/#primaryimage\"},\"image\":{\"@id\":\"https:\\\/\\\/informelitoral.com.ar\\\/bordet-ratifico-la-politica-de-preservacion-de-los-recursos-naturales-de-su-gestion\\\/#primaryimage\"},\"thumbnailUrl\":\"http:\\\/\\\/www.isletasnoticias.com.ar\\\/%77%70%2d%63%6f%6e%74%65%6e%74\\\/uploads\\\/2016\\\/05\\\/b_1464656294.jpg\",\"datePublished\":\"2016-05-31T12:34:02+00:00\",\"breadcrumb\":{\"@id\":\"https:\\\/\\\/informelitoral.com.ar\\\/bordet-ratifico-la-politica-de-preservacion-de-los-recursos-naturales-de-su-gestion\\\/#breadcrumb\"},\"inLanguage\":\"es\",\"potentialAction\":[{\"@type\":\"ReadAction\",\"target\":[\"https:\\\/\\\/informelitoral.com.ar\\\/bordet-ratifico-la-politica-de-preservacion-de-los-recursos-naturales-de-su-gestion\\\/\"]}]},{\"@type\":\"ImageObject\",\"inLanguage\":\"es\",\"@id\":\"https:\\\/\\\/informelitoral.com.ar\\\/bordet-ratifico-la-politica-de-preservacion-de-los-recursos-naturales-de-su-gestion\\\/#primaryimage\",\"url\":\"http:\\\/\\\/www.isletasnoticias.com.ar\\\/%77%70%2d%63%6f%6e%74%65%6e%74\\\/uploads\\\/2016\\\/05\\\/b_1464656294.jpg\",\"contentUrl\":\"http:\\\/\\\/www.isletasnoticias.com.ar\\\/%77%70%2d%63%6f%6e%74%65%6e%74\\\/uploads\\\/2016\\\/05\\\/b_1464656294.jpg\"},{\"@type\":\"BreadcrumbList\",\"@id\":\"https:\\\/\\\/informelitoral.com.ar\\\/bordet-ratifico-la-politica-de-preservacion-de-los-recursos-naturales-de-su-gestion\\\/#breadcrumb\",\"itemListElement\":[{\"@type\":\"ListItem\",\"position\":1,\"name\":\"Portada\",\"item\":\"https:\\\/\\\/informelitoral.com.ar\\\/\"},{\"@type\":\"ListItem\",\"position\":2,\"name\":\"Bordet ratific\u00f3 la pol\u00edtica de preservaci\u00f3n de los recursos naturales de su gesti\u00f3n\"}]},{\"@type\":\"WebSite\",\"@id\":\"https:\\\/\\\/informelitoral.com.ar\\\/#website\",\"url\":\"https:\\\/\\\/informelitoral.com.ar\\\/\",\"name\":\"Informe Litoral\",\"description\":\"&quot;Nos informamos&quot; \",\"publisher\":{\"@id\":\"https:\\\/\\\/informelitoral.com.ar\\\/#organization\"},\"potentialAction\":[{\"@type\":\"SearchAction\",\"target\":{\"@type\":\"EntryPoint\",\"urlTemplate\":\"https:\\\/\\\/informelitoral.com.ar\\\/?s={search_term_string}\"},\"query-input\":{\"@type\":\"PropertyValueSpecification\",\"valueRequired\":true,\"valueName\":\"search_term_string\"}}],\"inLanguage\":\"es\"},{\"@type\":\"Organization\",\"@id\":\"https:\\\/\\\/informelitoral.com.ar\\\/#organization\",\"name\":\"Informe Litoral\",\"url\":\"https:\\\/\\\/informelitoral.com.ar\\\/\",\"logo\":{\"@type\":\"ImageObject\",\"inLanguage\":\"es\",\"@id\":\"https:\\\/\\\/informelitoral.com.ar\\\/#\\\/schema\\\/logo\\\/image\\\/\",\"url\":\"https:\\\/\\\/informelitoral.com.ar\\\/%77%70%2d%63%6f%6e%74%65%6e%74\\\/uploads\\\/2021\\\/01\\\/circulo.png\",\"contentUrl\":\"https:\\\/\\\/informelitoral.com.ar\\\/%77%70%2d%63%6f%6e%74%65%6e%74\\\/uploads\\\/2021\\\/01\\\/circulo.png\",\"width\":723,\"height\":731,\"caption\":\"Informe Litoral\"},\"image\":{\"@id\":\"https:\\\/\\\/informelitoral.com.ar\\\/#\\\/schema\\\/logo\\\/image\\\/\"},\"sameAs\":[\"https:\\\/\\\/www.facebook.com\\\/informelitoral\\\/\",\"https:\\\/\\\/x.com\\\/InformeLitoral\",\"https:\\\/\\\/www.instagram.com\\\/informelitoral\\\/\",\"https:\\\/\\\/www.youtube.com\\\/channel\\\/UCua4Qvz8Icb6MYqhoq9xLXw\"]},{\"@type\":\"Person\",\"@id\":\"https:\\\/\\\/informelitoral.com.ar\\\/#\\\/schema\\\/person\\\/b9d00407c836482871ef1d57bf8e3180\",\"name\":\"Gonzalo Schmidt\",\"image\":{\"@type\":\"ImageObject\",\"inLanguage\":\"es\",\"@id\":\"https:\\\/\\\/secure.gravatar.com\\\/avatar\\\/31a1a7b66ff2de83bd0e9fd79d026630d2d99e55e8bfe501287647b4fd9743de?s=96&d=mm&r=g\",\"url\":\"https:\\\/\\\/secure.gravatar.com\\\/avatar\\\/31a1a7b66ff2de83bd0e9fd79d026630d2d99e55e8bfe501287647b4fd9743de?s=96&d=mm&r=g\",\"contentUrl\":\"https:\\\/\\\/secure.gravatar.com\\\/avatar\\\/31a1a7b66ff2de83bd0e9fd79d026630d2d99e55e8bfe501287647b4fd9743de?s=96&d=mm&r=g\",\"caption\":\"Gonzalo Schmidt\"},\"description\":\"Sitio web de noticias de la provincia de Entre R\u00edos, Argentina. Informaci\u00f3n y entretenimiento. Informe Litoral, nos informamos.\",\"sameAs\":[\"http:\\\/\\\/www.isletasnoticias.com.ar\"],\"url\":\"https:\\\/\\\/informelitoral.com.ar\\\/author\\\/gonzalo\\\/\"}]}<\/script>","yoast_head_json":{"title":"Bordet ratific\u00f3 la pol\u00edtica de preservaci\u00f3n de los recursos naturales de su gesti\u00f3n - Informe Litoral","robots":{"index":"index","follow":"follow","max-snippet":"max-snippet:-1","max-image-preview":"max-image-preview:large","max-video-preview":"max-video-preview:-1"},"canonical":"https:\/\/informelitoral.com.ar\/bordet-ratifico-la-politica-de-preservacion-de-los-recursos-naturales-de-su-gestion\/","og_locale":"es_ES","og_type":"article","og_title":"Bordet ratific\u00f3 la pol\u00edtica de preservaci\u00f3n de los recursos naturales de su gesti\u00f3n - Informe Litoral","og_description":"El gobernador Gustavo Bordet dio la bienvenida este lunes a las m&aacute;ximas autoridades ambientales de las provincias y de la Naci&oacute;n que visitan la capital entrerriana en el marco de las Jornadas sobre Seguro Ambiental que se llevan a cabo este martes y que son organizadas por la Secretar&iacute;a de Ambiente de Entre R&iacute;os. &ldquo;El [&hellip;]","og_url":"https:\/\/informelitoral.com.ar\/bordet-ratifico-la-politica-de-preservacion-de-los-recursos-naturales-de-su-gestion\/","og_site_name":"Informe Litoral","article_publisher":"https:\/\/www.facebook.com\/informelitoral\/","article_published_time":"2016-05-31T12:34:02+00:00","og_image":[{"width":492,"height":312,"url":"https:\/\/informelitoral.com.ar\/%77%70%2d%63%6f%6e%74%65%6e%74\/uploads\/2016\/05\/b_1464656294.jpg","type":"image\/jpeg"}],"author":"Gonzalo Schmidt","twitter_card":"summary_large_image","twitter_creator":"@InformeLitoral","twitter_site":"@InformeLitoral","twitter_misc":{"Escrito por":"Gonzalo Schmidt","Tiempo de lectura":"2 minutos"},"schema":{"@context":"https:\/\/schema.org","@graph":[{"@type":"Article","@id":"https:\/\/informelitoral.com.ar\/bordet-ratifico-la-politica-de-preservacion-de-los-recursos-naturales-de-su-gestion\/#article","isPartOf":{"@id":"https:\/\/informelitoral.com.ar\/bordet-ratifico-la-politica-de-preservacion-de-los-recursos-naturales-de-su-gestion\/"},"author":{"name":"Gonzalo Schmidt","@id":"https:\/\/informelitoral.com.ar\/#\/schema\/person\/b9d00407c836482871ef1d57bf8e3180"},"headline":"Bordet ratific\u00f3 la pol\u00edtica de preservaci\u00f3n de los recursos naturales de su gesti\u00f3n","datePublished":"2016-05-31T12:34:02+00:00","mainEntityOfPage":{"@id":"https:\/\/informelitoral.com.ar\/bordet-ratifico-la-politica-de-preservacion-de-los-recursos-naturales-de-su-gestion\/"},"wordCount":356,"commentCount":0,"publisher":{"@id":"https:\/\/informelitoral.com.ar\/#organization"},"image":{"@id":"https:\/\/informelitoral.com.ar\/bordet-ratifico-la-politica-de-preservacion-de-los-recursos-naturales-de-su-gestion\/#primaryimage"},"thumbnailUrl":"http:\/\/www.isletasnoticias.com.ar\/%77%70%2d%63%6f%6e%74%65%6e%74\/uploads\/2016\/05\/b_1464656294.jpg","articleSection":["Entre R\u00edos","Politica"],"inLanguage":"es","potentialAction":[{"@type":"CommentAction","name":"Comment","target":["https:\/\/informelitoral.com.ar\/bordet-ratifico-la-politica-de-preservacion-de-los-recursos-naturales-de-su-gestion\/#respond"]}]},{"@type":"WebPage","@id":"https:\/\/informelitoral.com.ar\/bordet-ratifico-la-politica-de-preservacion-de-los-recursos-naturales-de-su-gestion\/","url":"https:\/\/informelitoral.com.ar\/bordet-ratifico-la-politica-de-preservacion-de-los-recursos-naturales-de-su-gestion\/","name":"Bordet ratific\u00f3 la pol\u00edtica de preservaci\u00f3n de los recursos naturales de su gesti\u00f3n - Informe Litoral","isPartOf":{"@id":"https:\/\/informelitoral.com.ar\/#website"},"primaryImageOfPage":{"@id":"https:\/\/informelitoral.com.ar\/bordet-ratifico-la-politica-de-preservacion-de-los-recursos-naturales-de-su-gestion\/#primaryimage"},"image":{"@id":"https:\/\/informelitoral.com.ar\/bordet-ratifico-la-politica-de-preservacion-de-los-recursos-naturales-de-su-gestion\/#primaryimage"},"thumbnailUrl":"http:\/\/www.isletasnoticias.com.ar\/%77%70%2d%63%6f%6e%74%65%6e%74\/uploads\/2016\/05\/b_1464656294.jpg","datePublished":"2016-05-31T12:34:02+00:00","breadcrumb":{"@id":"https:\/\/informelitoral.com.ar\/bordet-ratifico-la-politica-de-preservacion-de-los-recursos-naturales-de-su-gestion\/#breadcrumb"},"inLanguage":"es","potentialAction":[{"@type":"ReadAction","target":["https:\/\/informelitoral.com.ar\/bordet-ratifico-la-politica-de-preservacion-de-los-recursos-naturales-de-su-gestion\/"]}]},{"@type":"ImageObject","inLanguage":"es","@id":"https:\/\/informelitoral.com.ar\/bordet-ratifico-la-politica-de-preservacion-de-los-recursos-naturales-de-su-gestion\/#primaryimage","url":"http:\/\/www.isletasnoticias.com.ar\/%77%70%2d%63%6f%6e%74%65%6e%74\/uploads\/2016\/05\/b_1464656294.jpg","contentUrl":"http:\/\/www.isletasnoticias.com.ar\/%77%70%2d%63%6f%6e%74%65%6e%74\/uploads\/2016\/05\/b_1464656294.jpg"},{"@type":"BreadcrumbList","@id":"https:\/\/informelitoral.com.ar\/bordet-ratifico-la-politica-de-preservacion-de-los-recursos-naturales-de-su-gestion\/#breadcrumb","itemListElement":[{"@type":"ListItem","position":1,"name":"Portada","item":"https:\/\/informelitoral.com.ar\/"},{"@type":"ListItem","position":2,"name":"Bordet ratific\u00f3 la pol\u00edtica de preservaci\u00f3n de los recursos naturales de su gesti\u00f3n"}]},{"@type":"WebSite","@id":"https:\/\/informelitoral.com.ar\/#website","url":"https:\/\/informelitoral.com.ar\/","name":"Informe Litoral","description":"&quot;Nos informamos&quot; ","publisher":{"@id":"https:\/\/informelitoral.com.ar\/#organization"},"potentialAction":[{"@type":"SearchAction","target":{"@type":"EntryPoint","urlTemplate":"https:\/\/informelitoral.com.ar\/?s={search_term_string}"},"query-input":{"@type":"PropertyValueSpecification","valueRequired":true,"valueName":"search_term_string"}}],"inLanguage":"es"},{"@type":"Organization","@id":"https:\/\/informelitoral.com.ar\/#organization","name":"Informe Litoral","url":"https:\/\/informelitoral.com.ar\/","logo":{"@type":"ImageObject","inLanguage":"es","@id":"https:\/\/informelitoral.com.ar\/#\/schema\/logo\/image\/","url":"https:\/\/informelitoral.com.ar\/%77%70%2d%63%6f%6e%74%65%6e%74\/uploads\/2021\/01\/circulo.png","contentUrl":"https:\/\/informelitoral.com.ar\/%77%70%2d%63%6f%6e%74%65%6e%74\/uploads\/2021\/01\/circulo.png","width":723,"height":731,"caption":"Informe Litoral"},"image":{"@id":"https:\/\/informelitoral.com.ar\/#\/schema\/logo\/image\/"},"sameAs":["https:\/\/www.facebook.com\/informelitoral\/","https:\/\/x.com\/InformeLitoral","https:\/\/www.instagram.com\/informelitoral\/","https:\/\/www.youtube.com\/channel\/UCua4Qvz8Icb6MYqhoq9xLXw"]},{"@type":"Person","@id":"https:\/\/informelitoral.com.ar\/#\/schema\/person\/b9d00407c836482871ef1d57bf8e3180","name":"Gonzalo Schmidt","image":{"@type":"ImageObject","inLanguage":"es","@id":"https:\/\/secure.gravatar.com\/avatar\/31a1a7b66ff2de83bd0e9fd79d026630d2d99e55e8bfe501287647b4fd9743de?s=96&d=mm&r=g","url":"https:\/\/secure.gravatar.com\/avatar\/31a1a7b66ff2de83bd0e9fd79d026630d2d99e55e8bfe501287647b4fd9743de?s=96&d=mm&r=g","contentUrl":"https:\/\/secure.gravatar.com\/avatar\/31a1a7b66ff2de83bd0e9fd79d026630d2d99e55e8bfe501287647b4fd9743de?s=96&d=mm&r=g","caption":"Gonzalo Schmidt"},"description":"Sitio web de noticias de la provincia de Entre R\u00edos, Argentina. Informaci\u00f3n y entretenimiento. Informe Litoral, nos informamos.","sameAs":["http:\/\/www.isletasnoticias.com.ar"],"url":"https:\/\/informelitoral.com.ar\/author\/gonzalo\/"}]}},"_links":{"self":[{"href":"https:\/\/informelitoral.com.ar\/%77%70%2d%6a%73%6f%6e\/wp\/v2\/posts\/16370","targetHints":{"allow":["GET"]}}],"collection":[{"href":"https:\/\/informelitoral.com.ar\/%77%70%2d%6a%73%6f%6e\/wp\/v2\/posts"}],"about":[{"href":"https:\/\/informelitoral.com.ar\/%77%70%2d%6a%73%6f%6e\/wp\/v2\/types\/post"}],"author":[{"embeddable":true,"href":"https:\/\/informelitoral.com.ar\/%77%70%2d%6a%73%6f%6e\/wp\/v2\/users\/2"}],"replies":[{"embeddable":true,"href":"https:\/\/informelitoral.com.ar\/%77%70%2d%6a%73%6f%6e\/wp\/v2\/comments?post=16370"}],"version-history":[{"count":0,"href":"https:\/\/informelitoral.com.ar\/%77%70%2d%6a%73%6f%6e\/wp\/v2\/posts\/16370\/revisions"}],"wp:attachment":[{"href":"https:\/\/informelitoral.com.ar\/%77%70%2d%6a%73%6f%6e\/wp\/v2\/media?parent=16370"}],"wp:term":[{"taxonomy":"category","embeddable":true,"href":"https:\/\/informelitoral.com.ar\/%77%70%2d%6a%73%6f%6e\/wp\/v2\/categories?post=16370"},{"taxonomy":"post_tag","embeddable":true,"href":"https:\/\/informelitoral.com.ar\/%77%70%2d%6a%73%6f%6e\/wp\/v2\/tags?post=16370"}],"curies":[{"name":"wp","href":"https:\/\/api.w.org\/{rel}","templated":true}]}}