{"id":16364,"date":"2016-05-31T09:09:57","date_gmt":"2016-05-31T12:09:57","guid":{"rendered":"http:\/\/www.isletasnoticias.com.ar\/?p=16364"},"modified":"2016-05-31T09:09:57","modified_gmt":"2016-05-31T12:09:57","slug":"la-amistad-y-los-negocios-de-macri-y-trump","status":"publish","type":"post","link":"https:\/\/informelitoral.com.ar\/la-amistad-y-los-negocios-de-macri-y-trump\/","title":{"rendered":"La amistad y los negocios de Macri y Trump"},"content":{"rendered":"<p><strong>Se conocen desde hace varios a\u00f1os. El emprendimiento que tuvieron en Nueva York. La posible relaci\u00f3n entre Argentina y EEUU si gana el republicano.<a href=\"http:\/\/www.isletasnoticias.com.ar\/%77%70%2d%63%6f%6e%74%65%6e%74\/uploads\/2016\/05\/0531_trump_macri_afp_dyn_g.jpg_1853027552.jpg\"><img loading=\"lazy\" decoding=\"async\" class=\"aligncenter wp-image-16365 size-full\" src=\"http:\/\/www.isletasnoticias.com.ar\/%77%70%2d%63%6f%6e%74%65%6e%74\/uploads\/2016\/05\/0531_trump_macri_afp_dyn_g.jpg_1853027552.jpg\" alt=\"0531_trump_macri_afp_dyn_g.jpg_1853027552\" width=\"728\" height=\"500\" srcset=\"https:\/\/informelitoral.com.ar\/%77%70%2d%63%6f%6e%74%65%6e%74\/uploads\/2016\/05\/0531_trump_macri_afp_dyn_g.jpg_1853027552.jpg 728w, https:\/\/informelitoral.com.ar\/%77%70%2d%63%6f%6e%74%65%6e%74\/uploads\/2016\/05\/0531_trump_macri_afp_dyn_g.jpg_1853027552-300x206.jpg 300w\" sizes=\"auto, (max-width: 728px) 100vw, 728px\" \/><\/a><\/strong><\/p>\n<p>En la teor\u00eda de las relaciones internacionales existe un concepto denominado \u201c<strong>diplomacia presidencial<\/strong>\u201d. Se trata de un t\u00e9rmino que permite se\u00f1alar la importancia que puede tener para las negociaciones internacionales la relaci\u00f3n personal entre dos l\u00edderes mundiales, una sinton\u00eda que les permitir\u00eda resolver conflictos bilaterales en momentos en los que la burocracia de la diplomacia tradicional no alcanzar\u00eda a superarlos. En pocas palabras: <strong>cuando hay qu\u00edmica entre dos presidentes<\/strong>, las relaciones entre sus pa\u00edses podr\u00edan mejorar gracias a la empat\u00eda de esos jefes de Estado.<\/p>\n<p>Algo de eso pas\u00f3 entre Carlos Menem y George Bush en los noventa cuando el peronista y el republicano, padre de George W. Bush, alcanzaron una simpat\u00eda que se prolong\u00f3 en los campos de golf y los escenarios internacionales, incluso cuando ambos presidentes hab\u00edan dejado el poder. La <strong>sinergia entre Argentina y Estados Unidos<\/strong>, recuerdan los nost\u00e1lgicos de aquellas \u201crelaciones carnales\u201d, nunca antes hab\u00eda alcanzado un grado tan elevado.<\/p>\n<p>\u00bfPor qu\u00e9 recordar la amistad de un presidente argentino y un presidente estadounidense? Porque si las encuestas no se equivocan al anticipar un cada vez menos impensado triunfo de <strong>Donald Trump<\/strong> ante Hillary Clinton, la relaci\u00f3n especial entre la Casa Rosada y la Casa Blanca podr\u00eda repetirse entre una Argentina gobernada por <strong>Mauricio Macri <\/strong>y un Estados Unidos administrado por el sorpresivo magnate norteamericano.<\/p>\n<p>A contramano de los l\u00edderes de todo el mundo, que se preocupan por la cada vez m\u00e1s posible llegada de Trump a Washington &#8211;especialmente en Am\u00e9rica Latina, por sus declaraciones xen\u00f3fobas&#8211;, Macri <strong>podr\u00eda estar celebrando los sondeos<\/strong> que posicionan al candidato del Partido Republicano por primera vez por encima de Hillary. Es que los Macri y los Trump cultivan una relaci\u00f3n afectiva, originada en los negocios, hace ya varias d\u00e9cadas.<\/p>\n<p>Aunque el presidente argentino no se deja tentar por marcar p\u00fablicamente su preferencia, y remarca que conoce a Hillary por el trabajo de la candidata del Partido Dem\u00f3crata al frente de la Fundaci\u00f3n Clinton, Macri tambi\u00e9n aclara que la relaci\u00f3n personal que tiene con el empresario estadounidense <strong>comenz\u00f3 hace bastante tiempo<\/strong>.<\/p>\n<p>Los dos empresarios devenidos en pol\u00edticos se conocieron cuando el argentino ten\u00eda 24 a\u00f1os y el norteamericano 40. \u201cEs<strong> una larga historia<\/strong>, de hace mucho tiempo. Fue cuando tuve que cerrar un negocio familiar en Nueva York\u201d, le dijo Macri a la cadena estadounidense CBS, cuando le preguntaron por sus v\u00ednculos comerciales con el republicano. En esa entrevista, transmitida para los Estados Unidos, Macri reconoci\u00f3 que las gestiones que tuvo que realizar con Trump representaron su debut en los emprendimientos internacionales.<\/p>\n<p>La historia fue revelada en Estados Unidos en la biograf\u00eda del magnate neoyorkino, titulada <em>Trump: The Deals and the Downfall <\/em>(Trump: los negocios y la ca\u00edda), escrita por el periodista Wayne Barret, que realiz\u00f3 investigaciones para Newsweek y tambi\u00e9n fue docente de Periodismo en la Universidad de Columbia. En la Argentina, los v\u00ednculos entre la familia Trump y la familia Macri fueron expuestos en <em>El Pibe<\/em>, la primera biograf\u00eda pol\u00edtica del l\u00edder del PRO, escrita por la ex periodista Gabriela Cerruti, hoy legisladora porte\u00f1a por Nuevo Encuentro, partido aliado al kirchnerismo y fundado por Mart\u00edn Sabbatella.<\/p>\n<p>Desde 1979 hasta 1984, <strong>el Grupo Macri quiso construir conjuntamente con el Grupo Trump un edificio de 150 pisos en Nueva York<\/strong>, sobre una propiedad que Franco Macri hab\u00eda comprado en el lado oeste de Manhattan. El Proyecto Lincoln West no prosper\u00f3, pero gener\u00f3 una<strong> muy buena relaci\u00f3n<\/strong> entre los empresarios y, con el tiempo, Trump empez\u00f3 a visitar a sus amigos argentinos para alojarse en la quinta Los Abrojos &#8211;el refugio que Macri tiene en el partido bonaerense de Malvinas Argentinas&#8211;, o en la mansi\u00f3n que la familia del ex presidente de Boca tiene en Punta del Este.<\/p>\n<p>\u201cMe encanta Buenos Aires, es una hermosa ciudad. Conozco grandes hombres de negocios en la regi\u00f3n, como Macri. Es un buen tipo\u201d, confes\u00f3 Trump en 2012 al diario<em> La Naci\u00f3n<\/em>, cuando anunci\u00f3 una inversi\u00f3n de 100 de millones de d\u00f3lares en la Trump Tower, construida, precisamente, en Punta del Este. \u201cConozco a los dos (Macri), al padre y al hijo, que ahora es jefe de Gobierno de la ciudad de Buenos Aires. <strong>Me caen bien y creo que son una gran familia<\/strong>. Me dijeron que el hijo est\u00e1 haciendo un buen trabajo en Buenos Aires. Aprovecho para mandarle mis saludos\u201d, complet\u00f3 en aquella entrevista el empresario que tiene un imperio formado por emprendimientos inmobiliarios y cadenas de hoteles en las principales ciudades del mundo.<\/p>\n<p>Esta misma semana, el <em>New York Times<\/em> public\u00f3 en tapa un interrogante que mantiene en vilo a los Estados Unidos: \u201c<strong>\u00bfPuede ganar Trump? Esta es la batalla decisiva<\/strong>\u201d, refiri\u00e9ndose al hipot\u00e9tico gobierno del magnate, que seg\u00fan la revista Forbes tiene una fortuna valuada en 4.100 millones de d\u00f3lares. Quiz\u00e1 Macri ya respondi\u00f3 la pregunta y espera que su viejo amigo se convierta en el sucesor de Barack Obama.<\/p>\n<p>Eso podr\u00eda explicar por qu\u00e9 el subconsciente traicion\u00f3 a Macri hace unas semanas, cuando en una conferencia de prensa se refiri\u00f3 a Trump como \u201cel presidente\u201d de los Estados Unidos <em>(Rodrigo Lloret &#8211; Perfil)<\/em><\/p>\n","protected":false},"excerpt":{"rendered":"<p>Se conocen desde hace varios a&ntilde;os. El emprendimiento que tuvieron en Nueva York. La posible relaci&oacute;n entre Argentina y EEUU si gana el republicano. En la teor&iacute;a de las relaciones internacionales existe un concepto denominado &ldquo;diplomacia presidencial&rdquo;. Se trata de un t&eacute;rmino que permite se&ntilde;alar la importancia que puede tener para las negociaciones internacionales la [&hellip;]<\/p>\n","protected":false},"author":2,"featured_media":0,"comment_status":"open","ping_status":"open","sticky":false,"template":"","format":"standard","meta":{"fifu_image_url":"","fifu_image_alt":"","footnotes":""},"categories":[8,7,16],"tags":[],"class_list":{"0":"post-16364","1":"post","2":"type-post","3":"status-publish","4":"format-standard","6":"category-internacionales","7":"category-nacionales","8":"category-politi"},"yoast_head":"<title>La amistad y los negocios de Macri y Trump - Informe Litoral<\/title>\n<meta name=\"robots\" content=\"index, follow, max-snippet:-1, max-image-preview:large, max-video-preview:-1\" \/>\n<link rel=\"canonical\" href=\"https:\/\/informelitoral.com.ar\/la-amistad-y-los-negocios-de-macri-y-trump\/\" \/>\n<meta property=\"og:locale\" content=\"es_ES\" \/>\n<meta property=\"og:type\" content=\"article\" \/>\n<meta property=\"og:title\" content=\"La amistad y los negocios de Macri y Trump - Informe Litoral\" \/>\n<meta property=\"og:description\" content=\"Se conocen desde hace varios a&ntilde;os. El emprendimiento que tuvieron en Nueva York. La posible relaci&oacute;n entre Argentina y EEUU si gana el republicano. En la teor&iacute;a de las relaciones internacionales existe un concepto denominado &ldquo;diplomacia presidencial&rdquo;. Se trata de un t&eacute;rmino que permite se&ntilde;alar la importancia que puede tener para las negociaciones internacionales la [&hellip;]\" \/>\n<meta property=\"og:url\" content=\"https:\/\/informelitoral.com.ar\/la-amistad-y-los-negocios-de-macri-y-trump\/\" \/>\n<meta property=\"og:site_name\" content=\"Informe Litoral\" \/>\n<meta property=\"article:publisher\" content=\"https:\/\/www.facebook.com\/informelitoral\/\" \/>\n<meta property=\"article:published_time\" content=\"2016-05-31T12:09:57+00:00\" \/>\n<meta property=\"og:image\" content=\"https:\/\/informelitoral.com.ar\/%77%70%2d%63%6f%6e%74%65%6e%74\/uploads\/2016\/05\/0531_trump_macri_afp_dyn_g.jpg_1853027552.jpg\" \/>\n\t<meta property=\"og:image:width\" content=\"728\" \/>\n\t<meta property=\"og:image:height\" content=\"500\" \/>\n\t<meta property=\"og:image:type\" content=\"image\/jpeg\" \/>\n<meta name=\"author\" content=\"Gonzalo Schmidt\" \/>\n<meta name=\"twitter:card\" content=\"summary_large_image\" \/>\n<meta name=\"twitter:creator\" content=\"@InformeLitoral\" \/>\n<meta name=\"twitter:site\" content=\"@InformeLitoral\" \/>\n<meta name=\"twitter:label1\" content=\"Escrito por\" \/>\n\t<meta name=\"twitter:data1\" content=\"Gonzalo Schmidt\" \/>\n\t<meta name=\"twitter:label2\" content=\"Tiempo de lectura\" \/>\n\t<meta name=\"twitter:data2\" content=\"5 minutos\" \/>\n<script type=\"application\/ld+json\" class=\"yoast-schema-graph\">{\"@context\":\"https:\\\/\\\/schema.org\",\"@graph\":[{\"@type\":\"Article\",\"@id\":\"https:\\\/\\\/informelitoral.com.ar\\\/la-amistad-y-los-negocios-de-macri-y-trump\\\/#article\",\"isPartOf\":{\"@id\":\"https:\\\/\\\/informelitoral.com.ar\\\/la-amistad-y-los-negocios-de-macri-y-trump\\\/\"},\"author\":{\"name\":\"Gonzalo Schmidt\",\"@id\":\"https:\\\/\\\/informelitoral.com.ar\\\/#\\\/schema\\\/person\\\/b9d00407c836482871ef1d57bf8e3180\"},\"headline\":\"La amistad y los negocios de Macri y Trump\",\"datePublished\":\"2016-05-31T12:09:57+00:00\",\"mainEntityOfPage\":{\"@id\":\"https:\\\/\\\/informelitoral.com.ar\\\/la-amistad-y-los-negocios-de-macri-y-trump\\\/\"},\"wordCount\":923,\"commentCount\":0,\"publisher\":{\"@id\":\"https:\\\/\\\/informelitoral.com.ar\\\/#organization\"},\"image\":{\"@id\":\"https:\\\/\\\/informelitoral.com.ar\\\/la-amistad-y-los-negocios-de-macri-y-trump\\\/#primaryimage\"},\"thumbnailUrl\":\"http:\\\/\\\/www.isletasnoticias.com.ar\\\/%77%70%2d%63%6f%6e%74%65%6e%74\\\/uploads\\\/2016\\\/05\\\/0531_trump_macri_afp_dyn_g.jpg_1853027552.jpg\",\"articleSection\":[\"Internacionales\",\"Nacionales\",\"Politica\"],\"inLanguage\":\"es\",\"potentialAction\":[{\"@type\":\"CommentAction\",\"name\":\"Comment\",\"target\":[\"https:\\\/\\\/informelitoral.com.ar\\\/la-amistad-y-los-negocios-de-macri-y-trump\\\/#respond\"]}]},{\"@type\":\"WebPage\",\"@id\":\"https:\\\/\\\/informelitoral.com.ar\\\/la-amistad-y-los-negocios-de-macri-y-trump\\\/\",\"url\":\"https:\\\/\\\/informelitoral.com.ar\\\/la-amistad-y-los-negocios-de-macri-y-trump\\\/\",\"name\":\"La amistad y los negocios de Macri y Trump - Informe Litoral\",\"isPartOf\":{\"@id\":\"https:\\\/\\\/informelitoral.com.ar\\\/#website\"},\"primaryImageOfPage\":{\"@id\":\"https:\\\/\\\/informelitoral.com.ar\\\/la-amistad-y-los-negocios-de-macri-y-trump\\\/#primaryimage\"},\"image\":{\"@id\":\"https:\\\/\\\/informelitoral.com.ar\\\/la-amistad-y-los-negocios-de-macri-y-trump\\\/#primaryimage\"},\"thumbnailUrl\":\"http:\\\/\\\/www.isletasnoticias.com.ar\\\/%77%70%2d%63%6f%6e%74%65%6e%74\\\/uploads\\\/2016\\\/05\\\/0531_trump_macri_afp_dyn_g.jpg_1853027552.jpg\",\"datePublished\":\"2016-05-31T12:09:57+00:00\",\"breadcrumb\":{\"@id\":\"https:\\\/\\\/informelitoral.com.ar\\\/la-amistad-y-los-negocios-de-macri-y-trump\\\/#breadcrumb\"},\"inLanguage\":\"es\",\"potentialAction\":[{\"@type\":\"ReadAction\",\"target\":[\"https:\\\/\\\/informelitoral.com.ar\\\/la-amistad-y-los-negocios-de-macri-y-trump\\\/\"]}]},{\"@type\":\"ImageObject\",\"inLanguage\":\"es\",\"@id\":\"https:\\\/\\\/informelitoral.com.ar\\\/la-amistad-y-los-negocios-de-macri-y-trump\\\/#primaryimage\",\"url\":\"http:\\\/\\\/www.isletasnoticias.com.ar\\\/%77%70%2d%63%6f%6e%74%65%6e%74\\\/uploads\\\/2016\\\/05\\\/0531_trump_macri_afp_dyn_g.jpg_1853027552.jpg\",\"contentUrl\":\"http:\\\/\\\/www.isletasnoticias.com.ar\\\/%77%70%2d%63%6f%6e%74%65%6e%74\\\/uploads\\\/2016\\\/05\\\/0531_trump_macri_afp_dyn_g.jpg_1853027552.jpg\"},{\"@type\":\"BreadcrumbList\",\"@id\":\"https:\\\/\\\/informelitoral.com.ar\\\/la-amistad-y-los-negocios-de-macri-y-trump\\\/#breadcrumb\",\"itemListElement\":[{\"@type\":\"ListItem\",\"position\":1,\"name\":\"Portada\",\"item\":\"https:\\\/\\\/informelitoral.com.ar\\\/\"},{\"@type\":\"ListItem\",\"position\":2,\"name\":\"La amistad y los negocios de Macri y Trump\"}]},{\"@type\":\"WebSite\",\"@id\":\"https:\\\/\\\/informelitoral.com.ar\\\/#website\",\"url\":\"https:\\\/\\\/informelitoral.com.ar\\\/\",\"name\":\"Informe Litoral\",\"description\":\"&quot;Nos informamos&quot; \",\"publisher\":{\"@id\":\"https:\\\/\\\/informelitoral.com.ar\\\/#organization\"},\"potentialAction\":[{\"@type\":\"SearchAction\",\"target\":{\"@type\":\"EntryPoint\",\"urlTemplate\":\"https:\\\/\\\/informelitoral.com.ar\\\/?s={search_term_string}\"},\"query-input\":{\"@type\":\"PropertyValueSpecification\",\"valueRequired\":true,\"valueName\":\"search_term_string\"}}],\"inLanguage\":\"es\"},{\"@type\":\"Organization\",\"@id\":\"https:\\\/\\\/informelitoral.com.ar\\\/#organization\",\"name\":\"Informe Litoral\",\"url\":\"https:\\\/\\\/informelitoral.com.ar\\\/\",\"logo\":{\"@type\":\"ImageObject\",\"inLanguage\":\"es\",\"@id\":\"https:\\\/\\\/informelitoral.com.ar\\\/#\\\/schema\\\/logo\\\/image\\\/\",\"url\":\"https:\\\/\\\/informelitoral.com.ar\\\/%77%70%2d%63%6f%6e%74%65%6e%74\\\/uploads\\\/2021\\\/01\\\/circulo.png\",\"contentUrl\":\"https:\\\/\\\/informelitoral.com.ar\\\/%77%70%2d%63%6f%6e%74%65%6e%74\\\/uploads\\\/2021\\\/01\\\/circulo.png\",\"width\":723,\"height\":731,\"caption\":\"Informe Litoral\"},\"image\":{\"@id\":\"https:\\\/\\\/informelitoral.com.ar\\\/#\\\/schema\\\/logo\\\/image\\\/\"},\"sameAs\":[\"https:\\\/\\\/www.facebook.com\\\/informelitoral\\\/\",\"https:\\\/\\\/x.com\\\/InformeLitoral\",\"https:\\\/\\\/www.instagram.com\\\/informelitoral\\\/\",\"https:\\\/\\\/www.youtube.com\\\/channel\\\/UCua4Qvz8Icb6MYqhoq9xLXw\"]},{\"@type\":\"Person\",\"@id\":\"https:\\\/\\\/informelitoral.com.ar\\\/#\\\/schema\\\/person\\\/b9d00407c836482871ef1d57bf8e3180\",\"name\":\"Gonzalo Schmidt\",\"image\":{\"@type\":\"ImageObject\",\"inLanguage\":\"es\",\"@id\":\"https:\\\/\\\/secure.gravatar.com\\\/avatar\\\/31a1a7b66ff2de83bd0e9fd79d026630d2d99e55e8bfe501287647b4fd9743de?s=96&d=mm&r=g\",\"url\":\"https:\\\/\\\/secure.gravatar.com\\\/avatar\\\/31a1a7b66ff2de83bd0e9fd79d026630d2d99e55e8bfe501287647b4fd9743de?s=96&d=mm&r=g\",\"contentUrl\":\"https:\\\/\\\/secure.gravatar.com\\\/avatar\\\/31a1a7b66ff2de83bd0e9fd79d026630d2d99e55e8bfe501287647b4fd9743de?s=96&d=mm&r=g\",\"caption\":\"Gonzalo Schmidt\"},\"description\":\"Sitio web de noticias de la provincia de Entre R\u00edos, Argentina. Informaci\u00f3n y entretenimiento. Informe Litoral, nos informamos.\",\"sameAs\":[\"http:\\\/\\\/www.isletasnoticias.com.ar\"],\"url\":\"https:\\\/\\\/informelitoral.com.ar\\\/author\\\/gonzalo\\\/\"}]}<\/script>","yoast_head_json":{"title":"La amistad y los negocios de Macri y Trump - Informe Litoral","robots":{"index":"index","follow":"follow","max-snippet":"max-snippet:-1","max-image-preview":"max-image-preview:large","max-video-preview":"max-video-preview:-1"},"canonical":"https:\/\/informelitoral.com.ar\/la-amistad-y-los-negocios-de-macri-y-trump\/","og_locale":"es_ES","og_type":"article","og_title":"La amistad y los negocios de Macri y Trump - Informe Litoral","og_description":"Se conocen desde hace varios a&ntilde;os. El emprendimiento que tuvieron en Nueva York. La posible relaci&oacute;n entre Argentina y EEUU si gana el republicano. En la teor&iacute;a de las relaciones internacionales existe un concepto denominado &ldquo;diplomacia presidencial&rdquo;. Se trata de un t&eacute;rmino que permite se&ntilde;alar la importancia que puede tener para las negociaciones internacionales la [&hellip;]","og_url":"https:\/\/informelitoral.com.ar\/la-amistad-y-los-negocios-de-macri-y-trump\/","og_site_name":"Informe Litoral","article_publisher":"https:\/\/www.facebook.com\/informelitoral\/","article_published_time":"2016-05-31T12:09:57+00:00","og_image":[{"width":728,"height":500,"url":"https:\/\/informelitoral.com.ar\/%77%70%2d%63%6f%6e%74%65%6e%74\/uploads\/2016\/05\/0531_trump_macri_afp_dyn_g.jpg_1853027552.jpg","type":"image\/jpeg"}],"author":"Gonzalo Schmidt","twitter_card":"summary_large_image","twitter_creator":"@InformeLitoral","twitter_site":"@InformeLitoral","twitter_misc":{"Escrito por":"Gonzalo Schmidt","Tiempo de lectura":"5 minutos"},"schema":{"@context":"https:\/\/schema.org","@graph":[{"@type":"Article","@id":"https:\/\/informelitoral.com.ar\/la-amistad-y-los-negocios-de-macri-y-trump\/#article","isPartOf":{"@id":"https:\/\/informelitoral.com.ar\/la-amistad-y-los-negocios-de-macri-y-trump\/"},"author":{"name":"Gonzalo Schmidt","@id":"https:\/\/informelitoral.com.ar\/#\/schema\/person\/b9d00407c836482871ef1d57bf8e3180"},"headline":"La amistad y los negocios de Macri y Trump","datePublished":"2016-05-31T12:09:57+00:00","mainEntityOfPage":{"@id":"https:\/\/informelitoral.com.ar\/la-amistad-y-los-negocios-de-macri-y-trump\/"},"wordCount":923,"commentCount":0,"publisher":{"@id":"https:\/\/informelitoral.com.ar\/#organization"},"image":{"@id":"https:\/\/informelitoral.com.ar\/la-amistad-y-los-negocios-de-macri-y-trump\/#primaryimage"},"thumbnailUrl":"http:\/\/www.isletasnoticias.com.ar\/%77%70%2d%63%6f%6e%74%65%6e%74\/uploads\/2016\/05\/0531_trump_macri_afp_dyn_g.jpg_1853027552.jpg","articleSection":["Internacionales","Nacionales","Politica"],"inLanguage":"es","potentialAction":[{"@type":"CommentAction","name":"Comment","target":["https:\/\/informelitoral.com.ar\/la-amistad-y-los-negocios-de-macri-y-trump\/#respond"]}]},{"@type":"WebPage","@id":"https:\/\/informelitoral.com.ar\/la-amistad-y-los-negocios-de-macri-y-trump\/","url":"https:\/\/informelitoral.com.ar\/la-amistad-y-los-negocios-de-macri-y-trump\/","name":"La amistad y los negocios de Macri y Trump - Informe Litoral","isPartOf":{"@id":"https:\/\/informelitoral.com.ar\/#website"},"primaryImageOfPage":{"@id":"https:\/\/informelitoral.com.ar\/la-amistad-y-los-negocios-de-macri-y-trump\/#primaryimage"},"image":{"@id":"https:\/\/informelitoral.com.ar\/la-amistad-y-los-negocios-de-macri-y-trump\/#primaryimage"},"thumbnailUrl":"http:\/\/www.isletasnoticias.com.ar\/%77%70%2d%63%6f%6e%74%65%6e%74\/uploads\/2016\/05\/0531_trump_macri_afp_dyn_g.jpg_1853027552.jpg","datePublished":"2016-05-31T12:09:57+00:00","breadcrumb":{"@id":"https:\/\/informelitoral.com.ar\/la-amistad-y-los-negocios-de-macri-y-trump\/#breadcrumb"},"inLanguage":"es","potentialAction":[{"@type":"ReadAction","target":["https:\/\/informelitoral.com.ar\/la-amistad-y-los-negocios-de-macri-y-trump\/"]}]},{"@type":"ImageObject","inLanguage":"es","@id":"https:\/\/informelitoral.com.ar\/la-amistad-y-los-negocios-de-macri-y-trump\/#primaryimage","url":"http:\/\/www.isletasnoticias.com.ar\/%77%70%2d%63%6f%6e%74%65%6e%74\/uploads\/2016\/05\/0531_trump_macri_afp_dyn_g.jpg_1853027552.jpg","contentUrl":"http:\/\/www.isletasnoticias.com.ar\/%77%70%2d%63%6f%6e%74%65%6e%74\/uploads\/2016\/05\/0531_trump_macri_afp_dyn_g.jpg_1853027552.jpg"},{"@type":"BreadcrumbList","@id":"https:\/\/informelitoral.com.ar\/la-amistad-y-los-negocios-de-macri-y-trump\/#breadcrumb","itemListElement":[{"@type":"ListItem","position":1,"name":"Portada","item":"https:\/\/informelitoral.com.ar\/"},{"@type":"ListItem","position":2,"name":"La amistad y los negocios de Macri y Trump"}]},{"@type":"WebSite","@id":"https:\/\/informelitoral.com.ar\/#website","url":"https:\/\/informelitoral.com.ar\/","name":"Informe Litoral","description":"&quot;Nos informamos&quot; ","publisher":{"@id":"https:\/\/informelitoral.com.ar\/#organization"},"potentialAction":[{"@type":"SearchAction","target":{"@type":"EntryPoint","urlTemplate":"https:\/\/informelitoral.com.ar\/?s={search_term_string}"},"query-input":{"@type":"PropertyValueSpecification","valueRequired":true,"valueName":"search_term_string"}}],"inLanguage":"es"},{"@type":"Organization","@id":"https:\/\/informelitoral.com.ar\/#organization","name":"Informe Litoral","url":"https:\/\/informelitoral.com.ar\/","logo":{"@type":"ImageObject","inLanguage":"es","@id":"https:\/\/informelitoral.com.ar\/#\/schema\/logo\/image\/","url":"https:\/\/informelitoral.com.ar\/%77%70%2d%63%6f%6e%74%65%6e%74\/uploads\/2021\/01\/circulo.png","contentUrl":"https:\/\/informelitoral.com.ar\/%77%70%2d%63%6f%6e%74%65%6e%74\/uploads\/2021\/01\/circulo.png","width":723,"height":731,"caption":"Informe Litoral"},"image":{"@id":"https:\/\/informelitoral.com.ar\/#\/schema\/logo\/image\/"},"sameAs":["https:\/\/www.facebook.com\/informelitoral\/","https:\/\/x.com\/InformeLitoral","https:\/\/www.instagram.com\/informelitoral\/","https:\/\/www.youtube.com\/channel\/UCua4Qvz8Icb6MYqhoq9xLXw"]},{"@type":"Person","@id":"https:\/\/informelitoral.com.ar\/#\/schema\/person\/b9d00407c836482871ef1d57bf8e3180","name":"Gonzalo Schmidt","image":{"@type":"ImageObject","inLanguage":"es","@id":"https:\/\/secure.gravatar.com\/avatar\/31a1a7b66ff2de83bd0e9fd79d026630d2d99e55e8bfe501287647b4fd9743de?s=96&d=mm&r=g","url":"https:\/\/secure.gravatar.com\/avatar\/31a1a7b66ff2de83bd0e9fd79d026630d2d99e55e8bfe501287647b4fd9743de?s=96&d=mm&r=g","contentUrl":"https:\/\/secure.gravatar.com\/avatar\/31a1a7b66ff2de83bd0e9fd79d026630d2d99e55e8bfe501287647b4fd9743de?s=96&d=mm&r=g","caption":"Gonzalo Schmidt"},"description":"Sitio web de noticias de la provincia de Entre R\u00edos, Argentina. Informaci\u00f3n y entretenimiento. Informe Litoral, nos informamos.","sameAs":["http:\/\/www.isletasnoticias.com.ar"],"url":"https:\/\/informelitoral.com.ar\/author\/gonzalo\/"}]}},"_links":{"self":[{"href":"https:\/\/informelitoral.com.ar\/%77%70%2d%6a%73%6f%6e\/wp\/v2\/posts\/16364","targetHints":{"allow":["GET"]}}],"collection":[{"href":"https:\/\/informelitoral.com.ar\/%77%70%2d%6a%73%6f%6e\/wp\/v2\/posts"}],"about":[{"href":"https:\/\/informelitoral.com.ar\/%77%70%2d%6a%73%6f%6e\/wp\/v2\/types\/post"}],"author":[{"embeddable":true,"href":"https:\/\/informelitoral.com.ar\/%77%70%2d%6a%73%6f%6e\/wp\/v2\/users\/2"}],"replies":[{"embeddable":true,"href":"https:\/\/informelitoral.com.ar\/%77%70%2d%6a%73%6f%6e\/wp\/v2\/comments?post=16364"}],"version-history":[{"count":0,"href":"https:\/\/informelitoral.com.ar\/%77%70%2d%6a%73%6f%6e\/wp\/v2\/posts\/16364\/revisions"}],"wp:attachment":[{"href":"https:\/\/informelitoral.com.ar\/%77%70%2d%6a%73%6f%6e\/wp\/v2\/media?parent=16364"}],"wp:term":[{"taxonomy":"category","embeddable":true,"href":"https:\/\/informelitoral.com.ar\/%77%70%2d%6a%73%6f%6e\/wp\/v2\/categories?post=16364"},{"taxonomy":"post_tag","embeddable":true,"href":"https:\/\/informelitoral.com.ar\/%77%70%2d%6a%73%6f%6e\/wp\/v2\/tags?post=16364"}],"curies":[{"name":"wp","href":"https:\/\/api.w.org\/{rel}","templated":true}]}}