{"id":16359,"date":"2016-05-31T08:19:11","date_gmt":"2016-05-31T11:19:11","guid":{"rendered":"http:\/\/www.isletasnoticias.com.ar\/?p=16359"},"modified":"2016-05-31T08:22:41","modified_gmt":"2016-05-31T11:22:41","slug":"ramirez-la-programacion-de-fm-del-litoral-88-3","status":"publish","type":"post","link":"https:\/\/informelitoral.com.ar\/ramirez-la-programacion-de-fm-del-litoral-88-3\/","title":{"rendered":"Ram\u00edrez: la programaci\u00f3n de FM Del Litoral 88.3"},"content":{"rendered":"<p><strong>Es la radio m\u00e1s nueva de esa ciudad del departamento Diamante. Se caracteriza por la programaci\u00f3n folcl\u00f3rica. <em>Las propuestas que ofrece en esta nota.<\/em><\/strong><\/p>\n<figure id=\"attachment_16360\" aria-describedby=\"caption-attachment-16360\" style=\"width: 556px\" class=\"wp-caption aligncenter\"><a href=\"http:\/\/www.isletasnoticias.com.ar\/%77%70%2d%63%6f%6e%74%65%6e%74\/uploads\/2016\/05\/184443_483914228327264_295446065_n.jpg\"><img loading=\"lazy\" decoding=\"async\" class=\"wp-image-16360 \" src=\"http:\/\/www.isletasnoticias.com.ar\/%77%70%2d%63%6f%6e%74%65%6e%74\/uploads\/2016\/05\/184443_483914228327264_295446065_n.jpg\" alt=\"184443_483914228327264_295446065_n\" width=\"556\" height=\"462\" srcset=\"https:\/\/informelitoral.com.ar\/%77%70%2d%63%6f%6e%74%65%6e%74\/uploads\/2016\/05\/184443_483914228327264_295446065_n.jpg 960w, https:\/\/informelitoral.com.ar\/%77%70%2d%63%6f%6e%74%65%6e%74\/uploads\/2016\/05\/184443_483914228327264_295446065_n-300x250.jpg 300w, https:\/\/informelitoral.com.ar\/%77%70%2d%63%6f%6e%74%65%6e%74\/uploads\/2016\/05\/184443_483914228327264_295446065_n-768x639.jpg 768w\" sizes=\"auto, (max-width: 556px) 100vw, 556px\" \/><\/a><figcaption id=\"caption-attachment-16360\" class=\"wp-caption-text\"><em><strong>Foto:<\/strong> Javier Schmidt est\u00e1 al frente de FM Del Litoral 88.3<\/em><\/figcaption><\/figure>\n<p>En el repaso, que hacemos desde <strong><em>IN<\/em><\/strong>, por la programaci\u00f3n de las diferentes radios de General Ram\u00edrez, llegamos a <em>FM Del Litoral 88.3<\/em>, la emisora m\u00e1s nueva de esa ciudad del departamento Diamante.<\/p>\n<p>La radio se caracteriza por tener casi la totalidad de su programaci\u00f3n basada en el folclore y su director es <strong>Javier Schmidt<\/strong>.<\/p>\n<p><strong>Programaci\u00f3n de lunes a viernes<\/strong><\/p>\n<p>06:00 <em>Entre R\u00edos mi pa\u00eds<\/em>, m\u00fasica entrerriana; 06:30 <em>Tango, caf\u00e9 y amigos<\/em>, con la conducci\u00f3n de <strong>\u201cNegro\u201d Godoy;<\/strong> 07:30 <em>Los chamameceros<\/em>, con la conducci\u00f3n de <strong>Antonio Tarrag\u00f3 Ros;<\/strong> 09:00 <em>Hoy folclore<\/em>, a cargo de <strong>Marcelo Sim\u00f3n; <\/strong>10:30 <em>Entre R\u00edos mi pa\u00eds<\/em>, m\u00fasica entrerriana; 11:00 <em>Nuestra gente<\/em>, conduce <strong>H\u00e9ctor Franco; <\/strong>12:00 <em>Con sabor a las cosas nuestras<\/em>, conduce <strong>Oscar Zaragoza; <\/strong>13:00 <em>Chamameceando<\/em>, m\u00fasica chamamecera; 16:00 <em>Folclore joven<\/em>, m\u00fasica folcl\u00f3rica variada actual; 17:30 <em>Entre amigos<\/em>, al mando de <strong>Jorge Ferreyra; <\/strong>19:00 <em>Folclore sin fronteras<\/em>, con la conducci\u00f3n de <strong>Lito Meccia<\/strong> (lunes-mi\u00e9rcoles y viernes); 20:00 <em>Folclore regional<\/em>, m\u00fasica de int\u00e9rpretes folcl\u00f3ricos regionales y a las 22:00 <em>Inolvidables del folclore<\/em>, m\u00fasica folcl\u00f3rica variada de todas las \u00e9pocas.<\/p>\n<p><strong>S\u00e1bados<\/strong><\/p>\n<p>06:00 <em>Entre R\u00edos mi pa\u00eds<\/em>, m\u00fasica entrerriana; 08:30<em> Nostalgias de mi litoral<\/em>, conduce <strong>Walter Magnelli; <\/strong>10:00 <em>La bailanta<\/em>, con <strong>Javier Schmidt<\/strong>; 12:00 <em>Chamameceando, <\/em>m\u00fasica chamamecera; 15:00 <em>Con sabor a las cosas nuestras<\/em>, con <strong>Oscar Zaragoza <\/strong>y a las<strong>\u00a0<\/strong>17:00 <em>Folclore Joven<\/em>, m\u00fasica folcl\u00f3rica variada actual.<\/p>\n<p><strong>Domingos<\/strong><\/p>\n<p>06:00 <em>Entre R\u00edos mi pa\u00eds,<\/em> m\u00fasica entrerriana; 08:30 <em>Acordeones<\/em>, con <strong>Ra\u00fal Varelli; <\/strong>09:00 <em>Nostalgias del Volga<\/em>, con <strong>Javier Schmidt<\/strong> y <strong>Jorge Ferreyra; <\/strong>12:00 <em>Chamameceand<\/em>o, m\u00fasica chamamecera y a las 16:00 <em>Folclore Joven<\/em>, m\u00fasica folcl\u00f3rica variada actual. Vale aclarar que muchos de los programas no se realizan en vivo en la emisora, sino que son enlatados pero que siempre apuntan a la difusi\u00f3n de la cultura y la m\u00fasica folcl\u00f3rica argentina.<\/p>\n<p>La emisora est\u00e1 ubicada en calle Lavalle 385 de la mencionada ciudad del departamento Diamante y el sitio web es: <a href=\"http:\/\/www.fmdellitoral883.com.ar\">www.fmdellitoral883.com.ar<\/a>. <em>(IN)<\/em><\/p>\n","protected":false},"excerpt":{"rendered":"<p>Es la radio m&aacute;s nueva de esa ciudad del departamento Diamante. Se caracteriza por la programaci&oacute;n folcl&oacute;rica. Las propuestas que ofrece en esta nota. En el repaso, que hacemos desde IN, por la programaci&oacute;n de las diferentes radios de General Ram&iacute;rez, llegamos a FM Del Litoral 88.3, la emisora m&aacute;s nueva de esa ciudad del [&hellip;]<\/p>\n","protected":false},"author":2,"featured_media":0,"comment_status":"open","ping_status":"open","sticky":false,"template":"","format":"standard","meta":{"fifu_image_url":"","fifu_image_alt":"","footnotes":""},"categories":[5,12],"tags":[],"class_list":{"0":"post-16359","1":"post","2":"type-post","3":"status-publish","4":"format-standard","6":"category-zonales","7":"category-espectaculos"},"yoast_head":"<title>Ram\u00edrez: la programaci\u00f3n de FM Del Litoral 88.3 - Informe Litoral<\/title>\n<meta name=\"robots\" content=\"index, follow, max-snippet:-1, max-image-preview:large, max-video-preview:-1\" \/>\n<link rel=\"canonical\" href=\"https:\/\/informelitoral.com.ar\/ramirez-la-programacion-de-fm-del-litoral-88-3\/\" \/>\n<meta property=\"og:locale\" content=\"es_ES\" \/>\n<meta property=\"og:type\" content=\"article\" \/>\n<meta property=\"og:title\" content=\"Ram\u00edrez: la programaci\u00f3n de FM Del Litoral 88.3 - Informe Litoral\" \/>\n<meta property=\"og:description\" content=\"Es la radio m&aacute;s nueva de esa ciudad del departamento Diamante. Se caracteriza por la programaci&oacute;n folcl&oacute;rica. Las propuestas que ofrece en esta nota. En el repaso, que hacemos desde IN, por la programaci&oacute;n de las diferentes radios de General Ram&iacute;rez, llegamos a FM Del Litoral 88.3, la emisora m&aacute;s nueva de esa ciudad del [&hellip;]\" \/>\n<meta property=\"og:url\" content=\"https:\/\/informelitoral.com.ar\/ramirez-la-programacion-de-fm-del-litoral-88-3\/\" \/>\n<meta property=\"og:site_name\" content=\"Informe Litoral\" \/>\n<meta property=\"article:publisher\" content=\"https:\/\/www.facebook.com\/informelitoral\/\" \/>\n<meta property=\"article:published_time\" content=\"2016-05-31T11:19:11+00:00\" \/>\n<meta property=\"article:modified_time\" content=\"2016-05-31T11:22:41+00:00\" \/>\n<meta property=\"og:image\" content=\"https:\/\/informelitoral.com.ar\/%77%70%2d%63%6f%6e%74%65%6e%74\/uploads\/2016\/05\/184443_483914228327264_295446065_n.jpg\" \/>\n\t<meta property=\"og:image:width\" content=\"960\" \/>\n\t<meta property=\"og:image:height\" content=\"799\" \/>\n\t<meta property=\"og:image:type\" content=\"image\/jpeg\" \/>\n<meta name=\"author\" content=\"Gonzalo Schmidt\" \/>\n<meta name=\"twitter:card\" content=\"summary_large_image\" \/>\n<meta name=\"twitter:creator\" content=\"@InformeLitoral\" \/>\n<meta name=\"twitter:site\" content=\"@InformeLitoral\" \/>\n<meta name=\"twitter:label1\" content=\"Escrito por\" \/>\n\t<meta name=\"twitter:data1\" content=\"Gonzalo Schmidt\" \/>\n\t<meta name=\"twitter:label2\" content=\"Tiempo de lectura\" \/>\n\t<meta name=\"twitter:data2\" content=\"2 minutos\" \/>\n<script type=\"application\/ld+json\" class=\"yoast-schema-graph\">{\"@context\":\"https:\\\/\\\/schema.org\",\"@graph\":[{\"@type\":\"Article\",\"@id\":\"https:\\\/\\\/informelitoral.com.ar\\\/ramirez-la-programacion-de-fm-del-litoral-88-3\\\/#article\",\"isPartOf\":{\"@id\":\"https:\\\/\\\/informelitoral.com.ar\\\/ramirez-la-programacion-de-fm-del-litoral-88-3\\\/\"},\"author\":{\"name\":\"Gonzalo Schmidt\",\"@id\":\"https:\\\/\\\/informelitoral.com.ar\\\/#\\\/schema\\\/person\\\/b9d00407c836482871ef1d57bf8e3180\"},\"headline\":\"Ram\u00edrez: la programaci\u00f3n de FM Del Litoral 88.3\",\"datePublished\":\"2016-05-31T11:19:11+00:00\",\"dateModified\":\"2016-05-31T11:22:41+00:00\",\"mainEntityOfPage\":{\"@id\":\"https:\\\/\\\/informelitoral.com.ar\\\/ramirez-la-programacion-de-fm-del-litoral-88-3\\\/\"},\"wordCount\":384,\"commentCount\":0,\"publisher\":{\"@id\":\"https:\\\/\\\/informelitoral.com.ar\\\/#organization\"},\"image\":{\"@id\":\"https:\\\/\\\/informelitoral.com.ar\\\/ramirez-la-programacion-de-fm-del-litoral-88-3\\\/#primaryimage\"},\"thumbnailUrl\":\"http:\\\/\\\/www.isletasnoticias.com.ar\\\/%77%70%2d%63%6f%6e%74%65%6e%74\\\/uploads\\\/2016\\\/05\\\/184443_483914228327264_295446065_n.jpg\",\"articleSection\":[\"Departamento Diamante\",\"Espect\u00e1culos\"],\"inLanguage\":\"es\",\"potentialAction\":[{\"@type\":\"CommentAction\",\"name\":\"Comment\",\"target\":[\"https:\\\/\\\/informelitoral.com.ar\\\/ramirez-la-programacion-de-fm-del-litoral-88-3\\\/#respond\"]}]},{\"@type\":\"WebPage\",\"@id\":\"https:\\\/\\\/informelitoral.com.ar\\\/ramirez-la-programacion-de-fm-del-litoral-88-3\\\/\",\"url\":\"https:\\\/\\\/informelitoral.com.ar\\\/ramirez-la-programacion-de-fm-del-litoral-88-3\\\/\",\"name\":\"Ram\u00edrez: la programaci\u00f3n de FM Del Litoral 88.3 - Informe Litoral\",\"isPartOf\":{\"@id\":\"https:\\\/\\\/informelitoral.com.ar\\\/#website\"},\"primaryImageOfPage\":{\"@id\":\"https:\\\/\\\/informelitoral.com.ar\\\/ramirez-la-programacion-de-fm-del-litoral-88-3\\\/#primaryimage\"},\"image\":{\"@id\":\"https:\\\/\\\/informelitoral.com.ar\\\/ramirez-la-programacion-de-fm-del-litoral-88-3\\\/#primaryimage\"},\"thumbnailUrl\":\"http:\\\/\\\/www.isletasnoticias.com.ar\\\/%77%70%2d%63%6f%6e%74%65%6e%74\\\/uploads\\\/2016\\\/05\\\/184443_483914228327264_295446065_n.jpg\",\"datePublished\":\"2016-05-31T11:19:11+00:00\",\"dateModified\":\"2016-05-31T11:22:41+00:00\",\"breadcrumb\":{\"@id\":\"https:\\\/\\\/informelitoral.com.ar\\\/ramirez-la-programacion-de-fm-del-litoral-88-3\\\/#breadcrumb\"},\"inLanguage\":\"es\",\"potentialAction\":[{\"@type\":\"ReadAction\",\"target\":[\"https:\\\/\\\/informelitoral.com.ar\\\/ramirez-la-programacion-de-fm-del-litoral-88-3\\\/\"]}]},{\"@type\":\"ImageObject\",\"inLanguage\":\"es\",\"@id\":\"https:\\\/\\\/informelitoral.com.ar\\\/ramirez-la-programacion-de-fm-del-litoral-88-3\\\/#primaryimage\",\"url\":\"http:\\\/\\\/www.isletasnoticias.com.ar\\\/%77%70%2d%63%6f%6e%74%65%6e%74\\\/uploads\\\/2016\\\/05\\\/184443_483914228327264_295446065_n.jpg\",\"contentUrl\":\"http:\\\/\\\/www.isletasnoticias.com.ar\\\/%77%70%2d%63%6f%6e%74%65%6e%74\\\/uploads\\\/2016\\\/05\\\/184443_483914228327264_295446065_n.jpg\"},{\"@type\":\"BreadcrumbList\",\"@id\":\"https:\\\/\\\/informelitoral.com.ar\\\/ramirez-la-programacion-de-fm-del-litoral-88-3\\\/#breadcrumb\",\"itemListElement\":[{\"@type\":\"ListItem\",\"position\":1,\"name\":\"Portada\",\"item\":\"https:\\\/\\\/informelitoral.com.ar\\\/\"},{\"@type\":\"ListItem\",\"position\":2,\"name\":\"Ram\u00edrez: la programaci\u00f3n de FM Del Litoral 88.3\"}]},{\"@type\":\"WebSite\",\"@id\":\"https:\\\/\\\/informelitoral.com.ar\\\/#website\",\"url\":\"https:\\\/\\\/informelitoral.com.ar\\\/\",\"name\":\"Informe Litoral\",\"description\":\"&quot;Nos informamos&quot; \",\"publisher\":{\"@id\":\"https:\\\/\\\/informelitoral.com.ar\\\/#organization\"},\"potentialAction\":[{\"@type\":\"SearchAction\",\"target\":{\"@type\":\"EntryPoint\",\"urlTemplate\":\"https:\\\/\\\/informelitoral.com.ar\\\/?s={search_term_string}\"},\"query-input\":{\"@type\":\"PropertyValueSpecification\",\"valueRequired\":true,\"valueName\":\"search_term_string\"}}],\"inLanguage\":\"es\"},{\"@type\":\"Organization\",\"@id\":\"https:\\\/\\\/informelitoral.com.ar\\\/#organization\",\"name\":\"Informe Litoral\",\"url\":\"https:\\\/\\\/informelitoral.com.ar\\\/\",\"logo\":{\"@type\":\"ImageObject\",\"inLanguage\":\"es\",\"@id\":\"https:\\\/\\\/informelitoral.com.ar\\\/#\\\/schema\\\/logo\\\/image\\\/\",\"url\":\"https:\\\/\\\/informelitoral.com.ar\\\/%77%70%2d%63%6f%6e%74%65%6e%74\\\/uploads\\\/2021\\\/01\\\/circulo.png\",\"contentUrl\":\"https:\\\/\\\/informelitoral.com.ar\\\/%77%70%2d%63%6f%6e%74%65%6e%74\\\/uploads\\\/2021\\\/01\\\/circulo.png\",\"width\":723,\"height\":731,\"caption\":\"Informe Litoral\"},\"image\":{\"@id\":\"https:\\\/\\\/informelitoral.com.ar\\\/#\\\/schema\\\/logo\\\/image\\\/\"},\"sameAs\":[\"https:\\\/\\\/www.facebook.com\\\/informelitoral\\\/\",\"https:\\\/\\\/x.com\\\/InformeLitoral\",\"https:\\\/\\\/www.instagram.com\\\/informelitoral\\\/\",\"https:\\\/\\\/www.youtube.com\\\/channel\\\/UCua4Qvz8Icb6MYqhoq9xLXw\"]},{\"@type\":\"Person\",\"@id\":\"https:\\\/\\\/informelitoral.com.ar\\\/#\\\/schema\\\/person\\\/b9d00407c836482871ef1d57bf8e3180\",\"name\":\"Gonzalo Schmidt\",\"image\":{\"@type\":\"ImageObject\",\"inLanguage\":\"es\",\"@id\":\"https:\\\/\\\/secure.gravatar.com\\\/avatar\\\/31a1a7b66ff2de83bd0e9fd79d026630d2d99e55e8bfe501287647b4fd9743de?s=96&d=mm&r=g\",\"url\":\"https:\\\/\\\/secure.gravatar.com\\\/avatar\\\/31a1a7b66ff2de83bd0e9fd79d026630d2d99e55e8bfe501287647b4fd9743de?s=96&d=mm&r=g\",\"contentUrl\":\"https:\\\/\\\/secure.gravatar.com\\\/avatar\\\/31a1a7b66ff2de83bd0e9fd79d026630d2d99e55e8bfe501287647b4fd9743de?s=96&d=mm&r=g\",\"caption\":\"Gonzalo Schmidt\"},\"description\":\"Sitio web de noticias de la provincia de Entre R\u00edos, Argentina. Informaci\u00f3n y entretenimiento. Informe Litoral, nos informamos.\",\"sameAs\":[\"http:\\\/\\\/www.isletasnoticias.com.ar\"],\"url\":\"https:\\\/\\\/informelitoral.com.ar\\\/author\\\/gonzalo\\\/\"}]}<\/script>","yoast_head_json":{"title":"Ram\u00edrez: la programaci\u00f3n de FM Del Litoral 88.3 - Informe Litoral","robots":{"index":"index","follow":"follow","max-snippet":"max-snippet:-1","max-image-preview":"max-image-preview:large","max-video-preview":"max-video-preview:-1"},"canonical":"https:\/\/informelitoral.com.ar\/ramirez-la-programacion-de-fm-del-litoral-88-3\/","og_locale":"es_ES","og_type":"article","og_title":"Ram\u00edrez: la programaci\u00f3n de FM Del Litoral 88.3 - Informe Litoral","og_description":"Es la radio m&aacute;s nueva de esa ciudad del departamento Diamante. Se caracteriza por la programaci&oacute;n folcl&oacute;rica. Las propuestas que ofrece en esta nota. En el repaso, que hacemos desde IN, por la programaci&oacute;n de las diferentes radios de General Ram&iacute;rez, llegamos a FM Del Litoral 88.3, la emisora m&aacute;s nueva de esa ciudad del [&hellip;]","og_url":"https:\/\/informelitoral.com.ar\/ramirez-la-programacion-de-fm-del-litoral-88-3\/","og_site_name":"Informe Litoral","article_publisher":"https:\/\/www.facebook.com\/informelitoral\/","article_published_time":"2016-05-31T11:19:11+00:00","article_modified_time":"2016-05-31T11:22:41+00:00","og_image":[{"width":960,"height":799,"url":"https:\/\/informelitoral.com.ar\/%77%70%2d%63%6f%6e%74%65%6e%74\/uploads\/2016\/05\/184443_483914228327264_295446065_n.jpg","type":"image\/jpeg"}],"author":"Gonzalo Schmidt","twitter_card":"summary_large_image","twitter_creator":"@InformeLitoral","twitter_site":"@InformeLitoral","twitter_misc":{"Escrito por":"Gonzalo Schmidt","Tiempo de lectura":"2 minutos"},"schema":{"@context":"https:\/\/schema.org","@graph":[{"@type":"Article","@id":"https:\/\/informelitoral.com.ar\/ramirez-la-programacion-de-fm-del-litoral-88-3\/#article","isPartOf":{"@id":"https:\/\/informelitoral.com.ar\/ramirez-la-programacion-de-fm-del-litoral-88-3\/"},"author":{"name":"Gonzalo Schmidt","@id":"https:\/\/informelitoral.com.ar\/#\/schema\/person\/b9d00407c836482871ef1d57bf8e3180"},"headline":"Ram\u00edrez: la programaci\u00f3n de FM Del Litoral 88.3","datePublished":"2016-05-31T11:19:11+00:00","dateModified":"2016-05-31T11:22:41+00:00","mainEntityOfPage":{"@id":"https:\/\/informelitoral.com.ar\/ramirez-la-programacion-de-fm-del-litoral-88-3\/"},"wordCount":384,"commentCount":0,"publisher":{"@id":"https:\/\/informelitoral.com.ar\/#organization"},"image":{"@id":"https:\/\/informelitoral.com.ar\/ramirez-la-programacion-de-fm-del-litoral-88-3\/#primaryimage"},"thumbnailUrl":"http:\/\/www.isletasnoticias.com.ar\/%77%70%2d%63%6f%6e%74%65%6e%74\/uploads\/2016\/05\/184443_483914228327264_295446065_n.jpg","articleSection":["Departamento Diamante","Espect\u00e1culos"],"inLanguage":"es","potentialAction":[{"@type":"CommentAction","name":"Comment","target":["https:\/\/informelitoral.com.ar\/ramirez-la-programacion-de-fm-del-litoral-88-3\/#respond"]}]},{"@type":"WebPage","@id":"https:\/\/informelitoral.com.ar\/ramirez-la-programacion-de-fm-del-litoral-88-3\/","url":"https:\/\/informelitoral.com.ar\/ramirez-la-programacion-de-fm-del-litoral-88-3\/","name":"Ram\u00edrez: la programaci\u00f3n de FM Del Litoral 88.3 - Informe Litoral","isPartOf":{"@id":"https:\/\/informelitoral.com.ar\/#website"},"primaryImageOfPage":{"@id":"https:\/\/informelitoral.com.ar\/ramirez-la-programacion-de-fm-del-litoral-88-3\/#primaryimage"},"image":{"@id":"https:\/\/informelitoral.com.ar\/ramirez-la-programacion-de-fm-del-litoral-88-3\/#primaryimage"},"thumbnailUrl":"http:\/\/www.isletasnoticias.com.ar\/%77%70%2d%63%6f%6e%74%65%6e%74\/uploads\/2016\/05\/184443_483914228327264_295446065_n.jpg","datePublished":"2016-05-31T11:19:11+00:00","dateModified":"2016-05-31T11:22:41+00:00","breadcrumb":{"@id":"https:\/\/informelitoral.com.ar\/ramirez-la-programacion-de-fm-del-litoral-88-3\/#breadcrumb"},"inLanguage":"es","potentialAction":[{"@type":"ReadAction","target":["https:\/\/informelitoral.com.ar\/ramirez-la-programacion-de-fm-del-litoral-88-3\/"]}]},{"@type":"ImageObject","inLanguage":"es","@id":"https:\/\/informelitoral.com.ar\/ramirez-la-programacion-de-fm-del-litoral-88-3\/#primaryimage","url":"http:\/\/www.isletasnoticias.com.ar\/%77%70%2d%63%6f%6e%74%65%6e%74\/uploads\/2016\/05\/184443_483914228327264_295446065_n.jpg","contentUrl":"http:\/\/www.isletasnoticias.com.ar\/%77%70%2d%63%6f%6e%74%65%6e%74\/uploads\/2016\/05\/184443_483914228327264_295446065_n.jpg"},{"@type":"BreadcrumbList","@id":"https:\/\/informelitoral.com.ar\/ramirez-la-programacion-de-fm-del-litoral-88-3\/#breadcrumb","itemListElement":[{"@type":"ListItem","position":1,"name":"Portada","item":"https:\/\/informelitoral.com.ar\/"},{"@type":"ListItem","position":2,"name":"Ram\u00edrez: la programaci\u00f3n de FM Del Litoral 88.3"}]},{"@type":"WebSite","@id":"https:\/\/informelitoral.com.ar\/#website","url":"https:\/\/informelitoral.com.ar\/","name":"Informe Litoral","description":"&quot;Nos informamos&quot; ","publisher":{"@id":"https:\/\/informelitoral.com.ar\/#organization"},"potentialAction":[{"@type":"SearchAction","target":{"@type":"EntryPoint","urlTemplate":"https:\/\/informelitoral.com.ar\/?s={search_term_string}"},"query-input":{"@type":"PropertyValueSpecification","valueRequired":true,"valueName":"search_term_string"}}],"inLanguage":"es"},{"@type":"Organization","@id":"https:\/\/informelitoral.com.ar\/#organization","name":"Informe Litoral","url":"https:\/\/informelitoral.com.ar\/","logo":{"@type":"ImageObject","inLanguage":"es","@id":"https:\/\/informelitoral.com.ar\/#\/schema\/logo\/image\/","url":"https:\/\/informelitoral.com.ar\/%77%70%2d%63%6f%6e%74%65%6e%74\/uploads\/2021\/01\/circulo.png","contentUrl":"https:\/\/informelitoral.com.ar\/%77%70%2d%63%6f%6e%74%65%6e%74\/uploads\/2021\/01\/circulo.png","width":723,"height":731,"caption":"Informe Litoral"},"image":{"@id":"https:\/\/informelitoral.com.ar\/#\/schema\/logo\/image\/"},"sameAs":["https:\/\/www.facebook.com\/informelitoral\/","https:\/\/x.com\/InformeLitoral","https:\/\/www.instagram.com\/informelitoral\/","https:\/\/www.youtube.com\/channel\/UCua4Qvz8Icb6MYqhoq9xLXw"]},{"@type":"Person","@id":"https:\/\/informelitoral.com.ar\/#\/schema\/person\/b9d00407c836482871ef1d57bf8e3180","name":"Gonzalo Schmidt","image":{"@type":"ImageObject","inLanguage":"es","@id":"https:\/\/secure.gravatar.com\/avatar\/31a1a7b66ff2de83bd0e9fd79d026630d2d99e55e8bfe501287647b4fd9743de?s=96&d=mm&r=g","url":"https:\/\/secure.gravatar.com\/avatar\/31a1a7b66ff2de83bd0e9fd79d026630d2d99e55e8bfe501287647b4fd9743de?s=96&d=mm&r=g","contentUrl":"https:\/\/secure.gravatar.com\/avatar\/31a1a7b66ff2de83bd0e9fd79d026630d2d99e55e8bfe501287647b4fd9743de?s=96&d=mm&r=g","caption":"Gonzalo Schmidt"},"description":"Sitio web de noticias de la provincia de Entre R\u00edos, Argentina. Informaci\u00f3n y entretenimiento. Informe Litoral, nos informamos.","sameAs":["http:\/\/www.isletasnoticias.com.ar"],"url":"https:\/\/informelitoral.com.ar\/author\/gonzalo\/"}]}},"_links":{"self":[{"href":"https:\/\/informelitoral.com.ar\/%77%70%2d%6a%73%6f%6e\/wp\/v2\/posts\/16359","targetHints":{"allow":["GET"]}}],"collection":[{"href":"https:\/\/informelitoral.com.ar\/%77%70%2d%6a%73%6f%6e\/wp\/v2\/posts"}],"about":[{"href":"https:\/\/informelitoral.com.ar\/%77%70%2d%6a%73%6f%6e\/wp\/v2\/types\/post"}],"author":[{"embeddable":true,"href":"https:\/\/informelitoral.com.ar\/%77%70%2d%6a%73%6f%6e\/wp\/v2\/users\/2"}],"replies":[{"embeddable":true,"href":"https:\/\/informelitoral.com.ar\/%77%70%2d%6a%73%6f%6e\/wp\/v2\/comments?post=16359"}],"version-history":[{"count":0,"href":"https:\/\/informelitoral.com.ar\/%77%70%2d%6a%73%6f%6e\/wp\/v2\/posts\/16359\/revisions"}],"wp:attachment":[{"href":"https:\/\/informelitoral.com.ar\/%77%70%2d%6a%73%6f%6e\/wp\/v2\/media?parent=16359"}],"wp:term":[{"taxonomy":"category","embeddable":true,"href":"https:\/\/informelitoral.com.ar\/%77%70%2d%6a%73%6f%6e\/wp\/v2\/categories?post=16359"},{"taxonomy":"post_tag","embeddable":true,"href":"https:\/\/informelitoral.com.ar\/%77%70%2d%6a%73%6f%6e\/wp\/v2\/tags?post=16359"}],"curies":[{"name":"wp","href":"https:\/\/api.w.org\/{rel}","templated":true}]}}