{"id":16352,"date":"2016-05-31T07:52:43","date_gmt":"2016-05-31T10:52:43","guid":{"rendered":"http:\/\/www.isletasnoticias.com.ar\/?p=16352"},"modified":"2016-05-31T08:02:41","modified_gmt":"2016-05-31T11:02:41","slug":"dia-mundial-sin-tabaco-el-19-de-chicos-de-13-a-15-anos-fuma-en-entre-rios","status":"publish","type":"post","link":"https:\/\/informelitoral.com.ar\/dia-mundial-sin-tabaco-el-19-de-chicos-de-13-a-15-anos-fuma-en-entre-rios\/","title":{"rendered":"D\u00eda mundial sin tabaco: el 19% de chicos de 13 a 15 a\u00f1os fuma en Entre R\u00edos"},"content":{"rendered":"<p><strong>En Entre R\u00edos fuma el 24% de la poblaci\u00f3n y el 19% de los adolescentes de 13 a 15 a\u00f1os tambi\u00e9n lo hace. Se\u00f1alan la importancia de la prohibici\u00f3n total de la publicidad, promoci\u00f3n y patrocinio de productos elaborados con tabaco.<a href=\"http:\/\/www.isletasnoticias.com.ar\/%77%70%2d%63%6f%6e%74%65%6e%74\/uploads\/2016\/05\/o_1464689847.jpg\"><img loading=\"lazy\" decoding=\"async\" class=\"aligncenter wp-image-16353 size-full\" src=\"http:\/\/www.isletasnoticias.com.ar\/%77%70%2d%63%6f%6e%74%65%6e%74\/uploads\/2016\/05\/o_1464689847.jpg\" alt=\"o_1464689847\" width=\"800\" height=\"450\" srcset=\"https:\/\/informelitoral.com.ar\/%77%70%2d%63%6f%6e%74%65%6e%74\/uploads\/2016\/05\/o_1464689847.jpg 800w, https:\/\/informelitoral.com.ar\/%77%70%2d%63%6f%6e%74%65%6e%74\/uploads\/2016\/05\/o_1464689847-300x169.jpg 300w, https:\/\/informelitoral.com.ar\/%77%70%2d%63%6f%6e%74%65%6e%74\/uploads\/2016\/05\/o_1464689847-768x432.jpg 768w\" sizes=\"auto, (max-width: 800px) 100vw, 800px\" \/><\/a><\/strong><\/p>\n<section class=\"texto\">Si bien afirman que el consumo ha bajado, en relaci\u00f3n a los n\u00fameros que arrojaba la Encuesta Nacional de Factores de Riesgo realizada en 2009, tender estrategias para que se reduzca es un trabajo constante y permanente, que requiere de un rol activo del Estado.<strong>Horacio Gim\u00e9nez<\/strong>, responsable del Programa Entre R\u00edos Libre de Humo de Tabaco, dependiente del Ministerio de Salud, dialog\u00f3 sobre el tema a prop\u00f3sito de conmemorarse el D\u00eda Mundial Sin Tabaco, quien aport\u00f3 las cifras provinciales.<\/p>\n<p>\u00abEn Entre R\u00edos fuma el 24% de la poblaci\u00f3n y en adolescentes de 13 a 15 a\u00f1os fuma el 19%\u00bb, dijo y a\u00f1adi\u00f3 que ante esta situaci\u00f3n: \u00abLo m\u00e1s importante es tomar medidas para prevenir el inicio y promover la cesaci\u00f3n tab\u00e1quica temprana. En eso lo que m\u00e1s importancia tiene es la regulaci\u00f3n de la venta a menores de 18 a\u00f1os y la prohibici\u00f3n total de la publicidad, promoci\u00f3n y patrocinio de productos elaborados con tabaco, como ocurre en Santa Fe\u00bb, expres\u00f3.<\/p>\n<p>A diferencia de lo que establece la normativa de la provincia vecina, explic\u00f3, \u00abLa ley nacional tiene una prohibici\u00f3n parcial y la ley de Ente R\u00edos no dice nada al respecto\u00bb.<\/p>\n<p>Otra medida que el profesional consider\u00f3 importante son \u00ablos aumentos de precio del tabaco que es lo que \u00faltimamente realiz\u00f3 la naci\u00f3n, ya que esa al\u00edcuota de impuesto a las tabacaleras que se aument\u00f3 un 75%, produjo un incremento casi del 50% del precio final del paquete. Estas medidas son las que m\u00e1s disminuyen el consumo de tabaco y sobre todo tienen impacto en los que se van iniciando\u00bb, indic\u00f3.<\/p>\n<p>En los \u00faltimos a\u00f1os, se\u00f1al\u00f3 Gimenez, una tendencia a nivel mundial marca que el consumo de tabaco est\u00e1 aumentando cada vez m\u00e1s en las mujeres, inclusive en las adolescentes.<\/p>\n<p>\u00abEsto es resultado de una estrategia de marketing de las empresas tabacaleras que tienen en sus objetivos aumentar las ventas en este grupo de personas. Buscan venderles a los m\u00e1s chicos y a las mujeres, que es donde ten\u00edan menos ventas\u00bb, indic\u00f3 y a\u00f1adi\u00f3 que en funci\u00f3n de ese prop\u00f3sito dise\u00f1an estrategias y productos dirigidos a esos consumidores.<\/p>\n<p>Aunque advirti\u00f3 que \u00abel grupo m\u00e1s importante para ellos siempre es el de los ni\u00f1os. Dentro de sus documentos internos denominan a los chicos como fumadores de reemplazo. Hay que tener en cuenta que a la empresa tabacalera se le mueren la mitad de sus clientes por consumo de tabaco y tienen que reemplazar a esos consumidores\u00bb, explic\u00f3. En esa b\u00fasqueda, \u00abno le es de utilidad que comiencen a fumar las personas m\u00e1s grandes sino que empiecen a fumar los m\u00e1s j\u00f3venes, que son quienes tienen el organismo para soportar m\u00e1s a\u00f1os de consumo\u00bb, detall\u00f3.<\/p>\n<p>El responsable del programa record\u00f3 que \u00abcuando se realiz\u00f3 un juicio, en los a\u00f1os &#8217;90, se tuvo acceso a los archivos secretos de una empresa y ah\u00ed se visualiz\u00f3 la estrategia. Est\u00e1n dirigiendo su publicidad a chicos de secundaria. Es el objetivo que tienen cuando, en realidad, en p\u00fablico niegan que pretendan venderle a menores de edad\u00bb. \u00abLa estrategia que utiliza las tabacaleras es riesgosa para los ni\u00f1os\u00bb, sostuvo.<\/p>\n<p>El m\u00e9dico se refiri\u00f3 tambi\u00e9n a la importancia del rol del Estado y la necesidad de avanzar en algunos aspectos pendientes. \u00abEn Entre R\u00edos no est\u00e1n reglamentados todos los puntos de la ley provincial 9.862. Si no hay fiscalizaci\u00f3n y control cualquier ley se debilita en el tiempo. Esto es importante como tambi\u00e9n legislar, generar campa\u00f1as de concientizaci\u00f3n que es lo que m\u00e1s se trabaja; abordar la problem\u00e1tica, que es de lo que nos encargamos y por lo que realizamos capacitaciones a equipos de salud para la atenci\u00f3n\u00bb, expres\u00f3. Adem\u00e1s, insisti\u00f3 en la relevancia de actualiza la legislaci\u00f3n vigente.<\/p>\n<p>En perspectiva, explic\u00f3, <b>\u00abviene disminuy\u00e9ndose el consumo tanto en adultos como adolescentes. En 2009 hab\u00eda un 33% de entrerrianos que consum\u00eda tabaco. Lo mismo en el grupo de adolescentes, que antes era del 24%.<\/b> Hay una mejora porque se viene regulando y se podr\u00eda mejorar m\u00e1s. Es un tema importante y no hay que conformarse\u00bb, indic\u00f3.<\/p>\n<p><b>Riegos<\/b><br \/>\nRespecto de los riesgos que implica el consumo de tabaco, el m\u00e9dico inform\u00f3 que \u00abNo hay sistema org\u00e1nico que escape a los efectos nocivos del humo de tabaco, que afecta a la salud de forma completa. Generalmente muchas de las enfermedades preexistentes que puede tener la persona se agravan\u00bb, indic\u00f3. Un h\u00e1bito saludable importante, manifest\u00f3, es \u00abrespetar los ambientes libres de humo. Es importante que no se ponga en riesgo la salud de otras personas. Estos ambientes libes de humo benefician a la poblaci\u00f3n toda\u00bb, dijo y a\u00f1adi\u00f3 que eso posibilita \u00abuna mejora no s\u00f3lo en n\u00fameros de consumo, sino tambi\u00e9n de exposici\u00f3n al humo ambiental de tabaco\u00bb. <em>(<span class=\"fuente\">El Diario &#8211; Elonce.com)<\/span><\/em><\/p>\n<\/section>\n","protected":false},"excerpt":{"rendered":"<p>En Entre R&iacute;os fuma el 24% de la poblaci&oacute;n y el 19% de los adolescentes de 13 a 15 a&ntilde;os tambi&eacute;n lo hace. Se&ntilde;alan la importancia de la prohibici&oacute;n total de la publicidad, promoci&oacute;n y patrocinio de productos elaborados con tabaco. Si bien afirman que el consumo ha bajado, en relaci&oacute;n a los n&uacute;meros que [&hellip;]<\/p>\n","protected":false},"author":2,"featured_media":0,"comment_status":"open","ping_status":"open","sticky":false,"template":"","format":"standard","meta":{"fifu_image_url":"","fifu_image_alt":"","footnotes":""},"categories":[6,9],"tags":[],"class_list":{"0":"post-16352","1":"post","2":"type-post","3":"status-publish","4":"format-standard","6":"category-entre-rios","7":"category-sociedad"},"yoast_head":"<title>D\u00eda mundial sin tabaco: el 19% de chicos de 13 a 15 a\u00f1os fuma en Entre R\u00edos - Informe Litoral<\/title>\n<meta name=\"robots\" content=\"index, follow, max-snippet:-1, max-image-preview:large, max-video-preview:-1\" \/>\n<link rel=\"canonical\" href=\"https:\/\/informelitoral.com.ar\/dia-mundial-sin-tabaco-el-19-de-chicos-de-13-a-15-anos-fuma-en-entre-rios\/\" \/>\n<meta property=\"og:locale\" content=\"es_ES\" \/>\n<meta property=\"og:type\" content=\"article\" \/>\n<meta property=\"og:title\" content=\"D\u00eda mundial sin tabaco: el 19% de chicos de 13 a 15 a\u00f1os fuma en Entre R\u00edos - Informe Litoral\" \/>\n<meta property=\"og:description\" content=\"En Entre R&iacute;os fuma el 24% de la poblaci&oacute;n y el 19% de los adolescentes de 13 a 15 a&ntilde;os tambi&eacute;n lo hace. Se&ntilde;alan la importancia de la prohibici&oacute;n total de la publicidad, promoci&oacute;n y patrocinio de productos elaborados con tabaco. Si bien afirman que el consumo ha bajado, en relaci&oacute;n a los n&uacute;meros que [&hellip;]\" \/>\n<meta property=\"og:url\" content=\"https:\/\/informelitoral.com.ar\/dia-mundial-sin-tabaco-el-19-de-chicos-de-13-a-15-anos-fuma-en-entre-rios\/\" \/>\n<meta property=\"og:site_name\" content=\"Informe Litoral\" \/>\n<meta property=\"article:publisher\" content=\"https:\/\/www.facebook.com\/informelitoral\/\" \/>\n<meta property=\"article:published_time\" content=\"2016-05-31T10:52:43+00:00\" \/>\n<meta property=\"article:modified_time\" content=\"2016-05-31T11:02:41+00:00\" \/>\n<meta property=\"og:image\" content=\"https:\/\/informelitoral.com.ar\/%77%70%2d%63%6f%6e%74%65%6e%74\/uploads\/2016\/05\/o_1464689847.jpg\" \/>\n\t<meta property=\"og:image:width\" content=\"800\" \/>\n\t<meta property=\"og:image:height\" content=\"450\" \/>\n\t<meta property=\"og:image:type\" content=\"image\/jpeg\" \/>\n<meta name=\"author\" content=\"Gonzalo Schmidt\" \/>\n<meta name=\"twitter:card\" content=\"summary_large_image\" \/>\n<meta name=\"twitter:creator\" content=\"@InformeLitoral\" \/>\n<meta name=\"twitter:site\" content=\"@InformeLitoral\" \/>\n<meta name=\"twitter:label1\" content=\"Escrito por\" \/>\n\t<meta name=\"twitter:data1\" content=\"Gonzalo Schmidt\" \/>\n\t<meta name=\"twitter:label2\" content=\"Tiempo de lectura\" \/>\n\t<meta name=\"twitter:data2\" content=\"4 minutos\" \/>\n<script type=\"application\/ld+json\" class=\"yoast-schema-graph\">{\"@context\":\"https:\\\/\\\/schema.org\",\"@graph\":[{\"@type\":\"Article\",\"@id\":\"https:\\\/\\\/informelitoral.com.ar\\\/dia-mundial-sin-tabaco-el-19-de-chicos-de-13-a-15-anos-fuma-en-entre-rios\\\/#article\",\"isPartOf\":{\"@id\":\"https:\\\/\\\/informelitoral.com.ar\\\/dia-mundial-sin-tabaco-el-19-de-chicos-de-13-a-15-anos-fuma-en-entre-rios\\\/\"},\"author\":{\"name\":\"Gonzalo Schmidt\",\"@id\":\"https:\\\/\\\/informelitoral.com.ar\\\/#\\\/schema\\\/person\\\/b9d00407c836482871ef1d57bf8e3180\"},\"headline\":\"D\u00eda mundial sin tabaco: el 19% de chicos de 13 a 15 a\u00f1os fuma en Entre R\u00edos\",\"datePublished\":\"2016-05-31T10:52:43+00:00\",\"dateModified\":\"2016-05-31T11:02:41+00:00\",\"mainEntityOfPage\":{\"@id\":\"https:\\\/\\\/informelitoral.com.ar\\\/dia-mundial-sin-tabaco-el-19-de-chicos-de-13-a-15-anos-fuma-en-entre-rios\\\/\"},\"wordCount\":903,\"commentCount\":0,\"publisher\":{\"@id\":\"https:\\\/\\\/informelitoral.com.ar\\\/#organization\"},\"image\":{\"@id\":\"https:\\\/\\\/informelitoral.com.ar\\\/dia-mundial-sin-tabaco-el-19-de-chicos-de-13-a-15-anos-fuma-en-entre-rios\\\/#primaryimage\"},\"thumbnailUrl\":\"http:\\\/\\\/www.isletasnoticias.com.ar\\\/%77%70%2d%63%6f%6e%74%65%6e%74\\\/uploads\\\/2016\\\/05\\\/o_1464689847.jpg\",\"articleSection\":[\"Entre R\u00edos\",\"Sociedad\"],\"inLanguage\":\"es\",\"potentialAction\":[{\"@type\":\"CommentAction\",\"name\":\"Comment\",\"target\":[\"https:\\\/\\\/informelitoral.com.ar\\\/dia-mundial-sin-tabaco-el-19-de-chicos-de-13-a-15-anos-fuma-en-entre-rios\\\/#respond\"]}]},{\"@type\":\"WebPage\",\"@id\":\"https:\\\/\\\/informelitoral.com.ar\\\/dia-mundial-sin-tabaco-el-19-de-chicos-de-13-a-15-anos-fuma-en-entre-rios\\\/\",\"url\":\"https:\\\/\\\/informelitoral.com.ar\\\/dia-mundial-sin-tabaco-el-19-de-chicos-de-13-a-15-anos-fuma-en-entre-rios\\\/\",\"name\":\"D\u00eda mundial sin tabaco: el 19% de chicos de 13 a 15 a\u00f1os fuma en Entre R\u00edos - Informe Litoral\",\"isPartOf\":{\"@id\":\"https:\\\/\\\/informelitoral.com.ar\\\/#website\"},\"primaryImageOfPage\":{\"@id\":\"https:\\\/\\\/informelitoral.com.ar\\\/dia-mundial-sin-tabaco-el-19-de-chicos-de-13-a-15-anos-fuma-en-entre-rios\\\/#primaryimage\"},\"image\":{\"@id\":\"https:\\\/\\\/informelitoral.com.ar\\\/dia-mundial-sin-tabaco-el-19-de-chicos-de-13-a-15-anos-fuma-en-entre-rios\\\/#primaryimage\"},\"thumbnailUrl\":\"http:\\\/\\\/www.isletasnoticias.com.ar\\\/%77%70%2d%63%6f%6e%74%65%6e%74\\\/uploads\\\/2016\\\/05\\\/o_1464689847.jpg\",\"datePublished\":\"2016-05-31T10:52:43+00:00\",\"dateModified\":\"2016-05-31T11:02:41+00:00\",\"breadcrumb\":{\"@id\":\"https:\\\/\\\/informelitoral.com.ar\\\/dia-mundial-sin-tabaco-el-19-de-chicos-de-13-a-15-anos-fuma-en-entre-rios\\\/#breadcrumb\"},\"inLanguage\":\"es\",\"potentialAction\":[{\"@type\":\"ReadAction\",\"target\":[\"https:\\\/\\\/informelitoral.com.ar\\\/dia-mundial-sin-tabaco-el-19-de-chicos-de-13-a-15-anos-fuma-en-entre-rios\\\/\"]}]},{\"@type\":\"ImageObject\",\"inLanguage\":\"es\",\"@id\":\"https:\\\/\\\/informelitoral.com.ar\\\/dia-mundial-sin-tabaco-el-19-de-chicos-de-13-a-15-anos-fuma-en-entre-rios\\\/#primaryimage\",\"url\":\"http:\\\/\\\/www.isletasnoticias.com.ar\\\/%77%70%2d%63%6f%6e%74%65%6e%74\\\/uploads\\\/2016\\\/05\\\/o_1464689847.jpg\",\"contentUrl\":\"http:\\\/\\\/www.isletasnoticias.com.ar\\\/%77%70%2d%63%6f%6e%74%65%6e%74\\\/uploads\\\/2016\\\/05\\\/o_1464689847.jpg\"},{\"@type\":\"BreadcrumbList\",\"@id\":\"https:\\\/\\\/informelitoral.com.ar\\\/dia-mundial-sin-tabaco-el-19-de-chicos-de-13-a-15-anos-fuma-en-entre-rios\\\/#breadcrumb\",\"itemListElement\":[{\"@type\":\"ListItem\",\"position\":1,\"name\":\"Portada\",\"item\":\"https:\\\/\\\/informelitoral.com.ar\\\/\"},{\"@type\":\"ListItem\",\"position\":2,\"name\":\"D\u00eda mundial sin tabaco: el 19% de chicos de 13 a 15 a\u00f1os fuma en Entre R\u00edos\"}]},{\"@type\":\"WebSite\",\"@id\":\"https:\\\/\\\/informelitoral.com.ar\\\/#website\",\"url\":\"https:\\\/\\\/informelitoral.com.ar\\\/\",\"name\":\"Informe Litoral\",\"description\":\"&quot;Nos informamos&quot; \",\"publisher\":{\"@id\":\"https:\\\/\\\/informelitoral.com.ar\\\/#organization\"},\"potentialAction\":[{\"@type\":\"SearchAction\",\"target\":{\"@type\":\"EntryPoint\",\"urlTemplate\":\"https:\\\/\\\/informelitoral.com.ar\\\/?s={search_term_string}\"},\"query-input\":{\"@type\":\"PropertyValueSpecification\",\"valueRequired\":true,\"valueName\":\"search_term_string\"}}],\"inLanguage\":\"es\"},{\"@type\":\"Organization\",\"@id\":\"https:\\\/\\\/informelitoral.com.ar\\\/#organization\",\"name\":\"Informe Litoral\",\"url\":\"https:\\\/\\\/informelitoral.com.ar\\\/\",\"logo\":{\"@type\":\"ImageObject\",\"inLanguage\":\"es\",\"@id\":\"https:\\\/\\\/informelitoral.com.ar\\\/#\\\/schema\\\/logo\\\/image\\\/\",\"url\":\"https:\\\/\\\/informelitoral.com.ar\\\/%77%70%2d%63%6f%6e%74%65%6e%74\\\/uploads\\\/2021\\\/01\\\/circulo.png\",\"contentUrl\":\"https:\\\/\\\/informelitoral.com.ar\\\/%77%70%2d%63%6f%6e%74%65%6e%74\\\/uploads\\\/2021\\\/01\\\/circulo.png\",\"width\":723,\"height\":731,\"caption\":\"Informe Litoral\"},\"image\":{\"@id\":\"https:\\\/\\\/informelitoral.com.ar\\\/#\\\/schema\\\/logo\\\/image\\\/\"},\"sameAs\":[\"https:\\\/\\\/www.facebook.com\\\/informelitoral\\\/\",\"https:\\\/\\\/x.com\\\/InformeLitoral\",\"https:\\\/\\\/www.instagram.com\\\/informelitoral\\\/\",\"https:\\\/\\\/www.youtube.com\\\/channel\\\/UCua4Qvz8Icb6MYqhoq9xLXw\"]},{\"@type\":\"Person\",\"@id\":\"https:\\\/\\\/informelitoral.com.ar\\\/#\\\/schema\\\/person\\\/b9d00407c836482871ef1d57bf8e3180\",\"name\":\"Gonzalo Schmidt\",\"image\":{\"@type\":\"ImageObject\",\"inLanguage\":\"es\",\"@id\":\"https:\\\/\\\/secure.gravatar.com\\\/avatar\\\/31a1a7b66ff2de83bd0e9fd79d026630d2d99e55e8bfe501287647b4fd9743de?s=96&d=mm&r=g\",\"url\":\"https:\\\/\\\/secure.gravatar.com\\\/avatar\\\/31a1a7b66ff2de83bd0e9fd79d026630d2d99e55e8bfe501287647b4fd9743de?s=96&d=mm&r=g\",\"contentUrl\":\"https:\\\/\\\/secure.gravatar.com\\\/avatar\\\/31a1a7b66ff2de83bd0e9fd79d026630d2d99e55e8bfe501287647b4fd9743de?s=96&d=mm&r=g\",\"caption\":\"Gonzalo Schmidt\"},\"description\":\"Sitio web de noticias de la provincia de Entre R\u00edos, Argentina. Informaci\u00f3n y entretenimiento. Informe Litoral, nos informamos.\",\"sameAs\":[\"http:\\\/\\\/www.isletasnoticias.com.ar\"],\"url\":\"https:\\\/\\\/informelitoral.com.ar\\\/author\\\/gonzalo\\\/\"}]}<\/script>","yoast_head_json":{"title":"D\u00eda mundial sin tabaco: el 19% de chicos de 13 a 15 a\u00f1os fuma en Entre R\u00edos - Informe Litoral","robots":{"index":"index","follow":"follow","max-snippet":"max-snippet:-1","max-image-preview":"max-image-preview:large","max-video-preview":"max-video-preview:-1"},"canonical":"https:\/\/informelitoral.com.ar\/dia-mundial-sin-tabaco-el-19-de-chicos-de-13-a-15-anos-fuma-en-entre-rios\/","og_locale":"es_ES","og_type":"article","og_title":"D\u00eda mundial sin tabaco: el 19% de chicos de 13 a 15 a\u00f1os fuma en Entre R\u00edos - Informe Litoral","og_description":"En Entre R&iacute;os fuma el 24% de la poblaci&oacute;n y el 19% de los adolescentes de 13 a 15 a&ntilde;os tambi&eacute;n lo hace. Se&ntilde;alan la importancia de la prohibici&oacute;n total de la publicidad, promoci&oacute;n y patrocinio de productos elaborados con tabaco. Si bien afirman que el consumo ha bajado, en relaci&oacute;n a los n&uacute;meros que [&hellip;]","og_url":"https:\/\/informelitoral.com.ar\/dia-mundial-sin-tabaco-el-19-de-chicos-de-13-a-15-anos-fuma-en-entre-rios\/","og_site_name":"Informe Litoral","article_publisher":"https:\/\/www.facebook.com\/informelitoral\/","article_published_time":"2016-05-31T10:52:43+00:00","article_modified_time":"2016-05-31T11:02:41+00:00","og_image":[{"width":800,"height":450,"url":"https:\/\/informelitoral.com.ar\/%77%70%2d%63%6f%6e%74%65%6e%74\/uploads\/2016\/05\/o_1464689847.jpg","type":"image\/jpeg"}],"author":"Gonzalo Schmidt","twitter_card":"summary_large_image","twitter_creator":"@InformeLitoral","twitter_site":"@InformeLitoral","twitter_misc":{"Escrito por":"Gonzalo Schmidt","Tiempo de lectura":"4 minutos"},"schema":{"@context":"https:\/\/schema.org","@graph":[{"@type":"Article","@id":"https:\/\/informelitoral.com.ar\/dia-mundial-sin-tabaco-el-19-de-chicos-de-13-a-15-anos-fuma-en-entre-rios\/#article","isPartOf":{"@id":"https:\/\/informelitoral.com.ar\/dia-mundial-sin-tabaco-el-19-de-chicos-de-13-a-15-anos-fuma-en-entre-rios\/"},"author":{"name":"Gonzalo Schmidt","@id":"https:\/\/informelitoral.com.ar\/#\/schema\/person\/b9d00407c836482871ef1d57bf8e3180"},"headline":"D\u00eda mundial sin tabaco: el 19% de chicos de 13 a 15 a\u00f1os fuma en Entre R\u00edos","datePublished":"2016-05-31T10:52:43+00:00","dateModified":"2016-05-31T11:02:41+00:00","mainEntityOfPage":{"@id":"https:\/\/informelitoral.com.ar\/dia-mundial-sin-tabaco-el-19-de-chicos-de-13-a-15-anos-fuma-en-entre-rios\/"},"wordCount":903,"commentCount":0,"publisher":{"@id":"https:\/\/informelitoral.com.ar\/#organization"},"image":{"@id":"https:\/\/informelitoral.com.ar\/dia-mundial-sin-tabaco-el-19-de-chicos-de-13-a-15-anos-fuma-en-entre-rios\/#primaryimage"},"thumbnailUrl":"http:\/\/www.isletasnoticias.com.ar\/%77%70%2d%63%6f%6e%74%65%6e%74\/uploads\/2016\/05\/o_1464689847.jpg","articleSection":["Entre R\u00edos","Sociedad"],"inLanguage":"es","potentialAction":[{"@type":"CommentAction","name":"Comment","target":["https:\/\/informelitoral.com.ar\/dia-mundial-sin-tabaco-el-19-de-chicos-de-13-a-15-anos-fuma-en-entre-rios\/#respond"]}]},{"@type":"WebPage","@id":"https:\/\/informelitoral.com.ar\/dia-mundial-sin-tabaco-el-19-de-chicos-de-13-a-15-anos-fuma-en-entre-rios\/","url":"https:\/\/informelitoral.com.ar\/dia-mundial-sin-tabaco-el-19-de-chicos-de-13-a-15-anos-fuma-en-entre-rios\/","name":"D\u00eda mundial sin tabaco: el 19% de chicos de 13 a 15 a\u00f1os fuma en Entre R\u00edos - Informe Litoral","isPartOf":{"@id":"https:\/\/informelitoral.com.ar\/#website"},"primaryImageOfPage":{"@id":"https:\/\/informelitoral.com.ar\/dia-mundial-sin-tabaco-el-19-de-chicos-de-13-a-15-anos-fuma-en-entre-rios\/#primaryimage"},"image":{"@id":"https:\/\/informelitoral.com.ar\/dia-mundial-sin-tabaco-el-19-de-chicos-de-13-a-15-anos-fuma-en-entre-rios\/#primaryimage"},"thumbnailUrl":"http:\/\/www.isletasnoticias.com.ar\/%77%70%2d%63%6f%6e%74%65%6e%74\/uploads\/2016\/05\/o_1464689847.jpg","datePublished":"2016-05-31T10:52:43+00:00","dateModified":"2016-05-31T11:02:41+00:00","breadcrumb":{"@id":"https:\/\/informelitoral.com.ar\/dia-mundial-sin-tabaco-el-19-de-chicos-de-13-a-15-anos-fuma-en-entre-rios\/#breadcrumb"},"inLanguage":"es","potentialAction":[{"@type":"ReadAction","target":["https:\/\/informelitoral.com.ar\/dia-mundial-sin-tabaco-el-19-de-chicos-de-13-a-15-anos-fuma-en-entre-rios\/"]}]},{"@type":"ImageObject","inLanguage":"es","@id":"https:\/\/informelitoral.com.ar\/dia-mundial-sin-tabaco-el-19-de-chicos-de-13-a-15-anos-fuma-en-entre-rios\/#primaryimage","url":"http:\/\/www.isletasnoticias.com.ar\/%77%70%2d%63%6f%6e%74%65%6e%74\/uploads\/2016\/05\/o_1464689847.jpg","contentUrl":"http:\/\/www.isletasnoticias.com.ar\/%77%70%2d%63%6f%6e%74%65%6e%74\/uploads\/2016\/05\/o_1464689847.jpg"},{"@type":"BreadcrumbList","@id":"https:\/\/informelitoral.com.ar\/dia-mundial-sin-tabaco-el-19-de-chicos-de-13-a-15-anos-fuma-en-entre-rios\/#breadcrumb","itemListElement":[{"@type":"ListItem","position":1,"name":"Portada","item":"https:\/\/informelitoral.com.ar\/"},{"@type":"ListItem","position":2,"name":"D\u00eda mundial sin tabaco: el 19% de chicos de 13 a 15 a\u00f1os fuma en Entre R\u00edos"}]},{"@type":"WebSite","@id":"https:\/\/informelitoral.com.ar\/#website","url":"https:\/\/informelitoral.com.ar\/","name":"Informe Litoral","description":"&quot;Nos informamos&quot; ","publisher":{"@id":"https:\/\/informelitoral.com.ar\/#organization"},"potentialAction":[{"@type":"SearchAction","target":{"@type":"EntryPoint","urlTemplate":"https:\/\/informelitoral.com.ar\/?s={search_term_string}"},"query-input":{"@type":"PropertyValueSpecification","valueRequired":true,"valueName":"search_term_string"}}],"inLanguage":"es"},{"@type":"Organization","@id":"https:\/\/informelitoral.com.ar\/#organization","name":"Informe Litoral","url":"https:\/\/informelitoral.com.ar\/","logo":{"@type":"ImageObject","inLanguage":"es","@id":"https:\/\/informelitoral.com.ar\/#\/schema\/logo\/image\/","url":"https:\/\/informelitoral.com.ar\/%77%70%2d%63%6f%6e%74%65%6e%74\/uploads\/2021\/01\/circulo.png","contentUrl":"https:\/\/informelitoral.com.ar\/%77%70%2d%63%6f%6e%74%65%6e%74\/uploads\/2021\/01\/circulo.png","width":723,"height":731,"caption":"Informe Litoral"},"image":{"@id":"https:\/\/informelitoral.com.ar\/#\/schema\/logo\/image\/"},"sameAs":["https:\/\/www.facebook.com\/informelitoral\/","https:\/\/x.com\/InformeLitoral","https:\/\/www.instagram.com\/informelitoral\/","https:\/\/www.youtube.com\/channel\/UCua4Qvz8Icb6MYqhoq9xLXw"]},{"@type":"Person","@id":"https:\/\/informelitoral.com.ar\/#\/schema\/person\/b9d00407c836482871ef1d57bf8e3180","name":"Gonzalo Schmidt","image":{"@type":"ImageObject","inLanguage":"es","@id":"https:\/\/secure.gravatar.com\/avatar\/31a1a7b66ff2de83bd0e9fd79d026630d2d99e55e8bfe501287647b4fd9743de?s=96&d=mm&r=g","url":"https:\/\/secure.gravatar.com\/avatar\/31a1a7b66ff2de83bd0e9fd79d026630d2d99e55e8bfe501287647b4fd9743de?s=96&d=mm&r=g","contentUrl":"https:\/\/secure.gravatar.com\/avatar\/31a1a7b66ff2de83bd0e9fd79d026630d2d99e55e8bfe501287647b4fd9743de?s=96&d=mm&r=g","caption":"Gonzalo Schmidt"},"description":"Sitio web de noticias de la provincia de Entre R\u00edos, Argentina. Informaci\u00f3n y entretenimiento. Informe Litoral, nos informamos.","sameAs":["http:\/\/www.isletasnoticias.com.ar"],"url":"https:\/\/informelitoral.com.ar\/author\/gonzalo\/"}]}},"_links":{"self":[{"href":"https:\/\/informelitoral.com.ar\/%77%70%2d%6a%73%6f%6e\/wp\/v2\/posts\/16352","targetHints":{"allow":["GET"]}}],"collection":[{"href":"https:\/\/informelitoral.com.ar\/%77%70%2d%6a%73%6f%6e\/wp\/v2\/posts"}],"about":[{"href":"https:\/\/informelitoral.com.ar\/%77%70%2d%6a%73%6f%6e\/wp\/v2\/types\/post"}],"author":[{"embeddable":true,"href":"https:\/\/informelitoral.com.ar\/%77%70%2d%6a%73%6f%6e\/wp\/v2\/users\/2"}],"replies":[{"embeddable":true,"href":"https:\/\/informelitoral.com.ar\/%77%70%2d%6a%73%6f%6e\/wp\/v2\/comments?post=16352"}],"version-history":[{"count":0,"href":"https:\/\/informelitoral.com.ar\/%77%70%2d%6a%73%6f%6e\/wp\/v2\/posts\/16352\/revisions"}],"wp:attachment":[{"href":"https:\/\/informelitoral.com.ar\/%77%70%2d%6a%73%6f%6e\/wp\/v2\/media?parent=16352"}],"wp:term":[{"taxonomy":"category","embeddable":true,"href":"https:\/\/informelitoral.com.ar\/%77%70%2d%6a%73%6f%6e\/wp\/v2\/categories?post=16352"},{"taxonomy":"post_tag","embeddable":true,"href":"https:\/\/informelitoral.com.ar\/%77%70%2d%6a%73%6f%6e\/wp\/v2\/tags?post=16352"}],"curies":[{"name":"wp","href":"https:\/\/api.w.org\/{rel}","templated":true}]}}